{"id":2062,"date":"2013-10-22T09:45:53","date_gmt":"2013-10-22T12:45:53","guid":{"rendered":"http:\/\/medicina.udd.cl\/fonoaudiologia-santiago\/?p=2062"},"modified":"2013-10-24T11:27:09","modified_gmt":"2013-10-24T14:27:09","slug":"dia-mundial-de-la-tartamudez-alternativas-para-tratar-este-trastorno","status":"publish","type":"post","link":"https:\/\/medicina.udd.cl\/fonoaudiologia-santiago\/noticias\/2013\/10\/22\/dia-mundial-de-la-tartamudez-alternativas-para-tratar-este-trastorno\/","title":{"rendered":"D\u00eda Mundial de la Tartamudez: alternativas para tratar este trastorno"},"content":{"rendered":"<p>El manejo psicol\u00f3gico, respiratorio y el apoyo de la familia son fundamentales a la hora de tratar la tartumudez, un trastorno que afecta a casi el 1% de la poblaci\u00f3n adulta y que puede generar diversos problemas de comunicaci\u00f3n y sociabilizaci\u00f3n.<\/p>\n<p>A estos tratamientos se suma un <strong>dispositivo tecnol\u00f3gico de retroalimentaci\u00f3n retardada<\/strong> que en Chile s\u00f3lo es utilizado por el <strong>fonoaudi\u00f3logo <a href=\"http:\/\/medicina.udd.cl\/fonoaudiologia-santiago\/persona\/ivan-castillo-caceres\/\" target=\"_blank\">Iv\u00e1n Castillo<\/a>, docente UDD y coordinador del<a href=\"http:\/\/medicina.udd.cl\/ver-curso\/curso-actualizacion-en-tartamudez-i\/\" target=\"_blank\">\u00a01er Curso de Actualizaci\u00f3n en Tartamudez<\/a> <\/strong>que se impartir\u00e1 entre el 25 y 26 de octubre en la Facultad de Medicina CAS-UDD.<\/p>\n<p>Conoce m\u00e1s de estos tratamientos en el art\u00edculo que public\u00f3 El Mercurio el martes 22 de octubre.<\/p>\n<p><a href=\"http:\/\/medicina.udd.cl\/fonoaudiologia-santiago\/files\/2013\/10\/D\u00eda-Mundial-de-la-Tartamudez-El-Mercurio.pdf\"><img loading=\"lazy\" decoding=\"async\" class=\"aligncenter size-medium wp-image-2063\" alt=\"D\u00eda de la Tartamudez - Reportaje El Mercurio\" src=\"http:\/\/medicina.udd.cl\/fonoaudiologia-santiago\/files\/2013\/10\/D\u00eda-de-la-Tartamudez-Reportaje-El-Mercurio-300x222.jpg\" width=\"300\" height=\"222\" srcset=\"https:\/\/medicina.udd.cl\/fonoaudiologia-santiago\/files\/2013\/10\/D\u00eda-de-la-Tartamudez-Reportaje-El-Mercurio-300x222.jpg 300w, https:\/\/medicina.udd.cl\/fonoaudiologia-santiago\/files\/2013\/10\/D\u00eda-de-la-Tartamudez-Reportaje-El-Mercurio-768x568.jpg 768w, https:\/\/medicina.udd.cl\/fonoaudiologia-santiago\/files\/2013\/10\/D\u00eda-de-la-Tartamudez-Reportaje-El-Mercurio-1024x758.jpg 1024w, https:\/\/medicina.udd.cl\/fonoaudiologia-santiago\/files\/2013\/10\/D\u00eda-de-la-Tartamudez-Reportaje-El-Mercurio-960x710.jpg 960w, https:\/\/medicina.udd.cl\/fonoaudiologia-santiago\/files\/2013\/10\/D\u00eda-de-la-Tartamudez-Reportaje-El-Mercurio.jpg 1231w\" sizes=\"auto, (max-width: 300px) 100vw, 300px\" \/><\/a><\/p>\n","protected":false},"excerpt":{"rendered":"<p>Iv\u00e1n Castillo, docente de Fonoaudiolog\u00eda UDD, explica a El Mercurio el tratamiento tecnol\u00f3gico que utiliza con sus pacientes. <\/p>\n","protected":false},"author":40,"featured_media":2066,"comment_status":"open","ping_status":"open","sticky":false,"template":"","format":"standard","meta":{"footnotes":""},"categories":[4],"tags":[],"class_list":["post-2062","post","type-post","status-publish","format-standard","has-post-thumbnail","hentry","category-noticias"],"yoast_head":"<!-- This site is optimized with the Yoast SEO plugin v26.9 - https:\/\/yoast.com\/product\/yoast-seo-wordpress\/ -->\n<title>D\u00eda Mundial de la Tartamudez - Fonoaudiolog\u00eda UDD<\/title>\n<meta name=\"description\" content=\"Iv\u00e1n Castillo, docente de Fonoaudiolog\u00eda UDD, explica a El Mercurio el tratamiento tecnol\u00f3gico que utiliza con sus pacientes para disminuir este trastorno.\" \/>\n<meta name=\"robots\" content=\"index, follow, max-snippet:-1, max-image-preview:large, max-video-preview:-1\" \/>\n<link rel=\"canonical\" href=\"https:\/\/medicina.udd.cl\/fonoaudiologia-santiago\/noticias\/2013\/10\/22\/dia-mundial-de-la-tartamudez-alternativas-para-tratar-este-trastorno\/\" \/>\n<meta property=\"og:locale\" content=\"es_ES\" \/>\n<meta property=\"og:type\" content=\"article\" \/>\n<meta property=\"og:title\" content=\"D\u00eda Mundial de la Tartamudez - Fonoaudiolog\u00eda UDD\" \/>\n<meta property=\"og:description\" content=\"Iv\u00e1n Castillo, docente de Fonoaudiolog\u00eda UDD, explica a El Mercurio el tratamiento tecnol\u00f3gico que utiliza con sus pacientes para disminuir este trastorno.\" \/>\n<meta property=\"og:url\" content=\"https:\/\/medicina.udd.cl\/fonoaudiologia-santiago\/noticias\/2013\/10\/22\/dia-mundial-de-la-tartamudez-alternativas-para-tratar-este-trastorno\/\" \/>\n<meta property=\"og:site_name\" content=\"Fonoaudiolog\u00eda\" \/>\n<meta property=\"article:published_time\" content=\"2013-10-22T12:45:53+00:00\" \/>\n<meta property=\"article:modified_time\" content=\"2013-10-24T14:27:09+00:00\" \/>\n<meta property=\"og:image\" content=\"https:\/\/medicina.udd.cl\/fonoaudiologia-santiago\/files\/2013\/10\/El-discurso-del-Rey.jpg\" \/>\n\t<meta property=\"og:image:width\" content=\"418\" \/>\n\t<meta property=\"og:image:height\" content=\"324\" \/>\n\t<meta property=\"og:image:type\" content=\"image\/jpeg\" \/>\n<meta name=\"twitter:label1\" content=\"Escrito por\" \/>\n\t<meta name=\"twitter:data1\" content=\"\" \/>\n\t<meta name=\"twitter:label2\" content=\"Tiempo de lectura\" \/>\n\t<meta name=\"twitter:data2\" content=\"1 minuto\" \/>\n<script type=\"application\/ld+json\" class=\"yoast-schema-graph\">{\"@context\":\"https:\/\/schema.org\",\"@graph\":[{\"@type\":\"Article\",\"@id\":\"https:\/\/medicina.udd.cl\/fonoaudiologia-santiago\/noticias\/2013\/10\/22\/dia-mundial-de-la-tartamudez-alternativas-para-tratar-este-trastorno\/#article\",\"isPartOf\":{\"@id\":\"https:\/\/medicina.udd.cl\/fonoaudiologia-santiago\/noticias\/2013\/10\/22\/dia-mundial-de-la-tartamudez-alternativas-para-tratar-este-trastorno\/\"},\"author\":{\"name\":\"\",\"@id\":\"\"},\"headline\":\"D\u00eda Mundial de la Tartamudez: alternativas para tratar este trastorno\",\"datePublished\":\"2013-10-22T12:45:53+00:00\",\"dateModified\":\"2013-10-24T14:27:09+00:00\",\"mainEntityOfPage\":{\"@id\":\"https:\/\/medicina.udd.cl\/fonoaudiologia-santiago\/noticias\/2013\/10\/22\/dia-mundial-de-la-tartamudez-alternativas-para-tratar-este-trastorno\/\"},\"wordCount\":126,\"commentCount\":0,\"image\":{\"@id\":\"https:\/\/medicina.udd.cl\/fonoaudiologia-santiago\/noticias\/2013\/10\/22\/dia-mundial-de-la-tartamudez-alternativas-para-tratar-este-trastorno\/#primaryimage\"},\"thumbnailUrl\":\"https:\/\/medicina.udd.cl\/fonoaudiologia-santiago\/files\/2013\/10\/El-discurso-del-Rey.jpg\",\"articleSection\":[\"Noticias\"],\"inLanguage\":\"es\",\"potentialAction\":[{\"@type\":\"CommentAction\",\"name\":\"Comment\",\"target\":[\"https:\/\/medicina.udd.cl\/fonoaudiologia-santiago\/noticias\/2013\/10\/22\/dia-mundial-de-la-tartamudez-alternativas-para-tratar-este-trastorno\/#respond\"]}]},{\"@type\":\"WebPage\",\"@id\":\"https:\/\/medicina.udd.cl\/fonoaudiologia-santiago\/noticias\/2013\/10\/22\/dia-mundial-de-la-tartamudez-alternativas-para-tratar-este-trastorno\/\",\"url\":\"https:\/\/medicina.udd.cl\/fonoaudiologia-santiago\/noticias\/2013\/10\/22\/dia-mundial-de-la-tartamudez-alternativas-para-tratar-este-trastorno\/\",\"name\":\"D\u00eda Mundial de la Tartamudez - Fonoaudiolog\u00eda UDD\",\"isPartOf\":{\"@id\":\"https:\/\/medicina.udd.cl\/fonoaudiologia-santiago\/#website\"},\"primaryImageOfPage\":{\"@id\":\"https:\/\/medicina.udd.cl\/fonoaudiologia-santiago\/noticias\/2013\/10\/22\/dia-mundial-de-la-tartamudez-alternativas-para-tratar-este-trastorno\/#primaryimage\"},\"image\":{\"@id\":\"https:\/\/medicina.udd.cl\/fonoaudiologia-santiago\/noticias\/2013\/10\/22\/dia-mundial-de-la-tartamudez-alternativas-para-tratar-este-trastorno\/#primaryimage\"},\"thumbnailUrl\":\"https:\/\/medicina.udd.cl\/fonoaudiologia-santiago\/files\/2013\/10\/El-discurso-del-Rey.jpg\",\"datePublished\":\"2013-10-22T12:45:53+00:00\",\"dateModified\":\"2013-10-24T14:27:09+00:00\",\"author\":{\"@id\":\"\"},\"description\":\"Iv\u00e1n Castillo, docente de Fonoaudiolog\u00eda UDD, explica a El Mercurio el tratamiento tecnol\u00f3gico que utiliza con sus pacientes para disminuir este trastorno.\",\"breadcrumb\":{\"@id\":\"https:\/\/medicina.udd.cl\/fonoaudiologia-santiago\/noticias\/2013\/10\/22\/dia-mundial-de-la-tartamudez-alternativas-para-tratar-este-trastorno\/#breadcrumb\"},\"inLanguage\":\"es\",\"potentialAction\":[{\"@type\":\"ReadAction\",\"target\":[\"https:\/\/medicina.udd.cl\/fonoaudiologia-santiago\/noticias\/2013\/10\/22\/dia-mundial-de-la-tartamudez-alternativas-para-tratar-este-trastorno\/\"]}]},{\"@type\":\"ImageObject\",\"inLanguage\":\"es\",\"@id\":\"https:\/\/medicina.udd.cl\/fonoaudiologia-santiago\/noticias\/2013\/10\/22\/dia-mundial-de-la-tartamudez-alternativas-para-tratar-este-trastorno\/#primaryimage\",\"url\":\"https:\/\/medicina.udd.cl\/fonoaudiologia-santiago\/files\/2013\/10\/El-discurso-del-Rey.jpg\",\"contentUrl\":\"https:\/\/medicina.udd.cl\/fonoaudiologia-santiago\/files\/2013\/10\/El-discurso-del-Rey.jpg\",\"width\":418,\"height\":324},{\"@type\":\"BreadcrumbList\",\"@id\":\"https:\/\/medicina.udd.cl\/fonoaudiologia-santiago\/noticias\/2013\/10\/22\/dia-mundial-de-la-tartamudez-alternativas-para-tratar-este-trastorno\/#breadcrumb\",\"itemListElement\":[{\"@type\":\"ListItem\",\"position\":1,\"name\":\"Home\",\"item\":\"https:\/\/medicina.udd.cl\/fonoaudiologia-santiago\/\"},{\"@type\":\"ListItem\",\"position\":2,\"name\":\"D\u00eda Mundial de la Tartamudez: alternativas para tratar este trastorno\"}]},{\"@type\":\"WebSite\",\"@id\":\"https:\/\/medicina.udd.cl\/fonoaudiologia-santiago\/#website\",\"url\":\"https:\/\/medicina.udd.cl\/fonoaudiologia-santiago\/\",\"name\":\"Fonoaudiolog\u00eda\",\"description\":\"Facultad de Medicina Cl\u00ednica Alemana Universidad del Desarrollo\",\"inLanguage\":\"es\"},{\"@type\":\"Person\",\"@id\":\"\",\"url\":\"https:\/\/medicina.udd.cl\/fonoaudiologia-santiago\/noticias\/author\/\"}]}<\/script>\n<!-- \/ Yoast SEO plugin. -->","yoast_head_json":{"title":"D\u00eda Mundial de la Tartamudez - Fonoaudiolog\u00eda UDD","description":"Iv\u00e1n Castillo, docente de Fonoaudiolog\u00eda UDD, explica a El Mercurio el tratamiento tecnol\u00f3gico que utiliza con sus pacientes para disminuir este trastorno.","robots":{"index":"index","follow":"follow","max-snippet":"max-snippet:-1","max-image-preview":"max-image-preview:large","max-video-preview":"max-video-preview:-1"},"canonical":"https:\/\/medicina.udd.cl\/fonoaudiologia-santiago\/noticias\/2013\/10\/22\/dia-mundial-de-la-tartamudez-alternativas-para-tratar-este-trastorno\/","og_locale":"es_ES","og_type":"article","og_title":"D\u00eda Mundial de la Tartamudez - Fonoaudiolog\u00eda UDD","og_description":"Iv\u00e1n Castillo, docente de Fonoaudiolog\u00eda UDD, explica a El Mercurio el tratamiento tecnol\u00f3gico que utiliza con sus pacientes para disminuir este trastorno.","og_url":"https:\/\/medicina.udd.cl\/fonoaudiologia-santiago\/noticias\/2013\/10\/22\/dia-mundial-de-la-tartamudez-alternativas-para-tratar-este-trastorno\/","og_site_name":"Fonoaudiolog\u00eda","article_published_time":"2013-10-22T12:45:53+00:00","article_modified_time":"2013-10-24T14:27:09+00:00","og_image":[{"width":418,"height":324,"url":"https:\/\/medicina.udd.cl\/fonoaudiologia-santiago\/files\/2013\/10\/El-discurso-del-Rey.jpg","type":"image\/jpeg"}],"twitter_misc":{"Escrito por":"","Tiempo de lectura":"1 minuto"},"schema":{"@context":"https:\/\/schema.org","@graph":[{"@type":"Article","@id":"https:\/\/medicina.udd.cl\/fonoaudiologia-santiago\/noticias\/2013\/10\/22\/dia-mundial-de-la-tartamudez-alternativas-para-tratar-este-trastorno\/#article","isPartOf":{"@id":"https:\/\/medicina.udd.cl\/fonoaudiologia-santiago\/noticias\/2013\/10\/22\/dia-mundial-de-la-tartamudez-alternativas-para-tratar-este-trastorno\/"},"author":{"name":"","@id":""},"headline":"D\u00eda Mundial de la Tartamudez: alternativas para tratar este trastorno","datePublished":"2013-10-22T12:45:53+00:00","dateModified":"2013-10-24T14:27:09+00:00","mainEntityOfPage":{"@id":"https:\/\/medicina.udd.cl\/fonoaudiologia-santiago\/noticias\/2013\/10\/22\/dia-mundial-de-la-tartamudez-alternativas-para-tratar-este-trastorno\/"},"wordCount":126,"commentCount":0,"image":{"@id":"https:\/\/medicina.udd.cl\/fonoaudiologia-santiago\/noticias\/2013\/10\/22\/dia-mundial-de-la-tartamudez-alternativas-para-tratar-este-trastorno\/#primaryimage"},"thumbnailUrl":"https:\/\/medicina.udd.cl\/fonoaudiologia-santiago\/files\/2013\/10\/El-discurso-del-Rey.jpg","articleSection":["Noticias"],"inLanguage":"es","potentialAction":[{"@type":"CommentAction","name":"Comment","target":["https:\/\/medicina.udd.cl\/fonoaudiologia-santiago\/noticias\/2013\/10\/22\/dia-mundial-de-la-tartamudez-alternativas-para-tratar-este-trastorno\/#respond"]}]},{"@type":"WebPage","@id":"https:\/\/medicina.udd.cl\/fonoaudiologia-santiago\/noticias\/2013\/10\/22\/dia-mundial-de-la-tartamudez-alternativas-para-tratar-este-trastorno\/","url":"https:\/\/medicina.udd.cl\/fonoaudiologia-santiago\/noticias\/2013\/10\/22\/dia-mundial-de-la-tartamudez-alternativas-para-tratar-este-trastorno\/","name":"D\u00eda Mundial de la Tartamudez - Fonoaudiolog\u00eda UDD","isPartOf":{"@id":"https:\/\/medicina.udd.cl\/fonoaudiologia-santiago\/#website"},"primaryImageOfPage":{"@id":"https:\/\/medicina.udd.cl\/fonoaudiologia-santiago\/noticias\/2013\/10\/22\/dia-mundial-de-la-tartamudez-alternativas-para-tratar-este-trastorno\/#primaryimage"},"image":{"@id":"https:\/\/medicina.udd.cl\/fonoaudiologia-santiago\/noticias\/2013\/10\/22\/dia-mundial-de-la-tartamudez-alternativas-para-tratar-este-trastorno\/#primaryimage"},"thumbnailUrl":"https:\/\/medicina.udd.cl\/fonoaudiologia-santiago\/files\/2013\/10\/El-discurso-del-Rey.jpg","datePublished":"2013-10-22T12:45:53+00:00","dateModified":"2013-10-24T14:27:09+00:00","author":{"@id":""},"description":"Iv\u00e1n Castillo, docente de Fonoaudiolog\u00eda UDD, explica a El Mercurio el tratamiento tecnol\u00f3gico que utiliza con sus pacientes para disminuir este trastorno.","breadcrumb":{"@id":"https:\/\/medicina.udd.cl\/fonoaudiologia-santiago\/noticias\/2013\/10\/22\/dia-mundial-de-la-tartamudez-alternativas-para-tratar-este-trastorno\/#breadcrumb"},"inLanguage":"es","potentialAction":[{"@type":"ReadAction","target":["https:\/\/medicina.udd.cl\/fonoaudiologia-santiago\/noticias\/2013\/10\/22\/dia-mundial-de-la-tartamudez-alternativas-para-tratar-este-trastorno\/"]}]},{"@type":"ImageObject","inLanguage":"es","@id":"https:\/\/medicina.udd.cl\/fonoaudiologia-santiago\/noticias\/2013\/10\/22\/dia-mundial-de-la-tartamudez-alternativas-para-tratar-este-trastorno\/#primaryimage","url":"https:\/\/medicina.udd.cl\/fonoaudiologia-santiago\/files\/2013\/10\/El-discurso-del-Rey.jpg","contentUrl":"https:\/\/medicina.udd.cl\/fonoaudiologia-santiago\/files\/2013\/10\/El-discurso-del-Rey.jpg","width":418,"height":324},{"@type":"BreadcrumbList","@id":"https:\/\/medicina.udd.cl\/fonoaudiologia-santiago\/noticias\/2013\/10\/22\/dia-mundial-de-la-tartamudez-alternativas-para-tratar-este-trastorno\/#breadcrumb","itemListElement":[{"@type":"ListItem","position":1,"name":"Home","item":"https:\/\/medicina.udd.cl\/fonoaudiologia-santiago\/"},{"@type":"ListItem","position":2,"name":"D\u00eda Mundial de la Tartamudez: alternativas para tratar este trastorno"}]},{"@type":"WebSite","@id":"https:\/\/medicina.udd.cl\/fonoaudiologia-santiago\/#website","url":"https:\/\/medicina.udd.cl\/fonoaudiologia-santiago\/","name":"Fonoaudiolog\u00eda","description":"Facultad de Medicina Cl\u00ednica Alemana Universidad del Desarrollo","inLanguage":"es"},{"@type":"Person","@id":"","url":"https:\/\/medicina.udd.cl\/fonoaudiologia-santiago\/noticias\/author\/"}]}},"featured_image_url":"https:\/\/medicina.udd.cl\/fonoaudiologia-santiago\/files\/2013\/10\/El-discurso-del-Rey.jpg","_links":{"self":[{"href":"https:\/\/medicina.udd.cl\/fonoaudiologia-santiago\/wp-json\/wp\/v2\/posts\/2062","targetHints":{"allow":["GET"]}}],"collection":[{"href":"https:\/\/medicina.udd.cl\/fonoaudiologia-santiago\/wp-json\/wp\/v2\/posts"}],"about":[{"href":"https:\/\/medicina.udd.cl\/fonoaudiologia-santiago\/wp-json\/wp\/v2\/types\/post"}],"author":[{"embeddable":true,"href":"https:\/\/medicina.udd.cl\/fonoaudiologia-santiago\/wp-json\/wp\/v2\/users\/40"}],"replies":[{"embeddable":true,"href":"https:\/\/medicina.udd.cl\/fonoaudiologia-santiago\/wp-json\/wp\/v2\/comments?post=2062"}],"version-history":[{"count":3,"href":"https:\/\/medicina.udd.cl\/fonoaudiologia-santiago\/wp-json\/wp\/v2\/posts\/2062\/revisions"}],"predecessor-version":[{"id":2089,"href":"https:\/\/medicina.udd.cl\/fonoaudiologia-santiago\/wp-json\/wp\/v2\/posts\/2062\/revisions\/2089"}],"wp:featuredmedia":[{"embeddable":true,"href":"https:\/\/medicina.udd.cl\/fonoaudiologia-santiago\/wp-json\/wp\/v2\/media\/2066"}],"wp:attachment":[{"href":"https:\/\/medicina.udd.cl\/fonoaudiologia-santiago\/wp-json\/wp\/v2\/media?parent=2062"}],"wp:term":[{"taxonomy":"category","embeddable":true,"href":"https:\/\/medicina.udd.cl\/fonoaudiologia-santiago\/wp-json\/wp\/v2\/categories?post=2062"},{"taxonomy":"post_tag","embeddable":true,"href":"https:\/\/medicina.udd.cl\/fonoaudiologia-santiago\/wp-json\/wp\/v2\/tags?post=2062"}],"curies":[{"name":"wp","href":"https:\/\/api.w.org\/{rel}","templated":true}]}}