{"id":2069,"date":"2013-10-23T12:09:44","date_gmt":"2013-10-23T15:09:44","guid":{"rendered":"http:\/\/medicina.udd.cl\/fonoaudiologia-santiago\/?p=2069"},"modified":"2013-10-23T12:24:26","modified_gmt":"2013-10-23T15:24:26","slug":"estudiantes-de-fonoaudiologia-de-distintas-partes-de-chile-se-reunen-en-la-udd","status":"publish","type":"post","link":"https:\/\/medicina.udd.cl\/fonoaudiologia-santiago\/noticias\/2013\/10\/23\/estudiantes-de-fonoaudiologia-de-distintas-partes-de-chile-se-reunen-en-la-udd\/","title":{"rendered":"Estudiantes de Fonoaudiolog\u00eda de distintas partes de Chile se re\u00fanen en la UDD"},"content":{"rendered":"<div id=\"gallery-1\" class=\"carousel slide carousel-gallery\" data-ride=\"false\" data-interval=\"false\"><div class=\"carousel-inner\" role=\"listbox\"><figure class=\"carousel-item active\"><img loading=\"lazy\" decoding=\"async\" width=\"801\" height=\"534\" src=\"https:\/\/medicina.udd.cl\/fonoaudiologia-santiago\/files\/2013\/10\/Directora-Fonoudiolog\u00eda-Concepci\u00f3n-Rodrigo-Trujillo-directora-Fonoudiolog\u00eda-Santiago-estudiante-Felipe-Mu\u00f1oz-coordinadora-Fonoaudiolog\u00eda-Santiago-y-estudiantes-presentadores-del-evento.jpg\" class=\"attachment-landscape_952 size-landscape_952\" alt=\"\" srcset=\"https:\/\/medicina.udd.cl\/fonoaudiologia-santiago\/files\/2013\/10\/Directora-Fonoudiolog\u00eda-Concepci\u00f3n-Rodrigo-Trujillo-directora-Fonoudiolog\u00eda-Santiago-estudiante-Felipe-Mu\u00f1oz-coordinadora-Fonoaudiolog\u00eda-Santiago-y-estudiantes-presentadores-del-evento.jpg 3456w, https:\/\/medicina.udd.cl\/fonoaudiologia-santiago\/files\/2013\/10\/Directora-Fonoudiolog\u00eda-Concepci\u00f3n-Rodrigo-Trujillo-directora-Fonoudiolog\u00eda-Santiago-estudiante-Felipe-Mu\u00f1oz-coordinadora-Fonoaudiolog\u00eda-Santiago-y-estudiantes-presentadores-del-evento-300x200.jpg 300w, https:\/\/medicina.udd.cl\/fonoaudiologia-santiago\/files\/2013\/10\/Directora-Fonoudiolog\u00eda-Concepci\u00f3n-Rodrigo-Trujillo-directora-Fonoudiolog\u00eda-Santiago-estudiante-Felipe-Mu\u00f1oz-coordinadora-Fonoaudiolog\u00eda-Santiago-y-estudiantes-presentadores-del-evento-768x512.jpg 768w, https:\/\/medicina.udd.cl\/fonoaudiologia-santiago\/files\/2013\/10\/Directora-Fonoudiolog\u00eda-Concepci\u00f3n-Rodrigo-Trujillo-directora-Fonoudiolog\u00eda-Santiago-estudiante-Felipe-Mu\u00f1oz-coordinadora-Fonoaudiolog\u00eda-Santiago-y-estudiantes-presentadores-del-evento-1024x683.jpg 1024w, https:\/\/medicina.udd.cl\/fonoaudiologia-santiago\/files\/2013\/10\/Directora-Fonoudiolog\u00eda-Concepci\u00f3n-Rodrigo-Trujillo-directora-Fonoudiolog\u00eda-Santiago-estudiante-Felipe-Mu\u00f1oz-coordinadora-Fonoaudiolog\u00eda-Santiago-y-estudiantes-presentadores-del-evento-960x640.jpg 960w\" sizes=\"auto, (max-width: 801px) 100vw, 801px\" \/><\/figure><figure class=\"carousel-item\"><img loading=\"lazy\" decoding=\"async\" width=\"801\" height=\"534\" src=\"https:\/\/medicina.udd.cl\/fonoaudiologia-santiago\/files\/2013\/10\/Estudiantes-de-la-Universidad-Internacional-Sek.jpg\" class=\"attachment-landscape_952 size-landscape_952\" alt=\"\" srcset=\"https:\/\/medicina.udd.cl\/fonoaudiologia-santiago\/files\/2013\/10\/Estudiantes-de-la-Universidad-Internacional-Sek.jpg 3456w, https:\/\/medicina.udd.cl\/fonoaudiologia-santiago\/files\/2013\/10\/Estudiantes-de-la-Universidad-Internacional-Sek-300x200.jpg 300w, https:\/\/medicina.udd.cl\/fonoaudiologia-santiago\/files\/2013\/10\/Estudiantes-de-la-Universidad-Internacional-Sek-768x512.jpg 768w, https:\/\/medicina.udd.cl\/fonoaudiologia-santiago\/files\/2013\/10\/Estudiantes-de-la-Universidad-Internacional-Sek-1024x683.jpg 1024w, https:\/\/medicina.udd.cl\/fonoaudiologia-santiago\/files\/2013\/10\/Estudiantes-de-la-Universidad-Internacional-Sek-960x640.jpg 960w\" sizes=\"auto, (max-width: 801px) 100vw, 801px\" \/><\/figure><figure class=\"carousel-item\"><img loading=\"lazy\" decoding=\"async\" width=\"952\" height=\"468\" src=\"https:\/\/medicina.udd.cl\/fonoaudiologia-santiago\/files\/2013\/10\/Estudiantes-expositores.jpg\" class=\"attachment-landscape_952 size-landscape_952\" alt=\"\" srcset=\"https:\/\/medicina.udd.cl\/fonoaudiologia-santiago\/files\/2013\/10\/Estudiantes-expositores.jpg 3055w, https:\/\/medicina.udd.cl\/fonoaudiologia-santiago\/files\/2013\/10\/Estudiantes-expositores-300x147.jpg 300w, https:\/\/medicina.udd.cl\/fonoaudiologia-santiago\/files\/2013\/10\/Estudiantes-expositores-768x378.jpg 768w, https:\/\/medicina.udd.cl\/fonoaudiologia-santiago\/files\/2013\/10\/Estudiantes-expositores-1024x503.jpg 1024w, https:\/\/medicina.udd.cl\/fonoaudiologia-santiago\/files\/2013\/10\/Estudiantes-expositores-960x472.jpg 960w\" sizes=\"auto, (max-width: 952px) 100vw, 952px\" \/><\/figure><figure class=\"carousel-item\"><img loading=\"lazy\" decoding=\"async\" width=\"637\" height=\"534\" src=\"https:\/\/medicina.udd.cl\/fonoaudiologia-santiago\/files\/2013\/10\/Estudiantes-UDD-Santiago.jpg\" class=\"attachment-landscape_952 size-landscape_952\" alt=\"\" srcset=\"https:\/\/medicina.udd.cl\/fonoaudiologia-santiago\/files\/2013\/10\/Estudiantes-UDD-Santiago.jpg 2469w, https:\/\/medicina.udd.cl\/fonoaudiologia-santiago\/files\/2013\/10\/Estudiantes-UDD-Santiago-300x252.jpg 300w, https:\/\/medicina.udd.cl\/fonoaudiologia-santiago\/files\/2013\/10\/Estudiantes-UDD-Santiago-768x644.jpg 768w, https:\/\/medicina.udd.cl\/fonoaudiologia-santiago\/files\/2013\/10\/Estudiantes-UDD-Santiago-1024x859.jpg 1024w, https:\/\/medicina.udd.cl\/fonoaudiologia-santiago\/files\/2013\/10\/Estudiantes-UDD-Santiago-960x805.jpg 960w\" sizes=\"auto, (max-width: 637px) 100vw, 637px\" \/><\/figure><figure class=\"carousel-item\"><img loading=\"lazy\" decoding=\"async\" width=\"748\" height=\"534\" src=\"https:\/\/medicina.udd.cl\/fonoaudiologia-santiago\/files\/2013\/10\/Presentaci\u00f3n-de-la-Universidad-Mayor.jpg\" class=\"attachment-landscape_952 size-landscape_952\" alt=\"\" srcset=\"https:\/\/medicina.udd.cl\/fonoaudiologia-santiago\/files\/2013\/10\/Presentaci\u00f3n-de-la-Universidad-Mayor.jpg 2528w, https:\/\/medicina.udd.cl\/fonoaudiologia-santiago\/files\/2013\/10\/Presentaci\u00f3n-de-la-Universidad-Mayor-300x214.jpg 300w, https:\/\/medicina.udd.cl\/fonoaudiologia-santiago\/files\/2013\/10\/Presentaci\u00f3n-de-la-Universidad-Mayor-768x548.jpg 768w, https:\/\/medicina.udd.cl\/fonoaudiologia-santiago\/files\/2013\/10\/Presentaci\u00f3n-de-la-Universidad-Mayor-1024x731.jpg 1024w, https:\/\/medicina.udd.cl\/fonoaudiologia-santiago\/files\/2013\/10\/Presentaci\u00f3n-de-la-Universidad-Mayor-286x205.jpg 286w, https:\/\/medicina.udd.cl\/fonoaudiologia-santiago\/files\/2013\/10\/Presentaci\u00f3n-de-la-Universidad-Mayor-87x62.jpg 87w, https:\/\/medicina.udd.cl\/fonoaudiologia-santiago\/files\/2013\/10\/Presentaci\u00f3n-de-la-Universidad-Mayor-960x685.jpg 960w\" sizes=\"auto, (max-width: 748px) 100vw, 748px\" \/><\/figure><figure class=\"carousel-item\"><img loading=\"lazy\" decoding=\"async\" width=\"592\" height=\"534\" src=\"https:\/\/medicina.udd.cl\/fonoaudiologia-santiago\/files\/2013\/10\/Presentaci\u00f3n-musical.jpg\" class=\"attachment-landscape_952 size-landscape_952\" alt=\"\" srcset=\"https:\/\/medicina.udd.cl\/fonoaudiologia-santiago\/files\/2013\/10\/Presentaci\u00f3n-musical.jpg 2000w, https:\/\/medicina.udd.cl\/fonoaudiologia-santiago\/files\/2013\/10\/Presentaci\u00f3n-musical-300x271.jpg 300w, https:\/\/medicina.udd.cl\/fonoaudiologia-santiago\/files\/2013\/10\/Presentaci\u00f3n-musical-768x693.jpg 768w, https:\/\/medicina.udd.cl\/fonoaudiologia-santiago\/files\/2013\/10\/Presentaci\u00f3n-musical-1024x924.jpg 1024w, https:\/\/medicina.udd.cl\/fonoaudiologia-santiago\/files\/2013\/10\/Presentaci\u00f3n-musical-960x866.jpg 960w\" sizes=\"auto, (max-width: 592px) 100vw, 592px\" \/><\/figure><\/div><footer class=\"carousel-footer\"><div class=\"carousel-counter\"><span class=\"carousel-counter-current\"><\/span> \/ <span class=\"carousel-counter-total\"><\/span><\/div><a class=\"carousel-control-prev\" href=\"#gallery-1\" role=\"button\" data-slide=\"prev\"><svg aria-hidden=\"true\" class=\"svg-chevron-left-dims\"><use xlink:href='https:\/\/medicina.udd.cl\/fonoaudiologia-santiago\/wp-content\/themes\/facultades-2018\/assets\/img\/svg\/dist\/main.svg?version=1695853099#chevron-left'><\/use><\/svg><span class=\"sr-only\">Anterior<\/span><\/a><a class=\"carousel-control-next\" href=\"#gallery-1\" role=\"button\" data-slide=\"next\"><svg aria-hidden=\"true\" class=\"svg-chevron-right-dims\"><use xlink:href='https:\/\/medicina.udd.cl\/fonoaudiologia-santiago\/wp-content\/themes\/facultades-2018\/assets\/img\/svg\/dist\/main.svg?version=1695853099#chevron-right'><\/use><\/svg><span class=\"sr-only\">Siguiente<\/span><\/a><\/footer><\/div>\n<p>La Universidad del Desarrollo de Santiago y Concepci\u00f3n, Universidad de Chile, Mayor, Internacional SEK y Austral participaron en el V Congreso de Estudiantes de Fonoaudiolog\u00eda que organiza la Facultad de Medicina CAS-UDD.<\/p>\n<p>El tabaquismo en los j\u00f3venes, la prevalencia de la disfagia en pacientes despu\u00e9s de una intubaci\u00f3n o la p\u00e9rdida auditiva de los teleoperadores de call center, fueron algunos de los temas que se presentaron en esta instancia creada por el <strong>coordinador del \u00e1rea Ling\u00fc\u00edstica Rodrigo Trujillo y el Centro de Alumnos de Fonoaudiolog\u00eda<\/strong>, con el fin de ahondar m\u00e1s en la disciplina que los convoca y conocer lo que otras universidades est\u00e1n investigando.<\/p>\n<p>\u201cEstamos muy contentos. La gente que ha venido est\u00e1 realmente interesada y los temas que han expuesto han sido atingentes. Esa es la idea, crear un espacio de conversaci\u00f3n porque todos somos fonoaudi\u00f3logos y nos vamos a topar siempre en las mismas \u00e1reas\u201d, coment\u00f3 el profesor Rodrigo Trujillo.<\/p>\n<p>Al congreso, asisti\u00f3 la vicedecana de las Carreras de la Salud, doctora Liliana Jadue, y las directoras de Fonoaudiolog\u00eda UDD sedes Santiago y Concepci\u00f3n, Mar\u00eda Ang\u00e9lica L\u00f3pez y Mar\u00eda Cecilia Isla, respectivamente.<\/p>\n","protected":false},"excerpt":{"rendered":"<p>Cerca de una decena de investigaciones se presentaron en el quinto congreso que organiza el Centro de Alumnos de Fonoaudiolog\u00eda UDD en conjunto con el docente Rodrigo Trujillo.<\/p>\n","protected":false},"author":40,"featured_media":2071,"comment_status":"open","ping_status":"open","sticky":false,"template":"","format":"standard","meta":{"footnotes":""},"categories":[4],"tags":[],"class_list":["post-2069","post","type-post","status-publish","format-standard","has-post-thumbnail","hentry","category-noticias"],"yoast_head":"<!-- This site is optimized with the Yoast SEO plugin v26.9 - https:\/\/yoast.com\/product\/yoast-seo-wordpress\/ -->\n<title>V Congreso de Estudiantes de Fonoaudiolog\u00eda - UDD<\/title>\n<meta name=\"description\" content=\"Alumnos de distintas partes de Chile presentaron sus investigaciones en este encuentro organizado por la Facultad de Medicina CAS-UDD.\" \/>\n<meta name=\"robots\" content=\"index, follow, max-snippet:-1, max-image-preview:large, max-video-preview:-1\" \/>\n<link rel=\"canonical\" href=\"https:\/\/medicina.udd.cl\/fonoaudiologia-santiago\/noticias\/2013\/10\/23\/estudiantes-de-fonoaudiologia-de-distintas-partes-de-chile-se-reunen-en-la-udd\/\" \/>\n<meta property=\"og:locale\" content=\"es_ES\" \/>\n<meta property=\"og:type\" content=\"article\" \/>\n<meta property=\"og:title\" content=\"V Congreso de Estudiantes de Fonoaudiolog\u00eda - UDD\" \/>\n<meta property=\"og:description\" content=\"Alumnos de distintas partes de Chile presentaron sus investigaciones en este encuentro organizado por la Facultad de Medicina CAS-UDD.\" \/>\n<meta property=\"og:url\" content=\"https:\/\/medicina.udd.cl\/fonoaudiologia-santiago\/noticias\/2013\/10\/23\/estudiantes-de-fonoaudiologia-de-distintas-partes-de-chile-se-reunen-en-la-udd\/\" \/>\n<meta property=\"og:site_name\" content=\"Fonoaudiolog\u00eda\" \/>\n<meta property=\"article:published_time\" content=\"2013-10-23T15:09:44+00:00\" \/>\n<meta property=\"article:modified_time\" content=\"2013-10-23T15:24:26+00:00\" \/>\n<meta property=\"og:image\" content=\"https:\/\/medicina.udd.cl\/fonoaudiologia-santiago\/files\/2013\/10\/Estudiantes-de-la-Universidad-Internacional-Sek.jpg\" \/>\n\t<meta property=\"og:image:width\" content=\"3456\" \/>\n\t<meta property=\"og:image:height\" content=\"2304\" \/>\n\t<meta property=\"og:image:type\" content=\"image\/jpeg\" \/>\n<meta name=\"twitter:label1\" content=\"Escrito por\" \/>\n\t<meta name=\"twitter:data1\" content=\"\" \/>\n\t<meta name=\"twitter:label2\" content=\"Tiempo de lectura\" \/>\n\t<meta name=\"twitter:data2\" content=\"1 minuto\" \/>\n<script type=\"application\/ld+json\" class=\"yoast-schema-graph\">{\"@context\":\"https:\/\/schema.org\",\"@graph\":[{\"@type\":\"Article\",\"@id\":\"https:\/\/medicina.udd.cl\/fonoaudiologia-santiago\/noticias\/2013\/10\/23\/estudiantes-de-fonoaudiologia-de-distintas-partes-de-chile-se-reunen-en-la-udd\/#article\",\"isPartOf\":{\"@id\":\"https:\/\/medicina.udd.cl\/fonoaudiologia-santiago\/noticias\/2013\/10\/23\/estudiantes-de-fonoaudiologia-de-distintas-partes-de-chile-se-reunen-en-la-udd\/\"},\"author\":{\"name\":\"\",\"@id\":\"\"},\"headline\":\"Estudiantes de Fonoaudiolog\u00eda de distintas partes de Chile se re\u00fanen en la UDD\",\"datePublished\":\"2013-10-23T15:09:44+00:00\",\"dateModified\":\"2013-10-23T15:24:26+00:00\",\"mainEntityOfPage\":{\"@id\":\"https:\/\/medicina.udd.cl\/fonoaudiologia-santiago\/noticias\/2013\/10\/23\/estudiantes-de-fonoaudiologia-de-distintas-partes-de-chile-se-reunen-en-la-udd\/\"},\"wordCount\":220,\"commentCount\":0,\"image\":{\"@id\":\"https:\/\/medicina.udd.cl\/fonoaudiologia-santiago\/noticias\/2013\/10\/23\/estudiantes-de-fonoaudiologia-de-distintas-partes-de-chile-se-reunen-en-la-udd\/#primaryimage\"},\"thumbnailUrl\":\"https:\/\/medicina.udd.cl\/fonoaudiologia-santiago\/files\/2013\/10\/Estudiantes-de-la-Universidad-Internacional-Sek.jpg\",\"articleSection\":[\"Noticias\"],\"inLanguage\":\"es\",\"potentialAction\":[{\"@type\":\"CommentAction\",\"name\":\"Comment\",\"target\":[\"https:\/\/medicina.udd.cl\/fonoaudiologia-santiago\/noticias\/2013\/10\/23\/estudiantes-de-fonoaudiologia-de-distintas-partes-de-chile-se-reunen-en-la-udd\/#respond\"]}]},{\"@type\":\"WebPage\",\"@id\":\"https:\/\/medicina.udd.cl\/fonoaudiologia-santiago\/noticias\/2013\/10\/23\/estudiantes-de-fonoaudiologia-de-distintas-partes-de-chile-se-reunen-en-la-udd\/\",\"url\":\"https:\/\/medicina.udd.cl\/fonoaudiologia-santiago\/noticias\/2013\/10\/23\/estudiantes-de-fonoaudiologia-de-distintas-partes-de-chile-se-reunen-en-la-udd\/\",\"name\":\"V Congreso de Estudiantes de Fonoaudiolog\u00eda - UDD\",\"isPartOf\":{\"@id\":\"https:\/\/medicina.udd.cl\/fonoaudiologia-santiago\/#website\"},\"primaryImageOfPage\":{\"@id\":\"https:\/\/medicina.udd.cl\/fonoaudiologia-santiago\/noticias\/2013\/10\/23\/estudiantes-de-fonoaudiologia-de-distintas-partes-de-chile-se-reunen-en-la-udd\/#primaryimage\"},\"image\":{\"@id\":\"https:\/\/medicina.udd.cl\/fonoaudiologia-santiago\/noticias\/2013\/10\/23\/estudiantes-de-fonoaudiologia-de-distintas-partes-de-chile-se-reunen-en-la-udd\/#primaryimage\"},\"thumbnailUrl\":\"https:\/\/medicina.udd.cl\/fonoaudiologia-santiago\/files\/2013\/10\/Estudiantes-de-la-Universidad-Internacional-Sek.jpg\",\"datePublished\":\"2013-10-23T15:09:44+00:00\",\"dateModified\":\"2013-10-23T15:24:26+00:00\",\"author\":{\"@id\":\"\"},\"description\":\"Alumnos de distintas partes de Chile presentaron sus investigaciones en este encuentro organizado por la Facultad de Medicina CAS-UDD.\",\"breadcrumb\":{\"@id\":\"https:\/\/medicina.udd.cl\/fonoaudiologia-santiago\/noticias\/2013\/10\/23\/estudiantes-de-fonoaudiologia-de-distintas-partes-de-chile-se-reunen-en-la-udd\/#breadcrumb\"},\"inLanguage\":\"es\",\"potentialAction\":[{\"@type\":\"ReadAction\",\"target\":[\"https:\/\/medicina.udd.cl\/fonoaudiologia-santiago\/noticias\/2013\/10\/23\/estudiantes-de-fonoaudiologia-de-distintas-partes-de-chile-se-reunen-en-la-udd\/\"]}]},{\"@type\":\"ImageObject\",\"inLanguage\":\"es\",\"@id\":\"https:\/\/medicina.udd.cl\/fonoaudiologia-santiago\/noticias\/2013\/10\/23\/estudiantes-de-fonoaudiologia-de-distintas-partes-de-chile-se-reunen-en-la-udd\/#primaryimage\",\"url\":\"https:\/\/medicina.udd.cl\/fonoaudiologia-santiago\/files\/2013\/10\/Estudiantes-de-la-Universidad-Internacional-Sek.jpg\",\"contentUrl\":\"https:\/\/medicina.udd.cl\/fonoaudiologia-santiago\/files\/2013\/10\/Estudiantes-de-la-Universidad-Internacional-Sek.jpg\",\"width\":3456,\"height\":2304},{\"@type\":\"BreadcrumbList\",\"@id\":\"https:\/\/medicina.udd.cl\/fonoaudiologia-santiago\/noticias\/2013\/10\/23\/estudiantes-de-fonoaudiologia-de-distintas-partes-de-chile-se-reunen-en-la-udd\/#breadcrumb\",\"itemListElement\":[{\"@type\":\"ListItem\",\"position\":1,\"name\":\"Home\",\"item\":\"https:\/\/medicina.udd.cl\/fonoaudiologia-santiago\/\"},{\"@type\":\"ListItem\",\"position\":2,\"name\":\"Estudiantes de Fonoaudiolog\u00eda de distintas partes de Chile se re\u00fanen en la UDD\"}]},{\"@type\":\"WebSite\",\"@id\":\"https:\/\/medicina.udd.cl\/fonoaudiologia-santiago\/#website\",\"url\":\"https:\/\/medicina.udd.cl\/fonoaudiologia-santiago\/\",\"name\":\"Fonoaudiolog\u00eda\",\"description\":\"Facultad de Medicina Cl\u00ednica Alemana Universidad del Desarrollo\",\"inLanguage\":\"es\"},{\"@type\":\"Person\",\"@id\":\"\",\"url\":\"https:\/\/medicina.udd.cl\/fonoaudiologia-santiago\/noticias\/author\/\"}]}<\/script>\n<!-- \/ Yoast SEO plugin. -->","yoast_head_json":{"title":"V Congreso de Estudiantes de Fonoaudiolog\u00eda - UDD","description":"Alumnos de distintas partes de Chile presentaron sus investigaciones en este encuentro organizado por la Facultad de Medicina CAS-UDD.","robots":{"index":"index","follow":"follow","max-snippet":"max-snippet:-1","max-image-preview":"max-image-preview:large","max-video-preview":"max-video-preview:-1"},"canonical":"https:\/\/medicina.udd.cl\/fonoaudiologia-santiago\/noticias\/2013\/10\/23\/estudiantes-de-fonoaudiologia-de-distintas-partes-de-chile-se-reunen-en-la-udd\/","og_locale":"es_ES","og_type":"article","og_title":"V Congreso de Estudiantes de Fonoaudiolog\u00eda - UDD","og_description":"Alumnos de distintas partes de Chile presentaron sus investigaciones en este encuentro organizado por la Facultad de Medicina CAS-UDD.","og_url":"https:\/\/medicina.udd.cl\/fonoaudiologia-santiago\/noticias\/2013\/10\/23\/estudiantes-de-fonoaudiologia-de-distintas-partes-de-chile-se-reunen-en-la-udd\/","og_site_name":"Fonoaudiolog\u00eda","article_published_time":"2013-10-23T15:09:44+00:00","article_modified_time":"2013-10-23T15:24:26+00:00","og_image":[{"width":3456,"height":2304,"url":"https:\/\/medicina.udd.cl\/fonoaudiologia-santiago\/files\/2013\/10\/Estudiantes-de-la-Universidad-Internacional-Sek.jpg","type":"image\/jpeg"}],"twitter_misc":{"Escrito por":"","Tiempo de lectura":"1 minuto"},"schema":{"@context":"https:\/\/schema.org","@graph":[{"@type":"Article","@id":"https:\/\/medicina.udd.cl\/fonoaudiologia-santiago\/noticias\/2013\/10\/23\/estudiantes-de-fonoaudiologia-de-distintas-partes-de-chile-se-reunen-en-la-udd\/#article","isPartOf":{"@id":"https:\/\/medicina.udd.cl\/fonoaudiologia-santiago\/noticias\/2013\/10\/23\/estudiantes-de-fonoaudiologia-de-distintas-partes-de-chile-se-reunen-en-la-udd\/"},"author":{"name":"","@id":""},"headline":"Estudiantes de Fonoaudiolog\u00eda de distintas partes de Chile se re\u00fanen en la UDD","datePublished":"2013-10-23T15:09:44+00:00","dateModified":"2013-10-23T15:24:26+00:00","mainEntityOfPage":{"@id":"https:\/\/medicina.udd.cl\/fonoaudiologia-santiago\/noticias\/2013\/10\/23\/estudiantes-de-fonoaudiologia-de-distintas-partes-de-chile-se-reunen-en-la-udd\/"},"wordCount":220,"commentCount":0,"image":{"@id":"https:\/\/medicina.udd.cl\/fonoaudiologia-santiago\/noticias\/2013\/10\/23\/estudiantes-de-fonoaudiologia-de-distintas-partes-de-chile-se-reunen-en-la-udd\/#primaryimage"},"thumbnailUrl":"https:\/\/medicina.udd.cl\/fonoaudiologia-santiago\/files\/2013\/10\/Estudiantes-de-la-Universidad-Internacional-Sek.jpg","articleSection":["Noticias"],"inLanguage":"es","potentialAction":[{"@type":"CommentAction","name":"Comment","target":["https:\/\/medicina.udd.cl\/fonoaudiologia-santiago\/noticias\/2013\/10\/23\/estudiantes-de-fonoaudiologia-de-distintas-partes-de-chile-se-reunen-en-la-udd\/#respond"]}]},{"@type":"WebPage","@id":"https:\/\/medicina.udd.cl\/fonoaudiologia-santiago\/noticias\/2013\/10\/23\/estudiantes-de-fonoaudiologia-de-distintas-partes-de-chile-se-reunen-en-la-udd\/","url":"https:\/\/medicina.udd.cl\/fonoaudiologia-santiago\/noticias\/2013\/10\/23\/estudiantes-de-fonoaudiologia-de-distintas-partes-de-chile-se-reunen-en-la-udd\/","name":"V Congreso de Estudiantes de Fonoaudiolog\u00eda - UDD","isPartOf":{"@id":"https:\/\/medicina.udd.cl\/fonoaudiologia-santiago\/#website"},"primaryImageOfPage":{"@id":"https:\/\/medicina.udd.cl\/fonoaudiologia-santiago\/noticias\/2013\/10\/23\/estudiantes-de-fonoaudiologia-de-distintas-partes-de-chile-se-reunen-en-la-udd\/#primaryimage"},"image":{"@id":"https:\/\/medicina.udd.cl\/fonoaudiologia-santiago\/noticias\/2013\/10\/23\/estudiantes-de-fonoaudiologia-de-distintas-partes-de-chile-se-reunen-en-la-udd\/#primaryimage"},"thumbnailUrl":"https:\/\/medicina.udd.cl\/fonoaudiologia-santiago\/files\/2013\/10\/Estudiantes-de-la-Universidad-Internacional-Sek.jpg","datePublished":"2013-10-23T15:09:44+00:00","dateModified":"2013-10-23T15:24:26+00:00","author":{"@id":""},"description":"Alumnos de distintas partes de Chile presentaron sus investigaciones en este encuentro organizado por la Facultad de Medicina CAS-UDD.","breadcrumb":{"@id":"https:\/\/medicina.udd.cl\/fonoaudiologia-santiago\/noticias\/2013\/10\/23\/estudiantes-de-fonoaudiologia-de-distintas-partes-de-chile-se-reunen-en-la-udd\/#breadcrumb"},"inLanguage":"es","potentialAction":[{"@type":"ReadAction","target":["https:\/\/medicina.udd.cl\/fonoaudiologia-santiago\/noticias\/2013\/10\/23\/estudiantes-de-fonoaudiologia-de-distintas-partes-de-chile-se-reunen-en-la-udd\/"]}]},{"@type":"ImageObject","inLanguage":"es","@id":"https:\/\/medicina.udd.cl\/fonoaudiologia-santiago\/noticias\/2013\/10\/23\/estudiantes-de-fonoaudiologia-de-distintas-partes-de-chile-se-reunen-en-la-udd\/#primaryimage","url":"https:\/\/medicina.udd.cl\/fonoaudiologia-santiago\/files\/2013\/10\/Estudiantes-de-la-Universidad-Internacional-Sek.jpg","contentUrl":"https:\/\/medicina.udd.cl\/fonoaudiologia-santiago\/files\/2013\/10\/Estudiantes-de-la-Universidad-Internacional-Sek.jpg","width":3456,"height":2304},{"@type":"BreadcrumbList","@id":"https:\/\/medicina.udd.cl\/fonoaudiologia-santiago\/noticias\/2013\/10\/23\/estudiantes-de-fonoaudiologia-de-distintas-partes-de-chile-se-reunen-en-la-udd\/#breadcrumb","itemListElement":[{"@type":"ListItem","position":1,"name":"Home","item":"https:\/\/medicina.udd.cl\/fonoaudiologia-santiago\/"},{"@type":"ListItem","position":2,"name":"Estudiantes de Fonoaudiolog\u00eda de distintas partes de Chile se re\u00fanen en la UDD"}]},{"@type":"WebSite","@id":"https:\/\/medicina.udd.cl\/fonoaudiologia-santiago\/#website","url":"https:\/\/medicina.udd.cl\/fonoaudiologia-santiago\/","name":"Fonoaudiolog\u00eda","description":"Facultad de Medicina Cl\u00ednica Alemana Universidad del Desarrollo","inLanguage":"es"},{"@type":"Person","@id":"","url":"https:\/\/medicina.udd.cl\/fonoaudiologia-santiago\/noticias\/author\/"}]}},"featured_image_url":"https:\/\/medicina.udd.cl\/fonoaudiologia-santiago\/files\/2013\/10\/Estudiantes-de-la-Universidad-Internacional-Sek.jpg","_links":{"self":[{"href":"https:\/\/medicina.udd.cl\/fonoaudiologia-santiago\/wp-json\/wp\/v2\/posts\/2069","targetHints":{"allow":["GET"]}}],"collection":[{"href":"https:\/\/medicina.udd.cl\/fonoaudiologia-santiago\/wp-json\/wp\/v2\/posts"}],"about":[{"href":"https:\/\/medicina.udd.cl\/fonoaudiologia-santiago\/wp-json\/wp\/v2\/types\/post"}],"author":[{"embeddable":true,"href":"https:\/\/medicina.udd.cl\/fonoaudiologia-santiago\/wp-json\/wp\/v2\/users\/40"}],"replies":[{"embeddable":true,"href":"https:\/\/medicina.udd.cl\/fonoaudiologia-santiago\/wp-json\/wp\/v2\/comments?post=2069"}],"version-history":[{"count":4,"href":"https:\/\/medicina.udd.cl\/fonoaudiologia-santiago\/wp-json\/wp\/v2\/posts\/2069\/revisions"}],"predecessor-version":[{"id":2077,"href":"https:\/\/medicina.udd.cl\/fonoaudiologia-santiago\/wp-json\/wp\/v2\/posts\/2069\/revisions\/2077"}],"wp:featuredmedia":[{"embeddable":true,"href":"https:\/\/medicina.udd.cl\/fonoaudiologia-santiago\/wp-json\/wp\/v2\/media\/2071"}],"wp:attachment":[{"href":"https:\/\/medicina.udd.cl\/fonoaudiologia-santiago\/wp-json\/wp\/v2\/media?parent=2069"}],"wp:term":[{"taxonomy":"category","embeddable":true,"href":"https:\/\/medicina.udd.cl\/fonoaudiologia-santiago\/wp-json\/wp\/v2\/categories?post=2069"},{"taxonomy":"post_tag","embeddable":true,"href":"https:\/\/medicina.udd.cl\/fonoaudiologia-santiago\/wp-json\/wp\/v2\/tags?post=2069"}],"curies":[{"name":"wp","href":"https:\/\/api.w.org\/{rel}","templated":true}]}}