{"id":207,"date":"2010-07-03T14:43:12","date_gmt":"2010-07-03T18:43:12","guid":{"rendered":"http:\/\/medicina.udd.cl\/fonoaudiologia-santiago\/2010\/07\/03\/visita-pacientes-con-cancer-de-cabeza-y-cuello\/"},"modified":"2010-07-05T14:54:10","modified_gmt":"2010-07-05T18:54:10","slug":"visita-pacientes-con-cancer-de-cabeza-y-cuello","status":"publish","type":"post","link":"https:\/\/medicina.udd.cl\/fonoaudiologia-santiago\/noticias\/2010\/07\/03\/visita-pacientes-con-cancer-de-cabeza-y-cuello\/","title":{"rendered":"Visita de pacientes con c\u00e1ncer de cabeza y cuello"},"content":{"rendered":"<p style=\"text-align: justify\">Los alumnos de segundo a\u00f1o, bajo la asignatura de <strong>Odontoestomatolog\u00eda<\/strong>, tuvieron la oportunidad de interactuar con diferentes pacientes de la fonoaudi\u00f3loga Yolanda Aybar.<\/p>\n<p style=\"text-align: justify\">La profesional invit\u00f3 a personas que padecieron de c\u00e1ncer de cabeza y cuello para que relataran sus experiencias en relaci\u00f3n a las alteraciones fonoaudiol\u00f3gicas que tal patolog\u00eda les acarre\u00f3.<\/p>\n<p style=\"text-align: justify\">Cabe destacar que los\u00a0estudiantes se mostraron muy interesados en conocer nuevos aspectos de su futura profesi\u00f3n.<\/p>\n<div id=\"gallery-1\" class=\"carousel slide carousel-gallery\" data-ride=\"false\" data-interval=\"false\"><div class=\"carousel-inner\" role=\"listbox\"><figure class=\"carousel-item active\"><img loading=\"lazy\" decoding=\"async\" width=\"759\" height=\"534\" src=\"https:\/\/medicina.udd.cl\/fonoaudiologia-santiago\/files\/2010\/07\/c\u00e1ncer-5.jpg\" class=\"attachment-landscape_952 size-landscape_952\" alt=\"\" srcset=\"https:\/\/medicina.udd.cl\/fonoaudiologia-santiago\/files\/2010\/07\/c\u00e1ncer-5.jpg 3392w, https:\/\/medicina.udd.cl\/fonoaudiologia-santiago\/files\/2010\/07\/c\u00e1ncer-5-300x211.jpg 300w, https:\/\/medicina.udd.cl\/fonoaudiologia-santiago\/files\/2010\/07\/c\u00e1ncer-5-768x541.jpg 768w, https:\/\/medicina.udd.cl\/fonoaudiologia-santiago\/files\/2010\/07\/c\u00e1ncer-5-1024x721.jpg 1024w, https:\/\/medicina.udd.cl\/fonoaudiologia-santiago\/files\/2010\/07\/c\u00e1ncer-5-87x62.jpg 87w, https:\/\/medicina.udd.cl\/fonoaudiologia-santiago\/files\/2010\/07\/c\u00e1ncer-5-960x676.jpg 960w\" sizes=\"auto, (max-width: 759px) 100vw, 759px\" \/><\/figure><figure class=\"carousel-item\"><img loading=\"lazy\" decoding=\"async\" width=\"764\" height=\"534\" src=\"https:\/\/medicina.udd.cl\/fonoaudiologia-santiago\/files\/2010\/07\/c\u00e1ncer-4.jpg\" class=\"attachment-landscape_952 size-landscape_952\" alt=\"\" srcset=\"https:\/\/medicina.udd.cl\/fonoaudiologia-santiago\/files\/2010\/07\/c\u00e1ncer-4.jpg 3428w, https:\/\/medicina.udd.cl\/fonoaudiologia-santiago\/files\/2010\/07\/c\u00e1ncer-4-300x210.jpg 300w, https:\/\/medicina.udd.cl\/fonoaudiologia-santiago\/files\/2010\/07\/c\u00e1ncer-4-768x537.jpg 768w, https:\/\/medicina.udd.cl\/fonoaudiologia-santiago\/files\/2010\/07\/c\u00e1ncer-4-1024x716.jpg 1024w, https:\/\/medicina.udd.cl\/fonoaudiologia-santiago\/files\/2010\/07\/c\u00e1ncer-4-87x62.jpg 87w, https:\/\/medicina.udd.cl\/fonoaudiologia-santiago\/files\/2010\/07\/c\u00e1ncer-4-365x255.jpg 365w, https:\/\/medicina.udd.cl\/fonoaudiologia-santiago\/files\/2010\/07\/c\u00e1ncer-4-960x671.jpg 960w\" sizes=\"auto, (max-width: 764px) 100vw, 764px\" \/><\/figure><figure class=\"carousel-item\"><img loading=\"lazy\" decoding=\"async\" width=\"801\" height=\"534\" src=\"https:\/\/medicina.udd.cl\/fonoaudiologia-santiago\/files\/2010\/07\/c\u00e1ncer-3.jpg\" class=\"attachment-landscape_952 size-landscape_952\" alt=\"\" srcset=\"https:\/\/medicina.udd.cl\/fonoaudiologia-santiago\/files\/2010\/07\/c\u00e1ncer-3.jpg 3648w, https:\/\/medicina.udd.cl\/fonoaudiologia-santiago\/files\/2010\/07\/c\u00e1ncer-3-300x200.jpg 300w, https:\/\/medicina.udd.cl\/fonoaudiologia-santiago\/files\/2010\/07\/c\u00e1ncer-3-768x512.jpg 768w, https:\/\/medicina.udd.cl\/fonoaudiologia-santiago\/files\/2010\/07\/c\u00e1ncer-3-1024x683.jpg 1024w, https:\/\/medicina.udd.cl\/fonoaudiologia-santiago\/files\/2010\/07\/c\u00e1ncer-3-960x640.jpg 960w\" sizes=\"auto, (max-width: 801px) 100vw, 801px\" \/><\/figure><figure class=\"carousel-item\"><img loading=\"lazy\" decoding=\"async\" width=\"756\" height=\"534\" src=\"https:\/\/medicina.udd.cl\/fonoaudiologia-santiago\/files\/2010\/07\/c\u00e1ncer-2.jpg\" class=\"attachment-landscape_952 size-landscape_952\" alt=\"\" srcset=\"https:\/\/medicina.udd.cl\/fonoaudiologia-santiago\/files\/2010\/07\/c\u00e1ncer-2.jpg 3317w, https:\/\/medicina.udd.cl\/fonoaudiologia-santiago\/files\/2010\/07\/c\u00e1ncer-2-300x212.jpg 300w, https:\/\/medicina.udd.cl\/fonoaudiologia-santiago\/files\/2010\/07\/c\u00e1ncer-2-768x542.jpg 768w, https:\/\/medicina.udd.cl\/fonoaudiologia-santiago\/files\/2010\/07\/c\u00e1ncer-2-1024x723.jpg 1024w, https:\/\/medicina.udd.cl\/fonoaudiologia-santiago\/files\/2010\/07\/c\u00e1ncer-2-316x224.jpg 316w, https:\/\/medicina.udd.cl\/fonoaudiologia-santiago\/files\/2010\/07\/c\u00e1ncer-2-87x62.jpg 87w, https:\/\/medicina.udd.cl\/fonoaudiologia-santiago\/files\/2010\/07\/c\u00e1ncer-2-960x678.jpg 960w\" sizes=\"auto, (max-width: 756px) 100vw, 756px\" \/><\/figure><figure class=\"carousel-item\"><img loading=\"lazy\" decoding=\"async\" width=\"801\" height=\"534\" src=\"https:\/\/medicina.udd.cl\/fonoaudiologia-santiago\/files\/2010\/07\/c\u00e1ncer-1.jpg\" class=\"attachment-landscape_952 size-landscape_952\" alt=\"\" srcset=\"https:\/\/medicina.udd.cl\/fonoaudiologia-santiago\/files\/2010\/07\/c\u00e1ncer-1.jpg 3648w, https:\/\/medicina.udd.cl\/fonoaudiologia-santiago\/files\/2010\/07\/c\u00e1ncer-1-300x200.jpg 300w, https:\/\/medicina.udd.cl\/fonoaudiologia-santiago\/files\/2010\/07\/c\u00e1ncer-1-768x512.jpg 768w, https:\/\/medicina.udd.cl\/fonoaudiologia-santiago\/files\/2010\/07\/c\u00e1ncer-1-1024x683.jpg 1024w, https:\/\/medicina.udd.cl\/fonoaudiologia-santiago\/files\/2010\/07\/c\u00e1ncer-1-960x640.jpg 960w\" sizes=\"auto, (max-width: 801px) 100vw, 801px\" \/><\/figure><\/div><footer class=\"carousel-footer\"><div class=\"carousel-counter\"><span class=\"carousel-counter-current\"><\/span> \/ <span class=\"carousel-counter-total\"><\/span><\/div><a class=\"carousel-control-prev\" href=\"#gallery-1\" role=\"button\" data-slide=\"prev\"><svg aria-hidden=\"true\" class=\"svg-chevron-left-dims\"><use xlink:href='https:\/\/medicina.udd.cl\/fonoaudiologia-santiago\/wp-content\/themes\/facultades-2018\/assets\/img\/svg\/dist\/main.svg?version=1695853099#chevron-left'><\/use><\/svg><span class=\"sr-only\">Anterior<\/span><\/a><a class=\"carousel-control-next\" href=\"#gallery-1\" role=\"button\" data-slide=\"next\"><svg aria-hidden=\"true\" class=\"svg-chevron-right-dims\"><use xlink:href='https:\/\/medicina.udd.cl\/fonoaudiologia-santiago\/wp-content\/themes\/facultades-2018\/assets\/img\/svg\/dist\/main.svg?version=1695853099#chevron-right'><\/use><\/svg><span class=\"sr-only\">Siguiente<\/span><\/a><\/footer><\/div>\n","protected":false},"excerpt":{"rendered":"<p>Alumnos de segundo a\u00f1o interact\u00faan con pacientes. <\/p>\n","protected":false},"author":1,"featured_media":0,"comment_status":"open","ping_status":"open","sticky":false,"template":"","format":"standard","meta":{"footnotes":""},"categories":[4],"tags":[],"class_list":["post-207","post","type-post","status-publish","format-standard","hentry","category-noticias"],"yoast_head":"<!-- This site is optimized with the Yoast SEO plugin v26.9 - https:\/\/yoast.com\/product\/yoast-seo-wordpress\/ -->\n<title>Visita de pacientes con c\u00e1ncer de cabeza y cuello - Fonoaudiolog\u00eda<\/title>\n<meta name=\"robots\" content=\"index, follow, max-snippet:-1, max-image-preview:large, max-video-preview:-1\" \/>\n<link rel=\"canonical\" href=\"https:\/\/medicina.udd.cl\/fonoaudiologia-santiago\/noticias\/2010\/07\/03\/visita-pacientes-con-cancer-de-cabeza-y-cuello\/\" \/>\n<meta property=\"og:locale\" content=\"es_ES\" \/>\n<meta property=\"og:type\" content=\"article\" \/>\n<meta property=\"og:title\" content=\"Visita de pacientes con c\u00e1ncer de cabeza y cuello - Fonoaudiolog\u00eda\" \/>\n<meta property=\"og:description\" content=\"Alumnos de segundo a\u00f1o interact\u00faan con pacientes.\" \/>\n<meta property=\"og:url\" content=\"https:\/\/medicina.udd.cl\/fonoaudiologia-santiago\/noticias\/2010\/07\/03\/visita-pacientes-con-cancer-de-cabeza-y-cuello\/\" \/>\n<meta property=\"og:site_name\" content=\"Fonoaudiolog\u00eda\" \/>\n<meta property=\"article:published_time\" content=\"2010-07-03T18:43:12+00:00\" \/>\n<meta property=\"article:modified_time\" content=\"2010-07-05T18:54:10+00:00\" \/>\n<meta property=\"og:image\" content=\"https:\/\/medicina.udd.cl\/fonoaudiologia-santiago\/files\/2010\/07\/c\u00e1ncer-5.jpg\" \/>\n<meta name=\"author\" content=\"admin\" \/>\n<meta name=\"twitter:label1\" content=\"Escrito por\" \/>\n\t<meta name=\"twitter:data1\" content=\"admin\" \/>\n<script type=\"application\/ld+json\" class=\"yoast-schema-graph\">{\"@context\":\"https:\/\/schema.org\",\"@graph\":[{\"@type\":\"Article\",\"@id\":\"https:\/\/medicina.udd.cl\/fonoaudiologia-santiago\/noticias\/2010\/07\/03\/visita-pacientes-con-cancer-de-cabeza-y-cuello\/#article\",\"isPartOf\":{\"@id\":\"https:\/\/medicina.udd.cl\/fonoaudiologia-santiago\/noticias\/2010\/07\/03\/visita-pacientes-con-cancer-de-cabeza-y-cuello\/\"},\"author\":{\"name\":\"admin\",\"@id\":\"https:\/\/medicina.udd.cl\/fonoaudiologia-santiago\/#\/schema\/person\/f7abfa784c86da427e89287831f96ab7\"},\"headline\":\"Visita de pacientes con c\u00e1ncer de cabeza y cuello\",\"datePublished\":\"2010-07-03T18:43:12+00:00\",\"dateModified\":\"2010-07-05T18:54:10+00:00\",\"mainEntityOfPage\":{\"@id\":\"https:\/\/medicina.udd.cl\/fonoaudiologia-santiago\/noticias\/2010\/07\/03\/visita-pacientes-con-cancer-de-cabeza-y-cuello\/\"},\"wordCount\":90,\"commentCount\":1,\"articleSection\":[\"Noticias\"],\"inLanguage\":\"es\",\"potentialAction\":[{\"@type\":\"CommentAction\",\"name\":\"Comment\",\"target\":[\"https:\/\/medicina.udd.cl\/fonoaudiologia-santiago\/noticias\/2010\/07\/03\/visita-pacientes-con-cancer-de-cabeza-y-cuello\/#respond\"]}]},{\"@type\":\"WebPage\",\"@id\":\"https:\/\/medicina.udd.cl\/fonoaudiologia-santiago\/noticias\/2010\/07\/03\/visita-pacientes-con-cancer-de-cabeza-y-cuello\/\",\"url\":\"https:\/\/medicina.udd.cl\/fonoaudiologia-santiago\/noticias\/2010\/07\/03\/visita-pacientes-con-cancer-de-cabeza-y-cuello\/\",\"name\":\"Visita de pacientes con c\u00e1ncer de cabeza y cuello - Fonoaudiolog\u00eda\",\"isPartOf\":{\"@id\":\"https:\/\/medicina.udd.cl\/fonoaudiologia-santiago\/#website\"},\"datePublished\":\"2010-07-03T18:43:12+00:00\",\"dateModified\":\"2010-07-05T18:54:10+00:00\",\"author\":{\"@id\":\"https:\/\/medicina.udd.cl\/fonoaudiologia-santiago\/#\/schema\/person\/f7abfa784c86da427e89287831f96ab7\"},\"breadcrumb\":{\"@id\":\"https:\/\/medicina.udd.cl\/fonoaudiologia-santiago\/noticias\/2010\/07\/03\/visita-pacientes-con-cancer-de-cabeza-y-cuello\/#breadcrumb\"},\"inLanguage\":\"es\",\"potentialAction\":[{\"@type\":\"ReadAction\",\"target\":[\"https:\/\/medicina.udd.cl\/fonoaudiologia-santiago\/noticias\/2010\/07\/03\/visita-pacientes-con-cancer-de-cabeza-y-cuello\/\"]}]},{\"@type\":\"BreadcrumbList\",\"@id\":\"https:\/\/medicina.udd.cl\/fonoaudiologia-santiago\/noticias\/2010\/07\/03\/visita-pacientes-con-cancer-de-cabeza-y-cuello\/#breadcrumb\",\"itemListElement\":[{\"@type\":\"ListItem\",\"position\":1,\"name\":\"Home\",\"item\":\"https:\/\/medicina.udd.cl\/fonoaudiologia-santiago\/\"},{\"@type\":\"ListItem\",\"position\":2,\"name\":\"Visita de pacientes con c\u00e1ncer de cabeza y cuello\"}]},{\"@type\":\"WebSite\",\"@id\":\"https:\/\/medicina.udd.cl\/fonoaudiologia-santiago\/#website\",\"url\":\"https:\/\/medicina.udd.cl\/fonoaudiologia-santiago\/\",\"name\":\"Fonoaudiolog\u00eda\",\"description\":\"Facultad de Medicina Cl\u00ednica Alemana Universidad del Desarrollo\",\"inLanguage\":\"es\"},{\"@type\":\"Person\",\"@id\":\"https:\/\/medicina.udd.cl\/fonoaudiologia-santiago\/#\/schema\/person\/f7abfa784c86da427e89287831f96ab7\",\"name\":\"admin\",\"image\":{\"@type\":\"ImageObject\",\"inLanguage\":\"es\",\"@id\":\"https:\/\/medicina.udd.cl\/fonoaudiologia-santiago\/#\/schema\/person\/image\/\",\"url\":\"https:\/\/secure.gravatar.com\/avatar\/3cb6da298954dfb54457c0910b8c9ca010abd8d87a60f7d701b6ce4254e1c642?s=96&d=mm&r=g\",\"contentUrl\":\"https:\/\/secure.gravatar.com\/avatar\/3cb6da298954dfb54457c0910b8c9ca010abd8d87a60f7d701b6ce4254e1c642?s=96&d=mm&r=g\",\"caption\":\"admin\"},\"url\":\"https:\/\/medicina.udd.cl\/fonoaudiologia-santiago\/noticias\/author\/admin\/\"}]}<\/script>\n<!-- \/ Yoast SEO plugin. -->","yoast_head_json":{"title":"Visita de pacientes con c\u00e1ncer de cabeza y cuello - Fonoaudiolog\u00eda","robots":{"index":"index","follow":"follow","max-snippet":"max-snippet:-1","max-image-preview":"max-image-preview:large","max-video-preview":"max-video-preview:-1"},"canonical":"https:\/\/medicina.udd.cl\/fonoaudiologia-santiago\/noticias\/2010\/07\/03\/visita-pacientes-con-cancer-de-cabeza-y-cuello\/","og_locale":"es_ES","og_type":"article","og_title":"Visita de pacientes con c\u00e1ncer de cabeza y cuello - Fonoaudiolog\u00eda","og_description":"Alumnos de segundo a\u00f1o interact\u00faan con pacientes.","og_url":"https:\/\/medicina.udd.cl\/fonoaudiologia-santiago\/noticias\/2010\/07\/03\/visita-pacientes-con-cancer-de-cabeza-y-cuello\/","og_site_name":"Fonoaudiolog\u00eda","article_published_time":"2010-07-03T18:43:12+00:00","article_modified_time":"2010-07-05T18:54:10+00:00","og_image":[{"url":"https:\/\/medicina.udd.cl\/fonoaudiologia-santiago\/files\/2010\/07\/c\u00e1ncer-5.jpg","type":"","width":"","height":""}],"author":"admin","twitter_misc":{"Escrito por":"admin"},"schema":{"@context":"https:\/\/schema.org","@graph":[{"@type":"Article","@id":"https:\/\/medicina.udd.cl\/fonoaudiologia-santiago\/noticias\/2010\/07\/03\/visita-pacientes-con-cancer-de-cabeza-y-cuello\/#article","isPartOf":{"@id":"https:\/\/medicina.udd.cl\/fonoaudiologia-santiago\/noticias\/2010\/07\/03\/visita-pacientes-con-cancer-de-cabeza-y-cuello\/"},"author":{"name":"admin","@id":"https:\/\/medicina.udd.cl\/fonoaudiologia-santiago\/#\/schema\/person\/f7abfa784c86da427e89287831f96ab7"},"headline":"Visita de pacientes con c\u00e1ncer de cabeza y cuello","datePublished":"2010-07-03T18:43:12+00:00","dateModified":"2010-07-05T18:54:10+00:00","mainEntityOfPage":{"@id":"https:\/\/medicina.udd.cl\/fonoaudiologia-santiago\/noticias\/2010\/07\/03\/visita-pacientes-con-cancer-de-cabeza-y-cuello\/"},"wordCount":90,"commentCount":1,"articleSection":["Noticias"],"inLanguage":"es","potentialAction":[{"@type":"CommentAction","name":"Comment","target":["https:\/\/medicina.udd.cl\/fonoaudiologia-santiago\/noticias\/2010\/07\/03\/visita-pacientes-con-cancer-de-cabeza-y-cuello\/#respond"]}]},{"@type":"WebPage","@id":"https:\/\/medicina.udd.cl\/fonoaudiologia-santiago\/noticias\/2010\/07\/03\/visita-pacientes-con-cancer-de-cabeza-y-cuello\/","url":"https:\/\/medicina.udd.cl\/fonoaudiologia-santiago\/noticias\/2010\/07\/03\/visita-pacientes-con-cancer-de-cabeza-y-cuello\/","name":"Visita de pacientes con c\u00e1ncer de cabeza y cuello - Fonoaudiolog\u00eda","isPartOf":{"@id":"https:\/\/medicina.udd.cl\/fonoaudiologia-santiago\/#website"},"datePublished":"2010-07-03T18:43:12+00:00","dateModified":"2010-07-05T18:54:10+00:00","author":{"@id":"https:\/\/medicina.udd.cl\/fonoaudiologia-santiago\/#\/schema\/person\/f7abfa784c86da427e89287831f96ab7"},"breadcrumb":{"@id":"https:\/\/medicina.udd.cl\/fonoaudiologia-santiago\/noticias\/2010\/07\/03\/visita-pacientes-con-cancer-de-cabeza-y-cuello\/#breadcrumb"},"inLanguage":"es","potentialAction":[{"@type":"ReadAction","target":["https:\/\/medicina.udd.cl\/fonoaudiologia-santiago\/noticias\/2010\/07\/03\/visita-pacientes-con-cancer-de-cabeza-y-cuello\/"]}]},{"@type":"BreadcrumbList","@id":"https:\/\/medicina.udd.cl\/fonoaudiologia-santiago\/noticias\/2010\/07\/03\/visita-pacientes-con-cancer-de-cabeza-y-cuello\/#breadcrumb","itemListElement":[{"@type":"ListItem","position":1,"name":"Home","item":"https:\/\/medicina.udd.cl\/fonoaudiologia-santiago\/"},{"@type":"ListItem","position":2,"name":"Visita de pacientes con c\u00e1ncer de cabeza y cuello"}]},{"@type":"WebSite","@id":"https:\/\/medicina.udd.cl\/fonoaudiologia-santiago\/#website","url":"https:\/\/medicina.udd.cl\/fonoaudiologia-santiago\/","name":"Fonoaudiolog\u00eda","description":"Facultad de Medicina Cl\u00ednica Alemana Universidad del Desarrollo","inLanguage":"es"},{"@type":"Person","@id":"https:\/\/medicina.udd.cl\/fonoaudiologia-santiago\/#\/schema\/person\/f7abfa784c86da427e89287831f96ab7","name":"admin","image":{"@type":"ImageObject","inLanguage":"es","@id":"https:\/\/medicina.udd.cl\/fonoaudiologia-santiago\/#\/schema\/person\/image\/","url":"https:\/\/secure.gravatar.com\/avatar\/3cb6da298954dfb54457c0910b8c9ca010abd8d87a60f7d701b6ce4254e1c642?s=96&d=mm&r=g","contentUrl":"https:\/\/secure.gravatar.com\/avatar\/3cb6da298954dfb54457c0910b8c9ca010abd8d87a60f7d701b6ce4254e1c642?s=96&d=mm&r=g","caption":"admin"},"url":"https:\/\/medicina.udd.cl\/fonoaudiologia-santiago\/noticias\/author\/admin\/"}]}},"featured_image_url":null,"_links":{"self":[{"href":"https:\/\/medicina.udd.cl\/fonoaudiologia-santiago\/wp-json\/wp\/v2\/posts\/207","targetHints":{"allow":["GET"]}}],"collection":[{"href":"https:\/\/medicina.udd.cl\/fonoaudiologia-santiago\/wp-json\/wp\/v2\/posts"}],"about":[{"href":"https:\/\/medicina.udd.cl\/fonoaudiologia-santiago\/wp-json\/wp\/v2\/types\/post"}],"author":[{"embeddable":true,"href":"https:\/\/medicina.udd.cl\/fonoaudiologia-santiago\/wp-json\/wp\/v2\/users\/1"}],"replies":[{"embeddable":true,"href":"https:\/\/medicina.udd.cl\/fonoaudiologia-santiago\/wp-json\/wp\/v2\/comments?post=207"}],"version-history":[{"count":2,"href":"https:\/\/medicina.udd.cl\/fonoaudiologia-santiago\/wp-json\/wp\/v2\/posts\/207\/revisions"}],"predecessor-version":[{"id":214,"href":"https:\/\/medicina.udd.cl\/fonoaudiologia-santiago\/wp-json\/wp\/v2\/posts\/207\/revisions\/214"}],"wp:attachment":[{"href":"https:\/\/medicina.udd.cl\/fonoaudiologia-santiago\/wp-json\/wp\/v2\/media?parent=207"}],"wp:term":[{"taxonomy":"category","embeddable":true,"href":"https:\/\/medicina.udd.cl\/fonoaudiologia-santiago\/wp-json\/wp\/v2\/categories?post=207"},{"taxonomy":"post_tag","embeddable":true,"href":"https:\/\/medicina.udd.cl\/fonoaudiologia-santiago\/wp-json\/wp\/v2\/tags?post=207"}],"curies":[{"name":"wp","href":"https:\/\/api.w.org\/{rel}","templated":true}]}}