{"id":2096,"date":"2013-10-29T12:09:06","date_gmt":"2013-10-29T15:09:06","guid":{"rendered":"http:\/\/medicina.udd.cl\/fonoaudiologia-santiago\/?p=2096"},"modified":"2013-10-29T12:16:51","modified_gmt":"2013-10-29T15:16:51","slug":"finaliza-con-exito-primer-taller-de-tartamudez-en-la-udd","status":"publish","type":"post","link":"https:\/\/medicina.udd.cl\/fonoaudiologia-santiago\/noticias\/2013\/10\/29\/finaliza-con-exito-primer-taller-de-tartamudez-en-la-udd\/","title":{"rendered":"Finaliza con \u00e9xito primer Taller de Tartamudez en la UDD"},"content":{"rendered":"<div id=\"gallery-1\" class=\"carousel slide carousel-gallery\" data-ride=\"false\" data-interval=\"false\"><div class=\"carousel-inner\" role=\"listbox\"><figure class=\"carousel-item active\"><img loading=\"lazy\" decoding=\"async\" width=\"952\" height=\"518\" src=\"https:\/\/medicina.udd.cl\/fonoaudiologia-santiago\/files\/2013\/10\/Exposici\u00f3n-de-doctor-Eduardo-Larrachea.jpg\" class=\"attachment-landscape_952 size-landscape_952\" alt=\"\" srcset=\"https:\/\/medicina.udd.cl\/fonoaudiologia-santiago\/files\/2013\/10\/Exposici\u00f3n-de-doctor-Eduardo-Larrachea.jpg 3198w, https:\/\/medicina.udd.cl\/fonoaudiologia-santiago\/files\/2013\/10\/Exposici\u00f3n-de-doctor-Eduardo-Larrachea-300x163.jpg 300w, https:\/\/medicina.udd.cl\/fonoaudiologia-santiago\/files\/2013\/10\/Exposici\u00f3n-de-doctor-Eduardo-Larrachea-768x418.jpg 768w, https:\/\/medicina.udd.cl\/fonoaudiologia-santiago\/files\/2013\/10\/Exposici\u00f3n-de-doctor-Eduardo-Larrachea-1024x557.jpg 1024w, https:\/\/medicina.udd.cl\/fonoaudiologia-santiago\/files\/2013\/10\/Exposici\u00f3n-de-doctor-Eduardo-Larrachea-960x523.jpg 960w\" sizes=\"auto, (max-width: 952px) 100vw, 952px\" \/><\/figure><figure class=\"carousel-item\"><img loading=\"lazy\" decoding=\"async\" width=\"752\" height=\"534\" src=\"https:\/\/medicina.udd.cl\/fonoaudiologia-santiago\/files\/2013\/10\/Exposici\u00f3n-de-Mara-Luque.jpg\" class=\"attachment-landscape_952 size-landscape_952\" alt=\"\" srcset=\"https:\/\/medicina.udd.cl\/fonoaudiologia-santiago\/files\/2013\/10\/Exposici\u00f3n-de-Mara-Luque.jpg 2267w, https:\/\/medicina.udd.cl\/fonoaudiologia-santiago\/files\/2013\/10\/Exposici\u00f3n-de-Mara-Luque-300x213.jpg 300w, https:\/\/medicina.udd.cl\/fonoaudiologia-santiago\/files\/2013\/10\/Exposici\u00f3n-de-Mara-Luque-768x545.jpg 768w, https:\/\/medicina.udd.cl\/fonoaudiologia-santiago\/files\/2013\/10\/Exposici\u00f3n-de-Mara-Luque-1024x727.jpg 1024w, https:\/\/medicina.udd.cl\/fonoaudiologia-santiago\/files\/2013\/10\/Exposici\u00f3n-de-Mara-Luque-316x224.jpg 316w, https:\/\/medicina.udd.cl\/fonoaudiologia-santiago\/files\/2013\/10\/Exposici\u00f3n-de-Mara-Luque-87x62.jpg 87w, https:\/\/medicina.udd.cl\/fonoaudiologia-santiago\/files\/2013\/10\/Exposici\u00f3n-de-Mara-Luque-960x682.jpg 960w\" sizes=\"auto, (max-width: 752px) 100vw, 752px\" \/><\/figure><figure class=\"carousel-item\"><img loading=\"lazy\" decoding=\"async\" width=\"894\" height=\"534\" src=\"https:\/\/medicina.udd.cl\/fonoaudiologia-santiago\/files\/2013\/10\/Expositores-con-fonoaudi\u00f3logas-de-Per\u00fa.jpg\" class=\"attachment-landscape_952 size-landscape_952\" alt=\"\" srcset=\"https:\/\/medicina.udd.cl\/fonoaudiologia-santiago\/files\/2013\/10\/Expositores-con-fonoaudi\u00f3logas-de-Per\u00fa.jpg 3191w, https:\/\/medicina.udd.cl\/fonoaudiologia-santiago\/files\/2013\/10\/Expositores-con-fonoaudi\u00f3logas-de-Per\u00fa-300x179.jpg 300w, https:\/\/medicina.udd.cl\/fonoaudiologia-santiago\/files\/2013\/10\/Expositores-con-fonoaudi\u00f3logas-de-Per\u00fa-768x458.jpg 768w, https:\/\/medicina.udd.cl\/fonoaudiologia-santiago\/files\/2013\/10\/Expositores-con-fonoaudi\u00f3logas-de-Per\u00fa-1024x611.jpg 1024w, https:\/\/medicina.udd.cl\/fonoaudiologia-santiago\/files\/2013\/10\/Expositores-con-fonoaudi\u00f3logas-de-Per\u00fa-960x573.jpg 960w\" sizes=\"auto, (max-width: 894px) 100vw, 894px\" \/><\/figure><figure class=\"carousel-item\"><img loading=\"lazy\" decoding=\"async\" width=\"856\" height=\"534\" src=\"https:\/\/medicina.udd.cl\/fonoaudiologia-santiago\/files\/2013\/10\/Mar\u00eda-Hargrove-Iv\u00e1n-Castillo-Mara-Luque-dr.-Larrachea-directora-y-coordinadora-de-Fonoaudiolog\u00eda-UDD.jpg\" class=\"attachment-landscape_952 size-landscape_952\" alt=\"\" srcset=\"https:\/\/medicina.udd.cl\/fonoaudiologia-santiago\/files\/2013\/10\/Mar\u00eda-Hargrove-Iv\u00e1n-Castillo-Mara-Luque-dr.-Larrachea-directora-y-coordinadora-de-Fonoaudiolog\u00eda-UDD.jpg 3144w, https:\/\/medicina.udd.cl\/fonoaudiologia-santiago\/files\/2013\/10\/Mar\u00eda-Hargrove-Iv\u00e1n-Castillo-Mara-Luque-dr.-Larrachea-directora-y-coordinadora-de-Fonoaudiolog\u00eda-UDD-300x187.jpg 300w, https:\/\/medicina.udd.cl\/fonoaudiologia-santiago\/files\/2013\/10\/Mar\u00eda-Hargrove-Iv\u00e1n-Castillo-Mara-Luque-dr.-Larrachea-directora-y-coordinadora-de-Fonoaudiolog\u00eda-UDD-768x479.jpg 768w, https:\/\/medicina.udd.cl\/fonoaudiologia-santiago\/files\/2013\/10\/Mar\u00eda-Hargrove-Iv\u00e1n-Castillo-Mara-Luque-dr.-Larrachea-directora-y-coordinadora-de-Fonoaudiolog\u00eda-UDD-1024x639.jpg 1024w, https:\/\/medicina.udd.cl\/fonoaudiologia-santiago\/files\/2013\/10\/Mar\u00eda-Hargrove-Iv\u00e1n-Castillo-Mara-Luque-dr.-Larrachea-directora-y-coordinadora-de-Fonoaudiolog\u00eda-UDD-960x599.jpg 960w\" sizes=\"auto, (max-width: 856px) 100vw, 856px\" \/><\/figure><\/div><footer class=\"carousel-footer\"><div class=\"carousel-counter\"><span class=\"carousel-counter-current\"><\/span> \/ <span class=\"carousel-counter-total\"><\/span><\/div><a class=\"carousel-control-prev\" href=\"#gallery-1\" role=\"button\" data-slide=\"prev\"><svg aria-hidden=\"true\" class=\"svg-chevron-left-dims\"><use xlink:href='https:\/\/medicina.udd.cl\/fonoaudiologia-santiago\/wp-content\/themes\/facultades-2018\/assets\/img\/svg\/dist\/main.svg?version=1695853099#chevron-left'><\/use><\/svg><span class=\"sr-only\">Anterior<\/span><\/a><a class=\"carousel-control-next\" href=\"#gallery-1\" role=\"button\" data-slide=\"next\"><svg aria-hidden=\"true\" class=\"svg-chevron-right-dims\"><use xlink:href='https:\/\/medicina.udd.cl\/fonoaudiologia-santiago\/wp-content\/themes\/facultades-2018\/assets\/img\/svg\/dist\/main.svg?version=1695853099#chevron-right'><\/use><\/svg><span class=\"sr-only\">Siguiente<\/span><\/a><\/footer><\/div>\n<p>Conocer en detalle qu\u00e9 es la tartamudez, c\u00f3mo se produce, a qui\u00e9nes afecta y, sobretodo, cu\u00e1les son los tratamientos m\u00e1s efectivos para disminuirlo, fueron los temas que profundiz\u00f3 el 1er Curso de Actualizaci\u00f3n de Tartamudez que imparti\u00f3 la carrera de Fonoaudiolog\u00eda CAS-UDD.<\/p>\n<p>M\u00e1s de 40 personas -entre estudiantes y profesionales del \u00e1rea- participaron en los talleres que duraron dos d\u00edas y que tuvieron como expositores a connotados profesionales como Mara Luque, fonoaudi\u00f3loga de la Universidad de Buenos Aires que se ha especializado en las universidades de Iowa y Pennsylvania; Mar\u00eda Hargrove, fonoaudi\u00f3loga master en Miolog\u00eda Orofacial y coordinadora para Latinoam\u00e9rica de la compa\u00f1\u00eda estadounidense Speech Easy; y el doctor Eduardo Larrachea, neurocirujano y master en Ciencias Biol\u00f3gicas.<\/p>\n<p>\u201cCreamos este curso porque en Chile la especializaci\u00f3n de profesionales en la tartamudez es muy escasa, por lo que nuestro objetivo fue ense\u00f1ar tratamientos para enfrentar este trastorno\u201d, afirma Iv\u00e1n Castillo, expositor y coordinador de este taller.<\/p>\n<p>En esa l\u00ednea, una de las novedades del curso fue la demostraci\u00f3n de un dispositivo electr\u00f3nico de retroalimentaci\u00f3n retardada, que disminuye la disfluencia debido a que produce un efecto similar a la \u201cse\u00f1al coral\u201d, que se genera cuando una persona tartamuda habla al mismo tiempo que otros. Este dispositivo s\u00f3lo es utilizado en Chile por el docente UDD Iv\u00e1n Castillo.<\/p>\n<p>Este curso se realiz\u00f3 la misma semana en que se conmemor\u00f3 el D\u00eda Mundial de la Toma de Conciencia de la Tartamudez, un trastorno del habla que afecta al 1% de la poblaci\u00f3n y que puede generar problemas de comunicaci\u00f3n y sociabilizaci\u00f3n.<\/p>\n","protected":false},"excerpt":{"rendered":"<p>Expusieron cuatro expertos en este trastorno de Chile, Argentina y Estados Unidos.<\/p>\n","protected":false},"author":40,"featured_media":2098,"comment_status":"open","ping_status":"open","sticky":false,"template":"","format":"standard","meta":{"footnotes":""},"categories":[4],"tags":[],"class_list":["post-2096","post","type-post","status-publish","format-standard","has-post-thumbnail","hentry","category-noticias"],"yoast_head":"<!-- This site is optimized with the Yoast SEO plugin v26.9 - https:\/\/yoast.com\/product\/yoast-seo-wordpress\/ -->\n<title>Finaliza con \u00e9xito primer Taller de Tartamudez en la UDD - Fonoaudiolog\u00eda<\/title>\n<meta name=\"description\" content=\"Cuatro expertos en este trastornos de Chile, Argentina y Estados Unidos expusieron en este curso organizado por la Facultad de Medicina CAS-UDD\" \/>\n<meta name=\"robots\" content=\"index, follow, max-snippet:-1, max-image-preview:large, max-video-preview:-1\" \/>\n<link rel=\"canonical\" href=\"https:\/\/medicina.udd.cl\/fonoaudiologia-santiago\/noticias\/2013\/10\/29\/finaliza-con-exito-primer-taller-de-tartamudez-en-la-udd\/\" \/>\n<meta property=\"og:locale\" content=\"es_ES\" \/>\n<meta property=\"og:type\" content=\"article\" \/>\n<meta property=\"og:title\" content=\"Finaliza con \u00e9xito primer Taller de Tartamudez en la UDD - Fonoaudiolog\u00eda\" \/>\n<meta property=\"og:description\" content=\"Cuatro expertos en este trastornos de Chile, Argentina y Estados Unidos expusieron en este curso organizado por la Facultad de Medicina CAS-UDD\" \/>\n<meta property=\"og:url\" content=\"https:\/\/medicina.udd.cl\/fonoaudiologia-santiago\/noticias\/2013\/10\/29\/finaliza-con-exito-primer-taller-de-tartamudez-en-la-udd\/\" \/>\n<meta property=\"og:site_name\" content=\"Fonoaudiolog\u00eda\" \/>\n<meta property=\"article:published_time\" content=\"2013-10-29T15:09:06+00:00\" \/>\n<meta property=\"article:modified_time\" content=\"2013-10-29T15:16:51+00:00\" \/>\n<meta property=\"og:image\" content=\"https:\/\/medicina.udd.cl\/fonoaudiologia-santiago\/files\/2013\/10\/Exposici\u00f3n-de-Mara-Luque.jpg\" \/>\n\t<meta property=\"og:image:width\" content=\"2267\" \/>\n\t<meta property=\"og:image:height\" content=\"1610\" \/>\n\t<meta property=\"og:image:type\" content=\"image\/jpeg\" \/>\n<meta name=\"twitter:label1\" content=\"Escrito por\" \/>\n\t<meta name=\"twitter:data1\" content=\"\" \/>\n\t<meta name=\"twitter:label2\" content=\"Tiempo de lectura\" \/>\n\t<meta name=\"twitter:data2\" content=\"1 minuto\" \/>\n<script type=\"application\/ld+json\" class=\"yoast-schema-graph\">{\"@context\":\"https:\/\/schema.org\",\"@graph\":[{\"@type\":\"Article\",\"@id\":\"https:\/\/medicina.udd.cl\/fonoaudiologia-santiago\/noticias\/2013\/10\/29\/finaliza-con-exito-primer-taller-de-tartamudez-en-la-udd\/#article\",\"isPartOf\":{\"@id\":\"https:\/\/medicina.udd.cl\/fonoaudiologia-santiago\/noticias\/2013\/10\/29\/finaliza-con-exito-primer-taller-de-tartamudez-en-la-udd\/\"},\"author\":{\"name\":\"\",\"@id\":\"\"},\"headline\":\"Finaliza con \u00e9xito primer Taller de Tartamudez en la UDD\",\"datePublished\":\"2013-10-29T15:09:06+00:00\",\"dateModified\":\"2013-10-29T15:16:51+00:00\",\"mainEntityOfPage\":{\"@id\":\"https:\/\/medicina.udd.cl\/fonoaudiologia-santiago\/noticias\/2013\/10\/29\/finaliza-con-exito-primer-taller-de-tartamudez-en-la-udd\/\"},\"wordCount\":295,\"commentCount\":0,\"image\":{\"@id\":\"https:\/\/medicina.udd.cl\/fonoaudiologia-santiago\/noticias\/2013\/10\/29\/finaliza-con-exito-primer-taller-de-tartamudez-en-la-udd\/#primaryimage\"},\"thumbnailUrl\":\"https:\/\/medicina.udd.cl\/fonoaudiologia-santiago\/files\/2013\/10\/Exposici\u00f3n-de-Mara-Luque.jpg\",\"articleSection\":[\"Noticias\"],\"inLanguage\":\"es\",\"potentialAction\":[{\"@type\":\"CommentAction\",\"name\":\"Comment\",\"target\":[\"https:\/\/medicina.udd.cl\/fonoaudiologia-santiago\/noticias\/2013\/10\/29\/finaliza-con-exito-primer-taller-de-tartamudez-en-la-udd\/#respond\"]}]},{\"@type\":\"WebPage\",\"@id\":\"https:\/\/medicina.udd.cl\/fonoaudiologia-santiago\/noticias\/2013\/10\/29\/finaliza-con-exito-primer-taller-de-tartamudez-en-la-udd\/\",\"url\":\"https:\/\/medicina.udd.cl\/fonoaudiologia-santiago\/noticias\/2013\/10\/29\/finaliza-con-exito-primer-taller-de-tartamudez-en-la-udd\/\",\"name\":\"Finaliza con \u00e9xito primer Taller de Tartamudez en la UDD - Fonoaudiolog\u00eda\",\"isPartOf\":{\"@id\":\"https:\/\/medicina.udd.cl\/fonoaudiologia-santiago\/#website\"},\"primaryImageOfPage\":{\"@id\":\"https:\/\/medicina.udd.cl\/fonoaudiologia-santiago\/noticias\/2013\/10\/29\/finaliza-con-exito-primer-taller-de-tartamudez-en-la-udd\/#primaryimage\"},\"image\":{\"@id\":\"https:\/\/medicina.udd.cl\/fonoaudiologia-santiago\/noticias\/2013\/10\/29\/finaliza-con-exito-primer-taller-de-tartamudez-en-la-udd\/#primaryimage\"},\"thumbnailUrl\":\"https:\/\/medicina.udd.cl\/fonoaudiologia-santiago\/files\/2013\/10\/Exposici\u00f3n-de-Mara-Luque.jpg\",\"datePublished\":\"2013-10-29T15:09:06+00:00\",\"dateModified\":\"2013-10-29T15:16:51+00:00\",\"author\":{\"@id\":\"\"},\"description\":\"Cuatro expertos en este trastornos de Chile, Argentina y Estados Unidos expusieron en este curso organizado por la Facultad de Medicina CAS-UDD\",\"breadcrumb\":{\"@id\":\"https:\/\/medicina.udd.cl\/fonoaudiologia-santiago\/noticias\/2013\/10\/29\/finaliza-con-exito-primer-taller-de-tartamudez-en-la-udd\/#breadcrumb\"},\"inLanguage\":\"es\",\"potentialAction\":[{\"@type\":\"ReadAction\",\"target\":[\"https:\/\/medicina.udd.cl\/fonoaudiologia-santiago\/noticias\/2013\/10\/29\/finaliza-con-exito-primer-taller-de-tartamudez-en-la-udd\/\"]}]},{\"@type\":\"ImageObject\",\"inLanguage\":\"es\",\"@id\":\"https:\/\/medicina.udd.cl\/fonoaudiologia-santiago\/noticias\/2013\/10\/29\/finaliza-con-exito-primer-taller-de-tartamudez-en-la-udd\/#primaryimage\",\"url\":\"https:\/\/medicina.udd.cl\/fonoaudiologia-santiago\/files\/2013\/10\/Exposici\u00f3n-de-Mara-Luque.jpg\",\"contentUrl\":\"https:\/\/medicina.udd.cl\/fonoaudiologia-santiago\/files\/2013\/10\/Exposici\u00f3n-de-Mara-Luque.jpg\",\"width\":2267,\"height\":1610},{\"@type\":\"BreadcrumbList\",\"@id\":\"https:\/\/medicina.udd.cl\/fonoaudiologia-santiago\/noticias\/2013\/10\/29\/finaliza-con-exito-primer-taller-de-tartamudez-en-la-udd\/#breadcrumb\",\"itemListElement\":[{\"@type\":\"ListItem\",\"position\":1,\"name\":\"Home\",\"item\":\"https:\/\/medicina.udd.cl\/fonoaudiologia-santiago\/\"},{\"@type\":\"ListItem\",\"position\":2,\"name\":\"Finaliza con \u00e9xito primer Taller de Tartamudez en la UDD\"}]},{\"@type\":\"WebSite\",\"@id\":\"https:\/\/medicina.udd.cl\/fonoaudiologia-santiago\/#website\",\"url\":\"https:\/\/medicina.udd.cl\/fonoaudiologia-santiago\/\",\"name\":\"Fonoaudiolog\u00eda\",\"description\":\"Facultad de Medicina Cl\u00ednica Alemana Universidad del Desarrollo\",\"inLanguage\":\"es\"},{\"@type\":\"Person\",\"@id\":\"\",\"url\":\"https:\/\/medicina.udd.cl\/fonoaudiologia-santiago\/noticias\/author\/\"}]}<\/script>\n<!-- \/ Yoast SEO plugin. -->","yoast_head_json":{"title":"Finaliza con \u00e9xito primer Taller de Tartamudez en la UDD - Fonoaudiolog\u00eda","description":"Cuatro expertos en este trastornos de Chile, Argentina y Estados Unidos expusieron en este curso organizado por la Facultad de Medicina CAS-UDD","robots":{"index":"index","follow":"follow","max-snippet":"max-snippet:-1","max-image-preview":"max-image-preview:large","max-video-preview":"max-video-preview:-1"},"canonical":"https:\/\/medicina.udd.cl\/fonoaudiologia-santiago\/noticias\/2013\/10\/29\/finaliza-con-exito-primer-taller-de-tartamudez-en-la-udd\/","og_locale":"es_ES","og_type":"article","og_title":"Finaliza con \u00e9xito primer Taller de Tartamudez en la UDD - Fonoaudiolog\u00eda","og_description":"Cuatro expertos en este trastornos de Chile, Argentina y Estados Unidos expusieron en este curso organizado por la Facultad de Medicina CAS-UDD","og_url":"https:\/\/medicina.udd.cl\/fonoaudiologia-santiago\/noticias\/2013\/10\/29\/finaliza-con-exito-primer-taller-de-tartamudez-en-la-udd\/","og_site_name":"Fonoaudiolog\u00eda","article_published_time":"2013-10-29T15:09:06+00:00","article_modified_time":"2013-10-29T15:16:51+00:00","og_image":[{"width":2267,"height":1610,"url":"https:\/\/medicina.udd.cl\/fonoaudiologia-santiago\/files\/2013\/10\/Exposici\u00f3n-de-Mara-Luque.jpg","type":"image\/jpeg"}],"twitter_misc":{"Escrito por":"","Tiempo de lectura":"1 minuto"},"schema":{"@context":"https:\/\/schema.org","@graph":[{"@type":"Article","@id":"https:\/\/medicina.udd.cl\/fonoaudiologia-santiago\/noticias\/2013\/10\/29\/finaliza-con-exito-primer-taller-de-tartamudez-en-la-udd\/#article","isPartOf":{"@id":"https:\/\/medicina.udd.cl\/fonoaudiologia-santiago\/noticias\/2013\/10\/29\/finaliza-con-exito-primer-taller-de-tartamudez-en-la-udd\/"},"author":{"name":"","@id":""},"headline":"Finaliza con \u00e9xito primer Taller de Tartamudez en la UDD","datePublished":"2013-10-29T15:09:06+00:00","dateModified":"2013-10-29T15:16:51+00:00","mainEntityOfPage":{"@id":"https:\/\/medicina.udd.cl\/fonoaudiologia-santiago\/noticias\/2013\/10\/29\/finaliza-con-exito-primer-taller-de-tartamudez-en-la-udd\/"},"wordCount":295,"commentCount":0,"image":{"@id":"https:\/\/medicina.udd.cl\/fonoaudiologia-santiago\/noticias\/2013\/10\/29\/finaliza-con-exito-primer-taller-de-tartamudez-en-la-udd\/#primaryimage"},"thumbnailUrl":"https:\/\/medicina.udd.cl\/fonoaudiologia-santiago\/files\/2013\/10\/Exposici\u00f3n-de-Mara-Luque.jpg","articleSection":["Noticias"],"inLanguage":"es","potentialAction":[{"@type":"CommentAction","name":"Comment","target":["https:\/\/medicina.udd.cl\/fonoaudiologia-santiago\/noticias\/2013\/10\/29\/finaliza-con-exito-primer-taller-de-tartamudez-en-la-udd\/#respond"]}]},{"@type":"WebPage","@id":"https:\/\/medicina.udd.cl\/fonoaudiologia-santiago\/noticias\/2013\/10\/29\/finaliza-con-exito-primer-taller-de-tartamudez-en-la-udd\/","url":"https:\/\/medicina.udd.cl\/fonoaudiologia-santiago\/noticias\/2013\/10\/29\/finaliza-con-exito-primer-taller-de-tartamudez-en-la-udd\/","name":"Finaliza con \u00e9xito primer Taller de Tartamudez en la UDD - Fonoaudiolog\u00eda","isPartOf":{"@id":"https:\/\/medicina.udd.cl\/fonoaudiologia-santiago\/#website"},"primaryImageOfPage":{"@id":"https:\/\/medicina.udd.cl\/fonoaudiologia-santiago\/noticias\/2013\/10\/29\/finaliza-con-exito-primer-taller-de-tartamudez-en-la-udd\/#primaryimage"},"image":{"@id":"https:\/\/medicina.udd.cl\/fonoaudiologia-santiago\/noticias\/2013\/10\/29\/finaliza-con-exito-primer-taller-de-tartamudez-en-la-udd\/#primaryimage"},"thumbnailUrl":"https:\/\/medicina.udd.cl\/fonoaudiologia-santiago\/files\/2013\/10\/Exposici\u00f3n-de-Mara-Luque.jpg","datePublished":"2013-10-29T15:09:06+00:00","dateModified":"2013-10-29T15:16:51+00:00","author":{"@id":""},"description":"Cuatro expertos en este trastornos de Chile, Argentina y Estados Unidos expusieron en este curso organizado por la Facultad de Medicina CAS-UDD","breadcrumb":{"@id":"https:\/\/medicina.udd.cl\/fonoaudiologia-santiago\/noticias\/2013\/10\/29\/finaliza-con-exito-primer-taller-de-tartamudez-en-la-udd\/#breadcrumb"},"inLanguage":"es","potentialAction":[{"@type":"ReadAction","target":["https:\/\/medicina.udd.cl\/fonoaudiologia-santiago\/noticias\/2013\/10\/29\/finaliza-con-exito-primer-taller-de-tartamudez-en-la-udd\/"]}]},{"@type":"ImageObject","inLanguage":"es","@id":"https:\/\/medicina.udd.cl\/fonoaudiologia-santiago\/noticias\/2013\/10\/29\/finaliza-con-exito-primer-taller-de-tartamudez-en-la-udd\/#primaryimage","url":"https:\/\/medicina.udd.cl\/fonoaudiologia-santiago\/files\/2013\/10\/Exposici\u00f3n-de-Mara-Luque.jpg","contentUrl":"https:\/\/medicina.udd.cl\/fonoaudiologia-santiago\/files\/2013\/10\/Exposici\u00f3n-de-Mara-Luque.jpg","width":2267,"height":1610},{"@type":"BreadcrumbList","@id":"https:\/\/medicina.udd.cl\/fonoaudiologia-santiago\/noticias\/2013\/10\/29\/finaliza-con-exito-primer-taller-de-tartamudez-en-la-udd\/#breadcrumb","itemListElement":[{"@type":"ListItem","position":1,"name":"Home","item":"https:\/\/medicina.udd.cl\/fonoaudiologia-santiago\/"},{"@type":"ListItem","position":2,"name":"Finaliza con \u00e9xito primer Taller de Tartamudez en la UDD"}]},{"@type":"WebSite","@id":"https:\/\/medicina.udd.cl\/fonoaudiologia-santiago\/#website","url":"https:\/\/medicina.udd.cl\/fonoaudiologia-santiago\/","name":"Fonoaudiolog\u00eda","description":"Facultad de Medicina Cl\u00ednica Alemana Universidad del Desarrollo","inLanguage":"es"},{"@type":"Person","@id":"","url":"https:\/\/medicina.udd.cl\/fonoaudiologia-santiago\/noticias\/author\/"}]}},"featured_image_url":"https:\/\/medicina.udd.cl\/fonoaudiologia-santiago\/files\/2013\/10\/Exposici\u00f3n-de-Mara-Luque.jpg","_links":{"self":[{"href":"https:\/\/medicina.udd.cl\/fonoaudiologia-santiago\/wp-json\/wp\/v2\/posts\/2096","targetHints":{"allow":["GET"]}}],"collection":[{"href":"https:\/\/medicina.udd.cl\/fonoaudiologia-santiago\/wp-json\/wp\/v2\/posts"}],"about":[{"href":"https:\/\/medicina.udd.cl\/fonoaudiologia-santiago\/wp-json\/wp\/v2\/types\/post"}],"author":[{"embeddable":true,"href":"https:\/\/medicina.udd.cl\/fonoaudiologia-santiago\/wp-json\/wp\/v2\/users\/40"}],"replies":[{"embeddable":true,"href":"https:\/\/medicina.udd.cl\/fonoaudiologia-santiago\/wp-json\/wp\/v2\/comments?post=2096"}],"version-history":[{"count":3,"href":"https:\/\/medicina.udd.cl\/fonoaudiologia-santiago\/wp-json\/wp\/v2\/posts\/2096\/revisions"}],"predecessor-version":[{"id":2102,"href":"https:\/\/medicina.udd.cl\/fonoaudiologia-santiago\/wp-json\/wp\/v2\/posts\/2096\/revisions\/2102"}],"wp:featuredmedia":[{"embeddable":true,"href":"https:\/\/medicina.udd.cl\/fonoaudiologia-santiago\/wp-json\/wp\/v2\/media\/2098"}],"wp:attachment":[{"href":"https:\/\/medicina.udd.cl\/fonoaudiologia-santiago\/wp-json\/wp\/v2\/media?parent=2096"}],"wp:term":[{"taxonomy":"category","embeddable":true,"href":"https:\/\/medicina.udd.cl\/fonoaudiologia-santiago\/wp-json\/wp\/v2\/categories?post=2096"},{"taxonomy":"post_tag","embeddable":true,"href":"https:\/\/medicina.udd.cl\/fonoaudiologia-santiago\/wp-json\/wp\/v2\/tags?post=2096"}],"curies":[{"name":"wp","href":"https:\/\/api.w.org\/{rel}","templated":true}]}}