{"id":228,"date":"2010-07-12T14:35:19","date_gmt":"2010-07-12T18:35:19","guid":{"rendered":"http:\/\/medicina.udd.cl\/fonoaudiologia-santiago\/2010\/07\/12\/simposio-internacional-alteraciones-de-la-comunicacion-en-ninos-y-adolescentes\/"},"modified":"2010-07-12T14:35:19","modified_gmt":"2010-07-12T18:35:19","slug":"simposio-internacional-alteraciones-de-la-comunicacion-en-ninos-y-adolescentes","status":"publish","type":"post","link":"https:\/\/medicina.udd.cl\/fonoaudiologia-santiago\/noticias\/2010\/07\/12\/simposio-internacional-alteraciones-de-la-comunicacion-en-ninos-y-adolescentes\/","title":{"rendered":"Simposio Internacional Alteraciones de la Comunicaci\u00f3n en Ni\u00f1os y Adolescentes"},"content":{"rendered":"<p style=\"text-align: justify\"><a href=\"http:\/\/medicina.udd.cl\/fonoaudiologia-santiago\/files\/2010\/07\/22.22.jpg\"><img loading=\"lazy\" decoding=\"async\" class=\"alignleft size-full wp-image-227\" title=\"22.22\" src=\"http:\/\/medicina.udd.cl\/fonoaudiologia-santiago\/files\/2010\/07\/22.22.jpg\" alt=\"\" width=\"227\" height=\"170\" \/><\/a>La coordinadora acad\u00e9mica de la carrera, Mar\u00eda Antonella Urz\u00faa; las coordinadoras del \u00e1rea ni\u00f1os y habla infantil Lorena Alem\u00e1n y Carol Herrera respectivamente, y la docente Falonn Contreras asistieron al <strong>Simposio Internacional Alteraciones de la Comunicaci\u00f3n en Ni\u00f1os y Adolescentes<\/strong> realizado en la casa central de la Universidad del Talca.<\/p>\n<p style=\"text-align: justify\">En el encuentro, realizado el 16 y 17 de abril, se discuti\u00f3 y analiz\u00f3 sobre los modelos y estrategias de evaluaci\u00f3n e intervenci\u00f3n en ni\u00f1os y adolescentes con alteraciones del lenguaje, con temas como: el habla en ni\u00f1os con par\u00e1lisis cerebral, la adquisici\u00f3n del lenguaje y sordera, la intervenci\u00f3n fonoaudiol\u00f3gica en ni\u00f1os hipoac\u00fasticos, entre otros temas.<\/p>\n<p style=\"text-align: justify\">El simposio, adem\u00e1s, cont\u00f3 con la participaci\u00f3n de destacados expositores nacionales y extranjeros como el Dr. Luis Mart\u00ednez, el Dr. Miguel Puyuelo y Ph.D. Gina Conti-ramsden.<\/p>\n","protected":false},"excerpt":{"rendered":"<p>La coordinadora acad\u00e9mica de la carrera, Mar\u00eda Antonella Urz\u00faa; las coordinadoras del \u00e1rea ni\u00f1os y habla infantil Lorena Alem\u00e1n y Carol Herrera respectivamente, y la docente Falonn Contreras asistieron al Simposio Internacional Alteraciones de la Comunicaci\u00f3n en Ni\u00f1os y Adolescentes realizado en la casa central de la Universidad del Talca. En el encuentro, realizado el [&hellip;]<\/p>\n","protected":false},"author":1,"featured_media":0,"comment_status":"open","ping_status":"open","sticky":false,"template":"","format":"standard","meta":{"footnotes":""},"categories":[1],"tags":[],"class_list":["post-228","post","type-post","status-publish","format-standard","hentry","category-sin-categoria"],"yoast_head":"<!-- This site is optimized with the Yoast SEO plugin v26.9 - https:\/\/yoast.com\/product\/yoast-seo-wordpress\/ -->\n<title>Simposio Internacional Alteraciones de la Comunicaci\u00f3n en Ni\u00f1os y Adolescentes - Fonoaudiolog\u00eda<\/title>\n<meta name=\"robots\" content=\"index, follow, max-snippet:-1, max-image-preview:large, max-video-preview:-1\" \/>\n<link rel=\"canonical\" href=\"https:\/\/medicina.udd.cl\/fonoaudiologia-santiago\/noticias\/2010\/07\/12\/simposio-internacional-alteraciones-de-la-comunicacion-en-ninos-y-adolescentes\/\" \/>\n<meta property=\"og:locale\" content=\"es_ES\" \/>\n<meta property=\"og:type\" content=\"article\" \/>\n<meta property=\"og:title\" content=\"Simposio Internacional Alteraciones de la Comunicaci\u00f3n en Ni\u00f1os y Adolescentes - Fonoaudiolog\u00eda\" \/>\n<meta property=\"og:description\" content=\"La coordinadora acad\u00e9mica de la carrera, Mar\u00eda Antonella Urz\u00faa; las coordinadoras del \u00e1rea ni\u00f1os y habla infantil Lorena Alem\u00e1n y Carol Herrera respectivamente, y la docente Falonn Contreras asistieron al Simposio Internacional Alteraciones de la Comunicaci\u00f3n en Ni\u00f1os y Adolescentes realizado en la casa central de la Universidad del Talca. En el encuentro, realizado el [&hellip;]\" \/>\n<meta property=\"og:url\" content=\"https:\/\/medicina.udd.cl\/fonoaudiologia-santiago\/noticias\/2010\/07\/12\/simposio-internacional-alteraciones-de-la-comunicacion-en-ninos-y-adolescentes\/\" \/>\n<meta property=\"og:site_name\" content=\"Fonoaudiolog\u00eda\" \/>\n<meta property=\"article:published_time\" content=\"2010-07-12T18:35:19+00:00\" \/>\n<meta property=\"og:image\" content=\"http:\/\/medicina.udd.cl\/fonoaudiologia-santiago\/files\/2010\/07\/22.22.jpg\" \/>\n<meta name=\"author\" content=\"admin\" \/>\n<meta name=\"twitter:label1\" content=\"Escrito por\" \/>\n\t<meta name=\"twitter:data1\" content=\"admin\" \/>\n\t<meta name=\"twitter:label2\" content=\"Tiempo de lectura\" \/>\n\t<meta name=\"twitter:data2\" content=\"1 minuto\" \/>\n<script type=\"application\/ld+json\" class=\"yoast-schema-graph\">{\"@context\":\"https:\/\/schema.org\",\"@graph\":[{\"@type\":\"Article\",\"@id\":\"https:\/\/medicina.udd.cl\/fonoaudiologia-santiago\/noticias\/2010\/07\/12\/simposio-internacional-alteraciones-de-la-comunicacion-en-ninos-y-adolescentes\/#article\",\"isPartOf\":{\"@id\":\"https:\/\/medicina.udd.cl\/fonoaudiologia-santiago\/noticias\/2010\/07\/12\/simposio-internacional-alteraciones-de-la-comunicacion-en-ninos-y-adolescentes\/\"},\"author\":{\"name\":\"admin\",\"@id\":\"https:\/\/medicina.udd.cl\/fonoaudiologia-santiago\/#\/schema\/person\/f7abfa784c86da427e89287831f96ab7\"},\"headline\":\"Simposio Internacional Alteraciones de la Comunicaci\u00f3n en Ni\u00f1os y Adolescentes\",\"datePublished\":\"2010-07-12T18:35:19+00:00\",\"mainEntityOfPage\":{\"@id\":\"https:\/\/medicina.udd.cl\/fonoaudiologia-santiago\/noticias\/2010\/07\/12\/simposio-internacional-alteraciones-de-la-comunicacion-en-ninos-y-adolescentes\/\"},\"wordCount\":163,\"commentCount\":0,\"image\":{\"@id\":\"https:\/\/medicina.udd.cl\/fonoaudiologia-santiago\/noticias\/2010\/07\/12\/simposio-internacional-alteraciones-de-la-comunicacion-en-ninos-y-adolescentes\/#primaryimage\"},\"thumbnailUrl\":\"http:\/\/medicina.udd.cl\/fonoaudiologia-santiago\/files\/2010\/07\/22.22.jpg\",\"inLanguage\":\"es\",\"potentialAction\":[{\"@type\":\"CommentAction\",\"name\":\"Comment\",\"target\":[\"https:\/\/medicina.udd.cl\/fonoaudiologia-santiago\/noticias\/2010\/07\/12\/simposio-internacional-alteraciones-de-la-comunicacion-en-ninos-y-adolescentes\/#respond\"]}]},{\"@type\":\"WebPage\",\"@id\":\"https:\/\/medicina.udd.cl\/fonoaudiologia-santiago\/noticias\/2010\/07\/12\/simposio-internacional-alteraciones-de-la-comunicacion-en-ninos-y-adolescentes\/\",\"url\":\"https:\/\/medicina.udd.cl\/fonoaudiologia-santiago\/noticias\/2010\/07\/12\/simposio-internacional-alteraciones-de-la-comunicacion-en-ninos-y-adolescentes\/\",\"name\":\"Simposio Internacional Alteraciones de la Comunicaci\u00f3n en Ni\u00f1os y Adolescentes - Fonoaudiolog\u00eda\",\"isPartOf\":{\"@id\":\"https:\/\/medicina.udd.cl\/fonoaudiologia-santiago\/#website\"},\"primaryImageOfPage\":{\"@id\":\"https:\/\/medicina.udd.cl\/fonoaudiologia-santiago\/noticias\/2010\/07\/12\/simposio-internacional-alteraciones-de-la-comunicacion-en-ninos-y-adolescentes\/#primaryimage\"},\"image\":{\"@id\":\"https:\/\/medicina.udd.cl\/fonoaudiologia-santiago\/noticias\/2010\/07\/12\/simposio-internacional-alteraciones-de-la-comunicacion-en-ninos-y-adolescentes\/#primaryimage\"},\"thumbnailUrl\":\"http:\/\/medicina.udd.cl\/fonoaudiologia-santiago\/files\/2010\/07\/22.22.jpg\",\"datePublished\":\"2010-07-12T18:35:19+00:00\",\"author\":{\"@id\":\"https:\/\/medicina.udd.cl\/fonoaudiologia-santiago\/#\/schema\/person\/f7abfa784c86da427e89287831f96ab7\"},\"breadcrumb\":{\"@id\":\"https:\/\/medicina.udd.cl\/fonoaudiologia-santiago\/noticias\/2010\/07\/12\/simposio-internacional-alteraciones-de-la-comunicacion-en-ninos-y-adolescentes\/#breadcrumb\"},\"inLanguage\":\"es\",\"potentialAction\":[{\"@type\":\"ReadAction\",\"target\":[\"https:\/\/medicina.udd.cl\/fonoaudiologia-santiago\/noticias\/2010\/07\/12\/simposio-internacional-alteraciones-de-la-comunicacion-en-ninos-y-adolescentes\/\"]}]},{\"@type\":\"ImageObject\",\"inLanguage\":\"es\",\"@id\":\"https:\/\/medicina.udd.cl\/fonoaudiologia-santiago\/noticias\/2010\/07\/12\/simposio-internacional-alteraciones-de-la-comunicacion-en-ninos-y-adolescentes\/#primaryimage\",\"url\":\"http:\/\/medicina.udd.cl\/fonoaudiologia-santiago\/files\/2010\/07\/22.22.jpg\",\"contentUrl\":\"http:\/\/medicina.udd.cl\/fonoaudiologia-santiago\/files\/2010\/07\/22.22.jpg\"},{\"@type\":\"BreadcrumbList\",\"@id\":\"https:\/\/medicina.udd.cl\/fonoaudiologia-santiago\/noticias\/2010\/07\/12\/simposio-internacional-alteraciones-de-la-comunicacion-en-ninos-y-adolescentes\/#breadcrumb\",\"itemListElement\":[{\"@type\":\"ListItem\",\"position\":1,\"name\":\"Home\",\"item\":\"https:\/\/medicina.udd.cl\/fonoaudiologia-santiago\/\"},{\"@type\":\"ListItem\",\"position\":2,\"name\":\"Simposio Internacional Alteraciones de la Comunicaci\u00f3n en Ni\u00f1os y Adolescentes\"}]},{\"@type\":\"WebSite\",\"@id\":\"https:\/\/medicina.udd.cl\/fonoaudiologia-santiago\/#website\",\"url\":\"https:\/\/medicina.udd.cl\/fonoaudiologia-santiago\/\",\"name\":\"Fonoaudiolog\u00eda\",\"description\":\"Facultad de Medicina Cl\u00ednica Alemana Universidad del Desarrollo\",\"inLanguage\":\"es\"},{\"@type\":\"Person\",\"@id\":\"https:\/\/medicina.udd.cl\/fonoaudiologia-santiago\/#\/schema\/person\/f7abfa784c86da427e89287831f96ab7\",\"name\":\"admin\",\"image\":{\"@type\":\"ImageObject\",\"inLanguage\":\"es\",\"@id\":\"https:\/\/medicina.udd.cl\/fonoaudiologia-santiago\/#\/schema\/person\/image\/\",\"url\":\"https:\/\/secure.gravatar.com\/avatar\/3cb6da298954dfb54457c0910b8c9ca010abd8d87a60f7d701b6ce4254e1c642?s=96&d=mm&r=g\",\"contentUrl\":\"https:\/\/secure.gravatar.com\/avatar\/3cb6da298954dfb54457c0910b8c9ca010abd8d87a60f7d701b6ce4254e1c642?s=96&d=mm&r=g\",\"caption\":\"admin\"},\"url\":\"https:\/\/medicina.udd.cl\/fonoaudiologia-santiago\/noticias\/author\/admin\/\"}]}<\/script>\n<!-- \/ Yoast SEO plugin. -->","yoast_head_json":{"title":"Simposio Internacional Alteraciones de la Comunicaci\u00f3n en Ni\u00f1os y Adolescentes - Fonoaudiolog\u00eda","robots":{"index":"index","follow":"follow","max-snippet":"max-snippet:-1","max-image-preview":"max-image-preview:large","max-video-preview":"max-video-preview:-1"},"canonical":"https:\/\/medicina.udd.cl\/fonoaudiologia-santiago\/noticias\/2010\/07\/12\/simposio-internacional-alteraciones-de-la-comunicacion-en-ninos-y-adolescentes\/","og_locale":"es_ES","og_type":"article","og_title":"Simposio Internacional Alteraciones de la Comunicaci\u00f3n en Ni\u00f1os y Adolescentes - Fonoaudiolog\u00eda","og_description":"La coordinadora acad\u00e9mica de la carrera, Mar\u00eda Antonella Urz\u00faa; las coordinadoras del \u00e1rea ni\u00f1os y habla infantil Lorena Alem\u00e1n y Carol Herrera respectivamente, y la docente Falonn Contreras asistieron al Simposio Internacional Alteraciones de la Comunicaci\u00f3n en Ni\u00f1os y Adolescentes realizado en la casa central de la Universidad del Talca. En el encuentro, realizado el [&hellip;]","og_url":"https:\/\/medicina.udd.cl\/fonoaudiologia-santiago\/noticias\/2010\/07\/12\/simposio-internacional-alteraciones-de-la-comunicacion-en-ninos-y-adolescentes\/","og_site_name":"Fonoaudiolog\u00eda","article_published_time":"2010-07-12T18:35:19+00:00","og_image":[{"url":"http:\/\/medicina.udd.cl\/fonoaudiologia-santiago\/files\/2010\/07\/22.22.jpg","type":"","width":"","height":""}],"author":"admin","twitter_misc":{"Escrito por":"admin","Tiempo de lectura":"1 minuto"},"schema":{"@context":"https:\/\/schema.org","@graph":[{"@type":"Article","@id":"https:\/\/medicina.udd.cl\/fonoaudiologia-santiago\/noticias\/2010\/07\/12\/simposio-internacional-alteraciones-de-la-comunicacion-en-ninos-y-adolescentes\/#article","isPartOf":{"@id":"https:\/\/medicina.udd.cl\/fonoaudiologia-santiago\/noticias\/2010\/07\/12\/simposio-internacional-alteraciones-de-la-comunicacion-en-ninos-y-adolescentes\/"},"author":{"name":"admin","@id":"https:\/\/medicina.udd.cl\/fonoaudiologia-santiago\/#\/schema\/person\/f7abfa784c86da427e89287831f96ab7"},"headline":"Simposio Internacional Alteraciones de la Comunicaci\u00f3n en Ni\u00f1os y Adolescentes","datePublished":"2010-07-12T18:35:19+00:00","mainEntityOfPage":{"@id":"https:\/\/medicina.udd.cl\/fonoaudiologia-santiago\/noticias\/2010\/07\/12\/simposio-internacional-alteraciones-de-la-comunicacion-en-ninos-y-adolescentes\/"},"wordCount":163,"commentCount":0,"image":{"@id":"https:\/\/medicina.udd.cl\/fonoaudiologia-santiago\/noticias\/2010\/07\/12\/simposio-internacional-alteraciones-de-la-comunicacion-en-ninos-y-adolescentes\/#primaryimage"},"thumbnailUrl":"http:\/\/medicina.udd.cl\/fonoaudiologia-santiago\/files\/2010\/07\/22.22.jpg","inLanguage":"es","potentialAction":[{"@type":"CommentAction","name":"Comment","target":["https:\/\/medicina.udd.cl\/fonoaudiologia-santiago\/noticias\/2010\/07\/12\/simposio-internacional-alteraciones-de-la-comunicacion-en-ninos-y-adolescentes\/#respond"]}]},{"@type":"WebPage","@id":"https:\/\/medicina.udd.cl\/fonoaudiologia-santiago\/noticias\/2010\/07\/12\/simposio-internacional-alteraciones-de-la-comunicacion-en-ninos-y-adolescentes\/","url":"https:\/\/medicina.udd.cl\/fonoaudiologia-santiago\/noticias\/2010\/07\/12\/simposio-internacional-alteraciones-de-la-comunicacion-en-ninos-y-adolescentes\/","name":"Simposio Internacional Alteraciones de la Comunicaci\u00f3n en Ni\u00f1os y Adolescentes - Fonoaudiolog\u00eda","isPartOf":{"@id":"https:\/\/medicina.udd.cl\/fonoaudiologia-santiago\/#website"},"primaryImageOfPage":{"@id":"https:\/\/medicina.udd.cl\/fonoaudiologia-santiago\/noticias\/2010\/07\/12\/simposio-internacional-alteraciones-de-la-comunicacion-en-ninos-y-adolescentes\/#primaryimage"},"image":{"@id":"https:\/\/medicina.udd.cl\/fonoaudiologia-santiago\/noticias\/2010\/07\/12\/simposio-internacional-alteraciones-de-la-comunicacion-en-ninos-y-adolescentes\/#primaryimage"},"thumbnailUrl":"http:\/\/medicina.udd.cl\/fonoaudiologia-santiago\/files\/2010\/07\/22.22.jpg","datePublished":"2010-07-12T18:35:19+00:00","author":{"@id":"https:\/\/medicina.udd.cl\/fonoaudiologia-santiago\/#\/schema\/person\/f7abfa784c86da427e89287831f96ab7"},"breadcrumb":{"@id":"https:\/\/medicina.udd.cl\/fonoaudiologia-santiago\/noticias\/2010\/07\/12\/simposio-internacional-alteraciones-de-la-comunicacion-en-ninos-y-adolescentes\/#breadcrumb"},"inLanguage":"es","potentialAction":[{"@type":"ReadAction","target":["https:\/\/medicina.udd.cl\/fonoaudiologia-santiago\/noticias\/2010\/07\/12\/simposio-internacional-alteraciones-de-la-comunicacion-en-ninos-y-adolescentes\/"]}]},{"@type":"ImageObject","inLanguage":"es","@id":"https:\/\/medicina.udd.cl\/fonoaudiologia-santiago\/noticias\/2010\/07\/12\/simposio-internacional-alteraciones-de-la-comunicacion-en-ninos-y-adolescentes\/#primaryimage","url":"http:\/\/medicina.udd.cl\/fonoaudiologia-santiago\/files\/2010\/07\/22.22.jpg","contentUrl":"http:\/\/medicina.udd.cl\/fonoaudiologia-santiago\/files\/2010\/07\/22.22.jpg"},{"@type":"BreadcrumbList","@id":"https:\/\/medicina.udd.cl\/fonoaudiologia-santiago\/noticias\/2010\/07\/12\/simposio-internacional-alteraciones-de-la-comunicacion-en-ninos-y-adolescentes\/#breadcrumb","itemListElement":[{"@type":"ListItem","position":1,"name":"Home","item":"https:\/\/medicina.udd.cl\/fonoaudiologia-santiago\/"},{"@type":"ListItem","position":2,"name":"Simposio Internacional Alteraciones de la Comunicaci\u00f3n en Ni\u00f1os y Adolescentes"}]},{"@type":"WebSite","@id":"https:\/\/medicina.udd.cl\/fonoaudiologia-santiago\/#website","url":"https:\/\/medicina.udd.cl\/fonoaudiologia-santiago\/","name":"Fonoaudiolog\u00eda","description":"Facultad de Medicina Cl\u00ednica Alemana Universidad del Desarrollo","inLanguage":"es"},{"@type":"Person","@id":"https:\/\/medicina.udd.cl\/fonoaudiologia-santiago\/#\/schema\/person\/f7abfa784c86da427e89287831f96ab7","name":"admin","image":{"@type":"ImageObject","inLanguage":"es","@id":"https:\/\/medicina.udd.cl\/fonoaudiologia-santiago\/#\/schema\/person\/image\/","url":"https:\/\/secure.gravatar.com\/avatar\/3cb6da298954dfb54457c0910b8c9ca010abd8d87a60f7d701b6ce4254e1c642?s=96&d=mm&r=g","contentUrl":"https:\/\/secure.gravatar.com\/avatar\/3cb6da298954dfb54457c0910b8c9ca010abd8d87a60f7d701b6ce4254e1c642?s=96&d=mm&r=g","caption":"admin"},"url":"https:\/\/medicina.udd.cl\/fonoaudiologia-santiago\/noticias\/author\/admin\/"}]}},"featured_image_url":null,"_links":{"self":[{"href":"https:\/\/medicina.udd.cl\/fonoaudiologia-santiago\/wp-json\/wp\/v2\/posts\/228","targetHints":{"allow":["GET"]}}],"collection":[{"href":"https:\/\/medicina.udd.cl\/fonoaudiologia-santiago\/wp-json\/wp\/v2\/posts"}],"about":[{"href":"https:\/\/medicina.udd.cl\/fonoaudiologia-santiago\/wp-json\/wp\/v2\/types\/post"}],"author":[{"embeddable":true,"href":"https:\/\/medicina.udd.cl\/fonoaudiologia-santiago\/wp-json\/wp\/v2\/users\/1"}],"replies":[{"embeddable":true,"href":"https:\/\/medicina.udd.cl\/fonoaudiologia-santiago\/wp-json\/wp\/v2\/comments?post=228"}],"version-history":[{"count":0,"href":"https:\/\/medicina.udd.cl\/fonoaudiologia-santiago\/wp-json\/wp\/v2\/posts\/228\/revisions"}],"wp:attachment":[{"href":"https:\/\/medicina.udd.cl\/fonoaudiologia-santiago\/wp-json\/wp\/v2\/media?parent=228"}],"wp:term":[{"taxonomy":"category","embeddable":true,"href":"https:\/\/medicina.udd.cl\/fonoaudiologia-santiago\/wp-json\/wp\/v2\/categories?post=228"},{"taxonomy":"post_tag","embeddable":true,"href":"https:\/\/medicina.udd.cl\/fonoaudiologia-santiago\/wp-json\/wp\/v2\/tags?post=228"}],"curies":[{"name":"wp","href":"https:\/\/api.w.org\/{rel}","templated":true}]}}