{"id":2280,"date":"2014-04-17T10:43:25","date_gmt":"2014-04-17T14:43:25","guid":{"rendered":"http:\/\/medicina.udd.cl\/fonoaudiologia-santiago\/?p=2280"},"modified":"2014-04-17T10:43:25","modified_gmt":"2014-04-17T14:43:25","slug":"fonoaudiologia-celebra-dia-mundial-de-la-voz","status":"publish","type":"post","link":"https:\/\/medicina.udd.cl\/fonoaudiologia-santiago\/noticias\/2014\/04\/17\/fonoaudiologia-celebra-dia-mundial-de-la-voz\/","title":{"rendered":"Fonoaudiolog\u00eda celebra D\u00eda Mundial de la Voz"},"content":{"rendered":"<div id=\"gallery-1\" class=\"carousel slide carousel-gallery\" data-ride=\"false\" data-interval=\"false\"><div class=\"carousel-inner\" role=\"listbox\"><figure class=\"carousel-item active\"><img loading=\"lazy\" decoding=\"async\" width=\"600\" height=\"402\" src=\"https:\/\/medicina.udd.cl\/fonoaudiologia-santiago\/files\/2014\/04\/D\u00eda-Mundial-de-la-Voz-en-la-UDD.jpg\" class=\"attachment-landscape_952 size-landscape_952\" alt=\"\" srcset=\"https:\/\/medicina.udd.cl\/fonoaudiologia-santiago\/files\/2014\/04\/D\u00eda-Mundial-de-la-Voz-en-la-UDD.jpg 600w, https:\/\/medicina.udd.cl\/fonoaudiologia-santiago\/files\/2014\/04\/D\u00eda-Mundial-de-la-Voz-en-la-UDD-300x201.jpg 300w\" sizes=\"auto, (max-width: 600px) 100vw, 600px\" \/><\/figure><figure class=\"carousel-item\"><img loading=\"lazy\" decoding=\"async\" width=\"600\" height=\"402\" src=\"https:\/\/medicina.udd.cl\/fonoaudiologia-santiago\/files\/2014\/04\/Estudiantes.jpg\" class=\"attachment-landscape_952 size-landscape_952\" alt=\"\" srcset=\"https:\/\/medicina.udd.cl\/fonoaudiologia-santiago\/files\/2014\/04\/Estudiantes.jpg 600w, https:\/\/medicina.udd.cl\/fonoaudiologia-santiago\/files\/2014\/04\/Estudiantes-300x201.jpg 300w\" sizes=\"auto, (max-width: 600px) 100vw, 600px\" \/><\/figure><figure class=\"carousel-item\"><img loading=\"lazy\" decoding=\"async\" width=\"600\" height=\"402\" src=\"https:\/\/medicina.udd.cl\/fonoaudiologia-santiago\/files\/2014\/04\/Fonoaudiolog\u00eda-celebra-D\u00eda-Mundial-de-la-Voz.jpg\" class=\"attachment-landscape_952 size-landscape_952\" alt=\"\" srcset=\"https:\/\/medicina.udd.cl\/fonoaudiologia-santiago\/files\/2014\/04\/Fonoaudiolog\u00eda-celebra-D\u00eda-Mundial-de-la-Voz.jpg 600w, https:\/\/medicina.udd.cl\/fonoaudiologia-santiago\/files\/2014\/04\/Fonoaudiolog\u00eda-celebra-D\u00eda-Mundial-de-la-Voz-300x201.jpg 300w\" sizes=\"auto, (max-width: 600px) 100vw, 600px\" \/><\/figure><figure class=\"carousel-item\"><img loading=\"lazy\" decoding=\"async\" width=\"600\" height=\"402\" src=\"https:\/\/medicina.udd.cl\/fonoaudiologia-santiago\/files\/2014\/04\/Patio-de-Aulas.jpg\" class=\"attachment-landscape_952 size-landscape_952\" alt=\"\" srcset=\"https:\/\/medicina.udd.cl\/fonoaudiologia-santiago\/files\/2014\/04\/Patio-de-Aulas.jpg 600w, https:\/\/medicina.udd.cl\/fonoaudiologia-santiago\/files\/2014\/04\/Patio-de-Aulas-300x201.jpg 300w\" sizes=\"auto, (max-width: 600px) 100vw, 600px\" \/><\/figure><figure class=\"carousel-item\"><img loading=\"lazy\" decoding=\"async\" width=\"600\" height=\"402\" src=\"https:\/\/medicina.udd.cl\/fonoaudiologia-santiago\/files\/2014\/04\/Profesoras-de-Fonoaudiolog\u00eda.jpg\" class=\"attachment-landscape_952 size-landscape_952\" alt=\"\" srcset=\"https:\/\/medicina.udd.cl\/fonoaudiologia-santiago\/files\/2014\/04\/Profesoras-de-Fonoaudiolog\u00eda.jpg 600w, https:\/\/medicina.udd.cl\/fonoaudiologia-santiago\/files\/2014\/04\/Profesoras-de-Fonoaudiolog\u00eda-300x201.jpg 300w\" sizes=\"auto, (max-width: 600px) 100vw, 600px\" \/><\/figure><\/div><footer class=\"carousel-footer\"><div class=\"carousel-counter\"><span class=\"carousel-counter-current\"><\/span> \/ <span class=\"carousel-counter-total\"><\/span><\/div><a class=\"carousel-control-prev\" href=\"#gallery-1\" role=\"button\" data-slide=\"prev\"><svg aria-hidden=\"true\" class=\"svg-chevron-left-dims\"><use xlink:href='https:\/\/medicina.udd.cl\/fonoaudiologia-santiago\/wp-content\/themes\/facultades-2018\/assets\/img\/svg\/dist\/main.svg?version=1695853099#chevron-left'><\/use><\/svg><span class=\"sr-only\">Anterior<\/span><\/a><a class=\"carousel-control-next\" href=\"#gallery-1\" role=\"button\" data-slide=\"next\"><svg aria-hidden=\"true\" class=\"svg-chevron-right-dims\"><use xlink:href='https:\/\/medicina.udd.cl\/fonoaudiologia-santiago\/wp-content\/themes\/facultades-2018\/assets\/img\/svg\/dist\/main.svg?version=1695853099#chevron-right'><\/use><\/svg><span class=\"sr-only\">Siguiente<\/span><\/a><\/footer><\/div>\n<p>Con una intervenci\u00f3n art\u00edstica en el Patio de Aulas del campus Rector Ernesto Silva Bafalluy, <strong>la carrera de Fonoaudiolog\u00eda de la Facultad de Medicina CAS-UDD se sum\u00f3 a las celebraciones del \u201cD\u00eda Mundial de la Voz\u201d<\/strong>.<\/p>\n<p>Alumnos y docentes de la carrera, liderados por el profesor Patricio Orellana, dieron vida a una breve y distendida conmemoraci\u00f3n, con la presentaci\u00f3n de dos d\u00faos de cantantes, quienes lograron cautivar la atenci\u00f3n de los estudiantes que a esa hora circulaban por el lugar.<\/p>\n<p>La carrera de Fonoaudiolog\u00eda aprovech\u00f3 la ocasi\u00f3n para promocionar en la comunidad la <strong>oferta de evaluaciones de voz gratuitas<\/strong>, que est\u00e1 realizando la docente Gabriela Pulgar en el laboratorio ubicado en el edificio Q del mismo campus.<\/p>\n<p><strong>Las evaluaciones son para docentes y estudiantes<\/strong> que quieran verificar si tienen alg\u00fan problema con su voz \u2013afon\u00eda, disfon\u00eda por lesiones o por mal funcionamiento de las cuerdas vocales, entre otros- y se realizar\u00e1n los d\u00edas martes, entre 14:30 y 17:30 horas. Para agendar una cita, deben escribir al docente Patricio Orellana al correo electr\u00f3nico <a href=\"mailto:paorellanam@udd.cl\">paorellanam@udd.cl<\/a><\/p>\n<p>Adem\u00e1s, invitaron a todos los cantantes aficionados de la UDD \u2013que no tienen entrenamiento vocal- a contactarlos tambi\u00e9n, para sumarlos a un proyecto de investigaci\u00f3n de alumnos de cuarto a\u00f1o de la carrera.<\/p>\n","protected":false},"excerpt":{"rendered":"<p>Carrera ofrecer\u00e1 evaluaciones de voz gratuitas para estudiantes y docentes UDD, en su laboratorio ubicado en el campus RESB. <\/p>\n","protected":false},"author":40,"featured_media":2283,"comment_status":"open","ping_status":"open","sticky":false,"template":"","format":"standard","meta":{"footnotes":""},"categories":[4],"tags":[],"class_list":["post-2280","post","type-post","status-publish","format-standard","has-post-thumbnail","hentry","category-noticias"],"yoast_head":"<!-- This site is optimized with the Yoast SEO plugin v26.9 - https:\/\/yoast.com\/product\/yoast-seo-wordpress\/ -->\n<title>Fonoaudiolog\u00eda celebra D\u00eda Mundial de la Voz - UDD<\/title>\n<meta name=\"description\" content=\"Carrera de la Facultad de Medicina ofrecer\u00e1 evaluaciones de voz gratuitas para estudiantes y docentes UDD, en su laboratorio ubicado en el campus RESB.\" \/>\n<meta name=\"robots\" content=\"index, follow, max-snippet:-1, max-image-preview:large, max-video-preview:-1\" \/>\n<link rel=\"canonical\" href=\"https:\/\/medicina.udd.cl\/fonoaudiologia-santiago\/noticias\/2014\/04\/17\/fonoaudiologia-celebra-dia-mundial-de-la-voz\/\" \/>\n<meta property=\"og:locale\" content=\"es_ES\" \/>\n<meta property=\"og:type\" content=\"article\" \/>\n<meta property=\"og:title\" content=\"Fonoaudiolog\u00eda celebra D\u00eda Mundial de la Voz - UDD\" \/>\n<meta property=\"og:description\" content=\"Carrera de la Facultad de Medicina ofrecer\u00e1 evaluaciones de voz gratuitas para estudiantes y docentes UDD, en su laboratorio ubicado en el campus RESB.\" \/>\n<meta property=\"og:url\" content=\"https:\/\/medicina.udd.cl\/fonoaudiologia-santiago\/noticias\/2014\/04\/17\/fonoaudiologia-celebra-dia-mundial-de-la-voz\/\" \/>\n<meta property=\"og:site_name\" content=\"Fonoaudiolog\u00eda\" \/>\n<meta property=\"article:published_time\" content=\"2014-04-17T14:43:25+00:00\" \/>\n<meta property=\"og:image\" content=\"https:\/\/medicina.udd.cl\/fonoaudiologia-santiago\/files\/2014\/04\/Fonoaudiolog\u00eda-celebra-D\u00eda-Mundial-de-la-Voz.jpg\" \/>\n\t<meta property=\"og:image:width\" content=\"600\" \/>\n\t<meta property=\"og:image:height\" content=\"402\" \/>\n\t<meta property=\"og:image:type\" content=\"image\/jpeg\" \/>\n<meta name=\"twitter:label1\" content=\"Escrito por\" \/>\n\t<meta name=\"twitter:data1\" content=\"\" \/>\n\t<meta name=\"twitter:label2\" content=\"Tiempo de lectura\" \/>\n\t<meta name=\"twitter:data2\" content=\"1 minuto\" \/>\n<script type=\"application\/ld+json\" class=\"yoast-schema-graph\">{\"@context\":\"https:\/\/schema.org\",\"@graph\":[{\"@type\":\"Article\",\"@id\":\"https:\/\/medicina.udd.cl\/fonoaudiologia-santiago\/noticias\/2014\/04\/17\/fonoaudiologia-celebra-dia-mundial-de-la-voz\/#article\",\"isPartOf\":{\"@id\":\"https:\/\/medicina.udd.cl\/fonoaudiologia-santiago\/noticias\/2014\/04\/17\/fonoaudiologia-celebra-dia-mundial-de-la-voz\/\"},\"author\":{\"name\":\"\",\"@id\":\"\"},\"headline\":\"Fonoaudiolog\u00eda celebra D\u00eda Mundial de la Voz\",\"datePublished\":\"2014-04-17T14:43:25+00:00\",\"mainEntityOfPage\":{\"@id\":\"https:\/\/medicina.udd.cl\/fonoaudiologia-santiago\/noticias\/2014\/04\/17\/fonoaudiologia-celebra-dia-mundial-de-la-voz\/\"},\"wordCount\":237,\"commentCount\":0,\"image\":{\"@id\":\"https:\/\/medicina.udd.cl\/fonoaudiologia-santiago\/noticias\/2014\/04\/17\/fonoaudiologia-celebra-dia-mundial-de-la-voz\/#primaryimage\"},\"thumbnailUrl\":\"https:\/\/medicina.udd.cl\/fonoaudiologia-santiago\/files\/2014\/04\/Fonoaudiolog\u00eda-celebra-D\u00eda-Mundial-de-la-Voz.jpg\",\"articleSection\":[\"Noticias\"],\"inLanguage\":\"es\",\"potentialAction\":[{\"@type\":\"CommentAction\",\"name\":\"Comment\",\"target\":[\"https:\/\/medicina.udd.cl\/fonoaudiologia-santiago\/noticias\/2014\/04\/17\/fonoaudiologia-celebra-dia-mundial-de-la-voz\/#respond\"]}]},{\"@type\":\"WebPage\",\"@id\":\"https:\/\/medicina.udd.cl\/fonoaudiologia-santiago\/noticias\/2014\/04\/17\/fonoaudiologia-celebra-dia-mundial-de-la-voz\/\",\"url\":\"https:\/\/medicina.udd.cl\/fonoaudiologia-santiago\/noticias\/2014\/04\/17\/fonoaudiologia-celebra-dia-mundial-de-la-voz\/\",\"name\":\"Fonoaudiolog\u00eda celebra D\u00eda Mundial de la Voz - UDD\",\"isPartOf\":{\"@id\":\"https:\/\/medicina.udd.cl\/fonoaudiologia-santiago\/#website\"},\"primaryImageOfPage\":{\"@id\":\"https:\/\/medicina.udd.cl\/fonoaudiologia-santiago\/noticias\/2014\/04\/17\/fonoaudiologia-celebra-dia-mundial-de-la-voz\/#primaryimage\"},\"image\":{\"@id\":\"https:\/\/medicina.udd.cl\/fonoaudiologia-santiago\/noticias\/2014\/04\/17\/fonoaudiologia-celebra-dia-mundial-de-la-voz\/#primaryimage\"},\"thumbnailUrl\":\"https:\/\/medicina.udd.cl\/fonoaudiologia-santiago\/files\/2014\/04\/Fonoaudiolog\u00eda-celebra-D\u00eda-Mundial-de-la-Voz.jpg\",\"datePublished\":\"2014-04-17T14:43:25+00:00\",\"author\":{\"@id\":\"\"},\"description\":\"Carrera de la Facultad de Medicina ofrecer\u00e1 evaluaciones de voz gratuitas para estudiantes y docentes UDD, en su laboratorio ubicado en el campus RESB.\",\"breadcrumb\":{\"@id\":\"https:\/\/medicina.udd.cl\/fonoaudiologia-santiago\/noticias\/2014\/04\/17\/fonoaudiologia-celebra-dia-mundial-de-la-voz\/#breadcrumb\"},\"inLanguage\":\"es\",\"potentialAction\":[{\"@type\":\"ReadAction\",\"target\":[\"https:\/\/medicina.udd.cl\/fonoaudiologia-santiago\/noticias\/2014\/04\/17\/fonoaudiologia-celebra-dia-mundial-de-la-voz\/\"]}]},{\"@type\":\"ImageObject\",\"inLanguage\":\"es\",\"@id\":\"https:\/\/medicina.udd.cl\/fonoaudiologia-santiago\/noticias\/2014\/04\/17\/fonoaudiologia-celebra-dia-mundial-de-la-voz\/#primaryimage\",\"url\":\"https:\/\/medicina.udd.cl\/fonoaudiologia-santiago\/files\/2014\/04\/Fonoaudiolog\u00eda-celebra-D\u00eda-Mundial-de-la-Voz.jpg\",\"contentUrl\":\"https:\/\/medicina.udd.cl\/fonoaudiologia-santiago\/files\/2014\/04\/Fonoaudiolog\u00eda-celebra-D\u00eda-Mundial-de-la-Voz.jpg\",\"width\":600,\"height\":402},{\"@type\":\"BreadcrumbList\",\"@id\":\"https:\/\/medicina.udd.cl\/fonoaudiologia-santiago\/noticias\/2014\/04\/17\/fonoaudiologia-celebra-dia-mundial-de-la-voz\/#breadcrumb\",\"itemListElement\":[{\"@type\":\"ListItem\",\"position\":1,\"name\":\"Home\",\"item\":\"https:\/\/medicina.udd.cl\/fonoaudiologia-santiago\/\"},{\"@type\":\"ListItem\",\"position\":2,\"name\":\"Fonoaudiolog\u00eda celebra D\u00eda Mundial de la Voz\"}]},{\"@type\":\"WebSite\",\"@id\":\"https:\/\/medicina.udd.cl\/fonoaudiologia-santiago\/#website\",\"url\":\"https:\/\/medicina.udd.cl\/fonoaudiologia-santiago\/\",\"name\":\"Fonoaudiolog\u00eda\",\"description\":\"Facultad de Medicina Cl\u00ednica Alemana Universidad del Desarrollo\",\"inLanguage\":\"es\"},{\"@type\":\"Person\",\"@id\":\"\",\"url\":\"https:\/\/medicina.udd.cl\/fonoaudiologia-santiago\/noticias\/author\/\"}]}<\/script>\n<!-- \/ Yoast SEO plugin. -->","yoast_head_json":{"title":"Fonoaudiolog\u00eda celebra D\u00eda Mundial de la Voz - UDD","description":"Carrera de la Facultad de Medicina ofrecer\u00e1 evaluaciones de voz gratuitas para estudiantes y docentes UDD, en su laboratorio ubicado en el campus RESB.","robots":{"index":"index","follow":"follow","max-snippet":"max-snippet:-1","max-image-preview":"max-image-preview:large","max-video-preview":"max-video-preview:-1"},"canonical":"https:\/\/medicina.udd.cl\/fonoaudiologia-santiago\/noticias\/2014\/04\/17\/fonoaudiologia-celebra-dia-mundial-de-la-voz\/","og_locale":"es_ES","og_type":"article","og_title":"Fonoaudiolog\u00eda celebra D\u00eda Mundial de la Voz - UDD","og_description":"Carrera de la Facultad de Medicina ofrecer\u00e1 evaluaciones de voz gratuitas para estudiantes y docentes UDD, en su laboratorio ubicado en el campus RESB.","og_url":"https:\/\/medicina.udd.cl\/fonoaudiologia-santiago\/noticias\/2014\/04\/17\/fonoaudiologia-celebra-dia-mundial-de-la-voz\/","og_site_name":"Fonoaudiolog\u00eda","article_published_time":"2014-04-17T14:43:25+00:00","og_image":[{"width":600,"height":402,"url":"https:\/\/medicina.udd.cl\/fonoaudiologia-santiago\/files\/2014\/04\/Fonoaudiolog\u00eda-celebra-D\u00eda-Mundial-de-la-Voz.jpg","type":"image\/jpeg"}],"twitter_misc":{"Escrito por":"","Tiempo de lectura":"1 minuto"},"schema":{"@context":"https:\/\/schema.org","@graph":[{"@type":"Article","@id":"https:\/\/medicina.udd.cl\/fonoaudiologia-santiago\/noticias\/2014\/04\/17\/fonoaudiologia-celebra-dia-mundial-de-la-voz\/#article","isPartOf":{"@id":"https:\/\/medicina.udd.cl\/fonoaudiologia-santiago\/noticias\/2014\/04\/17\/fonoaudiologia-celebra-dia-mundial-de-la-voz\/"},"author":{"name":"","@id":""},"headline":"Fonoaudiolog\u00eda celebra D\u00eda Mundial de la Voz","datePublished":"2014-04-17T14:43:25+00:00","mainEntityOfPage":{"@id":"https:\/\/medicina.udd.cl\/fonoaudiologia-santiago\/noticias\/2014\/04\/17\/fonoaudiologia-celebra-dia-mundial-de-la-voz\/"},"wordCount":237,"commentCount":0,"image":{"@id":"https:\/\/medicina.udd.cl\/fonoaudiologia-santiago\/noticias\/2014\/04\/17\/fonoaudiologia-celebra-dia-mundial-de-la-voz\/#primaryimage"},"thumbnailUrl":"https:\/\/medicina.udd.cl\/fonoaudiologia-santiago\/files\/2014\/04\/Fonoaudiolog\u00eda-celebra-D\u00eda-Mundial-de-la-Voz.jpg","articleSection":["Noticias"],"inLanguage":"es","potentialAction":[{"@type":"CommentAction","name":"Comment","target":["https:\/\/medicina.udd.cl\/fonoaudiologia-santiago\/noticias\/2014\/04\/17\/fonoaudiologia-celebra-dia-mundial-de-la-voz\/#respond"]}]},{"@type":"WebPage","@id":"https:\/\/medicina.udd.cl\/fonoaudiologia-santiago\/noticias\/2014\/04\/17\/fonoaudiologia-celebra-dia-mundial-de-la-voz\/","url":"https:\/\/medicina.udd.cl\/fonoaudiologia-santiago\/noticias\/2014\/04\/17\/fonoaudiologia-celebra-dia-mundial-de-la-voz\/","name":"Fonoaudiolog\u00eda celebra D\u00eda Mundial de la Voz - UDD","isPartOf":{"@id":"https:\/\/medicina.udd.cl\/fonoaudiologia-santiago\/#website"},"primaryImageOfPage":{"@id":"https:\/\/medicina.udd.cl\/fonoaudiologia-santiago\/noticias\/2014\/04\/17\/fonoaudiologia-celebra-dia-mundial-de-la-voz\/#primaryimage"},"image":{"@id":"https:\/\/medicina.udd.cl\/fonoaudiologia-santiago\/noticias\/2014\/04\/17\/fonoaudiologia-celebra-dia-mundial-de-la-voz\/#primaryimage"},"thumbnailUrl":"https:\/\/medicina.udd.cl\/fonoaudiologia-santiago\/files\/2014\/04\/Fonoaudiolog\u00eda-celebra-D\u00eda-Mundial-de-la-Voz.jpg","datePublished":"2014-04-17T14:43:25+00:00","author":{"@id":""},"description":"Carrera de la Facultad de Medicina ofrecer\u00e1 evaluaciones de voz gratuitas para estudiantes y docentes UDD, en su laboratorio ubicado en el campus RESB.","breadcrumb":{"@id":"https:\/\/medicina.udd.cl\/fonoaudiologia-santiago\/noticias\/2014\/04\/17\/fonoaudiologia-celebra-dia-mundial-de-la-voz\/#breadcrumb"},"inLanguage":"es","potentialAction":[{"@type":"ReadAction","target":["https:\/\/medicina.udd.cl\/fonoaudiologia-santiago\/noticias\/2014\/04\/17\/fonoaudiologia-celebra-dia-mundial-de-la-voz\/"]}]},{"@type":"ImageObject","inLanguage":"es","@id":"https:\/\/medicina.udd.cl\/fonoaudiologia-santiago\/noticias\/2014\/04\/17\/fonoaudiologia-celebra-dia-mundial-de-la-voz\/#primaryimage","url":"https:\/\/medicina.udd.cl\/fonoaudiologia-santiago\/files\/2014\/04\/Fonoaudiolog\u00eda-celebra-D\u00eda-Mundial-de-la-Voz.jpg","contentUrl":"https:\/\/medicina.udd.cl\/fonoaudiologia-santiago\/files\/2014\/04\/Fonoaudiolog\u00eda-celebra-D\u00eda-Mundial-de-la-Voz.jpg","width":600,"height":402},{"@type":"BreadcrumbList","@id":"https:\/\/medicina.udd.cl\/fonoaudiologia-santiago\/noticias\/2014\/04\/17\/fonoaudiologia-celebra-dia-mundial-de-la-voz\/#breadcrumb","itemListElement":[{"@type":"ListItem","position":1,"name":"Home","item":"https:\/\/medicina.udd.cl\/fonoaudiologia-santiago\/"},{"@type":"ListItem","position":2,"name":"Fonoaudiolog\u00eda celebra D\u00eda Mundial de la Voz"}]},{"@type":"WebSite","@id":"https:\/\/medicina.udd.cl\/fonoaudiologia-santiago\/#website","url":"https:\/\/medicina.udd.cl\/fonoaudiologia-santiago\/","name":"Fonoaudiolog\u00eda","description":"Facultad de Medicina Cl\u00ednica Alemana Universidad del Desarrollo","inLanguage":"es"},{"@type":"Person","@id":"","url":"https:\/\/medicina.udd.cl\/fonoaudiologia-santiago\/noticias\/author\/"}]}},"featured_image_url":"https:\/\/medicina.udd.cl\/fonoaudiologia-santiago\/files\/2014\/04\/Fonoaudiolog\u00eda-celebra-D\u00eda-Mundial-de-la-Voz.jpg","_links":{"self":[{"href":"https:\/\/medicina.udd.cl\/fonoaudiologia-santiago\/wp-json\/wp\/v2\/posts\/2280","targetHints":{"allow":["GET"]}}],"collection":[{"href":"https:\/\/medicina.udd.cl\/fonoaudiologia-santiago\/wp-json\/wp\/v2\/posts"}],"about":[{"href":"https:\/\/medicina.udd.cl\/fonoaudiologia-santiago\/wp-json\/wp\/v2\/types\/post"}],"author":[{"embeddable":true,"href":"https:\/\/medicina.udd.cl\/fonoaudiologia-santiago\/wp-json\/wp\/v2\/users\/40"}],"replies":[{"embeddable":true,"href":"https:\/\/medicina.udd.cl\/fonoaudiologia-santiago\/wp-json\/wp\/v2\/comments?post=2280"}],"version-history":[{"count":2,"href":"https:\/\/medicina.udd.cl\/fonoaudiologia-santiago\/wp-json\/wp\/v2\/posts\/2280\/revisions"}],"predecessor-version":[{"id":2287,"href":"https:\/\/medicina.udd.cl\/fonoaudiologia-santiago\/wp-json\/wp\/v2\/posts\/2280\/revisions\/2287"}],"wp:featuredmedia":[{"embeddable":true,"href":"https:\/\/medicina.udd.cl\/fonoaudiologia-santiago\/wp-json\/wp\/v2\/media\/2283"}],"wp:attachment":[{"href":"https:\/\/medicina.udd.cl\/fonoaudiologia-santiago\/wp-json\/wp\/v2\/media?parent=2280"}],"wp:term":[{"taxonomy":"category","embeddable":true,"href":"https:\/\/medicina.udd.cl\/fonoaudiologia-santiago\/wp-json\/wp\/v2\/categories?post=2280"},{"taxonomy":"post_tag","embeddable":true,"href":"https:\/\/medicina.udd.cl\/fonoaudiologia-santiago\/wp-json\/wp\/v2\/tags?post=2280"}],"curies":[{"name":"wp","href":"https:\/\/api.w.org\/{rel}","templated":true}]}}