{"id":2369,"date":"2014-08-27T15:46:52","date_gmt":"2014-08-27T19:46:52","guid":{"rendered":"http:\/\/medicina.udd.cl\/fonoaudiologia-santiago\/?p=2369"},"modified":"2014-08-27T15:49:54","modified_gmt":"2014-08-27T19:49:54","slug":"fonoaudiologia-primeros-chilenos-en-curso-internacional-de-metodo-lessac","status":"publish","type":"post","link":"https:\/\/medicina.udd.cl\/fonoaudiologia-santiago\/noticias\/2014\/08\/27\/fonoaudiologia-primeros-chilenos-en-curso-internacional-de-metodo-lessac\/","title":{"rendered":"Fonoaudiolog\u00eda: Primeros chilenos en curso internacional de M\u00e9todo Lessac"},"content":{"rendered":"<div id=\"gallery-1\" class=\"carousel slide carousel-gallery\" data-ride=\"false\" data-interval=\"false\"><div class=\"carousel-inner\" role=\"listbox\"><figure class=\"carousel-item active\"><img loading=\"lazy\" decoding=\"async\" width=\"640\" height=\"413\" src=\"https:\/\/medicina.udd.cl\/fonoaudiologia-santiago\/files\/2014\/08\/Sebasti\u00e1n-Merino-M\u00e9todo-Lessac.png\" class=\"attachment-landscape_952 size-landscape_952\" alt=\"\" srcset=\"https:\/\/medicina.udd.cl\/fonoaudiologia-santiago\/files\/2014\/08\/Sebasti\u00e1n-Merino-M\u00e9todo-Lessac.png 640w, https:\/\/medicina.udd.cl\/fonoaudiologia-santiago\/files\/2014\/08\/Sebasti\u00e1n-Merino-M\u00e9todo-Lessac-300x194.png 300w, https:\/\/medicina.udd.cl\/fonoaudiologia-santiago\/files\/2014\/08\/Sebasti\u00e1n-Merino-M\u00e9todo-Lessac-125x80.png 125w, https:\/\/medicina.udd.cl\/fonoaudiologia-santiago\/files\/2014\/08\/Sebasti\u00e1n-Merino-M\u00e9todo-Lessac-340x220.png 340w\" sizes=\"auto, (max-width: 640px) 100vw, 640px\" \/><\/figure><figure class=\"carousel-item\"><img loading=\"lazy\" decoding=\"async\" width=\"802\" height=\"393\" src=\"https:\/\/medicina.udd.cl\/fonoaudiologia-santiago\/files\/2014\/08\/Gabriela-Pulgar-M\u00e9todo-Lessac.jpeg\" class=\"attachment-landscape_952 size-landscape_952\" alt=\"\" srcset=\"https:\/\/medicina.udd.cl\/fonoaudiologia-santiago\/files\/2014\/08\/Gabriela-Pulgar-M\u00e9todo-Lessac.jpeg 802w, https:\/\/medicina.udd.cl\/fonoaudiologia-santiago\/files\/2014\/08\/Gabriela-Pulgar-M\u00e9todo-Lessac-300x147.jpeg 300w, https:\/\/medicina.udd.cl\/fonoaudiologia-santiago\/files\/2014\/08\/Gabriela-Pulgar-M\u00e9todo-Lessac-768x376.jpeg 768w, https:\/\/medicina.udd.cl\/fonoaudiologia-santiago\/files\/2014\/08\/Gabriela-Pulgar-M\u00e9todo-Lessac-800x393.jpeg 800w\" sizes=\"auto, (max-width: 802px) 100vw, 802px\" \/><\/figure><figure class=\"carousel-item\"><img loading=\"lazy\" decoding=\"async\" width=\"800\" height=\"497\" src=\"https:\/\/medicina.udd.cl\/fonoaudiologia-santiago\/files\/2014\/08\/Curso-Internacional-M\u00e9todo-Lessac.jpeg\" class=\"attachment-landscape_952 size-landscape_952\" alt=\"\" srcset=\"https:\/\/medicina.udd.cl\/fonoaudiologia-santiago\/files\/2014\/08\/Curso-Internacional-M\u00e9todo-Lessac.jpeg 800w, https:\/\/medicina.udd.cl\/fonoaudiologia-santiago\/files\/2014\/08\/Curso-Internacional-M\u00e9todo-Lessac-300x186.jpeg 300w, https:\/\/medicina.udd.cl\/fonoaudiologia-santiago\/files\/2014\/08\/Curso-Internacional-M\u00e9todo-Lessac-768x477.jpeg 768w\" sizes=\"auto, (max-width: 800px) 100vw, 800px\" \/><\/figure><figure class=\"carousel-item\"><img loading=\"lazy\" decoding=\"async\" width=\"304\" height=\"133\" src=\"https:\/\/medicina.udd.cl\/fonoaudiologia-santiago\/files\/2014\/08\/DePauw-University.jpg\" class=\"attachment-landscape_952 size-landscape_952\" alt=\"\" srcset=\"https:\/\/medicina.udd.cl\/fonoaudiologia-santiago\/files\/2014\/08\/DePauw-University.jpg 304w, https:\/\/medicina.udd.cl\/fonoaudiologia-santiago\/files\/2014\/08\/DePauw-University-300x131.jpg 300w\" sizes=\"auto, (max-width: 304px) 100vw, 304px\" \/><\/figure><\/div><footer class=\"carousel-footer\"><div class=\"carousel-counter\"><span class=\"carousel-counter-current\"><\/span> \/ <span class=\"carousel-counter-total\"><\/span><\/div><a class=\"carousel-control-prev\" href=\"#gallery-1\" role=\"button\" data-slide=\"prev\"><svg aria-hidden=\"true\" class=\"svg-chevron-left-dims\"><use xlink:href='https:\/\/medicina.udd.cl\/fonoaudiologia-santiago\/wp-content\/themes\/facultades-2018\/assets\/img\/svg\/dist\/main.svg?version=1695853099#chevron-left'><\/use><\/svg><span class=\"sr-only\">Anterior<\/span><\/a><a class=\"carousel-control-next\" href=\"#gallery-1\" role=\"button\" data-slide=\"next\"><svg aria-hidden=\"true\" class=\"svg-chevron-right-dims\"><use xlink:href='https:\/\/medicina.udd.cl\/fonoaudiologia-santiago\/wp-content\/themes\/facultades-2018\/assets\/img\/svg\/dist\/main.svg?version=1695853099#chevron-right'><\/use><\/svg><span class=\"sr-only\">Siguiente<\/span><\/a><\/footer><\/div>\n<p>Durante julio, catorce profesionales del \u00e1rea art\u00edstica y de la salud de distintas partes del mundo participaron en el\u00a0<a href=\"http:\/\/lessacinstitute.org\/workshops\/lessac-summer-intensive-2014\/\">curso M\u00e9todo Biodin\u00e1mico de la Voz Arthur Lessac<\/a>, que este a\u00f1o se imparti\u00f3 en<a href=\"http:\/\/www.depauw.edu\/\">DePauw University<\/a>, Estados Unidos.<\/p>\n<p><strong>Esta es la primera vez que el intensivo taller recibe a dos chilenos: la docente Gabriela Pulgar y el estudiante de 4to a\u00f1o Sebasti\u00e1n Merino, ambos de la carrera de Fonoaudiolog\u00eda de la Facultad de Medicina CAS-UDD, que forman parte del \u00e1rea de Voz.<\/strong><\/p>\n<p>El curso tiene por objetivo ense\u00f1ar el m\u00e9todo que cre\u00f3 en la d\u00e9cada de los \u201960 el actor y cantante l\u00edrico Arthur Lessac, que se centra en sentir energ\u00edas corporales y vocales, provocando que todo el cuerpo sea un resonador. De esta manera, se aprende a tener conciencia sobre las vibraciones y sensaciones del sonido lo que permite reconocer, explorar y proyectar la voz en distintos contextos y seg\u00fan distintas necesidades.<\/p>\n<p>Un m\u00e9todo que, si bien tiene directa relaci\u00f3n con el mundo art\u00edstico, tambi\u00e9n se puede implementar en las terapias m\u00e9dicas. As\u00ed lo explica Sebasti\u00e1n Merino:<\/p>\n<p>\u201cEl terapeuta tiene que haber vivido su voz, haberla descubierto y haber sentido sus vibraciones para despu\u00e9s proyectarla en los pacientes. Te hace ser mucho m\u00e1s emp\u00e1tico y te da la capacidad de dar buenas instrucciones. Estas herramientas se pueden aplicar en tratamientos de habla con ni\u00f1os, en personas tartamudas o con disartrias, hacer terapias con instrumentos musicales para lograr que las personas reproduzcan ciertas consonantes, o con pacientes que han sufrido accidentes cerebro-vascular\u201d.<\/p>\n<p>Gabriela agrega: \u201cEl m\u00e9todo de Lessac aporta a nuestra visi\u00f3n terap\u00e9utica porque nos ayuda a ver m\u00e1s all\u00e1 de las t\u00e9cnicas y los aprendido por imitaci\u00f3n, nos gu\u00eda a explora el \u2018sentir\u2019 y el \u2018experimentar\u2019 para aprender una conducta vocal sana. Al momento de realizar terapias debemos considerar mucho m\u00e1s que el estado de las cuerdas vocales de nuestros pacientes, tenemos que intervenir en los distintos aspectos de su esquema corporal vocal\u201d.<\/p>\n","protected":false},"excerpt":{"rendered":"<p>La docente Gabriela Pulgar y el estudiante de 4to a\u00f1o Sebasti\u00e1n Merino participaron en el curso intensivo que imparti\u00f3 el Instituto Lessac en Indiana, Estados Unidos.<\/p>\n","protected":false},"author":40,"featured_media":2373,"comment_status":"open","ping_status":"open","sticky":false,"template":"","format":"standard","meta":{"footnotes":""},"categories":[4],"tags":[],"class_list":["post-2369","post","type-post","status-publish","format-standard","has-post-thumbnail","hentry","category-noticias"],"yoast_head":"<!-- This site is optimized with the Yoast SEO plugin v26.9 - https:\/\/yoast.com\/product\/yoast-seo-wordpress\/ -->\n<title>Fonoaudiolog\u00eda: Primeros chilenos en curso internacional de M\u00e9todo Lessac - Fonoaudiolog\u00eda<\/title>\n<meta name=\"robots\" content=\"index, follow, max-snippet:-1, max-image-preview:large, max-video-preview:-1\" \/>\n<link rel=\"canonical\" href=\"https:\/\/medicina.udd.cl\/fonoaudiologia-santiago\/noticias\/2014\/08\/27\/fonoaudiologia-primeros-chilenos-en-curso-internacional-de-metodo-lessac\/\" \/>\n<meta property=\"og:locale\" content=\"es_ES\" \/>\n<meta property=\"og:type\" content=\"article\" \/>\n<meta property=\"og:title\" content=\"Fonoaudiolog\u00eda: Primeros chilenos en curso internacional de M\u00e9todo Lessac - Fonoaudiolog\u00eda\" \/>\n<meta property=\"og:description\" content=\"La docente Gabriela Pulgar y el estudiante de 4to a\u00f1o Sebasti\u00e1n Merino participaron en el curso intensivo que imparti\u00f3 el Instituto Lessac en Indiana, Estados Unidos.\" \/>\n<meta property=\"og:url\" content=\"https:\/\/medicina.udd.cl\/fonoaudiologia-santiago\/noticias\/2014\/08\/27\/fonoaudiologia-primeros-chilenos-en-curso-internacional-de-metodo-lessac\/\" \/>\n<meta property=\"og:site_name\" content=\"Fonoaudiolog\u00eda\" \/>\n<meta property=\"article:published_time\" content=\"2014-08-27T19:46:52+00:00\" \/>\n<meta property=\"article:modified_time\" content=\"2014-08-27T19:49:54+00:00\" \/>\n<meta property=\"og:image\" content=\"https:\/\/medicina.udd.cl\/fonoaudiologia-santiago\/files\/2014\/08\/Sebasti\u00e1n-Merino-M\u00e9todo-Lessac.png\" \/>\n\t<meta property=\"og:image:width\" content=\"640\" \/>\n\t<meta property=\"og:image:height\" content=\"413\" \/>\n\t<meta property=\"og:image:type\" content=\"image\/png\" \/>\n<meta name=\"twitter:label1\" content=\"Escrito por\" \/>\n\t<meta name=\"twitter:data1\" content=\"\" \/>\n\t<meta name=\"twitter:label2\" content=\"Tiempo de lectura\" \/>\n\t<meta name=\"twitter:data2\" content=\"2 minutos\" \/>\n<script type=\"application\/ld+json\" class=\"yoast-schema-graph\">{\"@context\":\"https:\/\/schema.org\",\"@graph\":[{\"@type\":\"Article\",\"@id\":\"https:\/\/medicina.udd.cl\/fonoaudiologia-santiago\/noticias\/2014\/08\/27\/fonoaudiologia-primeros-chilenos-en-curso-internacional-de-metodo-lessac\/#article\",\"isPartOf\":{\"@id\":\"https:\/\/medicina.udd.cl\/fonoaudiologia-santiago\/noticias\/2014\/08\/27\/fonoaudiologia-primeros-chilenos-en-curso-internacional-de-metodo-lessac\/\"},\"author\":{\"name\":\"\",\"@id\":\"\"},\"headline\":\"Fonoaudiolog\u00eda: Primeros chilenos en curso internacional de M\u00e9todo Lessac\",\"datePublished\":\"2014-08-27T19:46:52+00:00\",\"dateModified\":\"2014-08-27T19:49:54+00:00\",\"mainEntityOfPage\":{\"@id\":\"https:\/\/medicina.udd.cl\/fonoaudiologia-santiago\/noticias\/2014\/08\/27\/fonoaudiologia-primeros-chilenos-en-curso-internacional-de-metodo-lessac\/\"},\"wordCount\":365,\"commentCount\":0,\"image\":{\"@id\":\"https:\/\/medicina.udd.cl\/fonoaudiologia-santiago\/noticias\/2014\/08\/27\/fonoaudiologia-primeros-chilenos-en-curso-internacional-de-metodo-lessac\/#primaryimage\"},\"thumbnailUrl\":\"https:\/\/medicina.udd.cl\/fonoaudiologia-santiago\/files\/2014\/08\/Sebasti\u00e1n-Merino-M\u00e9todo-Lessac.png\",\"articleSection\":[\"Noticias\"],\"inLanguage\":\"es\",\"potentialAction\":[{\"@type\":\"CommentAction\",\"name\":\"Comment\",\"target\":[\"https:\/\/medicina.udd.cl\/fonoaudiologia-santiago\/noticias\/2014\/08\/27\/fonoaudiologia-primeros-chilenos-en-curso-internacional-de-metodo-lessac\/#respond\"]}]},{\"@type\":\"WebPage\",\"@id\":\"https:\/\/medicina.udd.cl\/fonoaudiologia-santiago\/noticias\/2014\/08\/27\/fonoaudiologia-primeros-chilenos-en-curso-internacional-de-metodo-lessac\/\",\"url\":\"https:\/\/medicina.udd.cl\/fonoaudiologia-santiago\/noticias\/2014\/08\/27\/fonoaudiologia-primeros-chilenos-en-curso-internacional-de-metodo-lessac\/\",\"name\":\"Fonoaudiolog\u00eda: Primeros chilenos en curso internacional de M\u00e9todo Lessac - Fonoaudiolog\u00eda\",\"isPartOf\":{\"@id\":\"https:\/\/medicina.udd.cl\/fonoaudiologia-santiago\/#website\"},\"primaryImageOfPage\":{\"@id\":\"https:\/\/medicina.udd.cl\/fonoaudiologia-santiago\/noticias\/2014\/08\/27\/fonoaudiologia-primeros-chilenos-en-curso-internacional-de-metodo-lessac\/#primaryimage\"},\"image\":{\"@id\":\"https:\/\/medicina.udd.cl\/fonoaudiologia-santiago\/noticias\/2014\/08\/27\/fonoaudiologia-primeros-chilenos-en-curso-internacional-de-metodo-lessac\/#primaryimage\"},\"thumbnailUrl\":\"https:\/\/medicina.udd.cl\/fonoaudiologia-santiago\/files\/2014\/08\/Sebasti\u00e1n-Merino-M\u00e9todo-Lessac.png\",\"datePublished\":\"2014-08-27T19:46:52+00:00\",\"dateModified\":\"2014-08-27T19:49:54+00:00\",\"author\":{\"@id\":\"\"},\"breadcrumb\":{\"@id\":\"https:\/\/medicina.udd.cl\/fonoaudiologia-santiago\/noticias\/2014\/08\/27\/fonoaudiologia-primeros-chilenos-en-curso-internacional-de-metodo-lessac\/#breadcrumb\"},\"inLanguage\":\"es\",\"potentialAction\":[{\"@type\":\"ReadAction\",\"target\":[\"https:\/\/medicina.udd.cl\/fonoaudiologia-santiago\/noticias\/2014\/08\/27\/fonoaudiologia-primeros-chilenos-en-curso-internacional-de-metodo-lessac\/\"]}]},{\"@type\":\"ImageObject\",\"inLanguage\":\"es\",\"@id\":\"https:\/\/medicina.udd.cl\/fonoaudiologia-santiago\/noticias\/2014\/08\/27\/fonoaudiologia-primeros-chilenos-en-curso-internacional-de-metodo-lessac\/#primaryimage\",\"url\":\"https:\/\/medicina.udd.cl\/fonoaudiologia-santiago\/files\/2014\/08\/Sebasti\u00e1n-Merino-M\u00e9todo-Lessac.png\",\"contentUrl\":\"https:\/\/medicina.udd.cl\/fonoaudiologia-santiago\/files\/2014\/08\/Sebasti\u00e1n-Merino-M\u00e9todo-Lessac.png\",\"width\":640,\"height\":413},{\"@type\":\"BreadcrumbList\",\"@id\":\"https:\/\/medicina.udd.cl\/fonoaudiologia-santiago\/noticias\/2014\/08\/27\/fonoaudiologia-primeros-chilenos-en-curso-internacional-de-metodo-lessac\/#breadcrumb\",\"itemListElement\":[{\"@type\":\"ListItem\",\"position\":1,\"name\":\"Home\",\"item\":\"https:\/\/medicina.udd.cl\/fonoaudiologia-santiago\/\"},{\"@type\":\"ListItem\",\"position\":2,\"name\":\"Fonoaudiolog\u00eda: Primeros chilenos en curso internacional de M\u00e9todo Lessac\"}]},{\"@type\":\"WebSite\",\"@id\":\"https:\/\/medicina.udd.cl\/fonoaudiologia-santiago\/#website\",\"url\":\"https:\/\/medicina.udd.cl\/fonoaudiologia-santiago\/\",\"name\":\"Fonoaudiolog\u00eda\",\"description\":\"Facultad de Medicina Cl\u00ednica Alemana Universidad del Desarrollo\",\"inLanguage\":\"es\"},{\"@type\":\"Person\",\"@id\":\"\",\"url\":\"https:\/\/medicina.udd.cl\/fonoaudiologia-santiago\/noticias\/author\/\"}]}<\/script>\n<!-- \/ Yoast SEO plugin. -->","yoast_head_json":{"title":"Fonoaudiolog\u00eda: Primeros chilenos en curso internacional de M\u00e9todo Lessac - Fonoaudiolog\u00eda","robots":{"index":"index","follow":"follow","max-snippet":"max-snippet:-1","max-image-preview":"max-image-preview:large","max-video-preview":"max-video-preview:-1"},"canonical":"https:\/\/medicina.udd.cl\/fonoaudiologia-santiago\/noticias\/2014\/08\/27\/fonoaudiologia-primeros-chilenos-en-curso-internacional-de-metodo-lessac\/","og_locale":"es_ES","og_type":"article","og_title":"Fonoaudiolog\u00eda: Primeros chilenos en curso internacional de M\u00e9todo Lessac - Fonoaudiolog\u00eda","og_description":"La docente Gabriela Pulgar y el estudiante de 4to a\u00f1o Sebasti\u00e1n Merino participaron en el curso intensivo que imparti\u00f3 el Instituto Lessac en Indiana, Estados Unidos.","og_url":"https:\/\/medicina.udd.cl\/fonoaudiologia-santiago\/noticias\/2014\/08\/27\/fonoaudiologia-primeros-chilenos-en-curso-internacional-de-metodo-lessac\/","og_site_name":"Fonoaudiolog\u00eda","article_published_time":"2014-08-27T19:46:52+00:00","article_modified_time":"2014-08-27T19:49:54+00:00","og_image":[{"width":640,"height":413,"url":"https:\/\/medicina.udd.cl\/fonoaudiologia-santiago\/files\/2014\/08\/Sebasti\u00e1n-Merino-M\u00e9todo-Lessac.png","type":"image\/png"}],"twitter_misc":{"Escrito por":"","Tiempo de lectura":"2 minutos"},"schema":{"@context":"https:\/\/schema.org","@graph":[{"@type":"Article","@id":"https:\/\/medicina.udd.cl\/fonoaudiologia-santiago\/noticias\/2014\/08\/27\/fonoaudiologia-primeros-chilenos-en-curso-internacional-de-metodo-lessac\/#article","isPartOf":{"@id":"https:\/\/medicina.udd.cl\/fonoaudiologia-santiago\/noticias\/2014\/08\/27\/fonoaudiologia-primeros-chilenos-en-curso-internacional-de-metodo-lessac\/"},"author":{"name":"","@id":""},"headline":"Fonoaudiolog\u00eda: Primeros chilenos en curso internacional de M\u00e9todo Lessac","datePublished":"2014-08-27T19:46:52+00:00","dateModified":"2014-08-27T19:49:54+00:00","mainEntityOfPage":{"@id":"https:\/\/medicina.udd.cl\/fonoaudiologia-santiago\/noticias\/2014\/08\/27\/fonoaudiologia-primeros-chilenos-en-curso-internacional-de-metodo-lessac\/"},"wordCount":365,"commentCount":0,"image":{"@id":"https:\/\/medicina.udd.cl\/fonoaudiologia-santiago\/noticias\/2014\/08\/27\/fonoaudiologia-primeros-chilenos-en-curso-internacional-de-metodo-lessac\/#primaryimage"},"thumbnailUrl":"https:\/\/medicina.udd.cl\/fonoaudiologia-santiago\/files\/2014\/08\/Sebasti\u00e1n-Merino-M\u00e9todo-Lessac.png","articleSection":["Noticias"],"inLanguage":"es","potentialAction":[{"@type":"CommentAction","name":"Comment","target":["https:\/\/medicina.udd.cl\/fonoaudiologia-santiago\/noticias\/2014\/08\/27\/fonoaudiologia-primeros-chilenos-en-curso-internacional-de-metodo-lessac\/#respond"]}]},{"@type":"WebPage","@id":"https:\/\/medicina.udd.cl\/fonoaudiologia-santiago\/noticias\/2014\/08\/27\/fonoaudiologia-primeros-chilenos-en-curso-internacional-de-metodo-lessac\/","url":"https:\/\/medicina.udd.cl\/fonoaudiologia-santiago\/noticias\/2014\/08\/27\/fonoaudiologia-primeros-chilenos-en-curso-internacional-de-metodo-lessac\/","name":"Fonoaudiolog\u00eda: Primeros chilenos en curso internacional de M\u00e9todo Lessac - Fonoaudiolog\u00eda","isPartOf":{"@id":"https:\/\/medicina.udd.cl\/fonoaudiologia-santiago\/#website"},"primaryImageOfPage":{"@id":"https:\/\/medicina.udd.cl\/fonoaudiologia-santiago\/noticias\/2014\/08\/27\/fonoaudiologia-primeros-chilenos-en-curso-internacional-de-metodo-lessac\/#primaryimage"},"image":{"@id":"https:\/\/medicina.udd.cl\/fonoaudiologia-santiago\/noticias\/2014\/08\/27\/fonoaudiologia-primeros-chilenos-en-curso-internacional-de-metodo-lessac\/#primaryimage"},"thumbnailUrl":"https:\/\/medicina.udd.cl\/fonoaudiologia-santiago\/files\/2014\/08\/Sebasti\u00e1n-Merino-M\u00e9todo-Lessac.png","datePublished":"2014-08-27T19:46:52+00:00","dateModified":"2014-08-27T19:49:54+00:00","author":{"@id":""},"breadcrumb":{"@id":"https:\/\/medicina.udd.cl\/fonoaudiologia-santiago\/noticias\/2014\/08\/27\/fonoaudiologia-primeros-chilenos-en-curso-internacional-de-metodo-lessac\/#breadcrumb"},"inLanguage":"es","potentialAction":[{"@type":"ReadAction","target":["https:\/\/medicina.udd.cl\/fonoaudiologia-santiago\/noticias\/2014\/08\/27\/fonoaudiologia-primeros-chilenos-en-curso-internacional-de-metodo-lessac\/"]}]},{"@type":"ImageObject","inLanguage":"es","@id":"https:\/\/medicina.udd.cl\/fonoaudiologia-santiago\/noticias\/2014\/08\/27\/fonoaudiologia-primeros-chilenos-en-curso-internacional-de-metodo-lessac\/#primaryimage","url":"https:\/\/medicina.udd.cl\/fonoaudiologia-santiago\/files\/2014\/08\/Sebasti\u00e1n-Merino-M\u00e9todo-Lessac.png","contentUrl":"https:\/\/medicina.udd.cl\/fonoaudiologia-santiago\/files\/2014\/08\/Sebasti\u00e1n-Merino-M\u00e9todo-Lessac.png","width":640,"height":413},{"@type":"BreadcrumbList","@id":"https:\/\/medicina.udd.cl\/fonoaudiologia-santiago\/noticias\/2014\/08\/27\/fonoaudiologia-primeros-chilenos-en-curso-internacional-de-metodo-lessac\/#breadcrumb","itemListElement":[{"@type":"ListItem","position":1,"name":"Home","item":"https:\/\/medicina.udd.cl\/fonoaudiologia-santiago\/"},{"@type":"ListItem","position":2,"name":"Fonoaudiolog\u00eda: Primeros chilenos en curso internacional de M\u00e9todo Lessac"}]},{"@type":"WebSite","@id":"https:\/\/medicina.udd.cl\/fonoaudiologia-santiago\/#website","url":"https:\/\/medicina.udd.cl\/fonoaudiologia-santiago\/","name":"Fonoaudiolog\u00eda","description":"Facultad de Medicina Cl\u00ednica Alemana Universidad del Desarrollo","inLanguage":"es"},{"@type":"Person","@id":"","url":"https:\/\/medicina.udd.cl\/fonoaudiologia-santiago\/noticias\/author\/"}]}},"featured_image_url":"https:\/\/medicina.udd.cl\/fonoaudiologia-santiago\/files\/2014\/08\/Sebasti\u00e1n-Merino-M\u00e9todo-Lessac.png","_links":{"self":[{"href":"https:\/\/medicina.udd.cl\/fonoaudiologia-santiago\/wp-json\/wp\/v2\/posts\/2369","targetHints":{"allow":["GET"]}}],"collection":[{"href":"https:\/\/medicina.udd.cl\/fonoaudiologia-santiago\/wp-json\/wp\/v2\/posts"}],"about":[{"href":"https:\/\/medicina.udd.cl\/fonoaudiologia-santiago\/wp-json\/wp\/v2\/types\/post"}],"author":[{"embeddable":true,"href":"https:\/\/medicina.udd.cl\/fonoaudiologia-santiago\/wp-json\/wp\/v2\/users\/40"}],"replies":[{"embeddable":true,"href":"https:\/\/medicina.udd.cl\/fonoaudiologia-santiago\/wp-json\/wp\/v2\/comments?post=2369"}],"version-history":[{"count":3,"href":"https:\/\/medicina.udd.cl\/fonoaudiologia-santiago\/wp-json\/wp\/v2\/posts\/2369\/revisions"}],"predecessor-version":[{"id":2375,"href":"https:\/\/medicina.udd.cl\/fonoaudiologia-santiago\/wp-json\/wp\/v2\/posts\/2369\/revisions\/2375"}],"wp:featuredmedia":[{"embeddable":true,"href":"https:\/\/medicina.udd.cl\/fonoaudiologia-santiago\/wp-json\/wp\/v2\/media\/2373"}],"wp:attachment":[{"href":"https:\/\/medicina.udd.cl\/fonoaudiologia-santiago\/wp-json\/wp\/v2\/media?parent=2369"}],"wp:term":[{"taxonomy":"category","embeddable":true,"href":"https:\/\/medicina.udd.cl\/fonoaudiologia-santiago\/wp-json\/wp\/v2\/categories?post=2369"},{"taxonomy":"post_tag","embeddable":true,"href":"https:\/\/medicina.udd.cl\/fonoaudiologia-santiago\/wp-json\/wp\/v2\/tags?post=2369"}],"curies":[{"name":"wp","href":"https:\/\/api.w.org\/{rel}","templated":true}]}}