{"id":2378,"date":"2014-09-02T11:04:13","date_gmt":"2014-09-02T15:04:13","guid":{"rendered":"http:\/\/medicina.udd.cl\/fonoaudiologia-santiago\/?p=2378"},"modified":"2014-09-02T11:10:09","modified_gmt":"2014-09-02T15:10:09","slug":"estudiante-de-fonoaudiologia-de-voluntaria-en-burundi","status":"publish","type":"post","link":"https:\/\/medicina.udd.cl\/fonoaudiologia-santiago\/noticias\/2014\/09\/02\/estudiante-de-fonoaudiologia-de-voluntaria-en-burundi\/","title":{"rendered":"Estudiante de Fonoaudiolog\u00eda de voluntaria en Burundi"},"content":{"rendered":"<p><a href=\"http:\/\/medicina.udd.cl\/fonoaudiologia-santiago\/files\/2014\/09\/Sin-t\u00edtulo.jpg\"><img loading=\"lazy\" decoding=\"async\" class=\"aligncenter size-medium wp-image-2379\" alt=\"Sin t\u00edtulo\" src=\"http:\/\/medicina.udd.cl\/fonoaudiologia-santiago\/files\/2014\/09\/Sin-t\u00edtulo-300x224.jpg\" width=\"300\" height=\"224\" srcset=\"https:\/\/medicina.udd.cl\/fonoaudiologia-santiago\/files\/2014\/09\/Sin-t\u00edtulo-300x224.jpg 300w, https:\/\/medicina.udd.cl\/fonoaudiologia-santiago\/files\/2014\/09\/Sin-t\u00edtulo-768x574.jpg 768w, https:\/\/medicina.udd.cl\/fonoaudiologia-santiago\/files\/2014\/09\/Sin-t\u00edtulo.jpg 1024w, https:\/\/medicina.udd.cl\/fonoaudiologia-santiago\/files\/2014\/09\/Sin-t\u00edtulo-960x717.jpg 960w\" sizes=\"auto, (max-width: 300px) 100vw, 300px\" \/><\/a><\/p>\n<p>\u00a1Amahoro! (Que la paz est\u00e9 con ustedes). As\u00ed nos saludamos en esta tierra.<\/p>\n<p>Aterric\u00e9 en Bujumbura, la capital de Burundi, el 2 de Julio a las 19:30 horas, cuando ya estaba todo completamente oscuro. En ese momento se me revolvi\u00f3 la guata y me empezaron a transpirar las manos, pensaba \u00ablisto, aterric\u00e9, aqu\u00ed estar\u00e9 7 meses\u00bb.<\/p>\n<p>Ah\u00ed me esperaba el padre Claudio Jeria y nos dirigimos inmediatamente a nuestra primera parada: el Santuario de Mont Si\u00f3n Gikungu. Me dieron la bienvenida los \u00abfratiri\u00bb (seminaristas) y fue junto a ellos con quienes compart\u00ed mi primera comida en esta tierra. El padre Claudio es el que est\u00e1 encargado de los seminaristas y todos los mi\u00e9rcoles tienen \u00abnoche de recreaci\u00f3n\u00bb. Yo tuve la suerte de llegar ese d\u00eda.<\/p>\n<p>Burundi es uno de los pa\u00edses m\u00e1s peque\u00f1os del mundo y es conocido como el \u00abel coraz\u00f3n de \u00c1frica\u00bb. Yo pensaba que le dec\u00edan as\u00ed porque estaba en el centro de \u00c1frica, cerca de la l\u00ednea del Ecuador, pero mirando el mapa descubr\u00ed que adem\u00e1s tiene forma de coraz\u00f3n. Tiene una superficie de 27.834 km2 y se encuentra junto al gran lago Tanganica. Limita hacia el norte con Rwanda, al oeste con el Congo y al este con Tanzania. Burundi tiene paisajes realmente espectaculares, numerosas colinas verdes, lagos, clima tropical, etc. Los primeros visitantes llamaban a Burundi como la \u00abSuiza de \u00c1frica\u00bb.<\/p>\n<p><a href=\"http:\/\/medicina.udd.cl\/fonoaudiologia-santiago\/files\/2014\/09\/futbol.jpg\"><img loading=\"lazy\" decoding=\"async\" class=\"alignleft size-medium wp-image-2380\" alt=\"futbol\" src=\"http:\/\/medicina.udd.cl\/fonoaudiologia-santiago\/files\/2014\/09\/futbol-300x224.jpg\" width=\"300\" height=\"224\" srcset=\"https:\/\/medicina.udd.cl\/fonoaudiologia-santiago\/files\/2014\/09\/futbol-300x224.jpg 300w, https:\/\/medicina.udd.cl\/fonoaudiologia-santiago\/files\/2014\/09\/futbol-768x574.jpg 768w, https:\/\/medicina.udd.cl\/fonoaudiologia-santiago\/files\/2014\/09\/futbol.jpg 1024w, https:\/\/medicina.udd.cl\/fonoaudiologia-santiago\/files\/2014\/09\/futbol-960x717.jpg 960w\" sizes=\"auto, (max-width: 300px) 100vw, 300px\" \/><\/a>Este pa\u00eds sufri\u00f3 mucho a causa de la cruda guerra civil entre las etnias Hutus y Tutsis que azot\u00f3 esta tierra durante los \u201890. Fueron a\u00f1os duros, de dolor, miedo e incertidumbre para el pueblo burund\u00e9s, pero poco a poco se han ido levantando motivados por la inmensa fe que tienen. Hoy en d\u00eda, Burundi es uno de los pa\u00edses m\u00e1s pobres del mundo, pero a veces no se nota tanto ya que recibe much\u00edsima ayuda del extranjero.<\/p>\n<p>El movimiento de Schoenstatt lleg\u00f3 a Burundi de una manera muy genial. Varios a\u00f1os atr\u00e1s, un obispo burund\u00e9s visit\u00f3 Schoenstatt en Alemania y le pidi\u00f3 de manera insistente a la Hermana Superiora que fueran al pa\u00eds africano. Meses despu\u00e9s las hermanas mandaron una delegaci\u00f3n desde Sud\u00e1frica, instancia en que el obispo les entreg\u00f3 un terreno en Mutumba (un pueblo a 27 km al sur de Bujumbura) donde se bendijo el primer Santuario de Schoenstatt en Burundi que se le conoce como el \u201cSantuario de la Confianza\u00bb. Los Padres de Schoenstatt llegaron en los a\u00f1os \u201970 y fue durante la guerra civil cuando se bendijo el segundo Santuario de Schoenstatt, que es donde yo estoy ahora.<\/p>\n<p>La fe aqu\u00ed se vive de manera impresionante. Entre cantos, bailes, colores, tambores toda expresi\u00f3n es admitida cuando se trata de alabar al Se\u00f1or. El burund\u00e9s, por esencia, es una persona lenta, que se toma su tiempo. Cuando te pregunta \u00ab\u00bfc\u00f3mo est\u00e1s?\u00bb, te lo pregunta lento, mir\u00e1ndote a los ojos, porque realmente le interesa saber c\u00f3mo est\u00e1s. Aqu\u00ed me he dado cuenta que en nuestra cultura, ese saludo pas\u00f3 a ser algo m\u00e1s mec\u00e1nico que a veces ni siquiera nos detenemos a reflexionar. Tener el \u00abdon de la palabra\u00bb tambi\u00e9n es fundamental para ser parte de esta cultura: \u00a1les encantan los discursos! Para toda reuni\u00f3n social, los discursos son infaltables. Las misas duran infinito.<\/p>\n<p><a href=\"http:\/\/medicina.udd.cl\/fonoaudiologia-santiago\/files\/2014\/09\/burundi.jpg\"><img loading=\"lazy\" decoding=\"async\" class=\"aligncenter size-medium wp-image-2385\" alt=\"burundi\" src=\"http:\/\/medicina.udd.cl\/fonoaudiologia-santiago\/files\/2014\/09\/burundi-300x224.jpg\" width=\"300\" height=\"224\" srcset=\"https:\/\/medicina.udd.cl\/fonoaudiologia-santiago\/files\/2014\/09\/burundi-300x224.jpg 300w, https:\/\/medicina.udd.cl\/fonoaudiologia-santiago\/files\/2014\/09\/burundi-768x574.jpg 768w, https:\/\/medicina.udd.cl\/fonoaudiologia-santiago\/files\/2014\/09\/burundi.jpg 1024w, https:\/\/medicina.udd.cl\/fonoaudiologia-santiago\/files\/2014\/09\/burundi-960x717.jpg 960w\" sizes=\"auto, (max-width: 300px) 100vw, 300px\" \/><\/a><\/p>\n<p>Todo aquel nacido en esta tierra habla kirundi. El franc\u00e9s es fundamental, es el idioma puente para moverse en este pa\u00eds, pero si quiero hablar con el coraz\u00f3n de las personas debo hacerlo en kirundi, as\u00ed que ya comenc\u00e9 mis clases para aprenderlo. Es un gozo ver la cara de esos ni\u00f1os cuando les digo peque\u00f1as frases en kirundi, \u00a1no pueden creerlo! Se miran entre ellos y se mueren de la risa.<\/p>\n<p>En esta tierra, un blanco es totalmente fosforescente. Cada vez que camino por la calle o por los mismos jardines del santuario, las miradas se vuelven hacia a m\u00ed autom\u00e1ticamente, como si fuera un im\u00e1n. Cuando salimos de Bujumbura y nos dirigimos hacia el campo, las miradas se acent\u00faan mil veces m\u00e1s: \u00ab\u00a1Umuzungu, Umuzungu!\u201d, gritan todos, que significa \u00abblanco\u201d. Para ellos, todos los \u00abumuzungu\u00bb son ricos y vienen de Europa. El continente americano no existe mucho en sus cabezas.<\/p>\n<p><a href=\"http:\/\/medicina.udd.cl\/fonoaudiologia-santiago\/files\/2014\/09\/Juventud-femenina.jpg\"><img loading=\"lazy\" decoding=\"async\" class=\"alignright size-medium wp-image-2381\" alt=\"Juventud femenina\" src=\"http:\/\/medicina.udd.cl\/fonoaudiologia-santiago\/files\/2014\/09\/Juventud-femenina-300x224.jpg\" width=\"300\" height=\"224\" srcset=\"https:\/\/medicina.udd.cl\/fonoaudiologia-santiago\/files\/2014\/09\/Juventud-femenina-300x224.jpg 300w, https:\/\/medicina.udd.cl\/fonoaudiologia-santiago\/files\/2014\/09\/Juventud-femenina-768x574.jpg 768w, https:\/\/medicina.udd.cl\/fonoaudiologia-santiago\/files\/2014\/09\/Juventud-femenina.jpg 1024w, https:\/\/medicina.udd.cl\/fonoaudiologia-santiago\/files\/2014\/09\/Juventud-femenina-960x717.jpg 960w\" sizes=\"auto, (max-width: 300px) 100vw, 300px\" \/><\/a>Mi gran familia de este tiempo han sido todas las personas que est\u00e1n siempre aqu\u00ed en Mont Sion Gikungu, especialmente los seminaristas y los trece padres de Schoenstatt, que vienen de Suiza, Congo, Burundi y Chile. Ya est\u00e1n todos mimetizados con el ritmo y vida de esta cultura, usan camisas de colores, hawayanas, chalas o lo que quieran. Los nueve fratiri (seminaristas) se convirtieron realmente en mis hermanos, sal\u00ed con ellos a celebraciones, matrimonios, les ense\u00f1\u00e9 guitarra, compartimos m\u00faltiples comidas, etc.<\/p>\n<p>Schoenstatt Burundi tiene a su cargo un hogar de ni\u00f1os llamado \u00abMariya Arafasha\u00bb (Mar\u00eda Ayuda) y es justamente ah\u00ed donde yo pasar\u00e9 un buen tiempo de mi voluntariado. Aprovechando que los ni\u00f1os en este momento est\u00e1n con sus familias, comenc\u00e9 a ir todas las ma\u00f1anas a un centro que tienen las Hermanas Misioneras de la Caridad en el centro de la ciudad y ha sido verdaderamente un regalo. Cada vez que llego los ni\u00f1os empiezan a gritar \u00ab\u00a1Igitari, igitari!\u00bb (guitarra), as\u00ed que r\u00e1pidamente nos ponemos a cantar y como buenos burundeses todos tienen un ritmo para cantar y bailar impresionante. En ese lugar tambi\u00e9n me ha tocado ba\u00f1arlos, limpiar, repartir medicamentos, etc.<\/p>\n<p>Otros d\u00edas estoy en grupos de oraci\u00f3n con algunos amigos, tambi\u00e9n hago clases de espa\u00f1ol b\u00e1sico, a otros les ense\u00f1o guitarra y me sum\u00e9 al coro, algo que me tiene particularmente muy contenta. Otra cosa que me ha tenido muy feliz es compartir mucho con la juventud femenina de Schoenstatt.<\/p>\n<p>Un sacerdote me dijo que la alegr\u00eda es un don: \u201cya ver\u00e1s que s\u00f3lo con compartirla habr\u00e1s hecho mucho\u201d. Y es cierto. Tal vez aqu\u00ed en \u00c1frica hay muchas necesidades frente a las cuales no podemos hacer nada, pero si podemos regalar la alegr\u00eda, nuestra misi\u00f3n cobra sentido porque es Jes\u00fas, por medio nosotros, que quiere visitar el coraz\u00f3n de cada una de las personas que se cruzan en nuestro camino\u201d.<\/p>\n<p>TURI KUMWE (Permanecemos juntos)<br \/>\nCon gran cari\u00f1o en los corazones de<br \/>\nCristo y Mar\u00eda,<br \/>\nRosario<\/p>\n<p><a href=\"http:\/\/medicina.udd.cl\/fonoaudiologia-santiago\/files\/2014\/09\/Seminaristas.jpg\"><img loading=\"lazy\" decoding=\"async\" class=\"aligncenter size-medium wp-image-2386\" alt=\"Seminaristas\" src=\"http:\/\/medicina.udd.cl\/fonoaudiologia-santiago\/files\/2014\/09\/Seminaristas-300x224.jpg\" width=\"300\" height=\"224\" srcset=\"https:\/\/medicina.udd.cl\/fonoaudiologia-santiago\/files\/2014\/09\/Seminaristas-300x224.jpg 300w, https:\/\/medicina.udd.cl\/fonoaudiologia-santiago\/files\/2014\/09\/Seminaristas-768x574.jpg 768w, https:\/\/medicina.udd.cl\/fonoaudiologia-santiago\/files\/2014\/09\/Seminaristas.jpg 1024w, https:\/\/medicina.udd.cl\/fonoaudiologia-santiago\/files\/2014\/09\/Seminaristas-960x717.jpg 960w\" sizes=\"auto, (max-width: 300px) 100vw, 300px\" \/><\/a><\/p>\n","protected":false},"excerpt":{"rendered":"<p>Rosana Torrealba deber\u00eda estar en 4to a\u00f1o de la carrera, pero congel\u00f3 sus estudios para vivir una experiencia que le llenar\u00eda el alma: ser misionera en \u00c1frica por Schoenstatt, movimiento de la Iglesia Cat\u00f3lica. Esta es su experiencia de los primeros meses de su voluntariado.<\/p>\n","protected":false},"author":40,"featured_media":2379,"comment_status":"open","ping_status":"open","sticky":false,"template":"","format":"standard","meta":{"footnotes":""},"categories":[4],"tags":[],"class_list":["post-2378","post","type-post","status-publish","format-standard","has-post-thumbnail","hentry","category-noticias"],"yoast_head":"<!-- This site is optimized with the Yoast SEO plugin v26.9 - https:\/\/yoast.com\/product\/yoast-seo-wordpress\/ -->\n<title>Estudiante de Fonoaudiolog\u00eda de voluntaria en Burundi - Fonoaudiolog\u00eda<\/title>\n<meta name=\"robots\" content=\"index, follow, max-snippet:-1, max-image-preview:large, max-video-preview:-1\" \/>\n<link rel=\"canonical\" href=\"https:\/\/medicina.udd.cl\/fonoaudiologia-santiago\/noticias\/2014\/09\/02\/estudiante-de-fonoaudiologia-de-voluntaria-en-burundi\/\" \/>\n<meta property=\"og:locale\" content=\"es_ES\" \/>\n<meta property=\"og:type\" content=\"article\" \/>\n<meta property=\"og:title\" content=\"Estudiante de Fonoaudiolog\u00eda de voluntaria en Burundi - Fonoaudiolog\u00eda\" \/>\n<meta property=\"og:description\" content=\"Rosana Torrealba deber\u00eda estar en 4to a\u00f1o de la carrera, pero congel\u00f3 sus estudios para vivir una experiencia que le llenar\u00eda el alma: ser misionera en \u00c1frica por Schoenstatt, movimiento de la Iglesia Cat\u00f3lica. Esta es su experiencia de los primeros meses de su voluntariado.\" \/>\n<meta property=\"og:url\" content=\"https:\/\/medicina.udd.cl\/fonoaudiologia-santiago\/noticias\/2014\/09\/02\/estudiante-de-fonoaudiologia-de-voluntaria-en-burundi\/\" \/>\n<meta property=\"og:site_name\" content=\"Fonoaudiolog\u00eda\" \/>\n<meta property=\"article:published_time\" content=\"2014-09-02T15:04:13+00:00\" \/>\n<meta property=\"article:modified_time\" content=\"2014-09-02T15:10:09+00:00\" \/>\n<meta property=\"og:image\" content=\"https:\/\/medicina.udd.cl\/fonoaudiologia-santiago\/files\/2014\/09\/Sin-t\u00edtulo.jpg\" \/>\n\t<meta property=\"og:image:width\" content=\"1024\" \/>\n\t<meta property=\"og:image:height\" content=\"765\" \/>\n\t<meta property=\"og:image:type\" content=\"image\/jpeg\" \/>\n<meta name=\"twitter:label1\" content=\"Escrito por\" \/>\n\t<meta name=\"twitter:data1\" content=\"\" \/>\n\t<meta name=\"twitter:label2\" content=\"Tiempo de lectura\" \/>\n\t<meta name=\"twitter:data2\" content=\"5 minutos\" \/>\n<script type=\"application\/ld+json\" class=\"yoast-schema-graph\">{\"@context\":\"https:\/\/schema.org\",\"@graph\":[{\"@type\":\"Article\",\"@id\":\"https:\/\/medicina.udd.cl\/fonoaudiologia-santiago\/noticias\/2014\/09\/02\/estudiante-de-fonoaudiologia-de-voluntaria-en-burundi\/#article\",\"isPartOf\":{\"@id\":\"https:\/\/medicina.udd.cl\/fonoaudiologia-santiago\/noticias\/2014\/09\/02\/estudiante-de-fonoaudiologia-de-voluntaria-en-burundi\/\"},\"author\":{\"name\":\"\",\"@id\":\"\"},\"headline\":\"Estudiante de Fonoaudiolog\u00eda de voluntaria en Burundi\",\"datePublished\":\"2014-09-02T15:04:13+00:00\",\"dateModified\":\"2014-09-02T15:10:09+00:00\",\"mainEntityOfPage\":{\"@id\":\"https:\/\/medicina.udd.cl\/fonoaudiologia-santiago\/noticias\/2014\/09\/02\/estudiante-de-fonoaudiologia-de-voluntaria-en-burundi\/\"},\"wordCount\":1091,\"commentCount\":0,\"image\":{\"@id\":\"https:\/\/medicina.udd.cl\/fonoaudiologia-santiago\/noticias\/2014\/09\/02\/estudiante-de-fonoaudiologia-de-voluntaria-en-burundi\/#primaryimage\"},\"thumbnailUrl\":\"https:\/\/medicina.udd.cl\/fonoaudiologia-santiago\/files\/2014\/09\/Sin-t\u00edtulo.jpg\",\"articleSection\":[\"Noticias\"],\"inLanguage\":\"es\",\"potentialAction\":[{\"@type\":\"CommentAction\",\"name\":\"Comment\",\"target\":[\"https:\/\/medicina.udd.cl\/fonoaudiologia-santiago\/noticias\/2014\/09\/02\/estudiante-de-fonoaudiologia-de-voluntaria-en-burundi\/#respond\"]}]},{\"@type\":\"WebPage\",\"@id\":\"https:\/\/medicina.udd.cl\/fonoaudiologia-santiago\/noticias\/2014\/09\/02\/estudiante-de-fonoaudiologia-de-voluntaria-en-burundi\/\",\"url\":\"https:\/\/medicina.udd.cl\/fonoaudiologia-santiago\/noticias\/2014\/09\/02\/estudiante-de-fonoaudiologia-de-voluntaria-en-burundi\/\",\"name\":\"Estudiante de Fonoaudiolog\u00eda de voluntaria en Burundi - Fonoaudiolog\u00eda\",\"isPartOf\":{\"@id\":\"https:\/\/medicina.udd.cl\/fonoaudiologia-santiago\/#website\"},\"primaryImageOfPage\":{\"@id\":\"https:\/\/medicina.udd.cl\/fonoaudiologia-santiago\/noticias\/2014\/09\/02\/estudiante-de-fonoaudiologia-de-voluntaria-en-burundi\/#primaryimage\"},\"image\":{\"@id\":\"https:\/\/medicina.udd.cl\/fonoaudiologia-santiago\/noticias\/2014\/09\/02\/estudiante-de-fonoaudiologia-de-voluntaria-en-burundi\/#primaryimage\"},\"thumbnailUrl\":\"https:\/\/medicina.udd.cl\/fonoaudiologia-santiago\/files\/2014\/09\/Sin-t\u00edtulo.jpg\",\"datePublished\":\"2014-09-02T15:04:13+00:00\",\"dateModified\":\"2014-09-02T15:10:09+00:00\",\"author\":{\"@id\":\"\"},\"breadcrumb\":{\"@id\":\"https:\/\/medicina.udd.cl\/fonoaudiologia-santiago\/noticias\/2014\/09\/02\/estudiante-de-fonoaudiologia-de-voluntaria-en-burundi\/#breadcrumb\"},\"inLanguage\":\"es\",\"potentialAction\":[{\"@type\":\"ReadAction\",\"target\":[\"https:\/\/medicina.udd.cl\/fonoaudiologia-santiago\/noticias\/2014\/09\/02\/estudiante-de-fonoaudiologia-de-voluntaria-en-burundi\/\"]}]},{\"@type\":\"ImageObject\",\"inLanguage\":\"es\",\"@id\":\"https:\/\/medicina.udd.cl\/fonoaudiologia-santiago\/noticias\/2014\/09\/02\/estudiante-de-fonoaudiologia-de-voluntaria-en-burundi\/#primaryimage\",\"url\":\"https:\/\/medicina.udd.cl\/fonoaudiologia-santiago\/files\/2014\/09\/Sin-t\u00edtulo.jpg\",\"contentUrl\":\"https:\/\/medicina.udd.cl\/fonoaudiologia-santiago\/files\/2014\/09\/Sin-t\u00edtulo.jpg\",\"width\":1024,\"height\":765},{\"@type\":\"BreadcrumbList\",\"@id\":\"https:\/\/medicina.udd.cl\/fonoaudiologia-santiago\/noticias\/2014\/09\/02\/estudiante-de-fonoaudiologia-de-voluntaria-en-burundi\/#breadcrumb\",\"itemListElement\":[{\"@type\":\"ListItem\",\"position\":1,\"name\":\"Home\",\"item\":\"https:\/\/medicina.udd.cl\/fonoaudiologia-santiago\/\"},{\"@type\":\"ListItem\",\"position\":2,\"name\":\"Estudiante de Fonoaudiolog\u00eda de voluntaria en Burundi\"}]},{\"@type\":\"WebSite\",\"@id\":\"https:\/\/medicina.udd.cl\/fonoaudiologia-santiago\/#website\",\"url\":\"https:\/\/medicina.udd.cl\/fonoaudiologia-santiago\/\",\"name\":\"Fonoaudiolog\u00eda\",\"description\":\"Facultad de Medicina Cl\u00ednica Alemana Universidad del Desarrollo\",\"inLanguage\":\"es\"},{\"@type\":\"Person\",\"@id\":\"\",\"url\":\"https:\/\/medicina.udd.cl\/fonoaudiologia-santiago\/noticias\/author\/\"}]}<\/script>\n<!-- \/ Yoast SEO plugin. -->","yoast_head_json":{"title":"Estudiante de Fonoaudiolog\u00eda de voluntaria en Burundi - Fonoaudiolog\u00eda","robots":{"index":"index","follow":"follow","max-snippet":"max-snippet:-1","max-image-preview":"max-image-preview:large","max-video-preview":"max-video-preview:-1"},"canonical":"https:\/\/medicina.udd.cl\/fonoaudiologia-santiago\/noticias\/2014\/09\/02\/estudiante-de-fonoaudiologia-de-voluntaria-en-burundi\/","og_locale":"es_ES","og_type":"article","og_title":"Estudiante de Fonoaudiolog\u00eda de voluntaria en Burundi - Fonoaudiolog\u00eda","og_description":"Rosana Torrealba deber\u00eda estar en 4to a\u00f1o de la carrera, pero congel\u00f3 sus estudios para vivir una experiencia que le llenar\u00eda el alma: ser misionera en \u00c1frica por Schoenstatt, movimiento de la Iglesia Cat\u00f3lica. Esta es su experiencia de los primeros meses de su voluntariado.","og_url":"https:\/\/medicina.udd.cl\/fonoaudiologia-santiago\/noticias\/2014\/09\/02\/estudiante-de-fonoaudiologia-de-voluntaria-en-burundi\/","og_site_name":"Fonoaudiolog\u00eda","article_published_time":"2014-09-02T15:04:13+00:00","article_modified_time":"2014-09-02T15:10:09+00:00","og_image":[{"width":1024,"height":765,"url":"https:\/\/medicina.udd.cl\/fonoaudiologia-santiago\/files\/2014\/09\/Sin-t\u00edtulo.jpg","type":"image\/jpeg"}],"twitter_misc":{"Escrito por":"","Tiempo de lectura":"5 minutos"},"schema":{"@context":"https:\/\/schema.org","@graph":[{"@type":"Article","@id":"https:\/\/medicina.udd.cl\/fonoaudiologia-santiago\/noticias\/2014\/09\/02\/estudiante-de-fonoaudiologia-de-voluntaria-en-burundi\/#article","isPartOf":{"@id":"https:\/\/medicina.udd.cl\/fonoaudiologia-santiago\/noticias\/2014\/09\/02\/estudiante-de-fonoaudiologia-de-voluntaria-en-burundi\/"},"author":{"name":"","@id":""},"headline":"Estudiante de Fonoaudiolog\u00eda de voluntaria en Burundi","datePublished":"2014-09-02T15:04:13+00:00","dateModified":"2014-09-02T15:10:09+00:00","mainEntityOfPage":{"@id":"https:\/\/medicina.udd.cl\/fonoaudiologia-santiago\/noticias\/2014\/09\/02\/estudiante-de-fonoaudiologia-de-voluntaria-en-burundi\/"},"wordCount":1091,"commentCount":0,"image":{"@id":"https:\/\/medicina.udd.cl\/fonoaudiologia-santiago\/noticias\/2014\/09\/02\/estudiante-de-fonoaudiologia-de-voluntaria-en-burundi\/#primaryimage"},"thumbnailUrl":"https:\/\/medicina.udd.cl\/fonoaudiologia-santiago\/files\/2014\/09\/Sin-t\u00edtulo.jpg","articleSection":["Noticias"],"inLanguage":"es","potentialAction":[{"@type":"CommentAction","name":"Comment","target":["https:\/\/medicina.udd.cl\/fonoaudiologia-santiago\/noticias\/2014\/09\/02\/estudiante-de-fonoaudiologia-de-voluntaria-en-burundi\/#respond"]}]},{"@type":"WebPage","@id":"https:\/\/medicina.udd.cl\/fonoaudiologia-santiago\/noticias\/2014\/09\/02\/estudiante-de-fonoaudiologia-de-voluntaria-en-burundi\/","url":"https:\/\/medicina.udd.cl\/fonoaudiologia-santiago\/noticias\/2014\/09\/02\/estudiante-de-fonoaudiologia-de-voluntaria-en-burundi\/","name":"Estudiante de Fonoaudiolog\u00eda de voluntaria en Burundi - Fonoaudiolog\u00eda","isPartOf":{"@id":"https:\/\/medicina.udd.cl\/fonoaudiologia-santiago\/#website"},"primaryImageOfPage":{"@id":"https:\/\/medicina.udd.cl\/fonoaudiologia-santiago\/noticias\/2014\/09\/02\/estudiante-de-fonoaudiologia-de-voluntaria-en-burundi\/#primaryimage"},"image":{"@id":"https:\/\/medicina.udd.cl\/fonoaudiologia-santiago\/noticias\/2014\/09\/02\/estudiante-de-fonoaudiologia-de-voluntaria-en-burundi\/#primaryimage"},"thumbnailUrl":"https:\/\/medicina.udd.cl\/fonoaudiologia-santiago\/files\/2014\/09\/Sin-t\u00edtulo.jpg","datePublished":"2014-09-02T15:04:13+00:00","dateModified":"2014-09-02T15:10:09+00:00","author":{"@id":""},"breadcrumb":{"@id":"https:\/\/medicina.udd.cl\/fonoaudiologia-santiago\/noticias\/2014\/09\/02\/estudiante-de-fonoaudiologia-de-voluntaria-en-burundi\/#breadcrumb"},"inLanguage":"es","potentialAction":[{"@type":"ReadAction","target":["https:\/\/medicina.udd.cl\/fonoaudiologia-santiago\/noticias\/2014\/09\/02\/estudiante-de-fonoaudiologia-de-voluntaria-en-burundi\/"]}]},{"@type":"ImageObject","inLanguage":"es","@id":"https:\/\/medicina.udd.cl\/fonoaudiologia-santiago\/noticias\/2014\/09\/02\/estudiante-de-fonoaudiologia-de-voluntaria-en-burundi\/#primaryimage","url":"https:\/\/medicina.udd.cl\/fonoaudiologia-santiago\/files\/2014\/09\/Sin-t\u00edtulo.jpg","contentUrl":"https:\/\/medicina.udd.cl\/fonoaudiologia-santiago\/files\/2014\/09\/Sin-t\u00edtulo.jpg","width":1024,"height":765},{"@type":"BreadcrumbList","@id":"https:\/\/medicina.udd.cl\/fonoaudiologia-santiago\/noticias\/2014\/09\/02\/estudiante-de-fonoaudiologia-de-voluntaria-en-burundi\/#breadcrumb","itemListElement":[{"@type":"ListItem","position":1,"name":"Home","item":"https:\/\/medicina.udd.cl\/fonoaudiologia-santiago\/"},{"@type":"ListItem","position":2,"name":"Estudiante de Fonoaudiolog\u00eda de voluntaria en Burundi"}]},{"@type":"WebSite","@id":"https:\/\/medicina.udd.cl\/fonoaudiologia-santiago\/#website","url":"https:\/\/medicina.udd.cl\/fonoaudiologia-santiago\/","name":"Fonoaudiolog\u00eda","description":"Facultad de Medicina Cl\u00ednica Alemana Universidad del Desarrollo","inLanguage":"es"},{"@type":"Person","@id":"","url":"https:\/\/medicina.udd.cl\/fonoaudiologia-santiago\/noticias\/author\/"}]}},"featured_image_url":"https:\/\/medicina.udd.cl\/fonoaudiologia-santiago\/files\/2014\/09\/Sin-t\u00edtulo.jpg","_links":{"self":[{"href":"https:\/\/medicina.udd.cl\/fonoaudiologia-santiago\/wp-json\/wp\/v2\/posts\/2378","targetHints":{"allow":["GET"]}}],"collection":[{"href":"https:\/\/medicina.udd.cl\/fonoaudiologia-santiago\/wp-json\/wp\/v2\/posts"}],"about":[{"href":"https:\/\/medicina.udd.cl\/fonoaudiologia-santiago\/wp-json\/wp\/v2\/types\/post"}],"author":[{"embeddable":true,"href":"https:\/\/medicina.udd.cl\/fonoaudiologia-santiago\/wp-json\/wp\/v2\/users\/40"}],"replies":[{"embeddable":true,"href":"https:\/\/medicina.udd.cl\/fonoaudiologia-santiago\/wp-json\/wp\/v2\/comments?post=2378"}],"version-history":[{"count":8,"href":"https:\/\/medicina.udd.cl\/fonoaudiologia-santiago\/wp-json\/wp\/v2\/posts\/2378\/revisions"}],"predecessor-version":[{"id":2392,"href":"https:\/\/medicina.udd.cl\/fonoaudiologia-santiago\/wp-json\/wp\/v2\/posts\/2378\/revisions\/2392"}],"wp:featuredmedia":[{"embeddable":true,"href":"https:\/\/medicina.udd.cl\/fonoaudiologia-santiago\/wp-json\/wp\/v2\/media\/2379"}],"wp:attachment":[{"href":"https:\/\/medicina.udd.cl\/fonoaudiologia-santiago\/wp-json\/wp\/v2\/media?parent=2378"}],"wp:term":[{"taxonomy":"category","embeddable":true,"href":"https:\/\/medicina.udd.cl\/fonoaudiologia-santiago\/wp-json\/wp\/v2\/categories?post=2378"},{"taxonomy":"post_tag","embeddable":true,"href":"https:\/\/medicina.udd.cl\/fonoaudiologia-santiago\/wp-json\/wp\/v2\/tags?post=2378"}],"curies":[{"name":"wp","href":"https:\/\/api.w.org\/{rel}","templated":true}]}}