{"id":2468,"date":"2014-09-15T09:50:23","date_gmt":"2014-09-15T12:50:23","guid":{"rendered":"http:\/\/medicina.udd.cl\/fonoaudiologia-santiago\/?p=2468"},"modified":"2014-10-16T09:54:42","modified_gmt":"2014-10-16T12:54:42","slug":"comienza-iv-version-del-diplomado-en-habilitacion-vocal","status":"publish","type":"post","link":"https:\/\/medicina.udd.cl\/fonoaudiologia-santiago\/noticias\/2014\/09\/15\/comienza-iv-version-del-diplomado-en-habilitacion-vocal\/","title":{"rendered":"Comienza IV versi\u00f3n del Diplomado en Habilitaci\u00f3n Vocal"},"content":{"rendered":"<p><a href=\"http:\/\/medicina.udd.cl\/fonoaudiologia-santiago\/files\/2014\/10\/IV-versi\u00f3n-Diplomado-en-Habilitaci\u00f3n-Vocal-2014.jpg\"><img loading=\"lazy\" decoding=\"async\" class=\"aligncenter size-medium wp-image-2470\" alt=\"IV versi\u00f3n Diplomado en Habilitaci\u00f3n Vocal 2014\" src=\"http:\/\/medicina.udd.cl\/fonoaudiologia-santiago\/files\/2014\/10\/IV-versi\u00f3n-Diplomado-en-Habilitaci\u00f3n-Vocal-2014-300x164.jpg\" width=\"300\" height=\"164\" srcset=\"https:\/\/medicina.udd.cl\/fonoaudiologia-santiago\/files\/2014\/10\/IV-versi\u00f3n-Diplomado-en-Habilitaci\u00f3n-Vocal-2014-300x164.jpg 300w, https:\/\/medicina.udd.cl\/fonoaudiologia-santiago\/files\/2014\/10\/IV-versi\u00f3n-Diplomado-en-Habilitaci\u00f3n-Vocal-2014-768x420.jpg 768w, https:\/\/medicina.udd.cl\/fonoaudiologia-santiago\/files\/2014\/10\/IV-versi\u00f3n-Diplomado-en-Habilitaci\u00f3n-Vocal-2014.jpg 960w\" sizes=\"auto, (max-width: 300px) 100vw, 300px\" \/><\/a><\/p>\n<p>Formar profesionales con competencias te\u00f3rico-pr\u00e1cticas que le permitan desenvolverse en el \u00e1rea de la voz de manera responsable y activa, es el objetivo del diplomado en Habilitaci\u00f3n Vocal impartido por la carrera de Fonoaudiolog\u00eda de la Facultad de Medicina CAS-UDD.<\/p>\n<p>El 13 de septiembre se dio inici\u00f3 a la IV versi\u00f3n de este programa que, en esta oportunidad, recibi\u00f3 a 20 profesionales provenientes de diversas ciudades de Chile como Arica, Concepci\u00f3n y Osorno.<\/p>\n","protected":false},"excerpt":{"rendered":"<p>Programa recibi\u00f3 a 20 profesionales provenientes de diversas partes de Chile.<\/p>\n","protected":false},"author":40,"featured_media":2470,"comment_status":"open","ping_status":"open","sticky":false,"template":"","format":"standard","meta":{"footnotes":""},"categories":[4],"tags":[],"class_list":["post-2468","post","type-post","status-publish","format-standard","has-post-thumbnail","hentry","category-noticias"],"yoast_head":"<!-- This site is optimized with the Yoast SEO plugin v26.9 - https:\/\/yoast.com\/product\/yoast-seo-wordpress\/ -->\n<title>Comienza IV versi\u00f3n del Diplomado en Habilitaci\u00f3n Vocal - Fonoaudiolog\u00eda<\/title>\n<meta name=\"robots\" content=\"index, follow, max-snippet:-1, max-image-preview:large, max-video-preview:-1\" \/>\n<link rel=\"canonical\" href=\"https:\/\/medicina.udd.cl\/fonoaudiologia-santiago\/noticias\/2014\/09\/15\/comienza-iv-version-del-diplomado-en-habilitacion-vocal\/\" \/>\n<meta property=\"og:locale\" content=\"es_ES\" \/>\n<meta property=\"og:type\" content=\"article\" \/>\n<meta property=\"og:title\" content=\"Comienza IV versi\u00f3n del Diplomado en Habilitaci\u00f3n Vocal - Fonoaudiolog\u00eda\" \/>\n<meta property=\"og:description\" content=\"Programa recibi\u00f3 a 20 profesionales provenientes de diversas partes de Chile.\" \/>\n<meta property=\"og:url\" content=\"https:\/\/medicina.udd.cl\/fonoaudiologia-santiago\/noticias\/2014\/09\/15\/comienza-iv-version-del-diplomado-en-habilitacion-vocal\/\" \/>\n<meta property=\"og:site_name\" content=\"Fonoaudiolog\u00eda\" \/>\n<meta property=\"article:published_time\" content=\"2014-09-15T12:50:23+00:00\" \/>\n<meta property=\"article:modified_time\" content=\"2014-10-16T12:54:42+00:00\" \/>\n<meta property=\"og:image\" content=\"https:\/\/medicina.udd.cl\/fonoaudiologia-santiago\/files\/2014\/10\/IV-versi\u00f3n-Diplomado-en-Habilitaci\u00f3n-Vocal-2014.jpg\" \/>\n\t<meta property=\"og:image:width\" content=\"960\" \/>\n\t<meta property=\"og:image:height\" content=\"525\" \/>\n\t<meta property=\"og:image:type\" content=\"image\/jpeg\" \/>\n<meta name=\"twitter:label1\" content=\"Escrito por\" \/>\n\t<meta name=\"twitter:data1\" content=\"\" \/>\n<script type=\"application\/ld+json\" class=\"yoast-schema-graph\">{\"@context\":\"https:\/\/schema.org\",\"@graph\":[{\"@type\":\"Article\",\"@id\":\"https:\/\/medicina.udd.cl\/fonoaudiologia-santiago\/noticias\/2014\/09\/15\/comienza-iv-version-del-diplomado-en-habilitacion-vocal\/#article\",\"isPartOf\":{\"@id\":\"https:\/\/medicina.udd.cl\/fonoaudiologia-santiago\/noticias\/2014\/09\/15\/comienza-iv-version-del-diplomado-en-habilitacion-vocal\/\"},\"author\":{\"name\":\"\",\"@id\":\"\"},\"headline\":\"Comienza IV versi\u00f3n del Diplomado en Habilitaci\u00f3n Vocal\",\"datePublished\":\"2014-09-15T12:50:23+00:00\",\"dateModified\":\"2014-10-16T12:54:42+00:00\",\"mainEntityOfPage\":{\"@id\":\"https:\/\/medicina.udd.cl\/fonoaudiologia-santiago\/noticias\/2014\/09\/15\/comienza-iv-version-del-diplomado-en-habilitacion-vocal\/\"},\"wordCount\":87,\"commentCount\":0,\"image\":{\"@id\":\"https:\/\/medicina.udd.cl\/fonoaudiologia-santiago\/noticias\/2014\/09\/15\/comienza-iv-version-del-diplomado-en-habilitacion-vocal\/#primaryimage\"},\"thumbnailUrl\":\"https:\/\/medicina.udd.cl\/fonoaudiologia-santiago\/files\/2014\/10\/IV-versi\u00f3n-Diplomado-en-Habilitaci\u00f3n-Vocal-2014.jpg\",\"articleSection\":[\"Noticias\"],\"inLanguage\":\"es\",\"potentialAction\":[{\"@type\":\"CommentAction\",\"name\":\"Comment\",\"target\":[\"https:\/\/medicina.udd.cl\/fonoaudiologia-santiago\/noticias\/2014\/09\/15\/comienza-iv-version-del-diplomado-en-habilitacion-vocal\/#respond\"]}]},{\"@type\":\"WebPage\",\"@id\":\"https:\/\/medicina.udd.cl\/fonoaudiologia-santiago\/noticias\/2014\/09\/15\/comienza-iv-version-del-diplomado-en-habilitacion-vocal\/\",\"url\":\"https:\/\/medicina.udd.cl\/fonoaudiologia-santiago\/noticias\/2014\/09\/15\/comienza-iv-version-del-diplomado-en-habilitacion-vocal\/\",\"name\":\"Comienza IV versi\u00f3n del Diplomado en Habilitaci\u00f3n Vocal - Fonoaudiolog\u00eda\",\"isPartOf\":{\"@id\":\"https:\/\/medicina.udd.cl\/fonoaudiologia-santiago\/#website\"},\"primaryImageOfPage\":{\"@id\":\"https:\/\/medicina.udd.cl\/fonoaudiologia-santiago\/noticias\/2014\/09\/15\/comienza-iv-version-del-diplomado-en-habilitacion-vocal\/#primaryimage\"},\"image\":{\"@id\":\"https:\/\/medicina.udd.cl\/fonoaudiologia-santiago\/noticias\/2014\/09\/15\/comienza-iv-version-del-diplomado-en-habilitacion-vocal\/#primaryimage\"},\"thumbnailUrl\":\"https:\/\/medicina.udd.cl\/fonoaudiologia-santiago\/files\/2014\/10\/IV-versi\u00f3n-Diplomado-en-Habilitaci\u00f3n-Vocal-2014.jpg\",\"datePublished\":\"2014-09-15T12:50:23+00:00\",\"dateModified\":\"2014-10-16T12:54:42+00:00\",\"author\":{\"@id\":\"\"},\"breadcrumb\":{\"@id\":\"https:\/\/medicina.udd.cl\/fonoaudiologia-santiago\/noticias\/2014\/09\/15\/comienza-iv-version-del-diplomado-en-habilitacion-vocal\/#breadcrumb\"},\"inLanguage\":\"es\",\"potentialAction\":[{\"@type\":\"ReadAction\",\"target\":[\"https:\/\/medicina.udd.cl\/fonoaudiologia-santiago\/noticias\/2014\/09\/15\/comienza-iv-version-del-diplomado-en-habilitacion-vocal\/\"]}]},{\"@type\":\"ImageObject\",\"inLanguage\":\"es\",\"@id\":\"https:\/\/medicina.udd.cl\/fonoaudiologia-santiago\/noticias\/2014\/09\/15\/comienza-iv-version-del-diplomado-en-habilitacion-vocal\/#primaryimage\",\"url\":\"https:\/\/medicina.udd.cl\/fonoaudiologia-santiago\/files\/2014\/10\/IV-versi\u00f3n-Diplomado-en-Habilitaci\u00f3n-Vocal-2014.jpg\",\"contentUrl\":\"https:\/\/medicina.udd.cl\/fonoaudiologia-santiago\/files\/2014\/10\/IV-versi\u00f3n-Diplomado-en-Habilitaci\u00f3n-Vocal-2014.jpg\",\"width\":960,\"height\":525},{\"@type\":\"BreadcrumbList\",\"@id\":\"https:\/\/medicina.udd.cl\/fonoaudiologia-santiago\/noticias\/2014\/09\/15\/comienza-iv-version-del-diplomado-en-habilitacion-vocal\/#breadcrumb\",\"itemListElement\":[{\"@type\":\"ListItem\",\"position\":1,\"name\":\"Home\",\"item\":\"https:\/\/medicina.udd.cl\/fonoaudiologia-santiago\/\"},{\"@type\":\"ListItem\",\"position\":2,\"name\":\"Comienza IV versi\u00f3n del Diplomado en Habilitaci\u00f3n Vocal\"}]},{\"@type\":\"WebSite\",\"@id\":\"https:\/\/medicina.udd.cl\/fonoaudiologia-santiago\/#website\",\"url\":\"https:\/\/medicina.udd.cl\/fonoaudiologia-santiago\/\",\"name\":\"Fonoaudiolog\u00eda\",\"description\":\"Facultad de Medicina Cl\u00ednica Alemana Universidad del Desarrollo\",\"inLanguage\":\"es\"},{\"@type\":\"Person\",\"@id\":\"\",\"url\":\"https:\/\/medicina.udd.cl\/fonoaudiologia-santiago\/noticias\/author\/\"}]}<\/script>\n<!-- \/ Yoast SEO plugin. -->","yoast_head_json":{"title":"Comienza IV versi\u00f3n del Diplomado en Habilitaci\u00f3n Vocal - Fonoaudiolog\u00eda","robots":{"index":"index","follow":"follow","max-snippet":"max-snippet:-1","max-image-preview":"max-image-preview:large","max-video-preview":"max-video-preview:-1"},"canonical":"https:\/\/medicina.udd.cl\/fonoaudiologia-santiago\/noticias\/2014\/09\/15\/comienza-iv-version-del-diplomado-en-habilitacion-vocal\/","og_locale":"es_ES","og_type":"article","og_title":"Comienza IV versi\u00f3n del Diplomado en Habilitaci\u00f3n Vocal - Fonoaudiolog\u00eda","og_description":"Programa recibi\u00f3 a 20 profesionales provenientes de diversas partes de Chile.","og_url":"https:\/\/medicina.udd.cl\/fonoaudiologia-santiago\/noticias\/2014\/09\/15\/comienza-iv-version-del-diplomado-en-habilitacion-vocal\/","og_site_name":"Fonoaudiolog\u00eda","article_published_time":"2014-09-15T12:50:23+00:00","article_modified_time":"2014-10-16T12:54:42+00:00","og_image":[{"width":960,"height":525,"url":"https:\/\/medicina.udd.cl\/fonoaudiologia-santiago\/files\/2014\/10\/IV-versi\u00f3n-Diplomado-en-Habilitaci\u00f3n-Vocal-2014.jpg","type":"image\/jpeg"}],"twitter_misc":{"Escrito por":""},"schema":{"@context":"https:\/\/schema.org","@graph":[{"@type":"Article","@id":"https:\/\/medicina.udd.cl\/fonoaudiologia-santiago\/noticias\/2014\/09\/15\/comienza-iv-version-del-diplomado-en-habilitacion-vocal\/#article","isPartOf":{"@id":"https:\/\/medicina.udd.cl\/fonoaudiologia-santiago\/noticias\/2014\/09\/15\/comienza-iv-version-del-diplomado-en-habilitacion-vocal\/"},"author":{"name":"","@id":""},"headline":"Comienza IV versi\u00f3n del Diplomado en Habilitaci\u00f3n Vocal","datePublished":"2014-09-15T12:50:23+00:00","dateModified":"2014-10-16T12:54:42+00:00","mainEntityOfPage":{"@id":"https:\/\/medicina.udd.cl\/fonoaudiologia-santiago\/noticias\/2014\/09\/15\/comienza-iv-version-del-diplomado-en-habilitacion-vocal\/"},"wordCount":87,"commentCount":0,"image":{"@id":"https:\/\/medicina.udd.cl\/fonoaudiologia-santiago\/noticias\/2014\/09\/15\/comienza-iv-version-del-diplomado-en-habilitacion-vocal\/#primaryimage"},"thumbnailUrl":"https:\/\/medicina.udd.cl\/fonoaudiologia-santiago\/files\/2014\/10\/IV-versi\u00f3n-Diplomado-en-Habilitaci\u00f3n-Vocal-2014.jpg","articleSection":["Noticias"],"inLanguage":"es","potentialAction":[{"@type":"CommentAction","name":"Comment","target":["https:\/\/medicina.udd.cl\/fonoaudiologia-santiago\/noticias\/2014\/09\/15\/comienza-iv-version-del-diplomado-en-habilitacion-vocal\/#respond"]}]},{"@type":"WebPage","@id":"https:\/\/medicina.udd.cl\/fonoaudiologia-santiago\/noticias\/2014\/09\/15\/comienza-iv-version-del-diplomado-en-habilitacion-vocal\/","url":"https:\/\/medicina.udd.cl\/fonoaudiologia-santiago\/noticias\/2014\/09\/15\/comienza-iv-version-del-diplomado-en-habilitacion-vocal\/","name":"Comienza IV versi\u00f3n del Diplomado en Habilitaci\u00f3n Vocal - Fonoaudiolog\u00eda","isPartOf":{"@id":"https:\/\/medicina.udd.cl\/fonoaudiologia-santiago\/#website"},"primaryImageOfPage":{"@id":"https:\/\/medicina.udd.cl\/fonoaudiologia-santiago\/noticias\/2014\/09\/15\/comienza-iv-version-del-diplomado-en-habilitacion-vocal\/#primaryimage"},"image":{"@id":"https:\/\/medicina.udd.cl\/fonoaudiologia-santiago\/noticias\/2014\/09\/15\/comienza-iv-version-del-diplomado-en-habilitacion-vocal\/#primaryimage"},"thumbnailUrl":"https:\/\/medicina.udd.cl\/fonoaudiologia-santiago\/files\/2014\/10\/IV-versi\u00f3n-Diplomado-en-Habilitaci\u00f3n-Vocal-2014.jpg","datePublished":"2014-09-15T12:50:23+00:00","dateModified":"2014-10-16T12:54:42+00:00","author":{"@id":""},"breadcrumb":{"@id":"https:\/\/medicina.udd.cl\/fonoaudiologia-santiago\/noticias\/2014\/09\/15\/comienza-iv-version-del-diplomado-en-habilitacion-vocal\/#breadcrumb"},"inLanguage":"es","potentialAction":[{"@type":"ReadAction","target":["https:\/\/medicina.udd.cl\/fonoaudiologia-santiago\/noticias\/2014\/09\/15\/comienza-iv-version-del-diplomado-en-habilitacion-vocal\/"]}]},{"@type":"ImageObject","inLanguage":"es","@id":"https:\/\/medicina.udd.cl\/fonoaudiologia-santiago\/noticias\/2014\/09\/15\/comienza-iv-version-del-diplomado-en-habilitacion-vocal\/#primaryimage","url":"https:\/\/medicina.udd.cl\/fonoaudiologia-santiago\/files\/2014\/10\/IV-versi\u00f3n-Diplomado-en-Habilitaci\u00f3n-Vocal-2014.jpg","contentUrl":"https:\/\/medicina.udd.cl\/fonoaudiologia-santiago\/files\/2014\/10\/IV-versi\u00f3n-Diplomado-en-Habilitaci\u00f3n-Vocal-2014.jpg","width":960,"height":525},{"@type":"BreadcrumbList","@id":"https:\/\/medicina.udd.cl\/fonoaudiologia-santiago\/noticias\/2014\/09\/15\/comienza-iv-version-del-diplomado-en-habilitacion-vocal\/#breadcrumb","itemListElement":[{"@type":"ListItem","position":1,"name":"Home","item":"https:\/\/medicina.udd.cl\/fonoaudiologia-santiago\/"},{"@type":"ListItem","position":2,"name":"Comienza IV versi\u00f3n del Diplomado en Habilitaci\u00f3n Vocal"}]},{"@type":"WebSite","@id":"https:\/\/medicina.udd.cl\/fonoaudiologia-santiago\/#website","url":"https:\/\/medicina.udd.cl\/fonoaudiologia-santiago\/","name":"Fonoaudiolog\u00eda","description":"Facultad de Medicina Cl\u00ednica Alemana Universidad del Desarrollo","inLanguage":"es"},{"@type":"Person","@id":"","url":"https:\/\/medicina.udd.cl\/fonoaudiologia-santiago\/noticias\/author\/"}]}},"featured_image_url":"https:\/\/medicina.udd.cl\/fonoaudiologia-santiago\/files\/2014\/10\/IV-versi\u00f3n-Diplomado-en-Habilitaci\u00f3n-Vocal-2014.jpg","_links":{"self":[{"href":"https:\/\/medicina.udd.cl\/fonoaudiologia-santiago\/wp-json\/wp\/v2\/posts\/2468","targetHints":{"allow":["GET"]}}],"collection":[{"href":"https:\/\/medicina.udd.cl\/fonoaudiologia-santiago\/wp-json\/wp\/v2\/posts"}],"about":[{"href":"https:\/\/medicina.udd.cl\/fonoaudiologia-santiago\/wp-json\/wp\/v2\/types\/post"}],"author":[{"embeddable":true,"href":"https:\/\/medicina.udd.cl\/fonoaudiologia-santiago\/wp-json\/wp\/v2\/users\/40"}],"replies":[{"embeddable":true,"href":"https:\/\/medicina.udd.cl\/fonoaudiologia-santiago\/wp-json\/wp\/v2\/comments?post=2468"}],"version-history":[{"count":4,"href":"https:\/\/medicina.udd.cl\/fonoaudiologia-santiago\/wp-json\/wp\/v2\/posts\/2468\/revisions"}],"predecessor-version":[{"id":2474,"href":"https:\/\/medicina.udd.cl\/fonoaudiologia-santiago\/wp-json\/wp\/v2\/posts\/2468\/revisions\/2474"}],"wp:featuredmedia":[{"embeddable":true,"href":"https:\/\/medicina.udd.cl\/fonoaudiologia-santiago\/wp-json\/wp\/v2\/media\/2470"}],"wp:attachment":[{"href":"https:\/\/medicina.udd.cl\/fonoaudiologia-santiago\/wp-json\/wp\/v2\/media?parent=2468"}],"wp:term":[{"taxonomy":"category","embeddable":true,"href":"https:\/\/medicina.udd.cl\/fonoaudiologia-santiago\/wp-json\/wp\/v2\/categories?post=2468"},{"taxonomy":"post_tag","embeddable":true,"href":"https:\/\/medicina.udd.cl\/fonoaudiologia-santiago\/wp-json\/wp\/v2\/tags?post=2468"}],"curies":[{"name":"wp","href":"https:\/\/api.w.org\/{rel}","templated":true}]}}