{"id":2501,"date":"2014-11-20T10:43:54","date_gmt":"2014-11-20T13:43:54","guid":{"rendered":"http:\/\/medicina.udd.cl\/fonoaudiologia-santiago\/?p=2501"},"modified":"2014-11-20T10:43:54","modified_gmt":"2014-11-20T13:43:54","slug":"fonoaudiologia-inviste-a-estudiantes-de-4to-ano","status":"publish","type":"post","link":"https:\/\/medicina.udd.cl\/fonoaudiologia-santiago\/noticias\/2014\/11\/20\/fonoaudiologia-inviste-a-estudiantes-de-4to-ano\/","title":{"rendered":"Fonoaudiolog\u00eda inviste a estudiantes de 4to a\u00f1o"},"content":{"rendered":"<p><a href=\"http:\/\/medicina.udd.cl\/fonoaudiologia-santiago\/files\/2014\/11\/Estudiantes-de-4to-a\u00f1o-de-Fonoaudiolog\u00eda-Investidura-2014.jpg\"><img loading=\"lazy\" decoding=\"async\" class=\"aligncenter size-medium wp-image-2502\" alt=\"Estudiantes de 4to a\u00f1o de Fonoaudiolog\u00eda - Investidura 2014\" src=\"http:\/\/medicina.udd.cl\/fonoaudiologia-santiago\/files\/2014\/11\/Estudiantes-de-4to-a\u00f1o-de-Fonoaudiolog\u00eda-Investidura-2014-300x222.jpg\" width=\"300\" height=\"222\" \/><\/a><\/p>\n<p>Los estudiantes de 4to a\u00f1o de Fonoaudiolog\u00eda vistieron por primera vez el uniforme oficial de la carrera, en la Ceremonia de Investidura que se realiz\u00f3 el 14 de noviembre en el Aula Magna de la Facultad de Medicina CAS-UDD.<\/p>\n<p>Una celebraci\u00f3n que da comienzo a los internados cl\u00ednicos que durar\u00e1n diez meses y que contempla rotaciones en las cuatro principales \u00e1reas de la fonoaudiolog\u00eda.<\/p>\n<p><a href=\"http:\/\/medicina.udd.cl\/fonoaudiologia-santiago\/files\/2014\/11\/Discurso-de-Ang\u00e9lica-L\u00f3pez-Investidura-2014.jpg\"><img loading=\"lazy\" decoding=\"async\" class=\"alignleft size-medium wp-image-2503\" alt=\"Discurso de Ang\u00e9lica L\u00f3pez - Investidura 2014\" src=\"http:\/\/medicina.udd.cl\/fonoaudiologia-santiago\/files\/2014\/11\/Discurso-de-Ang\u00e9lica-L\u00f3pez-Investidura-2014-300x193.jpg\" width=\"300\" height=\"193\" \/><\/a>En la ocasi\u00f3n, los directivos y profesores de la carrera dieron a conocer a las familias de los estudiantes las herramientas acad\u00e9micas y laborales que entregan las pr\u00e1cticas en los campos cl\u00ednicos exclusivos de la UDD; la experiencia de los fonoaudi\u00f3logos de la UDD en \u00e1reas poco exploradas como la UCI, estudios de degluci\u00f3n y el videofluroscop\u00eda; adem\u00e1s del contacto directo con los pacientes y sus familias.<\/p>\n<p><a href=\"http:\/\/medicina.udd.cl\/fonoaudiologia-santiago\/files\/2014\/11\/Presentaci\u00f3n-de-profesores-de-Fonoaudiolog\u00eda-Investidura-2014.jpg\"><img loading=\"lazy\" decoding=\"async\" class=\"alignright size-medium wp-image-2504\" alt=\"Presentaci\u00f3n de profesores de Fonoaudiolog\u00eda - Investidura 2014\" src=\"http:\/\/medicina.udd.cl\/fonoaudiologia-santiago\/files\/2014\/11\/Presentaci\u00f3n-de-profesores-de-Fonoaudiolog\u00eda-Investidura-2014-300x187.jpg\" width=\"300\" height=\"187\" \/><\/a>La ceremonia \u2013que cont\u00f3 con la participaci\u00f3n de autoridades de la Facultad- termin\u00f3 con la interpretaci\u00f3n de la canci\u00f3n \u201cHeal the World\u201d de Michael Jackson, por parte de un grupo de estudiantes, mientras que los profesores cantaron \u201cLlegaremos a Tiempo\u201d de Rosana.<\/p>\n<p><a href=\"http:\/\/medicina.udd.cl\/fonoaudiologia-santiago\/files\/2014\/11\/Presentaci\u00f3n-estudiantes-Fonoaudiolog\u00eda-Investidura-2014.jpg\"><img loading=\"lazy\" decoding=\"async\" class=\"aligncenter size-medium wp-image-2505\" alt=\"Presentaci\u00f3n estudiantes Fonoaudiolog\u00eda - Investidura 2014\" src=\"http:\/\/medicina.udd.cl\/fonoaudiologia-santiago\/files\/2014\/11\/Presentaci\u00f3n-estudiantes-Fonoaudiolog\u00eda-Investidura-2014-300x200.jpg\" width=\"300\" height=\"200\" srcset=\"https:\/\/medicina.udd.cl\/fonoaudiologia-santiago\/files\/2014\/11\/Presentaci\u00f3n-estudiantes-Fonoaudiolog\u00eda-Investidura-2014-300x200.jpg 300w, https:\/\/medicina.udd.cl\/fonoaudiologia-santiago\/files\/2014\/11\/Presentaci\u00f3n-estudiantes-Fonoaudiolog\u00eda-Investidura-2014-768x512.jpg 768w, https:\/\/medicina.udd.cl\/fonoaudiologia-santiago\/files\/2014\/11\/Presentaci\u00f3n-estudiantes-Fonoaudiolog\u00eda-Investidura-2014-1024x683.jpg 1024w, https:\/\/medicina.udd.cl\/fonoaudiologia-santiago\/files\/2014\/11\/Presentaci\u00f3n-estudiantes-Fonoaudiolog\u00eda-Investidura-2014-960x640.jpg 960w\" sizes=\"auto, (max-width: 300px) 100vw, 300px\" \/><\/a><\/p>\n","protected":false},"excerpt":{"rendered":"<p>Alumnos vistieron por primera vez sus uniformes para comenzar el internado en los campos cl\u00ednicos.<\/p>\n","protected":false},"author":40,"featured_media":2502,"comment_status":"open","ping_status":"open","sticky":false,"template":"","format":"standard","meta":{"footnotes":""},"categories":[4],"tags":[],"class_list":["post-2501","post","type-post","status-publish","format-standard","has-post-thumbnail","hentry","category-noticias"],"yoast_head":"<!-- This site is optimized with the Yoast SEO plugin v26.9 - https:\/\/yoast.com\/product\/yoast-seo-wordpress\/ -->\n<title>Fonoaudiolog\u00eda inviste a estudiantes de 4to a\u00f1o - Fonoaudiolog\u00eda<\/title>\n<meta name=\"robots\" content=\"index, follow, max-snippet:-1, max-image-preview:large, max-video-preview:-1\" \/>\n<link rel=\"canonical\" href=\"https:\/\/medicina.udd.cl\/fonoaudiologia-santiago\/noticias\/2014\/11\/20\/fonoaudiologia-inviste-a-estudiantes-de-4to-ano\/\" \/>\n<meta property=\"og:locale\" content=\"es_ES\" \/>\n<meta property=\"og:type\" content=\"article\" \/>\n<meta property=\"og:title\" content=\"Fonoaudiolog\u00eda inviste a estudiantes de 4to a\u00f1o - Fonoaudiolog\u00eda\" \/>\n<meta property=\"og:description\" content=\"Alumnos vistieron por primera vez sus uniformes para comenzar el internado en los campos cl\u00ednicos.\" \/>\n<meta property=\"og:url\" content=\"https:\/\/medicina.udd.cl\/fonoaudiologia-santiago\/noticias\/2014\/11\/20\/fonoaudiologia-inviste-a-estudiantes-de-4to-ano\/\" \/>\n<meta property=\"og:site_name\" content=\"Fonoaudiolog\u00eda\" \/>\n<meta property=\"article:published_time\" content=\"2014-11-20T13:43:54+00:00\" \/>\n<meta property=\"og:image\" content=\"https:\/\/medicina.udd.cl\/fonoaudiologia-santiago\/files\/2014\/11\/Estudiantes-de-4to-a\u00f1o-de-Fonoaudiolog\u00eda-Investidura-2014.jpg\" \/>\n\t<meta property=\"og:image:width\" content=\"3354\" \/>\n\t<meta property=\"og:image:height\" content=\"2493\" \/>\n\t<meta property=\"og:image:type\" content=\"image\/jpeg\" \/>\n<meta name=\"twitter:label1\" content=\"Escrito por\" \/>\n\t<meta name=\"twitter:data1\" content=\"\" \/>\n\t<meta name=\"twitter:label2\" content=\"Tiempo de lectura\" \/>\n\t<meta name=\"twitter:data2\" content=\"1 minuto\" \/>\n<script type=\"application\/ld+json\" class=\"yoast-schema-graph\">{\"@context\":\"https:\/\/schema.org\",\"@graph\":[{\"@type\":\"Article\",\"@id\":\"https:\/\/medicina.udd.cl\/fonoaudiologia-santiago\/noticias\/2014\/11\/20\/fonoaudiologia-inviste-a-estudiantes-de-4to-ano\/#article\",\"isPartOf\":{\"@id\":\"https:\/\/medicina.udd.cl\/fonoaudiologia-santiago\/noticias\/2014\/11\/20\/fonoaudiologia-inviste-a-estudiantes-de-4to-ano\/\"},\"author\":{\"name\":\"\",\"@id\":\"\"},\"headline\":\"Fonoaudiolog\u00eda inviste a estudiantes de 4to a\u00f1o\",\"datePublished\":\"2014-11-20T13:43:54+00:00\",\"mainEntityOfPage\":{\"@id\":\"https:\/\/medicina.udd.cl\/fonoaudiologia-santiago\/noticias\/2014\/11\/20\/fonoaudiologia-inviste-a-estudiantes-de-4to-ano\/\"},\"wordCount\":198,\"commentCount\":0,\"image\":{\"@id\":\"https:\/\/medicina.udd.cl\/fonoaudiologia-santiago\/noticias\/2014\/11\/20\/fonoaudiologia-inviste-a-estudiantes-de-4to-ano\/#primaryimage\"},\"thumbnailUrl\":\"https:\/\/medicina.udd.cl\/fonoaudiologia-santiago\/files\/2014\/11\/Estudiantes-de-4to-a\u00f1o-de-Fonoaudiolog\u00eda-Investidura-2014.jpg\",\"articleSection\":[\"Noticias\"],\"inLanguage\":\"es\",\"potentialAction\":[{\"@type\":\"CommentAction\",\"name\":\"Comment\",\"target\":[\"https:\/\/medicina.udd.cl\/fonoaudiologia-santiago\/noticias\/2014\/11\/20\/fonoaudiologia-inviste-a-estudiantes-de-4to-ano\/#respond\"]}]},{\"@type\":\"WebPage\",\"@id\":\"https:\/\/medicina.udd.cl\/fonoaudiologia-santiago\/noticias\/2014\/11\/20\/fonoaudiologia-inviste-a-estudiantes-de-4to-ano\/\",\"url\":\"https:\/\/medicina.udd.cl\/fonoaudiologia-santiago\/noticias\/2014\/11\/20\/fonoaudiologia-inviste-a-estudiantes-de-4to-ano\/\",\"name\":\"Fonoaudiolog\u00eda inviste a estudiantes de 4to a\u00f1o - Fonoaudiolog\u00eda\",\"isPartOf\":{\"@id\":\"https:\/\/medicina.udd.cl\/fonoaudiologia-santiago\/#website\"},\"primaryImageOfPage\":{\"@id\":\"https:\/\/medicina.udd.cl\/fonoaudiologia-santiago\/noticias\/2014\/11\/20\/fonoaudiologia-inviste-a-estudiantes-de-4to-ano\/#primaryimage\"},\"image\":{\"@id\":\"https:\/\/medicina.udd.cl\/fonoaudiologia-santiago\/noticias\/2014\/11\/20\/fonoaudiologia-inviste-a-estudiantes-de-4to-ano\/#primaryimage\"},\"thumbnailUrl\":\"https:\/\/medicina.udd.cl\/fonoaudiologia-santiago\/files\/2014\/11\/Estudiantes-de-4to-a\u00f1o-de-Fonoaudiolog\u00eda-Investidura-2014.jpg\",\"datePublished\":\"2014-11-20T13:43:54+00:00\",\"author\":{\"@id\":\"\"},\"breadcrumb\":{\"@id\":\"https:\/\/medicina.udd.cl\/fonoaudiologia-santiago\/noticias\/2014\/11\/20\/fonoaudiologia-inviste-a-estudiantes-de-4to-ano\/#breadcrumb\"},\"inLanguage\":\"es\",\"potentialAction\":[{\"@type\":\"ReadAction\",\"target\":[\"https:\/\/medicina.udd.cl\/fonoaudiologia-santiago\/noticias\/2014\/11\/20\/fonoaudiologia-inviste-a-estudiantes-de-4to-ano\/\"]}]},{\"@type\":\"ImageObject\",\"inLanguage\":\"es\",\"@id\":\"https:\/\/medicina.udd.cl\/fonoaudiologia-santiago\/noticias\/2014\/11\/20\/fonoaudiologia-inviste-a-estudiantes-de-4to-ano\/#primaryimage\",\"url\":\"https:\/\/medicina.udd.cl\/fonoaudiologia-santiago\/files\/2014\/11\/Estudiantes-de-4to-a\u00f1o-de-Fonoaudiolog\u00eda-Investidura-2014.jpg\",\"contentUrl\":\"https:\/\/medicina.udd.cl\/fonoaudiologia-santiago\/files\/2014\/11\/Estudiantes-de-4to-a\u00f1o-de-Fonoaudiolog\u00eda-Investidura-2014.jpg\",\"width\":3354,\"height\":2493},{\"@type\":\"BreadcrumbList\",\"@id\":\"https:\/\/medicina.udd.cl\/fonoaudiologia-santiago\/noticias\/2014\/11\/20\/fonoaudiologia-inviste-a-estudiantes-de-4to-ano\/#breadcrumb\",\"itemListElement\":[{\"@type\":\"ListItem\",\"position\":1,\"name\":\"Home\",\"item\":\"https:\/\/medicina.udd.cl\/fonoaudiologia-santiago\/\"},{\"@type\":\"ListItem\",\"position\":2,\"name\":\"Fonoaudiolog\u00eda inviste a estudiantes de 4to a\u00f1o\"}]},{\"@type\":\"WebSite\",\"@id\":\"https:\/\/medicina.udd.cl\/fonoaudiologia-santiago\/#website\",\"url\":\"https:\/\/medicina.udd.cl\/fonoaudiologia-santiago\/\",\"name\":\"Fonoaudiolog\u00eda\",\"description\":\"Facultad de Medicina Cl\u00ednica Alemana Universidad del Desarrollo\",\"inLanguage\":\"es\"},{\"@type\":\"Person\",\"@id\":\"\",\"url\":\"https:\/\/medicina.udd.cl\/fonoaudiologia-santiago\/noticias\/author\/\"}]}<\/script>\n<!-- \/ Yoast SEO plugin. -->","yoast_head_json":{"title":"Fonoaudiolog\u00eda inviste a estudiantes de 4to a\u00f1o - Fonoaudiolog\u00eda","robots":{"index":"index","follow":"follow","max-snippet":"max-snippet:-1","max-image-preview":"max-image-preview:large","max-video-preview":"max-video-preview:-1"},"canonical":"https:\/\/medicina.udd.cl\/fonoaudiologia-santiago\/noticias\/2014\/11\/20\/fonoaudiologia-inviste-a-estudiantes-de-4to-ano\/","og_locale":"es_ES","og_type":"article","og_title":"Fonoaudiolog\u00eda inviste a estudiantes de 4to a\u00f1o - Fonoaudiolog\u00eda","og_description":"Alumnos vistieron por primera vez sus uniformes para comenzar el internado en los campos cl\u00ednicos.","og_url":"https:\/\/medicina.udd.cl\/fonoaudiologia-santiago\/noticias\/2014\/11\/20\/fonoaudiologia-inviste-a-estudiantes-de-4to-ano\/","og_site_name":"Fonoaudiolog\u00eda","article_published_time":"2014-11-20T13:43:54+00:00","og_image":[{"width":3354,"height":2493,"url":"https:\/\/medicina.udd.cl\/fonoaudiologia-santiago\/files\/2014\/11\/Estudiantes-de-4to-a\u00f1o-de-Fonoaudiolog\u00eda-Investidura-2014.jpg","type":"image\/jpeg"}],"twitter_misc":{"Escrito por":"","Tiempo de lectura":"1 minuto"},"schema":{"@context":"https:\/\/schema.org","@graph":[{"@type":"Article","@id":"https:\/\/medicina.udd.cl\/fonoaudiologia-santiago\/noticias\/2014\/11\/20\/fonoaudiologia-inviste-a-estudiantes-de-4to-ano\/#article","isPartOf":{"@id":"https:\/\/medicina.udd.cl\/fonoaudiologia-santiago\/noticias\/2014\/11\/20\/fonoaudiologia-inviste-a-estudiantes-de-4to-ano\/"},"author":{"name":"","@id":""},"headline":"Fonoaudiolog\u00eda inviste a estudiantes de 4to a\u00f1o","datePublished":"2014-11-20T13:43:54+00:00","mainEntityOfPage":{"@id":"https:\/\/medicina.udd.cl\/fonoaudiologia-santiago\/noticias\/2014\/11\/20\/fonoaudiologia-inviste-a-estudiantes-de-4to-ano\/"},"wordCount":198,"commentCount":0,"image":{"@id":"https:\/\/medicina.udd.cl\/fonoaudiologia-santiago\/noticias\/2014\/11\/20\/fonoaudiologia-inviste-a-estudiantes-de-4to-ano\/#primaryimage"},"thumbnailUrl":"https:\/\/medicina.udd.cl\/fonoaudiologia-santiago\/files\/2014\/11\/Estudiantes-de-4to-a\u00f1o-de-Fonoaudiolog\u00eda-Investidura-2014.jpg","articleSection":["Noticias"],"inLanguage":"es","potentialAction":[{"@type":"CommentAction","name":"Comment","target":["https:\/\/medicina.udd.cl\/fonoaudiologia-santiago\/noticias\/2014\/11\/20\/fonoaudiologia-inviste-a-estudiantes-de-4to-ano\/#respond"]}]},{"@type":"WebPage","@id":"https:\/\/medicina.udd.cl\/fonoaudiologia-santiago\/noticias\/2014\/11\/20\/fonoaudiologia-inviste-a-estudiantes-de-4to-ano\/","url":"https:\/\/medicina.udd.cl\/fonoaudiologia-santiago\/noticias\/2014\/11\/20\/fonoaudiologia-inviste-a-estudiantes-de-4to-ano\/","name":"Fonoaudiolog\u00eda inviste a estudiantes de 4to a\u00f1o - Fonoaudiolog\u00eda","isPartOf":{"@id":"https:\/\/medicina.udd.cl\/fonoaudiologia-santiago\/#website"},"primaryImageOfPage":{"@id":"https:\/\/medicina.udd.cl\/fonoaudiologia-santiago\/noticias\/2014\/11\/20\/fonoaudiologia-inviste-a-estudiantes-de-4to-ano\/#primaryimage"},"image":{"@id":"https:\/\/medicina.udd.cl\/fonoaudiologia-santiago\/noticias\/2014\/11\/20\/fonoaudiologia-inviste-a-estudiantes-de-4to-ano\/#primaryimage"},"thumbnailUrl":"https:\/\/medicina.udd.cl\/fonoaudiologia-santiago\/files\/2014\/11\/Estudiantes-de-4to-a\u00f1o-de-Fonoaudiolog\u00eda-Investidura-2014.jpg","datePublished":"2014-11-20T13:43:54+00:00","author":{"@id":""},"breadcrumb":{"@id":"https:\/\/medicina.udd.cl\/fonoaudiologia-santiago\/noticias\/2014\/11\/20\/fonoaudiologia-inviste-a-estudiantes-de-4to-ano\/#breadcrumb"},"inLanguage":"es","potentialAction":[{"@type":"ReadAction","target":["https:\/\/medicina.udd.cl\/fonoaudiologia-santiago\/noticias\/2014\/11\/20\/fonoaudiologia-inviste-a-estudiantes-de-4to-ano\/"]}]},{"@type":"ImageObject","inLanguage":"es","@id":"https:\/\/medicina.udd.cl\/fonoaudiologia-santiago\/noticias\/2014\/11\/20\/fonoaudiologia-inviste-a-estudiantes-de-4to-ano\/#primaryimage","url":"https:\/\/medicina.udd.cl\/fonoaudiologia-santiago\/files\/2014\/11\/Estudiantes-de-4to-a\u00f1o-de-Fonoaudiolog\u00eda-Investidura-2014.jpg","contentUrl":"https:\/\/medicina.udd.cl\/fonoaudiologia-santiago\/files\/2014\/11\/Estudiantes-de-4to-a\u00f1o-de-Fonoaudiolog\u00eda-Investidura-2014.jpg","width":3354,"height":2493},{"@type":"BreadcrumbList","@id":"https:\/\/medicina.udd.cl\/fonoaudiologia-santiago\/noticias\/2014\/11\/20\/fonoaudiologia-inviste-a-estudiantes-de-4to-ano\/#breadcrumb","itemListElement":[{"@type":"ListItem","position":1,"name":"Home","item":"https:\/\/medicina.udd.cl\/fonoaudiologia-santiago\/"},{"@type":"ListItem","position":2,"name":"Fonoaudiolog\u00eda inviste a estudiantes de 4to a\u00f1o"}]},{"@type":"WebSite","@id":"https:\/\/medicina.udd.cl\/fonoaudiologia-santiago\/#website","url":"https:\/\/medicina.udd.cl\/fonoaudiologia-santiago\/","name":"Fonoaudiolog\u00eda","description":"Facultad de Medicina Cl\u00ednica Alemana Universidad del Desarrollo","inLanguage":"es"},{"@type":"Person","@id":"","url":"https:\/\/medicina.udd.cl\/fonoaudiologia-santiago\/noticias\/author\/"}]}},"featured_image_url":"https:\/\/medicina.udd.cl\/fonoaudiologia-santiago\/files\/2014\/11\/Estudiantes-de-4to-a\u00f1o-de-Fonoaudiolog\u00eda-Investidura-2014.jpg","_links":{"self":[{"href":"https:\/\/medicina.udd.cl\/fonoaudiologia-santiago\/wp-json\/wp\/v2\/posts\/2501","targetHints":{"allow":["GET"]}}],"collection":[{"href":"https:\/\/medicina.udd.cl\/fonoaudiologia-santiago\/wp-json\/wp\/v2\/posts"}],"about":[{"href":"https:\/\/medicina.udd.cl\/fonoaudiologia-santiago\/wp-json\/wp\/v2\/types\/post"}],"author":[{"embeddable":true,"href":"https:\/\/medicina.udd.cl\/fonoaudiologia-santiago\/wp-json\/wp\/v2\/users\/40"}],"replies":[{"embeddable":true,"href":"https:\/\/medicina.udd.cl\/fonoaudiologia-santiago\/wp-json\/wp\/v2\/comments?post=2501"}],"version-history":[{"count":2,"href":"https:\/\/medicina.udd.cl\/fonoaudiologia-santiago\/wp-json\/wp\/v2\/posts\/2501\/revisions"}],"predecessor-version":[{"id":2507,"href":"https:\/\/medicina.udd.cl\/fonoaudiologia-santiago\/wp-json\/wp\/v2\/posts\/2501\/revisions\/2507"}],"wp:featuredmedia":[{"embeddable":true,"href":"https:\/\/medicina.udd.cl\/fonoaudiologia-santiago\/wp-json\/wp\/v2\/media\/2502"}],"wp:attachment":[{"href":"https:\/\/medicina.udd.cl\/fonoaudiologia-santiago\/wp-json\/wp\/v2\/media?parent=2501"}],"wp:term":[{"taxonomy":"category","embeddable":true,"href":"https:\/\/medicina.udd.cl\/fonoaudiologia-santiago\/wp-json\/wp\/v2\/categories?post=2501"},{"taxonomy":"post_tag","embeddable":true,"href":"https:\/\/medicina.udd.cl\/fonoaudiologia-santiago\/wp-json\/wp\/v2\/tags?post=2501"}],"curies":[{"name":"wp","href":"https:\/\/api.w.org\/{rel}","templated":true}]}}