{"id":2522,"date":"2014-12-01T14:39:46","date_gmt":"2014-12-01T17:39:46","guid":{"rendered":"http:\/\/medicina.udd.cl\/fonoaudiologia-santiago\/?p=2522"},"modified":"2014-12-01T14:39:46","modified_gmt":"2014-12-01T17:39:46","slug":"udd-celebra-dia-del-fonoaudiologo-con-alumnos-de-la-escuela-especial-padre-pio","status":"publish","type":"post","link":"https:\/\/medicina.udd.cl\/fonoaudiologia-santiago\/noticias\/2014\/12\/01\/udd-celebra-dia-del-fonoaudiologo-con-alumnos-de-la-escuela-especial-padre-pio\/","title":{"rendered":"UDD celebra D\u00eda del Fonoaudi\u00f3logo con alumnos de la Escuela Especial Padre P\u00edo"},"content":{"rendered":"<div id=\"gallery-1\" class=\"carousel slide carousel-gallery\" data-ride=\"false\" data-interval=\"false\"><div class=\"carousel-inner\" role=\"listbox\"><figure class=\"carousel-item active\"><img loading=\"lazy\" decoding=\"async\" width=\"802\" height=\"534\" src=\"https:\/\/medicina.udd.cl\/fonoaudiologia-santiago\/files\/2014\/12\/Patio-de-Aulas-D\u00eda-del-Fonoaudi\u00f3logo-2014.jpg\" class=\"attachment-landscape_952 size-landscape_952\" alt=\"\" srcset=\"https:\/\/medicina.udd.cl\/fonoaudiologia-santiago\/files\/2014\/12\/Patio-de-Aulas-D\u00eda-del-Fonoaudi\u00f3logo-2014.jpg 4000w, https:\/\/medicina.udd.cl\/fonoaudiologia-santiago\/files\/2014\/12\/Patio-de-Aulas-D\u00eda-del-Fonoaudi\u00f3logo-2014-300x200.jpg 300w, https:\/\/medicina.udd.cl\/fonoaudiologia-santiago\/files\/2014\/12\/Patio-de-Aulas-D\u00eda-del-Fonoaudi\u00f3logo-2014-768x511.jpg 768w, https:\/\/medicina.udd.cl\/fonoaudiologia-santiago\/files\/2014\/12\/Patio-de-Aulas-D\u00eda-del-Fonoaudi\u00f3logo-2014-1024x682.jpg 1024w, https:\/\/medicina.udd.cl\/fonoaudiologia-santiago\/files\/2014\/12\/Patio-de-Aulas-D\u00eda-del-Fonoaudi\u00f3logo-2014-960x639.jpg 960w\" sizes=\"auto, (max-width: 802px) 100vw, 802px\" \/><\/figure><figure class=\"carousel-item\"><img loading=\"lazy\" decoding=\"async\" width=\"802\" height=\"534\" src=\"https:\/\/medicina.udd.cl\/fonoaudiologia-santiago\/files\/2014\/12\/Ang\u00e9lica-L\u00f3pez-D\u00eda-del-Fonoaudi\u00f3logo-2014.jpg\" class=\"attachment-landscape_952 size-landscape_952\" alt=\"\" srcset=\"https:\/\/medicina.udd.cl\/fonoaudiologia-santiago\/files\/2014\/12\/Ang\u00e9lica-L\u00f3pez-D\u00eda-del-Fonoaudi\u00f3logo-2014.jpg 4000w, https:\/\/medicina.udd.cl\/fonoaudiologia-santiago\/files\/2014\/12\/Ang\u00e9lica-L\u00f3pez-D\u00eda-del-Fonoaudi\u00f3logo-2014-300x200.jpg 300w, https:\/\/medicina.udd.cl\/fonoaudiologia-santiago\/files\/2014\/12\/Ang\u00e9lica-L\u00f3pez-D\u00eda-del-Fonoaudi\u00f3logo-2014-768x511.jpg 768w, https:\/\/medicina.udd.cl\/fonoaudiologia-santiago\/files\/2014\/12\/Ang\u00e9lica-L\u00f3pez-D\u00eda-del-Fonoaudi\u00f3logo-2014-1024x682.jpg 1024w, https:\/\/medicina.udd.cl\/fonoaudiologia-santiago\/files\/2014\/12\/Ang\u00e9lica-L\u00f3pez-D\u00eda-del-Fonoaudi\u00f3logo-2014-960x639.jpg 960w\" sizes=\"auto, (max-width: 802px) 100vw, 802px\" \/><\/figure><figure class=\"carousel-item\"><img loading=\"lazy\" decoding=\"async\" width=\"802\" height=\"534\" src=\"https:\/\/medicina.udd.cl\/fonoaudiologia-santiago\/files\/2014\/12\/IMG_2770.jpg\" class=\"attachment-landscape_952 size-landscape_952\" alt=\"\" srcset=\"https:\/\/medicina.udd.cl\/fonoaudiologia-santiago\/files\/2014\/12\/IMG_2770.jpg 4000w, https:\/\/medicina.udd.cl\/fonoaudiologia-santiago\/files\/2014\/12\/IMG_2770-300x200.jpg 300w, https:\/\/medicina.udd.cl\/fonoaudiologia-santiago\/files\/2014\/12\/IMG_2770-768x511.jpg 768w, https:\/\/medicina.udd.cl\/fonoaudiologia-santiago\/files\/2014\/12\/IMG_2770-1024x682.jpg 1024w, https:\/\/medicina.udd.cl\/fonoaudiologia-santiago\/files\/2014\/12\/IMG_2770-960x639.jpg 960w\" sizes=\"auto, (max-width: 802px) 100vw, 802px\" \/><\/figure><figure class=\"carousel-item\"><img loading=\"lazy\" decoding=\"async\" width=\"712\" height=\"534\" src=\"https:\/\/medicina.udd.cl\/fonoaudiologia-santiago\/files\/2014\/12\/Clase-demostrativa-D\u00eda-del-Fonoaudi\u00f3logo-2014.jpg\" class=\"attachment-landscape_952 size-landscape_952\" alt=\"\" srcset=\"https:\/\/medicina.udd.cl\/fonoaudiologia-santiago\/files\/2014\/12\/Clase-demostrativa-D\u00eda-del-Fonoaudi\u00f3logo-2014.jpg 3264w, https:\/\/medicina.udd.cl\/fonoaudiologia-santiago\/files\/2014\/12\/Clase-demostrativa-D\u00eda-del-Fonoaudi\u00f3logo-2014-300x225.jpg 300w, https:\/\/medicina.udd.cl\/fonoaudiologia-santiago\/files\/2014\/12\/Clase-demostrativa-D\u00eda-del-Fonoaudi\u00f3logo-2014-768x576.jpg 768w, https:\/\/medicina.udd.cl\/fonoaudiologia-santiago\/files\/2014\/12\/Clase-demostrativa-D\u00eda-del-Fonoaudi\u00f3logo-2014-1024x768.jpg 1024w, https:\/\/medicina.udd.cl\/fonoaudiologia-santiago\/files\/2014\/12\/Clase-demostrativa-D\u00eda-del-Fonoaudi\u00f3logo-2014-960x720.jpg 960w\" sizes=\"auto, (max-width: 712px) 100vw, 712px\" \/><\/figure><figure class=\"carousel-item\"><img loading=\"lazy\" decoding=\"async\" width=\"712\" height=\"534\" src=\"https:\/\/medicina.udd.cl\/fonoaudiologia-santiago\/files\/2014\/12\/Laboratorio-D\u00eda-del-Fonoaudi\u00f3logo-2014.jpg\" class=\"attachment-landscape_952 size-landscape_952\" alt=\"\" srcset=\"https:\/\/medicina.udd.cl\/fonoaudiologia-santiago\/files\/2014\/12\/Laboratorio-D\u00eda-del-Fonoaudi\u00f3logo-2014.jpg 3264w, https:\/\/medicina.udd.cl\/fonoaudiologia-santiago\/files\/2014\/12\/Laboratorio-D\u00eda-del-Fonoaudi\u00f3logo-2014-300x225.jpg 300w, https:\/\/medicina.udd.cl\/fonoaudiologia-santiago\/files\/2014\/12\/Laboratorio-D\u00eda-del-Fonoaudi\u00f3logo-2014-768x576.jpg 768w, https:\/\/medicina.udd.cl\/fonoaudiologia-santiago\/files\/2014\/12\/Laboratorio-D\u00eda-del-Fonoaudi\u00f3logo-2014-1024x768.jpg 1024w, https:\/\/medicina.udd.cl\/fonoaudiologia-santiago\/files\/2014\/12\/Laboratorio-D\u00eda-del-Fonoaudi\u00f3logo-2014-960x720.jpg 960w\" sizes=\"auto, (max-width: 712px) 100vw, 712px\" \/><\/figure><figure class=\"carousel-item\"><img loading=\"lazy\" decoding=\"async\" width=\"712\" height=\"534\" src=\"https:\/\/medicina.udd.cl\/fonoaudiologia-santiago\/files\/2014\/12\/Pietro-Raggio-D\u00eda-del-Fonoaudi\u00f3logo-2014.jpg\" class=\"attachment-landscape_952 size-landscape_952\" alt=\"\" srcset=\"https:\/\/medicina.udd.cl\/fonoaudiologia-santiago\/files\/2014\/12\/Pietro-Raggio-D\u00eda-del-Fonoaudi\u00f3logo-2014.jpg 3264w, https:\/\/medicina.udd.cl\/fonoaudiologia-santiago\/files\/2014\/12\/Pietro-Raggio-D\u00eda-del-Fonoaudi\u00f3logo-2014-300x225.jpg 300w, https:\/\/medicina.udd.cl\/fonoaudiologia-santiago\/files\/2014\/12\/Pietro-Raggio-D\u00eda-del-Fonoaudi\u00f3logo-2014-768x576.jpg 768w, https:\/\/medicina.udd.cl\/fonoaudiologia-santiago\/files\/2014\/12\/Pietro-Raggio-D\u00eda-del-Fonoaudi\u00f3logo-2014-1024x768.jpg 1024w, https:\/\/medicina.udd.cl\/fonoaudiologia-santiago\/files\/2014\/12\/Pietro-Raggio-D\u00eda-del-Fonoaudi\u00f3logo-2014-960x720.jpg 960w\" sizes=\"auto, (max-width: 712px) 100vw, 712px\" \/><\/figure><figure class=\"carousel-item\"><img loading=\"lazy\" decoding=\"async\" width=\"712\" height=\"534\" src=\"https:\/\/medicina.udd.cl\/fonoaudiologia-santiago\/files\/2014\/12\/Karaoke-D\u00eda-del-Fonoaudi\u00f3logo-2014.jpg\" class=\"attachment-landscape_952 size-landscape_952\" alt=\"\" srcset=\"https:\/\/medicina.udd.cl\/fonoaudiologia-santiago\/files\/2014\/12\/Karaoke-D\u00eda-del-Fonoaudi\u00f3logo-2014.jpg 3264w, https:\/\/medicina.udd.cl\/fonoaudiologia-santiago\/files\/2014\/12\/Karaoke-D\u00eda-del-Fonoaudi\u00f3logo-2014-300x225.jpg 300w, https:\/\/medicina.udd.cl\/fonoaudiologia-santiago\/files\/2014\/12\/Karaoke-D\u00eda-del-Fonoaudi\u00f3logo-2014-768x576.jpg 768w, https:\/\/medicina.udd.cl\/fonoaudiologia-santiago\/files\/2014\/12\/Karaoke-D\u00eda-del-Fonoaudi\u00f3logo-2014-1024x768.jpg 1024w, https:\/\/medicina.udd.cl\/fonoaudiologia-santiago\/files\/2014\/12\/Karaoke-D\u00eda-del-Fonoaudi\u00f3logo-2014-960x720.jpg 960w\" sizes=\"auto, (max-width: 712px) 100vw, 712px\" \/><\/figure><figure class=\"carousel-item\"><img loading=\"lazy\" decoding=\"async\" width=\"712\" height=\"534\" src=\"https:\/\/medicina.udd.cl\/fonoaudiologia-santiago\/files\/2014\/12\/D\u00eda-del-Fonoaudi\u00f3logo-2014.jpg\" class=\"attachment-landscape_952 size-landscape_952\" alt=\"\" srcset=\"https:\/\/medicina.udd.cl\/fonoaudiologia-santiago\/files\/2014\/12\/D\u00eda-del-Fonoaudi\u00f3logo-2014.jpg 3264w, https:\/\/medicina.udd.cl\/fonoaudiologia-santiago\/files\/2014\/12\/D\u00eda-del-Fonoaudi\u00f3logo-2014-300x225.jpg 300w, https:\/\/medicina.udd.cl\/fonoaudiologia-santiago\/files\/2014\/12\/D\u00eda-del-Fonoaudi\u00f3logo-2014-768x576.jpg 768w, https:\/\/medicina.udd.cl\/fonoaudiologia-santiago\/files\/2014\/12\/D\u00eda-del-Fonoaudi\u00f3logo-2014-1024x768.jpg 1024w, https:\/\/medicina.udd.cl\/fonoaudiologia-santiago\/files\/2014\/12\/D\u00eda-del-Fonoaudi\u00f3logo-2014-960x720.jpg 960w\" sizes=\"auto, (max-width: 712px) 100vw, 712px\" \/><\/figure><\/div><footer class=\"carousel-footer\"><div class=\"carousel-counter\"><span class=\"carousel-counter-current\"><\/span> \/ <span class=\"carousel-counter-total\"><\/span><\/div><a class=\"carousel-control-prev\" href=\"#gallery-1\" role=\"button\" data-slide=\"prev\"><svg aria-hidden=\"true\" class=\"svg-chevron-left-dims\"><use xlink:href='https:\/\/medicina.udd.cl\/fonoaudiologia-santiago\/wp-content\/themes\/facultades-2018\/assets\/img\/svg\/dist\/main.svg?version=1695853099#chevron-left'><\/use><\/svg><span class=\"sr-only\">Anterior<\/span><\/a><a class=\"carousel-control-next\" href=\"#gallery-1\" role=\"button\" data-slide=\"next\"><svg aria-hidden=\"true\" class=\"svg-chevron-right-dims\"><use xlink:href='https:\/\/medicina.udd.cl\/fonoaudiologia-santiago\/wp-content\/themes\/facultades-2018\/assets\/img\/svg\/dist\/main.svg?version=1695853099#chevron-right'><\/use><\/svg><span class=\"sr-only\">Siguiente<\/span><\/a><\/footer><\/div>\n<p>Los estudiantes y profesores de la UDD celebraron de manera diferente el D\u00eda del Fonoaudi\u00f3logo este a\u00f1o. Las actividades organizadas por la carrera fueron destinadas a compartir y entregar una \u201cjornada universitaria\u201d a los alumnos de la Escuela Especial Padre P\u00edo, de La Florida.<\/p>\n<p>Los 27 ni\u00f1os, junto a tres de sus profesores, fueron recibidos por los directivos de Fonoaudiolog\u00eda para participar de clases demostrativas en el Laboratorio de F\u00edsica y Matem\u00e1ticas, en el Laboratorio de Biomec\u00e1nica y una clase interactiva a cargo del CDD<\/p>\n<p>Por su parte, los escolares realizaron una presentaci\u00f3n art\u00edstica en el Patio de Aulas, en la que participaron estudiantes UDD de diversas carreras, para luego terminar la jornada con un karaoke y hamburguesas en las canchas de la universidad.<\/p>\n<p>\u201cEsta celebraci\u00f3n estuvo llena de alegr\u00eda y entretenci\u00f3n. Una vez m\u00e1s los fonoaudi\u00f3logos mostraron el amor por su profesi\u00f3n y la gran comunicaci\u00f3n y uni\u00f3n que existe en la carrera\u201d, coment\u00f3 Ang\u00e9lica L\u00f3pez, directora de Fonoaudiolog\u00eda de la Facultad de Medicina CAS-UDD.<\/p>\n","protected":false},"excerpt":{"rendered":"<p>Realizaron clases interactivas, bailes y entretenidas actividades para estudiantes y profesores.<\/p>\n","protected":false},"author":40,"featured_media":2528,"comment_status":"open","ping_status":"open","sticky":false,"template":"","format":"standard","meta":{"footnotes":""},"categories":[4],"tags":[],"class_list":["post-2522","post","type-post","status-publish","format-standard","has-post-thumbnail","hentry","category-noticias"],"yoast_head":"<!-- This site is optimized with the Yoast SEO plugin v26.9 - https:\/\/yoast.com\/product\/yoast-seo-wordpress\/ -->\n<title>UDD celebra D\u00eda del Fonoaudi\u00f3logo con alumnos de la Escuela Especial Padre P\u00edo - Fonoaudiolog\u00eda<\/title>\n<meta name=\"robots\" content=\"index, follow, max-snippet:-1, max-image-preview:large, max-video-preview:-1\" \/>\n<link rel=\"canonical\" href=\"https:\/\/medicina.udd.cl\/fonoaudiologia-santiago\/noticias\/2014\/12\/01\/udd-celebra-dia-del-fonoaudiologo-con-alumnos-de-la-escuela-especial-padre-pio\/\" \/>\n<meta property=\"og:locale\" content=\"es_ES\" \/>\n<meta property=\"og:type\" content=\"article\" \/>\n<meta property=\"og:title\" content=\"UDD celebra D\u00eda del Fonoaudi\u00f3logo con alumnos de la Escuela Especial Padre P\u00edo - Fonoaudiolog\u00eda\" \/>\n<meta property=\"og:description\" content=\"Realizaron clases interactivas, bailes y entretenidas actividades para estudiantes y profesores.\" \/>\n<meta property=\"og:url\" content=\"https:\/\/medicina.udd.cl\/fonoaudiologia-santiago\/noticias\/2014\/12\/01\/udd-celebra-dia-del-fonoaudiologo-con-alumnos-de-la-escuela-especial-padre-pio\/\" \/>\n<meta property=\"og:site_name\" content=\"Fonoaudiolog\u00eda\" \/>\n<meta property=\"article:published_time\" content=\"2014-12-01T17:39:46+00:00\" \/>\n<meta property=\"og:image\" content=\"https:\/\/medicina.udd.cl\/fonoaudiologia-santiago\/files\/2014\/12\/Patio-de-Aulas-D\u00eda-del-Fonoaudi\u00f3logo-2014-1024x682.jpg\" \/>\n\t<meta property=\"og:image:width\" content=\"1024\" \/>\n\t<meta property=\"og:image:height\" content=\"682\" \/>\n\t<meta property=\"og:image:type\" content=\"image\/jpeg\" \/>\n<meta name=\"twitter:label1\" content=\"Escrito por\" \/>\n\t<meta name=\"twitter:data1\" content=\"\" \/>\n\t<meta name=\"twitter:label2\" content=\"Tiempo de lectura\" \/>\n\t<meta name=\"twitter:data2\" content=\"1 minuto\" \/>\n<script type=\"application\/ld+json\" class=\"yoast-schema-graph\">{\"@context\":\"https:\/\/schema.org\",\"@graph\":[{\"@type\":\"Article\",\"@id\":\"https:\/\/medicina.udd.cl\/fonoaudiologia-santiago\/noticias\/2014\/12\/01\/udd-celebra-dia-del-fonoaudiologo-con-alumnos-de-la-escuela-especial-padre-pio\/#article\",\"isPartOf\":{\"@id\":\"https:\/\/medicina.udd.cl\/fonoaudiologia-santiago\/noticias\/2014\/12\/01\/udd-celebra-dia-del-fonoaudiologo-con-alumnos-de-la-escuela-especial-padre-pio\/\"},\"author\":{\"name\":\"\",\"@id\":\"\"},\"headline\":\"UDD celebra D\u00eda del Fonoaudi\u00f3logo con alumnos de la Escuela Especial Padre P\u00edo\",\"datePublished\":\"2014-12-01T17:39:46+00:00\",\"mainEntityOfPage\":{\"@id\":\"https:\/\/medicina.udd.cl\/fonoaudiologia-santiago\/noticias\/2014\/12\/01\/udd-celebra-dia-del-fonoaudiologo-con-alumnos-de-la-escuela-especial-padre-pio\/\"},\"wordCount\":205,\"commentCount\":0,\"image\":{\"@id\":\"https:\/\/medicina.udd.cl\/fonoaudiologia-santiago\/noticias\/2014\/12\/01\/udd-celebra-dia-del-fonoaudiologo-con-alumnos-de-la-escuela-especial-padre-pio\/#primaryimage\"},\"thumbnailUrl\":\"https:\/\/medicina.udd.cl\/fonoaudiologia-santiago\/files\/2014\/12\/Patio-de-Aulas-D\u00eda-del-Fonoaudi\u00f3logo-2014.jpg\",\"articleSection\":[\"Noticias\"],\"inLanguage\":\"es\",\"potentialAction\":[{\"@type\":\"CommentAction\",\"name\":\"Comment\",\"target\":[\"https:\/\/medicina.udd.cl\/fonoaudiologia-santiago\/noticias\/2014\/12\/01\/udd-celebra-dia-del-fonoaudiologo-con-alumnos-de-la-escuela-especial-padre-pio\/#respond\"]}]},{\"@type\":\"WebPage\",\"@id\":\"https:\/\/medicina.udd.cl\/fonoaudiologia-santiago\/noticias\/2014\/12\/01\/udd-celebra-dia-del-fonoaudiologo-con-alumnos-de-la-escuela-especial-padre-pio\/\",\"url\":\"https:\/\/medicina.udd.cl\/fonoaudiologia-santiago\/noticias\/2014\/12\/01\/udd-celebra-dia-del-fonoaudiologo-con-alumnos-de-la-escuela-especial-padre-pio\/\",\"name\":\"UDD celebra D\u00eda del Fonoaudi\u00f3logo con alumnos de la Escuela Especial Padre P\u00edo - Fonoaudiolog\u00eda\",\"isPartOf\":{\"@id\":\"https:\/\/medicina.udd.cl\/fonoaudiologia-santiago\/#website\"},\"primaryImageOfPage\":{\"@id\":\"https:\/\/medicina.udd.cl\/fonoaudiologia-santiago\/noticias\/2014\/12\/01\/udd-celebra-dia-del-fonoaudiologo-con-alumnos-de-la-escuela-especial-padre-pio\/#primaryimage\"},\"image\":{\"@id\":\"https:\/\/medicina.udd.cl\/fonoaudiologia-santiago\/noticias\/2014\/12\/01\/udd-celebra-dia-del-fonoaudiologo-con-alumnos-de-la-escuela-especial-padre-pio\/#primaryimage\"},\"thumbnailUrl\":\"https:\/\/medicina.udd.cl\/fonoaudiologia-santiago\/files\/2014\/12\/Patio-de-Aulas-D\u00eda-del-Fonoaudi\u00f3logo-2014.jpg\",\"datePublished\":\"2014-12-01T17:39:46+00:00\",\"author\":{\"@id\":\"\"},\"breadcrumb\":{\"@id\":\"https:\/\/medicina.udd.cl\/fonoaudiologia-santiago\/noticias\/2014\/12\/01\/udd-celebra-dia-del-fonoaudiologo-con-alumnos-de-la-escuela-especial-padre-pio\/#breadcrumb\"},\"inLanguage\":\"es\",\"potentialAction\":[{\"@type\":\"ReadAction\",\"target\":[\"https:\/\/medicina.udd.cl\/fonoaudiologia-santiago\/noticias\/2014\/12\/01\/udd-celebra-dia-del-fonoaudiologo-con-alumnos-de-la-escuela-especial-padre-pio\/\"]}]},{\"@type\":\"ImageObject\",\"inLanguage\":\"es\",\"@id\":\"https:\/\/medicina.udd.cl\/fonoaudiologia-santiago\/noticias\/2014\/12\/01\/udd-celebra-dia-del-fonoaudiologo-con-alumnos-de-la-escuela-especial-padre-pio\/#primaryimage\",\"url\":\"https:\/\/medicina.udd.cl\/fonoaudiologia-santiago\/files\/2014\/12\/Patio-de-Aulas-D\u00eda-del-Fonoaudi\u00f3logo-2014.jpg\",\"contentUrl\":\"https:\/\/medicina.udd.cl\/fonoaudiologia-santiago\/files\/2014\/12\/Patio-de-Aulas-D\u00eda-del-Fonoaudi\u00f3logo-2014.jpg\",\"width\":4000,\"height\":2664},{\"@type\":\"BreadcrumbList\",\"@id\":\"https:\/\/medicina.udd.cl\/fonoaudiologia-santiago\/noticias\/2014\/12\/01\/udd-celebra-dia-del-fonoaudiologo-con-alumnos-de-la-escuela-especial-padre-pio\/#breadcrumb\",\"itemListElement\":[{\"@type\":\"ListItem\",\"position\":1,\"name\":\"Home\",\"item\":\"https:\/\/medicina.udd.cl\/fonoaudiologia-santiago\/\"},{\"@type\":\"ListItem\",\"position\":2,\"name\":\"UDD celebra D\u00eda del Fonoaudi\u00f3logo con alumnos de la Escuela Especial Padre P\u00edo\"}]},{\"@type\":\"WebSite\",\"@id\":\"https:\/\/medicina.udd.cl\/fonoaudiologia-santiago\/#website\",\"url\":\"https:\/\/medicina.udd.cl\/fonoaudiologia-santiago\/\",\"name\":\"Fonoaudiolog\u00eda\",\"description\":\"Facultad de Medicina Cl\u00ednica Alemana Universidad del Desarrollo\",\"inLanguage\":\"es\"},{\"@type\":\"Person\",\"@id\":\"\",\"url\":\"https:\/\/medicina.udd.cl\/fonoaudiologia-santiago\/noticias\/author\/\"}]}<\/script>\n<!-- \/ Yoast SEO plugin. -->","yoast_head_json":{"title":"UDD celebra D\u00eda del Fonoaudi\u00f3logo con alumnos de la Escuela Especial Padre P\u00edo - Fonoaudiolog\u00eda","robots":{"index":"index","follow":"follow","max-snippet":"max-snippet:-1","max-image-preview":"max-image-preview:large","max-video-preview":"max-video-preview:-1"},"canonical":"https:\/\/medicina.udd.cl\/fonoaudiologia-santiago\/noticias\/2014\/12\/01\/udd-celebra-dia-del-fonoaudiologo-con-alumnos-de-la-escuela-especial-padre-pio\/","og_locale":"es_ES","og_type":"article","og_title":"UDD celebra D\u00eda del Fonoaudi\u00f3logo con alumnos de la Escuela Especial Padre P\u00edo - Fonoaudiolog\u00eda","og_description":"Realizaron clases interactivas, bailes y entretenidas actividades para estudiantes y profesores.","og_url":"https:\/\/medicina.udd.cl\/fonoaudiologia-santiago\/noticias\/2014\/12\/01\/udd-celebra-dia-del-fonoaudiologo-con-alumnos-de-la-escuela-especial-padre-pio\/","og_site_name":"Fonoaudiolog\u00eda","article_published_time":"2014-12-01T17:39:46+00:00","og_image":[{"width":1024,"height":682,"url":"https:\/\/medicina.udd.cl\/fonoaudiologia-santiago\/files\/2014\/12\/Patio-de-Aulas-D\u00eda-del-Fonoaudi\u00f3logo-2014-1024x682.jpg","type":"image\/jpeg"}],"twitter_misc":{"Escrito por":"","Tiempo de lectura":"1 minuto"},"schema":{"@context":"https:\/\/schema.org","@graph":[{"@type":"Article","@id":"https:\/\/medicina.udd.cl\/fonoaudiologia-santiago\/noticias\/2014\/12\/01\/udd-celebra-dia-del-fonoaudiologo-con-alumnos-de-la-escuela-especial-padre-pio\/#article","isPartOf":{"@id":"https:\/\/medicina.udd.cl\/fonoaudiologia-santiago\/noticias\/2014\/12\/01\/udd-celebra-dia-del-fonoaudiologo-con-alumnos-de-la-escuela-especial-padre-pio\/"},"author":{"name":"","@id":""},"headline":"UDD celebra D\u00eda del Fonoaudi\u00f3logo con alumnos de la Escuela Especial Padre P\u00edo","datePublished":"2014-12-01T17:39:46+00:00","mainEntityOfPage":{"@id":"https:\/\/medicina.udd.cl\/fonoaudiologia-santiago\/noticias\/2014\/12\/01\/udd-celebra-dia-del-fonoaudiologo-con-alumnos-de-la-escuela-especial-padre-pio\/"},"wordCount":205,"commentCount":0,"image":{"@id":"https:\/\/medicina.udd.cl\/fonoaudiologia-santiago\/noticias\/2014\/12\/01\/udd-celebra-dia-del-fonoaudiologo-con-alumnos-de-la-escuela-especial-padre-pio\/#primaryimage"},"thumbnailUrl":"https:\/\/medicina.udd.cl\/fonoaudiologia-santiago\/files\/2014\/12\/Patio-de-Aulas-D\u00eda-del-Fonoaudi\u00f3logo-2014.jpg","articleSection":["Noticias"],"inLanguage":"es","potentialAction":[{"@type":"CommentAction","name":"Comment","target":["https:\/\/medicina.udd.cl\/fonoaudiologia-santiago\/noticias\/2014\/12\/01\/udd-celebra-dia-del-fonoaudiologo-con-alumnos-de-la-escuela-especial-padre-pio\/#respond"]}]},{"@type":"WebPage","@id":"https:\/\/medicina.udd.cl\/fonoaudiologia-santiago\/noticias\/2014\/12\/01\/udd-celebra-dia-del-fonoaudiologo-con-alumnos-de-la-escuela-especial-padre-pio\/","url":"https:\/\/medicina.udd.cl\/fonoaudiologia-santiago\/noticias\/2014\/12\/01\/udd-celebra-dia-del-fonoaudiologo-con-alumnos-de-la-escuela-especial-padre-pio\/","name":"UDD celebra D\u00eda del Fonoaudi\u00f3logo con alumnos de la Escuela Especial Padre P\u00edo - Fonoaudiolog\u00eda","isPartOf":{"@id":"https:\/\/medicina.udd.cl\/fonoaudiologia-santiago\/#website"},"primaryImageOfPage":{"@id":"https:\/\/medicina.udd.cl\/fonoaudiologia-santiago\/noticias\/2014\/12\/01\/udd-celebra-dia-del-fonoaudiologo-con-alumnos-de-la-escuela-especial-padre-pio\/#primaryimage"},"image":{"@id":"https:\/\/medicina.udd.cl\/fonoaudiologia-santiago\/noticias\/2014\/12\/01\/udd-celebra-dia-del-fonoaudiologo-con-alumnos-de-la-escuela-especial-padre-pio\/#primaryimage"},"thumbnailUrl":"https:\/\/medicina.udd.cl\/fonoaudiologia-santiago\/files\/2014\/12\/Patio-de-Aulas-D\u00eda-del-Fonoaudi\u00f3logo-2014.jpg","datePublished":"2014-12-01T17:39:46+00:00","author":{"@id":""},"breadcrumb":{"@id":"https:\/\/medicina.udd.cl\/fonoaudiologia-santiago\/noticias\/2014\/12\/01\/udd-celebra-dia-del-fonoaudiologo-con-alumnos-de-la-escuela-especial-padre-pio\/#breadcrumb"},"inLanguage":"es","potentialAction":[{"@type":"ReadAction","target":["https:\/\/medicina.udd.cl\/fonoaudiologia-santiago\/noticias\/2014\/12\/01\/udd-celebra-dia-del-fonoaudiologo-con-alumnos-de-la-escuela-especial-padre-pio\/"]}]},{"@type":"ImageObject","inLanguage":"es","@id":"https:\/\/medicina.udd.cl\/fonoaudiologia-santiago\/noticias\/2014\/12\/01\/udd-celebra-dia-del-fonoaudiologo-con-alumnos-de-la-escuela-especial-padre-pio\/#primaryimage","url":"https:\/\/medicina.udd.cl\/fonoaudiologia-santiago\/files\/2014\/12\/Patio-de-Aulas-D\u00eda-del-Fonoaudi\u00f3logo-2014.jpg","contentUrl":"https:\/\/medicina.udd.cl\/fonoaudiologia-santiago\/files\/2014\/12\/Patio-de-Aulas-D\u00eda-del-Fonoaudi\u00f3logo-2014.jpg","width":4000,"height":2664},{"@type":"BreadcrumbList","@id":"https:\/\/medicina.udd.cl\/fonoaudiologia-santiago\/noticias\/2014\/12\/01\/udd-celebra-dia-del-fonoaudiologo-con-alumnos-de-la-escuela-especial-padre-pio\/#breadcrumb","itemListElement":[{"@type":"ListItem","position":1,"name":"Home","item":"https:\/\/medicina.udd.cl\/fonoaudiologia-santiago\/"},{"@type":"ListItem","position":2,"name":"UDD celebra D\u00eda del Fonoaudi\u00f3logo con alumnos de la Escuela Especial Padre P\u00edo"}]},{"@type":"WebSite","@id":"https:\/\/medicina.udd.cl\/fonoaudiologia-santiago\/#website","url":"https:\/\/medicina.udd.cl\/fonoaudiologia-santiago\/","name":"Fonoaudiolog\u00eda","description":"Facultad de Medicina Cl\u00ednica Alemana Universidad del Desarrollo","inLanguage":"es"},{"@type":"Person","@id":"","url":"https:\/\/medicina.udd.cl\/fonoaudiologia-santiago\/noticias\/author\/"}]}},"featured_image_url":"https:\/\/medicina.udd.cl\/fonoaudiologia-santiago\/files\/2014\/12\/Patio-de-Aulas-D\u00eda-del-Fonoaudi\u00f3logo-2014.jpg","_links":{"self":[{"href":"https:\/\/medicina.udd.cl\/fonoaudiologia-santiago\/wp-json\/wp\/v2\/posts\/2522","targetHints":{"allow":["GET"]}}],"collection":[{"href":"https:\/\/medicina.udd.cl\/fonoaudiologia-santiago\/wp-json\/wp\/v2\/posts"}],"about":[{"href":"https:\/\/medicina.udd.cl\/fonoaudiologia-santiago\/wp-json\/wp\/v2\/types\/post"}],"author":[{"embeddable":true,"href":"https:\/\/medicina.udd.cl\/fonoaudiologia-santiago\/wp-json\/wp\/v2\/users\/40"}],"replies":[{"embeddable":true,"href":"https:\/\/medicina.udd.cl\/fonoaudiologia-santiago\/wp-json\/wp\/v2\/comments?post=2522"}],"version-history":[{"count":2,"href":"https:\/\/medicina.udd.cl\/fonoaudiologia-santiago\/wp-json\/wp\/v2\/posts\/2522\/revisions"}],"predecessor-version":[{"id":2532,"href":"https:\/\/medicina.udd.cl\/fonoaudiologia-santiago\/wp-json\/wp\/v2\/posts\/2522\/revisions\/2532"}],"wp:featuredmedia":[{"embeddable":true,"href":"https:\/\/medicina.udd.cl\/fonoaudiologia-santiago\/wp-json\/wp\/v2\/media\/2528"}],"wp:attachment":[{"href":"https:\/\/medicina.udd.cl\/fonoaudiologia-santiago\/wp-json\/wp\/v2\/media?parent=2522"}],"wp:term":[{"taxonomy":"category","embeddable":true,"href":"https:\/\/medicina.udd.cl\/fonoaudiologia-santiago\/wp-json\/wp\/v2\/categories?post=2522"},{"taxonomy":"post_tag","embeddable":true,"href":"https:\/\/medicina.udd.cl\/fonoaudiologia-santiago\/wp-json\/wp\/v2\/tags?post=2522"}],"curies":[{"name":"wp","href":"https:\/\/api.w.org\/{rel}","templated":true}]}}