{"id":2618,"date":"2015-03-23T13:13:25","date_gmt":"2015-03-23T16:13:25","guid":{"rendered":"http:\/\/medicina.udd.cl\/fonoaudiologia-santiago\/?p=2618"},"modified":"2015-03-23T13:18:29","modified_gmt":"2015-03-23T16:18:29","slug":"fonoaudiologia-udd-coordino-voluntariado-de-ciudad-accesible-en-lollapalooza","status":"publish","type":"post","link":"https:\/\/medicina.udd.cl\/fonoaudiologia-santiago\/noticias\/2015\/03\/23\/fonoaudiologia-udd-coordino-voluntariado-de-ciudad-accesible-en-lollapalooza\/","title":{"rendered":"Fonoaudiolog\u00eda UDD coordin\u00f3 voluntariado de Ciudad Accesible en Lollapalooza"},"content":{"rendered":"<div id=\"gallery-1\" class=\"carousel slide carousel-gallery\" data-ride=\"false\" data-interval=\"false\"><div class=\"carousel-inner\" role=\"listbox\"><figure class=\"carousel-item active\"><img loading=\"lazy\" decoding=\"async\" width=\"712\" height=\"534\" src=\"https:\/\/medicina.udd.cl\/fonoaudiologia-santiago\/files\/2015\/03\/Fonoaudiolog\u00eda-Lollapalooza-2015-3.jpg\" class=\"attachment-landscape_952 size-landscape_952\" alt=\"\" srcset=\"https:\/\/medicina.udd.cl\/fonoaudiologia-santiago\/files\/2015\/03\/Fonoaudiolog\u00eda-Lollapalooza-2015-3.jpg 960w, https:\/\/medicina.udd.cl\/fonoaudiologia-santiago\/files\/2015\/03\/Fonoaudiolog\u00eda-Lollapalooza-2015-3-300x225.jpg 300w, https:\/\/medicina.udd.cl\/fonoaudiologia-santiago\/files\/2015\/03\/Fonoaudiolog\u00eda-Lollapalooza-2015-3-768x576.jpg 768w\" sizes=\"auto, (max-width: 712px) 100vw, 712px\" \/><\/figure><figure class=\"carousel-item\"><img loading=\"lazy\" decoding=\"async\" width=\"952\" height=\"503\" src=\"https:\/\/medicina.udd.cl\/fonoaudiologia-santiago\/files\/2015\/03\/Fonoaudiolog\u00eda-Lollapalooza-2015-1.jpg\" class=\"attachment-landscape_952 size-landscape_952\" alt=\"\" srcset=\"https:\/\/medicina.udd.cl\/fonoaudiologia-santiago\/files\/2015\/03\/Fonoaudiolog\u00eda-Lollapalooza-2015-1.jpg 960w, https:\/\/medicina.udd.cl\/fonoaudiologia-santiago\/files\/2015\/03\/Fonoaudiolog\u00eda-Lollapalooza-2015-1-300x158.jpg 300w, https:\/\/medicina.udd.cl\/fonoaudiologia-santiago\/files\/2015\/03\/Fonoaudiolog\u00eda-Lollapalooza-2015-1-768x406.jpg 768w\" sizes=\"auto, (max-width: 952px) 100vw, 952px\" \/><\/figure><\/div><footer class=\"carousel-footer\"><div class=\"carousel-counter\"><span class=\"carousel-counter-current\"><\/span> \/ <span class=\"carousel-counter-total\"><\/span><\/div><a class=\"carousel-control-prev\" href=\"#gallery-1\" role=\"button\" data-slide=\"prev\"><svg aria-hidden=\"true\" class=\"svg-chevron-left-dims\"><use xlink:href='https:\/\/medicina.udd.cl\/fonoaudiologia-santiago\/wp-content\/themes\/facultades-2018\/assets\/img\/svg\/dist\/main.svg?version=1695853099#chevron-left'><\/use><\/svg><span class=\"sr-only\">Anterior<\/span><\/a><a class=\"carousel-control-next\" href=\"#gallery-1\" role=\"button\" data-slide=\"next\"><svg aria-hidden=\"true\" class=\"svg-chevron-right-dims\"><use xlink:href='https:\/\/medicina.udd.cl\/fonoaudiologia-santiago\/wp-content\/themes\/facultades-2018\/assets\/img\/svg\/dist\/main.svg?version=1695853099#chevron-right'><\/use><\/svg><span class=\"sr-only\">Siguiente<\/span><\/a><\/footer><\/div>\n<p>Este a\u00f1o, <a href=\"http:\/\/medicina.udd.cl\/fonoaudiologia-santiago\/noticias\/2014\/12\/17\/fonoaudiologia-udd-coordinara-voluntariado-de-corporacion-ciudad-accesible-en-lollapalooza-2015\/\">la Facultad de Medicina CAS-UDD se sum\u00f3 a la iniciativa<\/a> de la Corporaci\u00f3n Ciudad Accesible y acompa\u00f1\u00f3 a personas con distintos tipo de discapacidad que asistieron a Lollapalooza 2015.<\/p>\n<p>Fueron casi 60 estudiantes que, coordinados por la <strong>directora de Fonoaudiolog\u00eda, Ang\u00e9lica L\u00f3pez<\/strong>, ayudaron a las personas a desplazarse por el Parque O\u2019Higgins y los acompa\u00f1aron mientras estaban solos durante los dos d\u00edas que dur\u00f3 el festival de m\u00fasica.<\/p>\n<p>\u201cFue un placer trabajar con los alumnos de la UDD. Encontramos un grupo de voluntarios comprometidos, ordenados y muy disciplinados. Un excelente grupo de chiquillos\u201d, coment\u00f3 Javier Urz\u00faa, director de la <a href=\"http:\/\/www.ciudadaccesible.cl\/lollapalooza-2014-primer-evento-inclusivo\/\">Corporaci\u00f3n Ciudad Accesible, instituci\u00f3n que en 2014 posicion\u00f3 a Lollapalooza como el primer evento masivo en Chile con caracter\u00edsticas accesibles para todas las personas.<\/a><\/p>\n<p>\u201cFue una grata y sorprendente experiencia, donde aprend\u00ed que no importa las diferentes cualidades que uno tenga, siempre habr\u00e1 un espacio para poder pasarlo bien\u201d, dijo Rodrigo Beltr\u00e1n, estudiante de tercer a\u00f1o de Fonoaudiolog\u00eda.<\/p>\n<figure id=\"attachment_2620\" aria-describedby=\"caption-attachment-2620\" style=\"width: 300px\" class=\"wp-caption aligncenter\"><a href=\"http:\/\/medicina.udd.cl\/fonoaudiologia-santiago\/files\/2015\/03\/Fonoaudiolog\u00eda-Lollapalooza-2015-2.jpg\"><img loading=\"lazy\" decoding=\"async\" class=\"size-medium wp-image-2620\" alt=\"Fonoaudiolog\u00eda Lollapalooza 2015 2\" src=\"http:\/\/medicina.udd.cl\/fonoaudiologia-santiago\/files\/2015\/03\/Fonoaudiolog\u00eda-Lollapalooza-2015-2-300x268.jpg\" width=\"300\" height=\"268\" \/><\/a><figcaption id=\"caption-attachment-2620\" class=\"wp-caption-text\">Equipo de voluntarios con Javier Urz\u00faa, de Ciudad Accesible<\/figcaption><\/figure>\n","protected":false},"excerpt":{"rendered":"<p>Casi 60 estudiantes de la Facultad de Medicina CAS-UDD acompa\u00f1aron a personas con distintos tipos de discapacidad durante el festival de m\u00fasica.<\/p>\n","protected":false},"author":40,"featured_media":2621,"comment_status":"open","ping_status":"open","sticky":false,"template":"","format":"standard","meta":{"footnotes":""},"categories":[4],"tags":[],"class_list":["post-2618","post","type-post","status-publish","format-standard","has-post-thumbnail","hentry","category-noticias"],"yoast_head":"<!-- This site is optimized with the Yoast SEO plugin v26.9 - https:\/\/yoast.com\/product\/yoast-seo-wordpress\/ -->\n<title>Fonoaudiolog\u00eda UDD coordin\u00f3 voluntariado de Ciudad Accesible en Lollapalooza - Fonoaudiolog\u00eda<\/title>\n<meta name=\"robots\" content=\"index, follow, max-snippet:-1, max-image-preview:large, max-video-preview:-1\" \/>\n<link rel=\"canonical\" href=\"https:\/\/medicina.udd.cl\/fonoaudiologia-santiago\/noticias\/2015\/03\/23\/fonoaudiologia-udd-coordino-voluntariado-de-ciudad-accesible-en-lollapalooza\/\" \/>\n<meta property=\"og:locale\" content=\"es_ES\" \/>\n<meta property=\"og:type\" content=\"article\" \/>\n<meta property=\"og:title\" content=\"Fonoaudiolog\u00eda UDD coordin\u00f3 voluntariado de Ciudad Accesible en Lollapalooza - Fonoaudiolog\u00eda\" \/>\n<meta property=\"og:description\" content=\"Casi 60 estudiantes de la Facultad de Medicina CAS-UDD acompa\u00f1aron a personas con distintos tipos de discapacidad durante el festival de m\u00fasica.\" \/>\n<meta property=\"og:url\" content=\"https:\/\/medicina.udd.cl\/fonoaudiologia-santiago\/noticias\/2015\/03\/23\/fonoaudiologia-udd-coordino-voluntariado-de-ciudad-accesible-en-lollapalooza\/\" \/>\n<meta property=\"og:site_name\" content=\"Fonoaudiolog\u00eda\" \/>\n<meta property=\"article:published_time\" content=\"2015-03-23T16:13:25+00:00\" \/>\n<meta property=\"article:modified_time\" content=\"2015-03-23T16:18:29+00:00\" \/>\n<meta property=\"og:image\" content=\"https:\/\/medicina.udd.cl\/fonoaudiologia-santiago\/files\/2015\/03\/Fonoaudiolog\u00eda-Lollapalooza-2015-3.jpg\" \/>\n\t<meta property=\"og:image:width\" content=\"960\" \/>\n\t<meta property=\"og:image:height\" content=\"720\" \/>\n\t<meta property=\"og:image:type\" content=\"image\/jpeg\" \/>\n<meta name=\"twitter:label1\" content=\"Escrito por\" \/>\n\t<meta name=\"twitter:data1\" content=\"\" \/>\n\t<meta name=\"twitter:label2\" content=\"Tiempo de lectura\" \/>\n\t<meta name=\"twitter:data2\" content=\"1 minuto\" \/>\n<script type=\"application\/ld+json\" class=\"yoast-schema-graph\">{\"@context\":\"https:\/\/schema.org\",\"@graph\":[{\"@type\":\"Article\",\"@id\":\"https:\/\/medicina.udd.cl\/fonoaudiologia-santiago\/noticias\/2015\/03\/23\/fonoaudiologia-udd-coordino-voluntariado-de-ciudad-accesible-en-lollapalooza\/#article\",\"isPartOf\":{\"@id\":\"https:\/\/medicina.udd.cl\/fonoaudiologia-santiago\/noticias\/2015\/03\/23\/fonoaudiologia-udd-coordino-voluntariado-de-ciudad-accesible-en-lollapalooza\/\"},\"author\":{\"name\":\"\",\"@id\":\"\"},\"headline\":\"Fonoaudiolog\u00eda UDD coordin\u00f3 voluntariado de Ciudad Accesible en Lollapalooza\",\"datePublished\":\"2015-03-23T16:13:25+00:00\",\"dateModified\":\"2015-03-23T16:18:29+00:00\",\"mainEntityOfPage\":{\"@id\":\"https:\/\/medicina.udd.cl\/fonoaudiologia-santiago\/noticias\/2015\/03\/23\/fonoaudiologia-udd-coordino-voluntariado-de-ciudad-accesible-en-lollapalooza\/\"},\"wordCount\":201,\"commentCount\":0,\"image\":{\"@id\":\"https:\/\/medicina.udd.cl\/fonoaudiologia-santiago\/noticias\/2015\/03\/23\/fonoaudiologia-udd-coordino-voluntariado-de-ciudad-accesible-en-lollapalooza\/#primaryimage\"},\"thumbnailUrl\":\"https:\/\/medicina.udd.cl\/fonoaudiologia-santiago\/files\/2015\/03\/Fonoaudiolog\u00eda-Lollapalooza-2015-3.jpg\",\"articleSection\":[\"Noticias\"],\"inLanguage\":\"es\",\"potentialAction\":[{\"@type\":\"CommentAction\",\"name\":\"Comment\",\"target\":[\"https:\/\/medicina.udd.cl\/fonoaudiologia-santiago\/noticias\/2015\/03\/23\/fonoaudiologia-udd-coordino-voluntariado-de-ciudad-accesible-en-lollapalooza\/#respond\"]}]},{\"@type\":\"WebPage\",\"@id\":\"https:\/\/medicina.udd.cl\/fonoaudiologia-santiago\/noticias\/2015\/03\/23\/fonoaudiologia-udd-coordino-voluntariado-de-ciudad-accesible-en-lollapalooza\/\",\"url\":\"https:\/\/medicina.udd.cl\/fonoaudiologia-santiago\/noticias\/2015\/03\/23\/fonoaudiologia-udd-coordino-voluntariado-de-ciudad-accesible-en-lollapalooza\/\",\"name\":\"Fonoaudiolog\u00eda UDD coordin\u00f3 voluntariado de Ciudad Accesible en Lollapalooza - Fonoaudiolog\u00eda\",\"isPartOf\":{\"@id\":\"https:\/\/medicina.udd.cl\/fonoaudiologia-santiago\/#website\"},\"primaryImageOfPage\":{\"@id\":\"https:\/\/medicina.udd.cl\/fonoaudiologia-santiago\/noticias\/2015\/03\/23\/fonoaudiologia-udd-coordino-voluntariado-de-ciudad-accesible-en-lollapalooza\/#primaryimage\"},\"image\":{\"@id\":\"https:\/\/medicina.udd.cl\/fonoaudiologia-santiago\/noticias\/2015\/03\/23\/fonoaudiologia-udd-coordino-voluntariado-de-ciudad-accesible-en-lollapalooza\/#primaryimage\"},\"thumbnailUrl\":\"https:\/\/medicina.udd.cl\/fonoaudiologia-santiago\/files\/2015\/03\/Fonoaudiolog\u00eda-Lollapalooza-2015-3.jpg\",\"datePublished\":\"2015-03-23T16:13:25+00:00\",\"dateModified\":\"2015-03-23T16:18:29+00:00\",\"author\":{\"@id\":\"\"},\"breadcrumb\":{\"@id\":\"https:\/\/medicina.udd.cl\/fonoaudiologia-santiago\/noticias\/2015\/03\/23\/fonoaudiologia-udd-coordino-voluntariado-de-ciudad-accesible-en-lollapalooza\/#breadcrumb\"},\"inLanguage\":\"es\",\"potentialAction\":[{\"@type\":\"ReadAction\",\"target\":[\"https:\/\/medicina.udd.cl\/fonoaudiologia-santiago\/noticias\/2015\/03\/23\/fonoaudiologia-udd-coordino-voluntariado-de-ciudad-accesible-en-lollapalooza\/\"]}]},{\"@type\":\"ImageObject\",\"inLanguage\":\"es\",\"@id\":\"https:\/\/medicina.udd.cl\/fonoaudiologia-santiago\/noticias\/2015\/03\/23\/fonoaudiologia-udd-coordino-voluntariado-de-ciudad-accesible-en-lollapalooza\/#primaryimage\",\"url\":\"https:\/\/medicina.udd.cl\/fonoaudiologia-santiago\/files\/2015\/03\/Fonoaudiolog\u00eda-Lollapalooza-2015-3.jpg\",\"contentUrl\":\"https:\/\/medicina.udd.cl\/fonoaudiologia-santiago\/files\/2015\/03\/Fonoaudiolog\u00eda-Lollapalooza-2015-3.jpg\",\"width\":960,\"height\":720},{\"@type\":\"BreadcrumbList\",\"@id\":\"https:\/\/medicina.udd.cl\/fonoaudiologia-santiago\/noticias\/2015\/03\/23\/fonoaudiologia-udd-coordino-voluntariado-de-ciudad-accesible-en-lollapalooza\/#breadcrumb\",\"itemListElement\":[{\"@type\":\"ListItem\",\"position\":1,\"name\":\"Home\",\"item\":\"https:\/\/medicina.udd.cl\/fonoaudiologia-santiago\/\"},{\"@type\":\"ListItem\",\"position\":2,\"name\":\"Fonoaudiolog\u00eda UDD coordin\u00f3 voluntariado de Ciudad Accesible en Lollapalooza\"}]},{\"@type\":\"WebSite\",\"@id\":\"https:\/\/medicina.udd.cl\/fonoaudiologia-santiago\/#website\",\"url\":\"https:\/\/medicina.udd.cl\/fonoaudiologia-santiago\/\",\"name\":\"Fonoaudiolog\u00eda\",\"description\":\"Facultad de Medicina Cl\u00ednica Alemana Universidad del Desarrollo\",\"inLanguage\":\"es\"},{\"@type\":\"Person\",\"@id\":\"\",\"url\":\"https:\/\/medicina.udd.cl\/fonoaudiologia-santiago\/noticias\/author\/\"}]}<\/script>\n<!-- \/ Yoast SEO plugin. -->","yoast_head_json":{"title":"Fonoaudiolog\u00eda UDD coordin\u00f3 voluntariado de Ciudad Accesible en Lollapalooza - Fonoaudiolog\u00eda","robots":{"index":"index","follow":"follow","max-snippet":"max-snippet:-1","max-image-preview":"max-image-preview:large","max-video-preview":"max-video-preview:-1"},"canonical":"https:\/\/medicina.udd.cl\/fonoaudiologia-santiago\/noticias\/2015\/03\/23\/fonoaudiologia-udd-coordino-voluntariado-de-ciudad-accesible-en-lollapalooza\/","og_locale":"es_ES","og_type":"article","og_title":"Fonoaudiolog\u00eda UDD coordin\u00f3 voluntariado de Ciudad Accesible en Lollapalooza - Fonoaudiolog\u00eda","og_description":"Casi 60 estudiantes de la Facultad de Medicina CAS-UDD acompa\u00f1aron a personas con distintos tipos de discapacidad durante el festival de m\u00fasica.","og_url":"https:\/\/medicina.udd.cl\/fonoaudiologia-santiago\/noticias\/2015\/03\/23\/fonoaudiologia-udd-coordino-voluntariado-de-ciudad-accesible-en-lollapalooza\/","og_site_name":"Fonoaudiolog\u00eda","article_published_time":"2015-03-23T16:13:25+00:00","article_modified_time":"2015-03-23T16:18:29+00:00","og_image":[{"width":960,"height":720,"url":"https:\/\/medicina.udd.cl\/fonoaudiologia-santiago\/files\/2015\/03\/Fonoaudiolog\u00eda-Lollapalooza-2015-3.jpg","type":"image\/jpeg"}],"twitter_misc":{"Escrito por":"","Tiempo de lectura":"1 minuto"},"schema":{"@context":"https:\/\/schema.org","@graph":[{"@type":"Article","@id":"https:\/\/medicina.udd.cl\/fonoaudiologia-santiago\/noticias\/2015\/03\/23\/fonoaudiologia-udd-coordino-voluntariado-de-ciudad-accesible-en-lollapalooza\/#article","isPartOf":{"@id":"https:\/\/medicina.udd.cl\/fonoaudiologia-santiago\/noticias\/2015\/03\/23\/fonoaudiologia-udd-coordino-voluntariado-de-ciudad-accesible-en-lollapalooza\/"},"author":{"name":"","@id":""},"headline":"Fonoaudiolog\u00eda UDD coordin\u00f3 voluntariado de Ciudad Accesible en Lollapalooza","datePublished":"2015-03-23T16:13:25+00:00","dateModified":"2015-03-23T16:18:29+00:00","mainEntityOfPage":{"@id":"https:\/\/medicina.udd.cl\/fonoaudiologia-santiago\/noticias\/2015\/03\/23\/fonoaudiologia-udd-coordino-voluntariado-de-ciudad-accesible-en-lollapalooza\/"},"wordCount":201,"commentCount":0,"image":{"@id":"https:\/\/medicina.udd.cl\/fonoaudiologia-santiago\/noticias\/2015\/03\/23\/fonoaudiologia-udd-coordino-voluntariado-de-ciudad-accesible-en-lollapalooza\/#primaryimage"},"thumbnailUrl":"https:\/\/medicina.udd.cl\/fonoaudiologia-santiago\/files\/2015\/03\/Fonoaudiolog\u00eda-Lollapalooza-2015-3.jpg","articleSection":["Noticias"],"inLanguage":"es","potentialAction":[{"@type":"CommentAction","name":"Comment","target":["https:\/\/medicina.udd.cl\/fonoaudiologia-santiago\/noticias\/2015\/03\/23\/fonoaudiologia-udd-coordino-voluntariado-de-ciudad-accesible-en-lollapalooza\/#respond"]}]},{"@type":"WebPage","@id":"https:\/\/medicina.udd.cl\/fonoaudiologia-santiago\/noticias\/2015\/03\/23\/fonoaudiologia-udd-coordino-voluntariado-de-ciudad-accesible-en-lollapalooza\/","url":"https:\/\/medicina.udd.cl\/fonoaudiologia-santiago\/noticias\/2015\/03\/23\/fonoaudiologia-udd-coordino-voluntariado-de-ciudad-accesible-en-lollapalooza\/","name":"Fonoaudiolog\u00eda UDD coordin\u00f3 voluntariado de Ciudad Accesible en Lollapalooza - Fonoaudiolog\u00eda","isPartOf":{"@id":"https:\/\/medicina.udd.cl\/fonoaudiologia-santiago\/#website"},"primaryImageOfPage":{"@id":"https:\/\/medicina.udd.cl\/fonoaudiologia-santiago\/noticias\/2015\/03\/23\/fonoaudiologia-udd-coordino-voluntariado-de-ciudad-accesible-en-lollapalooza\/#primaryimage"},"image":{"@id":"https:\/\/medicina.udd.cl\/fonoaudiologia-santiago\/noticias\/2015\/03\/23\/fonoaudiologia-udd-coordino-voluntariado-de-ciudad-accesible-en-lollapalooza\/#primaryimage"},"thumbnailUrl":"https:\/\/medicina.udd.cl\/fonoaudiologia-santiago\/files\/2015\/03\/Fonoaudiolog\u00eda-Lollapalooza-2015-3.jpg","datePublished":"2015-03-23T16:13:25+00:00","dateModified":"2015-03-23T16:18:29+00:00","author":{"@id":""},"breadcrumb":{"@id":"https:\/\/medicina.udd.cl\/fonoaudiologia-santiago\/noticias\/2015\/03\/23\/fonoaudiologia-udd-coordino-voluntariado-de-ciudad-accesible-en-lollapalooza\/#breadcrumb"},"inLanguage":"es","potentialAction":[{"@type":"ReadAction","target":["https:\/\/medicina.udd.cl\/fonoaudiologia-santiago\/noticias\/2015\/03\/23\/fonoaudiologia-udd-coordino-voluntariado-de-ciudad-accesible-en-lollapalooza\/"]}]},{"@type":"ImageObject","inLanguage":"es","@id":"https:\/\/medicina.udd.cl\/fonoaudiologia-santiago\/noticias\/2015\/03\/23\/fonoaudiologia-udd-coordino-voluntariado-de-ciudad-accesible-en-lollapalooza\/#primaryimage","url":"https:\/\/medicina.udd.cl\/fonoaudiologia-santiago\/files\/2015\/03\/Fonoaudiolog\u00eda-Lollapalooza-2015-3.jpg","contentUrl":"https:\/\/medicina.udd.cl\/fonoaudiologia-santiago\/files\/2015\/03\/Fonoaudiolog\u00eda-Lollapalooza-2015-3.jpg","width":960,"height":720},{"@type":"BreadcrumbList","@id":"https:\/\/medicina.udd.cl\/fonoaudiologia-santiago\/noticias\/2015\/03\/23\/fonoaudiologia-udd-coordino-voluntariado-de-ciudad-accesible-en-lollapalooza\/#breadcrumb","itemListElement":[{"@type":"ListItem","position":1,"name":"Home","item":"https:\/\/medicina.udd.cl\/fonoaudiologia-santiago\/"},{"@type":"ListItem","position":2,"name":"Fonoaudiolog\u00eda UDD coordin\u00f3 voluntariado de Ciudad Accesible en Lollapalooza"}]},{"@type":"WebSite","@id":"https:\/\/medicina.udd.cl\/fonoaudiologia-santiago\/#website","url":"https:\/\/medicina.udd.cl\/fonoaudiologia-santiago\/","name":"Fonoaudiolog\u00eda","description":"Facultad de Medicina Cl\u00ednica Alemana Universidad del Desarrollo","inLanguage":"es"},{"@type":"Person","@id":"","url":"https:\/\/medicina.udd.cl\/fonoaudiologia-santiago\/noticias\/author\/"}]}},"featured_image_url":"https:\/\/medicina.udd.cl\/fonoaudiologia-santiago\/files\/2015\/03\/Fonoaudiolog\u00eda-Lollapalooza-2015-3.jpg","_links":{"self":[{"href":"https:\/\/medicina.udd.cl\/fonoaudiologia-santiago\/wp-json\/wp\/v2\/posts\/2618","targetHints":{"allow":["GET"]}}],"collection":[{"href":"https:\/\/medicina.udd.cl\/fonoaudiologia-santiago\/wp-json\/wp\/v2\/posts"}],"about":[{"href":"https:\/\/medicina.udd.cl\/fonoaudiologia-santiago\/wp-json\/wp\/v2\/types\/post"}],"author":[{"embeddable":true,"href":"https:\/\/medicina.udd.cl\/fonoaudiologia-santiago\/wp-json\/wp\/v2\/users\/40"}],"replies":[{"embeddable":true,"href":"https:\/\/medicina.udd.cl\/fonoaudiologia-santiago\/wp-json\/wp\/v2\/comments?post=2618"}],"version-history":[{"count":3,"href":"https:\/\/medicina.udd.cl\/fonoaudiologia-santiago\/wp-json\/wp\/v2\/posts\/2618\/revisions"}],"predecessor-version":[{"id":2623,"href":"https:\/\/medicina.udd.cl\/fonoaudiologia-santiago\/wp-json\/wp\/v2\/posts\/2618\/revisions\/2623"}],"wp:featuredmedia":[{"embeddable":true,"href":"https:\/\/medicina.udd.cl\/fonoaudiologia-santiago\/wp-json\/wp\/v2\/media\/2621"}],"wp:attachment":[{"href":"https:\/\/medicina.udd.cl\/fonoaudiologia-santiago\/wp-json\/wp\/v2\/media?parent=2618"}],"wp:term":[{"taxonomy":"category","embeddable":true,"href":"https:\/\/medicina.udd.cl\/fonoaudiologia-santiago\/wp-json\/wp\/v2\/categories?post=2618"},{"taxonomy":"post_tag","embeddable":true,"href":"https:\/\/medicina.udd.cl\/fonoaudiologia-santiago\/wp-json\/wp\/v2\/tags?post=2618"}],"curies":[{"name":"wp","href":"https:\/\/api.w.org\/{rel}","templated":true}]}}