{"id":2625,"date":"2015-03-23T16:54:30","date_gmt":"2015-03-23T19:54:30","guid":{"rendered":"http:\/\/medicina.udd.cl\/fonoaudiologia-santiago\/?p=2625"},"modified":"2015-03-23T16:54:30","modified_gmt":"2015-03-23T19:54:30","slug":"docentes-de-fonoaudiologia-se-adjudican-fondos-internos-udd-para-investigacion","status":"publish","type":"post","link":"https:\/\/medicina.udd.cl\/fonoaudiologia-santiago\/noticias\/2015\/03\/23\/docentes-de-fonoaudiologia-se-adjudican-fondos-internos-udd-para-investigacion\/","title":{"rendered":"Docentes de Fonoaudiolog\u00eda se adjudican fondos internos UDD para investigaci\u00f3n"},"content":{"rendered":"<p><a href=\"http:\/\/medicina.udd.cl\/fonoaudiologia-santiago\/files\/2015\/03\/Equipo-de-Investigadores-Fonoaudiolog\u00eda.jpg\"><img loading=\"lazy\" decoding=\"async\" class=\"aligncenter size-medium wp-image-2626\" alt=\"Equipo de Investigadores Fonoaudiolog\u00eda\" src=\"http:\/\/medicina.udd.cl\/fonoaudiologia-santiago\/files\/2015\/03\/Equipo-de-Investigadores-Fonoaudiolog\u00eda-300x157.jpg\" width=\"300\" height=\"157\" \/><\/a><\/p>\n<p>\u201cEl desempe\u00f1o narrativo en un grupo de ni\u00f1os portadores de Hipoacusia Sensorioneural bilateral adaptados con ayuda auditiva (aud\u00edfonos y\/o Implante Coclear)\u201d es el nombre de la investigaci\u00f3n que llevar\u00e1 el <strong>equipo de Audiolog\u00eda de la carrera Fonoaudiolog\u00eda<\/strong>, luego de ser seleccionado en el Concurso Interno de Investigaci\u00f3n UDD 2015.<\/p>\n<p>La importancia de este estudio radica en que las habilidades del discurso narrativo se han vinculado fuertemente con las habilidades de comprensi\u00f3n lectora, es por esto que se han desarrollado diferentes investigaciones que apuntan a conocer cu\u00e1l es el rendimiento del discurso narrativo en distintas poblaciones.<\/p>\n<p>Esta es la primera investigaci\u00f3n que aborda esta tem\u00e1tica en personas con discapacidad auditiva y se realizar\u00e1 durante un a\u00f1o en el <a href=\"http:\/\/www.comunica.cl\/\">Centro Comunica.<\/a><\/p>\n<p>El <strong>equipo de investigadores<\/strong> est\u00e1 conformado por: la\u00a0 acad\u00e9mica Pamela Tomicic como investigador principal y los co-investigadores Patricia Castro, Javiera Dr\u00e1pela, Gloria Garc\u00eda y Fabiola Mar\u00edn.<\/p>\n","protected":false},"excerpt":{"rendered":"<p>El estudio buscar saber cu\u00e1l es el rendimiento del discurso narrativo en distintas poblaciones. <\/p>\n","protected":false},"author":40,"featured_media":2626,"comment_status":"open","ping_status":"open","sticky":false,"template":"","format":"standard","meta":{"footnotes":""},"categories":[4],"tags":[],"class_list":["post-2625","post","type-post","status-publish","format-standard","has-post-thumbnail","hentry","category-noticias"],"yoast_head":"<!-- This site is optimized with the Yoast SEO plugin v26.9 - https:\/\/yoast.com\/product\/yoast-seo-wordpress\/ -->\n<title>Docentes de Fonoaudiolog\u00eda se adjudican fondos internos UDD para investigaci\u00f3n - Fonoaudiolog\u00eda<\/title>\n<meta name=\"robots\" content=\"index, follow, max-snippet:-1, max-image-preview:large, max-video-preview:-1\" \/>\n<link rel=\"canonical\" href=\"https:\/\/medicina.udd.cl\/fonoaudiologia-santiago\/noticias\/2015\/03\/23\/docentes-de-fonoaudiologia-se-adjudican-fondos-internos-udd-para-investigacion\/\" \/>\n<meta property=\"og:locale\" content=\"es_ES\" \/>\n<meta property=\"og:type\" content=\"article\" \/>\n<meta property=\"og:title\" content=\"Docentes de Fonoaudiolog\u00eda se adjudican fondos internos UDD para investigaci\u00f3n - Fonoaudiolog\u00eda\" \/>\n<meta property=\"og:description\" content=\"El estudio buscar saber cu\u00e1l es el rendimiento del discurso narrativo en distintas poblaciones.\" \/>\n<meta property=\"og:url\" content=\"https:\/\/medicina.udd.cl\/fonoaudiologia-santiago\/noticias\/2015\/03\/23\/docentes-de-fonoaudiologia-se-adjudican-fondos-internos-udd-para-investigacion\/\" \/>\n<meta property=\"og:site_name\" content=\"Fonoaudiolog\u00eda\" \/>\n<meta property=\"article:published_time\" content=\"2015-03-23T19:54:30+00:00\" \/>\n<meta property=\"og:image\" content=\"https:\/\/medicina.udd.cl\/fonoaudiologia-santiago\/files\/2015\/03\/Equipo-de-Investigadores-Fonoaudiolog\u00eda-1024x539.jpg\" \/>\n\t<meta property=\"og:image:width\" content=\"1024\" \/>\n\t<meta property=\"og:image:height\" content=\"539\" \/>\n\t<meta property=\"og:image:type\" content=\"image\/jpeg\" \/>\n<meta name=\"twitter:label1\" content=\"Escrito por\" \/>\n\t<meta name=\"twitter:data1\" content=\"\" \/>\n\t<meta name=\"twitter:label2\" content=\"Tiempo de lectura\" \/>\n\t<meta name=\"twitter:data2\" content=\"1 minuto\" \/>\n<script type=\"application\/ld+json\" class=\"yoast-schema-graph\">{\"@context\":\"https:\/\/schema.org\",\"@graph\":[{\"@type\":\"Article\",\"@id\":\"https:\/\/medicina.udd.cl\/fonoaudiologia-santiago\/noticias\/2015\/03\/23\/docentes-de-fonoaudiologia-se-adjudican-fondos-internos-udd-para-investigacion\/#article\",\"isPartOf\":{\"@id\":\"https:\/\/medicina.udd.cl\/fonoaudiologia-santiago\/noticias\/2015\/03\/23\/docentes-de-fonoaudiologia-se-adjudican-fondos-internos-udd-para-investigacion\/\"},\"author\":{\"name\":\"\",\"@id\":\"\"},\"headline\":\"Docentes de Fonoaudiolog\u00eda se adjudican fondos internos UDD para investigaci\u00f3n\",\"datePublished\":\"2015-03-23T19:54:30+00:00\",\"mainEntityOfPage\":{\"@id\":\"https:\/\/medicina.udd.cl\/fonoaudiologia-santiago\/noticias\/2015\/03\/23\/docentes-de-fonoaudiologia-se-adjudican-fondos-internos-udd-para-investigacion\/\"},\"wordCount\":173,\"commentCount\":0,\"image\":{\"@id\":\"https:\/\/medicina.udd.cl\/fonoaudiologia-santiago\/noticias\/2015\/03\/23\/docentes-de-fonoaudiologia-se-adjudican-fondos-internos-udd-para-investigacion\/#primaryimage\"},\"thumbnailUrl\":\"https:\/\/medicina.udd.cl\/fonoaudiologia-santiago\/files\/2015\/03\/Equipo-de-Investigadores-Fonoaudiolog\u00eda.jpg\",\"articleSection\":[\"Noticias\"],\"inLanguage\":\"es\",\"potentialAction\":[{\"@type\":\"CommentAction\",\"name\":\"Comment\",\"target\":[\"https:\/\/medicina.udd.cl\/fonoaudiologia-santiago\/noticias\/2015\/03\/23\/docentes-de-fonoaudiologia-se-adjudican-fondos-internos-udd-para-investigacion\/#respond\"]}]},{\"@type\":\"WebPage\",\"@id\":\"https:\/\/medicina.udd.cl\/fonoaudiologia-santiago\/noticias\/2015\/03\/23\/docentes-de-fonoaudiologia-se-adjudican-fondos-internos-udd-para-investigacion\/\",\"url\":\"https:\/\/medicina.udd.cl\/fonoaudiologia-santiago\/noticias\/2015\/03\/23\/docentes-de-fonoaudiologia-se-adjudican-fondos-internos-udd-para-investigacion\/\",\"name\":\"Docentes de Fonoaudiolog\u00eda se adjudican fondos internos UDD para investigaci\u00f3n - Fonoaudiolog\u00eda\",\"isPartOf\":{\"@id\":\"https:\/\/medicina.udd.cl\/fonoaudiologia-santiago\/#website\"},\"primaryImageOfPage\":{\"@id\":\"https:\/\/medicina.udd.cl\/fonoaudiologia-santiago\/noticias\/2015\/03\/23\/docentes-de-fonoaudiologia-se-adjudican-fondos-internos-udd-para-investigacion\/#primaryimage\"},\"image\":{\"@id\":\"https:\/\/medicina.udd.cl\/fonoaudiologia-santiago\/noticias\/2015\/03\/23\/docentes-de-fonoaudiologia-se-adjudican-fondos-internos-udd-para-investigacion\/#primaryimage\"},\"thumbnailUrl\":\"https:\/\/medicina.udd.cl\/fonoaudiologia-santiago\/files\/2015\/03\/Equipo-de-Investigadores-Fonoaudiolog\u00eda.jpg\",\"datePublished\":\"2015-03-23T19:54:30+00:00\",\"author\":{\"@id\":\"\"},\"breadcrumb\":{\"@id\":\"https:\/\/medicina.udd.cl\/fonoaudiologia-santiago\/noticias\/2015\/03\/23\/docentes-de-fonoaudiologia-se-adjudican-fondos-internos-udd-para-investigacion\/#breadcrumb\"},\"inLanguage\":\"es\",\"potentialAction\":[{\"@type\":\"ReadAction\",\"target\":[\"https:\/\/medicina.udd.cl\/fonoaudiologia-santiago\/noticias\/2015\/03\/23\/docentes-de-fonoaudiologia-se-adjudican-fondos-internos-udd-para-investigacion\/\"]}]},{\"@type\":\"ImageObject\",\"inLanguage\":\"es\",\"@id\":\"https:\/\/medicina.udd.cl\/fonoaudiologia-santiago\/noticias\/2015\/03\/23\/docentes-de-fonoaudiologia-se-adjudican-fondos-internos-udd-para-investigacion\/#primaryimage\",\"url\":\"https:\/\/medicina.udd.cl\/fonoaudiologia-santiago\/files\/2015\/03\/Equipo-de-Investigadores-Fonoaudiolog\u00eda.jpg\",\"contentUrl\":\"https:\/\/medicina.udd.cl\/fonoaudiologia-santiago\/files\/2015\/03\/Equipo-de-Investigadores-Fonoaudiolog\u00eda.jpg\",\"width\":4272,\"height\":2249},{\"@type\":\"BreadcrumbList\",\"@id\":\"https:\/\/medicina.udd.cl\/fonoaudiologia-santiago\/noticias\/2015\/03\/23\/docentes-de-fonoaudiologia-se-adjudican-fondos-internos-udd-para-investigacion\/#breadcrumb\",\"itemListElement\":[{\"@type\":\"ListItem\",\"position\":1,\"name\":\"Home\",\"item\":\"https:\/\/medicina.udd.cl\/fonoaudiologia-santiago\/\"},{\"@type\":\"ListItem\",\"position\":2,\"name\":\"Docentes de Fonoaudiolog\u00eda se adjudican fondos internos UDD para investigaci\u00f3n\"}]},{\"@type\":\"WebSite\",\"@id\":\"https:\/\/medicina.udd.cl\/fonoaudiologia-santiago\/#website\",\"url\":\"https:\/\/medicina.udd.cl\/fonoaudiologia-santiago\/\",\"name\":\"Fonoaudiolog\u00eda\",\"description\":\"Facultad de Medicina Cl\u00ednica Alemana Universidad del Desarrollo\",\"inLanguage\":\"es\"},{\"@type\":\"Person\",\"@id\":\"\",\"url\":\"https:\/\/medicina.udd.cl\/fonoaudiologia-santiago\/noticias\/author\/\"}]}<\/script>\n<!-- \/ Yoast SEO plugin. -->","yoast_head_json":{"title":"Docentes de Fonoaudiolog\u00eda se adjudican fondos internos UDD para investigaci\u00f3n - Fonoaudiolog\u00eda","robots":{"index":"index","follow":"follow","max-snippet":"max-snippet:-1","max-image-preview":"max-image-preview:large","max-video-preview":"max-video-preview:-1"},"canonical":"https:\/\/medicina.udd.cl\/fonoaudiologia-santiago\/noticias\/2015\/03\/23\/docentes-de-fonoaudiologia-se-adjudican-fondos-internos-udd-para-investigacion\/","og_locale":"es_ES","og_type":"article","og_title":"Docentes de Fonoaudiolog\u00eda se adjudican fondos internos UDD para investigaci\u00f3n - Fonoaudiolog\u00eda","og_description":"El estudio buscar saber cu\u00e1l es el rendimiento del discurso narrativo en distintas poblaciones.","og_url":"https:\/\/medicina.udd.cl\/fonoaudiologia-santiago\/noticias\/2015\/03\/23\/docentes-de-fonoaudiologia-se-adjudican-fondos-internos-udd-para-investigacion\/","og_site_name":"Fonoaudiolog\u00eda","article_published_time":"2015-03-23T19:54:30+00:00","og_image":[{"width":1024,"height":539,"url":"https:\/\/medicina.udd.cl\/fonoaudiologia-santiago\/files\/2015\/03\/Equipo-de-Investigadores-Fonoaudiolog\u00eda-1024x539.jpg","type":"image\/jpeg"}],"twitter_misc":{"Escrito por":"","Tiempo de lectura":"1 minuto"},"schema":{"@context":"https:\/\/schema.org","@graph":[{"@type":"Article","@id":"https:\/\/medicina.udd.cl\/fonoaudiologia-santiago\/noticias\/2015\/03\/23\/docentes-de-fonoaudiologia-se-adjudican-fondos-internos-udd-para-investigacion\/#article","isPartOf":{"@id":"https:\/\/medicina.udd.cl\/fonoaudiologia-santiago\/noticias\/2015\/03\/23\/docentes-de-fonoaudiologia-se-adjudican-fondos-internos-udd-para-investigacion\/"},"author":{"name":"","@id":""},"headline":"Docentes de Fonoaudiolog\u00eda se adjudican fondos internos UDD para investigaci\u00f3n","datePublished":"2015-03-23T19:54:30+00:00","mainEntityOfPage":{"@id":"https:\/\/medicina.udd.cl\/fonoaudiologia-santiago\/noticias\/2015\/03\/23\/docentes-de-fonoaudiologia-se-adjudican-fondos-internos-udd-para-investigacion\/"},"wordCount":173,"commentCount":0,"image":{"@id":"https:\/\/medicina.udd.cl\/fonoaudiologia-santiago\/noticias\/2015\/03\/23\/docentes-de-fonoaudiologia-se-adjudican-fondos-internos-udd-para-investigacion\/#primaryimage"},"thumbnailUrl":"https:\/\/medicina.udd.cl\/fonoaudiologia-santiago\/files\/2015\/03\/Equipo-de-Investigadores-Fonoaudiolog\u00eda.jpg","articleSection":["Noticias"],"inLanguage":"es","potentialAction":[{"@type":"CommentAction","name":"Comment","target":["https:\/\/medicina.udd.cl\/fonoaudiologia-santiago\/noticias\/2015\/03\/23\/docentes-de-fonoaudiologia-se-adjudican-fondos-internos-udd-para-investigacion\/#respond"]}]},{"@type":"WebPage","@id":"https:\/\/medicina.udd.cl\/fonoaudiologia-santiago\/noticias\/2015\/03\/23\/docentes-de-fonoaudiologia-se-adjudican-fondos-internos-udd-para-investigacion\/","url":"https:\/\/medicina.udd.cl\/fonoaudiologia-santiago\/noticias\/2015\/03\/23\/docentes-de-fonoaudiologia-se-adjudican-fondos-internos-udd-para-investigacion\/","name":"Docentes de Fonoaudiolog\u00eda se adjudican fondos internos UDD para investigaci\u00f3n - Fonoaudiolog\u00eda","isPartOf":{"@id":"https:\/\/medicina.udd.cl\/fonoaudiologia-santiago\/#website"},"primaryImageOfPage":{"@id":"https:\/\/medicina.udd.cl\/fonoaudiologia-santiago\/noticias\/2015\/03\/23\/docentes-de-fonoaudiologia-se-adjudican-fondos-internos-udd-para-investigacion\/#primaryimage"},"image":{"@id":"https:\/\/medicina.udd.cl\/fonoaudiologia-santiago\/noticias\/2015\/03\/23\/docentes-de-fonoaudiologia-se-adjudican-fondos-internos-udd-para-investigacion\/#primaryimage"},"thumbnailUrl":"https:\/\/medicina.udd.cl\/fonoaudiologia-santiago\/files\/2015\/03\/Equipo-de-Investigadores-Fonoaudiolog\u00eda.jpg","datePublished":"2015-03-23T19:54:30+00:00","author":{"@id":""},"breadcrumb":{"@id":"https:\/\/medicina.udd.cl\/fonoaudiologia-santiago\/noticias\/2015\/03\/23\/docentes-de-fonoaudiologia-se-adjudican-fondos-internos-udd-para-investigacion\/#breadcrumb"},"inLanguage":"es","potentialAction":[{"@type":"ReadAction","target":["https:\/\/medicina.udd.cl\/fonoaudiologia-santiago\/noticias\/2015\/03\/23\/docentes-de-fonoaudiologia-se-adjudican-fondos-internos-udd-para-investigacion\/"]}]},{"@type":"ImageObject","inLanguage":"es","@id":"https:\/\/medicina.udd.cl\/fonoaudiologia-santiago\/noticias\/2015\/03\/23\/docentes-de-fonoaudiologia-se-adjudican-fondos-internos-udd-para-investigacion\/#primaryimage","url":"https:\/\/medicina.udd.cl\/fonoaudiologia-santiago\/files\/2015\/03\/Equipo-de-Investigadores-Fonoaudiolog\u00eda.jpg","contentUrl":"https:\/\/medicina.udd.cl\/fonoaudiologia-santiago\/files\/2015\/03\/Equipo-de-Investigadores-Fonoaudiolog\u00eda.jpg","width":4272,"height":2249},{"@type":"BreadcrumbList","@id":"https:\/\/medicina.udd.cl\/fonoaudiologia-santiago\/noticias\/2015\/03\/23\/docentes-de-fonoaudiologia-se-adjudican-fondos-internos-udd-para-investigacion\/#breadcrumb","itemListElement":[{"@type":"ListItem","position":1,"name":"Home","item":"https:\/\/medicina.udd.cl\/fonoaudiologia-santiago\/"},{"@type":"ListItem","position":2,"name":"Docentes de Fonoaudiolog\u00eda se adjudican fondos internos UDD para investigaci\u00f3n"}]},{"@type":"WebSite","@id":"https:\/\/medicina.udd.cl\/fonoaudiologia-santiago\/#website","url":"https:\/\/medicina.udd.cl\/fonoaudiologia-santiago\/","name":"Fonoaudiolog\u00eda","description":"Facultad de Medicina Cl\u00ednica Alemana Universidad del Desarrollo","inLanguage":"es"},{"@type":"Person","@id":"","url":"https:\/\/medicina.udd.cl\/fonoaudiologia-santiago\/noticias\/author\/"}]}},"featured_image_url":"https:\/\/medicina.udd.cl\/fonoaudiologia-santiago\/files\/2015\/03\/Equipo-de-Investigadores-Fonoaudiolog\u00eda.jpg","_links":{"self":[{"href":"https:\/\/medicina.udd.cl\/fonoaudiologia-santiago\/wp-json\/wp\/v2\/posts\/2625","targetHints":{"allow":["GET"]}}],"collection":[{"href":"https:\/\/medicina.udd.cl\/fonoaudiologia-santiago\/wp-json\/wp\/v2\/posts"}],"about":[{"href":"https:\/\/medicina.udd.cl\/fonoaudiologia-santiago\/wp-json\/wp\/v2\/types\/post"}],"author":[{"embeddable":true,"href":"https:\/\/medicina.udd.cl\/fonoaudiologia-santiago\/wp-json\/wp\/v2\/users\/40"}],"replies":[{"embeddable":true,"href":"https:\/\/medicina.udd.cl\/fonoaudiologia-santiago\/wp-json\/wp\/v2\/comments?post=2625"}],"version-history":[{"count":1,"href":"https:\/\/medicina.udd.cl\/fonoaudiologia-santiago\/wp-json\/wp\/v2\/posts\/2625\/revisions"}],"predecessor-version":[{"id":2627,"href":"https:\/\/medicina.udd.cl\/fonoaudiologia-santiago\/wp-json\/wp\/v2\/posts\/2625\/revisions\/2627"}],"wp:featuredmedia":[{"embeddable":true,"href":"https:\/\/medicina.udd.cl\/fonoaudiologia-santiago\/wp-json\/wp\/v2\/media\/2626"}],"wp:attachment":[{"href":"https:\/\/medicina.udd.cl\/fonoaudiologia-santiago\/wp-json\/wp\/v2\/media?parent=2625"}],"wp:term":[{"taxonomy":"category","embeddable":true,"href":"https:\/\/medicina.udd.cl\/fonoaudiologia-santiago\/wp-json\/wp\/v2\/categories?post=2625"},{"taxonomy":"post_tag","embeddable":true,"href":"https:\/\/medicina.udd.cl\/fonoaudiologia-santiago\/wp-json\/wp\/v2\/tags?post=2625"}],"curies":[{"name":"wp","href":"https:\/\/api.w.org\/{rel}","templated":true}]}}