{"id":2634,"date":"2015-04-14T16:30:40","date_gmt":"2015-04-14T19:30:40","guid":{"rendered":"http:\/\/medicina.udd.cl\/fonoaudiologia-santiago\/?p=2634"},"modified":"2015-04-14T16:35:35","modified_gmt":"2015-04-14T19:35:35","slug":"nuevo-diplomado-de-fonoaudiologia-udd-en-motricidad-orofacial","status":"publish","type":"post","link":"https:\/\/medicina.udd.cl\/fonoaudiologia-santiago\/noticias\/2015\/04\/14\/nuevo-diplomado-de-fonoaudiologia-udd-en-motricidad-orofacial\/","title":{"rendered":"Nuevo diplomado de Fonoaudiolog\u00eda UDD en Motricidad Orofacial"},"content":{"rendered":"<p><a href=\"http:\/\/medicina.udd.cl\/fonoaudiologia-santiago\/files\/2015\/04\/AFICHE-MO-UDD-2015-OFICIAL1.jpg\"><img loading=\"lazy\" decoding=\"async\" class=\"aligncenter size-medium wp-image-2636\" alt=\"AFICHE MO UDD 2015 OFICIAL\" src=\"http:\/\/medicina.udd.cl\/fonoaudiologia-santiago\/files\/2015\/04\/AFICHE-MO-UDD-2015-OFICIAL1-300x246.jpg\" width=\"300\" height=\"246\" srcset=\"https:\/\/medicina.udd.cl\/fonoaudiologia-santiago\/files\/2015\/04\/AFICHE-MO-UDD-2015-OFICIAL1-300x246.jpg 300w, https:\/\/medicina.udd.cl\/fonoaudiologia-santiago\/files\/2015\/04\/AFICHE-MO-UDD-2015-OFICIAL1-768x630.jpg 768w, https:\/\/medicina.udd.cl\/fonoaudiologia-santiago\/files\/2015\/04\/AFICHE-MO-UDD-2015-OFICIAL1-1024x840.jpg 1024w, https:\/\/medicina.udd.cl\/fonoaudiologia-santiago\/files\/2015\/04\/AFICHE-MO-UDD-2015-OFICIAL1-960x787.jpg 960w\" sizes=\"auto, (max-width: 300px) 100vw, 300px\" \/><\/a><\/p>\n<p>El viernes 17 de abril 2015 se dar\u00e1 inicio a la primera versi\u00f3n del <a href=\"http:\/\/medicina.udd.cl\/ver-diplomado\/diplomado-en-motricidad-orofacial-i\/\">Diplomado en Motricidad Orofacial<\/a> coordinado por la Carrera de Fonoaudiolog\u00eda de la Facultad de Medicina Cl\u00ednica Alemana Universidad del Desarrollo. Este programa se presenta como una actividad de aprendizaje que permitir\u00e1 profundizar los contenidos relacionados con el abordaje de personas con desequilibrio miofuncional y otras patolog\u00edas.<\/p>\n<p>La actividad, que contar\u00e1 con connotados expositores nacionales e internacionales, ha contado con un importante inter\u00e9s de participantes fonoaudi\u00f3logos y estudiantes de Fonoaudiolog\u00eda de quinto a\u00f1o de diversas casas de estudio tanto de Chile como de otros pa\u00edses.<\/p>\n<p>De acuerdo a lo descrito por los docentes coordinadores \u201cel diplomado ser\u00e1 una actividad altamente interactiva que no solo permitir\u00e1 adquirir conocimientos, si no que tambi\u00e9n relacionarlos de manera directa con trabajo con pacientes reales creando as\u00ed un ambiente de discusi\u00f3n de alto nivel profesional\u201d.<\/p>\n<p><strong>Las inscripciones a\u00fan est\u00e1n abiertas.<\/strong> Para mayor informaci\u00f3n, escribir al correo electr\u00f3nico diplomadomo@udd.cl.<\/p>\n","protected":false},"excerpt":{"rendered":"<p>Las inscripciones a\u00fan est\u00e1n abiertas para este programa de Postgrado que comienza el 17 de abril.<\/p>\n","protected":false},"author":40,"featured_media":2635,"comment_status":"open","ping_status":"open","sticky":false,"template":"","format":"standard","meta":{"footnotes":""},"categories":[4],"tags":[],"class_list":["post-2634","post","type-post","status-publish","format-standard","has-post-thumbnail","hentry","category-noticias"],"yoast_head":"<!-- This site is optimized with the Yoast SEO plugin v26.9 - https:\/\/yoast.com\/product\/yoast-seo-wordpress\/ -->\n<title>Nuevo diplomado de Fonoaudiolog\u00eda UDD en Motricidad Orofacial - Fonoaudiolog\u00eda<\/title>\n<meta name=\"robots\" content=\"index, follow, max-snippet:-1, max-image-preview:large, max-video-preview:-1\" \/>\n<link rel=\"canonical\" href=\"https:\/\/medicina.udd.cl\/fonoaudiologia-santiago\/noticias\/2015\/04\/14\/nuevo-diplomado-de-fonoaudiologia-udd-en-motricidad-orofacial\/\" \/>\n<meta property=\"og:locale\" content=\"es_ES\" \/>\n<meta property=\"og:type\" content=\"article\" \/>\n<meta property=\"og:title\" content=\"Nuevo diplomado de Fonoaudiolog\u00eda UDD en Motricidad Orofacial - Fonoaudiolog\u00eda\" \/>\n<meta property=\"og:description\" content=\"Las inscripciones a\u00fan est\u00e1n abiertas para este programa de Postgrado que comienza el 17 de abril.\" \/>\n<meta property=\"og:url\" content=\"https:\/\/medicina.udd.cl\/fonoaudiologia-santiago\/noticias\/2015\/04\/14\/nuevo-diplomado-de-fonoaudiologia-udd-en-motricidad-orofacial\/\" \/>\n<meta property=\"og:site_name\" content=\"Fonoaudiolog\u00eda\" \/>\n<meta property=\"article:published_time\" content=\"2015-04-14T19:30:40+00:00\" \/>\n<meta property=\"article:modified_time\" content=\"2015-04-14T19:35:35+00:00\" \/>\n<meta property=\"og:image\" content=\"https:\/\/medicina.udd.cl\/fonoaudiologia-santiago\/files\/2015\/04\/AFICHE-MO-UDD-2015-OFICIAL.jpg\" \/>\n\t<meta property=\"og:image:width\" content=\"3508\" \/>\n\t<meta property=\"og:image:height\" content=\"2877\" \/>\n\t<meta property=\"og:image:type\" content=\"image\/jpeg\" \/>\n<meta name=\"twitter:label1\" content=\"Escrito por\" \/>\n\t<meta name=\"twitter:data1\" content=\"\" \/>\n\t<meta name=\"twitter:label2\" content=\"Tiempo de lectura\" \/>\n\t<meta name=\"twitter:data2\" content=\"1 minuto\" \/>\n<script type=\"application\/ld+json\" class=\"yoast-schema-graph\">{\"@context\":\"https:\/\/schema.org\",\"@graph\":[{\"@type\":\"Article\",\"@id\":\"https:\/\/medicina.udd.cl\/fonoaudiologia-santiago\/noticias\/2015\/04\/14\/nuevo-diplomado-de-fonoaudiologia-udd-en-motricidad-orofacial\/#article\",\"isPartOf\":{\"@id\":\"https:\/\/medicina.udd.cl\/fonoaudiologia-santiago\/noticias\/2015\/04\/14\/nuevo-diplomado-de-fonoaudiologia-udd-en-motricidad-orofacial\/\"},\"author\":{\"name\":\"\",\"@id\":\"\"},\"headline\":\"Nuevo diplomado de Fonoaudiolog\u00eda UDD en Motricidad Orofacial\",\"datePublished\":\"2015-04-14T19:30:40+00:00\",\"dateModified\":\"2015-04-14T19:35:35+00:00\",\"mainEntityOfPage\":{\"@id\":\"https:\/\/medicina.udd.cl\/fonoaudiologia-santiago\/noticias\/2015\/04\/14\/nuevo-diplomado-de-fonoaudiologia-udd-en-motricidad-orofacial\/\"},\"wordCount\":180,\"commentCount\":0,\"image\":{\"@id\":\"https:\/\/medicina.udd.cl\/fonoaudiologia-santiago\/noticias\/2015\/04\/14\/nuevo-diplomado-de-fonoaudiologia-udd-en-motricidad-orofacial\/#primaryimage\"},\"thumbnailUrl\":\"https:\/\/medicina.udd.cl\/fonoaudiologia-santiago\/files\/2015\/04\/AFICHE-MO-UDD-2015-OFICIAL.jpg\",\"articleSection\":[\"Noticias\"],\"inLanguage\":\"es\",\"potentialAction\":[{\"@type\":\"CommentAction\",\"name\":\"Comment\",\"target\":[\"https:\/\/medicina.udd.cl\/fonoaudiologia-santiago\/noticias\/2015\/04\/14\/nuevo-diplomado-de-fonoaudiologia-udd-en-motricidad-orofacial\/#respond\"]}]},{\"@type\":\"WebPage\",\"@id\":\"https:\/\/medicina.udd.cl\/fonoaudiologia-santiago\/noticias\/2015\/04\/14\/nuevo-diplomado-de-fonoaudiologia-udd-en-motricidad-orofacial\/\",\"url\":\"https:\/\/medicina.udd.cl\/fonoaudiologia-santiago\/noticias\/2015\/04\/14\/nuevo-diplomado-de-fonoaudiologia-udd-en-motricidad-orofacial\/\",\"name\":\"Nuevo diplomado de Fonoaudiolog\u00eda UDD en Motricidad Orofacial - Fonoaudiolog\u00eda\",\"isPartOf\":{\"@id\":\"https:\/\/medicina.udd.cl\/fonoaudiologia-santiago\/#website\"},\"primaryImageOfPage\":{\"@id\":\"https:\/\/medicina.udd.cl\/fonoaudiologia-santiago\/noticias\/2015\/04\/14\/nuevo-diplomado-de-fonoaudiologia-udd-en-motricidad-orofacial\/#primaryimage\"},\"image\":{\"@id\":\"https:\/\/medicina.udd.cl\/fonoaudiologia-santiago\/noticias\/2015\/04\/14\/nuevo-diplomado-de-fonoaudiologia-udd-en-motricidad-orofacial\/#primaryimage\"},\"thumbnailUrl\":\"https:\/\/medicina.udd.cl\/fonoaudiologia-santiago\/files\/2015\/04\/AFICHE-MO-UDD-2015-OFICIAL.jpg\",\"datePublished\":\"2015-04-14T19:30:40+00:00\",\"dateModified\":\"2015-04-14T19:35:35+00:00\",\"author\":{\"@id\":\"\"},\"breadcrumb\":{\"@id\":\"https:\/\/medicina.udd.cl\/fonoaudiologia-santiago\/noticias\/2015\/04\/14\/nuevo-diplomado-de-fonoaudiologia-udd-en-motricidad-orofacial\/#breadcrumb\"},\"inLanguage\":\"es\",\"potentialAction\":[{\"@type\":\"ReadAction\",\"target\":[\"https:\/\/medicina.udd.cl\/fonoaudiologia-santiago\/noticias\/2015\/04\/14\/nuevo-diplomado-de-fonoaudiologia-udd-en-motricidad-orofacial\/\"]}]},{\"@type\":\"ImageObject\",\"inLanguage\":\"es\",\"@id\":\"https:\/\/medicina.udd.cl\/fonoaudiologia-santiago\/noticias\/2015\/04\/14\/nuevo-diplomado-de-fonoaudiologia-udd-en-motricidad-orofacial\/#primaryimage\",\"url\":\"https:\/\/medicina.udd.cl\/fonoaudiologia-santiago\/files\/2015\/04\/AFICHE-MO-UDD-2015-OFICIAL.jpg\",\"contentUrl\":\"https:\/\/medicina.udd.cl\/fonoaudiologia-santiago\/files\/2015\/04\/AFICHE-MO-UDD-2015-OFICIAL.jpg\",\"width\":3508,\"height\":2877},{\"@type\":\"BreadcrumbList\",\"@id\":\"https:\/\/medicina.udd.cl\/fonoaudiologia-santiago\/noticias\/2015\/04\/14\/nuevo-diplomado-de-fonoaudiologia-udd-en-motricidad-orofacial\/#breadcrumb\",\"itemListElement\":[{\"@type\":\"ListItem\",\"position\":1,\"name\":\"Home\",\"item\":\"https:\/\/medicina.udd.cl\/fonoaudiologia-santiago\/\"},{\"@type\":\"ListItem\",\"position\":2,\"name\":\"Nuevo diplomado de Fonoaudiolog\u00eda UDD en Motricidad Orofacial\"}]},{\"@type\":\"WebSite\",\"@id\":\"https:\/\/medicina.udd.cl\/fonoaudiologia-santiago\/#website\",\"url\":\"https:\/\/medicina.udd.cl\/fonoaudiologia-santiago\/\",\"name\":\"Fonoaudiolog\u00eda\",\"description\":\"Facultad de Medicina Cl\u00ednica Alemana Universidad del Desarrollo\",\"inLanguage\":\"es\"},{\"@type\":\"Person\",\"@id\":\"\",\"url\":\"https:\/\/medicina.udd.cl\/fonoaudiologia-santiago\/noticias\/author\/\"}]}<\/script>\n<!-- \/ Yoast SEO plugin. -->","yoast_head_json":{"title":"Nuevo diplomado de Fonoaudiolog\u00eda UDD en Motricidad Orofacial - Fonoaudiolog\u00eda","robots":{"index":"index","follow":"follow","max-snippet":"max-snippet:-1","max-image-preview":"max-image-preview:large","max-video-preview":"max-video-preview:-1"},"canonical":"https:\/\/medicina.udd.cl\/fonoaudiologia-santiago\/noticias\/2015\/04\/14\/nuevo-diplomado-de-fonoaudiologia-udd-en-motricidad-orofacial\/","og_locale":"es_ES","og_type":"article","og_title":"Nuevo diplomado de Fonoaudiolog\u00eda UDD en Motricidad Orofacial - Fonoaudiolog\u00eda","og_description":"Las inscripciones a\u00fan est\u00e1n abiertas para este programa de Postgrado que comienza el 17 de abril.","og_url":"https:\/\/medicina.udd.cl\/fonoaudiologia-santiago\/noticias\/2015\/04\/14\/nuevo-diplomado-de-fonoaudiologia-udd-en-motricidad-orofacial\/","og_site_name":"Fonoaudiolog\u00eda","article_published_time":"2015-04-14T19:30:40+00:00","article_modified_time":"2015-04-14T19:35:35+00:00","og_image":[{"width":3508,"height":2877,"url":"https:\/\/medicina.udd.cl\/fonoaudiologia-santiago\/files\/2015\/04\/AFICHE-MO-UDD-2015-OFICIAL.jpg","type":"image\/jpeg"}],"twitter_misc":{"Escrito por":"","Tiempo de lectura":"1 minuto"},"schema":{"@context":"https:\/\/schema.org","@graph":[{"@type":"Article","@id":"https:\/\/medicina.udd.cl\/fonoaudiologia-santiago\/noticias\/2015\/04\/14\/nuevo-diplomado-de-fonoaudiologia-udd-en-motricidad-orofacial\/#article","isPartOf":{"@id":"https:\/\/medicina.udd.cl\/fonoaudiologia-santiago\/noticias\/2015\/04\/14\/nuevo-diplomado-de-fonoaudiologia-udd-en-motricidad-orofacial\/"},"author":{"name":"","@id":""},"headline":"Nuevo diplomado de Fonoaudiolog\u00eda UDD en Motricidad Orofacial","datePublished":"2015-04-14T19:30:40+00:00","dateModified":"2015-04-14T19:35:35+00:00","mainEntityOfPage":{"@id":"https:\/\/medicina.udd.cl\/fonoaudiologia-santiago\/noticias\/2015\/04\/14\/nuevo-diplomado-de-fonoaudiologia-udd-en-motricidad-orofacial\/"},"wordCount":180,"commentCount":0,"image":{"@id":"https:\/\/medicina.udd.cl\/fonoaudiologia-santiago\/noticias\/2015\/04\/14\/nuevo-diplomado-de-fonoaudiologia-udd-en-motricidad-orofacial\/#primaryimage"},"thumbnailUrl":"https:\/\/medicina.udd.cl\/fonoaudiologia-santiago\/files\/2015\/04\/AFICHE-MO-UDD-2015-OFICIAL.jpg","articleSection":["Noticias"],"inLanguage":"es","potentialAction":[{"@type":"CommentAction","name":"Comment","target":["https:\/\/medicina.udd.cl\/fonoaudiologia-santiago\/noticias\/2015\/04\/14\/nuevo-diplomado-de-fonoaudiologia-udd-en-motricidad-orofacial\/#respond"]}]},{"@type":"WebPage","@id":"https:\/\/medicina.udd.cl\/fonoaudiologia-santiago\/noticias\/2015\/04\/14\/nuevo-diplomado-de-fonoaudiologia-udd-en-motricidad-orofacial\/","url":"https:\/\/medicina.udd.cl\/fonoaudiologia-santiago\/noticias\/2015\/04\/14\/nuevo-diplomado-de-fonoaudiologia-udd-en-motricidad-orofacial\/","name":"Nuevo diplomado de Fonoaudiolog\u00eda UDD en Motricidad Orofacial - Fonoaudiolog\u00eda","isPartOf":{"@id":"https:\/\/medicina.udd.cl\/fonoaudiologia-santiago\/#website"},"primaryImageOfPage":{"@id":"https:\/\/medicina.udd.cl\/fonoaudiologia-santiago\/noticias\/2015\/04\/14\/nuevo-diplomado-de-fonoaudiologia-udd-en-motricidad-orofacial\/#primaryimage"},"image":{"@id":"https:\/\/medicina.udd.cl\/fonoaudiologia-santiago\/noticias\/2015\/04\/14\/nuevo-diplomado-de-fonoaudiologia-udd-en-motricidad-orofacial\/#primaryimage"},"thumbnailUrl":"https:\/\/medicina.udd.cl\/fonoaudiologia-santiago\/files\/2015\/04\/AFICHE-MO-UDD-2015-OFICIAL.jpg","datePublished":"2015-04-14T19:30:40+00:00","dateModified":"2015-04-14T19:35:35+00:00","author":{"@id":""},"breadcrumb":{"@id":"https:\/\/medicina.udd.cl\/fonoaudiologia-santiago\/noticias\/2015\/04\/14\/nuevo-diplomado-de-fonoaudiologia-udd-en-motricidad-orofacial\/#breadcrumb"},"inLanguage":"es","potentialAction":[{"@type":"ReadAction","target":["https:\/\/medicina.udd.cl\/fonoaudiologia-santiago\/noticias\/2015\/04\/14\/nuevo-diplomado-de-fonoaudiologia-udd-en-motricidad-orofacial\/"]}]},{"@type":"ImageObject","inLanguage":"es","@id":"https:\/\/medicina.udd.cl\/fonoaudiologia-santiago\/noticias\/2015\/04\/14\/nuevo-diplomado-de-fonoaudiologia-udd-en-motricidad-orofacial\/#primaryimage","url":"https:\/\/medicina.udd.cl\/fonoaudiologia-santiago\/files\/2015\/04\/AFICHE-MO-UDD-2015-OFICIAL.jpg","contentUrl":"https:\/\/medicina.udd.cl\/fonoaudiologia-santiago\/files\/2015\/04\/AFICHE-MO-UDD-2015-OFICIAL.jpg","width":3508,"height":2877},{"@type":"BreadcrumbList","@id":"https:\/\/medicina.udd.cl\/fonoaudiologia-santiago\/noticias\/2015\/04\/14\/nuevo-diplomado-de-fonoaudiologia-udd-en-motricidad-orofacial\/#breadcrumb","itemListElement":[{"@type":"ListItem","position":1,"name":"Home","item":"https:\/\/medicina.udd.cl\/fonoaudiologia-santiago\/"},{"@type":"ListItem","position":2,"name":"Nuevo diplomado de Fonoaudiolog\u00eda UDD en Motricidad Orofacial"}]},{"@type":"WebSite","@id":"https:\/\/medicina.udd.cl\/fonoaudiologia-santiago\/#website","url":"https:\/\/medicina.udd.cl\/fonoaudiologia-santiago\/","name":"Fonoaudiolog\u00eda","description":"Facultad de Medicina Cl\u00ednica Alemana Universidad del Desarrollo","inLanguage":"es"},{"@type":"Person","@id":"","url":"https:\/\/medicina.udd.cl\/fonoaudiologia-santiago\/noticias\/author\/"}]}},"featured_image_url":"https:\/\/medicina.udd.cl\/fonoaudiologia-santiago\/files\/2015\/04\/AFICHE-MO-UDD-2015-OFICIAL.jpg","_links":{"self":[{"href":"https:\/\/medicina.udd.cl\/fonoaudiologia-santiago\/wp-json\/wp\/v2\/posts\/2634","targetHints":{"allow":["GET"]}}],"collection":[{"href":"https:\/\/medicina.udd.cl\/fonoaudiologia-santiago\/wp-json\/wp\/v2\/posts"}],"about":[{"href":"https:\/\/medicina.udd.cl\/fonoaudiologia-santiago\/wp-json\/wp\/v2\/types\/post"}],"author":[{"embeddable":true,"href":"https:\/\/medicina.udd.cl\/fonoaudiologia-santiago\/wp-json\/wp\/v2\/users\/40"}],"replies":[{"embeddable":true,"href":"https:\/\/medicina.udd.cl\/fonoaudiologia-santiago\/wp-json\/wp\/v2\/comments?post=2634"}],"version-history":[{"count":3,"href":"https:\/\/medicina.udd.cl\/fonoaudiologia-santiago\/wp-json\/wp\/v2\/posts\/2634\/revisions"}],"predecessor-version":[{"id":2638,"href":"https:\/\/medicina.udd.cl\/fonoaudiologia-santiago\/wp-json\/wp\/v2\/posts\/2634\/revisions\/2638"}],"wp:featuredmedia":[{"embeddable":true,"href":"https:\/\/medicina.udd.cl\/fonoaudiologia-santiago\/wp-json\/wp\/v2\/media\/2635"}],"wp:attachment":[{"href":"https:\/\/medicina.udd.cl\/fonoaudiologia-santiago\/wp-json\/wp\/v2\/media?parent=2634"}],"wp:term":[{"taxonomy":"category","embeddable":true,"href":"https:\/\/medicina.udd.cl\/fonoaudiologia-santiago\/wp-json\/wp\/v2\/categories?post=2634"},{"taxonomy":"post_tag","embeddable":true,"href":"https:\/\/medicina.udd.cl\/fonoaudiologia-santiago\/wp-json\/wp\/v2\/tags?post=2634"}],"curies":[{"name":"wp","href":"https:\/\/api.w.org\/{rel}","templated":true}]}}