{"id":2650,"date":"2015-04-24T11:30:07","date_gmt":"2015-04-24T14:30:07","guid":{"rendered":"http:\/\/medicina.udd.cl\/fonoaudiologia-santiago\/?p=2650"},"modified":"2015-04-24T11:30:07","modified_gmt":"2015-04-24T14:30:07","slug":"fonoaudiologia-conmemora-dia-mundial-de-toma-de-conciencia-del-autismo","status":"publish","type":"post","link":"https:\/\/medicina.udd.cl\/fonoaudiologia-santiago\/noticias\/2015\/04\/24\/fonoaudiologia-conmemora-dia-mundial-de-toma-de-conciencia-del-autismo\/","title":{"rendered":"Fonoaudiolog\u00eda conmemora D\u00eda Mundial de Toma de Conciencia del Autismo"},"content":{"rendered":"<p><a href=\"http:\/\/medicina.udd.cl\/fonoaudiologia-santiago\/files\/2015\/04\/Afiche-D\u00eda-TGD-2015.jpg\"><img loading=\"lazy\" decoding=\"async\" class=\"aligncenter size-medium wp-image-2651\" alt=\"Afiche D\u00eda TGD 2015\" src=\"http:\/\/medicina.udd.cl\/fonoaudiologia-santiago\/files\/2015\/04\/Afiche-D\u00eda-TGD-2015-300x111.jpg\" width=\"300\" height=\"111\" \/><\/a><\/p>\n<p>Con el objetivo de conmemorar el \u201cD\u00eda Mundial de la Concienciaci\u00f3n sobre el Trastorno de Espectro Autista (TEA)\u201d, los docentes y alumnos del \u00e1rea Infanto-Juvenil de la carrera de Fonoaudiolog\u00eda UDD se vistieron de azul y entregaron folletos informativos en el campus RESB.<\/p>\n<p>Acompa\u00f1ados de estudiantes de 4to a\u00f1o, las profesoras Paulina Fern\u00e1ndez y Lorena Aleman, explicaron a la comunidad acad\u00e9mica las caracter\u00edsticas de las personas que presentan esta condici\u00f3n y la importancia que tiene dar a conocer este trastorno. \u201cLas personas con Austismo perciben el mundo de una manera diferente: les cuesta comunicar lo que piensan, sienten y desean, y muestran dificultades para relacionarse socialmente. Sin embargo, s\u00ed sienten y quieren como todos los dem\u00e1s. Sus diferencias nos hacen pensar en nuestras propias diferencias\u201d, explican las docentes.<\/p>\n<p>Esta conmoraci\u00f3n se realiza cada 2 de abril desde 2007, d\u00eda designado por la Organizaci\u00f3n de Naciones Unidades para promover una mayor comprensi\u00f3n de esta condici\u00f3n y llamar a las familias a realizar terapias de intervenci\u00f3n temprana. Este a\u00f1o, m\u00e1s de 15 mil edificios emblem\u00e1ticos de 130 pa\u00edses recordaron este d\u00eda al encender luces azules, el color representativo de las organizaciones dedicadas al Austismo.<\/p>\n<div id=\"gallery-1\" class=\"carousel slide carousel-gallery\" data-ride=\"false\" data-interval=\"false\"><div class=\"carousel-inner\" role=\"listbox\"><figure class=\"carousel-item active\"><img loading=\"lazy\" decoding=\"async\" width=\"796\" height=\"531\" src=\"https:\/\/medicina.udd.cl\/fonoaudiologia-santiago\/files\/2015\/04\/D\u00eda-mundial-Toma-de-conciencia-del-Austimos-2015-1.jpg\" class=\"attachment-landscape_952 size-landscape_952\" alt=\"\" srcset=\"https:\/\/medicina.udd.cl\/fonoaudiologia-santiago\/files\/2015\/04\/D\u00eda-mundial-Toma-de-conciencia-del-Austimos-2015-1.jpg 796w, https:\/\/medicina.udd.cl\/fonoaudiologia-santiago\/files\/2015\/04\/D\u00eda-mundial-Toma-de-conciencia-del-Austimos-2015-1-300x200.jpg 300w, https:\/\/medicina.udd.cl\/fonoaudiologia-santiago\/files\/2015\/04\/D\u00eda-mundial-Toma-de-conciencia-del-Austimos-2015-1-768x512.jpg 768w\" sizes=\"auto, (max-width: 796px) 100vw, 796px\" \/><\/figure><figure class=\"carousel-item\"><img loading=\"lazy\" decoding=\"async\" width=\"796\" height=\"531\" src=\"https:\/\/medicina.udd.cl\/fonoaudiologia-santiago\/files\/2015\/04\/D\u00eda-mundial-Toma-de-conciencia-del-Austimos-2015-2.jpg\" class=\"attachment-landscape_952 size-landscape_952\" alt=\"\" srcset=\"https:\/\/medicina.udd.cl\/fonoaudiologia-santiago\/files\/2015\/04\/D\u00eda-mundial-Toma-de-conciencia-del-Austimos-2015-2.jpg 796w, https:\/\/medicina.udd.cl\/fonoaudiologia-santiago\/files\/2015\/04\/D\u00eda-mundial-Toma-de-conciencia-del-Austimos-2015-2-300x200.jpg 300w, https:\/\/medicina.udd.cl\/fonoaudiologia-santiago\/files\/2015\/04\/D\u00eda-mundial-Toma-de-conciencia-del-Austimos-2015-2-768x512.jpg 768w\" sizes=\"auto, (max-width: 796px) 100vw, 796px\" \/><\/figure><figure class=\"carousel-item\"><img loading=\"lazy\" decoding=\"async\" width=\"796\" height=\"531\" src=\"https:\/\/medicina.udd.cl\/fonoaudiologia-santiago\/files\/2015\/04\/D\u00eda-mundial-Toma-de-conciencia-del-Austimos-2015-3.jpg\" class=\"attachment-landscape_952 size-landscape_952\" alt=\"\" srcset=\"https:\/\/medicina.udd.cl\/fonoaudiologia-santiago\/files\/2015\/04\/D\u00eda-mundial-Toma-de-conciencia-del-Austimos-2015-3.jpg 796w, https:\/\/medicina.udd.cl\/fonoaudiologia-santiago\/files\/2015\/04\/D\u00eda-mundial-Toma-de-conciencia-del-Austimos-2015-3-300x200.jpg 300w, https:\/\/medicina.udd.cl\/fonoaudiologia-santiago\/files\/2015\/04\/D\u00eda-mundial-Toma-de-conciencia-del-Austimos-2015-3-768x512.jpg 768w\" sizes=\"auto, (max-width: 796px) 100vw, 796px\" \/><\/figure><figure class=\"carousel-item\"><img loading=\"lazy\" decoding=\"async\" width=\"796\" height=\"531\" src=\"https:\/\/medicina.udd.cl\/fonoaudiologia-santiago\/files\/2015\/04\/D\u00eda-mundial-Toma-de-conciencia-del-Austimos-2015-4.jpg\" class=\"attachment-landscape_952 size-landscape_952\" alt=\"\" srcset=\"https:\/\/medicina.udd.cl\/fonoaudiologia-santiago\/files\/2015\/04\/D\u00eda-mundial-Toma-de-conciencia-del-Austimos-2015-4.jpg 796w, https:\/\/medicina.udd.cl\/fonoaudiologia-santiago\/files\/2015\/04\/D\u00eda-mundial-Toma-de-conciencia-del-Austimos-2015-4-300x200.jpg 300w, https:\/\/medicina.udd.cl\/fonoaudiologia-santiago\/files\/2015\/04\/D\u00eda-mundial-Toma-de-conciencia-del-Austimos-2015-4-768x512.jpg 768w\" sizes=\"auto, (max-width: 796px) 100vw, 796px\" \/><\/figure><figure class=\"carousel-item\"><img loading=\"lazy\" decoding=\"async\" width=\"796\" height=\"531\" src=\"https:\/\/medicina.udd.cl\/fonoaudiologia-santiago\/files\/2015\/04\/D\u00eda-mundial-Toma-de-conciencia-del-Austimos-2015-5.jpg\" class=\"attachment-landscape_952 size-landscape_952\" alt=\"\" srcset=\"https:\/\/medicina.udd.cl\/fonoaudiologia-santiago\/files\/2015\/04\/D\u00eda-mundial-Toma-de-conciencia-del-Austimos-2015-5.jpg 796w, https:\/\/medicina.udd.cl\/fonoaudiologia-santiago\/files\/2015\/04\/D\u00eda-mundial-Toma-de-conciencia-del-Austimos-2015-5-300x200.jpg 300w, https:\/\/medicina.udd.cl\/fonoaudiologia-santiago\/files\/2015\/04\/D\u00eda-mundial-Toma-de-conciencia-del-Austimos-2015-5-768x512.jpg 768w\" sizes=\"auto, (max-width: 796px) 100vw, 796px\" \/><\/figure><\/div><footer class=\"carousel-footer\"><div class=\"carousel-counter\"><span class=\"carousel-counter-current\"><\/span> \/ <span class=\"carousel-counter-total\"><\/span><\/div><a class=\"carousel-control-prev\" href=\"#gallery-1\" role=\"button\" data-slide=\"prev\"><svg aria-hidden=\"true\" class=\"svg-chevron-left-dims\"><use xlink:href='https:\/\/medicina.udd.cl\/fonoaudiologia-santiago\/wp-content\/themes\/facultades-2018\/assets\/img\/svg\/dist\/main.svg?version=1695853099#chevron-left'><\/use><\/svg><span class=\"sr-only\">Anterior<\/span><\/a><a class=\"carousel-control-next\" href=\"#gallery-1\" role=\"button\" data-slide=\"next\"><svg aria-hidden=\"true\" class=\"svg-chevron-right-dims\"><use xlink:href='https:\/\/medicina.udd.cl\/fonoaudiologia-santiago\/wp-content\/themes\/facultades-2018\/assets\/img\/svg\/dist\/main.svg?version=1695853099#chevron-right'><\/use><\/svg><span class=\"sr-only\">Siguiente<\/span><\/a><\/footer><\/div>\n","protected":false},"excerpt":{"rendered":"<p>Profesores y estudiantes se vistieron de azul y entregaron folletos informativos en el campus RESB.<\/p>\n","protected":false},"author":40,"featured_media":2657,"comment_status":"open","ping_status":"open","sticky":false,"template":"","format":"standard","meta":{"footnotes":""},"categories":[4],"tags":[],"class_list":["post-2650","post","type-post","status-publish","format-standard","has-post-thumbnail","hentry","category-noticias"],"yoast_head":"<!-- This site is optimized with the Yoast SEO plugin v26.9 - https:\/\/yoast.com\/product\/yoast-seo-wordpress\/ -->\n<title>Fonoaudiolog\u00eda conmemora D\u00eda Mundial de Toma de Conciencia del Autismo - Fonoaudiolog\u00eda<\/title>\n<meta name=\"robots\" content=\"index, follow, max-snippet:-1, max-image-preview:large, max-video-preview:-1\" \/>\n<link rel=\"canonical\" href=\"https:\/\/medicina.udd.cl\/fonoaudiologia-santiago\/noticias\/2015\/04\/24\/fonoaudiologia-conmemora-dia-mundial-de-toma-de-conciencia-del-autismo\/\" \/>\n<meta property=\"og:locale\" content=\"es_ES\" \/>\n<meta property=\"og:type\" content=\"article\" \/>\n<meta property=\"og:title\" content=\"Fonoaudiolog\u00eda conmemora D\u00eda Mundial de Toma de Conciencia del Autismo - Fonoaudiolog\u00eda\" \/>\n<meta property=\"og:description\" content=\"Profesores y estudiantes se vistieron de azul y entregaron folletos informativos en el campus RESB.\" \/>\n<meta property=\"og:url\" content=\"https:\/\/medicina.udd.cl\/fonoaudiologia-santiago\/noticias\/2015\/04\/24\/fonoaudiologia-conmemora-dia-mundial-de-toma-de-conciencia-del-autismo\/\" \/>\n<meta property=\"og:site_name\" content=\"Fonoaudiolog\u00eda\" \/>\n<meta property=\"article:published_time\" content=\"2015-04-24T14:30:07+00:00\" \/>\n<meta property=\"og:image\" content=\"https:\/\/medicina.udd.cl\/fonoaudiologia-santiago\/files\/2015\/04\/Afiche-D\u00eda-TGD.jpg\" \/>\n\t<meta property=\"og:image:width\" content=\"516\" \/>\n\t<meta property=\"og:image:height\" content=\"318\" \/>\n\t<meta property=\"og:image:type\" content=\"image\/jpeg\" \/>\n<meta name=\"twitter:label1\" content=\"Escrito por\" \/>\n\t<meta name=\"twitter:data1\" content=\"\" \/>\n\t<meta name=\"twitter:label2\" content=\"Tiempo de lectura\" \/>\n\t<meta name=\"twitter:data2\" content=\"1 minuto\" \/>\n<script type=\"application\/ld+json\" class=\"yoast-schema-graph\">{\"@context\":\"https:\/\/schema.org\",\"@graph\":[{\"@type\":\"Article\",\"@id\":\"https:\/\/medicina.udd.cl\/fonoaudiologia-santiago\/noticias\/2015\/04\/24\/fonoaudiologia-conmemora-dia-mundial-de-toma-de-conciencia-del-autismo\/#article\",\"isPartOf\":{\"@id\":\"https:\/\/medicina.udd.cl\/fonoaudiologia-santiago\/noticias\/2015\/04\/24\/fonoaudiologia-conmemora-dia-mundial-de-toma-de-conciencia-del-autismo\/\"},\"author\":{\"name\":\"\",\"@id\":\"\"},\"headline\":\"Fonoaudiolog\u00eda conmemora D\u00eda Mundial de Toma de Conciencia del Autismo\",\"datePublished\":\"2015-04-24T14:30:07+00:00\",\"mainEntityOfPage\":{\"@id\":\"https:\/\/medicina.udd.cl\/fonoaudiologia-santiago\/noticias\/2015\/04\/24\/fonoaudiologia-conmemora-dia-mundial-de-toma-de-conciencia-del-autismo\/\"},\"wordCount\":223,\"commentCount\":0,\"image\":{\"@id\":\"https:\/\/medicina.udd.cl\/fonoaudiologia-santiago\/noticias\/2015\/04\/24\/fonoaudiologia-conmemora-dia-mundial-de-toma-de-conciencia-del-autismo\/#primaryimage\"},\"thumbnailUrl\":\"https:\/\/medicina.udd.cl\/fonoaudiologia-santiago\/files\/2015\/04\/Afiche-D\u00eda-TGD.jpg\",\"articleSection\":[\"Noticias\"],\"inLanguage\":\"es\",\"potentialAction\":[{\"@type\":\"CommentAction\",\"name\":\"Comment\",\"target\":[\"https:\/\/medicina.udd.cl\/fonoaudiologia-santiago\/noticias\/2015\/04\/24\/fonoaudiologia-conmemora-dia-mundial-de-toma-de-conciencia-del-autismo\/#respond\"]}]},{\"@type\":\"WebPage\",\"@id\":\"https:\/\/medicina.udd.cl\/fonoaudiologia-santiago\/noticias\/2015\/04\/24\/fonoaudiologia-conmemora-dia-mundial-de-toma-de-conciencia-del-autismo\/\",\"url\":\"https:\/\/medicina.udd.cl\/fonoaudiologia-santiago\/noticias\/2015\/04\/24\/fonoaudiologia-conmemora-dia-mundial-de-toma-de-conciencia-del-autismo\/\",\"name\":\"Fonoaudiolog\u00eda conmemora D\u00eda Mundial de Toma de Conciencia del Autismo - Fonoaudiolog\u00eda\",\"isPartOf\":{\"@id\":\"https:\/\/medicina.udd.cl\/fonoaudiologia-santiago\/#website\"},\"primaryImageOfPage\":{\"@id\":\"https:\/\/medicina.udd.cl\/fonoaudiologia-santiago\/noticias\/2015\/04\/24\/fonoaudiologia-conmemora-dia-mundial-de-toma-de-conciencia-del-autismo\/#primaryimage\"},\"image\":{\"@id\":\"https:\/\/medicina.udd.cl\/fonoaudiologia-santiago\/noticias\/2015\/04\/24\/fonoaudiologia-conmemora-dia-mundial-de-toma-de-conciencia-del-autismo\/#primaryimage\"},\"thumbnailUrl\":\"https:\/\/medicina.udd.cl\/fonoaudiologia-santiago\/files\/2015\/04\/Afiche-D\u00eda-TGD.jpg\",\"datePublished\":\"2015-04-24T14:30:07+00:00\",\"author\":{\"@id\":\"\"},\"breadcrumb\":{\"@id\":\"https:\/\/medicina.udd.cl\/fonoaudiologia-santiago\/noticias\/2015\/04\/24\/fonoaudiologia-conmemora-dia-mundial-de-toma-de-conciencia-del-autismo\/#breadcrumb\"},\"inLanguage\":\"es\",\"potentialAction\":[{\"@type\":\"ReadAction\",\"target\":[\"https:\/\/medicina.udd.cl\/fonoaudiologia-santiago\/noticias\/2015\/04\/24\/fonoaudiologia-conmemora-dia-mundial-de-toma-de-conciencia-del-autismo\/\"]}]},{\"@type\":\"ImageObject\",\"inLanguage\":\"es\",\"@id\":\"https:\/\/medicina.udd.cl\/fonoaudiologia-santiago\/noticias\/2015\/04\/24\/fonoaudiologia-conmemora-dia-mundial-de-toma-de-conciencia-del-autismo\/#primaryimage\",\"url\":\"https:\/\/medicina.udd.cl\/fonoaudiologia-santiago\/files\/2015\/04\/Afiche-D\u00eda-TGD.jpg\",\"contentUrl\":\"https:\/\/medicina.udd.cl\/fonoaudiologia-santiago\/files\/2015\/04\/Afiche-D\u00eda-TGD.jpg\",\"width\":516,\"height\":318},{\"@type\":\"BreadcrumbList\",\"@id\":\"https:\/\/medicina.udd.cl\/fonoaudiologia-santiago\/noticias\/2015\/04\/24\/fonoaudiologia-conmemora-dia-mundial-de-toma-de-conciencia-del-autismo\/#breadcrumb\",\"itemListElement\":[{\"@type\":\"ListItem\",\"position\":1,\"name\":\"Home\",\"item\":\"https:\/\/medicina.udd.cl\/fonoaudiologia-santiago\/\"},{\"@type\":\"ListItem\",\"position\":2,\"name\":\"Fonoaudiolog\u00eda conmemora D\u00eda Mundial de Toma de Conciencia del Autismo\"}]},{\"@type\":\"WebSite\",\"@id\":\"https:\/\/medicina.udd.cl\/fonoaudiologia-santiago\/#website\",\"url\":\"https:\/\/medicina.udd.cl\/fonoaudiologia-santiago\/\",\"name\":\"Fonoaudiolog\u00eda\",\"description\":\"Facultad de Medicina Cl\u00ednica Alemana Universidad del Desarrollo\",\"inLanguage\":\"es\"},{\"@type\":\"Person\",\"@id\":\"\",\"url\":\"https:\/\/medicina.udd.cl\/fonoaudiologia-santiago\/noticias\/author\/\"}]}<\/script>\n<!-- \/ Yoast SEO plugin. -->","yoast_head_json":{"title":"Fonoaudiolog\u00eda conmemora D\u00eda Mundial de Toma de Conciencia del Autismo - Fonoaudiolog\u00eda","robots":{"index":"index","follow":"follow","max-snippet":"max-snippet:-1","max-image-preview":"max-image-preview:large","max-video-preview":"max-video-preview:-1"},"canonical":"https:\/\/medicina.udd.cl\/fonoaudiologia-santiago\/noticias\/2015\/04\/24\/fonoaudiologia-conmemora-dia-mundial-de-toma-de-conciencia-del-autismo\/","og_locale":"es_ES","og_type":"article","og_title":"Fonoaudiolog\u00eda conmemora D\u00eda Mundial de Toma de Conciencia del Autismo - Fonoaudiolog\u00eda","og_description":"Profesores y estudiantes se vistieron de azul y entregaron folletos informativos en el campus RESB.","og_url":"https:\/\/medicina.udd.cl\/fonoaudiologia-santiago\/noticias\/2015\/04\/24\/fonoaudiologia-conmemora-dia-mundial-de-toma-de-conciencia-del-autismo\/","og_site_name":"Fonoaudiolog\u00eda","article_published_time":"2015-04-24T14:30:07+00:00","og_image":[{"width":516,"height":318,"url":"https:\/\/medicina.udd.cl\/fonoaudiologia-santiago\/files\/2015\/04\/Afiche-D\u00eda-TGD.jpg","type":"image\/jpeg"}],"twitter_misc":{"Escrito por":"","Tiempo de lectura":"1 minuto"},"schema":{"@context":"https:\/\/schema.org","@graph":[{"@type":"Article","@id":"https:\/\/medicina.udd.cl\/fonoaudiologia-santiago\/noticias\/2015\/04\/24\/fonoaudiologia-conmemora-dia-mundial-de-toma-de-conciencia-del-autismo\/#article","isPartOf":{"@id":"https:\/\/medicina.udd.cl\/fonoaudiologia-santiago\/noticias\/2015\/04\/24\/fonoaudiologia-conmemora-dia-mundial-de-toma-de-conciencia-del-autismo\/"},"author":{"name":"","@id":""},"headline":"Fonoaudiolog\u00eda conmemora D\u00eda Mundial de Toma de Conciencia del Autismo","datePublished":"2015-04-24T14:30:07+00:00","mainEntityOfPage":{"@id":"https:\/\/medicina.udd.cl\/fonoaudiologia-santiago\/noticias\/2015\/04\/24\/fonoaudiologia-conmemora-dia-mundial-de-toma-de-conciencia-del-autismo\/"},"wordCount":223,"commentCount":0,"image":{"@id":"https:\/\/medicina.udd.cl\/fonoaudiologia-santiago\/noticias\/2015\/04\/24\/fonoaudiologia-conmemora-dia-mundial-de-toma-de-conciencia-del-autismo\/#primaryimage"},"thumbnailUrl":"https:\/\/medicina.udd.cl\/fonoaudiologia-santiago\/files\/2015\/04\/Afiche-D\u00eda-TGD.jpg","articleSection":["Noticias"],"inLanguage":"es","potentialAction":[{"@type":"CommentAction","name":"Comment","target":["https:\/\/medicina.udd.cl\/fonoaudiologia-santiago\/noticias\/2015\/04\/24\/fonoaudiologia-conmemora-dia-mundial-de-toma-de-conciencia-del-autismo\/#respond"]}]},{"@type":"WebPage","@id":"https:\/\/medicina.udd.cl\/fonoaudiologia-santiago\/noticias\/2015\/04\/24\/fonoaudiologia-conmemora-dia-mundial-de-toma-de-conciencia-del-autismo\/","url":"https:\/\/medicina.udd.cl\/fonoaudiologia-santiago\/noticias\/2015\/04\/24\/fonoaudiologia-conmemora-dia-mundial-de-toma-de-conciencia-del-autismo\/","name":"Fonoaudiolog\u00eda conmemora D\u00eda Mundial de Toma de Conciencia del Autismo - Fonoaudiolog\u00eda","isPartOf":{"@id":"https:\/\/medicina.udd.cl\/fonoaudiologia-santiago\/#website"},"primaryImageOfPage":{"@id":"https:\/\/medicina.udd.cl\/fonoaudiologia-santiago\/noticias\/2015\/04\/24\/fonoaudiologia-conmemora-dia-mundial-de-toma-de-conciencia-del-autismo\/#primaryimage"},"image":{"@id":"https:\/\/medicina.udd.cl\/fonoaudiologia-santiago\/noticias\/2015\/04\/24\/fonoaudiologia-conmemora-dia-mundial-de-toma-de-conciencia-del-autismo\/#primaryimage"},"thumbnailUrl":"https:\/\/medicina.udd.cl\/fonoaudiologia-santiago\/files\/2015\/04\/Afiche-D\u00eda-TGD.jpg","datePublished":"2015-04-24T14:30:07+00:00","author":{"@id":""},"breadcrumb":{"@id":"https:\/\/medicina.udd.cl\/fonoaudiologia-santiago\/noticias\/2015\/04\/24\/fonoaudiologia-conmemora-dia-mundial-de-toma-de-conciencia-del-autismo\/#breadcrumb"},"inLanguage":"es","potentialAction":[{"@type":"ReadAction","target":["https:\/\/medicina.udd.cl\/fonoaudiologia-santiago\/noticias\/2015\/04\/24\/fonoaudiologia-conmemora-dia-mundial-de-toma-de-conciencia-del-autismo\/"]}]},{"@type":"ImageObject","inLanguage":"es","@id":"https:\/\/medicina.udd.cl\/fonoaudiologia-santiago\/noticias\/2015\/04\/24\/fonoaudiologia-conmemora-dia-mundial-de-toma-de-conciencia-del-autismo\/#primaryimage","url":"https:\/\/medicina.udd.cl\/fonoaudiologia-santiago\/files\/2015\/04\/Afiche-D\u00eda-TGD.jpg","contentUrl":"https:\/\/medicina.udd.cl\/fonoaudiologia-santiago\/files\/2015\/04\/Afiche-D\u00eda-TGD.jpg","width":516,"height":318},{"@type":"BreadcrumbList","@id":"https:\/\/medicina.udd.cl\/fonoaudiologia-santiago\/noticias\/2015\/04\/24\/fonoaudiologia-conmemora-dia-mundial-de-toma-de-conciencia-del-autismo\/#breadcrumb","itemListElement":[{"@type":"ListItem","position":1,"name":"Home","item":"https:\/\/medicina.udd.cl\/fonoaudiologia-santiago\/"},{"@type":"ListItem","position":2,"name":"Fonoaudiolog\u00eda conmemora D\u00eda Mundial de Toma de Conciencia del Autismo"}]},{"@type":"WebSite","@id":"https:\/\/medicina.udd.cl\/fonoaudiologia-santiago\/#website","url":"https:\/\/medicina.udd.cl\/fonoaudiologia-santiago\/","name":"Fonoaudiolog\u00eda","description":"Facultad de Medicina Cl\u00ednica Alemana Universidad del Desarrollo","inLanguage":"es"},{"@type":"Person","@id":"","url":"https:\/\/medicina.udd.cl\/fonoaudiologia-santiago\/noticias\/author\/"}]}},"featured_image_url":"https:\/\/medicina.udd.cl\/fonoaudiologia-santiago\/files\/2015\/04\/Afiche-D\u00eda-TGD.jpg","_links":{"self":[{"href":"https:\/\/medicina.udd.cl\/fonoaudiologia-santiago\/wp-json\/wp\/v2\/posts\/2650","targetHints":{"allow":["GET"]}}],"collection":[{"href":"https:\/\/medicina.udd.cl\/fonoaudiologia-santiago\/wp-json\/wp\/v2\/posts"}],"about":[{"href":"https:\/\/medicina.udd.cl\/fonoaudiologia-santiago\/wp-json\/wp\/v2\/types\/post"}],"author":[{"embeddable":true,"href":"https:\/\/medicina.udd.cl\/fonoaudiologia-santiago\/wp-json\/wp\/v2\/users\/40"}],"replies":[{"embeddable":true,"href":"https:\/\/medicina.udd.cl\/fonoaudiologia-santiago\/wp-json\/wp\/v2\/comments?post=2650"}],"version-history":[{"count":1,"href":"https:\/\/medicina.udd.cl\/fonoaudiologia-santiago\/wp-json\/wp\/v2\/posts\/2650\/revisions"}],"predecessor-version":[{"id":2658,"href":"https:\/\/medicina.udd.cl\/fonoaudiologia-santiago\/wp-json\/wp\/v2\/posts\/2650\/revisions\/2658"}],"wp:featuredmedia":[{"embeddable":true,"href":"https:\/\/medicina.udd.cl\/fonoaudiologia-santiago\/wp-json\/wp\/v2\/media\/2657"}],"wp:attachment":[{"href":"https:\/\/medicina.udd.cl\/fonoaudiologia-santiago\/wp-json\/wp\/v2\/media?parent=2650"}],"wp:term":[{"taxonomy":"category","embeddable":true,"href":"https:\/\/medicina.udd.cl\/fonoaudiologia-santiago\/wp-json\/wp\/v2\/categories?post=2650"},{"taxonomy":"post_tag","embeddable":true,"href":"https:\/\/medicina.udd.cl\/fonoaudiologia-santiago\/wp-json\/wp\/v2\/tags?post=2650"}],"curies":[{"name":"wp","href":"https:\/\/api.w.org\/{rel}","templated":true}]}}