{"id":2714,"date":"2015-08-12T15:23:53","date_gmt":"2015-08-12T18:23:53","guid":{"rendered":"http:\/\/medicina.udd.cl\/fonoaudiologia-santiago\/?p=2714"},"modified":"2015-09-23T15:11:27","modified_gmt":"2015-09-23T18:11:27","slug":"fonoaudiologia-se-adjudica-fondos-para-desarrollar-proyecto-de-investigacion","status":"publish","type":"post","link":"https:\/\/medicina.udd.cl\/fonoaudiologia-santiago\/noticias\/2015\/08\/12\/fonoaudiologia-se-adjudica-fondos-para-desarrollar-proyecto-de-investigacion\/","title":{"rendered":"Fonoaudiolog\u00eda se adjudica fondos para desarrollar proyecto de investigaci\u00f3n"},"content":{"rendered":"<p><a href=\"http:\/\/medicina.udd.cl\/fonoaudiologia-santiago\/files\/2015\/08\/Foto-Fono-2.jpg\"><img loading=\"lazy\" decoding=\"async\" class=\"size-medium wp-image-2712 alignright\" alt=\"Foto Fono 2\" src=\"http:\/\/medicina.udd.cl\/fonoaudiologia-santiago\/files\/2015\/08\/Foto-Fono-2-300x168.jpg\" width=\"300\" height=\"168\" \/><\/a>El equipo de Audiolog\u00eda, junto con la coordinadora de investigaci\u00f3n de la carrera de Fonoaudiolog\u00eda, Pamela Tomicic, presentaron un proyecto de investigaci\u00f3n en el concurso interno de la universidad, el que fue seleccionado para ser financiado.<\/p>\n<p>El tema del estudio fue \u201cEl desempe\u00f1o narrativo en un grupo de ni\u00f1os portadores de Hipoacusia Sensorioneural bilateral adaptados con ayuda auditiva (aud\u00edfonos y\/o Implante Coclear)\u201d, y busca responder a la primera tem\u00e1tica realizada con personas que padecen discapacidad auditiva.<\/p>\n<p>La importancia de la investigaci\u00f3n radica en que las habilidades del discurso narrativo se han vinculado fuertemente con las destrezas de comprensi\u00f3n lectora. Es por esto, que se est\u00e1n desarrollado diferentes investigaciones que apuntan a conocer cu\u00e1l es el rendimiento del discurso narrativo en distintas poblaciones.<\/p>\n<p>El equipo estuvo conformado por los investigadores: Pamela Tomicic, acad\u00e9mica e investigador principal, Patricia Castro, Javiera Dr\u00e1pela, Gloria Garcia y Fabiola Mar\u00edn como co- investigadores.<\/p>\n","protected":false},"excerpt":{"rendered":"<p>En el marco de un concurso interno la carrera desarrollar\u00e1 un estudio con personas con discapacidad auditiva.<\/p>\n","protected":false},"author":47,"featured_media":2713,"comment_status":"open","ping_status":"open","sticky":false,"template":"","format":"standard","meta":{"footnotes":""},"categories":[4],"tags":[],"class_list":["post-2714","post","type-post","status-publish","format-standard","has-post-thumbnail","hentry","category-noticias"],"yoast_head":"<!-- This site is optimized with the Yoast SEO plugin v26.9 - https:\/\/yoast.com\/product\/yoast-seo-wordpress\/ -->\n<title>Fonoaudiolog\u00eda se adjudica fondos para desarrollar proyecto de investigaci\u00f3n<\/title>\n<meta name=\"description\" content=\"El equipo de Audiolog\u00eda de la Universidad del Desarrollo CAS-UDD, junto con la coordinadora de investigaci\u00f3n de la carrera de Fonoaudiolog\u00eda, Pamela Tomicic\" \/>\n<meta name=\"robots\" content=\"index, follow, max-snippet:-1, max-image-preview:large, max-video-preview:-1\" \/>\n<link rel=\"canonical\" href=\"https:\/\/medicina.udd.cl\/fonoaudiologia-santiago\/noticias\/2015\/08\/12\/fonoaudiologia-se-adjudica-fondos-para-desarrollar-proyecto-de-investigacion\/\" \/>\n<meta property=\"og:locale\" content=\"es_ES\" \/>\n<meta property=\"og:type\" content=\"article\" \/>\n<meta property=\"og:title\" content=\"Fonoaudiolog\u00eda se adjudica fondos para desarrollar proyecto de investigaci\u00f3n\" \/>\n<meta property=\"og:description\" content=\"El equipo de Audiolog\u00eda de la Universidad del Desarrollo CAS-UDD, junto con la coordinadora de investigaci\u00f3n de la carrera de Fonoaudiolog\u00eda, Pamela Tomicic\" \/>\n<meta property=\"og:url\" content=\"https:\/\/medicina.udd.cl\/fonoaudiologia-santiago\/noticias\/2015\/08\/12\/fonoaudiologia-se-adjudica-fondos-para-desarrollar-proyecto-de-investigacion\/\" \/>\n<meta property=\"og:site_name\" content=\"Fonoaudiolog\u00eda\" \/>\n<meta property=\"article:published_time\" content=\"2015-08-12T18:23:53+00:00\" \/>\n<meta property=\"article:modified_time\" content=\"2015-09-23T18:11:27+00:00\" \/>\n<meta property=\"og:image\" content=\"https:\/\/medicina.udd.cl\/fonoaudiologia-santiago\/files\/2015\/08\/Foto-Fonoaudiolog\u00eda-1.jpg\" \/>\n\t<meta property=\"og:image:width\" content=\"800\" \/>\n\t<meta property=\"og:image:height\" content=\"450\" \/>\n\t<meta property=\"og:image:type\" content=\"image\/jpeg\" \/>\n<meta name=\"author\" content=\"rominagianotti\" \/>\n<meta name=\"twitter:label1\" content=\"Escrito por\" \/>\n\t<meta name=\"twitter:data1\" content=\"rominagianotti\" \/>\n\t<meta name=\"twitter:label2\" content=\"Tiempo de lectura\" \/>\n\t<meta name=\"twitter:data2\" content=\"1 minuto\" \/>\n<script type=\"application\/ld+json\" class=\"yoast-schema-graph\">{\"@context\":\"https:\/\/schema.org\",\"@graph\":[{\"@type\":\"Article\",\"@id\":\"https:\/\/medicina.udd.cl\/fonoaudiologia-santiago\/noticias\/2015\/08\/12\/fonoaudiologia-se-adjudica-fondos-para-desarrollar-proyecto-de-investigacion\/#article\",\"isPartOf\":{\"@id\":\"https:\/\/medicina.udd.cl\/fonoaudiologia-santiago\/noticias\/2015\/08\/12\/fonoaudiologia-se-adjudica-fondos-para-desarrollar-proyecto-de-investigacion\/\"},\"author\":{\"name\":\"rominagianotti\",\"@id\":\"https:\/\/medicina.udd.cl\/fonoaudiologia-santiago\/#\/schema\/person\/d2a1450d36aff8cda548012f30ae8d47\"},\"headline\":\"Fonoaudiolog\u00eda se adjudica fondos para desarrollar proyecto de investigaci\u00f3n\",\"datePublished\":\"2015-08-12T18:23:53+00:00\",\"dateModified\":\"2015-09-23T18:11:27+00:00\",\"mainEntityOfPage\":{\"@id\":\"https:\/\/medicina.udd.cl\/fonoaudiologia-santiago\/noticias\/2015\/08\/12\/fonoaudiologia-se-adjudica-fondos-para-desarrollar-proyecto-de-investigacion\/\"},\"wordCount\":174,\"commentCount\":0,\"image\":{\"@id\":\"https:\/\/medicina.udd.cl\/fonoaudiologia-santiago\/noticias\/2015\/08\/12\/fonoaudiologia-se-adjudica-fondos-para-desarrollar-proyecto-de-investigacion\/#primaryimage\"},\"thumbnailUrl\":\"https:\/\/medicina.udd.cl\/fonoaudiologia-santiago\/files\/2015\/08\/Foto-Fonoaudiolog\u00eda-1.jpg\",\"articleSection\":[\"Noticias\"],\"inLanguage\":\"es\",\"potentialAction\":[{\"@type\":\"CommentAction\",\"name\":\"Comment\",\"target\":[\"https:\/\/medicina.udd.cl\/fonoaudiologia-santiago\/noticias\/2015\/08\/12\/fonoaudiologia-se-adjudica-fondos-para-desarrollar-proyecto-de-investigacion\/#respond\"]}]},{\"@type\":\"WebPage\",\"@id\":\"https:\/\/medicina.udd.cl\/fonoaudiologia-santiago\/noticias\/2015\/08\/12\/fonoaudiologia-se-adjudica-fondos-para-desarrollar-proyecto-de-investigacion\/\",\"url\":\"https:\/\/medicina.udd.cl\/fonoaudiologia-santiago\/noticias\/2015\/08\/12\/fonoaudiologia-se-adjudica-fondos-para-desarrollar-proyecto-de-investigacion\/\",\"name\":\"Fonoaudiolog\u00eda se adjudica fondos para desarrollar proyecto de investigaci\u00f3n\",\"isPartOf\":{\"@id\":\"https:\/\/medicina.udd.cl\/fonoaudiologia-santiago\/#website\"},\"primaryImageOfPage\":{\"@id\":\"https:\/\/medicina.udd.cl\/fonoaudiologia-santiago\/noticias\/2015\/08\/12\/fonoaudiologia-se-adjudica-fondos-para-desarrollar-proyecto-de-investigacion\/#primaryimage\"},\"image\":{\"@id\":\"https:\/\/medicina.udd.cl\/fonoaudiologia-santiago\/noticias\/2015\/08\/12\/fonoaudiologia-se-adjudica-fondos-para-desarrollar-proyecto-de-investigacion\/#primaryimage\"},\"thumbnailUrl\":\"https:\/\/medicina.udd.cl\/fonoaudiologia-santiago\/files\/2015\/08\/Foto-Fonoaudiolog\u00eda-1.jpg\",\"datePublished\":\"2015-08-12T18:23:53+00:00\",\"dateModified\":\"2015-09-23T18:11:27+00:00\",\"author\":{\"@id\":\"https:\/\/medicina.udd.cl\/fonoaudiologia-santiago\/#\/schema\/person\/d2a1450d36aff8cda548012f30ae8d47\"},\"description\":\"El equipo de Audiolog\u00eda de la Universidad del Desarrollo CAS-UDD, junto con la coordinadora de investigaci\u00f3n de la carrera de Fonoaudiolog\u00eda, Pamela Tomicic\",\"breadcrumb\":{\"@id\":\"https:\/\/medicina.udd.cl\/fonoaudiologia-santiago\/noticias\/2015\/08\/12\/fonoaudiologia-se-adjudica-fondos-para-desarrollar-proyecto-de-investigacion\/#breadcrumb\"},\"inLanguage\":\"es\",\"potentialAction\":[{\"@type\":\"ReadAction\",\"target\":[\"https:\/\/medicina.udd.cl\/fonoaudiologia-santiago\/noticias\/2015\/08\/12\/fonoaudiologia-se-adjudica-fondos-para-desarrollar-proyecto-de-investigacion\/\"]}]},{\"@type\":\"ImageObject\",\"inLanguage\":\"es\",\"@id\":\"https:\/\/medicina.udd.cl\/fonoaudiologia-santiago\/noticias\/2015\/08\/12\/fonoaudiologia-se-adjudica-fondos-para-desarrollar-proyecto-de-investigacion\/#primaryimage\",\"url\":\"https:\/\/medicina.udd.cl\/fonoaudiologia-santiago\/files\/2015\/08\/Foto-Fonoaudiolog\u00eda-1.jpg\",\"contentUrl\":\"https:\/\/medicina.udd.cl\/fonoaudiologia-santiago\/files\/2015\/08\/Foto-Fonoaudiolog\u00eda-1.jpg\",\"width\":800,\"height\":450},{\"@type\":\"BreadcrumbList\",\"@id\":\"https:\/\/medicina.udd.cl\/fonoaudiologia-santiago\/noticias\/2015\/08\/12\/fonoaudiologia-se-adjudica-fondos-para-desarrollar-proyecto-de-investigacion\/#breadcrumb\",\"itemListElement\":[{\"@type\":\"ListItem\",\"position\":1,\"name\":\"Home\",\"item\":\"https:\/\/medicina.udd.cl\/fonoaudiologia-santiago\/\"},{\"@type\":\"ListItem\",\"position\":2,\"name\":\"Fonoaudiolog\u00eda se adjudica fondos para desarrollar proyecto de investigaci\u00f3n\"}]},{\"@type\":\"WebSite\",\"@id\":\"https:\/\/medicina.udd.cl\/fonoaudiologia-santiago\/#website\",\"url\":\"https:\/\/medicina.udd.cl\/fonoaudiologia-santiago\/\",\"name\":\"Fonoaudiolog\u00eda\",\"description\":\"Facultad de Medicina Cl\u00ednica Alemana Universidad del Desarrollo\",\"inLanguage\":\"es\"},{\"@type\":\"Person\",\"@id\":\"https:\/\/medicina.udd.cl\/fonoaudiologia-santiago\/#\/schema\/person\/d2a1450d36aff8cda548012f30ae8d47\",\"name\":\"rominagianotti\",\"image\":{\"@type\":\"ImageObject\",\"inLanguage\":\"es\",\"@id\":\"https:\/\/medicina.udd.cl\/fonoaudiologia-santiago\/#\/schema\/person\/image\/\",\"url\":\"https:\/\/secure.gravatar.com\/avatar\/106dae79925154d9c4e321db25d50a6deb801d5b80ec313022dbea6ef60814cc?s=96&d=mm&r=g\",\"contentUrl\":\"https:\/\/secure.gravatar.com\/avatar\/106dae79925154d9c4e321db25d50a6deb801d5b80ec313022dbea6ef60814cc?s=96&d=mm&r=g\",\"caption\":\"rominagianotti\"},\"url\":\"https:\/\/medicina.udd.cl\/fonoaudiologia-santiago\/noticias\/author\/rominagianotti\/\"}]}<\/script>\n<!-- \/ Yoast SEO plugin. -->","yoast_head_json":{"title":"Fonoaudiolog\u00eda se adjudica fondos para desarrollar proyecto de investigaci\u00f3n","description":"El equipo de Audiolog\u00eda de la Universidad del Desarrollo CAS-UDD, junto con la coordinadora de investigaci\u00f3n de la carrera de Fonoaudiolog\u00eda, Pamela Tomicic","robots":{"index":"index","follow":"follow","max-snippet":"max-snippet:-1","max-image-preview":"max-image-preview:large","max-video-preview":"max-video-preview:-1"},"canonical":"https:\/\/medicina.udd.cl\/fonoaudiologia-santiago\/noticias\/2015\/08\/12\/fonoaudiologia-se-adjudica-fondos-para-desarrollar-proyecto-de-investigacion\/","og_locale":"es_ES","og_type":"article","og_title":"Fonoaudiolog\u00eda se adjudica fondos para desarrollar proyecto de investigaci\u00f3n","og_description":"El equipo de Audiolog\u00eda de la Universidad del Desarrollo CAS-UDD, junto con la coordinadora de investigaci\u00f3n de la carrera de Fonoaudiolog\u00eda, Pamela Tomicic","og_url":"https:\/\/medicina.udd.cl\/fonoaudiologia-santiago\/noticias\/2015\/08\/12\/fonoaudiologia-se-adjudica-fondos-para-desarrollar-proyecto-de-investigacion\/","og_site_name":"Fonoaudiolog\u00eda","article_published_time":"2015-08-12T18:23:53+00:00","article_modified_time":"2015-09-23T18:11:27+00:00","og_image":[{"width":800,"height":450,"url":"https:\/\/medicina.udd.cl\/fonoaudiologia-santiago\/files\/2015\/08\/Foto-Fonoaudiolog\u00eda-1.jpg","type":"image\/jpeg"}],"author":"rominagianotti","twitter_misc":{"Escrito por":"rominagianotti","Tiempo de lectura":"1 minuto"},"schema":{"@context":"https:\/\/schema.org","@graph":[{"@type":"Article","@id":"https:\/\/medicina.udd.cl\/fonoaudiologia-santiago\/noticias\/2015\/08\/12\/fonoaudiologia-se-adjudica-fondos-para-desarrollar-proyecto-de-investigacion\/#article","isPartOf":{"@id":"https:\/\/medicina.udd.cl\/fonoaudiologia-santiago\/noticias\/2015\/08\/12\/fonoaudiologia-se-adjudica-fondos-para-desarrollar-proyecto-de-investigacion\/"},"author":{"name":"rominagianotti","@id":"https:\/\/medicina.udd.cl\/fonoaudiologia-santiago\/#\/schema\/person\/d2a1450d36aff8cda548012f30ae8d47"},"headline":"Fonoaudiolog\u00eda se adjudica fondos para desarrollar proyecto de investigaci\u00f3n","datePublished":"2015-08-12T18:23:53+00:00","dateModified":"2015-09-23T18:11:27+00:00","mainEntityOfPage":{"@id":"https:\/\/medicina.udd.cl\/fonoaudiologia-santiago\/noticias\/2015\/08\/12\/fonoaudiologia-se-adjudica-fondos-para-desarrollar-proyecto-de-investigacion\/"},"wordCount":174,"commentCount":0,"image":{"@id":"https:\/\/medicina.udd.cl\/fonoaudiologia-santiago\/noticias\/2015\/08\/12\/fonoaudiologia-se-adjudica-fondos-para-desarrollar-proyecto-de-investigacion\/#primaryimage"},"thumbnailUrl":"https:\/\/medicina.udd.cl\/fonoaudiologia-santiago\/files\/2015\/08\/Foto-Fonoaudiolog\u00eda-1.jpg","articleSection":["Noticias"],"inLanguage":"es","potentialAction":[{"@type":"CommentAction","name":"Comment","target":["https:\/\/medicina.udd.cl\/fonoaudiologia-santiago\/noticias\/2015\/08\/12\/fonoaudiologia-se-adjudica-fondos-para-desarrollar-proyecto-de-investigacion\/#respond"]}]},{"@type":"WebPage","@id":"https:\/\/medicina.udd.cl\/fonoaudiologia-santiago\/noticias\/2015\/08\/12\/fonoaudiologia-se-adjudica-fondos-para-desarrollar-proyecto-de-investigacion\/","url":"https:\/\/medicina.udd.cl\/fonoaudiologia-santiago\/noticias\/2015\/08\/12\/fonoaudiologia-se-adjudica-fondos-para-desarrollar-proyecto-de-investigacion\/","name":"Fonoaudiolog\u00eda se adjudica fondos para desarrollar proyecto de investigaci\u00f3n","isPartOf":{"@id":"https:\/\/medicina.udd.cl\/fonoaudiologia-santiago\/#website"},"primaryImageOfPage":{"@id":"https:\/\/medicina.udd.cl\/fonoaudiologia-santiago\/noticias\/2015\/08\/12\/fonoaudiologia-se-adjudica-fondos-para-desarrollar-proyecto-de-investigacion\/#primaryimage"},"image":{"@id":"https:\/\/medicina.udd.cl\/fonoaudiologia-santiago\/noticias\/2015\/08\/12\/fonoaudiologia-se-adjudica-fondos-para-desarrollar-proyecto-de-investigacion\/#primaryimage"},"thumbnailUrl":"https:\/\/medicina.udd.cl\/fonoaudiologia-santiago\/files\/2015\/08\/Foto-Fonoaudiolog\u00eda-1.jpg","datePublished":"2015-08-12T18:23:53+00:00","dateModified":"2015-09-23T18:11:27+00:00","author":{"@id":"https:\/\/medicina.udd.cl\/fonoaudiologia-santiago\/#\/schema\/person\/d2a1450d36aff8cda548012f30ae8d47"},"description":"El equipo de Audiolog\u00eda de la Universidad del Desarrollo CAS-UDD, junto con la coordinadora de investigaci\u00f3n de la carrera de Fonoaudiolog\u00eda, Pamela Tomicic","breadcrumb":{"@id":"https:\/\/medicina.udd.cl\/fonoaudiologia-santiago\/noticias\/2015\/08\/12\/fonoaudiologia-se-adjudica-fondos-para-desarrollar-proyecto-de-investigacion\/#breadcrumb"},"inLanguage":"es","potentialAction":[{"@type":"ReadAction","target":["https:\/\/medicina.udd.cl\/fonoaudiologia-santiago\/noticias\/2015\/08\/12\/fonoaudiologia-se-adjudica-fondos-para-desarrollar-proyecto-de-investigacion\/"]}]},{"@type":"ImageObject","inLanguage":"es","@id":"https:\/\/medicina.udd.cl\/fonoaudiologia-santiago\/noticias\/2015\/08\/12\/fonoaudiologia-se-adjudica-fondos-para-desarrollar-proyecto-de-investigacion\/#primaryimage","url":"https:\/\/medicina.udd.cl\/fonoaudiologia-santiago\/files\/2015\/08\/Foto-Fonoaudiolog\u00eda-1.jpg","contentUrl":"https:\/\/medicina.udd.cl\/fonoaudiologia-santiago\/files\/2015\/08\/Foto-Fonoaudiolog\u00eda-1.jpg","width":800,"height":450},{"@type":"BreadcrumbList","@id":"https:\/\/medicina.udd.cl\/fonoaudiologia-santiago\/noticias\/2015\/08\/12\/fonoaudiologia-se-adjudica-fondos-para-desarrollar-proyecto-de-investigacion\/#breadcrumb","itemListElement":[{"@type":"ListItem","position":1,"name":"Home","item":"https:\/\/medicina.udd.cl\/fonoaudiologia-santiago\/"},{"@type":"ListItem","position":2,"name":"Fonoaudiolog\u00eda se adjudica fondos para desarrollar proyecto de investigaci\u00f3n"}]},{"@type":"WebSite","@id":"https:\/\/medicina.udd.cl\/fonoaudiologia-santiago\/#website","url":"https:\/\/medicina.udd.cl\/fonoaudiologia-santiago\/","name":"Fonoaudiolog\u00eda","description":"Facultad de Medicina Cl\u00ednica Alemana Universidad del Desarrollo","inLanguage":"es"},{"@type":"Person","@id":"https:\/\/medicina.udd.cl\/fonoaudiologia-santiago\/#\/schema\/person\/d2a1450d36aff8cda548012f30ae8d47","name":"rominagianotti","image":{"@type":"ImageObject","inLanguage":"es","@id":"https:\/\/medicina.udd.cl\/fonoaudiologia-santiago\/#\/schema\/person\/image\/","url":"https:\/\/secure.gravatar.com\/avatar\/106dae79925154d9c4e321db25d50a6deb801d5b80ec313022dbea6ef60814cc?s=96&d=mm&r=g","contentUrl":"https:\/\/secure.gravatar.com\/avatar\/106dae79925154d9c4e321db25d50a6deb801d5b80ec313022dbea6ef60814cc?s=96&d=mm&r=g","caption":"rominagianotti"},"url":"https:\/\/medicina.udd.cl\/fonoaudiologia-santiago\/noticias\/author\/rominagianotti\/"}]}},"featured_image_url":"https:\/\/medicina.udd.cl\/fonoaudiologia-santiago\/files\/2015\/08\/Foto-Fonoaudiolog\u00eda-1.jpg","_links":{"self":[{"href":"https:\/\/medicina.udd.cl\/fonoaudiologia-santiago\/wp-json\/wp\/v2\/posts\/2714","targetHints":{"allow":["GET"]}}],"collection":[{"href":"https:\/\/medicina.udd.cl\/fonoaudiologia-santiago\/wp-json\/wp\/v2\/posts"}],"about":[{"href":"https:\/\/medicina.udd.cl\/fonoaudiologia-santiago\/wp-json\/wp\/v2\/types\/post"}],"author":[{"embeddable":true,"href":"https:\/\/medicina.udd.cl\/fonoaudiologia-santiago\/wp-json\/wp\/v2\/users\/47"}],"replies":[{"embeddable":true,"href":"https:\/\/medicina.udd.cl\/fonoaudiologia-santiago\/wp-json\/wp\/v2\/comments?post=2714"}],"version-history":[{"count":4,"href":"https:\/\/medicina.udd.cl\/fonoaudiologia-santiago\/wp-json\/wp\/v2\/posts\/2714\/revisions"}],"predecessor-version":[{"id":2716,"href":"https:\/\/medicina.udd.cl\/fonoaudiologia-santiago\/wp-json\/wp\/v2\/posts\/2714\/revisions\/2716"}],"wp:featuredmedia":[{"embeddable":true,"href":"https:\/\/medicina.udd.cl\/fonoaudiologia-santiago\/wp-json\/wp\/v2\/media\/2713"}],"wp:attachment":[{"href":"https:\/\/medicina.udd.cl\/fonoaudiologia-santiago\/wp-json\/wp\/v2\/media?parent=2714"}],"wp:term":[{"taxonomy":"category","embeddable":true,"href":"https:\/\/medicina.udd.cl\/fonoaudiologia-santiago\/wp-json\/wp\/v2\/categories?post=2714"},{"taxonomy":"post_tag","embeddable":true,"href":"https:\/\/medicina.udd.cl\/fonoaudiologia-santiago\/wp-json\/wp\/v2\/tags?post=2714"}],"curies":[{"name":"wp","href":"https:\/\/api.w.org\/{rel}","templated":true}]}}