{"id":2726,"date":"2015-09-03T17:07:56","date_gmt":"2015-09-03T20:07:56","guid":{"rendered":"http:\/\/medicina.udd.cl\/fonoaudiologia-santiago\/?p=2726"},"modified":"2015-09-03T17:19:15","modified_gmt":"2015-09-03T20:19:15","slug":"fonoaudiologia-udd-avanzando-en-la-acreditacion","status":"publish","type":"post","link":"https:\/\/medicina.udd.cl\/fonoaudiologia-santiago\/noticias\/2015\/09\/03\/fonoaudiologia-udd-avanzando-en-la-acreditacion\/","title":{"rendered":"Fonoaudiolog\u00eda UDD avanzando en la Acreditaci\u00f3n"},"content":{"rendered":"<p><a href=\"http:\/\/medicina.udd.cl\/fonoaudiologia-santiago\/files\/2015\/09\/Foto-Acreditaci\u00f3n-Fono-2-.jpg\"><img loading=\"lazy\" decoding=\"async\" class=\"size-medium wp-image-2727 alignright\" alt=\"Foto Acreditaci\u00f3n Fono 2\" src=\"http:\/\/medicina.udd.cl\/fonoaudiologia-santiago\/files\/2015\/09\/Foto-Acreditaci\u00f3n-Fono-2--300x194.jpg\" width=\"300\" height=\"194\" \/><\/a>Desde julio del presente a\u00f1o, Fonoaudiolog\u00eda UDD se encuentra trabajando con miras a la acreditaci\u00f3n, proceso que involucra una serie de pasos y tareas en las que han contado con la colaboraci\u00f3n y la participaci\u00f3n de los actores relevantes de la Carrera.<br \/>\nDocentes, alumnos, egresados, colaboradores y empleadores han sido convocados a diferentes reuniones de difusi\u00f3n, tendientes a dar a conocer los objetivos que tiene la Carrera para cumplir exitosamente cada una de las etapas.<\/p>\n<p><strong>\u201cEnfrentamos este proceso con mucha confianza\u201d<\/strong><\/p>\n<p>La Directora de la Carrera en la sede Santiago, Mar\u00eda Ang\u00e9lica L\u00f3pez, ha sido enf\u00e1tica en se\u00f1alar que \u201cenfrentamos este proceso de autoevaluaci\u00f3n para la acreditaci\u00f3n con mucha confianza y en ella se podr\u00e1 expresar el trabajo realizado y la responsabilidad que ha acompa\u00f1ado la formaci\u00f3n de nuestros estudiantes. Las expectativas son altas ya que tanto la Universidad del Desarrollo como las carreras que se han sometido al proceso de acreditaci\u00f3n han logrado buenos resultados\u201d.<br \/>\nPor su parte, Mar\u00eda Cecilia Isla, Directora de la Carrera en Concepci\u00f3n, se mostr\u00f3 confiada en la participaci\u00f3n de cada uno de los estamentos que colaboran con la Carrera y se\u00f1al\u00f3 que \u201cla colaboraci\u00f3n de todos es fundamental en el \u00e9xito de esta tarea, ya que contamos con un grupo de personas, en todos los niveles involucrados, que se caracteriza por asumir con compromiso los desaf\u00edos a los que se enfrenta\u201d.<\/p>\n<p>Ambas directoras coinciden en que \u201cen el caso de los estudiantes, son ellos quienes expresan el modelo educativo en su formaci\u00f3n; en el de los docentes, son los pilares de nuestros alumnos a trav\u00e9s de todas las instancias acad\u00e9micas y de modelaje experiencial de sus futuros colegas; en el de los titulados, ellos son el producto de nuestro trabajo acad\u00e9mico en v\u00edas de cumplir nuestra responsabilidad como formadores de fonoaudi\u00f3logos que cumplan con el rol que espera de ellos la sociedad; en el de los empleadores, ellos pueden constatar que nuestras intenciones en la formaci\u00f3n se plasmen en un profesional integral, capaz de formar parte de diferentes equipos de trabajo, aportando a la calidad de vida de las personas a las que intervienen\u201d.<\/p>\n<p>M\u00e1s informaci\u00f3n sobre Acreditaci\u00f3n <a href=\"http:\/\/medicina.udd.cl\/fonoaudiologia-santiago\/files\/2015\/09\/Informaci\u00f3n-de-acreditaci\u00f3n.pdf\">Aqu\u00ed<\/a><\/p>\n","protected":false},"excerpt":{"rendered":"<p>La carrera inici\u00f3 la autoevaluaci\u00f3n de los procesos internos que regulan el desarrollo acad\u00e9mico y administrativo, confiada en que con la ayuda de la comunidad universitaria culminar\u00e1 la tarea con \u00e9xito.<\/p>\n","protected":false},"author":47,"featured_media":2723,"comment_status":"open","ping_status":"open","sticky":false,"template":"","format":"standard","meta":{"footnotes":""},"categories":[4],"tags":[],"class_list":["post-2726","post","type-post","status-publish","format-standard","has-post-thumbnail","hentry","category-noticias"],"yoast_head":"<!-- This site is optimized with the Yoast SEO plugin v26.9 - https:\/\/yoast.com\/product\/yoast-seo-wordpress\/ -->\n<title>Fonoaudiolog\u00eda UDD avanzando en la Acreditaci\u00f3n<\/title>\n<meta name=\"description\" content=\"Desde julio del presente a\u00f1o, Fonoaudiolog\u00eda UDD se encuentra trabajando con miras a la acreditaci\u00f3n, proceso que involucra una serie de pasos y tareas en las que han contado con la colaboraci\u00f3n y la participaci\u00f3n de los actores relevantes de la Carrera.\" \/>\n<meta name=\"robots\" content=\"index, follow, max-snippet:-1, max-image-preview:large, max-video-preview:-1\" \/>\n<link rel=\"canonical\" href=\"https:\/\/medicina.udd.cl\/fonoaudiologia-santiago\/noticias\/2015\/09\/03\/fonoaudiologia-udd-avanzando-en-la-acreditacion\/\" \/>\n<meta property=\"og:locale\" content=\"es_ES\" \/>\n<meta property=\"og:type\" content=\"article\" \/>\n<meta property=\"og:title\" content=\"Fonoaudiolog\u00eda UDD avanzando en la Acreditaci\u00f3n\" \/>\n<meta property=\"og:description\" content=\"Desde julio del presente a\u00f1o, Fonoaudiolog\u00eda UDD se encuentra trabajando con miras a la acreditaci\u00f3n, proceso que involucra una serie de pasos y tareas en las que han contado con la colaboraci\u00f3n y la participaci\u00f3n de los actores relevantes de la Carrera.\" \/>\n<meta property=\"og:url\" content=\"https:\/\/medicina.udd.cl\/fonoaudiologia-santiago\/noticias\/2015\/09\/03\/fonoaudiologia-udd-avanzando-en-la-acreditacion\/\" \/>\n<meta property=\"og:site_name\" content=\"Fonoaudiolog\u00eda\" \/>\n<meta property=\"article:published_time\" content=\"2015-09-03T20:07:56+00:00\" \/>\n<meta property=\"article:modified_time\" content=\"2015-09-03T20:19:15+00:00\" \/>\n<meta property=\"og:image\" content=\"https:\/\/medicina.udd.cl\/fonoaudiologia-santiago\/files\/2015\/09\/Foto-Acreditaci\u00f3n-Fono.jpg\" \/>\n\t<meta property=\"og:image:width\" content=\"629\" \/>\n\t<meta property=\"og:image:height\" content=\"450\" \/>\n\t<meta property=\"og:image:type\" content=\"image\/jpeg\" \/>\n<meta name=\"author\" content=\"rominagianotti\" \/>\n<meta name=\"twitter:label1\" content=\"Escrito por\" \/>\n\t<meta name=\"twitter:data1\" content=\"rominagianotti\" \/>\n\t<meta name=\"twitter:label2\" content=\"Tiempo de lectura\" \/>\n\t<meta name=\"twitter:data2\" content=\"2 minutos\" \/>\n<script type=\"application\/ld+json\" class=\"yoast-schema-graph\">{\"@context\":\"https:\/\/schema.org\",\"@graph\":[{\"@type\":\"Article\",\"@id\":\"https:\/\/medicina.udd.cl\/fonoaudiologia-santiago\/noticias\/2015\/09\/03\/fonoaudiologia-udd-avanzando-en-la-acreditacion\/#article\",\"isPartOf\":{\"@id\":\"https:\/\/medicina.udd.cl\/fonoaudiologia-santiago\/noticias\/2015\/09\/03\/fonoaudiologia-udd-avanzando-en-la-acreditacion\/\"},\"author\":{\"name\":\"rominagianotti\",\"@id\":\"https:\/\/medicina.udd.cl\/fonoaudiologia-santiago\/#\/schema\/person\/d2a1450d36aff8cda548012f30ae8d47\"},\"headline\":\"Fonoaudiolog\u00eda UDD avanzando en la Acreditaci\u00f3n\",\"datePublished\":\"2015-09-03T20:07:56+00:00\",\"dateModified\":\"2015-09-03T20:19:15+00:00\",\"mainEntityOfPage\":{\"@id\":\"https:\/\/medicina.udd.cl\/fonoaudiologia-santiago\/noticias\/2015\/09\/03\/fonoaudiologia-udd-avanzando-en-la-acreditacion\/\"},\"wordCount\":395,\"commentCount\":0,\"image\":{\"@id\":\"https:\/\/medicina.udd.cl\/fonoaudiologia-santiago\/noticias\/2015\/09\/03\/fonoaudiologia-udd-avanzando-en-la-acreditacion\/#primaryimage\"},\"thumbnailUrl\":\"https:\/\/medicina.udd.cl\/fonoaudiologia-santiago\/files\/2015\/09\/Foto-Acreditaci\u00f3n-Fono.jpg\",\"articleSection\":[\"Noticias\"],\"inLanguage\":\"es\",\"potentialAction\":[{\"@type\":\"CommentAction\",\"name\":\"Comment\",\"target\":[\"https:\/\/medicina.udd.cl\/fonoaudiologia-santiago\/noticias\/2015\/09\/03\/fonoaudiologia-udd-avanzando-en-la-acreditacion\/#respond\"]}]},{\"@type\":\"WebPage\",\"@id\":\"https:\/\/medicina.udd.cl\/fonoaudiologia-santiago\/noticias\/2015\/09\/03\/fonoaudiologia-udd-avanzando-en-la-acreditacion\/\",\"url\":\"https:\/\/medicina.udd.cl\/fonoaudiologia-santiago\/noticias\/2015\/09\/03\/fonoaudiologia-udd-avanzando-en-la-acreditacion\/\",\"name\":\"Fonoaudiolog\u00eda UDD avanzando en la Acreditaci\u00f3n\",\"isPartOf\":{\"@id\":\"https:\/\/medicina.udd.cl\/fonoaudiologia-santiago\/#website\"},\"primaryImageOfPage\":{\"@id\":\"https:\/\/medicina.udd.cl\/fonoaudiologia-santiago\/noticias\/2015\/09\/03\/fonoaudiologia-udd-avanzando-en-la-acreditacion\/#primaryimage\"},\"image\":{\"@id\":\"https:\/\/medicina.udd.cl\/fonoaudiologia-santiago\/noticias\/2015\/09\/03\/fonoaudiologia-udd-avanzando-en-la-acreditacion\/#primaryimage\"},\"thumbnailUrl\":\"https:\/\/medicina.udd.cl\/fonoaudiologia-santiago\/files\/2015\/09\/Foto-Acreditaci\u00f3n-Fono.jpg\",\"datePublished\":\"2015-09-03T20:07:56+00:00\",\"dateModified\":\"2015-09-03T20:19:15+00:00\",\"author\":{\"@id\":\"https:\/\/medicina.udd.cl\/fonoaudiologia-santiago\/#\/schema\/person\/d2a1450d36aff8cda548012f30ae8d47\"},\"description\":\"Desde julio del presente a\u00f1o, Fonoaudiolog\u00eda UDD se encuentra trabajando con miras a la acreditaci\u00f3n, proceso que involucra una serie de pasos y tareas en las que han contado con la colaboraci\u00f3n y la participaci\u00f3n de los actores relevantes de la Carrera.\",\"breadcrumb\":{\"@id\":\"https:\/\/medicina.udd.cl\/fonoaudiologia-santiago\/noticias\/2015\/09\/03\/fonoaudiologia-udd-avanzando-en-la-acreditacion\/#breadcrumb\"},\"inLanguage\":\"es\",\"potentialAction\":[{\"@type\":\"ReadAction\",\"target\":[\"https:\/\/medicina.udd.cl\/fonoaudiologia-santiago\/noticias\/2015\/09\/03\/fonoaudiologia-udd-avanzando-en-la-acreditacion\/\"]}]},{\"@type\":\"ImageObject\",\"inLanguage\":\"es\",\"@id\":\"https:\/\/medicina.udd.cl\/fonoaudiologia-santiago\/noticias\/2015\/09\/03\/fonoaudiologia-udd-avanzando-en-la-acreditacion\/#primaryimage\",\"url\":\"https:\/\/medicina.udd.cl\/fonoaudiologia-santiago\/files\/2015\/09\/Foto-Acreditaci\u00f3n-Fono.jpg\",\"contentUrl\":\"https:\/\/medicina.udd.cl\/fonoaudiologia-santiago\/files\/2015\/09\/Foto-Acreditaci\u00f3n-Fono.jpg\",\"width\":629,\"height\":450},{\"@type\":\"BreadcrumbList\",\"@id\":\"https:\/\/medicina.udd.cl\/fonoaudiologia-santiago\/noticias\/2015\/09\/03\/fonoaudiologia-udd-avanzando-en-la-acreditacion\/#breadcrumb\",\"itemListElement\":[{\"@type\":\"ListItem\",\"position\":1,\"name\":\"Home\",\"item\":\"https:\/\/medicina.udd.cl\/fonoaudiologia-santiago\/\"},{\"@type\":\"ListItem\",\"position\":2,\"name\":\"Fonoaudiolog\u00eda UDD avanzando en la Acreditaci\u00f3n\"}]},{\"@type\":\"WebSite\",\"@id\":\"https:\/\/medicina.udd.cl\/fonoaudiologia-santiago\/#website\",\"url\":\"https:\/\/medicina.udd.cl\/fonoaudiologia-santiago\/\",\"name\":\"Fonoaudiolog\u00eda\",\"description\":\"Facultad de Medicina Cl\u00ednica Alemana Universidad del Desarrollo\",\"inLanguage\":\"es\"},{\"@type\":\"Person\",\"@id\":\"https:\/\/medicina.udd.cl\/fonoaudiologia-santiago\/#\/schema\/person\/d2a1450d36aff8cda548012f30ae8d47\",\"name\":\"rominagianotti\",\"image\":{\"@type\":\"ImageObject\",\"inLanguage\":\"es\",\"@id\":\"https:\/\/medicina.udd.cl\/fonoaudiologia-santiago\/#\/schema\/person\/image\/\",\"url\":\"https:\/\/secure.gravatar.com\/avatar\/106dae79925154d9c4e321db25d50a6deb801d5b80ec313022dbea6ef60814cc?s=96&d=mm&r=g\",\"contentUrl\":\"https:\/\/secure.gravatar.com\/avatar\/106dae79925154d9c4e321db25d50a6deb801d5b80ec313022dbea6ef60814cc?s=96&d=mm&r=g\",\"caption\":\"rominagianotti\"},\"url\":\"https:\/\/medicina.udd.cl\/fonoaudiologia-santiago\/noticias\/author\/rominagianotti\/\"}]}<\/script>\n<!-- \/ Yoast SEO plugin. -->","yoast_head_json":{"title":"Fonoaudiolog\u00eda UDD avanzando en la Acreditaci\u00f3n","description":"Desde julio del presente a\u00f1o, Fonoaudiolog\u00eda UDD se encuentra trabajando con miras a la acreditaci\u00f3n, proceso que involucra una serie de pasos y tareas en las que han contado con la colaboraci\u00f3n y la participaci\u00f3n de los actores relevantes de la Carrera.","robots":{"index":"index","follow":"follow","max-snippet":"max-snippet:-1","max-image-preview":"max-image-preview:large","max-video-preview":"max-video-preview:-1"},"canonical":"https:\/\/medicina.udd.cl\/fonoaudiologia-santiago\/noticias\/2015\/09\/03\/fonoaudiologia-udd-avanzando-en-la-acreditacion\/","og_locale":"es_ES","og_type":"article","og_title":"Fonoaudiolog\u00eda UDD avanzando en la Acreditaci\u00f3n","og_description":"Desde julio del presente a\u00f1o, Fonoaudiolog\u00eda UDD se encuentra trabajando con miras a la acreditaci\u00f3n, proceso que involucra una serie de pasos y tareas en las que han contado con la colaboraci\u00f3n y la participaci\u00f3n de los actores relevantes de la Carrera.","og_url":"https:\/\/medicina.udd.cl\/fonoaudiologia-santiago\/noticias\/2015\/09\/03\/fonoaudiologia-udd-avanzando-en-la-acreditacion\/","og_site_name":"Fonoaudiolog\u00eda","article_published_time":"2015-09-03T20:07:56+00:00","article_modified_time":"2015-09-03T20:19:15+00:00","og_image":[{"width":629,"height":450,"url":"https:\/\/medicina.udd.cl\/fonoaudiologia-santiago\/files\/2015\/09\/Foto-Acreditaci\u00f3n-Fono.jpg","type":"image\/jpeg"}],"author":"rominagianotti","twitter_misc":{"Escrito por":"rominagianotti","Tiempo de lectura":"2 minutos"},"schema":{"@context":"https:\/\/schema.org","@graph":[{"@type":"Article","@id":"https:\/\/medicina.udd.cl\/fonoaudiologia-santiago\/noticias\/2015\/09\/03\/fonoaudiologia-udd-avanzando-en-la-acreditacion\/#article","isPartOf":{"@id":"https:\/\/medicina.udd.cl\/fonoaudiologia-santiago\/noticias\/2015\/09\/03\/fonoaudiologia-udd-avanzando-en-la-acreditacion\/"},"author":{"name":"rominagianotti","@id":"https:\/\/medicina.udd.cl\/fonoaudiologia-santiago\/#\/schema\/person\/d2a1450d36aff8cda548012f30ae8d47"},"headline":"Fonoaudiolog\u00eda UDD avanzando en la Acreditaci\u00f3n","datePublished":"2015-09-03T20:07:56+00:00","dateModified":"2015-09-03T20:19:15+00:00","mainEntityOfPage":{"@id":"https:\/\/medicina.udd.cl\/fonoaudiologia-santiago\/noticias\/2015\/09\/03\/fonoaudiologia-udd-avanzando-en-la-acreditacion\/"},"wordCount":395,"commentCount":0,"image":{"@id":"https:\/\/medicina.udd.cl\/fonoaudiologia-santiago\/noticias\/2015\/09\/03\/fonoaudiologia-udd-avanzando-en-la-acreditacion\/#primaryimage"},"thumbnailUrl":"https:\/\/medicina.udd.cl\/fonoaudiologia-santiago\/files\/2015\/09\/Foto-Acreditaci\u00f3n-Fono.jpg","articleSection":["Noticias"],"inLanguage":"es","potentialAction":[{"@type":"CommentAction","name":"Comment","target":["https:\/\/medicina.udd.cl\/fonoaudiologia-santiago\/noticias\/2015\/09\/03\/fonoaudiologia-udd-avanzando-en-la-acreditacion\/#respond"]}]},{"@type":"WebPage","@id":"https:\/\/medicina.udd.cl\/fonoaudiologia-santiago\/noticias\/2015\/09\/03\/fonoaudiologia-udd-avanzando-en-la-acreditacion\/","url":"https:\/\/medicina.udd.cl\/fonoaudiologia-santiago\/noticias\/2015\/09\/03\/fonoaudiologia-udd-avanzando-en-la-acreditacion\/","name":"Fonoaudiolog\u00eda UDD avanzando en la Acreditaci\u00f3n","isPartOf":{"@id":"https:\/\/medicina.udd.cl\/fonoaudiologia-santiago\/#website"},"primaryImageOfPage":{"@id":"https:\/\/medicina.udd.cl\/fonoaudiologia-santiago\/noticias\/2015\/09\/03\/fonoaudiologia-udd-avanzando-en-la-acreditacion\/#primaryimage"},"image":{"@id":"https:\/\/medicina.udd.cl\/fonoaudiologia-santiago\/noticias\/2015\/09\/03\/fonoaudiologia-udd-avanzando-en-la-acreditacion\/#primaryimage"},"thumbnailUrl":"https:\/\/medicina.udd.cl\/fonoaudiologia-santiago\/files\/2015\/09\/Foto-Acreditaci\u00f3n-Fono.jpg","datePublished":"2015-09-03T20:07:56+00:00","dateModified":"2015-09-03T20:19:15+00:00","author":{"@id":"https:\/\/medicina.udd.cl\/fonoaudiologia-santiago\/#\/schema\/person\/d2a1450d36aff8cda548012f30ae8d47"},"description":"Desde julio del presente a\u00f1o, Fonoaudiolog\u00eda UDD se encuentra trabajando con miras a la acreditaci\u00f3n, proceso que involucra una serie de pasos y tareas en las que han contado con la colaboraci\u00f3n y la participaci\u00f3n de los actores relevantes de la Carrera.","breadcrumb":{"@id":"https:\/\/medicina.udd.cl\/fonoaudiologia-santiago\/noticias\/2015\/09\/03\/fonoaudiologia-udd-avanzando-en-la-acreditacion\/#breadcrumb"},"inLanguage":"es","potentialAction":[{"@type":"ReadAction","target":["https:\/\/medicina.udd.cl\/fonoaudiologia-santiago\/noticias\/2015\/09\/03\/fonoaudiologia-udd-avanzando-en-la-acreditacion\/"]}]},{"@type":"ImageObject","inLanguage":"es","@id":"https:\/\/medicina.udd.cl\/fonoaudiologia-santiago\/noticias\/2015\/09\/03\/fonoaudiologia-udd-avanzando-en-la-acreditacion\/#primaryimage","url":"https:\/\/medicina.udd.cl\/fonoaudiologia-santiago\/files\/2015\/09\/Foto-Acreditaci\u00f3n-Fono.jpg","contentUrl":"https:\/\/medicina.udd.cl\/fonoaudiologia-santiago\/files\/2015\/09\/Foto-Acreditaci\u00f3n-Fono.jpg","width":629,"height":450},{"@type":"BreadcrumbList","@id":"https:\/\/medicina.udd.cl\/fonoaudiologia-santiago\/noticias\/2015\/09\/03\/fonoaudiologia-udd-avanzando-en-la-acreditacion\/#breadcrumb","itemListElement":[{"@type":"ListItem","position":1,"name":"Home","item":"https:\/\/medicina.udd.cl\/fonoaudiologia-santiago\/"},{"@type":"ListItem","position":2,"name":"Fonoaudiolog\u00eda UDD avanzando en la Acreditaci\u00f3n"}]},{"@type":"WebSite","@id":"https:\/\/medicina.udd.cl\/fonoaudiologia-santiago\/#website","url":"https:\/\/medicina.udd.cl\/fonoaudiologia-santiago\/","name":"Fonoaudiolog\u00eda","description":"Facultad de Medicina Cl\u00ednica Alemana Universidad del Desarrollo","inLanguage":"es"},{"@type":"Person","@id":"https:\/\/medicina.udd.cl\/fonoaudiologia-santiago\/#\/schema\/person\/d2a1450d36aff8cda548012f30ae8d47","name":"rominagianotti","image":{"@type":"ImageObject","inLanguage":"es","@id":"https:\/\/medicina.udd.cl\/fonoaudiologia-santiago\/#\/schema\/person\/image\/","url":"https:\/\/secure.gravatar.com\/avatar\/106dae79925154d9c4e321db25d50a6deb801d5b80ec313022dbea6ef60814cc?s=96&d=mm&r=g","contentUrl":"https:\/\/secure.gravatar.com\/avatar\/106dae79925154d9c4e321db25d50a6deb801d5b80ec313022dbea6ef60814cc?s=96&d=mm&r=g","caption":"rominagianotti"},"url":"https:\/\/medicina.udd.cl\/fonoaudiologia-santiago\/noticias\/author\/rominagianotti\/"}]}},"featured_image_url":"https:\/\/medicina.udd.cl\/fonoaudiologia-santiago\/files\/2015\/09\/Foto-Acreditaci\u00f3n-Fono.jpg","_links":{"self":[{"href":"https:\/\/medicina.udd.cl\/fonoaudiologia-santiago\/wp-json\/wp\/v2\/posts\/2726","targetHints":{"allow":["GET"]}}],"collection":[{"href":"https:\/\/medicina.udd.cl\/fonoaudiologia-santiago\/wp-json\/wp\/v2\/posts"}],"about":[{"href":"https:\/\/medicina.udd.cl\/fonoaudiologia-santiago\/wp-json\/wp\/v2\/types\/post"}],"author":[{"embeddable":true,"href":"https:\/\/medicina.udd.cl\/fonoaudiologia-santiago\/wp-json\/wp\/v2\/users\/47"}],"replies":[{"embeddable":true,"href":"https:\/\/medicina.udd.cl\/fonoaudiologia-santiago\/wp-json\/wp\/v2\/comments?post=2726"}],"version-history":[{"count":4,"href":"https:\/\/medicina.udd.cl\/fonoaudiologia-santiago\/wp-json\/wp\/v2\/posts\/2726\/revisions"}],"predecessor-version":[{"id":2729,"href":"https:\/\/medicina.udd.cl\/fonoaudiologia-santiago\/wp-json\/wp\/v2\/posts\/2726\/revisions\/2729"}],"wp:featuredmedia":[{"embeddable":true,"href":"https:\/\/medicina.udd.cl\/fonoaudiologia-santiago\/wp-json\/wp\/v2\/media\/2723"}],"wp:attachment":[{"href":"https:\/\/medicina.udd.cl\/fonoaudiologia-santiago\/wp-json\/wp\/v2\/media?parent=2726"}],"wp:term":[{"taxonomy":"category","embeddable":true,"href":"https:\/\/medicina.udd.cl\/fonoaudiologia-santiago\/wp-json\/wp\/v2\/categories?post=2726"},{"taxonomy":"post_tag","embeddable":true,"href":"https:\/\/medicina.udd.cl\/fonoaudiologia-santiago\/wp-json\/wp\/v2\/tags?post=2726"}],"curies":[{"name":"wp","href":"https:\/\/api.w.org\/{rel}","templated":true}]}}