{"id":2798,"date":"2015-09-23T15:55:20","date_gmt":"2015-09-23T18:55:20","guid":{"rendered":"http:\/\/medicina.udd.cl\/fonoaudiologia-santiago\/?p=2798"},"modified":"2015-10-20T08:58:21","modified_gmt":"2015-10-20T11:58:21","slug":"cristian-mateo-un-fonoaudiologo-en-tierras-brazucas","status":"publish","type":"post","link":"https:\/\/medicina.udd.cl\/fonoaudiologia-santiago\/noticias\/2015\/09\/23\/cristian-mateo-un-fonoaudiologo-en-tierras-brazucas\/","title":{"rendered":"Cristian Mateo: un fonoaudi\u00f3logo en tierras brazucas"},"content":{"rendered":"<figure id=\"attachment_2799\" aria-describedby=\"caption-attachment-2799\" style=\"width: 270px\" class=\"wp-caption alignright\"><a href=\"http:\/\/medicina.udd.cl\/fonoaudiologia-santiago\/files\/2015\/09\/Con-Francisco-Pletsh-presidente-del-Consejo-de-Fonoaudi\u00f3logos-del-Estado-de-Parana-y-Santa-Catarina.jpg\"><img loading=\"lazy\" decoding=\"async\" class=\" wp-image-2799  \" alt=\"Con Francisco Pletsh, presidente del Consejo de Fonoaudi\u00f3logos del Estado de Parana y Santa Catarina\" src=\"http:\/\/medicina.udd.cl\/fonoaudiologia-santiago\/files\/2015\/09\/Con-Francisco-Pletsh-presidente-del-Consejo-de-Fonoaudi\u00f3logos-del-Estado-de-Parana-y-Santa-Catarina-300x225.jpg\" width=\"270\" height=\"203\" srcset=\"https:\/\/medicina.udd.cl\/fonoaudiologia-santiago\/files\/2015\/09\/Con-Francisco-Pletsh-presidente-del-Consejo-de-Fonoaudi\u00f3logos-del-Estado-de-Parana-y-Santa-Catarina-300x225.jpg 300w, https:\/\/medicina.udd.cl\/fonoaudiologia-santiago\/files\/2015\/09\/Con-Francisco-Pletsh-presidente-del-Consejo-de-Fonoaudi\u00f3logos-del-Estado-de-Parana-y-Santa-Catarina-768x577.jpg 768w, https:\/\/medicina.udd.cl\/fonoaudiologia-santiago\/files\/2015\/09\/Con-Francisco-Pletsh-presidente-del-Consejo-de-Fonoaudi\u00f3logos-del-Estado-de-Parana-y-Santa-Catarina.jpg 903w\" sizes=\"auto, (max-width: 270px) 100vw, 270px\" \/><\/a><figcaption id=\"caption-attachment-2799\" class=\"wp-caption-text\">Con Francisco Pletsh, presidente del Consejo de Fonoaudi\u00f3logos del Estado de Parana y Santa Catarina.<\/figcaption><\/figure>\n<p style=\"text-align: justify;\">Cristian Mateo (25) estudi\u00f3 Fonoaudiolog\u00eda en la Universidad del Desarrollo y lleva un a\u00f1o y tres meses viviendo en Brasil. Si bien su viaje comenz\u00f3 siendo recreativo, estando all\u00e1 tom\u00f3 contacto con especialistas locales que le cambiaron el rumbo.<\/p>\n<p style=\"text-align: justify;\">A la fecha, ha realizado tres \u201cestagios\u201d (pasant\u00edas): un mes en el Hospital de Polic\u00eda Militar, un mes en la Cl\u00ednica de Voz y una semana en el Hospital Santa Casa; y hoy est\u00e1 a punto de comenzar un mag\u00edster en \u00abCiencias de la rehabilitaci\u00f3n\u00bb\u00a0en la Universidad de Sao Paulo.<\/p>\n<p style=\"text-align: justify;\">Se trata de un programa especial para extranjeros, donde se condensan las horas de teor\u00eda y hospital para cumplir con el plan de estudio sin extender su visa, por lo que s\u00f3lo deber\u00eda volver a Brasil a defender su tesis.<\/p>\n<p style=\"text-align: justify;\">\u201cEn lo personal, me siento fuerte en tratamiento de adultos, tanto en degluci\u00f3n como en lenguaje y habla. Adem\u00e1s, el a\u00f1o extra que dura la carrera en Chile nos entrega m\u00e1s pr\u00e1ctica en comparaci\u00f3n con fonoaudi\u00f3logos titulados en Brasil, que s\u00f3lo despu\u00e9s de egresar entran a residencias, sistemas de bolsas (becas) o internados\u201d, se\u00f1al\u00f3.<\/p>\n<p style=\"text-align: justify;\">Adem\u00e1s de los tr\u00e1mites de documentaci\u00f3n respectiva, entre los requisitos para cursar el mag\u00edster est\u00e1 el incorporarse a una pesquisa (proyecto). Para ello Cristian trabajar\u00e1 en un software de terapia para pacientes af\u00e1sicos, que sufren trastornos del lenguaje por lesiones o da\u00f1os cerebrales. Su tarea ser\u00e1 adaptarlo a espa\u00f1ol chileno, incorporando el acento y modismos para reinsertar al paciente a su contexto local, tal como sus compa\u00f1eros lo llevar\u00e1n a Portugal, Egipto y otros dos pa\u00edses aparte de Brasil.<\/p>\n<figure id=\"attachment_2800\" aria-describedby=\"caption-attachment-2800\" style=\"width: 194px\" class=\"wp-caption alignleft\"><a href=\"http:\/\/medicina.udd.cl\/fonoaudiologia-santiago\/files\/2015\/09\/En-el-Hospital-de-Polic\u00eda-Militar.jpg\"><img loading=\"lazy\" decoding=\"async\" class=\" wp-image-2800   \" alt=\"En el Hospital de Polic\u00eda Militar\" src=\"http:\/\/medicina.udd.cl\/fonoaudiologia-santiago\/files\/2015\/09\/En-el-Hospital-de-Polic\u00eda-Militar-300x225.jpg\" width=\"194\" height=\"146\" srcset=\"https:\/\/medicina.udd.cl\/fonoaudiologia-santiago\/files\/2015\/09\/En-el-Hospital-de-Polic\u00eda-Militar-300x225.jpg 300w, https:\/\/medicina.udd.cl\/fonoaudiologia-santiago\/files\/2015\/09\/En-el-Hospital-de-Polic\u00eda-Militar-768x576.jpg 768w, https:\/\/medicina.udd.cl\/fonoaudiologia-santiago\/files\/2015\/09\/En-el-Hospital-de-Polic\u00eda-Militar.jpg 960w\" sizes=\"auto, (max-width: 194px) 100vw, 194px\" \/><\/a><figcaption id=\"caption-attachment-2800\" class=\"wp-caption-text\">En el Hospital de Polic\u00eda Militar<\/figcaption><\/figure>\n<p style=\"text-align: justify;\">\u201cSi\u00a0bien es imposible sustituir la labor del fonoaudi\u00f3logo, \u00e9ste pretende acelerar los procesos de mejor\u00eda al incrementar las horas de tratamiento. As\u00ed, por ejemplo, un paciente que tuvo un accidente cerebro vascular podr\u00eda sumar 100 horas de terapia en su casa a las 20 horas de trabajo que realiza con un profesional\u201d, comenta Mateo.<\/p>\n<p style=\"text-align: justify;\">Su desaf\u00edo no s\u00f3lo es ayudar a personas con alguna secuela del lenguaje, sino tambi\u00e9n demostrar emp\u00edricamente la efectividad del programa con pacientes atendidos por alumnos de la Universidad del Desarrollo y fonoaudi\u00f3logos de la Cl\u00ednica Alemana.<\/p>\n","protected":false},"excerpt":{"rendered":"<p>Durante su \u00faltimo viaje a Chile, conversamos con el fonoaudi\u00f3logo Cristian Mateo quien, gracias a un innovador software, pretende acelerar los procesos de mejor\u00eda de pacientes af\u00e1sicos, tanto de Chile como de otras partes del mundo.<\/p>\n","protected":false},"author":42,"featured_media":2800,"comment_status":"open","ping_status":"open","sticky":false,"template":"","format":"standard","meta":{"footnotes":""},"categories":[4],"tags":[],"class_list":["post-2798","post","type-post","status-publish","format-standard","has-post-thumbnail","hentry","category-noticias"],"yoast_head":"<!-- This site is optimized with the Yoast SEO plugin v26.9 - https:\/\/yoast.com\/product\/yoast-seo-wordpress\/ -->\n<title>Cristian Mateo: un fonoaudi\u00f3logo en tierras brazucas | UDD<\/title>\n<meta name=\"description\" content=\"Durante su \u00faltimo viaje a Chile, conversamos con el fonoaudi\u00f3logo Cristian Mateo quien, gracias a un innovador software, pretende acelerar los procesos de mejor\u00eda de pacientes af\u00e1sicos, tanto de Chile como de otras partes del mundo.\" \/>\n<meta name=\"robots\" content=\"index, follow, max-snippet:-1, max-image-preview:large, max-video-preview:-1\" \/>\n<link rel=\"canonical\" href=\"https:\/\/medicina.udd.cl\/fonoaudiologia-santiago\/noticias\/2015\/09\/23\/cristian-mateo-un-fonoaudiologo-en-tierras-brazucas\/\" \/>\n<meta property=\"og:locale\" content=\"es_ES\" \/>\n<meta property=\"og:type\" content=\"article\" \/>\n<meta property=\"og:title\" content=\"Cristian Mateo: un fonoaudi\u00f3logo en tierras brazucas | UDD\" \/>\n<meta property=\"og:description\" content=\"Durante su \u00faltimo viaje a Chile, conversamos con el fonoaudi\u00f3logo Cristian Mateo quien, gracias a un innovador software, pretende acelerar los procesos de mejor\u00eda de pacientes af\u00e1sicos, tanto de Chile como de otras partes del mundo.\" \/>\n<meta property=\"og:url\" content=\"https:\/\/medicina.udd.cl\/fonoaudiologia-santiago\/noticias\/2015\/09\/23\/cristian-mateo-un-fonoaudiologo-en-tierras-brazucas\/\" \/>\n<meta property=\"og:site_name\" content=\"Fonoaudiolog\u00eda\" \/>\n<meta property=\"article:published_time\" content=\"2015-09-23T18:55:20+00:00\" \/>\n<meta property=\"article:modified_time\" content=\"2015-10-20T11:58:21+00:00\" \/>\n<meta property=\"og:image\" content=\"https:\/\/medicina.udd.cl\/fonoaudiologia-santiago\/files\/2015\/09\/En-el-Hospital-de-Polic\u00eda-Militar.jpg\" \/>\n\t<meta property=\"og:image:width\" content=\"960\" \/>\n\t<meta property=\"og:image:height\" content=\"720\" \/>\n\t<meta property=\"og:image:type\" content=\"image\/jpeg\" \/>\n<meta name=\"twitter:label1\" content=\"Escrito por\" \/>\n\t<meta name=\"twitter:data1\" content=\"\" \/>\n\t<meta name=\"twitter:label2\" content=\"Tiempo de lectura\" \/>\n\t<meta name=\"twitter:data2\" content=\"2 minutos\" \/>\n<script type=\"application\/ld+json\" class=\"yoast-schema-graph\">{\"@context\":\"https:\/\/schema.org\",\"@graph\":[{\"@type\":\"Article\",\"@id\":\"https:\/\/medicina.udd.cl\/fonoaudiologia-santiago\/noticias\/2015\/09\/23\/cristian-mateo-un-fonoaudiologo-en-tierras-brazucas\/#article\",\"isPartOf\":{\"@id\":\"https:\/\/medicina.udd.cl\/fonoaudiologia-santiago\/noticias\/2015\/09\/23\/cristian-mateo-un-fonoaudiologo-en-tierras-brazucas\/\"},\"author\":{\"name\":\"\",\"@id\":\"\"},\"headline\":\"Cristian Mateo: un fonoaudi\u00f3logo en tierras brazucas\",\"datePublished\":\"2015-09-23T18:55:20+00:00\",\"dateModified\":\"2015-10-20T11:58:21+00:00\",\"mainEntityOfPage\":{\"@id\":\"https:\/\/medicina.udd.cl\/fonoaudiologia-santiago\/noticias\/2015\/09\/23\/cristian-mateo-un-fonoaudiologo-en-tierras-brazucas\/\"},\"wordCount\":436,\"commentCount\":0,\"image\":{\"@id\":\"https:\/\/medicina.udd.cl\/fonoaudiologia-santiago\/noticias\/2015\/09\/23\/cristian-mateo-un-fonoaudiologo-en-tierras-brazucas\/#primaryimage\"},\"thumbnailUrl\":\"https:\/\/medicina.udd.cl\/fonoaudiologia-santiago\/files\/2015\/09\/En-el-Hospital-de-Polic\u00eda-Militar.jpg\",\"articleSection\":[\"Noticias\"],\"inLanguage\":\"es\",\"potentialAction\":[{\"@type\":\"CommentAction\",\"name\":\"Comment\",\"target\":[\"https:\/\/medicina.udd.cl\/fonoaudiologia-santiago\/noticias\/2015\/09\/23\/cristian-mateo-un-fonoaudiologo-en-tierras-brazucas\/#respond\"]}]},{\"@type\":\"WebPage\",\"@id\":\"https:\/\/medicina.udd.cl\/fonoaudiologia-santiago\/noticias\/2015\/09\/23\/cristian-mateo-un-fonoaudiologo-en-tierras-brazucas\/\",\"url\":\"https:\/\/medicina.udd.cl\/fonoaudiologia-santiago\/noticias\/2015\/09\/23\/cristian-mateo-un-fonoaudiologo-en-tierras-brazucas\/\",\"name\":\"Cristian Mateo: un fonoaudi\u00f3logo en tierras brazucas | UDD\",\"isPartOf\":{\"@id\":\"https:\/\/medicina.udd.cl\/fonoaudiologia-santiago\/#website\"},\"primaryImageOfPage\":{\"@id\":\"https:\/\/medicina.udd.cl\/fonoaudiologia-santiago\/noticias\/2015\/09\/23\/cristian-mateo-un-fonoaudiologo-en-tierras-brazucas\/#primaryimage\"},\"image\":{\"@id\":\"https:\/\/medicina.udd.cl\/fonoaudiologia-santiago\/noticias\/2015\/09\/23\/cristian-mateo-un-fonoaudiologo-en-tierras-brazucas\/#primaryimage\"},\"thumbnailUrl\":\"https:\/\/medicina.udd.cl\/fonoaudiologia-santiago\/files\/2015\/09\/En-el-Hospital-de-Polic\u00eda-Militar.jpg\",\"datePublished\":\"2015-09-23T18:55:20+00:00\",\"dateModified\":\"2015-10-20T11:58:21+00:00\",\"author\":{\"@id\":\"\"},\"description\":\"Durante su \u00faltimo viaje a Chile, conversamos con el fonoaudi\u00f3logo Cristian Mateo quien, gracias a un innovador software, pretende acelerar los procesos de mejor\u00eda de pacientes af\u00e1sicos, tanto de Chile como de otras partes del mundo.\",\"breadcrumb\":{\"@id\":\"https:\/\/medicina.udd.cl\/fonoaudiologia-santiago\/noticias\/2015\/09\/23\/cristian-mateo-un-fonoaudiologo-en-tierras-brazucas\/#breadcrumb\"},\"inLanguage\":\"es\",\"potentialAction\":[{\"@type\":\"ReadAction\",\"target\":[\"https:\/\/medicina.udd.cl\/fonoaudiologia-santiago\/noticias\/2015\/09\/23\/cristian-mateo-un-fonoaudiologo-en-tierras-brazucas\/\"]}]},{\"@type\":\"ImageObject\",\"inLanguage\":\"es\",\"@id\":\"https:\/\/medicina.udd.cl\/fonoaudiologia-santiago\/noticias\/2015\/09\/23\/cristian-mateo-un-fonoaudiologo-en-tierras-brazucas\/#primaryimage\",\"url\":\"https:\/\/medicina.udd.cl\/fonoaudiologia-santiago\/files\/2015\/09\/En-el-Hospital-de-Polic\u00eda-Militar.jpg\",\"contentUrl\":\"https:\/\/medicina.udd.cl\/fonoaudiologia-santiago\/files\/2015\/09\/En-el-Hospital-de-Polic\u00eda-Militar.jpg\",\"width\":960,\"height\":720},{\"@type\":\"BreadcrumbList\",\"@id\":\"https:\/\/medicina.udd.cl\/fonoaudiologia-santiago\/noticias\/2015\/09\/23\/cristian-mateo-un-fonoaudiologo-en-tierras-brazucas\/#breadcrumb\",\"itemListElement\":[{\"@type\":\"ListItem\",\"position\":1,\"name\":\"Home\",\"item\":\"https:\/\/medicina.udd.cl\/fonoaudiologia-santiago\/\"},{\"@type\":\"ListItem\",\"position\":2,\"name\":\"Cristian Mateo: un fonoaudi\u00f3logo en tierras brazucas\"}]},{\"@type\":\"WebSite\",\"@id\":\"https:\/\/medicina.udd.cl\/fonoaudiologia-santiago\/#website\",\"url\":\"https:\/\/medicina.udd.cl\/fonoaudiologia-santiago\/\",\"name\":\"Fonoaudiolog\u00eda\",\"description\":\"Facultad de Medicina Cl\u00ednica Alemana Universidad del Desarrollo\",\"inLanguage\":\"es\"},{\"@type\":\"Person\",\"@id\":\"\",\"url\":\"https:\/\/medicina.udd.cl\/fonoaudiologia-santiago\/noticias\/author\/\"}]}<\/script>\n<!-- \/ Yoast SEO plugin. -->","yoast_head_json":{"title":"Cristian Mateo: un fonoaudi\u00f3logo en tierras brazucas | UDD","description":"Durante su \u00faltimo viaje a Chile, conversamos con el fonoaudi\u00f3logo Cristian Mateo quien, gracias a un innovador software, pretende acelerar los procesos de mejor\u00eda de pacientes af\u00e1sicos, tanto de Chile como de otras partes del mundo.","robots":{"index":"index","follow":"follow","max-snippet":"max-snippet:-1","max-image-preview":"max-image-preview:large","max-video-preview":"max-video-preview:-1"},"canonical":"https:\/\/medicina.udd.cl\/fonoaudiologia-santiago\/noticias\/2015\/09\/23\/cristian-mateo-un-fonoaudiologo-en-tierras-brazucas\/","og_locale":"es_ES","og_type":"article","og_title":"Cristian Mateo: un fonoaudi\u00f3logo en tierras brazucas | UDD","og_description":"Durante su \u00faltimo viaje a Chile, conversamos con el fonoaudi\u00f3logo Cristian Mateo quien, gracias a un innovador software, pretende acelerar los procesos de mejor\u00eda de pacientes af\u00e1sicos, tanto de Chile como de otras partes del mundo.","og_url":"https:\/\/medicina.udd.cl\/fonoaudiologia-santiago\/noticias\/2015\/09\/23\/cristian-mateo-un-fonoaudiologo-en-tierras-brazucas\/","og_site_name":"Fonoaudiolog\u00eda","article_published_time":"2015-09-23T18:55:20+00:00","article_modified_time":"2015-10-20T11:58:21+00:00","og_image":[{"width":960,"height":720,"url":"https:\/\/medicina.udd.cl\/fonoaudiologia-santiago\/files\/2015\/09\/En-el-Hospital-de-Polic\u00eda-Militar.jpg","type":"image\/jpeg"}],"twitter_misc":{"Escrito por":"","Tiempo de lectura":"2 minutos"},"schema":{"@context":"https:\/\/schema.org","@graph":[{"@type":"Article","@id":"https:\/\/medicina.udd.cl\/fonoaudiologia-santiago\/noticias\/2015\/09\/23\/cristian-mateo-un-fonoaudiologo-en-tierras-brazucas\/#article","isPartOf":{"@id":"https:\/\/medicina.udd.cl\/fonoaudiologia-santiago\/noticias\/2015\/09\/23\/cristian-mateo-un-fonoaudiologo-en-tierras-brazucas\/"},"author":{"name":"","@id":""},"headline":"Cristian Mateo: un fonoaudi\u00f3logo en tierras brazucas","datePublished":"2015-09-23T18:55:20+00:00","dateModified":"2015-10-20T11:58:21+00:00","mainEntityOfPage":{"@id":"https:\/\/medicina.udd.cl\/fonoaudiologia-santiago\/noticias\/2015\/09\/23\/cristian-mateo-un-fonoaudiologo-en-tierras-brazucas\/"},"wordCount":436,"commentCount":0,"image":{"@id":"https:\/\/medicina.udd.cl\/fonoaudiologia-santiago\/noticias\/2015\/09\/23\/cristian-mateo-un-fonoaudiologo-en-tierras-brazucas\/#primaryimage"},"thumbnailUrl":"https:\/\/medicina.udd.cl\/fonoaudiologia-santiago\/files\/2015\/09\/En-el-Hospital-de-Polic\u00eda-Militar.jpg","articleSection":["Noticias"],"inLanguage":"es","potentialAction":[{"@type":"CommentAction","name":"Comment","target":["https:\/\/medicina.udd.cl\/fonoaudiologia-santiago\/noticias\/2015\/09\/23\/cristian-mateo-un-fonoaudiologo-en-tierras-brazucas\/#respond"]}]},{"@type":"WebPage","@id":"https:\/\/medicina.udd.cl\/fonoaudiologia-santiago\/noticias\/2015\/09\/23\/cristian-mateo-un-fonoaudiologo-en-tierras-brazucas\/","url":"https:\/\/medicina.udd.cl\/fonoaudiologia-santiago\/noticias\/2015\/09\/23\/cristian-mateo-un-fonoaudiologo-en-tierras-brazucas\/","name":"Cristian Mateo: un fonoaudi\u00f3logo en tierras brazucas | UDD","isPartOf":{"@id":"https:\/\/medicina.udd.cl\/fonoaudiologia-santiago\/#website"},"primaryImageOfPage":{"@id":"https:\/\/medicina.udd.cl\/fonoaudiologia-santiago\/noticias\/2015\/09\/23\/cristian-mateo-un-fonoaudiologo-en-tierras-brazucas\/#primaryimage"},"image":{"@id":"https:\/\/medicina.udd.cl\/fonoaudiologia-santiago\/noticias\/2015\/09\/23\/cristian-mateo-un-fonoaudiologo-en-tierras-brazucas\/#primaryimage"},"thumbnailUrl":"https:\/\/medicina.udd.cl\/fonoaudiologia-santiago\/files\/2015\/09\/En-el-Hospital-de-Polic\u00eda-Militar.jpg","datePublished":"2015-09-23T18:55:20+00:00","dateModified":"2015-10-20T11:58:21+00:00","author":{"@id":""},"description":"Durante su \u00faltimo viaje a Chile, conversamos con el fonoaudi\u00f3logo Cristian Mateo quien, gracias a un innovador software, pretende acelerar los procesos de mejor\u00eda de pacientes af\u00e1sicos, tanto de Chile como de otras partes del mundo.","breadcrumb":{"@id":"https:\/\/medicina.udd.cl\/fonoaudiologia-santiago\/noticias\/2015\/09\/23\/cristian-mateo-un-fonoaudiologo-en-tierras-brazucas\/#breadcrumb"},"inLanguage":"es","potentialAction":[{"@type":"ReadAction","target":["https:\/\/medicina.udd.cl\/fonoaudiologia-santiago\/noticias\/2015\/09\/23\/cristian-mateo-un-fonoaudiologo-en-tierras-brazucas\/"]}]},{"@type":"ImageObject","inLanguage":"es","@id":"https:\/\/medicina.udd.cl\/fonoaudiologia-santiago\/noticias\/2015\/09\/23\/cristian-mateo-un-fonoaudiologo-en-tierras-brazucas\/#primaryimage","url":"https:\/\/medicina.udd.cl\/fonoaudiologia-santiago\/files\/2015\/09\/En-el-Hospital-de-Polic\u00eda-Militar.jpg","contentUrl":"https:\/\/medicina.udd.cl\/fonoaudiologia-santiago\/files\/2015\/09\/En-el-Hospital-de-Polic\u00eda-Militar.jpg","width":960,"height":720},{"@type":"BreadcrumbList","@id":"https:\/\/medicina.udd.cl\/fonoaudiologia-santiago\/noticias\/2015\/09\/23\/cristian-mateo-un-fonoaudiologo-en-tierras-brazucas\/#breadcrumb","itemListElement":[{"@type":"ListItem","position":1,"name":"Home","item":"https:\/\/medicina.udd.cl\/fonoaudiologia-santiago\/"},{"@type":"ListItem","position":2,"name":"Cristian Mateo: un fonoaudi\u00f3logo en tierras brazucas"}]},{"@type":"WebSite","@id":"https:\/\/medicina.udd.cl\/fonoaudiologia-santiago\/#website","url":"https:\/\/medicina.udd.cl\/fonoaudiologia-santiago\/","name":"Fonoaudiolog\u00eda","description":"Facultad de Medicina Cl\u00ednica Alemana Universidad del Desarrollo","inLanguage":"es"},{"@type":"Person","@id":"","url":"https:\/\/medicina.udd.cl\/fonoaudiologia-santiago\/noticias\/author\/"}]}},"featured_image_url":"https:\/\/medicina.udd.cl\/fonoaudiologia-santiago\/files\/2015\/09\/En-el-Hospital-de-Polic\u00eda-Militar.jpg","_links":{"self":[{"href":"https:\/\/medicina.udd.cl\/fonoaudiologia-santiago\/wp-json\/wp\/v2\/posts\/2798","targetHints":{"allow":["GET"]}}],"collection":[{"href":"https:\/\/medicina.udd.cl\/fonoaudiologia-santiago\/wp-json\/wp\/v2\/posts"}],"about":[{"href":"https:\/\/medicina.udd.cl\/fonoaudiologia-santiago\/wp-json\/wp\/v2\/types\/post"}],"author":[{"embeddable":true,"href":"https:\/\/medicina.udd.cl\/fonoaudiologia-santiago\/wp-json\/wp\/v2\/users\/42"}],"replies":[{"embeddable":true,"href":"https:\/\/medicina.udd.cl\/fonoaudiologia-santiago\/wp-json\/wp\/v2\/comments?post=2798"}],"version-history":[{"count":20,"href":"https:\/\/medicina.udd.cl\/fonoaudiologia-santiago\/wp-json\/wp\/v2\/posts\/2798\/revisions"}],"predecessor-version":[{"id":2898,"href":"https:\/\/medicina.udd.cl\/fonoaudiologia-santiago\/wp-json\/wp\/v2\/posts\/2798\/revisions\/2898"}],"wp:featuredmedia":[{"embeddable":true,"href":"https:\/\/medicina.udd.cl\/fonoaudiologia-santiago\/wp-json\/wp\/v2\/media\/2800"}],"wp:attachment":[{"href":"https:\/\/medicina.udd.cl\/fonoaudiologia-santiago\/wp-json\/wp\/v2\/media?parent=2798"}],"wp:term":[{"taxonomy":"category","embeddable":true,"href":"https:\/\/medicina.udd.cl\/fonoaudiologia-santiago\/wp-json\/wp\/v2\/categories?post=2798"},{"taxonomy":"post_tag","embeddable":true,"href":"https:\/\/medicina.udd.cl\/fonoaudiologia-santiago\/wp-json\/wp\/v2\/tags?post=2798"}],"curies":[{"name":"wp","href":"https:\/\/api.w.org\/{rel}","templated":true}]}}