{"id":2824,"date":"2015-09-24T11:34:12","date_gmt":"2015-09-24T14:34:12","guid":{"rendered":"http:\/\/medicina.udd.cl\/fonoaudiologia-santiago\/?p=2824"},"modified":"2015-09-24T15:08:07","modified_gmt":"2015-09-24T18:08:07","slug":"se-realizara-charla-sobre-el-rol-del-fonoaudiologo-en-las-apneas-del-sueno","status":"publish","type":"post","link":"https:\/\/medicina.udd.cl\/fonoaudiologia-santiago\/noticias\/2015\/09\/24\/se-realizara-charla-sobre-el-rol-del-fonoaudiologo-en-las-apneas-del-sueno\/","title":{"rendered":"Se realizar\u00e1 charla sobre el rol del fonoaudi\u00f3logo en las apneas del sue\u00f1o"},"content":{"rendered":"<p><a href=\"http:\/\/medicina.udd.cl\/fonoaudiologia-santiago\/files\/2015\/09\/Afiche-Charla-Apnea-2.jpg\"><img loading=\"lazy\" decoding=\"async\" class=\"size-medium wp-image-2823 alignright\" alt=\"Afiche Charla Apnea 2\" src=\"http:\/\/medicina.udd.cl\/fonoaudiologia-santiago\/files\/2015\/09\/Afiche-Charla-Apnea-2-220x300.jpg\" width=\"220\" height=\"300\" srcset=\"https:\/\/medicina.udd.cl\/fonoaudiologia-santiago\/files\/2015\/09\/Afiche-Charla-Apnea-2-220x300.jpg 220w, https:\/\/medicina.udd.cl\/fonoaudiologia-santiago\/files\/2015\/09\/Afiche-Charla-Apnea-2.jpg 279w\" sizes=\"auto, (max-width: 220px) 100vw, 220px\" \/><\/a>Con el fin de mantener actualizados los conocimientos de sus egresados, la carrera de Fonoaudiolog\u00eda de la Facultad de Medicina Cl\u00ednica Alemana Universidad del Desarrollo, tiene el agrado de invitarlos a la charla \u201cEl rol del fonoaudi\u00f3logo en el abordaje de las apneas del sue\u00f1o\u201d.<\/p>\n<p>Esta actividad\u00a0se realizar\u00e1 el viernes 25 de septiembre, a las 11:00 horas, en la sala 217 del edificio Q, campus San Carlos de Apoquindo, y\u00a0tiene por objetivo dar a conocer el trabajo de los especialistas en el tratamiento de la apnea del sue\u00f1o y la calidad de vida de los pacientes roncadores; un \u00e1rea poco explotada en nuestro pa\u00eds.<\/p>\n<p>La exposici\u00f3n ser\u00e1 realizada por la fonoaudi\u00f3loga cl\u00ednica de Bauru, Sao Paulo, Katia Cristina Guimaraes, especialista en Motricidad Orofacial, doctora en Ciencias de la Salud para InCor &#8211; FM USP \u2013 SP y profesora de CEFAC- Salud y Educaci\u00f3n.\u00a0Adicionalmente, la doctora Guimaraes participar\u00e1 como docente del Diplomado en Motrocidad Orofacial, que ser\u00e1 coordinado por los profesores de Fonoaudiolog\u00eda, Fernando \u00c1lvarez Dur\u00e1n e Iv\u00e1n Castillo C\u00e1ceres.<\/p>\n<p>La invitaci\u00f3n est\u00e1 dirigida a los fonoaudi\u00f3logos titulados de la Universidad, estudiantes de quinto a\u00f1o que se encuentran en habilitaci\u00f3n profesional y alumnos de pregrado de tercero y cuarto a\u00f1o.<\/p>\n","protected":false},"excerpt":{"rendered":"<p>Con la participaci\u00f3n de la acad\u00e9mica brasilera Katia Guimaraes, especialista en Motrocidad Orofacial, se dictar\u00e1 una exposici\u00f3n dirigida a titulados, estudiantes de quinto a\u00f1o en habilitaci\u00f3n profesional y alumnos de pregrado de tercero y cuarto a\u00f1o.<\/p>\n","protected":false},"author":47,"featured_media":2823,"comment_status":"open","ping_status":"open","sticky":false,"template":"","format":"standard","meta":{"footnotes":""},"categories":[4],"tags":[],"class_list":["post-2824","post","type-post","status-publish","format-standard","has-post-thumbnail","hentry","category-noticias"],"yoast_head":"<!-- This site is optimized with the Yoast SEO plugin v26.9 - https:\/\/yoast.com\/product\/yoast-seo-wordpress\/ -->\n<title>Se realizar\u00e1 charla sobre el rol del fonoaudi\u00f3logo en las apneas del sue\u00f1o<\/title>\n<meta name=\"description\" content=\"Con la participaci\u00f3n de la acad\u00e9mica brasilera Katia Guimaraes, especialista en Motrocidad Orofacial,\" \/>\n<meta name=\"robots\" content=\"index, follow, max-snippet:-1, max-image-preview:large, max-video-preview:-1\" \/>\n<link rel=\"canonical\" href=\"https:\/\/medicina.udd.cl\/fonoaudiologia-santiago\/noticias\/2015\/09\/24\/se-realizara-charla-sobre-el-rol-del-fonoaudiologo-en-las-apneas-del-sueno\/\" \/>\n<meta property=\"og:locale\" content=\"es_ES\" \/>\n<meta property=\"og:type\" content=\"article\" \/>\n<meta property=\"og:title\" content=\"Se realizar\u00e1 charla sobre el rol del fonoaudi\u00f3logo en las apneas del sue\u00f1o\" \/>\n<meta property=\"og:description\" content=\"Con la participaci\u00f3n de la acad\u00e9mica brasilera Katia Guimaraes, especialista en Motrocidad Orofacial,\" \/>\n<meta property=\"og:url\" content=\"https:\/\/medicina.udd.cl\/fonoaudiologia-santiago\/noticias\/2015\/09\/24\/se-realizara-charla-sobre-el-rol-del-fonoaudiologo-en-las-apneas-del-sueno\/\" \/>\n<meta property=\"og:site_name\" content=\"Fonoaudiolog\u00eda\" \/>\n<meta property=\"article:published_time\" content=\"2015-09-24T14:34:12+00:00\" \/>\n<meta property=\"article:modified_time\" content=\"2015-09-24T18:08:07+00:00\" \/>\n<meta property=\"og:image\" content=\"https:\/\/medicina.udd.cl\/fonoaudiologia-santiago\/files\/2015\/09\/Afiche-Charla-Apnea-2.jpg\" \/>\n\t<meta property=\"og:image:width\" content=\"279\" \/>\n\t<meta property=\"og:image:height\" content=\"380\" \/>\n\t<meta property=\"og:image:type\" content=\"image\/jpeg\" \/>\n<meta name=\"author\" content=\"rominagianotti\" \/>\n<meta name=\"twitter:label1\" content=\"Escrito por\" \/>\n\t<meta name=\"twitter:data1\" content=\"rominagianotti\" \/>\n\t<meta name=\"twitter:label2\" content=\"Tiempo de lectura\" \/>\n\t<meta name=\"twitter:data2\" content=\"1 minuto\" \/>\n<script type=\"application\/ld+json\" class=\"yoast-schema-graph\">{\"@context\":\"https:\/\/schema.org\",\"@graph\":[{\"@type\":\"Article\",\"@id\":\"https:\/\/medicina.udd.cl\/fonoaudiologia-santiago\/noticias\/2015\/09\/24\/se-realizara-charla-sobre-el-rol-del-fonoaudiologo-en-las-apneas-del-sueno\/#article\",\"isPartOf\":{\"@id\":\"https:\/\/medicina.udd.cl\/fonoaudiologia-santiago\/noticias\/2015\/09\/24\/se-realizara-charla-sobre-el-rol-del-fonoaudiologo-en-las-apneas-del-sueno\/\"},\"author\":{\"name\":\"rominagianotti\",\"@id\":\"https:\/\/medicina.udd.cl\/fonoaudiologia-santiago\/#\/schema\/person\/d2a1450d36aff8cda548012f30ae8d47\"},\"headline\":\"Se realizar\u00e1 charla sobre el rol del fonoaudi\u00f3logo en las apneas del sue\u00f1o\",\"datePublished\":\"2015-09-24T14:34:12+00:00\",\"dateModified\":\"2015-09-24T18:08:07+00:00\",\"mainEntityOfPage\":{\"@id\":\"https:\/\/medicina.udd.cl\/fonoaudiologia-santiago\/noticias\/2015\/09\/24\/se-realizara-charla-sobre-el-rol-del-fonoaudiologo-en-las-apneas-del-sueno\/\"},\"wordCount\":232,\"commentCount\":0,\"image\":{\"@id\":\"https:\/\/medicina.udd.cl\/fonoaudiologia-santiago\/noticias\/2015\/09\/24\/se-realizara-charla-sobre-el-rol-del-fonoaudiologo-en-las-apneas-del-sueno\/#primaryimage\"},\"thumbnailUrl\":\"https:\/\/medicina.udd.cl\/fonoaudiologia-santiago\/files\/2015\/09\/Afiche-Charla-Apnea-2.jpg\",\"articleSection\":[\"Noticias\"],\"inLanguage\":\"es\",\"potentialAction\":[{\"@type\":\"CommentAction\",\"name\":\"Comment\",\"target\":[\"https:\/\/medicina.udd.cl\/fonoaudiologia-santiago\/noticias\/2015\/09\/24\/se-realizara-charla-sobre-el-rol-del-fonoaudiologo-en-las-apneas-del-sueno\/#respond\"]}]},{\"@type\":\"WebPage\",\"@id\":\"https:\/\/medicina.udd.cl\/fonoaudiologia-santiago\/noticias\/2015\/09\/24\/se-realizara-charla-sobre-el-rol-del-fonoaudiologo-en-las-apneas-del-sueno\/\",\"url\":\"https:\/\/medicina.udd.cl\/fonoaudiologia-santiago\/noticias\/2015\/09\/24\/se-realizara-charla-sobre-el-rol-del-fonoaudiologo-en-las-apneas-del-sueno\/\",\"name\":\"Se realizar\u00e1 charla sobre el rol del fonoaudi\u00f3logo en las apneas del sue\u00f1o\",\"isPartOf\":{\"@id\":\"https:\/\/medicina.udd.cl\/fonoaudiologia-santiago\/#website\"},\"primaryImageOfPage\":{\"@id\":\"https:\/\/medicina.udd.cl\/fonoaudiologia-santiago\/noticias\/2015\/09\/24\/se-realizara-charla-sobre-el-rol-del-fonoaudiologo-en-las-apneas-del-sueno\/#primaryimage\"},\"image\":{\"@id\":\"https:\/\/medicina.udd.cl\/fonoaudiologia-santiago\/noticias\/2015\/09\/24\/se-realizara-charla-sobre-el-rol-del-fonoaudiologo-en-las-apneas-del-sueno\/#primaryimage\"},\"thumbnailUrl\":\"https:\/\/medicina.udd.cl\/fonoaudiologia-santiago\/files\/2015\/09\/Afiche-Charla-Apnea-2.jpg\",\"datePublished\":\"2015-09-24T14:34:12+00:00\",\"dateModified\":\"2015-09-24T18:08:07+00:00\",\"author\":{\"@id\":\"https:\/\/medicina.udd.cl\/fonoaudiologia-santiago\/#\/schema\/person\/d2a1450d36aff8cda548012f30ae8d47\"},\"description\":\"Con la participaci\u00f3n de la acad\u00e9mica brasilera Katia Guimaraes, especialista en Motrocidad Orofacial,\",\"breadcrumb\":{\"@id\":\"https:\/\/medicina.udd.cl\/fonoaudiologia-santiago\/noticias\/2015\/09\/24\/se-realizara-charla-sobre-el-rol-del-fonoaudiologo-en-las-apneas-del-sueno\/#breadcrumb\"},\"inLanguage\":\"es\",\"potentialAction\":[{\"@type\":\"ReadAction\",\"target\":[\"https:\/\/medicina.udd.cl\/fonoaudiologia-santiago\/noticias\/2015\/09\/24\/se-realizara-charla-sobre-el-rol-del-fonoaudiologo-en-las-apneas-del-sueno\/\"]}]},{\"@type\":\"ImageObject\",\"inLanguage\":\"es\",\"@id\":\"https:\/\/medicina.udd.cl\/fonoaudiologia-santiago\/noticias\/2015\/09\/24\/se-realizara-charla-sobre-el-rol-del-fonoaudiologo-en-las-apneas-del-sueno\/#primaryimage\",\"url\":\"https:\/\/medicina.udd.cl\/fonoaudiologia-santiago\/files\/2015\/09\/Afiche-Charla-Apnea-2.jpg\",\"contentUrl\":\"https:\/\/medicina.udd.cl\/fonoaudiologia-santiago\/files\/2015\/09\/Afiche-Charla-Apnea-2.jpg\",\"width\":279,\"height\":380},{\"@type\":\"BreadcrumbList\",\"@id\":\"https:\/\/medicina.udd.cl\/fonoaudiologia-santiago\/noticias\/2015\/09\/24\/se-realizara-charla-sobre-el-rol-del-fonoaudiologo-en-las-apneas-del-sueno\/#breadcrumb\",\"itemListElement\":[{\"@type\":\"ListItem\",\"position\":1,\"name\":\"Home\",\"item\":\"https:\/\/medicina.udd.cl\/fonoaudiologia-santiago\/\"},{\"@type\":\"ListItem\",\"position\":2,\"name\":\"Se realizar\u00e1 charla sobre el rol del fonoaudi\u00f3logo en las apneas del sue\u00f1o\"}]},{\"@type\":\"WebSite\",\"@id\":\"https:\/\/medicina.udd.cl\/fonoaudiologia-santiago\/#website\",\"url\":\"https:\/\/medicina.udd.cl\/fonoaudiologia-santiago\/\",\"name\":\"Fonoaudiolog\u00eda\",\"description\":\"Facultad de Medicina Cl\u00ednica Alemana Universidad del Desarrollo\",\"inLanguage\":\"es\"},{\"@type\":\"Person\",\"@id\":\"https:\/\/medicina.udd.cl\/fonoaudiologia-santiago\/#\/schema\/person\/d2a1450d36aff8cda548012f30ae8d47\",\"name\":\"rominagianotti\",\"image\":{\"@type\":\"ImageObject\",\"inLanguage\":\"es\",\"@id\":\"https:\/\/medicina.udd.cl\/fonoaudiologia-santiago\/#\/schema\/person\/image\/\",\"url\":\"https:\/\/secure.gravatar.com\/avatar\/106dae79925154d9c4e321db25d50a6deb801d5b80ec313022dbea6ef60814cc?s=96&d=mm&r=g\",\"contentUrl\":\"https:\/\/secure.gravatar.com\/avatar\/106dae79925154d9c4e321db25d50a6deb801d5b80ec313022dbea6ef60814cc?s=96&d=mm&r=g\",\"caption\":\"rominagianotti\"},\"url\":\"https:\/\/medicina.udd.cl\/fonoaudiologia-santiago\/noticias\/author\/rominagianotti\/\"}]}<\/script>\n<!-- \/ Yoast SEO plugin. -->","yoast_head_json":{"title":"Se realizar\u00e1 charla sobre el rol del fonoaudi\u00f3logo en las apneas del sue\u00f1o","description":"Con la participaci\u00f3n de la acad\u00e9mica brasilera Katia Guimaraes, especialista en Motrocidad Orofacial,","robots":{"index":"index","follow":"follow","max-snippet":"max-snippet:-1","max-image-preview":"max-image-preview:large","max-video-preview":"max-video-preview:-1"},"canonical":"https:\/\/medicina.udd.cl\/fonoaudiologia-santiago\/noticias\/2015\/09\/24\/se-realizara-charla-sobre-el-rol-del-fonoaudiologo-en-las-apneas-del-sueno\/","og_locale":"es_ES","og_type":"article","og_title":"Se realizar\u00e1 charla sobre el rol del fonoaudi\u00f3logo en las apneas del sue\u00f1o","og_description":"Con la participaci\u00f3n de la acad\u00e9mica brasilera Katia Guimaraes, especialista en Motrocidad Orofacial,","og_url":"https:\/\/medicina.udd.cl\/fonoaudiologia-santiago\/noticias\/2015\/09\/24\/se-realizara-charla-sobre-el-rol-del-fonoaudiologo-en-las-apneas-del-sueno\/","og_site_name":"Fonoaudiolog\u00eda","article_published_time":"2015-09-24T14:34:12+00:00","article_modified_time":"2015-09-24T18:08:07+00:00","og_image":[{"width":279,"height":380,"url":"https:\/\/medicina.udd.cl\/fonoaudiologia-santiago\/files\/2015\/09\/Afiche-Charla-Apnea-2.jpg","type":"image\/jpeg"}],"author":"rominagianotti","twitter_misc":{"Escrito por":"rominagianotti","Tiempo de lectura":"1 minuto"},"schema":{"@context":"https:\/\/schema.org","@graph":[{"@type":"Article","@id":"https:\/\/medicina.udd.cl\/fonoaudiologia-santiago\/noticias\/2015\/09\/24\/se-realizara-charla-sobre-el-rol-del-fonoaudiologo-en-las-apneas-del-sueno\/#article","isPartOf":{"@id":"https:\/\/medicina.udd.cl\/fonoaudiologia-santiago\/noticias\/2015\/09\/24\/se-realizara-charla-sobre-el-rol-del-fonoaudiologo-en-las-apneas-del-sueno\/"},"author":{"name":"rominagianotti","@id":"https:\/\/medicina.udd.cl\/fonoaudiologia-santiago\/#\/schema\/person\/d2a1450d36aff8cda548012f30ae8d47"},"headline":"Se realizar\u00e1 charla sobre el rol del fonoaudi\u00f3logo en las apneas del sue\u00f1o","datePublished":"2015-09-24T14:34:12+00:00","dateModified":"2015-09-24T18:08:07+00:00","mainEntityOfPage":{"@id":"https:\/\/medicina.udd.cl\/fonoaudiologia-santiago\/noticias\/2015\/09\/24\/se-realizara-charla-sobre-el-rol-del-fonoaudiologo-en-las-apneas-del-sueno\/"},"wordCount":232,"commentCount":0,"image":{"@id":"https:\/\/medicina.udd.cl\/fonoaudiologia-santiago\/noticias\/2015\/09\/24\/se-realizara-charla-sobre-el-rol-del-fonoaudiologo-en-las-apneas-del-sueno\/#primaryimage"},"thumbnailUrl":"https:\/\/medicina.udd.cl\/fonoaudiologia-santiago\/files\/2015\/09\/Afiche-Charla-Apnea-2.jpg","articleSection":["Noticias"],"inLanguage":"es","potentialAction":[{"@type":"CommentAction","name":"Comment","target":["https:\/\/medicina.udd.cl\/fonoaudiologia-santiago\/noticias\/2015\/09\/24\/se-realizara-charla-sobre-el-rol-del-fonoaudiologo-en-las-apneas-del-sueno\/#respond"]}]},{"@type":"WebPage","@id":"https:\/\/medicina.udd.cl\/fonoaudiologia-santiago\/noticias\/2015\/09\/24\/se-realizara-charla-sobre-el-rol-del-fonoaudiologo-en-las-apneas-del-sueno\/","url":"https:\/\/medicina.udd.cl\/fonoaudiologia-santiago\/noticias\/2015\/09\/24\/se-realizara-charla-sobre-el-rol-del-fonoaudiologo-en-las-apneas-del-sueno\/","name":"Se realizar\u00e1 charla sobre el rol del fonoaudi\u00f3logo en las apneas del sue\u00f1o","isPartOf":{"@id":"https:\/\/medicina.udd.cl\/fonoaudiologia-santiago\/#website"},"primaryImageOfPage":{"@id":"https:\/\/medicina.udd.cl\/fonoaudiologia-santiago\/noticias\/2015\/09\/24\/se-realizara-charla-sobre-el-rol-del-fonoaudiologo-en-las-apneas-del-sueno\/#primaryimage"},"image":{"@id":"https:\/\/medicina.udd.cl\/fonoaudiologia-santiago\/noticias\/2015\/09\/24\/se-realizara-charla-sobre-el-rol-del-fonoaudiologo-en-las-apneas-del-sueno\/#primaryimage"},"thumbnailUrl":"https:\/\/medicina.udd.cl\/fonoaudiologia-santiago\/files\/2015\/09\/Afiche-Charla-Apnea-2.jpg","datePublished":"2015-09-24T14:34:12+00:00","dateModified":"2015-09-24T18:08:07+00:00","author":{"@id":"https:\/\/medicina.udd.cl\/fonoaudiologia-santiago\/#\/schema\/person\/d2a1450d36aff8cda548012f30ae8d47"},"description":"Con la participaci\u00f3n de la acad\u00e9mica brasilera Katia Guimaraes, especialista en Motrocidad Orofacial,","breadcrumb":{"@id":"https:\/\/medicina.udd.cl\/fonoaudiologia-santiago\/noticias\/2015\/09\/24\/se-realizara-charla-sobre-el-rol-del-fonoaudiologo-en-las-apneas-del-sueno\/#breadcrumb"},"inLanguage":"es","potentialAction":[{"@type":"ReadAction","target":["https:\/\/medicina.udd.cl\/fonoaudiologia-santiago\/noticias\/2015\/09\/24\/se-realizara-charla-sobre-el-rol-del-fonoaudiologo-en-las-apneas-del-sueno\/"]}]},{"@type":"ImageObject","inLanguage":"es","@id":"https:\/\/medicina.udd.cl\/fonoaudiologia-santiago\/noticias\/2015\/09\/24\/se-realizara-charla-sobre-el-rol-del-fonoaudiologo-en-las-apneas-del-sueno\/#primaryimage","url":"https:\/\/medicina.udd.cl\/fonoaudiologia-santiago\/files\/2015\/09\/Afiche-Charla-Apnea-2.jpg","contentUrl":"https:\/\/medicina.udd.cl\/fonoaudiologia-santiago\/files\/2015\/09\/Afiche-Charla-Apnea-2.jpg","width":279,"height":380},{"@type":"BreadcrumbList","@id":"https:\/\/medicina.udd.cl\/fonoaudiologia-santiago\/noticias\/2015\/09\/24\/se-realizara-charla-sobre-el-rol-del-fonoaudiologo-en-las-apneas-del-sueno\/#breadcrumb","itemListElement":[{"@type":"ListItem","position":1,"name":"Home","item":"https:\/\/medicina.udd.cl\/fonoaudiologia-santiago\/"},{"@type":"ListItem","position":2,"name":"Se realizar\u00e1 charla sobre el rol del fonoaudi\u00f3logo en las apneas del sue\u00f1o"}]},{"@type":"WebSite","@id":"https:\/\/medicina.udd.cl\/fonoaudiologia-santiago\/#website","url":"https:\/\/medicina.udd.cl\/fonoaudiologia-santiago\/","name":"Fonoaudiolog\u00eda","description":"Facultad de Medicina Cl\u00ednica Alemana Universidad del Desarrollo","inLanguage":"es"},{"@type":"Person","@id":"https:\/\/medicina.udd.cl\/fonoaudiologia-santiago\/#\/schema\/person\/d2a1450d36aff8cda548012f30ae8d47","name":"rominagianotti","image":{"@type":"ImageObject","inLanguage":"es","@id":"https:\/\/medicina.udd.cl\/fonoaudiologia-santiago\/#\/schema\/person\/image\/","url":"https:\/\/secure.gravatar.com\/avatar\/106dae79925154d9c4e321db25d50a6deb801d5b80ec313022dbea6ef60814cc?s=96&d=mm&r=g","contentUrl":"https:\/\/secure.gravatar.com\/avatar\/106dae79925154d9c4e321db25d50a6deb801d5b80ec313022dbea6ef60814cc?s=96&d=mm&r=g","caption":"rominagianotti"},"url":"https:\/\/medicina.udd.cl\/fonoaudiologia-santiago\/noticias\/author\/rominagianotti\/"}]}},"featured_image_url":"https:\/\/medicina.udd.cl\/fonoaudiologia-santiago\/files\/2015\/09\/Afiche-Charla-Apnea-2.jpg","_links":{"self":[{"href":"https:\/\/medicina.udd.cl\/fonoaudiologia-santiago\/wp-json\/wp\/v2\/posts\/2824","targetHints":{"allow":["GET"]}}],"collection":[{"href":"https:\/\/medicina.udd.cl\/fonoaudiologia-santiago\/wp-json\/wp\/v2\/posts"}],"about":[{"href":"https:\/\/medicina.udd.cl\/fonoaudiologia-santiago\/wp-json\/wp\/v2\/types\/post"}],"author":[{"embeddable":true,"href":"https:\/\/medicina.udd.cl\/fonoaudiologia-santiago\/wp-json\/wp\/v2\/users\/47"}],"replies":[{"embeddable":true,"href":"https:\/\/medicina.udd.cl\/fonoaudiologia-santiago\/wp-json\/wp\/v2\/comments?post=2824"}],"version-history":[{"count":3,"href":"https:\/\/medicina.udd.cl\/fonoaudiologia-santiago\/wp-json\/wp\/v2\/posts\/2824\/revisions"}],"predecessor-version":[{"id":2826,"href":"https:\/\/medicina.udd.cl\/fonoaudiologia-santiago\/wp-json\/wp\/v2\/posts\/2824\/revisions\/2826"}],"wp:featuredmedia":[{"embeddable":true,"href":"https:\/\/medicina.udd.cl\/fonoaudiologia-santiago\/wp-json\/wp\/v2\/media\/2823"}],"wp:attachment":[{"href":"https:\/\/medicina.udd.cl\/fonoaudiologia-santiago\/wp-json\/wp\/v2\/media?parent=2824"}],"wp:term":[{"taxonomy":"category","embeddable":true,"href":"https:\/\/medicina.udd.cl\/fonoaudiologia-santiago\/wp-json\/wp\/v2\/categories?post=2824"},{"taxonomy":"post_tag","embeddable":true,"href":"https:\/\/medicina.udd.cl\/fonoaudiologia-santiago\/wp-json\/wp\/v2\/tags?post=2824"}],"curies":[{"name":"wp","href":"https:\/\/api.w.org\/{rel}","templated":true}]}}