{"id":2839,"date":"2015-09-30T17:40:00","date_gmt":"2015-09-30T20:40:00","guid":{"rendered":"http:\/\/medicina.udd.cl\/fonoaudiologia-santiago\/?p=2839"},"modified":"2015-10-01T08:55:24","modified_gmt":"2015-10-01T11:55:24","slug":"fonoaudiologia-udd-realiza-tercera-campana-contra-la-perdida-auditiva","status":"publish","type":"post","link":"https:\/\/medicina.udd.cl\/fonoaudiologia-santiago\/noticias\/2015\/09\/30\/fonoaudiologia-udd-realiza-tercera-campana-contra-la-perdida-auditiva\/","title":{"rendered":"Fonoaudiolog\u00eda UDD realiza tercera campa\u00f1a Contra la P\u00e9rdida Auditiva"},"content":{"rendered":"<div id=\"gallery-1\" class=\"carousel slide carousel-gallery\" data-ride=\"false\" data-interval=\"false\"><div class=\"carousel-inner\" role=\"listbox\"><figure class=\"carousel-item active\"><img loading=\"lazy\" decoding=\"async\" width=\"675\" height=\"450\" src=\"https:\/\/medicina.udd.cl\/fonoaudiologia-santiago\/files\/2015\/09\/P\u00e9rdida-Auditiva-13.jpg\" class=\"attachment-landscape_952 size-landscape_952\" alt=\"\" srcset=\"https:\/\/medicina.udd.cl\/fonoaudiologia-santiago\/files\/2015\/09\/P\u00e9rdida-Auditiva-13.jpg 675w, https:\/\/medicina.udd.cl\/fonoaudiologia-santiago\/files\/2015\/09\/P\u00e9rdida-Auditiva-13-300x200.jpg 300w\" sizes=\"auto, (max-width: 675px) 100vw, 675px\" \/><\/figure><figure class=\"carousel-item\"><img loading=\"lazy\" decoding=\"async\" width=\"675\" height=\"450\" src=\"https:\/\/medicina.udd.cl\/fonoaudiologia-santiago\/files\/2015\/09\/P\u00e9rdida-Auditiva-7.jpg\" class=\"attachment-landscape_952 size-landscape_952\" alt=\"\" srcset=\"https:\/\/medicina.udd.cl\/fonoaudiologia-santiago\/files\/2015\/09\/P\u00e9rdida-Auditiva-7.jpg 675w, https:\/\/medicina.udd.cl\/fonoaudiologia-santiago\/files\/2015\/09\/P\u00e9rdida-Auditiva-7-300x200.jpg 300w\" sizes=\"auto, (max-width: 675px) 100vw, 675px\" \/><\/figure><figure class=\"carousel-item\"><img loading=\"lazy\" decoding=\"async\" width=\"675\" height=\"450\" src=\"https:\/\/medicina.udd.cl\/fonoaudiologia-santiago\/files\/2015\/09\/P\u00e9rdida-Auditiva-6.jpg\" class=\"attachment-landscape_952 size-landscape_952\" alt=\"\" srcset=\"https:\/\/medicina.udd.cl\/fonoaudiologia-santiago\/files\/2015\/09\/P\u00e9rdida-Auditiva-6.jpg 675w, https:\/\/medicina.udd.cl\/fonoaudiologia-santiago\/files\/2015\/09\/P\u00e9rdida-Auditiva-6-300x200.jpg 300w\" sizes=\"auto, (max-width: 675px) 100vw, 675px\" \/><\/figure><figure class=\"carousel-item\"><img loading=\"lazy\" decoding=\"async\" width=\"675\" height=\"450\" src=\"https:\/\/medicina.udd.cl\/fonoaudiologia-santiago\/files\/2015\/10\/P\u00e9rdida-Auditiva-16.jpg\" class=\"attachment-landscape_952 size-landscape_952\" alt=\"\" srcset=\"https:\/\/medicina.udd.cl\/fonoaudiologia-santiago\/files\/2015\/10\/P\u00e9rdida-Auditiva-16.jpg 675w, https:\/\/medicina.udd.cl\/fonoaudiologia-santiago\/files\/2015\/10\/P\u00e9rdida-Auditiva-16-300x200.jpg 300w\" sizes=\"auto, (max-width: 675px) 100vw, 675px\" \/><\/figure><figure class=\"carousel-item\"><img loading=\"lazy\" decoding=\"async\" width=\"675\" height=\"450\" src=\"https:\/\/medicina.udd.cl\/fonoaudiologia-santiago\/files\/2015\/09\/P\u00e9rdida-Auditiva-8.jpg\" class=\"attachment-landscape_952 size-landscape_952\" alt=\"\" srcset=\"https:\/\/medicina.udd.cl\/fonoaudiologia-santiago\/files\/2015\/09\/P\u00e9rdida-Auditiva-8.jpg 675w, https:\/\/medicina.udd.cl\/fonoaudiologia-santiago\/files\/2015\/09\/P\u00e9rdida-Auditiva-8-300x200.jpg 300w\" sizes=\"auto, (max-width: 675px) 100vw, 675px\" \/><\/figure><figure class=\"carousel-item\"><img loading=\"lazy\" decoding=\"async\" width=\"675\" height=\"450\" src=\"https:\/\/medicina.udd.cl\/fonoaudiologia-santiago\/files\/2015\/09\/P\u00e9rdida-Auditiva-1.jpg\" class=\"attachment-landscape_952 size-landscape_952\" alt=\"\" srcset=\"https:\/\/medicina.udd.cl\/fonoaudiologia-santiago\/files\/2015\/09\/P\u00e9rdida-Auditiva-1.jpg 675w, https:\/\/medicina.udd.cl\/fonoaudiologia-santiago\/files\/2015\/09\/P\u00e9rdida-Auditiva-1-300x200.jpg 300w\" sizes=\"auto, (max-width: 675px) 100vw, 675px\" \/><\/figure><figure class=\"carousel-item\"><img loading=\"lazy\" decoding=\"async\" width=\"675\" height=\"450\" src=\"https:\/\/medicina.udd.cl\/fonoaudiologia-santiago\/files\/2015\/10\/P\u00e9rdida-Auditiva-15.jpg\" class=\"attachment-landscape_952 size-landscape_952\" alt=\"\" srcset=\"https:\/\/medicina.udd.cl\/fonoaudiologia-santiago\/files\/2015\/10\/P\u00e9rdida-Auditiva-15.jpg 675w, https:\/\/medicina.udd.cl\/fonoaudiologia-santiago\/files\/2015\/10\/P\u00e9rdida-Auditiva-15-300x200.jpg 300w\" sizes=\"auto, (max-width: 675px) 100vw, 675px\" \/><\/figure><figure class=\"carousel-item\"><img loading=\"lazy\" decoding=\"async\" width=\"675\" height=\"450\" src=\"https:\/\/medicina.udd.cl\/fonoaudiologia-santiago\/files\/2015\/09\/P\u00e9rdida-Auditiva-11.jpg\" class=\"attachment-landscape_952 size-landscape_952\" alt=\"\" srcset=\"https:\/\/medicina.udd.cl\/fonoaudiologia-santiago\/files\/2015\/09\/P\u00e9rdida-Auditiva-11.jpg 675w, https:\/\/medicina.udd.cl\/fonoaudiologia-santiago\/files\/2015\/09\/P\u00e9rdida-Auditiva-11-300x200.jpg 300w\" sizes=\"auto, (max-width: 675px) 100vw, 675px\" \/><\/figure><figure class=\"carousel-item\"><img loading=\"lazy\" decoding=\"async\" width=\"675\" height=\"450\" src=\"https:\/\/medicina.udd.cl\/fonoaudiologia-santiago\/files\/2015\/09\/P\u00e9rdida-Auditiva-10.jpg\" class=\"attachment-landscape_952 size-landscape_952\" alt=\"\" srcset=\"https:\/\/medicina.udd.cl\/fonoaudiologia-santiago\/files\/2015\/09\/P\u00e9rdida-Auditiva-10.jpg 675w, https:\/\/medicina.udd.cl\/fonoaudiologia-santiago\/files\/2015\/09\/P\u00e9rdida-Auditiva-10-300x200.jpg 300w\" sizes=\"auto, (max-width: 675px) 100vw, 675px\" \/><\/figure><figure class=\"carousel-item\"><img loading=\"lazy\" decoding=\"async\" width=\"675\" height=\"450\" src=\"https:\/\/medicina.udd.cl\/fonoaudiologia-santiago\/files\/2015\/09\/P\u00e9rdida-Auditiva-2.jpg\" class=\"attachment-landscape_952 size-landscape_952\" alt=\"\" srcset=\"https:\/\/medicina.udd.cl\/fonoaudiologia-santiago\/files\/2015\/09\/P\u00e9rdida-Auditiva-2.jpg 675w, https:\/\/medicina.udd.cl\/fonoaudiologia-santiago\/files\/2015\/09\/P\u00e9rdida-Auditiva-2-300x200.jpg 300w\" sizes=\"auto, (max-width: 675px) 100vw, 675px\" \/><\/figure><figure class=\"carousel-item\"><img loading=\"lazy\" decoding=\"async\" width=\"675\" height=\"450\" src=\"https:\/\/medicina.udd.cl\/fonoaudiologia-santiago\/files\/2015\/09\/P\u00e9rdida-Auditiva-14.jpg\" class=\"attachment-landscape_952 size-landscape_952\" alt=\"\" srcset=\"https:\/\/medicina.udd.cl\/fonoaudiologia-santiago\/files\/2015\/09\/P\u00e9rdida-Auditiva-14.jpg 675w, https:\/\/medicina.udd.cl\/fonoaudiologia-santiago\/files\/2015\/09\/P\u00e9rdida-Auditiva-14-300x200.jpg 300w\" sizes=\"auto, (max-width: 675px) 100vw, 675px\" \/><\/figure><figure class=\"carousel-item\"><img loading=\"lazy\" decoding=\"async\" width=\"675\" height=\"450\" src=\"https:\/\/medicina.udd.cl\/fonoaudiologia-santiago\/files\/2015\/09\/P\u00e9rdida-Auditiva-9.jpg\" class=\"attachment-landscape_952 size-landscape_952\" alt=\"\" srcset=\"https:\/\/medicina.udd.cl\/fonoaudiologia-santiago\/files\/2015\/09\/P\u00e9rdida-Auditiva-9.jpg 675w, https:\/\/medicina.udd.cl\/fonoaudiologia-santiago\/files\/2015\/09\/P\u00e9rdida-Auditiva-9-300x200.jpg 300w\" sizes=\"auto, (max-width: 675px) 100vw, 675px\" \/><\/figure><figure class=\"carousel-item\"><img loading=\"lazy\" decoding=\"async\" width=\"675\" height=\"450\" src=\"https:\/\/medicina.udd.cl\/fonoaudiologia-santiago\/files\/2015\/09\/P\u00e9rdida-Auditiva-12.jpg\" class=\"attachment-landscape_952 size-landscape_952\" alt=\"\" srcset=\"https:\/\/medicina.udd.cl\/fonoaudiologia-santiago\/files\/2015\/09\/P\u00e9rdida-Auditiva-12.jpg 675w, https:\/\/medicina.udd.cl\/fonoaudiologia-santiago\/files\/2015\/09\/P\u00e9rdida-Auditiva-12-300x200.jpg 300w\" sizes=\"auto, (max-width: 675px) 100vw, 675px\" \/><\/figure><figure class=\"carousel-item\"><img loading=\"lazy\" decoding=\"async\" width=\"675\" height=\"450\" src=\"https:\/\/medicina.udd.cl\/fonoaudiologia-santiago\/files\/2015\/09\/P\u00e9rdida-Auditiva-3.jpg\" class=\"attachment-landscape_952 size-landscape_952\" alt=\"\" srcset=\"https:\/\/medicina.udd.cl\/fonoaudiologia-santiago\/files\/2015\/09\/P\u00e9rdida-Auditiva-3.jpg 675w, https:\/\/medicina.udd.cl\/fonoaudiologia-santiago\/files\/2015\/09\/P\u00e9rdida-Auditiva-3-300x200.jpg 300w\" sizes=\"auto, (max-width: 675px) 100vw, 675px\" \/><\/figure><figure class=\"carousel-item\"><img loading=\"lazy\" decoding=\"async\" width=\"675\" height=\"450\" src=\"https:\/\/medicina.udd.cl\/fonoaudiologia-santiago\/files\/2015\/09\/P\u00e9rdida-Auditiva-5.jpg\" class=\"attachment-landscape_952 size-landscape_952\" alt=\"\" srcset=\"https:\/\/medicina.udd.cl\/fonoaudiologia-santiago\/files\/2015\/09\/P\u00e9rdida-Auditiva-5.jpg 675w, https:\/\/medicina.udd.cl\/fonoaudiologia-santiago\/files\/2015\/09\/P\u00e9rdida-Auditiva-5-300x200.jpg 300w\" sizes=\"auto, (max-width: 675px) 100vw, 675px\" \/><\/figure><figure class=\"carousel-item\"><img loading=\"lazy\" decoding=\"async\" width=\"675\" height=\"450\" src=\"https:\/\/medicina.udd.cl\/fonoaudiologia-santiago\/files\/2015\/09\/P\u00e9rdida-Auditiva-4.jpg\" class=\"attachment-landscape_952 size-landscape_952\" alt=\"\" srcset=\"https:\/\/medicina.udd.cl\/fonoaudiologia-santiago\/files\/2015\/09\/P\u00e9rdida-Auditiva-4.jpg 675w, https:\/\/medicina.udd.cl\/fonoaudiologia-santiago\/files\/2015\/09\/P\u00e9rdida-Auditiva-4-300x200.jpg 300w\" sizes=\"auto, (max-width: 675px) 100vw, 675px\" \/><\/figure><\/div><footer class=\"carousel-footer\"><div class=\"carousel-counter\"><span class=\"carousel-counter-current\"><\/span> \/ <span class=\"carousel-counter-total\"><\/span><\/div><a class=\"carousel-control-prev\" href=\"#gallery-1\" role=\"button\" data-slide=\"prev\"><svg aria-hidden=\"true\" class=\"svg-chevron-left-dims\"><use xlink:href='https:\/\/medicina.udd.cl\/fonoaudiologia-santiago\/wp-content\/themes\/facultades-2018\/assets\/img\/svg\/dist\/main.svg?version=1695853099#chevron-left'><\/use><\/svg><span class=\"sr-only\">Anterior<\/span><\/a><a class=\"carousel-control-next\" href=\"#gallery-1\" role=\"button\" data-slide=\"next\"><svg aria-hidden=\"true\" class=\"svg-chevron-right-dims\"><use xlink:href='https:\/\/medicina.udd.cl\/fonoaudiologia-santiago\/wp-content\/themes\/facultades-2018\/assets\/img\/svg\/dist\/main.svg?version=1695853099#chevron-right'><\/use><\/svg><span class=\"sr-only\">Siguiente<\/span><\/a><\/footer><\/div>\n<p>Por tercer a\u00f1o consecutivo, la carrera de Fonoaudiolog\u00eda fue parte de la campa\u00f1a Contra la P\u00e9rdida Auditiva, que se realiza por la conmemoraci\u00f3n del D\u00eda Mundial de las Personas Sordas y que busca aconsejar a la poblaci\u00f3n sobre las anomal\u00edas recurrentes por el mal uso de los aud\u00edfonos.<\/p>\n<p>Alumnos y docentes de la carrera de la Facultad de Medicina CAS-UDD, realizaron un recorrido por diez estaciones de la l\u00ednea uno del metro, repartieron folletos sobre el uso correcto de los aud\u00edfonos para escuchar m\u00fasica y explicaron a la personas c\u00f3mo prevenir la sordera.<\/p>\n<p>\u201cEs relevante esta campa\u00f1a, ya que estamos vinculando a nuestros alumnos con la comunidad. Hay que pensar que hoy contamos con la participaci\u00f3n de m\u00e1s de sesenta alumnos, que est\u00e1n respondiendo preguntas e informando a la poblaci\u00f3n y previniendo una patolog\u00eda tan importante como es la p\u00e9rdida de audici\u00f3n\u201d, comenta Fernando \u00c1lvarez, docente UDD y director de la Asociaci\u00f3n por la Superaci\u00f3n de la Discapacidad (ASUDIS).<\/p>\n<p>En la actividad estuvo presente la alcaldesa de Santiago, Carolina Toh\u00e1, qui\u00e9n se sum\u00f3 a la campa\u00f1a mencionando lo que est\u00e1 haciendo en la comuna para disminuir el ruido en la ciudad.<\/p>\n<p>\u201cLo principal es promover los medios de transportes sustentables, priorizar por sobre el autom\u00f3vil, el transporte p\u00fablico, la caminata y la bicicleta. Adem\u00e1s aprovecho la instancia para contar que la municipalidad est\u00e1 discutiendo con el gobierno la posibilidad de realizar un proyecto que cubra la autopista y que esos ruidos molestos no afecten a los residentes ni a los transe\u00fantes\u201d, coment\u00f3 la alcaldesa.<\/p>\n<p>Adem\u00e1s, en el marco de esta conmemoraci\u00f3n el artista revelaci\u00f3n del a\u00f1o 2015, Benjam\u00edn Walker, se sum\u00f3 a esta noble causa presentando en vivo parte de su primer disco llamado \u201cFelicidad\u201d.<\/p>\n","protected":false},"excerpt":{"rendered":"<p>Durante la actividad preventiva, a la que asisti\u00f3 la alcaldesa de Santiago, Carolina Toh\u00e1, alumnos y docentes recorrieron diez estaciones del metro, repartiendo folletos sobre el uso correcto de aud\u00edfonos.<\/p>\n","protected":false},"author":47,"featured_media":2852,"comment_status":"open","ping_status":"open","sticky":false,"template":"","format":"standard","meta":{"footnotes":""},"categories":[4],"tags":[],"class_list":["post-2839","post","type-post","status-publish","format-standard","has-post-thumbnail","hentry","category-noticias"],"yoast_head":"<!-- This site is optimized with the Yoast SEO plugin v26.9 - https:\/\/yoast.com\/product\/yoast-seo-wordpress\/ -->\n<title>Fonoaudiolog\u00eda UDD realiza tercera campa\u00f1a Contra la P\u00e9rdida Auditiva<\/title>\n<meta name=\"description\" content=\"Por tercer a\u00f1o consecutivo, la carrera de Fonoaudiolog\u00eda fue parte de la campa\u00f1a Contra la P\u00e9rdida Auditiva, que se realiza por la conmemoraci\u00f3n del D\u00eda Mundial de las Personas Sordas\" \/>\n<meta name=\"robots\" content=\"index, follow, max-snippet:-1, max-image-preview:large, max-video-preview:-1\" \/>\n<link rel=\"canonical\" href=\"https:\/\/medicina.udd.cl\/fonoaudiologia-santiago\/noticias\/2015\/09\/30\/fonoaudiologia-udd-realiza-tercera-campana-contra-la-perdida-auditiva\/\" \/>\n<meta property=\"og:locale\" content=\"es_ES\" \/>\n<meta property=\"og:type\" content=\"article\" \/>\n<meta property=\"og:title\" content=\"Fonoaudiolog\u00eda UDD realiza tercera campa\u00f1a Contra la P\u00e9rdida Auditiva\" \/>\n<meta property=\"og:description\" content=\"Por tercer a\u00f1o consecutivo, la carrera de Fonoaudiolog\u00eda fue parte de la campa\u00f1a Contra la P\u00e9rdida Auditiva, que se realiza por la conmemoraci\u00f3n del D\u00eda Mundial de las Personas Sordas\" \/>\n<meta property=\"og:url\" content=\"https:\/\/medicina.udd.cl\/fonoaudiologia-santiago\/noticias\/2015\/09\/30\/fonoaudiologia-udd-realiza-tercera-campana-contra-la-perdida-auditiva\/\" \/>\n<meta property=\"og:site_name\" content=\"Fonoaudiolog\u00eda\" \/>\n<meta property=\"article:published_time\" content=\"2015-09-30T20:40:00+00:00\" \/>\n<meta property=\"article:modified_time\" content=\"2015-10-01T11:55:24+00:00\" \/>\n<meta property=\"og:image\" content=\"https:\/\/medicina.udd.cl\/fonoaudiologia-santiago\/files\/2015\/09\/P\u00e9rdida-Auditiva-13.jpg\" \/>\n\t<meta property=\"og:image:width\" content=\"675\" \/>\n\t<meta property=\"og:image:height\" content=\"450\" \/>\n\t<meta property=\"og:image:type\" content=\"image\/jpeg\" \/>\n<meta name=\"author\" content=\"rominagianotti\" \/>\n<meta name=\"twitter:label1\" content=\"Escrito por\" \/>\n\t<meta name=\"twitter:data1\" content=\"rominagianotti\" \/>\n\t<meta name=\"twitter:label2\" content=\"Tiempo de lectura\" \/>\n\t<meta name=\"twitter:data2\" content=\"2 minutos\" \/>\n<script type=\"application\/ld+json\" class=\"yoast-schema-graph\">{\"@context\":\"https:\/\/schema.org\",\"@graph\":[{\"@type\":\"Article\",\"@id\":\"https:\/\/medicina.udd.cl\/fonoaudiologia-santiago\/noticias\/2015\/09\/30\/fonoaudiologia-udd-realiza-tercera-campana-contra-la-perdida-auditiva\/#article\",\"isPartOf\":{\"@id\":\"https:\/\/medicina.udd.cl\/fonoaudiologia-santiago\/noticias\/2015\/09\/30\/fonoaudiologia-udd-realiza-tercera-campana-contra-la-perdida-auditiva\/\"},\"author\":{\"name\":\"rominagianotti\",\"@id\":\"https:\/\/medicina.udd.cl\/fonoaudiologia-santiago\/#\/schema\/person\/d2a1450d36aff8cda548012f30ae8d47\"},\"headline\":\"Fonoaudiolog\u00eda UDD realiza tercera campa\u00f1a Contra la P\u00e9rdida Auditiva\",\"datePublished\":\"2015-09-30T20:40:00+00:00\",\"dateModified\":\"2015-10-01T11:55:24+00:00\",\"mainEntityOfPage\":{\"@id\":\"https:\/\/medicina.udd.cl\/fonoaudiologia-santiago\/noticias\/2015\/09\/30\/fonoaudiologia-udd-realiza-tercera-campana-contra-la-perdida-auditiva\/\"},\"wordCount\":334,\"commentCount\":0,\"image\":{\"@id\":\"https:\/\/medicina.udd.cl\/fonoaudiologia-santiago\/noticias\/2015\/09\/30\/fonoaudiologia-udd-realiza-tercera-campana-contra-la-perdida-auditiva\/#primaryimage\"},\"thumbnailUrl\":\"https:\/\/medicina.udd.cl\/fonoaudiologia-santiago\/files\/2015\/09\/P\u00e9rdida-Auditiva-13.jpg\",\"articleSection\":[\"Noticias\"],\"inLanguage\":\"es\",\"potentialAction\":[{\"@type\":\"CommentAction\",\"name\":\"Comment\",\"target\":[\"https:\/\/medicina.udd.cl\/fonoaudiologia-santiago\/noticias\/2015\/09\/30\/fonoaudiologia-udd-realiza-tercera-campana-contra-la-perdida-auditiva\/#respond\"]}]},{\"@type\":\"WebPage\",\"@id\":\"https:\/\/medicina.udd.cl\/fonoaudiologia-santiago\/noticias\/2015\/09\/30\/fonoaudiologia-udd-realiza-tercera-campana-contra-la-perdida-auditiva\/\",\"url\":\"https:\/\/medicina.udd.cl\/fonoaudiologia-santiago\/noticias\/2015\/09\/30\/fonoaudiologia-udd-realiza-tercera-campana-contra-la-perdida-auditiva\/\",\"name\":\"Fonoaudiolog\u00eda UDD realiza tercera campa\u00f1a Contra la P\u00e9rdida Auditiva\",\"isPartOf\":{\"@id\":\"https:\/\/medicina.udd.cl\/fonoaudiologia-santiago\/#website\"},\"primaryImageOfPage\":{\"@id\":\"https:\/\/medicina.udd.cl\/fonoaudiologia-santiago\/noticias\/2015\/09\/30\/fonoaudiologia-udd-realiza-tercera-campana-contra-la-perdida-auditiva\/#primaryimage\"},\"image\":{\"@id\":\"https:\/\/medicina.udd.cl\/fonoaudiologia-santiago\/noticias\/2015\/09\/30\/fonoaudiologia-udd-realiza-tercera-campana-contra-la-perdida-auditiva\/#primaryimage\"},\"thumbnailUrl\":\"https:\/\/medicina.udd.cl\/fonoaudiologia-santiago\/files\/2015\/09\/P\u00e9rdida-Auditiva-13.jpg\",\"datePublished\":\"2015-09-30T20:40:00+00:00\",\"dateModified\":\"2015-10-01T11:55:24+00:00\",\"author\":{\"@id\":\"https:\/\/medicina.udd.cl\/fonoaudiologia-santiago\/#\/schema\/person\/d2a1450d36aff8cda548012f30ae8d47\"},\"description\":\"Por tercer a\u00f1o consecutivo, la carrera de Fonoaudiolog\u00eda fue parte de la campa\u00f1a Contra la P\u00e9rdida Auditiva, que se realiza por la conmemoraci\u00f3n del D\u00eda Mundial de las Personas Sordas\",\"breadcrumb\":{\"@id\":\"https:\/\/medicina.udd.cl\/fonoaudiologia-santiago\/noticias\/2015\/09\/30\/fonoaudiologia-udd-realiza-tercera-campana-contra-la-perdida-auditiva\/#breadcrumb\"},\"inLanguage\":\"es\",\"potentialAction\":[{\"@type\":\"ReadAction\",\"target\":[\"https:\/\/medicina.udd.cl\/fonoaudiologia-santiago\/noticias\/2015\/09\/30\/fonoaudiologia-udd-realiza-tercera-campana-contra-la-perdida-auditiva\/\"]}]},{\"@type\":\"ImageObject\",\"inLanguage\":\"es\",\"@id\":\"https:\/\/medicina.udd.cl\/fonoaudiologia-santiago\/noticias\/2015\/09\/30\/fonoaudiologia-udd-realiza-tercera-campana-contra-la-perdida-auditiva\/#primaryimage\",\"url\":\"https:\/\/medicina.udd.cl\/fonoaudiologia-santiago\/files\/2015\/09\/P\u00e9rdida-Auditiva-13.jpg\",\"contentUrl\":\"https:\/\/medicina.udd.cl\/fonoaudiologia-santiago\/files\/2015\/09\/P\u00e9rdida-Auditiva-13.jpg\",\"width\":675,\"height\":450},{\"@type\":\"BreadcrumbList\",\"@id\":\"https:\/\/medicina.udd.cl\/fonoaudiologia-santiago\/noticias\/2015\/09\/30\/fonoaudiologia-udd-realiza-tercera-campana-contra-la-perdida-auditiva\/#breadcrumb\",\"itemListElement\":[{\"@type\":\"ListItem\",\"position\":1,\"name\":\"Home\",\"item\":\"https:\/\/medicina.udd.cl\/fonoaudiologia-santiago\/\"},{\"@type\":\"ListItem\",\"position\":2,\"name\":\"Fonoaudiolog\u00eda UDD realiza tercera campa\u00f1a Contra la P\u00e9rdida Auditiva\"}]},{\"@type\":\"WebSite\",\"@id\":\"https:\/\/medicina.udd.cl\/fonoaudiologia-santiago\/#website\",\"url\":\"https:\/\/medicina.udd.cl\/fonoaudiologia-santiago\/\",\"name\":\"Fonoaudiolog\u00eda\",\"description\":\"Facultad de Medicina Cl\u00ednica Alemana Universidad del Desarrollo\",\"inLanguage\":\"es\"},{\"@type\":\"Person\",\"@id\":\"https:\/\/medicina.udd.cl\/fonoaudiologia-santiago\/#\/schema\/person\/d2a1450d36aff8cda548012f30ae8d47\",\"name\":\"rominagianotti\",\"image\":{\"@type\":\"ImageObject\",\"inLanguage\":\"es\",\"@id\":\"https:\/\/medicina.udd.cl\/fonoaudiologia-santiago\/#\/schema\/person\/image\/\",\"url\":\"https:\/\/secure.gravatar.com\/avatar\/106dae79925154d9c4e321db25d50a6deb801d5b80ec313022dbea6ef60814cc?s=96&d=mm&r=g\",\"contentUrl\":\"https:\/\/secure.gravatar.com\/avatar\/106dae79925154d9c4e321db25d50a6deb801d5b80ec313022dbea6ef60814cc?s=96&d=mm&r=g\",\"caption\":\"rominagianotti\"},\"url\":\"https:\/\/medicina.udd.cl\/fonoaudiologia-santiago\/noticias\/author\/rominagianotti\/\"}]}<\/script>\n<!-- \/ Yoast SEO plugin. -->","yoast_head_json":{"title":"Fonoaudiolog\u00eda UDD realiza tercera campa\u00f1a Contra la P\u00e9rdida Auditiva","description":"Por tercer a\u00f1o consecutivo, la carrera de Fonoaudiolog\u00eda fue parte de la campa\u00f1a Contra la P\u00e9rdida Auditiva, que se realiza por la conmemoraci\u00f3n del D\u00eda Mundial de las Personas Sordas","robots":{"index":"index","follow":"follow","max-snippet":"max-snippet:-1","max-image-preview":"max-image-preview:large","max-video-preview":"max-video-preview:-1"},"canonical":"https:\/\/medicina.udd.cl\/fonoaudiologia-santiago\/noticias\/2015\/09\/30\/fonoaudiologia-udd-realiza-tercera-campana-contra-la-perdida-auditiva\/","og_locale":"es_ES","og_type":"article","og_title":"Fonoaudiolog\u00eda UDD realiza tercera campa\u00f1a Contra la P\u00e9rdida Auditiva","og_description":"Por tercer a\u00f1o consecutivo, la carrera de Fonoaudiolog\u00eda fue parte de la campa\u00f1a Contra la P\u00e9rdida Auditiva, que se realiza por la conmemoraci\u00f3n del D\u00eda Mundial de las Personas Sordas","og_url":"https:\/\/medicina.udd.cl\/fonoaudiologia-santiago\/noticias\/2015\/09\/30\/fonoaudiologia-udd-realiza-tercera-campana-contra-la-perdida-auditiva\/","og_site_name":"Fonoaudiolog\u00eda","article_published_time":"2015-09-30T20:40:00+00:00","article_modified_time":"2015-10-01T11:55:24+00:00","og_image":[{"width":675,"height":450,"url":"https:\/\/medicina.udd.cl\/fonoaudiologia-santiago\/files\/2015\/09\/P\u00e9rdida-Auditiva-13.jpg","type":"image\/jpeg"}],"author":"rominagianotti","twitter_misc":{"Escrito por":"rominagianotti","Tiempo de lectura":"2 minutos"},"schema":{"@context":"https:\/\/schema.org","@graph":[{"@type":"Article","@id":"https:\/\/medicina.udd.cl\/fonoaudiologia-santiago\/noticias\/2015\/09\/30\/fonoaudiologia-udd-realiza-tercera-campana-contra-la-perdida-auditiva\/#article","isPartOf":{"@id":"https:\/\/medicina.udd.cl\/fonoaudiologia-santiago\/noticias\/2015\/09\/30\/fonoaudiologia-udd-realiza-tercera-campana-contra-la-perdida-auditiva\/"},"author":{"name":"rominagianotti","@id":"https:\/\/medicina.udd.cl\/fonoaudiologia-santiago\/#\/schema\/person\/d2a1450d36aff8cda548012f30ae8d47"},"headline":"Fonoaudiolog\u00eda UDD realiza tercera campa\u00f1a Contra la P\u00e9rdida Auditiva","datePublished":"2015-09-30T20:40:00+00:00","dateModified":"2015-10-01T11:55:24+00:00","mainEntityOfPage":{"@id":"https:\/\/medicina.udd.cl\/fonoaudiologia-santiago\/noticias\/2015\/09\/30\/fonoaudiologia-udd-realiza-tercera-campana-contra-la-perdida-auditiva\/"},"wordCount":334,"commentCount":0,"image":{"@id":"https:\/\/medicina.udd.cl\/fonoaudiologia-santiago\/noticias\/2015\/09\/30\/fonoaudiologia-udd-realiza-tercera-campana-contra-la-perdida-auditiva\/#primaryimage"},"thumbnailUrl":"https:\/\/medicina.udd.cl\/fonoaudiologia-santiago\/files\/2015\/09\/P\u00e9rdida-Auditiva-13.jpg","articleSection":["Noticias"],"inLanguage":"es","potentialAction":[{"@type":"CommentAction","name":"Comment","target":["https:\/\/medicina.udd.cl\/fonoaudiologia-santiago\/noticias\/2015\/09\/30\/fonoaudiologia-udd-realiza-tercera-campana-contra-la-perdida-auditiva\/#respond"]}]},{"@type":"WebPage","@id":"https:\/\/medicina.udd.cl\/fonoaudiologia-santiago\/noticias\/2015\/09\/30\/fonoaudiologia-udd-realiza-tercera-campana-contra-la-perdida-auditiva\/","url":"https:\/\/medicina.udd.cl\/fonoaudiologia-santiago\/noticias\/2015\/09\/30\/fonoaudiologia-udd-realiza-tercera-campana-contra-la-perdida-auditiva\/","name":"Fonoaudiolog\u00eda UDD realiza tercera campa\u00f1a Contra la P\u00e9rdida Auditiva","isPartOf":{"@id":"https:\/\/medicina.udd.cl\/fonoaudiologia-santiago\/#website"},"primaryImageOfPage":{"@id":"https:\/\/medicina.udd.cl\/fonoaudiologia-santiago\/noticias\/2015\/09\/30\/fonoaudiologia-udd-realiza-tercera-campana-contra-la-perdida-auditiva\/#primaryimage"},"image":{"@id":"https:\/\/medicina.udd.cl\/fonoaudiologia-santiago\/noticias\/2015\/09\/30\/fonoaudiologia-udd-realiza-tercera-campana-contra-la-perdida-auditiva\/#primaryimage"},"thumbnailUrl":"https:\/\/medicina.udd.cl\/fonoaudiologia-santiago\/files\/2015\/09\/P\u00e9rdida-Auditiva-13.jpg","datePublished":"2015-09-30T20:40:00+00:00","dateModified":"2015-10-01T11:55:24+00:00","author":{"@id":"https:\/\/medicina.udd.cl\/fonoaudiologia-santiago\/#\/schema\/person\/d2a1450d36aff8cda548012f30ae8d47"},"description":"Por tercer a\u00f1o consecutivo, la carrera de Fonoaudiolog\u00eda fue parte de la campa\u00f1a Contra la P\u00e9rdida Auditiva, que se realiza por la conmemoraci\u00f3n del D\u00eda Mundial de las Personas Sordas","breadcrumb":{"@id":"https:\/\/medicina.udd.cl\/fonoaudiologia-santiago\/noticias\/2015\/09\/30\/fonoaudiologia-udd-realiza-tercera-campana-contra-la-perdida-auditiva\/#breadcrumb"},"inLanguage":"es","potentialAction":[{"@type":"ReadAction","target":["https:\/\/medicina.udd.cl\/fonoaudiologia-santiago\/noticias\/2015\/09\/30\/fonoaudiologia-udd-realiza-tercera-campana-contra-la-perdida-auditiva\/"]}]},{"@type":"ImageObject","inLanguage":"es","@id":"https:\/\/medicina.udd.cl\/fonoaudiologia-santiago\/noticias\/2015\/09\/30\/fonoaudiologia-udd-realiza-tercera-campana-contra-la-perdida-auditiva\/#primaryimage","url":"https:\/\/medicina.udd.cl\/fonoaudiologia-santiago\/files\/2015\/09\/P\u00e9rdida-Auditiva-13.jpg","contentUrl":"https:\/\/medicina.udd.cl\/fonoaudiologia-santiago\/files\/2015\/09\/P\u00e9rdida-Auditiva-13.jpg","width":675,"height":450},{"@type":"BreadcrumbList","@id":"https:\/\/medicina.udd.cl\/fonoaudiologia-santiago\/noticias\/2015\/09\/30\/fonoaudiologia-udd-realiza-tercera-campana-contra-la-perdida-auditiva\/#breadcrumb","itemListElement":[{"@type":"ListItem","position":1,"name":"Home","item":"https:\/\/medicina.udd.cl\/fonoaudiologia-santiago\/"},{"@type":"ListItem","position":2,"name":"Fonoaudiolog\u00eda UDD realiza tercera campa\u00f1a Contra la P\u00e9rdida Auditiva"}]},{"@type":"WebSite","@id":"https:\/\/medicina.udd.cl\/fonoaudiologia-santiago\/#website","url":"https:\/\/medicina.udd.cl\/fonoaudiologia-santiago\/","name":"Fonoaudiolog\u00eda","description":"Facultad de Medicina Cl\u00ednica Alemana Universidad del Desarrollo","inLanguage":"es"},{"@type":"Person","@id":"https:\/\/medicina.udd.cl\/fonoaudiologia-santiago\/#\/schema\/person\/d2a1450d36aff8cda548012f30ae8d47","name":"rominagianotti","image":{"@type":"ImageObject","inLanguage":"es","@id":"https:\/\/medicina.udd.cl\/fonoaudiologia-santiago\/#\/schema\/person\/image\/","url":"https:\/\/secure.gravatar.com\/avatar\/106dae79925154d9c4e321db25d50a6deb801d5b80ec313022dbea6ef60814cc?s=96&d=mm&r=g","contentUrl":"https:\/\/secure.gravatar.com\/avatar\/106dae79925154d9c4e321db25d50a6deb801d5b80ec313022dbea6ef60814cc?s=96&d=mm&r=g","caption":"rominagianotti"},"url":"https:\/\/medicina.udd.cl\/fonoaudiologia-santiago\/noticias\/author\/rominagianotti\/"}]}},"featured_image_url":"https:\/\/medicina.udd.cl\/fonoaudiologia-santiago\/files\/2015\/09\/P\u00e9rdida-Auditiva-13.jpg","_links":{"self":[{"href":"https:\/\/medicina.udd.cl\/fonoaudiologia-santiago\/wp-json\/wp\/v2\/posts\/2839","targetHints":{"allow":["GET"]}}],"collection":[{"href":"https:\/\/medicina.udd.cl\/fonoaudiologia-santiago\/wp-json\/wp\/v2\/posts"}],"about":[{"href":"https:\/\/medicina.udd.cl\/fonoaudiologia-santiago\/wp-json\/wp\/v2\/types\/post"}],"author":[{"embeddable":true,"href":"https:\/\/medicina.udd.cl\/fonoaudiologia-santiago\/wp-json\/wp\/v2\/users\/47"}],"replies":[{"embeddable":true,"href":"https:\/\/medicina.udd.cl\/fonoaudiologia-santiago\/wp-json\/wp\/v2\/comments?post=2839"}],"version-history":[{"count":3,"href":"https:\/\/medicina.udd.cl\/fonoaudiologia-santiago\/wp-json\/wp\/v2\/posts\/2839\/revisions"}],"predecessor-version":[{"id":2855,"href":"https:\/\/medicina.udd.cl\/fonoaudiologia-santiago\/wp-json\/wp\/v2\/posts\/2839\/revisions\/2855"}],"wp:featuredmedia":[{"embeddable":true,"href":"https:\/\/medicina.udd.cl\/fonoaudiologia-santiago\/wp-json\/wp\/v2\/media\/2852"}],"wp:attachment":[{"href":"https:\/\/medicina.udd.cl\/fonoaudiologia-santiago\/wp-json\/wp\/v2\/media?parent=2839"}],"wp:term":[{"taxonomy":"category","embeddable":true,"href":"https:\/\/medicina.udd.cl\/fonoaudiologia-santiago\/wp-json\/wp\/v2\/categories?post=2839"},{"taxonomy":"post_tag","embeddable":true,"href":"https:\/\/medicina.udd.cl\/fonoaudiologia-santiago\/wp-json\/wp\/v2\/tags?post=2839"}],"curies":[{"name":"wp","href":"https:\/\/api.w.org\/{rel}","templated":true}]}}