{"id":2863,"date":"2015-10-07T14:45:45","date_gmt":"2015-10-07T17:45:45","guid":{"rendered":"http:\/\/medicina.udd.cl\/fonoaudiologia-santiago\/?p=2863"},"modified":"2015-10-14T16:47:40","modified_gmt":"2015-10-14T19:47:40","slug":"alumnas-de-fonoaudiologia-udd-destacan-en-la-jornada-de-estudiantes-uc","status":"publish","type":"post","link":"https:\/\/medicina.udd.cl\/fonoaudiologia-santiago\/noticias\/2015\/10\/07\/alumnas-de-fonoaudiologia-udd-destacan-en-la-jornada-de-estudiantes-uc\/","title":{"rendered":"Estudiantes UDD destacan en encuentro interuniversitario de Fonoaudiolog\u00eda"},"content":{"rendered":"<p style=\"text-align: justify;\"><a href=\"http:\/\/medicina.udd.cl\/fonoaudiologia-santiago\/files\/2015\/10\/Premio-Aplicaci\u00f3n-Cl\u00ednica-Fonoaudiolog\u00eda.jpg\"><img loading=\"lazy\" decoding=\"async\" class=\"size-medium wp-image-2864 alignleft\" alt=\"Premio Aplicaci\u00f3n Cl\u00ednica Fonoaudiolog\u00eda\" src=\"http:\/\/medicina.udd.cl\/fonoaudiologia-santiago\/files\/2015\/10\/Premio-Aplicaci\u00f3n-Cl\u00ednica-Fonoaudiolog\u00eda-225x300.jpg\" width=\"225\" height=\"300\" srcset=\"https:\/\/medicina.udd.cl\/fonoaudiologia-santiago\/files\/2015\/10\/Premio-Aplicaci\u00f3n-Cl\u00ednica-Fonoaudiolog\u00eda-225x300.jpg 225w, https:\/\/medicina.udd.cl\/fonoaudiologia-santiago\/files\/2015\/10\/Premio-Aplicaci\u00f3n-Cl\u00ednica-Fonoaudiolog\u00eda.jpg 450w\" sizes=\"auto, (max-width: 225px) 100vw, 225px\" \/><\/a><\/p>\n<p style=\"text-align: justify;\">Cuatro estudiantes de la carrera de Fonoaudiolog\u00eda UDD participaron en la I Jornada de Estudiantes de esta disciplina, organizada por alumnos de la Pontificia Universidad Cat\u00f3lica de Chile.<\/p>\n<p style=\"text-align: justify;\">En la ocasi\u00f3n, las alumnas de la carrera de Fonoaudiolog\u00eda de la Facultad de Medicina CAS-UDD Catalina Terr\u00e9, Katherine Sherrington, Sof\u00eda Blanco y Mar\u00eda Jes\u00fas Olave, recibieron el premio de \u201cAplicaci\u00f3n Cl\u00ednica\u201d, por el poster de su tesis de investigaci\u00f3n llamado \u201cManual de Atenci\u00f3n Temprana del lenguaje para padres de ni\u00f1os con S\u00edndrome de Down\u201d.<\/p>\n<p style=\"text-align: justify;\">El objetivo de este encuentro fue realizar una actividad que reuniera a los estudiantes diversas casas de estudios que imparten la carrera para que expusieran sus trabajos de tesis e investigaciones.<\/p>\n","protected":false},"excerpt":{"rendered":"<p>En la actividad \u2013organizada por primera vez por la Pontificia Universidad Cat\u00f3lica de Chile- las cuatro alumnas se adjudicaron el premio \u201cAplicaci\u00f3n Cl\u00ednica\u201d, por la presentaci\u00f3n de su tesis de investigaci\u00f3n.<\/p>\n","protected":false},"author":47,"featured_media":2864,"comment_status":"open","ping_status":"open","sticky":false,"template":"","format":"standard","meta":{"footnotes":""},"categories":[4,1],"tags":[],"class_list":["post-2863","post","type-post","status-publish","format-standard","has-post-thumbnail","hentry","category-noticias","category-sin-categoria"],"yoast_head":"<!-- This site is optimized with the Yoast SEO plugin v26.9 - https:\/\/yoast.com\/product\/yoast-seo-wordpress\/ -->\n<title>Alumnas de Fonoaudiolog\u00eda UDD destacan en la I Jornada de estudiantes UC<\/title>\n<meta name=\"description\" content=\"En la actividad cuatro estudiantes de la carrera se adjudicaron el premio \u201cAplicaci\u00f3n Cl\u00ednica\u201d, por la presentaci\u00f3n de su tesis de investigaci\u00f3n\" \/>\n<meta name=\"robots\" content=\"index, follow, max-snippet:-1, max-image-preview:large, max-video-preview:-1\" \/>\n<link rel=\"canonical\" href=\"https:\/\/medicina.udd.cl\/fonoaudiologia-santiago\/noticias\/2015\/10\/07\/alumnas-de-fonoaudiologia-udd-destacan-en-la-jornada-de-estudiantes-uc\/\" \/>\n<meta property=\"og:locale\" content=\"es_ES\" \/>\n<meta property=\"og:type\" content=\"article\" \/>\n<meta property=\"og:title\" content=\"Alumnas de Fonoaudiolog\u00eda UDD destacan en la I Jornada de estudiantes UC\" \/>\n<meta property=\"og:description\" content=\"En la actividad cuatro estudiantes de la carrera se adjudicaron el premio \u201cAplicaci\u00f3n Cl\u00ednica\u201d, por la presentaci\u00f3n de su tesis de investigaci\u00f3n\" \/>\n<meta property=\"og:url\" content=\"https:\/\/medicina.udd.cl\/fonoaudiologia-santiago\/noticias\/2015\/10\/07\/alumnas-de-fonoaudiologia-udd-destacan-en-la-jornada-de-estudiantes-uc\/\" \/>\n<meta property=\"og:site_name\" content=\"Fonoaudiolog\u00eda\" \/>\n<meta property=\"article:published_time\" content=\"2015-10-07T17:45:45+00:00\" \/>\n<meta property=\"article:modified_time\" content=\"2015-10-14T19:47:40+00:00\" \/>\n<meta property=\"og:image\" content=\"https:\/\/medicina.udd.cl\/fonoaudiologia-santiago\/files\/2015\/10\/Premio-Aplicaci\u00f3n-Cl\u00ednica-Fonoaudiolog\u00eda.jpg\" \/>\n\t<meta property=\"og:image:width\" content=\"450\" \/>\n\t<meta property=\"og:image:height\" content=\"600\" \/>\n\t<meta property=\"og:image:type\" content=\"image\/jpeg\" \/>\n<meta name=\"author\" content=\"rominagianotti\" \/>\n<meta name=\"twitter:label1\" content=\"Escrito por\" \/>\n\t<meta name=\"twitter:data1\" content=\"rominagianotti\" \/>\n\t<meta name=\"twitter:label2\" content=\"Tiempo de lectura\" \/>\n\t<meta name=\"twitter:data2\" content=\"1 minuto\" \/>\n<script type=\"application\/ld+json\" class=\"yoast-schema-graph\">{\"@context\":\"https:\/\/schema.org\",\"@graph\":[{\"@type\":\"Article\",\"@id\":\"https:\/\/medicina.udd.cl\/fonoaudiologia-santiago\/noticias\/2015\/10\/07\/alumnas-de-fonoaudiologia-udd-destacan-en-la-jornada-de-estudiantes-uc\/#article\",\"isPartOf\":{\"@id\":\"https:\/\/medicina.udd.cl\/fonoaudiologia-santiago\/noticias\/2015\/10\/07\/alumnas-de-fonoaudiologia-udd-destacan-en-la-jornada-de-estudiantes-uc\/\"},\"author\":{\"name\":\"rominagianotti\",\"@id\":\"https:\/\/medicina.udd.cl\/fonoaudiologia-santiago\/#\/schema\/person\/d2a1450d36aff8cda548012f30ae8d47\"},\"headline\":\"Estudiantes UDD destacan en encuentro interuniversitario de Fonoaudiolog\u00eda\",\"datePublished\":\"2015-10-07T17:45:45+00:00\",\"dateModified\":\"2015-10-14T19:47:40+00:00\",\"mainEntityOfPage\":{\"@id\":\"https:\/\/medicina.udd.cl\/fonoaudiologia-santiago\/noticias\/2015\/10\/07\/alumnas-de-fonoaudiologia-udd-destacan-en-la-jornada-de-estudiantes-uc\/\"},\"wordCount\":136,\"commentCount\":0,\"image\":{\"@id\":\"https:\/\/medicina.udd.cl\/fonoaudiologia-santiago\/noticias\/2015\/10\/07\/alumnas-de-fonoaudiologia-udd-destacan-en-la-jornada-de-estudiantes-uc\/#primaryimage\"},\"thumbnailUrl\":\"https:\/\/medicina.udd.cl\/fonoaudiologia-santiago\/files\/2015\/10\/Premio-Aplicaci\u00f3n-Cl\u00ednica-Fonoaudiolog\u00eda.jpg\",\"articleSection\":[\"Noticias\"],\"inLanguage\":\"es\",\"potentialAction\":[{\"@type\":\"CommentAction\",\"name\":\"Comment\",\"target\":[\"https:\/\/medicina.udd.cl\/fonoaudiologia-santiago\/noticias\/2015\/10\/07\/alumnas-de-fonoaudiologia-udd-destacan-en-la-jornada-de-estudiantes-uc\/#respond\"]}]},{\"@type\":\"WebPage\",\"@id\":\"https:\/\/medicina.udd.cl\/fonoaudiologia-santiago\/noticias\/2015\/10\/07\/alumnas-de-fonoaudiologia-udd-destacan-en-la-jornada-de-estudiantes-uc\/\",\"url\":\"https:\/\/medicina.udd.cl\/fonoaudiologia-santiago\/noticias\/2015\/10\/07\/alumnas-de-fonoaudiologia-udd-destacan-en-la-jornada-de-estudiantes-uc\/\",\"name\":\"Alumnas de Fonoaudiolog\u00eda UDD destacan en la I Jornada de estudiantes UC\",\"isPartOf\":{\"@id\":\"https:\/\/medicina.udd.cl\/fonoaudiologia-santiago\/#website\"},\"primaryImageOfPage\":{\"@id\":\"https:\/\/medicina.udd.cl\/fonoaudiologia-santiago\/noticias\/2015\/10\/07\/alumnas-de-fonoaudiologia-udd-destacan-en-la-jornada-de-estudiantes-uc\/#primaryimage\"},\"image\":{\"@id\":\"https:\/\/medicina.udd.cl\/fonoaudiologia-santiago\/noticias\/2015\/10\/07\/alumnas-de-fonoaudiologia-udd-destacan-en-la-jornada-de-estudiantes-uc\/#primaryimage\"},\"thumbnailUrl\":\"https:\/\/medicina.udd.cl\/fonoaudiologia-santiago\/files\/2015\/10\/Premio-Aplicaci\u00f3n-Cl\u00ednica-Fonoaudiolog\u00eda.jpg\",\"datePublished\":\"2015-10-07T17:45:45+00:00\",\"dateModified\":\"2015-10-14T19:47:40+00:00\",\"author\":{\"@id\":\"https:\/\/medicina.udd.cl\/fonoaudiologia-santiago\/#\/schema\/person\/d2a1450d36aff8cda548012f30ae8d47\"},\"description\":\"En la actividad cuatro estudiantes de la carrera se adjudicaron el premio \u201cAplicaci\u00f3n Cl\u00ednica\u201d, por la presentaci\u00f3n de su tesis de investigaci\u00f3n\",\"breadcrumb\":{\"@id\":\"https:\/\/medicina.udd.cl\/fonoaudiologia-santiago\/noticias\/2015\/10\/07\/alumnas-de-fonoaudiologia-udd-destacan-en-la-jornada-de-estudiantes-uc\/#breadcrumb\"},\"inLanguage\":\"es\",\"potentialAction\":[{\"@type\":\"ReadAction\",\"target\":[\"https:\/\/medicina.udd.cl\/fonoaudiologia-santiago\/noticias\/2015\/10\/07\/alumnas-de-fonoaudiologia-udd-destacan-en-la-jornada-de-estudiantes-uc\/\"]}]},{\"@type\":\"ImageObject\",\"inLanguage\":\"es\",\"@id\":\"https:\/\/medicina.udd.cl\/fonoaudiologia-santiago\/noticias\/2015\/10\/07\/alumnas-de-fonoaudiologia-udd-destacan-en-la-jornada-de-estudiantes-uc\/#primaryimage\",\"url\":\"https:\/\/medicina.udd.cl\/fonoaudiologia-santiago\/files\/2015\/10\/Premio-Aplicaci\u00f3n-Cl\u00ednica-Fonoaudiolog\u00eda.jpg\",\"contentUrl\":\"https:\/\/medicina.udd.cl\/fonoaudiologia-santiago\/files\/2015\/10\/Premio-Aplicaci\u00f3n-Cl\u00ednica-Fonoaudiolog\u00eda.jpg\",\"width\":450,\"height\":600},{\"@type\":\"BreadcrumbList\",\"@id\":\"https:\/\/medicina.udd.cl\/fonoaudiologia-santiago\/noticias\/2015\/10\/07\/alumnas-de-fonoaudiologia-udd-destacan-en-la-jornada-de-estudiantes-uc\/#breadcrumb\",\"itemListElement\":[{\"@type\":\"ListItem\",\"position\":1,\"name\":\"Home\",\"item\":\"https:\/\/medicina.udd.cl\/fonoaudiologia-santiago\/\"},{\"@type\":\"ListItem\",\"position\":2,\"name\":\"Estudiantes UDD destacan en encuentro interuniversitario de Fonoaudiolog\u00eda\"}]},{\"@type\":\"WebSite\",\"@id\":\"https:\/\/medicina.udd.cl\/fonoaudiologia-santiago\/#website\",\"url\":\"https:\/\/medicina.udd.cl\/fonoaudiologia-santiago\/\",\"name\":\"Fonoaudiolog\u00eda\",\"description\":\"Facultad de Medicina Cl\u00ednica Alemana Universidad del Desarrollo\",\"inLanguage\":\"es\"},{\"@type\":\"Person\",\"@id\":\"https:\/\/medicina.udd.cl\/fonoaudiologia-santiago\/#\/schema\/person\/d2a1450d36aff8cda548012f30ae8d47\",\"name\":\"rominagianotti\",\"image\":{\"@type\":\"ImageObject\",\"inLanguage\":\"es\",\"@id\":\"https:\/\/medicina.udd.cl\/fonoaudiologia-santiago\/#\/schema\/person\/image\/\",\"url\":\"https:\/\/secure.gravatar.com\/avatar\/106dae79925154d9c4e321db25d50a6deb801d5b80ec313022dbea6ef60814cc?s=96&d=mm&r=g\",\"contentUrl\":\"https:\/\/secure.gravatar.com\/avatar\/106dae79925154d9c4e321db25d50a6deb801d5b80ec313022dbea6ef60814cc?s=96&d=mm&r=g\",\"caption\":\"rominagianotti\"},\"url\":\"https:\/\/medicina.udd.cl\/fonoaudiologia-santiago\/noticias\/author\/rominagianotti\/\"}]}<\/script>\n<!-- \/ Yoast SEO plugin. -->","yoast_head_json":{"title":"Alumnas de Fonoaudiolog\u00eda UDD destacan en la I Jornada de estudiantes UC","description":"En la actividad cuatro estudiantes de la carrera se adjudicaron el premio \u201cAplicaci\u00f3n Cl\u00ednica\u201d, por la presentaci\u00f3n de su tesis de investigaci\u00f3n","robots":{"index":"index","follow":"follow","max-snippet":"max-snippet:-1","max-image-preview":"max-image-preview:large","max-video-preview":"max-video-preview:-1"},"canonical":"https:\/\/medicina.udd.cl\/fonoaudiologia-santiago\/noticias\/2015\/10\/07\/alumnas-de-fonoaudiologia-udd-destacan-en-la-jornada-de-estudiantes-uc\/","og_locale":"es_ES","og_type":"article","og_title":"Alumnas de Fonoaudiolog\u00eda UDD destacan en la I Jornada de estudiantes UC","og_description":"En la actividad cuatro estudiantes de la carrera se adjudicaron el premio \u201cAplicaci\u00f3n Cl\u00ednica\u201d, por la presentaci\u00f3n de su tesis de investigaci\u00f3n","og_url":"https:\/\/medicina.udd.cl\/fonoaudiologia-santiago\/noticias\/2015\/10\/07\/alumnas-de-fonoaudiologia-udd-destacan-en-la-jornada-de-estudiantes-uc\/","og_site_name":"Fonoaudiolog\u00eda","article_published_time":"2015-10-07T17:45:45+00:00","article_modified_time":"2015-10-14T19:47:40+00:00","og_image":[{"width":450,"height":600,"url":"https:\/\/medicina.udd.cl\/fonoaudiologia-santiago\/files\/2015\/10\/Premio-Aplicaci\u00f3n-Cl\u00ednica-Fonoaudiolog\u00eda.jpg","type":"image\/jpeg"}],"author":"rominagianotti","twitter_misc":{"Escrito por":"rominagianotti","Tiempo de lectura":"1 minuto"},"schema":{"@context":"https:\/\/schema.org","@graph":[{"@type":"Article","@id":"https:\/\/medicina.udd.cl\/fonoaudiologia-santiago\/noticias\/2015\/10\/07\/alumnas-de-fonoaudiologia-udd-destacan-en-la-jornada-de-estudiantes-uc\/#article","isPartOf":{"@id":"https:\/\/medicina.udd.cl\/fonoaudiologia-santiago\/noticias\/2015\/10\/07\/alumnas-de-fonoaudiologia-udd-destacan-en-la-jornada-de-estudiantes-uc\/"},"author":{"name":"rominagianotti","@id":"https:\/\/medicina.udd.cl\/fonoaudiologia-santiago\/#\/schema\/person\/d2a1450d36aff8cda548012f30ae8d47"},"headline":"Estudiantes UDD destacan en encuentro interuniversitario de Fonoaudiolog\u00eda","datePublished":"2015-10-07T17:45:45+00:00","dateModified":"2015-10-14T19:47:40+00:00","mainEntityOfPage":{"@id":"https:\/\/medicina.udd.cl\/fonoaudiologia-santiago\/noticias\/2015\/10\/07\/alumnas-de-fonoaudiologia-udd-destacan-en-la-jornada-de-estudiantes-uc\/"},"wordCount":136,"commentCount":0,"image":{"@id":"https:\/\/medicina.udd.cl\/fonoaudiologia-santiago\/noticias\/2015\/10\/07\/alumnas-de-fonoaudiologia-udd-destacan-en-la-jornada-de-estudiantes-uc\/#primaryimage"},"thumbnailUrl":"https:\/\/medicina.udd.cl\/fonoaudiologia-santiago\/files\/2015\/10\/Premio-Aplicaci\u00f3n-Cl\u00ednica-Fonoaudiolog\u00eda.jpg","articleSection":["Noticias"],"inLanguage":"es","potentialAction":[{"@type":"CommentAction","name":"Comment","target":["https:\/\/medicina.udd.cl\/fonoaudiologia-santiago\/noticias\/2015\/10\/07\/alumnas-de-fonoaudiologia-udd-destacan-en-la-jornada-de-estudiantes-uc\/#respond"]}]},{"@type":"WebPage","@id":"https:\/\/medicina.udd.cl\/fonoaudiologia-santiago\/noticias\/2015\/10\/07\/alumnas-de-fonoaudiologia-udd-destacan-en-la-jornada-de-estudiantes-uc\/","url":"https:\/\/medicina.udd.cl\/fonoaudiologia-santiago\/noticias\/2015\/10\/07\/alumnas-de-fonoaudiologia-udd-destacan-en-la-jornada-de-estudiantes-uc\/","name":"Alumnas de Fonoaudiolog\u00eda UDD destacan en la I Jornada de estudiantes UC","isPartOf":{"@id":"https:\/\/medicina.udd.cl\/fonoaudiologia-santiago\/#website"},"primaryImageOfPage":{"@id":"https:\/\/medicina.udd.cl\/fonoaudiologia-santiago\/noticias\/2015\/10\/07\/alumnas-de-fonoaudiologia-udd-destacan-en-la-jornada-de-estudiantes-uc\/#primaryimage"},"image":{"@id":"https:\/\/medicina.udd.cl\/fonoaudiologia-santiago\/noticias\/2015\/10\/07\/alumnas-de-fonoaudiologia-udd-destacan-en-la-jornada-de-estudiantes-uc\/#primaryimage"},"thumbnailUrl":"https:\/\/medicina.udd.cl\/fonoaudiologia-santiago\/files\/2015\/10\/Premio-Aplicaci\u00f3n-Cl\u00ednica-Fonoaudiolog\u00eda.jpg","datePublished":"2015-10-07T17:45:45+00:00","dateModified":"2015-10-14T19:47:40+00:00","author":{"@id":"https:\/\/medicina.udd.cl\/fonoaudiologia-santiago\/#\/schema\/person\/d2a1450d36aff8cda548012f30ae8d47"},"description":"En la actividad cuatro estudiantes de la carrera se adjudicaron el premio \u201cAplicaci\u00f3n Cl\u00ednica\u201d, por la presentaci\u00f3n de su tesis de investigaci\u00f3n","breadcrumb":{"@id":"https:\/\/medicina.udd.cl\/fonoaudiologia-santiago\/noticias\/2015\/10\/07\/alumnas-de-fonoaudiologia-udd-destacan-en-la-jornada-de-estudiantes-uc\/#breadcrumb"},"inLanguage":"es","potentialAction":[{"@type":"ReadAction","target":["https:\/\/medicina.udd.cl\/fonoaudiologia-santiago\/noticias\/2015\/10\/07\/alumnas-de-fonoaudiologia-udd-destacan-en-la-jornada-de-estudiantes-uc\/"]}]},{"@type":"ImageObject","inLanguage":"es","@id":"https:\/\/medicina.udd.cl\/fonoaudiologia-santiago\/noticias\/2015\/10\/07\/alumnas-de-fonoaudiologia-udd-destacan-en-la-jornada-de-estudiantes-uc\/#primaryimage","url":"https:\/\/medicina.udd.cl\/fonoaudiologia-santiago\/files\/2015\/10\/Premio-Aplicaci\u00f3n-Cl\u00ednica-Fonoaudiolog\u00eda.jpg","contentUrl":"https:\/\/medicina.udd.cl\/fonoaudiologia-santiago\/files\/2015\/10\/Premio-Aplicaci\u00f3n-Cl\u00ednica-Fonoaudiolog\u00eda.jpg","width":450,"height":600},{"@type":"BreadcrumbList","@id":"https:\/\/medicina.udd.cl\/fonoaudiologia-santiago\/noticias\/2015\/10\/07\/alumnas-de-fonoaudiologia-udd-destacan-en-la-jornada-de-estudiantes-uc\/#breadcrumb","itemListElement":[{"@type":"ListItem","position":1,"name":"Home","item":"https:\/\/medicina.udd.cl\/fonoaudiologia-santiago\/"},{"@type":"ListItem","position":2,"name":"Estudiantes UDD destacan en encuentro interuniversitario de Fonoaudiolog\u00eda"}]},{"@type":"WebSite","@id":"https:\/\/medicina.udd.cl\/fonoaudiologia-santiago\/#website","url":"https:\/\/medicina.udd.cl\/fonoaudiologia-santiago\/","name":"Fonoaudiolog\u00eda","description":"Facultad de Medicina Cl\u00ednica Alemana Universidad del Desarrollo","inLanguage":"es"},{"@type":"Person","@id":"https:\/\/medicina.udd.cl\/fonoaudiologia-santiago\/#\/schema\/person\/d2a1450d36aff8cda548012f30ae8d47","name":"rominagianotti","image":{"@type":"ImageObject","inLanguage":"es","@id":"https:\/\/medicina.udd.cl\/fonoaudiologia-santiago\/#\/schema\/person\/image\/","url":"https:\/\/secure.gravatar.com\/avatar\/106dae79925154d9c4e321db25d50a6deb801d5b80ec313022dbea6ef60814cc?s=96&d=mm&r=g","contentUrl":"https:\/\/secure.gravatar.com\/avatar\/106dae79925154d9c4e321db25d50a6deb801d5b80ec313022dbea6ef60814cc?s=96&d=mm&r=g","caption":"rominagianotti"},"url":"https:\/\/medicina.udd.cl\/fonoaudiologia-santiago\/noticias\/author\/rominagianotti\/"}]}},"featured_image_url":"https:\/\/medicina.udd.cl\/fonoaudiologia-santiago\/files\/2015\/10\/Premio-Aplicaci\u00f3n-Cl\u00ednica-Fonoaudiolog\u00eda.jpg","_links":{"self":[{"href":"https:\/\/medicina.udd.cl\/fonoaudiologia-santiago\/wp-json\/wp\/v2\/posts\/2863","targetHints":{"allow":["GET"]}}],"collection":[{"href":"https:\/\/medicina.udd.cl\/fonoaudiologia-santiago\/wp-json\/wp\/v2\/posts"}],"about":[{"href":"https:\/\/medicina.udd.cl\/fonoaudiologia-santiago\/wp-json\/wp\/v2\/types\/post"}],"author":[{"embeddable":true,"href":"https:\/\/medicina.udd.cl\/fonoaudiologia-santiago\/wp-json\/wp\/v2\/users\/47"}],"replies":[{"embeddable":true,"href":"https:\/\/medicina.udd.cl\/fonoaudiologia-santiago\/wp-json\/wp\/v2\/comments?post=2863"}],"version-history":[{"count":5,"href":"https:\/\/medicina.udd.cl\/fonoaudiologia-santiago\/wp-json\/wp\/v2\/posts\/2863\/revisions"}],"predecessor-version":[{"id":2895,"href":"https:\/\/medicina.udd.cl\/fonoaudiologia-santiago\/wp-json\/wp\/v2\/posts\/2863\/revisions\/2895"}],"wp:featuredmedia":[{"embeddable":true,"href":"https:\/\/medicina.udd.cl\/fonoaudiologia-santiago\/wp-json\/wp\/v2\/media\/2864"}],"wp:attachment":[{"href":"https:\/\/medicina.udd.cl\/fonoaudiologia-santiago\/wp-json\/wp\/v2\/media?parent=2863"}],"wp:term":[{"taxonomy":"category","embeddable":true,"href":"https:\/\/medicina.udd.cl\/fonoaudiologia-santiago\/wp-json\/wp\/v2\/categories?post=2863"},{"taxonomy":"post_tag","embeddable":true,"href":"https:\/\/medicina.udd.cl\/fonoaudiologia-santiago\/wp-json\/wp\/v2\/tags?post=2863"}],"curies":[{"name":"wp","href":"https:\/\/api.w.org\/{rel}","templated":true}]}}