{"id":2914,"date":"2015-10-23T11:47:38","date_gmt":"2015-10-23T14:47:38","guid":{"rendered":"http:\/\/medicina.udd.cl\/fonoaudiologia-santiago\/?p=2914"},"modified":"2015-10-23T12:14:43","modified_gmt":"2015-10-23T15:14:43","slug":"vii-congreso-de-fonoaudiologia-reune-estudiantes-de-distintas-universidades-en-la-udd","status":"publish","type":"post","link":"https:\/\/medicina.udd.cl\/fonoaudiologia-santiago\/noticias\/2015\/10\/23\/vii-congreso-de-fonoaudiologia-reune-estudiantes-de-distintas-universidades-en-la-udd\/","title":{"rendered":"VII Congreso de Fonoaudiolog\u00eda re\u00fane a estudiantes de distintas universidades en la UDD"},"content":{"rendered":"<div id=\"gallery-1\" class=\"carousel slide carousel-gallery\" data-ride=\"false\" data-interval=\"false\"><div class=\"carousel-inner\" role=\"listbox\"><figure class=\"carousel-item active\"><img loading=\"lazy\" decoding=\"async\" width=\"675\" height=\"450\" src=\"https:\/\/medicina.udd.cl\/fonoaudiologia-santiago\/files\/2015\/10\/VII-Congreso-de-Fonoaudiolog\u00eda-8.jpg\" class=\"attachment-landscape_952 size-landscape_952\" alt=\"\" srcset=\"https:\/\/medicina.udd.cl\/fonoaudiologia-santiago\/files\/2015\/10\/VII-Congreso-de-Fonoaudiolog\u00eda-8.jpg 675w, https:\/\/medicina.udd.cl\/fonoaudiologia-santiago\/files\/2015\/10\/VII-Congreso-de-Fonoaudiolog\u00eda-8-300x200.jpg 300w\" sizes=\"auto, (max-width: 675px) 100vw, 675px\" \/><\/figure><figure class=\"carousel-item\"><img loading=\"lazy\" decoding=\"async\" width=\"675\" height=\"450\" src=\"https:\/\/medicina.udd.cl\/fonoaudiologia-santiago\/files\/2015\/10\/VII-Congreso-de-Fonoaudiolog\u00eda-3.jpg\" class=\"attachment-landscape_952 size-landscape_952\" alt=\"\" srcset=\"https:\/\/medicina.udd.cl\/fonoaudiologia-santiago\/files\/2015\/10\/VII-Congreso-de-Fonoaudiolog\u00eda-3.jpg 675w, https:\/\/medicina.udd.cl\/fonoaudiologia-santiago\/files\/2015\/10\/VII-Congreso-de-Fonoaudiolog\u00eda-3-300x200.jpg 300w\" sizes=\"auto, (max-width: 675px) 100vw, 675px\" \/><\/figure><figure class=\"carousel-item\"><img loading=\"lazy\" decoding=\"async\" width=\"675\" height=\"450\" src=\"https:\/\/medicina.udd.cl\/fonoaudiologia-santiago\/files\/2015\/10\/VII-Congreso-de-Fonoaudiolog\u00eda-7.jpg\" class=\"attachment-landscape_952 size-landscape_952\" alt=\"\" srcset=\"https:\/\/medicina.udd.cl\/fonoaudiologia-santiago\/files\/2015\/10\/VII-Congreso-de-Fonoaudiolog\u00eda-7.jpg 675w, https:\/\/medicina.udd.cl\/fonoaudiologia-santiago\/files\/2015\/10\/VII-Congreso-de-Fonoaudiolog\u00eda-7-300x200.jpg 300w\" sizes=\"auto, (max-width: 675px) 100vw, 675px\" \/><\/figure><figure class=\"carousel-item\"><img loading=\"lazy\" decoding=\"async\" width=\"675\" height=\"450\" src=\"https:\/\/medicina.udd.cl\/fonoaudiologia-santiago\/files\/2015\/10\/VII-Congreso-de-Fonoaudiolog\u00eda-10.jpg\" class=\"attachment-landscape_952 size-landscape_952\" alt=\"\" srcset=\"https:\/\/medicina.udd.cl\/fonoaudiologia-santiago\/files\/2015\/10\/VII-Congreso-de-Fonoaudiolog\u00eda-10.jpg 675w, https:\/\/medicina.udd.cl\/fonoaudiologia-santiago\/files\/2015\/10\/VII-Congreso-de-Fonoaudiolog\u00eda-10-300x200.jpg 300w\" sizes=\"auto, (max-width: 675px) 100vw, 675px\" \/><\/figure><figure class=\"carousel-item\"><img loading=\"lazy\" decoding=\"async\" width=\"675\" height=\"450\" src=\"https:\/\/medicina.udd.cl\/fonoaudiologia-santiago\/files\/2015\/10\/VII-Congreso-de-Fonoaudiolog\u00eda-4.jpg\" class=\"attachment-landscape_952 size-landscape_952\" alt=\"\" srcset=\"https:\/\/medicina.udd.cl\/fonoaudiologia-santiago\/files\/2015\/10\/VII-Congreso-de-Fonoaudiolog\u00eda-4.jpg 675w, https:\/\/medicina.udd.cl\/fonoaudiologia-santiago\/files\/2015\/10\/VII-Congreso-de-Fonoaudiolog\u00eda-4-300x200.jpg 300w\" sizes=\"auto, (max-width: 675px) 100vw, 675px\" \/><\/figure><figure class=\"carousel-item\"><img loading=\"lazy\" decoding=\"async\" width=\"675\" height=\"450\" src=\"https:\/\/medicina.udd.cl\/fonoaudiologia-santiago\/files\/2015\/10\/VII-Congreso-de-Fonoaudiolog\u00eda-2.jpg\" class=\"attachment-landscape_952 size-landscape_952\" alt=\"\" srcset=\"https:\/\/medicina.udd.cl\/fonoaudiologia-santiago\/files\/2015\/10\/VII-Congreso-de-Fonoaudiolog\u00eda-2.jpg 675w, https:\/\/medicina.udd.cl\/fonoaudiologia-santiago\/files\/2015\/10\/VII-Congreso-de-Fonoaudiolog\u00eda-2-300x200.jpg 300w\" sizes=\"auto, (max-width: 675px) 100vw, 675px\" \/><\/figure><figure class=\"carousel-item\"><img loading=\"lazy\" decoding=\"async\" width=\"675\" height=\"450\" src=\"https:\/\/medicina.udd.cl\/fonoaudiologia-santiago\/files\/2015\/10\/VII-Congreso-de-Fonoaudiolog\u00eda-6.jpg\" class=\"attachment-landscape_952 size-landscape_952\" alt=\"\" srcset=\"https:\/\/medicina.udd.cl\/fonoaudiologia-santiago\/files\/2015\/10\/VII-Congreso-de-Fonoaudiolog\u00eda-6.jpg 675w, https:\/\/medicina.udd.cl\/fonoaudiologia-santiago\/files\/2015\/10\/VII-Congreso-de-Fonoaudiolog\u00eda-6-300x200.jpg 300w\" sizes=\"auto, (max-width: 675px) 100vw, 675px\" \/><\/figure><figure class=\"carousel-item\"><img loading=\"lazy\" decoding=\"async\" width=\"675\" height=\"450\" src=\"https:\/\/medicina.udd.cl\/fonoaudiologia-santiago\/files\/2015\/10\/VII-Congreso-de-Fonoaudiolog\u00eda-1.jpg\" class=\"attachment-landscape_952 size-landscape_952\" alt=\"\" srcset=\"https:\/\/medicina.udd.cl\/fonoaudiologia-santiago\/files\/2015\/10\/VII-Congreso-de-Fonoaudiolog\u00eda-1.jpg 675w, https:\/\/medicina.udd.cl\/fonoaudiologia-santiago\/files\/2015\/10\/VII-Congreso-de-Fonoaudiolog\u00eda-1-300x200.jpg 300w\" sizes=\"auto, (max-width: 675px) 100vw, 675px\" \/><\/figure><figure class=\"carousel-item\"><img loading=\"lazy\" decoding=\"async\" width=\"675\" height=\"450\" src=\"https:\/\/medicina.udd.cl\/fonoaudiologia-santiago\/files\/2015\/10\/VII-Congreso-de-Fonoaudiolog\u00eda-11.jpg\" class=\"attachment-landscape_952 size-landscape_952\" alt=\"\" srcset=\"https:\/\/medicina.udd.cl\/fonoaudiologia-santiago\/files\/2015\/10\/VII-Congreso-de-Fonoaudiolog\u00eda-11.jpg 675w, https:\/\/medicina.udd.cl\/fonoaudiologia-santiago\/files\/2015\/10\/VII-Congreso-de-Fonoaudiolog\u00eda-11-300x200.jpg 300w\" sizes=\"auto, (max-width: 675px) 100vw, 675px\" \/><\/figure><figure class=\"carousel-item\"><img loading=\"lazy\" decoding=\"async\" width=\"675\" height=\"450\" src=\"https:\/\/medicina.udd.cl\/fonoaudiologia-santiago\/files\/2015\/10\/VII-Congreso-de-Fonoaudiolog\u00eda-5.jpg\" class=\"attachment-landscape_952 size-landscape_952\" alt=\"\" srcset=\"https:\/\/medicina.udd.cl\/fonoaudiologia-santiago\/files\/2015\/10\/VII-Congreso-de-Fonoaudiolog\u00eda-5.jpg 675w, https:\/\/medicina.udd.cl\/fonoaudiologia-santiago\/files\/2015\/10\/VII-Congreso-de-Fonoaudiolog\u00eda-5-300x200.jpg 300w\" sizes=\"auto, (max-width: 675px) 100vw, 675px\" \/><\/figure><figure class=\"carousel-item\"><img loading=\"lazy\" decoding=\"async\" width=\"675\" height=\"450\" src=\"https:\/\/medicina.udd.cl\/fonoaudiologia-santiago\/files\/2015\/10\/VII-Congreso-de-Fonoaudiolog\u00eda-9.jpg\" class=\"attachment-landscape_952 size-landscape_952\" alt=\"\" srcset=\"https:\/\/medicina.udd.cl\/fonoaudiologia-santiago\/files\/2015\/10\/VII-Congreso-de-Fonoaudiolog\u00eda-9.jpg 675w, https:\/\/medicina.udd.cl\/fonoaudiologia-santiago\/files\/2015\/10\/VII-Congreso-de-Fonoaudiolog\u00eda-9-300x200.jpg 300w\" sizes=\"auto, (max-width: 675px) 100vw, 675px\" \/><\/figure><\/div><footer class=\"carousel-footer\"><div class=\"carousel-counter\"><span class=\"carousel-counter-current\"><\/span> \/ <span class=\"carousel-counter-total\"><\/span><\/div><a class=\"carousel-control-prev\" href=\"#gallery-1\" role=\"button\" data-slide=\"prev\"><svg aria-hidden=\"true\" class=\"svg-chevron-left-dims\"><use xlink:href='https:\/\/medicina.udd.cl\/fonoaudiologia-santiago\/wp-content\/themes\/facultades-2018\/assets\/img\/svg\/dist\/main.svg?version=1695853099#chevron-left'><\/use><\/svg><span class=\"sr-only\">Anterior<\/span><\/a><a class=\"carousel-control-next\" href=\"#gallery-1\" role=\"button\" data-slide=\"next\"><svg aria-hidden=\"true\" class=\"svg-chevron-right-dims\"><use xlink:href='https:\/\/medicina.udd.cl\/fonoaudiologia-santiago\/wp-content\/themes\/facultades-2018\/assets\/img\/svg\/dist\/main.svg?version=1695853099#chevron-right'><\/use><\/svg><span class=\"sr-only\">Siguiente<\/span><\/a><\/footer><\/div>\n<p>La universidad del Desarrollo de Santiago y Concepci\u00f3n, Universidad de Chile, Mayor, Aut\u00f3noma, Internacional SEK, Austral de Puerto Montt, San Sebasti\u00e1n y UCINF, participaron del VII Congreso de Estudiantes de Fonoaudiolog\u00eda que organiz\u00f3 la Facultad de Medicina CAS-UDD.<\/p>\n<p style=\"text-align: justify\">Modelo de intervenci\u00f3n neuropsicol\u00f3gica cognitiva conexionista, repercusiones de la prematurez en el desarrollo cognitivo ling\u00fc\u00edstico, alteraci\u00f3n de funci\u00f3n ejecutiva de tipo planificaci\u00f3n en pacientes con esquizofrenia y su repercusi\u00f3n en el discurso narrativo, fueron algunas de las tem\u00e1ticas que se presentaron en la instancia creada por el coordinador del \u00e1rea ling\u00fc\u00edstica, Rodrigo Trujillo y el Centro de Alumnos de Fonoaudiolog\u00eda, con el fin de profundizar en la disciplina que los convoca y conocer lo que las otras universidades est\u00e1n investigando.<\/p>\n<p style=\"text-align: justify\">\u201cEs relevante que se realicen estos congresos, ya que permiten la inclusi\u00f3n de distintas universidades que imparten la carrera de Fonoaudiolog\u00eda. Es una instancia para que los estudiantes se conozcan, compartan y podamos ver los elementos que tenemos en com\u00fan\u201d, explic\u00f3 el profesor Trujillo.<\/p>\n<p style=\"text-align: justify\">Al congreso asisti\u00f3 Mar\u00eda Ang\u00e9lica L\u00f3pez, directora de Fonoaudiolog\u00eda, Antonella Urz\u00faa, coordinadora acad\u00e9mica y los docentes de la carrera.<\/p>\n","protected":false},"excerpt":{"rendered":"<p>Diez investigaciones se presentaron en el s\u00e9ptimo congreso que organiza el Centro de Alumnos de Fonoaudiolog\u00eda UDD, en conjunto con el acad\u00e9mico Rodrigo Trujillo.<\/p>\n","protected":false},"author":47,"featured_media":2922,"comment_status":"open","ping_status":"open","sticky":false,"template":"","format":"standard","meta":{"footnotes":""},"categories":[4],"tags":[],"class_list":["post-2914","post","type-post","status-publish","format-standard","has-post-thumbnail","hentry","category-noticias"],"yoast_head":"<!-- This site is optimized with the Yoast SEO plugin v26.9 - https:\/\/yoast.com\/product\/yoast-seo-wordpress\/ -->\n<title>VII Congreso de Fonoaudiolog\u00eda re\u00fane a estudiantes de distintas universidades en la UDD<\/title>\n<meta name=\"description\" content=\"La universidad del Desarrollo de Santiago y Concepci\u00f3n, Universidad de Chile, Mayor, Aut\u00f3noma, Internacional SEK, Austral de Puerto Montt, San Sebasti\u00e1n y UCINF\" \/>\n<meta name=\"robots\" content=\"index, follow, max-snippet:-1, max-image-preview:large, max-video-preview:-1\" \/>\n<link rel=\"canonical\" href=\"https:\/\/medicina.udd.cl\/fonoaudiologia-santiago\/noticias\/2015\/10\/23\/vii-congreso-de-fonoaudiologia-reune-estudiantes-de-distintas-universidades-en-la-udd\/\" \/>\n<meta property=\"og:locale\" content=\"es_ES\" \/>\n<meta property=\"og:type\" content=\"article\" \/>\n<meta property=\"og:title\" content=\"VII Congreso de Fonoaudiolog\u00eda re\u00fane a estudiantes de distintas universidades en la UDD\" \/>\n<meta property=\"og:description\" content=\"La universidad del Desarrollo de Santiago y Concepci\u00f3n, Universidad de Chile, Mayor, Aut\u00f3noma, Internacional SEK, Austral de Puerto Montt, San Sebasti\u00e1n y UCINF\" \/>\n<meta property=\"og:url\" content=\"https:\/\/medicina.udd.cl\/fonoaudiologia-santiago\/noticias\/2015\/10\/23\/vii-congreso-de-fonoaudiologia-reune-estudiantes-de-distintas-universidades-en-la-udd\/\" \/>\n<meta property=\"og:site_name\" content=\"Fonoaudiolog\u00eda\" \/>\n<meta property=\"article:published_time\" content=\"2015-10-23T14:47:38+00:00\" \/>\n<meta property=\"article:modified_time\" content=\"2015-10-23T15:14:43+00:00\" \/>\n<meta property=\"og:image\" content=\"https:\/\/medicina.udd.cl\/fonoaudiologia-santiago\/files\/2015\/10\/VII-Congreso-de-Fonoaudiolog\u00eda-9.jpg\" \/>\n\t<meta property=\"og:image:width\" content=\"675\" \/>\n\t<meta property=\"og:image:height\" content=\"450\" \/>\n\t<meta property=\"og:image:type\" content=\"image\/jpeg\" \/>\n<meta name=\"author\" content=\"rominagianotti\" \/>\n<meta name=\"twitter:label1\" content=\"Escrito por\" \/>\n\t<meta name=\"twitter:data1\" content=\"rominagianotti\" \/>\n\t<meta name=\"twitter:label2\" content=\"Tiempo de lectura\" \/>\n\t<meta name=\"twitter:data2\" content=\"1 minuto\" \/>\n<script type=\"application\/ld+json\" class=\"yoast-schema-graph\">{\"@context\":\"https:\/\/schema.org\",\"@graph\":[{\"@type\":\"Article\",\"@id\":\"https:\/\/medicina.udd.cl\/fonoaudiologia-santiago\/noticias\/2015\/10\/23\/vii-congreso-de-fonoaudiologia-reune-estudiantes-de-distintas-universidades-en-la-udd\/#article\",\"isPartOf\":{\"@id\":\"https:\/\/medicina.udd.cl\/fonoaudiologia-santiago\/noticias\/2015\/10\/23\/vii-congreso-de-fonoaudiologia-reune-estudiantes-de-distintas-universidades-en-la-udd\/\"},\"author\":{\"name\":\"rominagianotti\",\"@id\":\"https:\/\/medicina.udd.cl\/fonoaudiologia-santiago\/#\/schema\/person\/d2a1450d36aff8cda548012f30ae8d47\"},\"headline\":\"VII Congreso de Fonoaudiolog\u00eda re\u00fane a estudiantes de distintas universidades en la UDD\",\"datePublished\":\"2015-10-23T14:47:38+00:00\",\"dateModified\":\"2015-10-23T15:14:43+00:00\",\"mainEntityOfPage\":{\"@id\":\"https:\/\/medicina.udd.cl\/fonoaudiologia-santiago\/noticias\/2015\/10\/23\/vii-congreso-de-fonoaudiologia-reune-estudiantes-de-distintas-universidades-en-la-udd\/\"},\"wordCount\":224,\"commentCount\":0,\"image\":{\"@id\":\"https:\/\/medicina.udd.cl\/fonoaudiologia-santiago\/noticias\/2015\/10\/23\/vii-congreso-de-fonoaudiologia-reune-estudiantes-de-distintas-universidades-en-la-udd\/#primaryimage\"},\"thumbnailUrl\":\"https:\/\/medicina.udd.cl\/fonoaudiologia-santiago\/files\/2015\/10\/VII-Congreso-de-Fonoaudiolog\u00eda-9.jpg\",\"articleSection\":[\"Noticias\"],\"inLanguage\":\"es\",\"potentialAction\":[{\"@type\":\"CommentAction\",\"name\":\"Comment\",\"target\":[\"https:\/\/medicina.udd.cl\/fonoaudiologia-santiago\/noticias\/2015\/10\/23\/vii-congreso-de-fonoaudiologia-reune-estudiantes-de-distintas-universidades-en-la-udd\/#respond\"]}]},{\"@type\":\"WebPage\",\"@id\":\"https:\/\/medicina.udd.cl\/fonoaudiologia-santiago\/noticias\/2015\/10\/23\/vii-congreso-de-fonoaudiologia-reune-estudiantes-de-distintas-universidades-en-la-udd\/\",\"url\":\"https:\/\/medicina.udd.cl\/fonoaudiologia-santiago\/noticias\/2015\/10\/23\/vii-congreso-de-fonoaudiologia-reune-estudiantes-de-distintas-universidades-en-la-udd\/\",\"name\":\"VII Congreso de Fonoaudiolog\u00eda re\u00fane a estudiantes de distintas universidades en la UDD\",\"isPartOf\":{\"@id\":\"https:\/\/medicina.udd.cl\/fonoaudiologia-santiago\/#website\"},\"primaryImageOfPage\":{\"@id\":\"https:\/\/medicina.udd.cl\/fonoaudiologia-santiago\/noticias\/2015\/10\/23\/vii-congreso-de-fonoaudiologia-reune-estudiantes-de-distintas-universidades-en-la-udd\/#primaryimage\"},\"image\":{\"@id\":\"https:\/\/medicina.udd.cl\/fonoaudiologia-santiago\/noticias\/2015\/10\/23\/vii-congreso-de-fonoaudiologia-reune-estudiantes-de-distintas-universidades-en-la-udd\/#primaryimage\"},\"thumbnailUrl\":\"https:\/\/medicina.udd.cl\/fonoaudiologia-santiago\/files\/2015\/10\/VII-Congreso-de-Fonoaudiolog\u00eda-9.jpg\",\"datePublished\":\"2015-10-23T14:47:38+00:00\",\"dateModified\":\"2015-10-23T15:14:43+00:00\",\"author\":{\"@id\":\"https:\/\/medicina.udd.cl\/fonoaudiologia-santiago\/#\/schema\/person\/d2a1450d36aff8cda548012f30ae8d47\"},\"description\":\"La universidad del Desarrollo de Santiago y Concepci\u00f3n, Universidad de Chile, Mayor, Aut\u00f3noma, Internacional SEK, Austral de Puerto Montt, San Sebasti\u00e1n y UCINF\",\"breadcrumb\":{\"@id\":\"https:\/\/medicina.udd.cl\/fonoaudiologia-santiago\/noticias\/2015\/10\/23\/vii-congreso-de-fonoaudiologia-reune-estudiantes-de-distintas-universidades-en-la-udd\/#breadcrumb\"},\"inLanguage\":\"es\",\"potentialAction\":[{\"@type\":\"ReadAction\",\"target\":[\"https:\/\/medicina.udd.cl\/fonoaudiologia-santiago\/noticias\/2015\/10\/23\/vii-congreso-de-fonoaudiologia-reune-estudiantes-de-distintas-universidades-en-la-udd\/\"]}]},{\"@type\":\"ImageObject\",\"inLanguage\":\"es\",\"@id\":\"https:\/\/medicina.udd.cl\/fonoaudiologia-santiago\/noticias\/2015\/10\/23\/vii-congreso-de-fonoaudiologia-reune-estudiantes-de-distintas-universidades-en-la-udd\/#primaryimage\",\"url\":\"https:\/\/medicina.udd.cl\/fonoaudiologia-santiago\/files\/2015\/10\/VII-Congreso-de-Fonoaudiolog\u00eda-9.jpg\",\"contentUrl\":\"https:\/\/medicina.udd.cl\/fonoaudiologia-santiago\/files\/2015\/10\/VII-Congreso-de-Fonoaudiolog\u00eda-9.jpg\",\"width\":675,\"height\":450},{\"@type\":\"BreadcrumbList\",\"@id\":\"https:\/\/medicina.udd.cl\/fonoaudiologia-santiago\/noticias\/2015\/10\/23\/vii-congreso-de-fonoaudiologia-reune-estudiantes-de-distintas-universidades-en-la-udd\/#breadcrumb\",\"itemListElement\":[{\"@type\":\"ListItem\",\"position\":1,\"name\":\"Home\",\"item\":\"https:\/\/medicina.udd.cl\/fonoaudiologia-santiago\/\"},{\"@type\":\"ListItem\",\"position\":2,\"name\":\"VII Congreso de Fonoaudiolog\u00eda re\u00fane a estudiantes de distintas universidades en la UDD\"}]},{\"@type\":\"WebSite\",\"@id\":\"https:\/\/medicina.udd.cl\/fonoaudiologia-santiago\/#website\",\"url\":\"https:\/\/medicina.udd.cl\/fonoaudiologia-santiago\/\",\"name\":\"Fonoaudiolog\u00eda\",\"description\":\"Facultad de Medicina Cl\u00ednica Alemana Universidad del Desarrollo\",\"inLanguage\":\"es\"},{\"@type\":\"Person\",\"@id\":\"https:\/\/medicina.udd.cl\/fonoaudiologia-santiago\/#\/schema\/person\/d2a1450d36aff8cda548012f30ae8d47\",\"name\":\"rominagianotti\",\"image\":{\"@type\":\"ImageObject\",\"inLanguage\":\"es\",\"@id\":\"https:\/\/medicina.udd.cl\/fonoaudiologia-santiago\/#\/schema\/person\/image\/\",\"url\":\"https:\/\/secure.gravatar.com\/avatar\/106dae79925154d9c4e321db25d50a6deb801d5b80ec313022dbea6ef60814cc?s=96&d=mm&r=g\",\"contentUrl\":\"https:\/\/secure.gravatar.com\/avatar\/106dae79925154d9c4e321db25d50a6deb801d5b80ec313022dbea6ef60814cc?s=96&d=mm&r=g\",\"caption\":\"rominagianotti\"},\"url\":\"https:\/\/medicina.udd.cl\/fonoaudiologia-santiago\/noticias\/author\/rominagianotti\/\"}]}<\/script>\n<!-- \/ Yoast SEO plugin. -->","yoast_head_json":{"title":"VII Congreso de Fonoaudiolog\u00eda re\u00fane a estudiantes de distintas universidades en la UDD","description":"La universidad del Desarrollo de Santiago y Concepci\u00f3n, Universidad de Chile, Mayor, Aut\u00f3noma, Internacional SEK, Austral de Puerto Montt, San Sebasti\u00e1n y UCINF","robots":{"index":"index","follow":"follow","max-snippet":"max-snippet:-1","max-image-preview":"max-image-preview:large","max-video-preview":"max-video-preview:-1"},"canonical":"https:\/\/medicina.udd.cl\/fonoaudiologia-santiago\/noticias\/2015\/10\/23\/vii-congreso-de-fonoaudiologia-reune-estudiantes-de-distintas-universidades-en-la-udd\/","og_locale":"es_ES","og_type":"article","og_title":"VII Congreso de Fonoaudiolog\u00eda re\u00fane a estudiantes de distintas universidades en la UDD","og_description":"La universidad del Desarrollo de Santiago y Concepci\u00f3n, Universidad de Chile, Mayor, Aut\u00f3noma, Internacional SEK, Austral de Puerto Montt, San Sebasti\u00e1n y UCINF","og_url":"https:\/\/medicina.udd.cl\/fonoaudiologia-santiago\/noticias\/2015\/10\/23\/vii-congreso-de-fonoaudiologia-reune-estudiantes-de-distintas-universidades-en-la-udd\/","og_site_name":"Fonoaudiolog\u00eda","article_published_time":"2015-10-23T14:47:38+00:00","article_modified_time":"2015-10-23T15:14:43+00:00","og_image":[{"width":675,"height":450,"url":"https:\/\/medicina.udd.cl\/fonoaudiologia-santiago\/files\/2015\/10\/VII-Congreso-de-Fonoaudiolog\u00eda-9.jpg","type":"image\/jpeg"}],"author":"rominagianotti","twitter_misc":{"Escrito por":"rominagianotti","Tiempo de lectura":"1 minuto"},"schema":{"@context":"https:\/\/schema.org","@graph":[{"@type":"Article","@id":"https:\/\/medicina.udd.cl\/fonoaudiologia-santiago\/noticias\/2015\/10\/23\/vii-congreso-de-fonoaudiologia-reune-estudiantes-de-distintas-universidades-en-la-udd\/#article","isPartOf":{"@id":"https:\/\/medicina.udd.cl\/fonoaudiologia-santiago\/noticias\/2015\/10\/23\/vii-congreso-de-fonoaudiologia-reune-estudiantes-de-distintas-universidades-en-la-udd\/"},"author":{"name":"rominagianotti","@id":"https:\/\/medicina.udd.cl\/fonoaudiologia-santiago\/#\/schema\/person\/d2a1450d36aff8cda548012f30ae8d47"},"headline":"VII Congreso de Fonoaudiolog\u00eda re\u00fane a estudiantes de distintas universidades en la UDD","datePublished":"2015-10-23T14:47:38+00:00","dateModified":"2015-10-23T15:14:43+00:00","mainEntityOfPage":{"@id":"https:\/\/medicina.udd.cl\/fonoaudiologia-santiago\/noticias\/2015\/10\/23\/vii-congreso-de-fonoaudiologia-reune-estudiantes-de-distintas-universidades-en-la-udd\/"},"wordCount":224,"commentCount":0,"image":{"@id":"https:\/\/medicina.udd.cl\/fonoaudiologia-santiago\/noticias\/2015\/10\/23\/vii-congreso-de-fonoaudiologia-reune-estudiantes-de-distintas-universidades-en-la-udd\/#primaryimage"},"thumbnailUrl":"https:\/\/medicina.udd.cl\/fonoaudiologia-santiago\/files\/2015\/10\/VII-Congreso-de-Fonoaudiolog\u00eda-9.jpg","articleSection":["Noticias"],"inLanguage":"es","potentialAction":[{"@type":"CommentAction","name":"Comment","target":["https:\/\/medicina.udd.cl\/fonoaudiologia-santiago\/noticias\/2015\/10\/23\/vii-congreso-de-fonoaudiologia-reune-estudiantes-de-distintas-universidades-en-la-udd\/#respond"]}]},{"@type":"WebPage","@id":"https:\/\/medicina.udd.cl\/fonoaudiologia-santiago\/noticias\/2015\/10\/23\/vii-congreso-de-fonoaudiologia-reune-estudiantes-de-distintas-universidades-en-la-udd\/","url":"https:\/\/medicina.udd.cl\/fonoaudiologia-santiago\/noticias\/2015\/10\/23\/vii-congreso-de-fonoaudiologia-reune-estudiantes-de-distintas-universidades-en-la-udd\/","name":"VII Congreso de Fonoaudiolog\u00eda re\u00fane a estudiantes de distintas universidades en la UDD","isPartOf":{"@id":"https:\/\/medicina.udd.cl\/fonoaudiologia-santiago\/#website"},"primaryImageOfPage":{"@id":"https:\/\/medicina.udd.cl\/fonoaudiologia-santiago\/noticias\/2015\/10\/23\/vii-congreso-de-fonoaudiologia-reune-estudiantes-de-distintas-universidades-en-la-udd\/#primaryimage"},"image":{"@id":"https:\/\/medicina.udd.cl\/fonoaudiologia-santiago\/noticias\/2015\/10\/23\/vii-congreso-de-fonoaudiologia-reune-estudiantes-de-distintas-universidades-en-la-udd\/#primaryimage"},"thumbnailUrl":"https:\/\/medicina.udd.cl\/fonoaudiologia-santiago\/files\/2015\/10\/VII-Congreso-de-Fonoaudiolog\u00eda-9.jpg","datePublished":"2015-10-23T14:47:38+00:00","dateModified":"2015-10-23T15:14:43+00:00","author":{"@id":"https:\/\/medicina.udd.cl\/fonoaudiologia-santiago\/#\/schema\/person\/d2a1450d36aff8cda548012f30ae8d47"},"description":"La universidad del Desarrollo de Santiago y Concepci\u00f3n, Universidad de Chile, Mayor, Aut\u00f3noma, Internacional SEK, Austral de Puerto Montt, San Sebasti\u00e1n y UCINF","breadcrumb":{"@id":"https:\/\/medicina.udd.cl\/fonoaudiologia-santiago\/noticias\/2015\/10\/23\/vii-congreso-de-fonoaudiologia-reune-estudiantes-de-distintas-universidades-en-la-udd\/#breadcrumb"},"inLanguage":"es","potentialAction":[{"@type":"ReadAction","target":["https:\/\/medicina.udd.cl\/fonoaudiologia-santiago\/noticias\/2015\/10\/23\/vii-congreso-de-fonoaudiologia-reune-estudiantes-de-distintas-universidades-en-la-udd\/"]}]},{"@type":"ImageObject","inLanguage":"es","@id":"https:\/\/medicina.udd.cl\/fonoaudiologia-santiago\/noticias\/2015\/10\/23\/vii-congreso-de-fonoaudiologia-reune-estudiantes-de-distintas-universidades-en-la-udd\/#primaryimage","url":"https:\/\/medicina.udd.cl\/fonoaudiologia-santiago\/files\/2015\/10\/VII-Congreso-de-Fonoaudiolog\u00eda-9.jpg","contentUrl":"https:\/\/medicina.udd.cl\/fonoaudiologia-santiago\/files\/2015\/10\/VII-Congreso-de-Fonoaudiolog\u00eda-9.jpg","width":675,"height":450},{"@type":"BreadcrumbList","@id":"https:\/\/medicina.udd.cl\/fonoaudiologia-santiago\/noticias\/2015\/10\/23\/vii-congreso-de-fonoaudiologia-reune-estudiantes-de-distintas-universidades-en-la-udd\/#breadcrumb","itemListElement":[{"@type":"ListItem","position":1,"name":"Home","item":"https:\/\/medicina.udd.cl\/fonoaudiologia-santiago\/"},{"@type":"ListItem","position":2,"name":"VII Congreso de Fonoaudiolog\u00eda re\u00fane a estudiantes de distintas universidades en la UDD"}]},{"@type":"WebSite","@id":"https:\/\/medicina.udd.cl\/fonoaudiologia-santiago\/#website","url":"https:\/\/medicina.udd.cl\/fonoaudiologia-santiago\/","name":"Fonoaudiolog\u00eda","description":"Facultad de Medicina Cl\u00ednica Alemana Universidad del Desarrollo","inLanguage":"es"},{"@type":"Person","@id":"https:\/\/medicina.udd.cl\/fonoaudiologia-santiago\/#\/schema\/person\/d2a1450d36aff8cda548012f30ae8d47","name":"rominagianotti","image":{"@type":"ImageObject","inLanguage":"es","@id":"https:\/\/medicina.udd.cl\/fonoaudiologia-santiago\/#\/schema\/person\/image\/","url":"https:\/\/secure.gravatar.com\/avatar\/106dae79925154d9c4e321db25d50a6deb801d5b80ec313022dbea6ef60814cc?s=96&d=mm&r=g","contentUrl":"https:\/\/secure.gravatar.com\/avatar\/106dae79925154d9c4e321db25d50a6deb801d5b80ec313022dbea6ef60814cc?s=96&d=mm&r=g","caption":"rominagianotti"},"url":"https:\/\/medicina.udd.cl\/fonoaudiologia-santiago\/noticias\/author\/rominagianotti\/"}]}},"featured_image_url":"https:\/\/medicina.udd.cl\/fonoaudiologia-santiago\/files\/2015\/10\/VII-Congreso-de-Fonoaudiolog\u00eda-9.jpg","_links":{"self":[{"href":"https:\/\/medicina.udd.cl\/fonoaudiologia-santiago\/wp-json\/wp\/v2\/posts\/2914","targetHints":{"allow":["GET"]}}],"collection":[{"href":"https:\/\/medicina.udd.cl\/fonoaudiologia-santiago\/wp-json\/wp\/v2\/posts"}],"about":[{"href":"https:\/\/medicina.udd.cl\/fonoaudiologia-santiago\/wp-json\/wp\/v2\/types\/post"}],"author":[{"embeddable":true,"href":"https:\/\/medicina.udd.cl\/fonoaudiologia-santiago\/wp-json\/wp\/v2\/users\/47"}],"replies":[{"embeddable":true,"href":"https:\/\/medicina.udd.cl\/fonoaudiologia-santiago\/wp-json\/wp\/v2\/comments?post=2914"}],"version-history":[{"count":3,"href":"https:\/\/medicina.udd.cl\/fonoaudiologia-santiago\/wp-json\/wp\/v2\/posts\/2914\/revisions"}],"predecessor-version":[{"id":2926,"href":"https:\/\/medicina.udd.cl\/fonoaudiologia-santiago\/wp-json\/wp\/v2\/posts\/2914\/revisions\/2926"}],"wp:featuredmedia":[{"embeddable":true,"href":"https:\/\/medicina.udd.cl\/fonoaudiologia-santiago\/wp-json\/wp\/v2\/media\/2922"}],"wp:attachment":[{"href":"https:\/\/medicina.udd.cl\/fonoaudiologia-santiago\/wp-json\/wp\/v2\/media?parent=2914"}],"wp:term":[{"taxonomy":"category","embeddable":true,"href":"https:\/\/medicina.udd.cl\/fonoaudiologia-santiago\/wp-json\/wp\/v2\/categories?post=2914"},{"taxonomy":"post_tag","embeddable":true,"href":"https:\/\/medicina.udd.cl\/fonoaudiologia-santiago\/wp-json\/wp\/v2\/tags?post=2914"}],"curies":[{"name":"wp","href":"https:\/\/api.w.org\/{rel}","templated":true}]}}