{"id":2931,"date":"2015-10-24T09:26:10","date_gmt":"2015-10-24T12:26:10","guid":{"rendered":"http:\/\/medicina.udd.cl\/fonoaudiologia-santiago\/?p=2931"},"modified":"2015-10-26T11:26:57","modified_gmt":"2015-10-26T14:26:57","slug":"directora-de-fonoaudiologia-udd-dicto-charla-sobre-la-primera-craneotomia-con-trabajo-fonoaudiologico-en-clinica-alemana","status":"publish","type":"post","link":"https:\/\/medicina.udd.cl\/fonoaudiologia-santiago\/noticias\/2015\/10\/24\/directora-de-fonoaudiologia-udd-dicto-charla-sobre-la-primera-craneotomia-con-trabajo-fonoaudiologico-en-clinica-alemana\/","title":{"rendered":"Directora de Fonoaudiolog\u00eda UDD dict\u00f3 charla sobre la primera craneotom\u00eda con trabajo fonoaudiol\u00f3gico en Cl\u00ednica Alemana"},"content":{"rendered":"<div id=\"gallery-1\" class=\"carousel slide carousel-gallery\" data-ride=\"false\" data-interval=\"false\"><div class=\"carousel-inner\" role=\"listbox\"><figure class=\"carousel-item active\"><img loading=\"lazy\" decoding=\"async\" width=\"801\" height=\"534\" src=\"https:\/\/medicina.udd.cl\/fonoaudiologia-santiago\/files\/2015\/10\/IMG_0980.jpg\" class=\"attachment-landscape_952 size-landscape_952\" alt=\"\" srcset=\"https:\/\/medicina.udd.cl\/fonoaudiologia-santiago\/files\/2015\/10\/IMG_0980.jpg 5184w, https:\/\/medicina.udd.cl\/fonoaudiologia-santiago\/files\/2015\/10\/IMG_0980-300x200.jpg 300w, https:\/\/medicina.udd.cl\/fonoaudiologia-santiago\/files\/2015\/10\/IMG_0980-768x512.jpg 768w, https:\/\/medicina.udd.cl\/fonoaudiologia-santiago\/files\/2015\/10\/IMG_0980-1024x683.jpg 1024w, https:\/\/medicina.udd.cl\/fonoaudiologia-santiago\/files\/2015\/10\/IMG_0980-960x640.jpg 960w\" sizes=\"auto, (max-width: 801px) 100vw, 801px\" \/><\/figure><figure class=\"carousel-item\"><img loading=\"lazy\" decoding=\"async\" width=\"801\" height=\"534\" src=\"https:\/\/medicina.udd.cl\/fonoaudiologia-santiago\/files\/2015\/10\/IMG_0998.jpg\" class=\"attachment-landscape_952 size-landscape_952\" alt=\"\" srcset=\"https:\/\/medicina.udd.cl\/fonoaudiologia-santiago\/files\/2015\/10\/IMG_0998.jpg 5184w, https:\/\/medicina.udd.cl\/fonoaudiologia-santiago\/files\/2015\/10\/IMG_0998-300x200.jpg 300w, https:\/\/medicina.udd.cl\/fonoaudiologia-santiago\/files\/2015\/10\/IMG_0998-768x512.jpg 768w, https:\/\/medicina.udd.cl\/fonoaudiologia-santiago\/files\/2015\/10\/IMG_0998-1024x683.jpg 1024w, https:\/\/medicina.udd.cl\/fonoaudiologia-santiago\/files\/2015\/10\/IMG_0998-960x640.jpg 960w\" sizes=\"auto, (max-width: 801px) 100vw, 801px\" \/><\/figure><figure class=\"carousel-item\"><img loading=\"lazy\" decoding=\"async\" width=\"801\" height=\"534\" src=\"https:\/\/medicina.udd.cl\/fonoaudiologia-santiago\/files\/2015\/10\/IMG_1034.jpg\" class=\"attachment-landscape_952 size-landscape_952\" alt=\"\" srcset=\"https:\/\/medicina.udd.cl\/fonoaudiologia-santiago\/files\/2015\/10\/IMG_1034.jpg 5184w, https:\/\/medicina.udd.cl\/fonoaudiologia-santiago\/files\/2015\/10\/IMG_1034-300x200.jpg 300w, https:\/\/medicina.udd.cl\/fonoaudiologia-santiago\/files\/2015\/10\/IMG_1034-768x512.jpg 768w, https:\/\/medicina.udd.cl\/fonoaudiologia-santiago\/files\/2015\/10\/IMG_1034-1024x683.jpg 1024w, https:\/\/medicina.udd.cl\/fonoaudiologia-santiago\/files\/2015\/10\/IMG_1034-960x640.jpg 960w\" sizes=\"auto, (max-width: 801px) 100vw, 801px\" \/><\/figure><figure class=\"carousel-item\"><img loading=\"lazy\" decoding=\"async\" width=\"801\" height=\"534\" src=\"https:\/\/medicina.udd.cl\/fonoaudiologia-santiago\/files\/2015\/10\/IMG_1053.jpg\" class=\"attachment-landscape_952 size-landscape_952\" alt=\"\" srcset=\"https:\/\/medicina.udd.cl\/fonoaudiologia-santiago\/files\/2015\/10\/IMG_1053.jpg 5184w, https:\/\/medicina.udd.cl\/fonoaudiologia-santiago\/files\/2015\/10\/IMG_1053-300x200.jpg 300w, https:\/\/medicina.udd.cl\/fonoaudiologia-santiago\/files\/2015\/10\/IMG_1053-768x512.jpg 768w, https:\/\/medicina.udd.cl\/fonoaudiologia-santiago\/files\/2015\/10\/IMG_1053-1024x683.jpg 1024w, https:\/\/medicina.udd.cl\/fonoaudiologia-santiago\/files\/2015\/10\/IMG_1053-960x640.jpg 960w\" sizes=\"auto, (max-width: 801px) 100vw, 801px\" \/><\/figure><figure class=\"carousel-item\"><img loading=\"lazy\" decoding=\"async\" width=\"800\" height=\"534\" src=\"https:\/\/medicina.udd.cl\/fonoaudiologia-santiago\/files\/2015\/10\/IMG_1060.jpg\" class=\"attachment-landscape_952 size-landscape_952\" alt=\"\" srcset=\"https:\/\/medicina.udd.cl\/fonoaudiologia-santiago\/files\/2015\/10\/IMG_1060.jpg 3756w, https:\/\/medicina.udd.cl\/fonoaudiologia-santiago\/files\/2015\/10\/IMG_1060-300x200.jpg 300w, https:\/\/medicina.udd.cl\/fonoaudiologia-santiago\/files\/2015\/10\/IMG_1060-768x513.jpg 768w, https:\/\/medicina.udd.cl\/fonoaudiologia-santiago\/files\/2015\/10\/IMG_1060-1024x684.jpg 1024w, https:\/\/medicina.udd.cl\/fonoaudiologia-santiago\/files\/2015\/10\/IMG_1060-960x641.jpg 960w\" sizes=\"auto, (max-width: 800px) 100vw, 800px\" \/><\/figure><figure class=\"carousel-item\"><img loading=\"lazy\" decoding=\"async\" width=\"801\" height=\"534\" src=\"https:\/\/medicina.udd.cl\/fonoaudiologia-santiago\/files\/2015\/10\/IMG_1089.jpg\" class=\"attachment-landscape_952 size-landscape_952\" alt=\"\" srcset=\"https:\/\/medicina.udd.cl\/fonoaudiologia-santiago\/files\/2015\/10\/IMG_1089.jpg 5184w, https:\/\/medicina.udd.cl\/fonoaudiologia-santiago\/files\/2015\/10\/IMG_1089-300x200.jpg 300w, https:\/\/medicina.udd.cl\/fonoaudiologia-santiago\/files\/2015\/10\/IMG_1089-768x512.jpg 768w, https:\/\/medicina.udd.cl\/fonoaudiologia-santiago\/files\/2015\/10\/IMG_1089-1024x683.jpg 1024w, https:\/\/medicina.udd.cl\/fonoaudiologia-santiago\/files\/2015\/10\/IMG_1089-960x640.jpg 960w\" sizes=\"auto, (max-width: 801px) 100vw, 801px\" \/><\/figure><figure class=\"carousel-item\"><img loading=\"lazy\" decoding=\"async\" width=\"718\" height=\"534\" src=\"https:\/\/medicina.udd.cl\/fonoaudiologia-santiago\/files\/2015\/10\/IMG_10961.jpg\" class=\"attachment-landscape_952 size-landscape_952\" alt=\"\" srcset=\"https:\/\/medicina.udd.cl\/fonoaudiologia-santiago\/files\/2015\/10\/IMG_10961.jpg 4644w, https:\/\/medicina.udd.cl\/fonoaudiologia-santiago\/files\/2015\/10\/IMG_10961-300x223.jpg 300w, https:\/\/medicina.udd.cl\/fonoaudiologia-santiago\/files\/2015\/10\/IMG_10961-768x572.jpg 768w, https:\/\/medicina.udd.cl\/fonoaudiologia-santiago\/files\/2015\/10\/IMG_10961-1024x762.jpg 1024w, https:\/\/medicina.udd.cl\/fonoaudiologia-santiago\/files\/2015\/10\/IMG_10961-960x714.jpg 960w\" sizes=\"auto, (max-width: 718px) 100vw, 718px\" \/><\/figure><figure class=\"carousel-item\"><img loading=\"lazy\" decoding=\"async\" width=\"801\" height=\"534\" src=\"https:\/\/medicina.udd.cl\/fonoaudiologia-santiago\/files\/2015\/10\/IMG_0968.jpg\" class=\"attachment-landscape_952 size-landscape_952\" alt=\"\" srcset=\"https:\/\/medicina.udd.cl\/fonoaudiologia-santiago\/files\/2015\/10\/IMG_0968.jpg 5184w, https:\/\/medicina.udd.cl\/fonoaudiologia-santiago\/files\/2015\/10\/IMG_0968-300x200.jpg 300w, https:\/\/medicina.udd.cl\/fonoaudiologia-santiago\/files\/2015\/10\/IMG_0968-768x512.jpg 768w, https:\/\/medicina.udd.cl\/fonoaudiologia-santiago\/files\/2015\/10\/IMG_0968-1024x683.jpg 1024w, https:\/\/medicina.udd.cl\/fonoaudiologia-santiago\/files\/2015\/10\/IMG_0968-960x640.jpg 960w\" sizes=\"auto, (max-width: 801px) 100vw, 801px\" \/><\/figure><figure class=\"carousel-item\"><img loading=\"lazy\" decoding=\"async\" width=\"801\" height=\"534\" src=\"https:\/\/medicina.udd.cl\/fonoaudiologia-santiago\/files\/2015\/10\/IMG_1115.jpg\" class=\"attachment-landscape_952 size-landscape_952\" alt=\"\" srcset=\"https:\/\/medicina.udd.cl\/fonoaudiologia-santiago\/files\/2015\/10\/IMG_1115.jpg 5184w, https:\/\/medicina.udd.cl\/fonoaudiologia-santiago\/files\/2015\/10\/IMG_1115-300x200.jpg 300w, https:\/\/medicina.udd.cl\/fonoaudiologia-santiago\/files\/2015\/10\/IMG_1115-768x512.jpg 768w, https:\/\/medicina.udd.cl\/fonoaudiologia-santiago\/files\/2015\/10\/IMG_1115-1024x683.jpg 1024w, https:\/\/medicina.udd.cl\/fonoaudiologia-santiago\/files\/2015\/10\/IMG_1115-960x640.jpg 960w\" sizes=\"auto, (max-width: 801px) 100vw, 801px\" \/><\/figure><figure class=\"carousel-item\"><img loading=\"lazy\" decoding=\"async\" width=\"801\" height=\"534\" src=\"https:\/\/medicina.udd.cl\/fonoaudiologia-santiago\/files\/2015\/10\/IMG_1140.jpg\" class=\"attachment-landscape_952 size-landscape_952\" alt=\"\" srcset=\"https:\/\/medicina.udd.cl\/fonoaudiologia-santiago\/files\/2015\/10\/IMG_1140.jpg 5184w, https:\/\/medicina.udd.cl\/fonoaudiologia-santiago\/files\/2015\/10\/IMG_1140-300x200.jpg 300w, https:\/\/medicina.udd.cl\/fonoaudiologia-santiago\/files\/2015\/10\/IMG_1140-768x512.jpg 768w, https:\/\/medicina.udd.cl\/fonoaudiologia-santiago\/files\/2015\/10\/IMG_1140-1024x683.jpg 1024w, https:\/\/medicina.udd.cl\/fonoaudiologia-santiago\/files\/2015\/10\/IMG_1140-960x640.jpg 960w\" sizes=\"auto, (max-width: 801px) 100vw, 801px\" \/><\/figure><figure class=\"carousel-item\"><img loading=\"lazy\" decoding=\"async\" width=\"729\" height=\"534\" src=\"https:\/\/medicina.udd.cl\/fonoaudiologia-santiago\/files\/2015\/10\/IMG_1150.jpg\" class=\"attachment-landscape_952 size-landscape_952\" alt=\"\" srcset=\"https:\/\/medicina.udd.cl\/fonoaudiologia-santiago\/files\/2015\/10\/IMG_1150.jpg 4440w, https:\/\/medicina.udd.cl\/fonoaudiologia-santiago\/files\/2015\/10\/IMG_1150-300x220.jpg 300w, https:\/\/medicina.udd.cl\/fonoaudiologia-santiago\/files\/2015\/10\/IMG_1150-768x563.jpg 768w, https:\/\/medicina.udd.cl\/fonoaudiologia-santiago\/files\/2015\/10\/IMG_1150-1024x750.jpg 1024w, https:\/\/medicina.udd.cl\/fonoaudiologia-santiago\/files\/2015\/10\/IMG_1150-960x703.jpg 960w\" sizes=\"auto, (max-width: 729px) 100vw, 729px\" \/><\/figure><figure class=\"carousel-item\"><img loading=\"lazy\" decoding=\"async\" width=\"801\" height=\"534\" src=\"https:\/\/medicina.udd.cl\/fonoaudiologia-santiago\/files\/2015\/10\/IMG_1162.jpg\" class=\"attachment-landscape_952 size-landscape_952\" alt=\"\" srcset=\"https:\/\/medicina.udd.cl\/fonoaudiologia-santiago\/files\/2015\/10\/IMG_1162.jpg 5184w, https:\/\/medicina.udd.cl\/fonoaudiologia-santiago\/files\/2015\/10\/IMG_1162-300x200.jpg 300w, https:\/\/medicina.udd.cl\/fonoaudiologia-santiago\/files\/2015\/10\/IMG_1162-768x512.jpg 768w, https:\/\/medicina.udd.cl\/fonoaudiologia-santiago\/files\/2015\/10\/IMG_1162-1024x683.jpg 1024w, https:\/\/medicina.udd.cl\/fonoaudiologia-santiago\/files\/2015\/10\/IMG_1162-960x640.jpg 960w\" sizes=\"auto, (max-width: 801px) 100vw, 801px\" \/><\/figure><figure class=\"carousel-item\"><img loading=\"lazy\" decoding=\"async\" width=\"801\" height=\"534\" src=\"https:\/\/medicina.udd.cl\/fonoaudiologia-santiago\/files\/2015\/10\/IMG_1177.jpg\" class=\"attachment-landscape_952 size-landscape_952\" alt=\"\" srcset=\"https:\/\/medicina.udd.cl\/fonoaudiologia-santiago\/files\/2015\/10\/IMG_1177.jpg 5184w, https:\/\/medicina.udd.cl\/fonoaudiologia-santiago\/files\/2015\/10\/IMG_1177-300x200.jpg 300w, https:\/\/medicina.udd.cl\/fonoaudiologia-santiago\/files\/2015\/10\/IMG_1177-768x512.jpg 768w, https:\/\/medicina.udd.cl\/fonoaudiologia-santiago\/files\/2015\/10\/IMG_1177-1024x683.jpg 1024w, https:\/\/medicina.udd.cl\/fonoaudiologia-santiago\/files\/2015\/10\/IMG_1177-960x640.jpg 960w\" sizes=\"auto, (max-width: 801px) 100vw, 801px\" \/><\/figure><figure class=\"carousel-item\"><img loading=\"lazy\" decoding=\"async\" width=\"801\" height=\"534\" src=\"https:\/\/medicina.udd.cl\/fonoaudiologia-santiago\/files\/2015\/10\/IMG_1192.jpg\" class=\"attachment-landscape_952 size-landscape_952\" alt=\"\" srcset=\"https:\/\/medicina.udd.cl\/fonoaudiologia-santiago\/files\/2015\/10\/IMG_1192.jpg 5184w, https:\/\/medicina.udd.cl\/fonoaudiologia-santiago\/files\/2015\/10\/IMG_1192-300x200.jpg 300w, https:\/\/medicina.udd.cl\/fonoaudiologia-santiago\/files\/2015\/10\/IMG_1192-768x512.jpg 768w, https:\/\/medicina.udd.cl\/fonoaudiologia-santiago\/files\/2015\/10\/IMG_1192-1024x683.jpg 1024w, https:\/\/medicina.udd.cl\/fonoaudiologia-santiago\/files\/2015\/10\/IMG_1192-960x640.jpg 960w\" sizes=\"auto, (max-width: 801px) 100vw, 801px\" \/><\/figure><figure class=\"carousel-item\"><img loading=\"lazy\" decoding=\"async\" width=\"769\" height=\"534\" src=\"https:\/\/medicina.udd.cl\/fonoaudiologia-santiago\/files\/2015\/10\/IMG_1207.jpg\" class=\"attachment-landscape_952 size-landscape_952\" alt=\"\" srcset=\"https:\/\/medicina.udd.cl\/fonoaudiologia-santiago\/files\/2015\/10\/IMG_1207.jpg 4638w, https:\/\/medicina.udd.cl\/fonoaudiologia-santiago\/files\/2015\/10\/IMG_1207-300x208.jpg 300w, https:\/\/medicina.udd.cl\/fonoaudiologia-santiago\/files\/2015\/10\/IMG_1207-768x534.jpg 768w, https:\/\/medicina.udd.cl\/fonoaudiologia-santiago\/files\/2015\/10\/IMG_1207-1024x711.jpg 1024w, https:\/\/medicina.udd.cl\/fonoaudiologia-santiago\/files\/2015\/10\/IMG_1207-960x667.jpg 960w\" sizes=\"auto, (max-width: 769px) 100vw, 769px\" \/><\/figure><figure class=\"carousel-item\"><img loading=\"lazy\" decoding=\"async\" width=\"773\" height=\"534\" src=\"https:\/\/medicina.udd.cl\/fonoaudiologia-santiago\/files\/2015\/10\/IMG_1279.jpg\" class=\"attachment-landscape_952 size-landscape_952\" alt=\"\" srcset=\"https:\/\/medicina.udd.cl\/fonoaudiologia-santiago\/files\/2015\/10\/IMG_1279.jpg 4500w, https:\/\/medicina.udd.cl\/fonoaudiologia-santiago\/files\/2015\/10\/IMG_1279-300x207.jpg 300w, https:\/\/medicina.udd.cl\/fonoaudiologia-santiago\/files\/2015\/10\/IMG_1279-768x530.jpg 768w, https:\/\/medicina.udd.cl\/fonoaudiologia-santiago\/files\/2015\/10\/IMG_1279-1024x707.jpg 1024w, https:\/\/medicina.udd.cl\/fonoaudiologia-santiago\/files\/2015\/10\/IMG_1279-960x663.jpg 960w\" sizes=\"auto, (max-width: 773px) 100vw, 773px\" \/><\/figure><figure class=\"carousel-item\"><img loading=\"lazy\" decoding=\"async\" width=\"709\" height=\"534\" src=\"https:\/\/medicina.udd.cl\/fonoaudiologia-santiago\/files\/2015\/10\/IMG_1286.jpg\" class=\"attachment-landscape_952 size-landscape_952\" alt=\"\" srcset=\"https:\/\/medicina.udd.cl\/fonoaudiologia-santiago\/files\/2015\/10\/IMG_1286.jpg 4524w, https:\/\/medicina.udd.cl\/fonoaudiologia-santiago\/files\/2015\/10\/IMG_1286-300x226.jpg 300w, https:\/\/medicina.udd.cl\/fonoaudiologia-santiago\/files\/2015\/10\/IMG_1286-768x579.jpg 768w, https:\/\/medicina.udd.cl\/fonoaudiologia-santiago\/files\/2015\/10\/IMG_1286-1024x771.jpg 1024w, https:\/\/medicina.udd.cl\/fonoaudiologia-santiago\/files\/2015\/10\/IMG_1286-960x723.jpg 960w\" sizes=\"auto, (max-width: 709px) 100vw, 709px\" \/><\/figure><figure class=\"carousel-item\"><img loading=\"lazy\" decoding=\"async\" width=\"762\" height=\"534\" src=\"https:\/\/medicina.udd.cl\/fonoaudiologia-santiago\/files\/2015\/10\/IMG_1289.jpg\" class=\"attachment-landscape_952 size-landscape_952\" alt=\"\" srcset=\"https:\/\/medicina.udd.cl\/fonoaudiologia-santiago\/files\/2015\/10\/IMG_1289.jpg 4818w, https:\/\/medicina.udd.cl\/fonoaudiologia-santiago\/files\/2015\/10\/IMG_1289-300x210.jpg 300w, https:\/\/medicina.udd.cl\/fonoaudiologia-santiago\/files\/2015\/10\/IMG_1289-768x538.jpg 768w, https:\/\/medicina.udd.cl\/fonoaudiologia-santiago\/files\/2015\/10\/IMG_1289-1024x718.jpg 1024w, https:\/\/medicina.udd.cl\/fonoaudiologia-santiago\/files\/2015\/10\/IMG_1289-87x62.jpg 87w, https:\/\/medicina.udd.cl\/fonoaudiologia-santiago\/files\/2015\/10\/IMG_1289-365x255.jpg 365w, https:\/\/medicina.udd.cl\/fonoaudiologia-santiago\/files\/2015\/10\/IMG_1289-960x673.jpg 960w\" sizes=\"auto, (max-width: 762px) 100vw, 762px\" \/><\/figure><figure class=\"carousel-item\"><img loading=\"lazy\" decoding=\"async\" width=\"815\" height=\"534\" src=\"https:\/\/medicina.udd.cl\/fonoaudiologia-santiago\/files\/2015\/10\/IMG_1315.jpg\" class=\"attachment-landscape_952 size-landscape_952\" alt=\"\" srcset=\"https:\/\/medicina.udd.cl\/fonoaudiologia-santiago\/files\/2015\/10\/IMG_1315.jpg 4788w, https:\/\/medicina.udd.cl\/fonoaudiologia-santiago\/files\/2015\/10\/IMG_1315-300x197.jpg 300w, https:\/\/medicina.udd.cl\/fonoaudiologia-santiago\/files\/2015\/10\/IMG_1315-768x503.jpg 768w, https:\/\/medicina.udd.cl\/fonoaudiologia-santiago\/files\/2015\/10\/IMG_1315-1024x671.jpg 1024w, https:\/\/medicina.udd.cl\/fonoaudiologia-santiago\/files\/2015\/10\/IMG_1315-960x629.jpg 960w\" sizes=\"auto, (max-width: 815px) 100vw, 815px\" \/><\/figure><figure class=\"carousel-item\"><img loading=\"lazy\" decoding=\"async\" width=\"761\" height=\"534\" src=\"https:\/\/medicina.udd.cl\/fonoaudiologia-santiago\/files\/2015\/10\/IMG_1357.jpg\" class=\"attachment-landscape_952 size-landscape_952\" alt=\"\" srcset=\"https:\/\/medicina.udd.cl\/fonoaudiologia-santiago\/files\/2015\/10\/IMG_1357.jpg 4782w, https:\/\/medicina.udd.cl\/fonoaudiologia-santiago\/files\/2015\/10\/IMG_1357-300x210.jpg 300w, https:\/\/medicina.udd.cl\/fonoaudiologia-santiago\/files\/2015\/10\/IMG_1357-768x539.jpg 768w, https:\/\/medicina.udd.cl\/fonoaudiologia-santiago\/files\/2015\/10\/IMG_1357-1024x718.jpg 1024w, https:\/\/medicina.udd.cl\/fonoaudiologia-santiago\/files\/2015\/10\/IMG_1357-87x62.jpg 87w, https:\/\/medicina.udd.cl\/fonoaudiologia-santiago\/files\/2015\/10\/IMG_1357-365x255.jpg 365w, https:\/\/medicina.udd.cl\/fonoaudiologia-santiago\/files\/2015\/10\/IMG_1357-960x673.jpg 960w\" sizes=\"auto, (max-width: 761px) 100vw, 761px\" \/><\/figure><figure class=\"carousel-item\"><img loading=\"lazy\" decoding=\"async\" width=\"801\" height=\"534\" src=\"https:\/\/medicina.udd.cl\/fonoaudiologia-santiago\/files\/2015\/10\/IMG_1377.jpg\" class=\"attachment-landscape_952 size-landscape_952\" alt=\"\" srcset=\"https:\/\/medicina.udd.cl\/fonoaudiologia-santiago\/files\/2015\/10\/IMG_1377.jpg 5184w, https:\/\/medicina.udd.cl\/fonoaudiologia-santiago\/files\/2015\/10\/IMG_1377-300x200.jpg 300w, https:\/\/medicina.udd.cl\/fonoaudiologia-santiago\/files\/2015\/10\/IMG_1377-768x512.jpg 768w, https:\/\/medicina.udd.cl\/fonoaudiologia-santiago\/files\/2015\/10\/IMG_1377-1024x683.jpg 1024w, https:\/\/medicina.udd.cl\/fonoaudiologia-santiago\/files\/2015\/10\/IMG_1377-960x640.jpg 960w\" sizes=\"auto, (max-width: 801px) 100vw, 801px\" \/><\/figure><figure class=\"carousel-item\"><img loading=\"lazy\" decoding=\"async\" width=\"801\" height=\"534\" src=\"https:\/\/medicina.udd.cl\/fonoaudiologia-santiago\/files\/2015\/10\/IMG_1388.jpg\" class=\"attachment-landscape_952 size-landscape_952\" alt=\"\" srcset=\"https:\/\/medicina.udd.cl\/fonoaudiologia-santiago\/files\/2015\/10\/IMG_1388.jpg 5184w, https:\/\/medicina.udd.cl\/fonoaudiologia-santiago\/files\/2015\/10\/IMG_1388-300x200.jpg 300w, https:\/\/medicina.udd.cl\/fonoaudiologia-santiago\/files\/2015\/10\/IMG_1388-768x512.jpg 768w, https:\/\/medicina.udd.cl\/fonoaudiologia-santiago\/files\/2015\/10\/IMG_1388-1024x683.jpg 1024w, https:\/\/medicina.udd.cl\/fonoaudiologia-santiago\/files\/2015\/10\/IMG_1388-960x640.jpg 960w\" sizes=\"auto, (max-width: 801px) 100vw, 801px\" \/><\/figure><figure class=\"carousel-item\"><img loading=\"lazy\" decoding=\"async\" width=\"789\" height=\"534\" src=\"https:\/\/medicina.udd.cl\/fonoaudiologia-santiago\/files\/2015\/10\/IMG_1395.jpg\" class=\"attachment-landscape_952 size-landscape_952\" alt=\"\" srcset=\"https:\/\/medicina.udd.cl\/fonoaudiologia-santiago\/files\/2015\/10\/IMG_1395.jpg 4980w, https:\/\/medicina.udd.cl\/fonoaudiologia-santiago\/files\/2015\/10\/IMG_1395-300x203.jpg 300w, https:\/\/medicina.udd.cl\/fonoaudiologia-santiago\/files\/2015\/10\/IMG_1395-768x520.jpg 768w, https:\/\/medicina.udd.cl\/fonoaudiologia-santiago\/files\/2015\/10\/IMG_1395-1024x693.jpg 1024w, https:\/\/medicina.udd.cl\/fonoaudiologia-santiago\/files\/2015\/10\/IMG_1395-960x650.jpg 960w\" sizes=\"auto, (max-width: 789px) 100vw, 789px\" \/><\/figure><figure class=\"carousel-item\"><img loading=\"lazy\" decoding=\"async\" width=\"820\" height=\"534\" src=\"https:\/\/medicina.udd.cl\/fonoaudiologia-santiago\/files\/2015\/10\/IMG_1399.jpg\" class=\"attachment-landscape_952 size-landscape_952\" alt=\"\" srcset=\"https:\/\/medicina.udd.cl\/fonoaudiologia-santiago\/files\/2015\/10\/IMG_1399.jpg 4956w, https:\/\/medicina.udd.cl\/fonoaudiologia-santiago\/files\/2015\/10\/IMG_1399-300x195.jpg 300w, https:\/\/medicina.udd.cl\/fonoaudiologia-santiago\/files\/2015\/10\/IMG_1399-768x500.jpg 768w, https:\/\/medicina.udd.cl\/fonoaudiologia-santiago\/files\/2015\/10\/IMG_1399-1024x667.jpg 1024w, https:\/\/medicina.udd.cl\/fonoaudiologia-santiago\/files\/2015\/10\/IMG_1399-660x430.jpg 660w, https:\/\/medicina.udd.cl\/fonoaudiologia-santiago\/files\/2015\/10\/IMG_1399-125x80.jpg 125w, https:\/\/medicina.udd.cl\/fonoaudiologia-santiago\/files\/2015\/10\/IMG_1399-340x220.jpg 340w, https:\/\/medicina.udd.cl\/fonoaudiologia-santiago\/files\/2015\/10\/IMG_1399-960x625.jpg 960w\" sizes=\"auto, (max-width: 820px) 100vw, 820px\" \/><\/figure><figure class=\"carousel-item\"><img loading=\"lazy\" decoding=\"async\" width=\"801\" height=\"534\" src=\"https:\/\/medicina.udd.cl\/fonoaudiologia-santiago\/files\/2015\/10\/IMG_1404.jpg\" class=\"attachment-landscape_952 size-landscape_952\" alt=\"\" srcset=\"https:\/\/medicina.udd.cl\/fonoaudiologia-santiago\/files\/2015\/10\/IMG_1404.jpg 5184w, https:\/\/medicina.udd.cl\/fonoaudiologia-santiago\/files\/2015\/10\/IMG_1404-300x200.jpg 300w, https:\/\/medicina.udd.cl\/fonoaudiologia-santiago\/files\/2015\/10\/IMG_1404-768x512.jpg 768w, https:\/\/medicina.udd.cl\/fonoaudiologia-santiago\/files\/2015\/10\/IMG_1404-1024x683.jpg 1024w, https:\/\/medicina.udd.cl\/fonoaudiologia-santiago\/files\/2015\/10\/IMG_1404-960x640.jpg 960w\" sizes=\"auto, (max-width: 801px) 100vw, 801px\" \/><\/figure><figure class=\"carousel-item\"><img loading=\"lazy\" decoding=\"async\" width=\"801\" height=\"534\" src=\"https:\/\/medicina.udd.cl\/fonoaudiologia-santiago\/files\/2015\/10\/IMG_1409.jpg\" class=\"attachment-landscape_952 size-landscape_952\" alt=\"\" srcset=\"https:\/\/medicina.udd.cl\/fonoaudiologia-santiago\/files\/2015\/10\/IMG_1409.jpg 5184w, https:\/\/medicina.udd.cl\/fonoaudiologia-santiago\/files\/2015\/10\/IMG_1409-300x200.jpg 300w, https:\/\/medicina.udd.cl\/fonoaudiologia-santiago\/files\/2015\/10\/IMG_1409-768x512.jpg 768w, https:\/\/medicina.udd.cl\/fonoaudiologia-santiago\/files\/2015\/10\/IMG_1409-1024x683.jpg 1024w, https:\/\/medicina.udd.cl\/fonoaudiologia-santiago\/files\/2015\/10\/IMG_1409-960x640.jpg 960w\" sizes=\"auto, (max-width: 801px) 100vw, 801px\" \/><\/figure><figure class=\"carousel-item\"><img loading=\"lazy\" decoding=\"async\" width=\"801\" height=\"534\" src=\"https:\/\/medicina.udd.cl\/fonoaudiologia-santiago\/files\/2015\/10\/IMG_1414.jpg\" class=\"attachment-landscape_952 size-landscape_952\" alt=\"\" srcset=\"https:\/\/medicina.udd.cl\/fonoaudiologia-santiago\/files\/2015\/10\/IMG_1414.jpg 5184w, https:\/\/medicina.udd.cl\/fonoaudiologia-santiago\/files\/2015\/10\/IMG_1414-300x200.jpg 300w, https:\/\/medicina.udd.cl\/fonoaudiologia-santiago\/files\/2015\/10\/IMG_1414-768x512.jpg 768w, https:\/\/medicina.udd.cl\/fonoaudiologia-santiago\/files\/2015\/10\/IMG_1414-1024x683.jpg 1024w, https:\/\/medicina.udd.cl\/fonoaudiologia-santiago\/files\/2015\/10\/IMG_1414-960x640.jpg 960w\" sizes=\"auto, (max-width: 801px) 100vw, 801px\" \/><\/figure><\/div><footer class=\"carousel-footer\"><div class=\"carousel-counter\"><span class=\"carousel-counter-current\"><\/span> \/ <span class=\"carousel-counter-total\"><\/span><\/div><a class=\"carousel-control-prev\" href=\"#gallery-1\" role=\"button\" data-slide=\"prev\"><svg aria-hidden=\"true\" class=\"svg-chevron-left-dims\"><use xlink:href='https:\/\/medicina.udd.cl\/fonoaudiologia-santiago\/wp-content\/themes\/facultades-2018\/assets\/img\/svg\/dist\/main.svg?version=1695853099#chevron-left'><\/use><\/svg><span class=\"sr-only\">Anterior<\/span><\/a><a class=\"carousel-control-next\" href=\"#gallery-1\" role=\"button\" data-slide=\"next\"><svg aria-hidden=\"true\" class=\"svg-chevron-right-dims\"><use xlink:href='https:\/\/medicina.udd.cl\/fonoaudiologia-santiago\/wp-content\/themes\/facultades-2018\/assets\/img\/svg\/dist\/main.svg?version=1695853099#chevron-right'><\/use><\/svg><span class=\"sr-only\">Siguiente<\/span><\/a><\/footer><\/div>\n<p style=\"text-align: justify;\">Mar\u00eda Ang\u00e9lica L\u00f3pez O\u00f1att, directora de la carrera de Fonoaudiolog\u00eda de la Universidad del Desarrollo, dict\u00f3 este mi\u00e9rcoles la charla \u201cComunicaci\u00f3n Cerebro a Cerebro\u201d, en la que dio testimonio de su participaci\u00f3n en la primera cirug\u00eda vigil cerebral con trabajo fonoaudiol\u00f3gico realizada en la Cl\u00ednica Alemana de Santiago.<\/p>\n<p style=\"text-align: justify;\">En la actividad, la fonoaudi\u00f3loga expuso -con una mirada cient\u00edfica, humana y motivacional- el caso cl\u00ednico de Juan Pablo Colas, un economista cubano de 64 a\u00f1os, mag\u00edster en programaci\u00f3n neuroling\u00fc\u00edstica y campe\u00f3n mundial de Artes Marciales, que desarroll\u00f3 un tumor en el l\u00f3bulo temporal izquierdo, por el que fue operado el 24 de julio del 2015.<\/p>\n<p style=\"text-align: justify;\">Debido a la importancia de este hemisferio en el \u00e1rea del lenguaje, Mar\u00eda Ang\u00e9lica efectu\u00f3 una serie de pruebas como nominaci\u00f3n, l\u00e1minas de Boston, enumeraci\u00f3n y lenguaje espont\u00e1neo para evaluar la capacidad cerebral del paciente entretanto se resecaba su tumor y, durante la charla, los asistentes tuvieron la oportunidad de ver y escuchar grabaciones de la intervenci\u00f3n, que mostraron al paciente comunic\u00e1ndose en su estado en vigilia mientras estaba siendo sometido a cirug\u00eda.<\/p>\n<p style=\"text-align: justify;\">Antes de finalizar su presentaci\u00f3n, Mar\u00eda Ang\u00e9lica sorprendi\u00f3 contando la experiencia de las alumnas de quinto a\u00f1o de Fonoaudiolog\u00eda UDD: Josefina Gibbons (Santiago) y Gabriela C\u00e1ceres (Concepci\u00f3n), quienes ingresaron con ella a pabell\u00f3n para ver el trabajo fonoaudiol\u00f3gico llevado a cabo en las cirug\u00edas vigiles cerebrales.<\/p>\n<p style=\"text-align: justify;\">Posteriormente, la profesional invit\u00f3 al escenario a Juan Pablo Colas y a su mujer, Mar\u00eda Cecilia Cuellar, y al equipo que particip\u00f3 en la intervenci\u00f3n: el neurocirujano Felipe Valdivia, el anestesista Jos\u00e9 Miguel Montes, el tecn\u00f3logo m\u00e9dico C\u00e9sar Gaete y la neurofisi\u00f3loga Paula Jara. Esta \u00faltima, destac\u00f3 el trabajo integral de los fonoaudi\u00f3logos en la evaluaci\u00f3n pre-operatoria del paciente y durante el procedimiento.<\/p>\n<p style=\"text-align: justify;\">\u201cMientras el neurocirujano fue regulando la frecuencia o intensidad de estimulaci\u00f3n, Ang\u00e9lica hizo pruebas del lenguaje, que nos permitieron evaluar, en conjunto, si hab\u00edan \u00e1reas elocuentes o no. Con los test que realiz\u00f3, pudimos discriminar si alguna de las \u00e1reas que est\u00e1bamos estimulando produc\u00eda disfunciones en nominaci\u00f3n, comprensi\u00f3n o repetici\u00f3n\u201d, se\u00f1al\u00f3 la doctora Jara.<\/p>\n<p style=\"text-align: justify;\">Por su parte, Mar\u00eda Ang\u00e9lica destac\u00f3 la importancia de este procedimiento en el estudio, seguimiento y creaci\u00f3n de protocolos que forjen esta nueva \u00e1rea de trabajo, enfatizando en que los fonoaudi\u00f3logos no s\u00f3lo logran que los pacientes sean sus propios monitores durante la intervenci\u00f3n, sino que reduzcan su nivel de stress a trav\u00e9s de la alianza terap\u00e9utica.<\/p>\n<p style=\"text-align: justify;\">Sobre la actividad, la directora de Fonoaudiolog\u00eda UDD Santiago, se\u00f1al\u00f3: \u201ccreo haber cumplido los objetivos que me propuse en su totalidad. Observ\u00e9 un p\u00fablico atento, emocionado y muy agradecido por la lecci\u00f3n de vida, lucha y perseverancia que les pude entregar a trav\u00e9s de la historia de don Juan Pablo y su se\u00f1ora. Estas instancias son vitales considerando nuestro rol formador, transmitiendo a los futuros profesionales nuestra experiencia y priorizando la calidad humana y\u00a0el trabajo en equipo\u201d.<\/p>\n<p style=\"text-align: justify;\">Al salir del Aula Magna de la Facultad de Medicina CAS-UDD, los asistentes tuvieron la oportunidad de compartir un c\u00f3ctel con Juan Pablo Colas, su familia y el equipo m\u00e9dico que particip\u00f3 en la cirug\u00eda; instancia en la que se reunieron alumnos y titulados de Fonoaudiolog\u00eda en torno al paciente para seguir compartiendo su experiencia de vida.<\/p>\n<p style=\"text-align: justify;\">La charla, que congreg\u00f3 a m\u00e1s de 200 personas, cont\u00f3 con la presencia de destacadas autoridades como el doctor Ricardo Ronco, decano de la Facultad de Medicina CAS-UDD; la doctora Liliana Jadue, vicedecana de las carreras de la salud; el doctor Arnold Hoppe, director de la Corporaci\u00f3n chileno-alemana de Beneficencia y la doctora Tania Guti\u00e9rrez, jefa del servicio de Medicina F\u00edsica y Rehabilitaci\u00f3n de Cl\u00ednica Alemana de Santiago; adem\u00e1s de Mar\u00eda Cristina M\u00e9ndez, se\u00f1ora del ex rector Ernesto Silva Bafalluy.<\/p>\n<p style=\"text-align: justify;\">Destac\u00f3, tambi\u00e9n, la presencia y participaci\u00f3n de algunas alumnas de ense\u00f1anza media interesadas en ingresar a la carrera de Fonoaudiolog\u00eda de la Universidad del Desarrollo, quienes, junto a sus padres, quisieron ver el trabajo de los fonoaudi\u00f3logos en el \u00e1rea de la neurorehabilitaci\u00f3n y conocer la experiencia de la directora de carrera desde sus 35 a\u00f1os de ejercicio de la profesi\u00f3n.<\/p>\n","protected":false},"excerpt":{"rendered":"<p>En la actividad, la fonoaudi\u00f3loga expuso -con una mirada cient\u00edfica, humana y motivacional- el caso cl\u00ednico de Juan Pablo Colas, un economista cubano de 64 a\u00f1os, mag\u00edster en programaci\u00f3n neuroling\u00fc\u00edstica y campe\u00f3n mundial de Artes Marciales, que desarroll\u00f3 un tumor en el l\u00f3bulo temporal izquierdo, por el que fue operado el 24 de julio del 2015.<\/p>\n","protected":false},"author":42,"featured_media":2932,"comment_status":"open","ping_status":"open","sticky":false,"template":"","format":"standard","meta":{"footnotes":""},"categories":[4],"tags":[],"class_list":["post-2931","post","type-post","status-publish","format-standard","has-post-thumbnail","hentry","category-noticias"],"yoast_head":"<!-- This site is optimized with the Yoast SEO plugin v26.9 - https:\/\/yoast.com\/product\/yoast-seo-wordpress\/ -->\n<title>Directora de Fonoaudiolog\u00eda UDD dict\u00f3 charla sobre la primera craneotom\u00eda con trabajo fonoaudiol\u00f3gico en Cl\u00ednica Alemana | UDD<\/title>\n<meta name=\"robots\" content=\"index, follow, max-snippet:-1, max-image-preview:large, max-video-preview:-1\" \/>\n<link rel=\"canonical\" href=\"https:\/\/medicina.udd.cl\/fonoaudiologia-santiago\/noticias\/2015\/10\/24\/directora-de-fonoaudiologia-udd-dicto-charla-sobre-la-primera-craneotomia-con-trabajo-fonoaudiologico-en-clinica-alemana\/\" \/>\n<meta property=\"og:locale\" content=\"es_ES\" \/>\n<meta property=\"og:type\" content=\"article\" \/>\n<meta property=\"og:title\" content=\"Directora de Fonoaudiolog\u00eda UDD dict\u00f3 charla sobre la primera craneotom\u00eda con trabajo fonoaudiol\u00f3gico en Cl\u00ednica Alemana | UDD\" \/>\n<meta property=\"og:description\" content=\"En la actividad, la fonoaudi\u00f3loga expuso -con una mirada cient\u00edfica, humana y motivacional- el caso cl\u00ednico de Juan Pablo Colas, un economista cubano de 64 a\u00f1os, mag\u00edster en programaci\u00f3n neuroling\u00fc\u00edstica y campe\u00f3n mundial de Artes Marciales, que desarroll\u00f3 un tumor en el l\u00f3bulo temporal izquierdo, por el que fue operado el 24 de julio del 2015.\" \/>\n<meta property=\"og:url\" content=\"https:\/\/medicina.udd.cl\/fonoaudiologia-santiago\/noticias\/2015\/10\/24\/directora-de-fonoaudiologia-udd-dicto-charla-sobre-la-primera-craneotomia-con-trabajo-fonoaudiologico-en-clinica-alemana\/\" \/>\n<meta property=\"og:site_name\" content=\"Fonoaudiolog\u00eda\" \/>\n<meta property=\"article:published_time\" content=\"2015-10-24T12:26:10+00:00\" \/>\n<meta property=\"article:modified_time\" content=\"2015-10-26T14:26:57+00:00\" \/>\n<meta property=\"og:image\" content=\"https:\/\/medicina.udd.cl\/fonoaudiologia-santiago\/files\/2015\/10\/IMG_1096.jpg\" \/>\n\t<meta property=\"og:image:width\" content=\"4644\" \/>\n\t<meta property=\"og:image:height\" content=\"3456\" \/>\n\t<meta property=\"og:image:type\" content=\"image\/jpeg\" \/>\n<meta name=\"twitter:label1\" content=\"Escrito por\" \/>\n\t<meta name=\"twitter:data1\" content=\"\" \/>\n\t<meta name=\"twitter:label2\" content=\"Tiempo de lectura\" \/>\n\t<meta name=\"twitter:data2\" content=\"4 minutos\" \/>\n<script type=\"application\/ld+json\" class=\"yoast-schema-graph\">{\"@context\":\"https:\/\/schema.org\",\"@graph\":[{\"@type\":\"Article\",\"@id\":\"https:\/\/medicina.udd.cl\/fonoaudiologia-santiago\/noticias\/2015\/10\/24\/directora-de-fonoaudiologia-udd-dicto-charla-sobre-la-primera-craneotomia-con-trabajo-fonoaudiologico-en-clinica-alemana\/#article\",\"isPartOf\":{\"@id\":\"https:\/\/medicina.udd.cl\/fonoaudiologia-santiago\/noticias\/2015\/10\/24\/directora-de-fonoaudiologia-udd-dicto-charla-sobre-la-primera-craneotomia-con-trabajo-fonoaudiologico-en-clinica-alemana\/\"},\"author\":{\"name\":\"\",\"@id\":\"\"},\"headline\":\"Directora de Fonoaudiolog\u00eda UDD dict\u00f3 charla sobre la primera craneotom\u00eda con trabajo fonoaudiol\u00f3gico en Cl\u00ednica Alemana\",\"datePublished\":\"2015-10-24T12:26:10+00:00\",\"dateModified\":\"2015-10-26T14:26:57+00:00\",\"mainEntityOfPage\":{\"@id\":\"https:\/\/medicina.udd.cl\/fonoaudiologia-santiago\/noticias\/2015\/10\/24\/directora-de-fonoaudiologia-udd-dicto-charla-sobre-la-primera-craneotomia-con-trabajo-fonoaudiologico-en-clinica-alemana\/\"},\"wordCount\":782,\"commentCount\":0,\"image\":{\"@id\":\"https:\/\/medicina.udd.cl\/fonoaudiologia-santiago\/noticias\/2015\/10\/24\/directora-de-fonoaudiologia-udd-dicto-charla-sobre-la-primera-craneotomia-con-trabajo-fonoaudiologico-en-clinica-alemana\/#primaryimage\"},\"thumbnailUrl\":\"https:\/\/medicina.udd.cl\/fonoaudiologia-santiago\/files\/2015\/10\/IMG_1096.jpg\",\"articleSection\":[\"Noticias\"],\"inLanguage\":\"es\",\"potentialAction\":[{\"@type\":\"CommentAction\",\"name\":\"Comment\",\"target\":[\"https:\/\/medicina.udd.cl\/fonoaudiologia-santiago\/noticias\/2015\/10\/24\/directora-de-fonoaudiologia-udd-dicto-charla-sobre-la-primera-craneotomia-con-trabajo-fonoaudiologico-en-clinica-alemana\/#respond\"]}]},{\"@type\":\"WebPage\",\"@id\":\"https:\/\/medicina.udd.cl\/fonoaudiologia-santiago\/noticias\/2015\/10\/24\/directora-de-fonoaudiologia-udd-dicto-charla-sobre-la-primera-craneotomia-con-trabajo-fonoaudiologico-en-clinica-alemana\/\",\"url\":\"https:\/\/medicina.udd.cl\/fonoaudiologia-santiago\/noticias\/2015\/10\/24\/directora-de-fonoaudiologia-udd-dicto-charla-sobre-la-primera-craneotomia-con-trabajo-fonoaudiologico-en-clinica-alemana\/\",\"name\":\"Directora de Fonoaudiolog\u00eda UDD dict\u00f3 charla sobre la primera craneotom\u00eda con trabajo fonoaudiol\u00f3gico en Cl\u00ednica Alemana | UDD\",\"isPartOf\":{\"@id\":\"https:\/\/medicina.udd.cl\/fonoaudiologia-santiago\/#website\"},\"primaryImageOfPage\":{\"@id\":\"https:\/\/medicina.udd.cl\/fonoaudiologia-santiago\/noticias\/2015\/10\/24\/directora-de-fonoaudiologia-udd-dicto-charla-sobre-la-primera-craneotomia-con-trabajo-fonoaudiologico-en-clinica-alemana\/#primaryimage\"},\"image\":{\"@id\":\"https:\/\/medicina.udd.cl\/fonoaudiologia-santiago\/noticias\/2015\/10\/24\/directora-de-fonoaudiologia-udd-dicto-charla-sobre-la-primera-craneotomia-con-trabajo-fonoaudiologico-en-clinica-alemana\/#primaryimage\"},\"thumbnailUrl\":\"https:\/\/medicina.udd.cl\/fonoaudiologia-santiago\/files\/2015\/10\/IMG_1096.jpg\",\"datePublished\":\"2015-10-24T12:26:10+00:00\",\"dateModified\":\"2015-10-26T14:26:57+00:00\",\"author\":{\"@id\":\"\"},\"breadcrumb\":{\"@id\":\"https:\/\/medicina.udd.cl\/fonoaudiologia-santiago\/noticias\/2015\/10\/24\/directora-de-fonoaudiologia-udd-dicto-charla-sobre-la-primera-craneotomia-con-trabajo-fonoaudiologico-en-clinica-alemana\/#breadcrumb\"},\"inLanguage\":\"es\",\"potentialAction\":[{\"@type\":\"ReadAction\",\"target\":[\"https:\/\/medicina.udd.cl\/fonoaudiologia-santiago\/noticias\/2015\/10\/24\/directora-de-fonoaudiologia-udd-dicto-charla-sobre-la-primera-craneotomia-con-trabajo-fonoaudiologico-en-clinica-alemana\/\"]}]},{\"@type\":\"ImageObject\",\"inLanguage\":\"es\",\"@id\":\"https:\/\/medicina.udd.cl\/fonoaudiologia-santiago\/noticias\/2015\/10\/24\/directora-de-fonoaudiologia-udd-dicto-charla-sobre-la-primera-craneotomia-con-trabajo-fonoaudiologico-en-clinica-alemana\/#primaryimage\",\"url\":\"https:\/\/medicina.udd.cl\/fonoaudiologia-santiago\/files\/2015\/10\/IMG_1096.jpg\",\"contentUrl\":\"https:\/\/medicina.udd.cl\/fonoaudiologia-santiago\/files\/2015\/10\/IMG_1096.jpg\",\"width\":4644,\"height\":3456},{\"@type\":\"BreadcrumbList\",\"@id\":\"https:\/\/medicina.udd.cl\/fonoaudiologia-santiago\/noticias\/2015\/10\/24\/directora-de-fonoaudiologia-udd-dicto-charla-sobre-la-primera-craneotomia-con-trabajo-fonoaudiologico-en-clinica-alemana\/#breadcrumb\",\"itemListElement\":[{\"@type\":\"ListItem\",\"position\":1,\"name\":\"Home\",\"item\":\"https:\/\/medicina.udd.cl\/fonoaudiologia-santiago\/\"},{\"@type\":\"ListItem\",\"position\":2,\"name\":\"Directora de Fonoaudiolog\u00eda UDD dict\u00f3 charla sobre la primera craneotom\u00eda con trabajo fonoaudiol\u00f3gico en Cl\u00ednica Alemana\"}]},{\"@type\":\"WebSite\",\"@id\":\"https:\/\/medicina.udd.cl\/fonoaudiologia-santiago\/#website\",\"url\":\"https:\/\/medicina.udd.cl\/fonoaudiologia-santiago\/\",\"name\":\"Fonoaudiolog\u00eda\",\"description\":\"Facultad de Medicina Cl\u00ednica Alemana Universidad del Desarrollo\",\"inLanguage\":\"es\"},{\"@type\":\"Person\",\"@id\":\"\",\"url\":\"https:\/\/medicina.udd.cl\/fonoaudiologia-santiago\/noticias\/author\/\"}]}<\/script>\n<!-- \/ Yoast SEO plugin. -->","yoast_head_json":{"title":"Directora de Fonoaudiolog\u00eda UDD dict\u00f3 charla sobre la primera craneotom\u00eda con trabajo fonoaudiol\u00f3gico en Cl\u00ednica Alemana | UDD","robots":{"index":"index","follow":"follow","max-snippet":"max-snippet:-1","max-image-preview":"max-image-preview:large","max-video-preview":"max-video-preview:-1"},"canonical":"https:\/\/medicina.udd.cl\/fonoaudiologia-santiago\/noticias\/2015\/10\/24\/directora-de-fonoaudiologia-udd-dicto-charla-sobre-la-primera-craneotomia-con-trabajo-fonoaudiologico-en-clinica-alemana\/","og_locale":"es_ES","og_type":"article","og_title":"Directora de Fonoaudiolog\u00eda UDD dict\u00f3 charla sobre la primera craneotom\u00eda con trabajo fonoaudiol\u00f3gico en Cl\u00ednica Alemana | UDD","og_description":"En la actividad, la fonoaudi\u00f3loga expuso -con una mirada cient\u00edfica, humana y motivacional- el caso cl\u00ednico de Juan Pablo Colas, un economista cubano de 64 a\u00f1os, mag\u00edster en programaci\u00f3n neuroling\u00fc\u00edstica y campe\u00f3n mundial de Artes Marciales, que desarroll\u00f3 un tumor en el l\u00f3bulo temporal izquierdo, por el que fue operado el 24 de julio del 2015.","og_url":"https:\/\/medicina.udd.cl\/fonoaudiologia-santiago\/noticias\/2015\/10\/24\/directora-de-fonoaudiologia-udd-dicto-charla-sobre-la-primera-craneotomia-con-trabajo-fonoaudiologico-en-clinica-alemana\/","og_site_name":"Fonoaudiolog\u00eda","article_published_time":"2015-10-24T12:26:10+00:00","article_modified_time":"2015-10-26T14:26:57+00:00","og_image":[{"width":4644,"height":3456,"url":"https:\/\/medicina.udd.cl\/fonoaudiologia-santiago\/files\/2015\/10\/IMG_1096.jpg","type":"image\/jpeg"}],"twitter_misc":{"Escrito por":"","Tiempo de lectura":"4 minutos"},"schema":{"@context":"https:\/\/schema.org","@graph":[{"@type":"Article","@id":"https:\/\/medicina.udd.cl\/fonoaudiologia-santiago\/noticias\/2015\/10\/24\/directora-de-fonoaudiologia-udd-dicto-charla-sobre-la-primera-craneotomia-con-trabajo-fonoaudiologico-en-clinica-alemana\/#article","isPartOf":{"@id":"https:\/\/medicina.udd.cl\/fonoaudiologia-santiago\/noticias\/2015\/10\/24\/directora-de-fonoaudiologia-udd-dicto-charla-sobre-la-primera-craneotomia-con-trabajo-fonoaudiologico-en-clinica-alemana\/"},"author":{"name":"","@id":""},"headline":"Directora de Fonoaudiolog\u00eda UDD dict\u00f3 charla sobre la primera craneotom\u00eda con trabajo fonoaudiol\u00f3gico en Cl\u00ednica Alemana","datePublished":"2015-10-24T12:26:10+00:00","dateModified":"2015-10-26T14:26:57+00:00","mainEntityOfPage":{"@id":"https:\/\/medicina.udd.cl\/fonoaudiologia-santiago\/noticias\/2015\/10\/24\/directora-de-fonoaudiologia-udd-dicto-charla-sobre-la-primera-craneotomia-con-trabajo-fonoaudiologico-en-clinica-alemana\/"},"wordCount":782,"commentCount":0,"image":{"@id":"https:\/\/medicina.udd.cl\/fonoaudiologia-santiago\/noticias\/2015\/10\/24\/directora-de-fonoaudiologia-udd-dicto-charla-sobre-la-primera-craneotomia-con-trabajo-fonoaudiologico-en-clinica-alemana\/#primaryimage"},"thumbnailUrl":"https:\/\/medicina.udd.cl\/fonoaudiologia-santiago\/files\/2015\/10\/IMG_1096.jpg","articleSection":["Noticias"],"inLanguage":"es","potentialAction":[{"@type":"CommentAction","name":"Comment","target":["https:\/\/medicina.udd.cl\/fonoaudiologia-santiago\/noticias\/2015\/10\/24\/directora-de-fonoaudiologia-udd-dicto-charla-sobre-la-primera-craneotomia-con-trabajo-fonoaudiologico-en-clinica-alemana\/#respond"]}]},{"@type":"WebPage","@id":"https:\/\/medicina.udd.cl\/fonoaudiologia-santiago\/noticias\/2015\/10\/24\/directora-de-fonoaudiologia-udd-dicto-charla-sobre-la-primera-craneotomia-con-trabajo-fonoaudiologico-en-clinica-alemana\/","url":"https:\/\/medicina.udd.cl\/fonoaudiologia-santiago\/noticias\/2015\/10\/24\/directora-de-fonoaudiologia-udd-dicto-charla-sobre-la-primera-craneotomia-con-trabajo-fonoaudiologico-en-clinica-alemana\/","name":"Directora de Fonoaudiolog\u00eda UDD dict\u00f3 charla sobre la primera craneotom\u00eda con trabajo fonoaudiol\u00f3gico en Cl\u00ednica Alemana | UDD","isPartOf":{"@id":"https:\/\/medicina.udd.cl\/fonoaudiologia-santiago\/#website"},"primaryImageOfPage":{"@id":"https:\/\/medicina.udd.cl\/fonoaudiologia-santiago\/noticias\/2015\/10\/24\/directora-de-fonoaudiologia-udd-dicto-charla-sobre-la-primera-craneotomia-con-trabajo-fonoaudiologico-en-clinica-alemana\/#primaryimage"},"image":{"@id":"https:\/\/medicina.udd.cl\/fonoaudiologia-santiago\/noticias\/2015\/10\/24\/directora-de-fonoaudiologia-udd-dicto-charla-sobre-la-primera-craneotomia-con-trabajo-fonoaudiologico-en-clinica-alemana\/#primaryimage"},"thumbnailUrl":"https:\/\/medicina.udd.cl\/fonoaudiologia-santiago\/files\/2015\/10\/IMG_1096.jpg","datePublished":"2015-10-24T12:26:10+00:00","dateModified":"2015-10-26T14:26:57+00:00","author":{"@id":""},"breadcrumb":{"@id":"https:\/\/medicina.udd.cl\/fonoaudiologia-santiago\/noticias\/2015\/10\/24\/directora-de-fonoaudiologia-udd-dicto-charla-sobre-la-primera-craneotomia-con-trabajo-fonoaudiologico-en-clinica-alemana\/#breadcrumb"},"inLanguage":"es","potentialAction":[{"@type":"ReadAction","target":["https:\/\/medicina.udd.cl\/fonoaudiologia-santiago\/noticias\/2015\/10\/24\/directora-de-fonoaudiologia-udd-dicto-charla-sobre-la-primera-craneotomia-con-trabajo-fonoaudiologico-en-clinica-alemana\/"]}]},{"@type":"ImageObject","inLanguage":"es","@id":"https:\/\/medicina.udd.cl\/fonoaudiologia-santiago\/noticias\/2015\/10\/24\/directora-de-fonoaudiologia-udd-dicto-charla-sobre-la-primera-craneotomia-con-trabajo-fonoaudiologico-en-clinica-alemana\/#primaryimage","url":"https:\/\/medicina.udd.cl\/fonoaudiologia-santiago\/files\/2015\/10\/IMG_1096.jpg","contentUrl":"https:\/\/medicina.udd.cl\/fonoaudiologia-santiago\/files\/2015\/10\/IMG_1096.jpg","width":4644,"height":3456},{"@type":"BreadcrumbList","@id":"https:\/\/medicina.udd.cl\/fonoaudiologia-santiago\/noticias\/2015\/10\/24\/directora-de-fonoaudiologia-udd-dicto-charla-sobre-la-primera-craneotomia-con-trabajo-fonoaudiologico-en-clinica-alemana\/#breadcrumb","itemListElement":[{"@type":"ListItem","position":1,"name":"Home","item":"https:\/\/medicina.udd.cl\/fonoaudiologia-santiago\/"},{"@type":"ListItem","position":2,"name":"Directora de Fonoaudiolog\u00eda UDD dict\u00f3 charla sobre la primera craneotom\u00eda con trabajo fonoaudiol\u00f3gico en Cl\u00ednica Alemana"}]},{"@type":"WebSite","@id":"https:\/\/medicina.udd.cl\/fonoaudiologia-santiago\/#website","url":"https:\/\/medicina.udd.cl\/fonoaudiologia-santiago\/","name":"Fonoaudiolog\u00eda","description":"Facultad de Medicina Cl\u00ednica Alemana Universidad del Desarrollo","inLanguage":"es"},{"@type":"Person","@id":"","url":"https:\/\/medicina.udd.cl\/fonoaudiologia-santiago\/noticias\/author\/"}]}},"featured_image_url":"https:\/\/medicina.udd.cl\/fonoaudiologia-santiago\/files\/2015\/10\/IMG_1096.jpg","_links":{"self":[{"href":"https:\/\/medicina.udd.cl\/fonoaudiologia-santiago\/wp-json\/wp\/v2\/posts\/2931","targetHints":{"allow":["GET"]}}],"collection":[{"href":"https:\/\/medicina.udd.cl\/fonoaudiologia-santiago\/wp-json\/wp\/v2\/posts"}],"about":[{"href":"https:\/\/medicina.udd.cl\/fonoaudiologia-santiago\/wp-json\/wp\/v2\/types\/post"}],"author":[{"embeddable":true,"href":"https:\/\/medicina.udd.cl\/fonoaudiologia-santiago\/wp-json\/wp\/v2\/users\/42"}],"replies":[{"embeddable":true,"href":"https:\/\/medicina.udd.cl\/fonoaudiologia-santiago\/wp-json\/wp\/v2\/comments?post=2931"}],"version-history":[{"count":4,"href":"https:\/\/medicina.udd.cl\/fonoaudiologia-santiago\/wp-json\/wp\/v2\/posts\/2931\/revisions"}],"predecessor-version":[{"id":2980,"href":"https:\/\/medicina.udd.cl\/fonoaudiologia-santiago\/wp-json\/wp\/v2\/posts\/2931\/revisions\/2980"}],"wp:featuredmedia":[{"embeddable":true,"href":"https:\/\/medicina.udd.cl\/fonoaudiologia-santiago\/wp-json\/wp\/v2\/media\/2932"}],"wp:attachment":[{"href":"https:\/\/medicina.udd.cl\/fonoaudiologia-santiago\/wp-json\/wp\/v2\/media?parent=2931"}],"wp:term":[{"taxonomy":"category","embeddable":true,"href":"https:\/\/medicina.udd.cl\/fonoaudiologia-santiago\/wp-json\/wp\/v2\/categories?post=2931"},{"taxonomy":"post_tag","embeddable":true,"href":"https:\/\/medicina.udd.cl\/fonoaudiologia-santiago\/wp-json\/wp\/v2\/tags?post=2931"}],"curies":[{"name":"wp","href":"https:\/\/api.w.org\/{rel}","templated":true}]}}