{"id":298,"date":"2010-10-26T09:26:10","date_gmt":"2010-10-26T12:26:10","guid":{"rendered":"http:\/\/medicina.udd.cl\/fonoaudiologia-santiago\/2010\/10\/27\/ii-congreso-de-alumnos-de-fonoaudiologia\/"},"modified":"2010-10-27T11:25:16","modified_gmt":"2010-10-27T14:25:16","slug":"ii-congreso-de-alumnos-de-fonoaudiologia","status":"publish","type":"post","link":"https:\/\/medicina.udd.cl\/fonoaudiologia-santiago\/noticias\/2010\/10\/26\/ii-congreso-de-alumnos-de-fonoaudiologia\/","title":{"rendered":"II Congreso de alumnos de Fonoaudiolog\u00eda"},"content":{"rendered":"<p style=\"text-align: justify\">El d\u00eda 19 de octubre se llev\u00f3 a cabo\u00a0la segunda versi\u00f3n del\u00a0Congreso de Alumnos de Fonoaudiolog\u00eda. En \u00e9l,\u00a0estudiantes de primero\u00a0a cuarto a\u00f1o pudieron canalizar sus intereses e inquietudes profesionales mediante la\u00a0exhibici\u00f3n de diferentes trabajos\u00a0presentados a\u00a0compa\u00f1eros, docentes y autoridades de la carrera.<\/p>\n<p style=\"text-align: justify\">Adem\u00e1s, durante esta instancia -animada por los alumnos Sergio Lav\u00edn y Natalia Lermanda- se vieron manifestadas las diferentes habilidades art\u00edsticas de nuestros alumnos, espec\u00edficamente relacionadas con el canto y la interpretaci\u00f3n musical.<\/p>\n<p style=\"text-align: justify\">El jurado compuesto por Mar\u00eda Ang\u00e9lica L\u00f3pez, directora de Fonoaudiolog\u00eda; Antonella Urz\u00faa, coordinadora acad\u00e9mica y Lorena Aleman, docente de la carrera determin\u00f3 que los ganadores son:<\/p>\n<p style=\"text-align: justify\">Primer lugar: Rosario Anabal\u00f3n y Rosario Guzm\u00e1n con el tema <strong>Herramientas compensatorias de degluci\u00f3n en geriatr\u00eda y su importancia.<\/strong><\/p>\n<p style=\"text-align: justify\">Segundo lugar: Consuelo Macera con el tema <strong>Trucos culinarios en la disfagia orofaringea.<\/strong><\/p>\n<p style=\"text-align: justify\">Tercer lugar: Lu\u00eds Huber con el tema <strong>Lenguaje y cerebro.<\/strong><\/p>\n<p style=\"text-align: justify\">El equipo docente de la carrera destac\u00f3 la participaci\u00f3n desinteresada de los alumnos de primer a cuarto a\u00f1o y los invit\u00f3 a seguir\u00a0colaborando de instancias como esta.<\/p>\n<p style=\"text-align: justify\">\u00a0<\/p>\n<div id=\"gallery-1\" class=\"carousel slide carousel-gallery\" data-ride=\"false\" data-interval=\"false\"><div class=\"carousel-inner\" role=\"listbox\"><figure class=\"carousel-item active\"><img loading=\"lazy\" decoding=\"async\" width=\"753\" height=\"534\" src=\"https:\/\/medicina.udd.cl\/fonoaudiologia-santiago\/files\/2010\/10\/con1-e1288189503966.jpg\" class=\"attachment-landscape_952 size-landscape_952\" alt=\"\" srcset=\"https:\/\/medicina.udd.cl\/fonoaudiologia-santiago\/files\/2010\/10\/con1-e1288189503966.jpg 2441w, https:\/\/medicina.udd.cl\/fonoaudiologia-santiago\/files\/2010\/10\/con1-e1288189503966-300x213.jpg 300w, https:\/\/medicina.udd.cl\/fonoaudiologia-santiago\/files\/2010\/10\/con1-e1288189503966-768x545.jpg 768w, https:\/\/medicina.udd.cl\/fonoaudiologia-santiago\/files\/2010\/10\/con1-e1288189503966-1024x726.jpg 1024w, https:\/\/medicina.udd.cl\/fonoaudiologia-santiago\/files\/2010\/10\/con1-e1288189503966-316x224.jpg 316w, https:\/\/medicina.udd.cl\/fonoaudiologia-santiago\/files\/2010\/10\/con1-e1288189503966-87x62.jpg 87w, https:\/\/medicina.udd.cl\/fonoaudiologia-santiago\/files\/2010\/10\/con1-e1288189503966-960x681.jpg 960w\" sizes=\"auto, (max-width: 753px) 100vw, 753px\" \/><\/figure><figure class=\"carousel-item\"><img loading=\"lazy\" decoding=\"async\" width=\"712\" height=\"534\" src=\"https:\/\/medicina.udd.cl\/fonoaudiologia-santiago\/files\/2010\/10\/II-5.jpg\" class=\"attachment-landscape_952 size-landscape_952\" alt=\"\" srcset=\"https:\/\/medicina.udd.cl\/fonoaudiologia-santiago\/files\/2010\/10\/II-5.jpg 800w, https:\/\/medicina.udd.cl\/fonoaudiologia-santiago\/files\/2010\/10\/II-5-300x225.jpg 300w, https:\/\/medicina.udd.cl\/fonoaudiologia-santiago\/files\/2010\/10\/II-5-768x576.jpg 768w\" sizes=\"auto, (max-width: 712px) 100vw, 712px\" \/><\/figure><figure class=\"carousel-item\"><img loading=\"lazy\" decoding=\"async\" width=\"718\" height=\"534\" src=\"https:\/\/medicina.udd.cl\/fonoaudiologia-santiago\/files\/2010\/10\/II-4.jpg\" class=\"attachment-landscape_952 size-landscape_952\" alt=\"\" srcset=\"https:\/\/medicina.udd.cl\/fonoaudiologia-santiago\/files\/2010\/10\/II-4.jpg 800w, https:\/\/medicina.udd.cl\/fonoaudiologia-santiago\/files\/2010\/10\/II-4-300x223.jpg 300w, https:\/\/medicina.udd.cl\/fonoaudiologia-santiago\/files\/2010\/10\/II-4-768x571.jpg 768w\" sizes=\"auto, (max-width: 718px) 100vw, 718px\" \/><\/figure><figure class=\"carousel-item\"><img loading=\"lazy\" decoding=\"async\" width=\"706\" height=\"534\" src=\"https:\/\/medicina.udd.cl\/fonoaudiologia-santiago\/files\/2010\/10\/II-2.jpg\" class=\"attachment-landscape_952 size-landscape_952\" alt=\"\" srcset=\"https:\/\/medicina.udd.cl\/fonoaudiologia-santiago\/files\/2010\/10\/II-2.jpg 800w, https:\/\/medicina.udd.cl\/fonoaudiologia-santiago\/files\/2010\/10\/II-2-300x227.jpg 300w, https:\/\/medicina.udd.cl\/fonoaudiologia-santiago\/files\/2010\/10\/II-2-768x581.jpg 768w\" sizes=\"auto, (max-width: 706px) 100vw, 706px\" \/><\/figure><figure class=\"carousel-item\"><img loading=\"lazy\" decoding=\"async\" width=\"755\" height=\"534\" src=\"https:\/\/medicina.udd.cl\/fonoaudiologia-santiago\/files\/2010\/10\/II-1.jpg\" class=\"attachment-landscape_952 size-landscape_952\" alt=\"\" srcset=\"https:\/\/medicina.udd.cl\/fonoaudiologia-santiago\/files\/2010\/10\/II-1.jpg 800w, https:\/\/medicina.udd.cl\/fonoaudiologia-santiago\/files\/2010\/10\/II-1-300x212.jpg 300w, https:\/\/medicina.udd.cl\/fonoaudiologia-santiago\/files\/2010\/10\/II-1-768x543.jpg 768w, https:\/\/medicina.udd.cl\/fonoaudiologia-santiago\/files\/2010\/10\/II-1-316x224.jpg 316w, https:\/\/medicina.udd.cl\/fonoaudiologia-santiago\/files\/2010\/10\/II-1-87x62.jpg 87w\" sizes=\"auto, (max-width: 755px) 100vw, 755px\" \/><\/figure><\/div><footer class=\"carousel-footer\"><div class=\"carousel-counter\"><span class=\"carousel-counter-current\"><\/span> \/ <span class=\"carousel-counter-total\"><\/span><\/div><a class=\"carousel-control-prev\" href=\"#gallery-1\" role=\"button\" data-slide=\"prev\"><svg aria-hidden=\"true\" class=\"svg-chevron-left-dims\"><use xlink:href='https:\/\/medicina.udd.cl\/fonoaudiologia-santiago\/wp-content\/themes\/facultades-2018\/assets\/img\/svg\/dist\/main.svg?version=1695853099#chevron-left'><\/use><\/svg><span class=\"sr-only\">Anterior<\/span><\/a><a class=\"carousel-control-next\" href=\"#gallery-1\" role=\"button\" data-slide=\"next\"><svg aria-hidden=\"true\" class=\"svg-chevron-right-dims\"><use xlink:href='https:\/\/medicina.udd.cl\/fonoaudiologia-santiago\/wp-content\/themes\/facultades-2018\/assets\/img\/svg\/dist\/main.svg?version=1695853099#chevron-right'><\/use><\/svg><span class=\"sr-only\">Siguiente<\/span><\/a><\/footer><\/div>\n","protected":false},"excerpt":{"rendered":"<p>Los alumnos de Fonoaudiolog\u00eda de la Facultad de Medicina CAS-UDD presentaron distintos trabajos en el congreso interno. <\/p>\n","protected":false},"author":1,"featured_media":0,"comment_status":"open","ping_status":"open","sticky":false,"template":"","format":"standard","meta":{"footnotes":""},"categories":[4],"tags":[],"class_list":["post-298","post","type-post","status-publish","format-standard","hentry","category-noticias"],"yoast_head":"<!-- This site is optimized with the Yoast SEO plugin v26.9 - https:\/\/yoast.com\/product\/yoast-seo-wordpress\/ -->\n<title>II Congreso de alumnos de Fonoaudiolog\u00eda - Fonoaudiolog\u00eda<\/title>\n<meta name=\"robots\" content=\"index, follow, max-snippet:-1, max-image-preview:large, max-video-preview:-1\" \/>\n<link rel=\"canonical\" href=\"https:\/\/medicina.udd.cl\/fonoaudiologia-santiago\/noticias\/2010\/10\/26\/ii-congreso-de-alumnos-de-fonoaudiologia\/\" \/>\n<meta property=\"og:locale\" content=\"es_ES\" \/>\n<meta property=\"og:type\" content=\"article\" \/>\n<meta property=\"og:title\" content=\"II Congreso de alumnos de Fonoaudiolog\u00eda - Fonoaudiolog\u00eda\" \/>\n<meta property=\"og:description\" content=\"Los alumnos de Fonoaudiolog\u00eda de la Facultad de Medicina CAS-UDD presentaron distintos trabajos en el congreso interno.\" \/>\n<meta property=\"og:url\" content=\"https:\/\/medicina.udd.cl\/fonoaudiologia-santiago\/noticias\/2010\/10\/26\/ii-congreso-de-alumnos-de-fonoaudiologia\/\" \/>\n<meta property=\"og:site_name\" content=\"Fonoaudiolog\u00eda\" \/>\n<meta property=\"article:published_time\" content=\"2010-10-26T12:26:10+00:00\" \/>\n<meta property=\"article:modified_time\" content=\"2010-10-27T14:25:16+00:00\" \/>\n<meta property=\"og:image\" content=\"https:\/\/medicina.udd.cl\/fonoaudiologia-santiago\/files\/2010\/10\/con1-e1288189503966.jpg\" \/>\n<meta name=\"author\" content=\"admin\" \/>\n<meta name=\"twitter:label1\" content=\"Escrito por\" \/>\n\t<meta name=\"twitter:data1\" content=\"admin\" \/>\n\t<meta name=\"twitter:label2\" content=\"Tiempo de lectura\" \/>\n\t<meta name=\"twitter:data2\" content=\"1 minuto\" \/>\n<script type=\"application\/ld+json\" class=\"yoast-schema-graph\">{\"@context\":\"https:\/\/schema.org\",\"@graph\":[{\"@type\":\"Article\",\"@id\":\"https:\/\/medicina.udd.cl\/fonoaudiologia-santiago\/noticias\/2010\/10\/26\/ii-congreso-de-alumnos-de-fonoaudiologia\/#article\",\"isPartOf\":{\"@id\":\"https:\/\/medicina.udd.cl\/fonoaudiologia-santiago\/noticias\/2010\/10\/26\/ii-congreso-de-alumnos-de-fonoaudiologia\/\"},\"author\":{\"name\":\"admin\",\"@id\":\"https:\/\/medicina.udd.cl\/fonoaudiologia-santiago\/#\/schema\/person\/f7abfa784c86da427e89287831f96ab7\"},\"headline\":\"II Congreso de alumnos de Fonoaudiolog\u00eda\",\"datePublished\":\"2010-10-26T12:26:10+00:00\",\"dateModified\":\"2010-10-27T14:25:16+00:00\",\"mainEntityOfPage\":{\"@id\":\"https:\/\/medicina.udd.cl\/fonoaudiologia-santiago\/noticias\/2010\/10\/26\/ii-congreso-de-alumnos-de-fonoaudiologia\/\"},\"wordCount\":209,\"commentCount\":0,\"articleSection\":[\"Noticias\"],\"inLanguage\":\"es\",\"potentialAction\":[{\"@type\":\"CommentAction\",\"name\":\"Comment\",\"target\":[\"https:\/\/medicina.udd.cl\/fonoaudiologia-santiago\/noticias\/2010\/10\/26\/ii-congreso-de-alumnos-de-fonoaudiologia\/#respond\"]}]},{\"@type\":\"WebPage\",\"@id\":\"https:\/\/medicina.udd.cl\/fonoaudiologia-santiago\/noticias\/2010\/10\/26\/ii-congreso-de-alumnos-de-fonoaudiologia\/\",\"url\":\"https:\/\/medicina.udd.cl\/fonoaudiologia-santiago\/noticias\/2010\/10\/26\/ii-congreso-de-alumnos-de-fonoaudiologia\/\",\"name\":\"II Congreso de alumnos de Fonoaudiolog\u00eda - Fonoaudiolog\u00eda\",\"isPartOf\":{\"@id\":\"https:\/\/medicina.udd.cl\/fonoaudiologia-santiago\/#website\"},\"datePublished\":\"2010-10-26T12:26:10+00:00\",\"dateModified\":\"2010-10-27T14:25:16+00:00\",\"author\":{\"@id\":\"https:\/\/medicina.udd.cl\/fonoaudiologia-santiago\/#\/schema\/person\/f7abfa784c86da427e89287831f96ab7\"},\"breadcrumb\":{\"@id\":\"https:\/\/medicina.udd.cl\/fonoaudiologia-santiago\/noticias\/2010\/10\/26\/ii-congreso-de-alumnos-de-fonoaudiologia\/#breadcrumb\"},\"inLanguage\":\"es\",\"potentialAction\":[{\"@type\":\"ReadAction\",\"target\":[\"https:\/\/medicina.udd.cl\/fonoaudiologia-santiago\/noticias\/2010\/10\/26\/ii-congreso-de-alumnos-de-fonoaudiologia\/\"]}]},{\"@type\":\"BreadcrumbList\",\"@id\":\"https:\/\/medicina.udd.cl\/fonoaudiologia-santiago\/noticias\/2010\/10\/26\/ii-congreso-de-alumnos-de-fonoaudiologia\/#breadcrumb\",\"itemListElement\":[{\"@type\":\"ListItem\",\"position\":1,\"name\":\"Home\",\"item\":\"https:\/\/medicina.udd.cl\/fonoaudiologia-santiago\/\"},{\"@type\":\"ListItem\",\"position\":2,\"name\":\"II Congreso de alumnos de Fonoaudiolog\u00eda\"}]},{\"@type\":\"WebSite\",\"@id\":\"https:\/\/medicina.udd.cl\/fonoaudiologia-santiago\/#website\",\"url\":\"https:\/\/medicina.udd.cl\/fonoaudiologia-santiago\/\",\"name\":\"Fonoaudiolog\u00eda\",\"description\":\"Facultad de Medicina Cl\u00ednica Alemana Universidad del Desarrollo\",\"inLanguage\":\"es\"},{\"@type\":\"Person\",\"@id\":\"https:\/\/medicina.udd.cl\/fonoaudiologia-santiago\/#\/schema\/person\/f7abfa784c86da427e89287831f96ab7\",\"name\":\"admin\",\"image\":{\"@type\":\"ImageObject\",\"inLanguage\":\"es\",\"@id\":\"https:\/\/medicina.udd.cl\/fonoaudiologia-santiago\/#\/schema\/person\/image\/\",\"url\":\"https:\/\/secure.gravatar.com\/avatar\/3cb6da298954dfb54457c0910b8c9ca010abd8d87a60f7d701b6ce4254e1c642?s=96&d=mm&r=g\",\"contentUrl\":\"https:\/\/secure.gravatar.com\/avatar\/3cb6da298954dfb54457c0910b8c9ca010abd8d87a60f7d701b6ce4254e1c642?s=96&d=mm&r=g\",\"caption\":\"admin\"},\"url\":\"https:\/\/medicina.udd.cl\/fonoaudiologia-santiago\/noticias\/author\/admin\/\"}]}<\/script>\n<!-- \/ Yoast SEO plugin. -->","yoast_head_json":{"title":"II Congreso de alumnos de Fonoaudiolog\u00eda - Fonoaudiolog\u00eda","robots":{"index":"index","follow":"follow","max-snippet":"max-snippet:-1","max-image-preview":"max-image-preview:large","max-video-preview":"max-video-preview:-1"},"canonical":"https:\/\/medicina.udd.cl\/fonoaudiologia-santiago\/noticias\/2010\/10\/26\/ii-congreso-de-alumnos-de-fonoaudiologia\/","og_locale":"es_ES","og_type":"article","og_title":"II Congreso de alumnos de Fonoaudiolog\u00eda - Fonoaudiolog\u00eda","og_description":"Los alumnos de Fonoaudiolog\u00eda de la Facultad de Medicina CAS-UDD presentaron distintos trabajos en el congreso interno.","og_url":"https:\/\/medicina.udd.cl\/fonoaudiologia-santiago\/noticias\/2010\/10\/26\/ii-congreso-de-alumnos-de-fonoaudiologia\/","og_site_name":"Fonoaudiolog\u00eda","article_published_time":"2010-10-26T12:26:10+00:00","article_modified_time":"2010-10-27T14:25:16+00:00","og_image":[{"url":"https:\/\/medicina.udd.cl\/fonoaudiologia-santiago\/files\/2010\/10\/con1-e1288189503966.jpg","type":"","width":"","height":""}],"author":"admin","twitter_misc":{"Escrito por":"admin","Tiempo de lectura":"1 minuto"},"schema":{"@context":"https:\/\/schema.org","@graph":[{"@type":"Article","@id":"https:\/\/medicina.udd.cl\/fonoaudiologia-santiago\/noticias\/2010\/10\/26\/ii-congreso-de-alumnos-de-fonoaudiologia\/#article","isPartOf":{"@id":"https:\/\/medicina.udd.cl\/fonoaudiologia-santiago\/noticias\/2010\/10\/26\/ii-congreso-de-alumnos-de-fonoaudiologia\/"},"author":{"name":"admin","@id":"https:\/\/medicina.udd.cl\/fonoaudiologia-santiago\/#\/schema\/person\/f7abfa784c86da427e89287831f96ab7"},"headline":"II Congreso de alumnos de Fonoaudiolog\u00eda","datePublished":"2010-10-26T12:26:10+00:00","dateModified":"2010-10-27T14:25:16+00:00","mainEntityOfPage":{"@id":"https:\/\/medicina.udd.cl\/fonoaudiologia-santiago\/noticias\/2010\/10\/26\/ii-congreso-de-alumnos-de-fonoaudiologia\/"},"wordCount":209,"commentCount":0,"articleSection":["Noticias"],"inLanguage":"es","potentialAction":[{"@type":"CommentAction","name":"Comment","target":["https:\/\/medicina.udd.cl\/fonoaudiologia-santiago\/noticias\/2010\/10\/26\/ii-congreso-de-alumnos-de-fonoaudiologia\/#respond"]}]},{"@type":"WebPage","@id":"https:\/\/medicina.udd.cl\/fonoaudiologia-santiago\/noticias\/2010\/10\/26\/ii-congreso-de-alumnos-de-fonoaudiologia\/","url":"https:\/\/medicina.udd.cl\/fonoaudiologia-santiago\/noticias\/2010\/10\/26\/ii-congreso-de-alumnos-de-fonoaudiologia\/","name":"II Congreso de alumnos de Fonoaudiolog\u00eda - Fonoaudiolog\u00eda","isPartOf":{"@id":"https:\/\/medicina.udd.cl\/fonoaudiologia-santiago\/#website"},"datePublished":"2010-10-26T12:26:10+00:00","dateModified":"2010-10-27T14:25:16+00:00","author":{"@id":"https:\/\/medicina.udd.cl\/fonoaudiologia-santiago\/#\/schema\/person\/f7abfa784c86da427e89287831f96ab7"},"breadcrumb":{"@id":"https:\/\/medicina.udd.cl\/fonoaudiologia-santiago\/noticias\/2010\/10\/26\/ii-congreso-de-alumnos-de-fonoaudiologia\/#breadcrumb"},"inLanguage":"es","potentialAction":[{"@type":"ReadAction","target":["https:\/\/medicina.udd.cl\/fonoaudiologia-santiago\/noticias\/2010\/10\/26\/ii-congreso-de-alumnos-de-fonoaudiologia\/"]}]},{"@type":"BreadcrumbList","@id":"https:\/\/medicina.udd.cl\/fonoaudiologia-santiago\/noticias\/2010\/10\/26\/ii-congreso-de-alumnos-de-fonoaudiologia\/#breadcrumb","itemListElement":[{"@type":"ListItem","position":1,"name":"Home","item":"https:\/\/medicina.udd.cl\/fonoaudiologia-santiago\/"},{"@type":"ListItem","position":2,"name":"II Congreso de alumnos de Fonoaudiolog\u00eda"}]},{"@type":"WebSite","@id":"https:\/\/medicina.udd.cl\/fonoaudiologia-santiago\/#website","url":"https:\/\/medicina.udd.cl\/fonoaudiologia-santiago\/","name":"Fonoaudiolog\u00eda","description":"Facultad de Medicina Cl\u00ednica Alemana Universidad del Desarrollo","inLanguage":"es"},{"@type":"Person","@id":"https:\/\/medicina.udd.cl\/fonoaudiologia-santiago\/#\/schema\/person\/f7abfa784c86da427e89287831f96ab7","name":"admin","image":{"@type":"ImageObject","inLanguage":"es","@id":"https:\/\/medicina.udd.cl\/fonoaudiologia-santiago\/#\/schema\/person\/image\/","url":"https:\/\/secure.gravatar.com\/avatar\/3cb6da298954dfb54457c0910b8c9ca010abd8d87a60f7d701b6ce4254e1c642?s=96&d=mm&r=g","contentUrl":"https:\/\/secure.gravatar.com\/avatar\/3cb6da298954dfb54457c0910b8c9ca010abd8d87a60f7d701b6ce4254e1c642?s=96&d=mm&r=g","caption":"admin"},"url":"https:\/\/medicina.udd.cl\/fonoaudiologia-santiago\/noticias\/author\/admin\/"}]}},"featured_image_url":null,"_links":{"self":[{"href":"https:\/\/medicina.udd.cl\/fonoaudiologia-santiago\/wp-json\/wp\/v2\/posts\/298","targetHints":{"allow":["GET"]}}],"collection":[{"href":"https:\/\/medicina.udd.cl\/fonoaudiologia-santiago\/wp-json\/wp\/v2\/posts"}],"about":[{"href":"https:\/\/medicina.udd.cl\/fonoaudiologia-santiago\/wp-json\/wp\/v2\/types\/post"}],"author":[{"embeddable":true,"href":"https:\/\/medicina.udd.cl\/fonoaudiologia-santiago\/wp-json\/wp\/v2\/users\/1"}],"replies":[{"embeddable":true,"href":"https:\/\/medicina.udd.cl\/fonoaudiologia-santiago\/wp-json\/wp\/v2\/comments?post=298"}],"version-history":[{"count":7,"href":"https:\/\/medicina.udd.cl\/fonoaudiologia-santiago\/wp-json\/wp\/v2\/posts\/298\/revisions"}],"predecessor-version":[{"id":323,"href":"https:\/\/medicina.udd.cl\/fonoaudiologia-santiago\/wp-json\/wp\/v2\/posts\/298\/revisions\/323"}],"wp:attachment":[{"href":"https:\/\/medicina.udd.cl\/fonoaudiologia-santiago\/wp-json\/wp\/v2\/media?parent=298"}],"wp:term":[{"taxonomy":"category","embeddable":true,"href":"https:\/\/medicina.udd.cl\/fonoaudiologia-santiago\/wp-json\/wp\/v2\/categories?post=298"},{"taxonomy":"post_tag","embeddable":true,"href":"https:\/\/medicina.udd.cl\/fonoaudiologia-santiago\/wp-json\/wp\/v2\/tags?post=298"}],"curies":[{"name":"wp","href":"https:\/\/api.w.org\/{rel}","templated":true}]}}