{"id":3160,"date":"2016-04-12T15:08:36","date_gmt":"2016-04-12T18:08:36","guid":{"rendered":"http:\/\/medicina.udd.cl\/fonoaudiologia-santiago\/?p=3160"},"modified":"2016-04-12T15:14:47","modified_gmt":"2016-04-12T18:14:47","slug":"diplomado-en-motricidad-orofacial-udd-titula-a-su-primera-generacion","status":"publish","type":"post","link":"https:\/\/medicina.udd.cl\/fonoaudiologia-santiago\/noticias\/2016\/04\/12\/diplomado-en-motricidad-orofacial-udd-titula-a-su-primera-generacion\/","title":{"rendered":"Diplomado en Motricidad Orofacial UDD titula a su primera generaci\u00f3n"},"content":{"rendered":"<div id=\"gallery-1\" class=\"carousel slide carousel-gallery\" data-ride=\"false\" data-interval=\"false\"><div class=\"carousel-inner\" role=\"listbox\"><figure class=\"carousel-item active\"><img loading=\"lazy\" decoding=\"async\" width=\"801\" height=\"534\" src=\"https:\/\/medicina.udd.cl\/fonoaudiologia-santiago\/files\/2016\/04\/IMG_8945.jpg\" class=\"attachment-landscape_952 size-landscape_952\" alt=\"\" srcset=\"https:\/\/medicina.udd.cl\/fonoaudiologia-santiago\/files\/2016\/04\/IMG_8945.jpg 4272w, https:\/\/medicina.udd.cl\/fonoaudiologia-santiago\/files\/2016\/04\/IMG_8945-300x200.jpg 300w, https:\/\/medicina.udd.cl\/fonoaudiologia-santiago\/files\/2016\/04\/IMG_8945-768x512.jpg 768w, https:\/\/medicina.udd.cl\/fonoaudiologia-santiago\/files\/2016\/04\/IMG_8945-1024x683.jpg 1024w, https:\/\/medicina.udd.cl\/fonoaudiologia-santiago\/files\/2016\/04\/IMG_8945-960x640.jpg 960w\" sizes=\"auto, (max-width: 801px) 100vw, 801px\" \/><\/figure><figure class=\"carousel-item\"><img loading=\"lazy\" decoding=\"async\" width=\"801\" height=\"534\" src=\"https:\/\/medicina.udd.cl\/fonoaudiologia-santiago\/files\/2016\/04\/IMG_8999.jpg\" class=\"attachment-landscape_952 size-landscape_952\" alt=\"\" srcset=\"https:\/\/medicina.udd.cl\/fonoaudiologia-santiago\/files\/2016\/04\/IMG_8999.jpg 4272w, https:\/\/medicina.udd.cl\/fonoaudiologia-santiago\/files\/2016\/04\/IMG_8999-300x200.jpg 300w, https:\/\/medicina.udd.cl\/fonoaudiologia-santiago\/files\/2016\/04\/IMG_8999-768x512.jpg 768w, https:\/\/medicina.udd.cl\/fonoaudiologia-santiago\/files\/2016\/04\/IMG_8999-1024x683.jpg 1024w, https:\/\/medicina.udd.cl\/fonoaudiologia-santiago\/files\/2016\/04\/IMG_8999-960x640.jpg 960w\" sizes=\"auto, (max-width: 801px) 100vw, 801px\" \/><\/figure><figure class=\"carousel-item\"><img loading=\"lazy\" decoding=\"async\" width=\"800\" height=\"534\" src=\"https:\/\/medicina.udd.cl\/fonoaudiologia-santiago\/files\/2016\/04\/IMG_8950.jpg\" class=\"attachment-landscape_952 size-landscape_952\" alt=\"\" srcset=\"https:\/\/medicina.udd.cl\/fonoaudiologia-santiago\/files\/2016\/04\/IMG_8950.jpg 2546w, https:\/\/medicina.udd.cl\/fonoaudiologia-santiago\/files\/2016\/04\/IMG_8950-300x200.jpg 300w, https:\/\/medicina.udd.cl\/fonoaudiologia-santiago\/files\/2016\/04\/IMG_8950-768x513.jpg 768w, https:\/\/medicina.udd.cl\/fonoaudiologia-santiago\/files\/2016\/04\/IMG_8950-1024x684.jpg 1024w, https:\/\/medicina.udd.cl\/fonoaudiologia-santiago\/files\/2016\/04\/IMG_8950-960x641.jpg 960w\" sizes=\"auto, (max-width: 800px) 100vw, 800px\" \/><\/figure><figure class=\"carousel-item\"><img loading=\"lazy\" decoding=\"async\" width=\"801\" height=\"534\" src=\"https:\/\/medicina.udd.cl\/fonoaudiologia-santiago\/files\/2016\/04\/IMG_8996.jpg\" class=\"attachment-landscape_952 size-landscape_952\" alt=\"\" srcset=\"https:\/\/medicina.udd.cl\/fonoaudiologia-santiago\/files\/2016\/04\/IMG_8996.jpg 4272w, https:\/\/medicina.udd.cl\/fonoaudiologia-santiago\/files\/2016\/04\/IMG_8996-300x200.jpg 300w, https:\/\/medicina.udd.cl\/fonoaudiologia-santiago\/files\/2016\/04\/IMG_8996-768x512.jpg 768w, https:\/\/medicina.udd.cl\/fonoaudiologia-santiago\/files\/2016\/04\/IMG_8996-1024x683.jpg 1024w, https:\/\/medicina.udd.cl\/fonoaudiologia-santiago\/files\/2016\/04\/IMG_8996-960x640.jpg 960w\" sizes=\"auto, (max-width: 801px) 100vw, 801px\" \/><\/figure><figure class=\"carousel-item\"><img loading=\"lazy\" decoding=\"async\" width=\"801\" height=\"534\" src=\"https:\/\/medicina.udd.cl\/fonoaudiologia-santiago\/files\/2016\/04\/IMG_8978.jpg\" class=\"attachment-landscape_952 size-landscape_952\" alt=\"\" srcset=\"https:\/\/medicina.udd.cl\/fonoaudiologia-santiago\/files\/2016\/04\/IMG_8978.jpg 4272w, https:\/\/medicina.udd.cl\/fonoaudiologia-santiago\/files\/2016\/04\/IMG_8978-300x200.jpg 300w, https:\/\/medicina.udd.cl\/fonoaudiologia-santiago\/files\/2016\/04\/IMG_8978-768x512.jpg 768w, https:\/\/medicina.udd.cl\/fonoaudiologia-santiago\/files\/2016\/04\/IMG_8978-1024x683.jpg 1024w, https:\/\/medicina.udd.cl\/fonoaudiologia-santiago\/files\/2016\/04\/IMG_8978-960x640.jpg 960w\" sizes=\"auto, (max-width: 801px) 100vw, 801px\" \/><\/figure><figure class=\"carousel-item\"><img loading=\"lazy\" decoding=\"async\" width=\"801\" height=\"534\" src=\"https:\/\/medicina.udd.cl\/fonoaudiologia-santiago\/files\/2016\/04\/IMG_8990.jpg\" class=\"attachment-landscape_952 size-landscape_952\" alt=\"\" srcset=\"https:\/\/medicina.udd.cl\/fonoaudiologia-santiago\/files\/2016\/04\/IMG_8990.jpg 4272w, https:\/\/medicina.udd.cl\/fonoaudiologia-santiago\/files\/2016\/04\/IMG_8990-300x200.jpg 300w, https:\/\/medicina.udd.cl\/fonoaudiologia-santiago\/files\/2016\/04\/IMG_8990-768x512.jpg 768w, https:\/\/medicina.udd.cl\/fonoaudiologia-santiago\/files\/2016\/04\/IMG_8990-1024x683.jpg 1024w, https:\/\/medicina.udd.cl\/fonoaudiologia-santiago\/files\/2016\/04\/IMG_8990-960x640.jpg 960w\" sizes=\"auto, (max-width: 801px) 100vw, 801px\" \/><\/figure><figure class=\"carousel-item\"><img loading=\"lazy\" decoding=\"async\" width=\"801\" height=\"534\" src=\"https:\/\/medicina.udd.cl\/fonoaudiologia-santiago\/files\/2016\/04\/IMG_8969.jpg\" class=\"attachment-landscape_952 size-landscape_952\" alt=\"\" srcset=\"https:\/\/medicina.udd.cl\/fonoaudiologia-santiago\/files\/2016\/04\/IMG_8969.jpg 4272w, https:\/\/medicina.udd.cl\/fonoaudiologia-santiago\/files\/2016\/04\/IMG_8969-300x200.jpg 300w, https:\/\/medicina.udd.cl\/fonoaudiologia-santiago\/files\/2016\/04\/IMG_8969-768x512.jpg 768w, https:\/\/medicina.udd.cl\/fonoaudiologia-santiago\/files\/2016\/04\/IMG_8969-1024x683.jpg 1024w, https:\/\/medicina.udd.cl\/fonoaudiologia-santiago\/files\/2016\/04\/IMG_8969-960x640.jpg 960w\" sizes=\"auto, (max-width: 801px) 100vw, 801px\" \/><\/figure><figure class=\"carousel-item\"><img loading=\"lazy\" decoding=\"async\" width=\"801\" height=\"534\" src=\"https:\/\/medicina.udd.cl\/fonoaudiologia-santiago\/files\/2016\/04\/IMG_8940.jpg\" class=\"attachment-landscape_952 size-landscape_952\" alt=\"\" srcset=\"https:\/\/medicina.udd.cl\/fonoaudiologia-santiago\/files\/2016\/04\/IMG_8940.jpg 4272w, https:\/\/medicina.udd.cl\/fonoaudiologia-santiago\/files\/2016\/04\/IMG_8940-300x200.jpg 300w, https:\/\/medicina.udd.cl\/fonoaudiologia-santiago\/files\/2016\/04\/IMG_8940-768x512.jpg 768w, https:\/\/medicina.udd.cl\/fonoaudiologia-santiago\/files\/2016\/04\/IMG_8940-1024x683.jpg 1024w, https:\/\/medicina.udd.cl\/fonoaudiologia-santiago\/files\/2016\/04\/IMG_8940-960x640.jpg 960w\" sizes=\"auto, (max-width: 801px) 100vw, 801px\" \/><\/figure><figure class=\"carousel-item\"><img loading=\"lazy\" decoding=\"async\" width=\"801\" height=\"534\" src=\"https:\/\/medicina.udd.cl\/fonoaudiologia-santiago\/files\/2016\/04\/IMG_9017.jpg\" class=\"attachment-landscape_952 size-landscape_952\" alt=\"\" srcset=\"https:\/\/medicina.udd.cl\/fonoaudiologia-santiago\/files\/2016\/04\/IMG_9017.jpg 4272w, https:\/\/medicina.udd.cl\/fonoaudiologia-santiago\/files\/2016\/04\/IMG_9017-300x200.jpg 300w, https:\/\/medicina.udd.cl\/fonoaudiologia-santiago\/files\/2016\/04\/IMG_9017-768x512.jpg 768w, https:\/\/medicina.udd.cl\/fonoaudiologia-santiago\/files\/2016\/04\/IMG_9017-1024x683.jpg 1024w, https:\/\/medicina.udd.cl\/fonoaudiologia-santiago\/files\/2016\/04\/IMG_9017-960x640.jpg 960w\" sizes=\"auto, (max-width: 801px) 100vw, 801px\" \/><\/figure><\/div><footer class=\"carousel-footer\"><div class=\"carousel-counter\"><span class=\"carousel-counter-current\"><\/span> \/ <span class=\"carousel-counter-total\"><\/span><\/div><a class=\"carousel-control-prev\" href=\"#gallery-1\" role=\"button\" data-slide=\"prev\"><svg aria-hidden=\"true\" class=\"svg-chevron-left-dims\"><use xlink:href='https:\/\/medicina.udd.cl\/fonoaudiologia-santiago\/wp-content\/themes\/facultades-2018\/assets\/img\/svg\/dist\/main.svg?version=1695853099#chevron-left'><\/use><\/svg><span class=\"sr-only\">Anterior<\/span><\/a><a class=\"carousel-control-next\" href=\"#gallery-1\" role=\"button\" data-slide=\"next\"><svg aria-hidden=\"true\" class=\"svg-chevron-right-dims\"><use xlink:href='https:\/\/medicina.udd.cl\/fonoaudiologia-santiago\/wp-content\/themes\/facultades-2018\/assets\/img\/svg\/dist\/main.svg?version=1695853099#chevron-right'><\/use><\/svg><span class=\"sr-only\">Siguiente<\/span><\/a><\/footer><\/div>\n<p style=\"text-align: justify\">El viernes 8 de abril, en el Edificio de postgrado del campus RESB, se realiz\u00f3 la ceremonia de titulaci\u00f3n de los 20 alumnos que cursaron la I Versi\u00f3n del <a href=\"http:\/\/medicina.udd.cl\/ver-diplomado\/diplomado-en-motricidad-orofacial-i\/\" target=\"_blank\">Diplomado en Motricidad Orofacial<\/a>, organizado por la carrera de Fonoaudiolog\u00eda de la Universidad del Desarrollo.<\/p>\n<p style=\"text-align: justify\">Esta actividad puso fin a ocho meses de clases en que destacados docentes nacionales e internacionales profundizaron en el tratamiento de los pacientes con alteraciones del Sistema Estomatogn\u00e1tico.<\/p>\n<p style=\"text-align: justify\">Iv\u00e1n Castillo C\u00e1ceres, director del diplomado, destac\u00f3 lo valioso de formarse en disciplinas de inter\u00e9s junto con abrir nuevos campos que vayan en beneficio de diferentes usuarios, planteando la inquietud de si \u201ccon el t\u00e9rmino del diplomado, \u00bfest\u00e1n terminando una etapa o iniciando otra?\u201d.<\/p>\n<p style=\"text-align: justify\">Del mismo modo, tambi\u00e9n se mencion\u00f3 la importancia de los v\u00ednculos establecidos con las docentes extranjeras, que permitieron que cuatro alumnos viajaran a Brasil a realizar pasant\u00edas.\u00a0 \u201cEsperamos que los aprendizajes y experiencias de este primer Diplomado en Motricidad Orofacial nos permitan desarrollar una versi\u00f3n igual o mejor este 2016\u201d, concluy\u00f3 el fonoaudi\u00f3logo.<\/p>\n<p style=\"text-align: justify\">Por su parte, la directora de Fonoaudiolog\u00eda UDD Santiago, Mar\u00eda Ang\u00e9lica L\u00f3pez O\u00f1att, salud\u00f3 a cada uno de los diplomados y agradeci\u00f3 su participaci\u00f3n en el programa, mencionando que las puertas de la carrera siempre estar\u00e1n abiertas para ellos.<\/p>\n","protected":false},"excerpt":{"rendered":"<p>Tras poner fin a ocho meses de clases, el director del programa, Iv\u00e1n Castillo C\u00e1ceres, destac\u00f3 la importancia de formarse en disciplinas de inter\u00e9s y de abrir nuevos campos que beneficien a los usuarios.<\/p>\n","protected":false},"author":9192192,"featured_media":3189,"comment_status":"open","ping_status":"open","sticky":false,"template":"","format":"standard","meta":{"footnotes":""},"categories":[4],"tags":[],"class_list":["post-3160","post","type-post","status-publish","format-standard","has-post-thumbnail","hentry","category-noticias"],"yoast_head":"<!-- This site is optimized with the Yoast SEO plugin v26.9 - https:\/\/yoast.com\/product\/yoast-seo-wordpress\/ -->\n<title>Diplomado en Motricidad Orofacial UDD titula a su primera generaci\u00f3n - Fonoaudiolog\u00eda<\/title>\n<meta name=\"robots\" content=\"index, follow, max-snippet:-1, max-image-preview:large, max-video-preview:-1\" \/>\n<link rel=\"canonical\" href=\"https:\/\/medicina.udd.cl\/fonoaudiologia-santiago\/noticias\/2016\/04\/12\/diplomado-en-motricidad-orofacial-udd-titula-a-su-primera-generacion\/\" \/>\n<meta property=\"og:locale\" content=\"es_ES\" \/>\n<meta property=\"og:type\" content=\"article\" \/>\n<meta property=\"og:title\" content=\"Diplomado en Motricidad Orofacial UDD titula a su primera generaci\u00f3n - Fonoaudiolog\u00eda\" \/>\n<meta property=\"og:description\" content=\"Tras poner fin a ocho meses de clases, el director del programa, Iv\u00e1n Castillo C\u00e1ceres, destac\u00f3 la importancia de formarse en disciplinas de inter\u00e9s y de abrir nuevos campos que beneficien a los usuarios.\" \/>\n<meta property=\"og:url\" content=\"https:\/\/medicina.udd.cl\/fonoaudiologia-santiago\/noticias\/2016\/04\/12\/diplomado-en-motricidad-orofacial-udd-titula-a-su-primera-generacion\/\" \/>\n<meta property=\"og:site_name\" content=\"Fonoaudiolog\u00eda\" \/>\n<meta property=\"article:published_time\" content=\"2016-04-12T18:08:36+00:00\" \/>\n<meta property=\"article:modified_time\" content=\"2016-04-12T18:14:47+00:00\" \/>\n<meta property=\"og:image\" content=\"https:\/\/medicina.udd.cl\/fonoaudiologia-santiago\/files\/2016\/04\/IMG_9017-1024x683.jpg\" \/>\n\t<meta property=\"og:image:width\" content=\"1024\" \/>\n\t<meta property=\"og:image:height\" content=\"683\" \/>\n\t<meta property=\"og:image:type\" content=\"image\/jpeg\" \/>\n<meta name=\"author\" content=\"paulinamunoz\" \/>\n<meta name=\"twitter:label1\" content=\"Escrito por\" \/>\n\t<meta name=\"twitter:data1\" content=\"paulinamunoz\" \/>\n\t<meta name=\"twitter:label2\" content=\"Tiempo de lectura\" \/>\n\t<meta name=\"twitter:data2\" content=\"1 minuto\" \/>\n<script type=\"application\/ld+json\" class=\"yoast-schema-graph\">{\"@context\":\"https:\/\/schema.org\",\"@graph\":[{\"@type\":\"Article\",\"@id\":\"https:\/\/medicina.udd.cl\/fonoaudiologia-santiago\/noticias\/2016\/04\/12\/diplomado-en-motricidad-orofacial-udd-titula-a-su-primera-generacion\/#article\",\"isPartOf\":{\"@id\":\"https:\/\/medicina.udd.cl\/fonoaudiologia-santiago\/noticias\/2016\/04\/12\/diplomado-en-motricidad-orofacial-udd-titula-a-su-primera-generacion\/\"},\"author\":{\"name\":\"paulinamunoz\",\"@id\":\"https:\/\/medicina.udd.cl\/fonoaudiologia-santiago\/#\/schema\/person\/8bbd66125b574a40ec467c180c11f2e3\"},\"headline\":\"Diplomado en Motricidad Orofacial UDD titula a su primera generaci\u00f3n\",\"datePublished\":\"2016-04-12T18:08:36+00:00\",\"dateModified\":\"2016-04-12T18:14:47+00:00\",\"mainEntityOfPage\":{\"@id\":\"https:\/\/medicina.udd.cl\/fonoaudiologia-santiago\/noticias\/2016\/04\/12\/diplomado-en-motricidad-orofacial-udd-titula-a-su-primera-generacion\/\"},\"wordCount\":239,\"commentCount\":0,\"image\":{\"@id\":\"https:\/\/medicina.udd.cl\/fonoaudiologia-santiago\/noticias\/2016\/04\/12\/diplomado-en-motricidad-orofacial-udd-titula-a-su-primera-generacion\/#primaryimage\"},\"thumbnailUrl\":\"https:\/\/medicina.udd.cl\/fonoaudiologia-santiago\/files\/2016\/04\/IMG_9017.jpg\",\"articleSection\":[\"Noticias\"],\"inLanguage\":\"es\",\"potentialAction\":[{\"@type\":\"CommentAction\",\"name\":\"Comment\",\"target\":[\"https:\/\/medicina.udd.cl\/fonoaudiologia-santiago\/noticias\/2016\/04\/12\/diplomado-en-motricidad-orofacial-udd-titula-a-su-primera-generacion\/#respond\"]}]},{\"@type\":\"WebPage\",\"@id\":\"https:\/\/medicina.udd.cl\/fonoaudiologia-santiago\/noticias\/2016\/04\/12\/diplomado-en-motricidad-orofacial-udd-titula-a-su-primera-generacion\/\",\"url\":\"https:\/\/medicina.udd.cl\/fonoaudiologia-santiago\/noticias\/2016\/04\/12\/diplomado-en-motricidad-orofacial-udd-titula-a-su-primera-generacion\/\",\"name\":\"Diplomado en Motricidad Orofacial UDD titula a su primera generaci\u00f3n - Fonoaudiolog\u00eda\",\"isPartOf\":{\"@id\":\"https:\/\/medicina.udd.cl\/fonoaudiologia-santiago\/#website\"},\"primaryImageOfPage\":{\"@id\":\"https:\/\/medicina.udd.cl\/fonoaudiologia-santiago\/noticias\/2016\/04\/12\/diplomado-en-motricidad-orofacial-udd-titula-a-su-primera-generacion\/#primaryimage\"},\"image\":{\"@id\":\"https:\/\/medicina.udd.cl\/fonoaudiologia-santiago\/noticias\/2016\/04\/12\/diplomado-en-motricidad-orofacial-udd-titula-a-su-primera-generacion\/#primaryimage\"},\"thumbnailUrl\":\"https:\/\/medicina.udd.cl\/fonoaudiologia-santiago\/files\/2016\/04\/IMG_9017.jpg\",\"datePublished\":\"2016-04-12T18:08:36+00:00\",\"dateModified\":\"2016-04-12T18:14:47+00:00\",\"author\":{\"@id\":\"https:\/\/medicina.udd.cl\/fonoaudiologia-santiago\/#\/schema\/person\/8bbd66125b574a40ec467c180c11f2e3\"},\"breadcrumb\":{\"@id\":\"https:\/\/medicina.udd.cl\/fonoaudiologia-santiago\/noticias\/2016\/04\/12\/diplomado-en-motricidad-orofacial-udd-titula-a-su-primera-generacion\/#breadcrumb\"},\"inLanguage\":\"es\",\"potentialAction\":[{\"@type\":\"ReadAction\",\"target\":[\"https:\/\/medicina.udd.cl\/fonoaudiologia-santiago\/noticias\/2016\/04\/12\/diplomado-en-motricidad-orofacial-udd-titula-a-su-primera-generacion\/\"]}]},{\"@type\":\"ImageObject\",\"inLanguage\":\"es\",\"@id\":\"https:\/\/medicina.udd.cl\/fonoaudiologia-santiago\/noticias\/2016\/04\/12\/diplomado-en-motricidad-orofacial-udd-titula-a-su-primera-generacion\/#primaryimage\",\"url\":\"https:\/\/medicina.udd.cl\/fonoaudiologia-santiago\/files\/2016\/04\/IMG_9017.jpg\",\"contentUrl\":\"https:\/\/medicina.udd.cl\/fonoaudiologia-santiago\/files\/2016\/04\/IMG_9017.jpg\",\"width\":4272,\"height\":2848},{\"@type\":\"BreadcrumbList\",\"@id\":\"https:\/\/medicina.udd.cl\/fonoaudiologia-santiago\/noticias\/2016\/04\/12\/diplomado-en-motricidad-orofacial-udd-titula-a-su-primera-generacion\/#breadcrumb\",\"itemListElement\":[{\"@type\":\"ListItem\",\"position\":1,\"name\":\"Home\",\"item\":\"https:\/\/medicina.udd.cl\/fonoaudiologia-santiago\/\"},{\"@type\":\"ListItem\",\"position\":2,\"name\":\"Diplomado en Motricidad Orofacial UDD titula a su primera generaci\u00f3n\"}]},{\"@type\":\"WebSite\",\"@id\":\"https:\/\/medicina.udd.cl\/fonoaudiologia-santiago\/#website\",\"url\":\"https:\/\/medicina.udd.cl\/fonoaudiologia-santiago\/\",\"name\":\"Fonoaudiolog\u00eda\",\"description\":\"Facultad de Medicina Cl\u00ednica Alemana Universidad del Desarrollo\",\"inLanguage\":\"es\"},{\"@type\":\"Person\",\"@id\":\"https:\/\/medicina.udd.cl\/fonoaudiologia-santiago\/#\/schema\/person\/8bbd66125b574a40ec467c180c11f2e3\",\"name\":\"paulinamunoz\",\"image\":{\"@type\":\"ImageObject\",\"inLanguage\":\"es\",\"@id\":\"https:\/\/medicina.udd.cl\/fonoaudiologia-santiago\/#\/schema\/person\/image\/\",\"url\":\"https:\/\/secure.gravatar.com\/avatar\/748ce8fb74e8f8077c4966697a3b3710ca0019e71a62146890c0dcdc705e7f3d?s=96&d=mm&r=g\",\"contentUrl\":\"https:\/\/secure.gravatar.com\/avatar\/748ce8fb74e8f8077c4966697a3b3710ca0019e71a62146890c0dcdc705e7f3d?s=96&d=mm&r=g\",\"caption\":\"paulinamunoz\"},\"url\":\"https:\/\/medicina.udd.cl\/fonoaudiologia-santiago\/noticias\/author\/paulinamunoz\/\"}]}<\/script>\n<!-- \/ Yoast SEO plugin. -->","yoast_head_json":{"title":"Diplomado en Motricidad Orofacial UDD titula a su primera generaci\u00f3n - Fonoaudiolog\u00eda","robots":{"index":"index","follow":"follow","max-snippet":"max-snippet:-1","max-image-preview":"max-image-preview:large","max-video-preview":"max-video-preview:-1"},"canonical":"https:\/\/medicina.udd.cl\/fonoaudiologia-santiago\/noticias\/2016\/04\/12\/diplomado-en-motricidad-orofacial-udd-titula-a-su-primera-generacion\/","og_locale":"es_ES","og_type":"article","og_title":"Diplomado en Motricidad Orofacial UDD titula a su primera generaci\u00f3n - Fonoaudiolog\u00eda","og_description":"Tras poner fin a ocho meses de clases, el director del programa, Iv\u00e1n Castillo C\u00e1ceres, destac\u00f3 la importancia de formarse en disciplinas de inter\u00e9s y de abrir nuevos campos que beneficien a los usuarios.","og_url":"https:\/\/medicina.udd.cl\/fonoaudiologia-santiago\/noticias\/2016\/04\/12\/diplomado-en-motricidad-orofacial-udd-titula-a-su-primera-generacion\/","og_site_name":"Fonoaudiolog\u00eda","article_published_time":"2016-04-12T18:08:36+00:00","article_modified_time":"2016-04-12T18:14:47+00:00","og_image":[{"width":1024,"height":683,"url":"https:\/\/medicina.udd.cl\/fonoaudiologia-santiago\/files\/2016\/04\/IMG_9017-1024x683.jpg","type":"image\/jpeg"}],"author":"paulinamunoz","twitter_misc":{"Escrito por":"paulinamunoz","Tiempo de lectura":"1 minuto"},"schema":{"@context":"https:\/\/schema.org","@graph":[{"@type":"Article","@id":"https:\/\/medicina.udd.cl\/fonoaudiologia-santiago\/noticias\/2016\/04\/12\/diplomado-en-motricidad-orofacial-udd-titula-a-su-primera-generacion\/#article","isPartOf":{"@id":"https:\/\/medicina.udd.cl\/fonoaudiologia-santiago\/noticias\/2016\/04\/12\/diplomado-en-motricidad-orofacial-udd-titula-a-su-primera-generacion\/"},"author":{"name":"paulinamunoz","@id":"https:\/\/medicina.udd.cl\/fonoaudiologia-santiago\/#\/schema\/person\/8bbd66125b574a40ec467c180c11f2e3"},"headline":"Diplomado en Motricidad Orofacial UDD titula a su primera generaci\u00f3n","datePublished":"2016-04-12T18:08:36+00:00","dateModified":"2016-04-12T18:14:47+00:00","mainEntityOfPage":{"@id":"https:\/\/medicina.udd.cl\/fonoaudiologia-santiago\/noticias\/2016\/04\/12\/diplomado-en-motricidad-orofacial-udd-titula-a-su-primera-generacion\/"},"wordCount":239,"commentCount":0,"image":{"@id":"https:\/\/medicina.udd.cl\/fonoaudiologia-santiago\/noticias\/2016\/04\/12\/diplomado-en-motricidad-orofacial-udd-titula-a-su-primera-generacion\/#primaryimage"},"thumbnailUrl":"https:\/\/medicina.udd.cl\/fonoaudiologia-santiago\/files\/2016\/04\/IMG_9017.jpg","articleSection":["Noticias"],"inLanguage":"es","potentialAction":[{"@type":"CommentAction","name":"Comment","target":["https:\/\/medicina.udd.cl\/fonoaudiologia-santiago\/noticias\/2016\/04\/12\/diplomado-en-motricidad-orofacial-udd-titula-a-su-primera-generacion\/#respond"]}]},{"@type":"WebPage","@id":"https:\/\/medicina.udd.cl\/fonoaudiologia-santiago\/noticias\/2016\/04\/12\/diplomado-en-motricidad-orofacial-udd-titula-a-su-primera-generacion\/","url":"https:\/\/medicina.udd.cl\/fonoaudiologia-santiago\/noticias\/2016\/04\/12\/diplomado-en-motricidad-orofacial-udd-titula-a-su-primera-generacion\/","name":"Diplomado en Motricidad Orofacial UDD titula a su primera generaci\u00f3n - Fonoaudiolog\u00eda","isPartOf":{"@id":"https:\/\/medicina.udd.cl\/fonoaudiologia-santiago\/#website"},"primaryImageOfPage":{"@id":"https:\/\/medicina.udd.cl\/fonoaudiologia-santiago\/noticias\/2016\/04\/12\/diplomado-en-motricidad-orofacial-udd-titula-a-su-primera-generacion\/#primaryimage"},"image":{"@id":"https:\/\/medicina.udd.cl\/fonoaudiologia-santiago\/noticias\/2016\/04\/12\/diplomado-en-motricidad-orofacial-udd-titula-a-su-primera-generacion\/#primaryimage"},"thumbnailUrl":"https:\/\/medicina.udd.cl\/fonoaudiologia-santiago\/files\/2016\/04\/IMG_9017.jpg","datePublished":"2016-04-12T18:08:36+00:00","dateModified":"2016-04-12T18:14:47+00:00","author":{"@id":"https:\/\/medicina.udd.cl\/fonoaudiologia-santiago\/#\/schema\/person\/8bbd66125b574a40ec467c180c11f2e3"},"breadcrumb":{"@id":"https:\/\/medicina.udd.cl\/fonoaudiologia-santiago\/noticias\/2016\/04\/12\/diplomado-en-motricidad-orofacial-udd-titula-a-su-primera-generacion\/#breadcrumb"},"inLanguage":"es","potentialAction":[{"@type":"ReadAction","target":["https:\/\/medicina.udd.cl\/fonoaudiologia-santiago\/noticias\/2016\/04\/12\/diplomado-en-motricidad-orofacial-udd-titula-a-su-primera-generacion\/"]}]},{"@type":"ImageObject","inLanguage":"es","@id":"https:\/\/medicina.udd.cl\/fonoaudiologia-santiago\/noticias\/2016\/04\/12\/diplomado-en-motricidad-orofacial-udd-titula-a-su-primera-generacion\/#primaryimage","url":"https:\/\/medicina.udd.cl\/fonoaudiologia-santiago\/files\/2016\/04\/IMG_9017.jpg","contentUrl":"https:\/\/medicina.udd.cl\/fonoaudiologia-santiago\/files\/2016\/04\/IMG_9017.jpg","width":4272,"height":2848},{"@type":"BreadcrumbList","@id":"https:\/\/medicina.udd.cl\/fonoaudiologia-santiago\/noticias\/2016\/04\/12\/diplomado-en-motricidad-orofacial-udd-titula-a-su-primera-generacion\/#breadcrumb","itemListElement":[{"@type":"ListItem","position":1,"name":"Home","item":"https:\/\/medicina.udd.cl\/fonoaudiologia-santiago\/"},{"@type":"ListItem","position":2,"name":"Diplomado en Motricidad Orofacial UDD titula a su primera generaci\u00f3n"}]},{"@type":"WebSite","@id":"https:\/\/medicina.udd.cl\/fonoaudiologia-santiago\/#website","url":"https:\/\/medicina.udd.cl\/fonoaudiologia-santiago\/","name":"Fonoaudiolog\u00eda","description":"Facultad de Medicina Cl\u00ednica Alemana Universidad del Desarrollo","inLanguage":"es"},{"@type":"Person","@id":"https:\/\/medicina.udd.cl\/fonoaudiologia-santiago\/#\/schema\/person\/8bbd66125b574a40ec467c180c11f2e3","name":"paulinamunoz","image":{"@type":"ImageObject","inLanguage":"es","@id":"https:\/\/medicina.udd.cl\/fonoaudiologia-santiago\/#\/schema\/person\/image\/","url":"https:\/\/secure.gravatar.com\/avatar\/748ce8fb74e8f8077c4966697a3b3710ca0019e71a62146890c0dcdc705e7f3d?s=96&d=mm&r=g","contentUrl":"https:\/\/secure.gravatar.com\/avatar\/748ce8fb74e8f8077c4966697a3b3710ca0019e71a62146890c0dcdc705e7f3d?s=96&d=mm&r=g","caption":"paulinamunoz"},"url":"https:\/\/medicina.udd.cl\/fonoaudiologia-santiago\/noticias\/author\/paulinamunoz\/"}]}},"featured_image_url":"https:\/\/medicina.udd.cl\/fonoaudiologia-santiago\/files\/2016\/04\/IMG_9017.jpg","_links":{"self":[{"href":"https:\/\/medicina.udd.cl\/fonoaudiologia-santiago\/wp-json\/wp\/v2\/posts\/3160","targetHints":{"allow":["GET"]}}],"collection":[{"href":"https:\/\/medicina.udd.cl\/fonoaudiologia-santiago\/wp-json\/wp\/v2\/posts"}],"about":[{"href":"https:\/\/medicina.udd.cl\/fonoaudiologia-santiago\/wp-json\/wp\/v2\/types\/post"}],"author":[{"embeddable":true,"href":"https:\/\/medicina.udd.cl\/fonoaudiologia-santiago\/wp-json\/wp\/v2\/users\/9192192"}],"replies":[{"embeddable":true,"href":"https:\/\/medicina.udd.cl\/fonoaudiologia-santiago\/wp-json\/wp\/v2\/comments?post=3160"}],"version-history":[{"count":4,"href":"https:\/\/medicina.udd.cl\/fonoaudiologia-santiago\/wp-json\/wp\/v2\/posts\/3160\/revisions"}],"predecessor-version":[{"id":3194,"href":"https:\/\/medicina.udd.cl\/fonoaudiologia-santiago\/wp-json\/wp\/v2\/posts\/3160\/revisions\/3194"}],"wp:featuredmedia":[{"embeddable":true,"href":"https:\/\/medicina.udd.cl\/fonoaudiologia-santiago\/wp-json\/wp\/v2\/media\/3189"}],"wp:attachment":[{"href":"https:\/\/medicina.udd.cl\/fonoaudiologia-santiago\/wp-json\/wp\/v2\/media?parent=3160"}],"wp:term":[{"taxonomy":"category","embeddable":true,"href":"https:\/\/medicina.udd.cl\/fonoaudiologia-santiago\/wp-json\/wp\/v2\/categories?post=3160"},{"taxonomy":"post_tag","embeddable":true,"href":"https:\/\/medicina.udd.cl\/fonoaudiologia-santiago\/wp-json\/wp\/v2\/tags?post=3160"}],"curies":[{"name":"wp","href":"https:\/\/api.w.org\/{rel}","templated":true}]}}