{"id":324,"date":"2010-10-22T16:28:40","date_gmt":"2010-10-22T19:28:40","guid":{"rendered":"http:\/\/medicina.udd.cl\/fonoaudiologia-santiago\/2010\/10\/06\/tercera-jornada-vocacional-en-clinica-alemana\/"},"modified":"2010-10-27T12:04:04","modified_gmt":"2010-10-27T15:04:04","slug":"tercera-jornada-vocacional-en-clinica-alemana","status":"publish","type":"post","link":"https:\/\/medicina.udd.cl\/fonoaudiologia-santiago\/noticias\/2010\/10\/22\/tercera-jornada-vocacional-en-clinica-alemana\/","title":{"rendered":"Tercera Jornada Vocacional en Cl\u00ednica Alemana"},"content":{"rendered":"<p style=\"text-align: justify\">El s\u00e1bado 2 de octubre se llev\u00f3 a cabo la tercera jornada vocacional de la Facultad de Medicina\u00a0Cl\u00ednica Alemana Universidad del Desarrollo.<\/p>\n<p style=\"text-align: justify\">El encuentro se realiz\u00f3 en el Aula Magna donde llegaron cerca de 700 j\u00f3venes pertenecientes a tercero y cuarto medio de distintos colegios de Santiago y regiones.<\/p>\n<p style=\"text-align: justify\">Entre las actividades realizadas, se\u00a0efectu\u00f3 una\u00a0peque\u00f1a obra que cont\u00f3 con la participaci\u00f3n de dos alumnos de cada una de las carreras del \u00e1rea de la salud. En ella, los estudiantes, vestidos con sus respectivos uniformes,\u00a0atendieron a un paciente politraumatizado que hab\u00eda sufrido un accidente automovil\u00edstico, ense\u00f1ando la labor multidisciplinaria que se lleva a cabo en los equipos de salud. El objetivo de esta actividad era que los futuros estudiantes se enteraran, de manera emp\u00edrica, su\u00a0pr\u00f3xima labor profesional.<\/p>\n<p style=\"text-align: justify\">Otra instancia de difusi\u00f3n\u00a0fue la realizada por la directora de nuestra carrera,\u00a0la fonoaudi\u00f3loga Mar\u00eda\u00a0Ang\u00e9lica L\u00f3pez. Invitada por el rector de la UDD, Sr.\u00a0Ernesto Silva, expuso, desde una posici\u00f3n m\u00e1s cercana y pr\u00f3xima a los alumnos, su experiencia cl\u00ednica en el trabajo con\u00a0los hospitalizados.<\/p>\n<p style=\"text-align: justify\">\u00a0<div id=\"gallery-1\" class=\"carousel slide carousel-gallery\" data-ride=\"false\" data-interval=\"false\"><div class=\"carousel-inner\" role=\"listbox\"><figure class=\"carousel-item active\"><img loading=\"lazy\" decoding=\"async\" width=\"720\" height=\"479\" src=\"https:\/\/medicina.udd.cl\/fonoaudiologia-santiago\/files\/2010\/10\/Rector-Ernesto-Silva-y-Mar\u00eda-Ang\u00e9lica-L\u00f3pez-directora-de-Fonoaudiolog\u00eda.jpg\" class=\"attachment-landscape_952 size-landscape_952\" alt=\"\" srcset=\"https:\/\/medicina.udd.cl\/fonoaudiologia-santiago\/files\/2010\/10\/Rector-Ernesto-Silva-y-Mar\u00eda-Ang\u00e9lica-L\u00f3pez-directora-de-Fonoaudiolog\u00eda.jpg 720w, https:\/\/medicina.udd.cl\/fonoaudiologia-santiago\/files\/2010\/10\/Rector-Ernesto-Silva-y-Mar\u00eda-Ang\u00e9lica-L\u00f3pez-directora-de-Fonoaudiolog\u00eda-300x200.jpg 300w\" sizes=\"auto, (max-width: 720px) 100vw, 720px\" \/><\/figure><figure class=\"carousel-item\"><img loading=\"lazy\" decoding=\"async\" width=\"720\" height=\"479\" src=\"https:\/\/medicina.udd.cl\/fonoaudiologia-santiago\/files\/2010\/10\/Obra-presentada-en-Cl\u00ednica-Alemana.jpg\" class=\"attachment-landscape_952 size-landscape_952\" alt=\"\" srcset=\"https:\/\/medicina.udd.cl\/fonoaudiologia-santiago\/files\/2010\/10\/Obra-presentada-en-Cl\u00ednica-Alemana.jpg 720w, https:\/\/medicina.udd.cl\/fonoaudiologia-santiago\/files\/2010\/10\/Obra-presentada-en-Cl\u00ednica-Alemana-300x200.jpg 300w\" sizes=\"auto, (max-width: 720px) 100vw, 720px\" \/><\/figure><figure class=\"carousel-item\"><img loading=\"lazy\" decoding=\"async\" width=\"719\" height=\"534\" src=\"https:\/\/medicina.udd.cl\/fonoaudiologia-santiago\/files\/2010\/10\/Equipo-de-Admisi\u00f3n-2011.jpg\" class=\"attachment-landscape_952 size-landscape_952\" alt=\"\" srcset=\"https:\/\/medicina.udd.cl\/fonoaudiologia-santiago\/files\/2010\/10\/Equipo-de-Admisi\u00f3n-2011.jpg 3092w, https:\/\/medicina.udd.cl\/fonoaudiologia-santiago\/files\/2010\/10\/Equipo-de-Admisi\u00f3n-2011-300x223.jpg 300w, https:\/\/medicina.udd.cl\/fonoaudiologia-santiago\/files\/2010\/10\/Equipo-de-Admisi\u00f3n-2011-768x571.jpg 768w, https:\/\/medicina.udd.cl\/fonoaudiologia-santiago\/files\/2010\/10\/Equipo-de-Admisi\u00f3n-2011-1024x761.jpg 1024w, https:\/\/medicina.udd.cl\/fonoaudiologia-santiago\/files\/2010\/10\/Equipo-de-Admisi\u00f3n-2011-960x713.jpg 960w\" sizes=\"auto, (max-width: 719px) 100vw, 719px\" \/><\/figure><\/div><footer class=\"carousel-footer\"><div class=\"carousel-counter\"><span class=\"carousel-counter-current\"><\/span> \/ <span class=\"carousel-counter-total\"><\/span><\/div><a class=\"carousel-control-prev\" href=\"#gallery-1\" role=\"button\" data-slide=\"prev\"><svg aria-hidden=\"true\" class=\"svg-chevron-left-dims\"><use xlink:href='https:\/\/medicina.udd.cl\/fonoaudiologia-santiago\/wp-content\/themes\/facultades-2018\/assets\/img\/svg\/dist\/main.svg?version=1695853099#chevron-left'><\/use><\/svg><span class=\"sr-only\">Anterior<\/span><\/a><a class=\"carousel-control-next\" href=\"#gallery-1\" role=\"button\" data-slide=\"next\"><svg aria-hidden=\"true\" class=\"svg-chevron-right-dims\"><use xlink:href='https:\/\/medicina.udd.cl\/fonoaudiologia-santiago\/wp-content\/themes\/facultades-2018\/assets\/img\/svg\/dist\/main.svg?version=1695853099#chevron-right'><\/use><\/svg><span class=\"sr-only\">Siguiente<\/span><\/a><\/footer><\/div><\/p>\n","protected":false},"excerpt":{"rendered":"<p>M\u00e1s de 700 alumnos interesados en la Admisi\u00f3n 2011 llegaron hasta el campo cl\u00ednico de la Facultad de Medicina. <\/p>\n","protected":false},"author":1,"featured_media":0,"comment_status":"open","ping_status":"open","sticky":false,"template":"","format":"standard","meta":{"footnotes":""},"categories":[4],"tags":[],"class_list":["post-324","post","type-post","status-publish","format-standard","hentry","category-noticias"],"yoast_head":"<!-- This site is optimized with the Yoast SEO plugin v26.9 - https:\/\/yoast.com\/product\/yoast-seo-wordpress\/ -->\n<title>Tercera Jornada Vocacional en Cl\u00ednica Alemana - Fonoaudiolog\u00eda<\/title>\n<meta name=\"robots\" content=\"index, follow, max-snippet:-1, max-image-preview:large, max-video-preview:-1\" \/>\n<link rel=\"canonical\" href=\"https:\/\/medicina.udd.cl\/fonoaudiologia-santiago\/noticias\/2010\/10\/22\/tercera-jornada-vocacional-en-clinica-alemana\/\" \/>\n<meta property=\"og:locale\" content=\"es_ES\" \/>\n<meta property=\"og:type\" content=\"article\" \/>\n<meta property=\"og:title\" content=\"Tercera Jornada Vocacional en Cl\u00ednica Alemana - Fonoaudiolog\u00eda\" \/>\n<meta property=\"og:description\" content=\"M\u00e1s de 700 alumnos interesados en la Admisi\u00f3n 2011 llegaron hasta el campo cl\u00ednico de la Facultad de Medicina.\" \/>\n<meta property=\"og:url\" content=\"https:\/\/medicina.udd.cl\/fonoaudiologia-santiago\/noticias\/2010\/10\/22\/tercera-jornada-vocacional-en-clinica-alemana\/\" \/>\n<meta property=\"og:site_name\" content=\"Fonoaudiolog\u00eda\" \/>\n<meta property=\"article:published_time\" content=\"2010-10-22T19:28:40+00:00\" \/>\n<meta property=\"article:modified_time\" content=\"2010-10-27T15:04:04+00:00\" \/>\n<meta property=\"og:image\" content=\"https:\/\/medicina.udd.cl\/fonoaudiologia-santiago\/files\/2010\/10\/Rector-Ernesto-Silva-y-Mar\u00eda-Ang\u00e9lica-L\u00f3pez-directora-de-Fonoaudiolog\u00eda.jpg\" \/>\n<meta name=\"author\" content=\"admin\" \/>\n<meta name=\"twitter:label1\" content=\"Escrito por\" \/>\n\t<meta name=\"twitter:data1\" content=\"admin\" \/>\n\t<meta name=\"twitter:label2\" content=\"Tiempo de lectura\" \/>\n\t<meta name=\"twitter:data2\" content=\"1 minuto\" \/>\n<script type=\"application\/ld+json\" class=\"yoast-schema-graph\">{\"@context\":\"https:\/\/schema.org\",\"@graph\":[{\"@type\":\"Article\",\"@id\":\"https:\/\/medicina.udd.cl\/fonoaudiologia-santiago\/noticias\/2010\/10\/22\/tercera-jornada-vocacional-en-clinica-alemana\/#article\",\"isPartOf\":{\"@id\":\"https:\/\/medicina.udd.cl\/fonoaudiologia-santiago\/noticias\/2010\/10\/22\/tercera-jornada-vocacional-en-clinica-alemana\/\"},\"author\":{\"name\":\"admin\",\"@id\":\"https:\/\/medicina.udd.cl\/fonoaudiologia-santiago\/#\/schema\/person\/f7abfa784c86da427e89287831f96ab7\"},\"headline\":\"Tercera Jornada Vocacional en Cl\u00ednica Alemana\",\"datePublished\":\"2010-10-22T19:28:40+00:00\",\"dateModified\":\"2010-10-27T15:04:04+00:00\",\"mainEntityOfPage\":{\"@id\":\"https:\/\/medicina.udd.cl\/fonoaudiologia-santiago\/noticias\/2010\/10\/22\/tercera-jornada-vocacional-en-clinica-alemana\/\"},\"wordCount\":206,\"commentCount\":0,\"articleSection\":[\"Noticias\"],\"inLanguage\":\"es\",\"potentialAction\":[{\"@type\":\"CommentAction\",\"name\":\"Comment\",\"target\":[\"https:\/\/medicina.udd.cl\/fonoaudiologia-santiago\/noticias\/2010\/10\/22\/tercera-jornada-vocacional-en-clinica-alemana\/#respond\"]}]},{\"@type\":\"WebPage\",\"@id\":\"https:\/\/medicina.udd.cl\/fonoaudiologia-santiago\/noticias\/2010\/10\/22\/tercera-jornada-vocacional-en-clinica-alemana\/\",\"url\":\"https:\/\/medicina.udd.cl\/fonoaudiologia-santiago\/noticias\/2010\/10\/22\/tercera-jornada-vocacional-en-clinica-alemana\/\",\"name\":\"Tercera Jornada Vocacional en Cl\u00ednica Alemana - Fonoaudiolog\u00eda\",\"isPartOf\":{\"@id\":\"https:\/\/medicina.udd.cl\/fonoaudiologia-santiago\/#website\"},\"datePublished\":\"2010-10-22T19:28:40+00:00\",\"dateModified\":\"2010-10-27T15:04:04+00:00\",\"author\":{\"@id\":\"https:\/\/medicina.udd.cl\/fonoaudiologia-santiago\/#\/schema\/person\/f7abfa784c86da427e89287831f96ab7\"},\"breadcrumb\":{\"@id\":\"https:\/\/medicina.udd.cl\/fonoaudiologia-santiago\/noticias\/2010\/10\/22\/tercera-jornada-vocacional-en-clinica-alemana\/#breadcrumb\"},\"inLanguage\":\"es\",\"potentialAction\":[{\"@type\":\"ReadAction\",\"target\":[\"https:\/\/medicina.udd.cl\/fonoaudiologia-santiago\/noticias\/2010\/10\/22\/tercera-jornada-vocacional-en-clinica-alemana\/\"]}]},{\"@type\":\"BreadcrumbList\",\"@id\":\"https:\/\/medicina.udd.cl\/fonoaudiologia-santiago\/noticias\/2010\/10\/22\/tercera-jornada-vocacional-en-clinica-alemana\/#breadcrumb\",\"itemListElement\":[{\"@type\":\"ListItem\",\"position\":1,\"name\":\"Home\",\"item\":\"https:\/\/medicina.udd.cl\/fonoaudiologia-santiago\/\"},{\"@type\":\"ListItem\",\"position\":2,\"name\":\"Tercera Jornada Vocacional en Cl\u00ednica Alemana\"}]},{\"@type\":\"WebSite\",\"@id\":\"https:\/\/medicina.udd.cl\/fonoaudiologia-santiago\/#website\",\"url\":\"https:\/\/medicina.udd.cl\/fonoaudiologia-santiago\/\",\"name\":\"Fonoaudiolog\u00eda\",\"description\":\"Facultad de Medicina Cl\u00ednica Alemana Universidad del Desarrollo\",\"inLanguage\":\"es\"},{\"@type\":\"Person\",\"@id\":\"https:\/\/medicina.udd.cl\/fonoaudiologia-santiago\/#\/schema\/person\/f7abfa784c86da427e89287831f96ab7\",\"name\":\"admin\",\"image\":{\"@type\":\"ImageObject\",\"inLanguage\":\"es\",\"@id\":\"https:\/\/medicina.udd.cl\/fonoaudiologia-santiago\/#\/schema\/person\/image\/\",\"url\":\"https:\/\/secure.gravatar.com\/avatar\/3cb6da298954dfb54457c0910b8c9ca010abd8d87a60f7d701b6ce4254e1c642?s=96&d=mm&r=g\",\"contentUrl\":\"https:\/\/secure.gravatar.com\/avatar\/3cb6da298954dfb54457c0910b8c9ca010abd8d87a60f7d701b6ce4254e1c642?s=96&d=mm&r=g\",\"caption\":\"admin\"},\"url\":\"https:\/\/medicina.udd.cl\/fonoaudiologia-santiago\/noticias\/author\/admin\/\"}]}<\/script>\n<!-- \/ Yoast SEO plugin. -->","yoast_head_json":{"title":"Tercera Jornada Vocacional en Cl\u00ednica Alemana - Fonoaudiolog\u00eda","robots":{"index":"index","follow":"follow","max-snippet":"max-snippet:-1","max-image-preview":"max-image-preview:large","max-video-preview":"max-video-preview:-1"},"canonical":"https:\/\/medicina.udd.cl\/fonoaudiologia-santiago\/noticias\/2010\/10\/22\/tercera-jornada-vocacional-en-clinica-alemana\/","og_locale":"es_ES","og_type":"article","og_title":"Tercera Jornada Vocacional en Cl\u00ednica Alemana - Fonoaudiolog\u00eda","og_description":"M\u00e1s de 700 alumnos interesados en la Admisi\u00f3n 2011 llegaron hasta el campo cl\u00ednico de la Facultad de Medicina.","og_url":"https:\/\/medicina.udd.cl\/fonoaudiologia-santiago\/noticias\/2010\/10\/22\/tercera-jornada-vocacional-en-clinica-alemana\/","og_site_name":"Fonoaudiolog\u00eda","article_published_time":"2010-10-22T19:28:40+00:00","article_modified_time":"2010-10-27T15:04:04+00:00","og_image":[{"url":"https:\/\/medicina.udd.cl\/fonoaudiologia-santiago\/files\/2010\/10\/Rector-Ernesto-Silva-y-Mar\u00eda-Ang\u00e9lica-L\u00f3pez-directora-de-Fonoaudiolog\u00eda.jpg","type":"","width":"","height":""}],"author":"admin","twitter_misc":{"Escrito por":"admin","Tiempo de lectura":"1 minuto"},"schema":{"@context":"https:\/\/schema.org","@graph":[{"@type":"Article","@id":"https:\/\/medicina.udd.cl\/fonoaudiologia-santiago\/noticias\/2010\/10\/22\/tercera-jornada-vocacional-en-clinica-alemana\/#article","isPartOf":{"@id":"https:\/\/medicina.udd.cl\/fonoaudiologia-santiago\/noticias\/2010\/10\/22\/tercera-jornada-vocacional-en-clinica-alemana\/"},"author":{"name":"admin","@id":"https:\/\/medicina.udd.cl\/fonoaudiologia-santiago\/#\/schema\/person\/f7abfa784c86da427e89287831f96ab7"},"headline":"Tercera Jornada Vocacional en Cl\u00ednica Alemana","datePublished":"2010-10-22T19:28:40+00:00","dateModified":"2010-10-27T15:04:04+00:00","mainEntityOfPage":{"@id":"https:\/\/medicina.udd.cl\/fonoaudiologia-santiago\/noticias\/2010\/10\/22\/tercera-jornada-vocacional-en-clinica-alemana\/"},"wordCount":206,"commentCount":0,"articleSection":["Noticias"],"inLanguage":"es","potentialAction":[{"@type":"CommentAction","name":"Comment","target":["https:\/\/medicina.udd.cl\/fonoaudiologia-santiago\/noticias\/2010\/10\/22\/tercera-jornada-vocacional-en-clinica-alemana\/#respond"]}]},{"@type":"WebPage","@id":"https:\/\/medicina.udd.cl\/fonoaudiologia-santiago\/noticias\/2010\/10\/22\/tercera-jornada-vocacional-en-clinica-alemana\/","url":"https:\/\/medicina.udd.cl\/fonoaudiologia-santiago\/noticias\/2010\/10\/22\/tercera-jornada-vocacional-en-clinica-alemana\/","name":"Tercera Jornada Vocacional en Cl\u00ednica Alemana - Fonoaudiolog\u00eda","isPartOf":{"@id":"https:\/\/medicina.udd.cl\/fonoaudiologia-santiago\/#website"},"datePublished":"2010-10-22T19:28:40+00:00","dateModified":"2010-10-27T15:04:04+00:00","author":{"@id":"https:\/\/medicina.udd.cl\/fonoaudiologia-santiago\/#\/schema\/person\/f7abfa784c86da427e89287831f96ab7"},"breadcrumb":{"@id":"https:\/\/medicina.udd.cl\/fonoaudiologia-santiago\/noticias\/2010\/10\/22\/tercera-jornada-vocacional-en-clinica-alemana\/#breadcrumb"},"inLanguage":"es","potentialAction":[{"@type":"ReadAction","target":["https:\/\/medicina.udd.cl\/fonoaudiologia-santiago\/noticias\/2010\/10\/22\/tercera-jornada-vocacional-en-clinica-alemana\/"]}]},{"@type":"BreadcrumbList","@id":"https:\/\/medicina.udd.cl\/fonoaudiologia-santiago\/noticias\/2010\/10\/22\/tercera-jornada-vocacional-en-clinica-alemana\/#breadcrumb","itemListElement":[{"@type":"ListItem","position":1,"name":"Home","item":"https:\/\/medicina.udd.cl\/fonoaudiologia-santiago\/"},{"@type":"ListItem","position":2,"name":"Tercera Jornada Vocacional en Cl\u00ednica Alemana"}]},{"@type":"WebSite","@id":"https:\/\/medicina.udd.cl\/fonoaudiologia-santiago\/#website","url":"https:\/\/medicina.udd.cl\/fonoaudiologia-santiago\/","name":"Fonoaudiolog\u00eda","description":"Facultad de Medicina Cl\u00ednica Alemana Universidad del Desarrollo","inLanguage":"es"},{"@type":"Person","@id":"https:\/\/medicina.udd.cl\/fonoaudiologia-santiago\/#\/schema\/person\/f7abfa784c86da427e89287831f96ab7","name":"admin","image":{"@type":"ImageObject","inLanguage":"es","@id":"https:\/\/medicina.udd.cl\/fonoaudiologia-santiago\/#\/schema\/person\/image\/","url":"https:\/\/secure.gravatar.com\/avatar\/3cb6da298954dfb54457c0910b8c9ca010abd8d87a60f7d701b6ce4254e1c642?s=96&d=mm&r=g","contentUrl":"https:\/\/secure.gravatar.com\/avatar\/3cb6da298954dfb54457c0910b8c9ca010abd8d87a60f7d701b6ce4254e1c642?s=96&d=mm&r=g","caption":"admin"},"url":"https:\/\/medicina.udd.cl\/fonoaudiologia-santiago\/noticias\/author\/admin\/"}]}},"featured_image_url":null,"_links":{"self":[{"href":"https:\/\/medicina.udd.cl\/fonoaudiologia-santiago\/wp-json\/wp\/v2\/posts\/324","targetHints":{"allow":["GET"]}}],"collection":[{"href":"https:\/\/medicina.udd.cl\/fonoaudiologia-santiago\/wp-json\/wp\/v2\/posts"}],"about":[{"href":"https:\/\/medicina.udd.cl\/fonoaudiologia-santiago\/wp-json\/wp\/v2\/types\/post"}],"author":[{"embeddable":true,"href":"https:\/\/medicina.udd.cl\/fonoaudiologia-santiago\/wp-json\/wp\/v2\/users\/1"}],"replies":[{"embeddable":true,"href":"https:\/\/medicina.udd.cl\/fonoaudiologia-santiago\/wp-json\/wp\/v2\/comments?post=324"}],"version-history":[{"count":3,"href":"https:\/\/medicina.udd.cl\/fonoaudiologia-santiago\/wp-json\/wp\/v2\/posts\/324\/revisions"}],"predecessor-version":[{"id":330,"href":"https:\/\/medicina.udd.cl\/fonoaudiologia-santiago\/wp-json\/wp\/v2\/posts\/324\/revisions\/330"}],"wp:attachment":[{"href":"https:\/\/medicina.udd.cl\/fonoaudiologia-santiago\/wp-json\/wp\/v2\/media?parent=324"}],"wp:term":[{"taxonomy":"category","embeddable":true,"href":"https:\/\/medicina.udd.cl\/fonoaudiologia-santiago\/wp-json\/wp\/v2\/categories?post=324"},{"taxonomy":"post_tag","embeddable":true,"href":"https:\/\/medicina.udd.cl\/fonoaudiologia-santiago\/wp-json\/wp\/v2\/tags?post=324"}],"curies":[{"name":"wp","href":"https:\/\/api.w.org\/{rel}","templated":true}]}}