{"id":3272,"date":"2016-05-30T16:55:13","date_gmt":"2016-05-30T20:55:13","guid":{"rendered":"http:\/\/medicina.udd.cl\/fonoaudiologia-santiago\/?p=3272"},"modified":"2016-05-30T17:01:05","modified_gmt":"2016-05-30T21:01:05","slug":"fonoaudiologia-udd-participo-en-exitosa-jornada-vocacional","status":"publish","type":"post","link":"https:\/\/medicina.udd.cl\/fonoaudiologia-santiago\/noticias\/2016\/05\/30\/fonoaudiologia-udd-participo-en-exitosa-jornada-vocacional\/","title":{"rendered":"Fonoaudiolog\u00eda UDD particip\u00f3 en exitosa jornada vocacional"},"content":{"rendered":"<div id=\"gallery-1\" class=\"carousel slide carousel-gallery\" data-ride=\"false\" data-interval=\"false\"><div class=\"carousel-inner\" role=\"listbox\"><figure class=\"carousel-item active\"><img loading=\"lazy\" decoding=\"async\" width=\"801\" height=\"534\" src=\"https:\/\/medicina.udd.cl\/fonoaudiologia-santiago\/files\/2016\/05\/Fonoaudiolog\u00eda-9.jpg\" class=\"attachment-landscape_952 size-landscape_952\" alt=\"\" srcset=\"https:\/\/medicina.udd.cl\/fonoaudiologia-santiago\/files\/2016\/05\/Fonoaudiolog\u00eda-9.jpg 2448w, https:\/\/medicina.udd.cl\/fonoaudiologia-santiago\/files\/2016\/05\/Fonoaudiolog\u00eda-9-300x200.jpg 300w, https:\/\/medicina.udd.cl\/fonoaudiologia-santiago\/files\/2016\/05\/Fonoaudiolog\u00eda-9-768x512.jpg 768w, https:\/\/medicina.udd.cl\/fonoaudiologia-santiago\/files\/2016\/05\/Fonoaudiolog\u00eda-9-1024x683.jpg 1024w, https:\/\/medicina.udd.cl\/fonoaudiologia-santiago\/files\/2016\/05\/Fonoaudiolog\u00eda-9-960x640.jpg 960w\" sizes=\"auto, (max-width: 801px) 100vw, 801px\" \/><\/figure><figure class=\"carousel-item\"><img loading=\"lazy\" decoding=\"async\" width=\"712\" height=\"534\" src=\"https:\/\/medicina.udd.cl\/fonoaudiologia-santiago\/files\/2016\/05\/Fonoaudiolog\u00eda-10.jpg\" class=\"attachment-landscape_952 size-landscape_952\" alt=\"\" srcset=\"https:\/\/medicina.udd.cl\/fonoaudiologia-santiago\/files\/2016\/05\/Fonoaudiolog\u00eda-10.jpg 3264w, https:\/\/medicina.udd.cl\/fonoaudiologia-santiago\/files\/2016\/05\/Fonoaudiolog\u00eda-10-300x225.jpg 300w, https:\/\/medicina.udd.cl\/fonoaudiologia-santiago\/files\/2016\/05\/Fonoaudiolog\u00eda-10-768x576.jpg 768w, https:\/\/medicina.udd.cl\/fonoaudiologia-santiago\/files\/2016\/05\/Fonoaudiolog\u00eda-10-1024x768.jpg 1024w, https:\/\/medicina.udd.cl\/fonoaudiologia-santiago\/files\/2016\/05\/Fonoaudiolog\u00eda-10-960x720.jpg 960w\" sizes=\"auto, (max-width: 712px) 100vw, 712px\" \/><\/figure><figure class=\"carousel-item\"><img loading=\"lazy\" decoding=\"async\" width=\"712\" height=\"534\" src=\"https:\/\/medicina.udd.cl\/fonoaudiologia-santiago\/files\/2016\/05\/Fonoaudiolog\u00eda-11.jpg\" class=\"attachment-landscape_952 size-landscape_952\" alt=\"\" srcset=\"https:\/\/medicina.udd.cl\/fonoaudiologia-santiago\/files\/2016\/05\/Fonoaudiolog\u00eda-11.jpg 3264w, https:\/\/medicina.udd.cl\/fonoaudiologia-santiago\/files\/2016\/05\/Fonoaudiolog\u00eda-11-300x225.jpg 300w, https:\/\/medicina.udd.cl\/fonoaudiologia-santiago\/files\/2016\/05\/Fonoaudiolog\u00eda-11-768x576.jpg 768w, https:\/\/medicina.udd.cl\/fonoaudiologia-santiago\/files\/2016\/05\/Fonoaudiolog\u00eda-11-1024x768.jpg 1024w, https:\/\/medicina.udd.cl\/fonoaudiologia-santiago\/files\/2016\/05\/Fonoaudiolog\u00eda-11-960x720.jpg 960w\" sizes=\"auto, (max-width: 712px) 100vw, 712px\" \/><\/figure><figure class=\"carousel-item\"><img loading=\"lazy\" decoding=\"async\" width=\"801\" height=\"534\" src=\"https:\/\/medicina.udd.cl\/fonoaudiologia-santiago\/files\/2016\/05\/Fonoaudiolog\u00eda-2.jpg\" class=\"attachment-landscape_952 size-landscape_952\" alt=\"\" srcset=\"https:\/\/medicina.udd.cl\/fonoaudiologia-santiago\/files\/2016\/05\/Fonoaudiolog\u00eda-2.jpg 2410w, https:\/\/medicina.udd.cl\/fonoaudiologia-santiago\/files\/2016\/05\/Fonoaudiolog\u00eda-2-300x200.jpg 300w, https:\/\/medicina.udd.cl\/fonoaudiologia-santiago\/files\/2016\/05\/Fonoaudiolog\u00eda-2-768x512.jpg 768w, https:\/\/medicina.udd.cl\/fonoaudiologia-santiago\/files\/2016\/05\/Fonoaudiolog\u00eda-2-1024x682.jpg 1024w, https:\/\/medicina.udd.cl\/fonoaudiologia-santiago\/files\/2016\/05\/Fonoaudiolog\u00eda-2-960x640.jpg 960w\" sizes=\"auto, (max-width: 801px) 100vw, 801px\" \/><\/figure><figure class=\"carousel-item\"><img loading=\"lazy\" decoding=\"async\" width=\"712\" height=\"534\" src=\"https:\/\/medicina.udd.cl\/fonoaudiologia-santiago\/files\/2016\/05\/Fonoaudiolog\u00eda-7.jpg\" class=\"attachment-landscape_952 size-landscape_952\" alt=\"\" srcset=\"https:\/\/medicina.udd.cl\/fonoaudiologia-santiago\/files\/2016\/05\/Fonoaudiolog\u00eda-7.jpg 3264w, https:\/\/medicina.udd.cl\/fonoaudiologia-santiago\/files\/2016\/05\/Fonoaudiolog\u00eda-7-300x225.jpg 300w, https:\/\/medicina.udd.cl\/fonoaudiologia-santiago\/files\/2016\/05\/Fonoaudiolog\u00eda-7-768x576.jpg 768w, https:\/\/medicina.udd.cl\/fonoaudiologia-santiago\/files\/2016\/05\/Fonoaudiolog\u00eda-7-1024x768.jpg 1024w, https:\/\/medicina.udd.cl\/fonoaudiologia-santiago\/files\/2016\/05\/Fonoaudiolog\u00eda-7-960x720.jpg 960w\" sizes=\"auto, (max-width: 712px) 100vw, 712px\" \/><\/figure><figure class=\"carousel-item\"><img loading=\"lazy\" decoding=\"async\" width=\"712\" height=\"534\" src=\"https:\/\/medicina.udd.cl\/fonoaudiologia-santiago\/files\/2016\/05\/Fonoaudiolog\u00eda-8.jpg\" class=\"attachment-landscape_952 size-landscape_952\" alt=\"\" srcset=\"https:\/\/medicina.udd.cl\/fonoaudiologia-santiago\/files\/2016\/05\/Fonoaudiolog\u00eda-8.jpg 3264w, https:\/\/medicina.udd.cl\/fonoaudiologia-santiago\/files\/2016\/05\/Fonoaudiolog\u00eda-8-300x225.jpg 300w, https:\/\/medicina.udd.cl\/fonoaudiologia-santiago\/files\/2016\/05\/Fonoaudiolog\u00eda-8-768x576.jpg 768w, https:\/\/medicina.udd.cl\/fonoaudiologia-santiago\/files\/2016\/05\/Fonoaudiolog\u00eda-8-1024x768.jpg 1024w, https:\/\/medicina.udd.cl\/fonoaudiologia-santiago\/files\/2016\/05\/Fonoaudiolog\u00eda-8-960x720.jpg 960w\" sizes=\"auto, (max-width: 712px) 100vw, 712px\" \/><\/figure><figure class=\"carousel-item\"><img loading=\"lazy\" decoding=\"async\" width=\"712\" height=\"534\" src=\"https:\/\/medicina.udd.cl\/fonoaudiologia-santiago\/files\/2016\/05\/Fonoaudiolog\u00eda-3.jpg\" class=\"attachment-landscape_952 size-landscape_952\" alt=\"\" srcset=\"https:\/\/medicina.udd.cl\/fonoaudiologia-santiago\/files\/2016\/05\/Fonoaudiolog\u00eda-3.jpg 3264w, https:\/\/medicina.udd.cl\/fonoaudiologia-santiago\/files\/2016\/05\/Fonoaudiolog\u00eda-3-300x225.jpg 300w, https:\/\/medicina.udd.cl\/fonoaudiologia-santiago\/files\/2016\/05\/Fonoaudiolog\u00eda-3-768x576.jpg 768w, https:\/\/medicina.udd.cl\/fonoaudiologia-santiago\/files\/2016\/05\/Fonoaudiolog\u00eda-3-1024x768.jpg 1024w, https:\/\/medicina.udd.cl\/fonoaudiologia-santiago\/files\/2016\/05\/Fonoaudiolog\u00eda-3-960x720.jpg 960w\" sizes=\"auto, (max-width: 712px) 100vw, 712px\" \/><\/figure><figure class=\"carousel-item\"><img loading=\"lazy\" decoding=\"async\" width=\"712\" height=\"534\" src=\"https:\/\/medicina.udd.cl\/fonoaudiologia-santiago\/files\/2016\/05\/Fonoaudiolog\u00eda-4.jpg\" class=\"attachment-landscape_952 size-landscape_952\" alt=\"\" srcset=\"https:\/\/medicina.udd.cl\/fonoaudiologia-santiago\/files\/2016\/05\/Fonoaudiolog\u00eda-4.jpg 3264w, https:\/\/medicina.udd.cl\/fonoaudiologia-santiago\/files\/2016\/05\/Fonoaudiolog\u00eda-4-300x225.jpg 300w, https:\/\/medicina.udd.cl\/fonoaudiologia-santiago\/files\/2016\/05\/Fonoaudiolog\u00eda-4-768x576.jpg 768w, https:\/\/medicina.udd.cl\/fonoaudiologia-santiago\/files\/2016\/05\/Fonoaudiolog\u00eda-4-1024x768.jpg 1024w, https:\/\/medicina.udd.cl\/fonoaudiologia-santiago\/files\/2016\/05\/Fonoaudiolog\u00eda-4-960x720.jpg 960w\" sizes=\"auto, (max-width: 712px) 100vw, 712px\" \/><\/figure><figure class=\"carousel-item\"><img loading=\"lazy\" decoding=\"async\" width=\"712\" height=\"534\" src=\"https:\/\/medicina.udd.cl\/fonoaudiologia-santiago\/files\/2016\/05\/Fonoaudiolog\u00eda-5.jpg\" class=\"attachment-landscape_952 size-landscape_952\" alt=\"\" srcset=\"https:\/\/medicina.udd.cl\/fonoaudiologia-santiago\/files\/2016\/05\/Fonoaudiolog\u00eda-5.jpg 3264w, https:\/\/medicina.udd.cl\/fonoaudiologia-santiago\/files\/2016\/05\/Fonoaudiolog\u00eda-5-300x225.jpg 300w, https:\/\/medicina.udd.cl\/fonoaudiologia-santiago\/files\/2016\/05\/Fonoaudiolog\u00eda-5-768x576.jpg 768w, https:\/\/medicina.udd.cl\/fonoaudiologia-santiago\/files\/2016\/05\/Fonoaudiolog\u00eda-5-1024x768.jpg 1024w, https:\/\/medicina.udd.cl\/fonoaudiologia-santiago\/files\/2016\/05\/Fonoaudiolog\u00eda-5-960x720.jpg 960w\" sizes=\"auto, (max-width: 712px) 100vw, 712px\" \/><\/figure><\/div><footer class=\"carousel-footer\"><div class=\"carousel-counter\"><span class=\"carousel-counter-current\"><\/span> \/ <span class=\"carousel-counter-total\"><\/span><\/div><a class=\"carousel-control-prev\" href=\"#gallery-1\" role=\"button\" data-slide=\"prev\"><svg aria-hidden=\"true\" class=\"svg-chevron-left-dims\"><use xlink:href='https:\/\/medicina.udd.cl\/fonoaudiologia-santiago\/wp-content\/themes\/facultades-2018\/assets\/img\/svg\/dist\/main.svg?version=1695853099#chevron-left'><\/use><\/svg><span class=\"sr-only\">Anterior<\/span><\/a><a class=\"carousel-control-next\" href=\"#gallery-1\" role=\"button\" data-slide=\"next\"><svg aria-hidden=\"true\" class=\"svg-chevron-right-dims\"><use xlink:href='https:\/\/medicina.udd.cl\/fonoaudiologia-santiago\/wp-content\/themes\/facultades-2018\/assets\/img\/svg\/dist\/main.svg?version=1695853099#chevron-right'><\/use><\/svg><span class=\"sr-only\">Siguiente<\/span><\/a><\/footer><\/div>\n<p style=\"text-align: justify\">El s\u00e1bado 28 de mayo se realiz\u00f3 la jornada <strong>\u201cCl\u00ednica UDD: Examina\u00a0tu vocaci\u00f3n<\/strong>\u201d, actividad a la que asistieron 33 estudiantes de ense\u00f1anza media interesados en conocer la carrera de Fonoaudiolog\u00eda de la Universidad del Desarrollo y tomar una buena decisi\u00f3n al momento de postular durante el pr\u00f3ximo proceso de Admisi\u00f3n 2017.<\/p>\n<p style=\"text-align: justify\">Esta jornada cont\u00f3 con la participaci\u00f3n del equipo de Admisi\u00f3n de Fonoaudiolog\u00eda UDD, liderado por su coordinador, Sebasti\u00e1n Herrera, junto a la directora, Mar\u00eda Ang\u00e9lica L\u00f3pez; la coordinadora acad\u00e9mica, Mar\u00eda Antonella Urz\u00faa; y la docente del \u00e1rea Audiolog\u00eda, Patricia Castro.<\/p>\n<p style=\"text-align: justify\">En la oportunidad, la directora realiz\u00f3 una presentaci\u00f3n de la carrera, explicando las diversas \u00e1reas que componen esta disciplina. Paralelamente, el equipo de docentes y alumnos UDD se dirigieron a los estudiantes para contarles acerca de los laboratorios, campos cl\u00ednicos, vida universitaria y para compartir c\u00f3mo ha sido su experiencia en la universidad.<\/p>\n<p style=\"text-align: justify\">Posteriormente, se llevaron a cabo dos talleres: uno de Audiolog\u00eda, en que mostraron equipos a los alumnos y se les ense\u00f1\u00f3 a usar diapasones y otoscopios; y el otro de Degluci\u00f3n, en que se les ense\u00f1\u00f3 a realizar una evaluaci\u00f3n cl\u00ednica con el uso de fonendoscopio.<\/p>\n<p style=\"text-align: justify\">Los asistentes se mostraron muy entusiastas con la experiencia vivida, la que les ayud\u00f3 a conocer m\u00e1s sobre la carrera, quedando invitados a la pr\u00f3xima jornada, que se desarrollar\u00e1 el s\u00e1bado 6 de agosto en Cl\u00ednica UDD, y en la que se realizar\u00e1n talleres para abordar las \u00e1reas Infantil y Voz.<\/p>\n","protected":false},"excerpt":{"rendered":"<p>En la oportunidad, la directora Mar\u00eda Ang\u00e9lica L\u00f3pez, realiz\u00f3 una presentaci\u00f3n de la carrera, explicando las diversas \u00e1reas que componen esta disciplina e invit\u00e1ndolos a un pr\u00f3ximo encuentro vocacional para el pr\u00f3ximo 6 de agosto.<\/p>\n","protected":false},"author":9192192,"featured_media":3279,"comment_status":"open","ping_status":"open","sticky":false,"template":"","format":"standard","meta":{"footnotes":""},"categories":[4],"tags":[],"class_list":["post-3272","post","type-post","status-publish","format-standard","has-post-thumbnail","hentry","category-noticias"],"yoast_head":"<!-- This site is optimized with the Yoast SEO plugin v26.9 - https:\/\/yoast.com\/product\/yoast-seo-wordpress\/ -->\n<title>Fonoaudiolog\u00eda UDD particip\u00f3 en exitosa jornada vocacional - Fonoaudiolog\u00eda<\/title>\n<meta name=\"robots\" content=\"index, follow, max-snippet:-1, max-image-preview:large, max-video-preview:-1\" \/>\n<link rel=\"canonical\" href=\"https:\/\/medicina.udd.cl\/fonoaudiologia-santiago\/noticias\/2016\/05\/30\/fonoaudiologia-udd-participo-en-exitosa-jornada-vocacional\/\" \/>\n<meta property=\"og:locale\" content=\"es_ES\" \/>\n<meta property=\"og:type\" content=\"article\" \/>\n<meta property=\"og:title\" content=\"Fonoaudiolog\u00eda UDD particip\u00f3 en exitosa jornada vocacional - Fonoaudiolog\u00eda\" \/>\n<meta property=\"og:description\" content=\"En la oportunidad, la directora Mar\u00eda Ang\u00e9lica L\u00f3pez, realiz\u00f3 una presentaci\u00f3n de la carrera, explicando las diversas \u00e1reas que componen esta disciplina e invit\u00e1ndolos a un pr\u00f3ximo encuentro vocacional para el pr\u00f3ximo 6 de agosto.\" \/>\n<meta property=\"og:url\" content=\"https:\/\/medicina.udd.cl\/fonoaudiologia-santiago\/noticias\/2016\/05\/30\/fonoaudiologia-udd-participo-en-exitosa-jornada-vocacional\/\" \/>\n<meta property=\"og:site_name\" content=\"Fonoaudiolog\u00eda\" \/>\n<meta property=\"article:published_time\" content=\"2016-05-30T20:55:13+00:00\" \/>\n<meta property=\"article:modified_time\" content=\"2016-05-30T21:01:05+00:00\" \/>\n<meta property=\"og:image\" content=\"https:\/\/medicina.udd.cl\/fonoaudiologia-santiago\/files\/2016\/05\/Fonoaudiolog\u00eda-9.jpg\" \/>\n\t<meta property=\"og:image:width\" content=\"2448\" \/>\n\t<meta property=\"og:image:height\" content=\"1632\" \/>\n\t<meta property=\"og:image:type\" content=\"image\/jpeg\" \/>\n<meta name=\"author\" content=\"paulinamunoz\" \/>\n<meta name=\"twitter:label1\" content=\"Escrito por\" \/>\n\t<meta name=\"twitter:data1\" content=\"paulinamunoz\" \/>\n\t<meta name=\"twitter:label2\" content=\"Tiempo de lectura\" \/>\n\t<meta name=\"twitter:data2\" content=\"1 minuto\" \/>\n<script type=\"application\/ld+json\" class=\"yoast-schema-graph\">{\"@context\":\"https:\/\/schema.org\",\"@graph\":[{\"@type\":\"Article\",\"@id\":\"https:\/\/medicina.udd.cl\/fonoaudiologia-santiago\/noticias\/2016\/05\/30\/fonoaudiologia-udd-participo-en-exitosa-jornada-vocacional\/#article\",\"isPartOf\":{\"@id\":\"https:\/\/medicina.udd.cl\/fonoaudiologia-santiago\/noticias\/2016\/05\/30\/fonoaudiologia-udd-participo-en-exitosa-jornada-vocacional\/\"},\"author\":{\"name\":\"paulinamunoz\",\"@id\":\"https:\/\/medicina.udd.cl\/fonoaudiologia-santiago\/#\/schema\/person\/8bbd66125b574a40ec467c180c11f2e3\"},\"headline\":\"Fonoaudiolog\u00eda UDD particip\u00f3 en exitosa jornada vocacional\",\"datePublished\":\"2016-05-30T20:55:13+00:00\",\"dateModified\":\"2016-05-30T21:01:05+00:00\",\"mainEntityOfPage\":{\"@id\":\"https:\/\/medicina.udd.cl\/fonoaudiologia-santiago\/noticias\/2016\/05\/30\/fonoaudiologia-udd-participo-en-exitosa-jornada-vocacional\/\"},\"wordCount\":279,\"commentCount\":0,\"image\":{\"@id\":\"https:\/\/medicina.udd.cl\/fonoaudiologia-santiago\/noticias\/2016\/05\/30\/fonoaudiologia-udd-participo-en-exitosa-jornada-vocacional\/#primaryimage\"},\"thumbnailUrl\":\"https:\/\/medicina.udd.cl\/fonoaudiologia-santiago\/files\/2016\/05\/Fonoaudiolog\u00eda-9.jpg\",\"articleSection\":[\"Noticias\"],\"inLanguage\":\"es\",\"potentialAction\":[{\"@type\":\"CommentAction\",\"name\":\"Comment\",\"target\":[\"https:\/\/medicina.udd.cl\/fonoaudiologia-santiago\/noticias\/2016\/05\/30\/fonoaudiologia-udd-participo-en-exitosa-jornada-vocacional\/#respond\"]}]},{\"@type\":\"WebPage\",\"@id\":\"https:\/\/medicina.udd.cl\/fonoaudiologia-santiago\/noticias\/2016\/05\/30\/fonoaudiologia-udd-participo-en-exitosa-jornada-vocacional\/\",\"url\":\"https:\/\/medicina.udd.cl\/fonoaudiologia-santiago\/noticias\/2016\/05\/30\/fonoaudiologia-udd-participo-en-exitosa-jornada-vocacional\/\",\"name\":\"Fonoaudiolog\u00eda UDD particip\u00f3 en exitosa jornada vocacional - Fonoaudiolog\u00eda\",\"isPartOf\":{\"@id\":\"https:\/\/medicina.udd.cl\/fonoaudiologia-santiago\/#website\"},\"primaryImageOfPage\":{\"@id\":\"https:\/\/medicina.udd.cl\/fonoaudiologia-santiago\/noticias\/2016\/05\/30\/fonoaudiologia-udd-participo-en-exitosa-jornada-vocacional\/#primaryimage\"},\"image\":{\"@id\":\"https:\/\/medicina.udd.cl\/fonoaudiologia-santiago\/noticias\/2016\/05\/30\/fonoaudiologia-udd-participo-en-exitosa-jornada-vocacional\/#primaryimage\"},\"thumbnailUrl\":\"https:\/\/medicina.udd.cl\/fonoaudiologia-santiago\/files\/2016\/05\/Fonoaudiolog\u00eda-9.jpg\",\"datePublished\":\"2016-05-30T20:55:13+00:00\",\"dateModified\":\"2016-05-30T21:01:05+00:00\",\"author\":{\"@id\":\"https:\/\/medicina.udd.cl\/fonoaudiologia-santiago\/#\/schema\/person\/8bbd66125b574a40ec467c180c11f2e3\"},\"breadcrumb\":{\"@id\":\"https:\/\/medicina.udd.cl\/fonoaudiologia-santiago\/noticias\/2016\/05\/30\/fonoaudiologia-udd-participo-en-exitosa-jornada-vocacional\/#breadcrumb\"},\"inLanguage\":\"es\",\"potentialAction\":[{\"@type\":\"ReadAction\",\"target\":[\"https:\/\/medicina.udd.cl\/fonoaudiologia-santiago\/noticias\/2016\/05\/30\/fonoaudiologia-udd-participo-en-exitosa-jornada-vocacional\/\"]}]},{\"@type\":\"ImageObject\",\"inLanguage\":\"es\",\"@id\":\"https:\/\/medicina.udd.cl\/fonoaudiologia-santiago\/noticias\/2016\/05\/30\/fonoaudiologia-udd-participo-en-exitosa-jornada-vocacional\/#primaryimage\",\"url\":\"https:\/\/medicina.udd.cl\/fonoaudiologia-santiago\/files\/2016\/05\/Fonoaudiolog\u00eda-9.jpg\",\"contentUrl\":\"https:\/\/medicina.udd.cl\/fonoaudiologia-santiago\/files\/2016\/05\/Fonoaudiolog\u00eda-9.jpg\",\"width\":2448,\"height\":1632},{\"@type\":\"BreadcrumbList\",\"@id\":\"https:\/\/medicina.udd.cl\/fonoaudiologia-santiago\/noticias\/2016\/05\/30\/fonoaudiologia-udd-participo-en-exitosa-jornada-vocacional\/#breadcrumb\",\"itemListElement\":[{\"@type\":\"ListItem\",\"position\":1,\"name\":\"Home\",\"item\":\"https:\/\/medicina.udd.cl\/fonoaudiologia-santiago\/\"},{\"@type\":\"ListItem\",\"position\":2,\"name\":\"Fonoaudiolog\u00eda UDD particip\u00f3 en exitosa jornada vocacional\"}]},{\"@type\":\"WebSite\",\"@id\":\"https:\/\/medicina.udd.cl\/fonoaudiologia-santiago\/#website\",\"url\":\"https:\/\/medicina.udd.cl\/fonoaudiologia-santiago\/\",\"name\":\"Fonoaudiolog\u00eda\",\"description\":\"Facultad de Medicina Cl\u00ednica Alemana Universidad del Desarrollo\",\"inLanguage\":\"es\"},{\"@type\":\"Person\",\"@id\":\"https:\/\/medicina.udd.cl\/fonoaudiologia-santiago\/#\/schema\/person\/8bbd66125b574a40ec467c180c11f2e3\",\"name\":\"paulinamunoz\",\"image\":{\"@type\":\"ImageObject\",\"inLanguage\":\"es\",\"@id\":\"https:\/\/medicina.udd.cl\/fonoaudiologia-santiago\/#\/schema\/person\/image\/\",\"url\":\"https:\/\/secure.gravatar.com\/avatar\/748ce8fb74e8f8077c4966697a3b3710ca0019e71a62146890c0dcdc705e7f3d?s=96&d=mm&r=g\",\"contentUrl\":\"https:\/\/secure.gravatar.com\/avatar\/748ce8fb74e8f8077c4966697a3b3710ca0019e71a62146890c0dcdc705e7f3d?s=96&d=mm&r=g\",\"caption\":\"paulinamunoz\"},\"url\":\"https:\/\/medicina.udd.cl\/fonoaudiologia-santiago\/noticias\/author\/paulinamunoz\/\"}]}<\/script>\n<!-- \/ Yoast SEO plugin. -->","yoast_head_json":{"title":"Fonoaudiolog\u00eda UDD particip\u00f3 en exitosa jornada vocacional - Fonoaudiolog\u00eda","robots":{"index":"index","follow":"follow","max-snippet":"max-snippet:-1","max-image-preview":"max-image-preview:large","max-video-preview":"max-video-preview:-1"},"canonical":"https:\/\/medicina.udd.cl\/fonoaudiologia-santiago\/noticias\/2016\/05\/30\/fonoaudiologia-udd-participo-en-exitosa-jornada-vocacional\/","og_locale":"es_ES","og_type":"article","og_title":"Fonoaudiolog\u00eda UDD particip\u00f3 en exitosa jornada vocacional - Fonoaudiolog\u00eda","og_description":"En la oportunidad, la directora Mar\u00eda Ang\u00e9lica L\u00f3pez, realiz\u00f3 una presentaci\u00f3n de la carrera, explicando las diversas \u00e1reas que componen esta disciplina e invit\u00e1ndolos a un pr\u00f3ximo encuentro vocacional para el pr\u00f3ximo 6 de agosto.","og_url":"https:\/\/medicina.udd.cl\/fonoaudiologia-santiago\/noticias\/2016\/05\/30\/fonoaudiologia-udd-participo-en-exitosa-jornada-vocacional\/","og_site_name":"Fonoaudiolog\u00eda","article_published_time":"2016-05-30T20:55:13+00:00","article_modified_time":"2016-05-30T21:01:05+00:00","og_image":[{"width":2448,"height":1632,"url":"https:\/\/medicina.udd.cl\/fonoaudiologia-santiago\/files\/2016\/05\/Fonoaudiolog\u00eda-9.jpg","type":"image\/jpeg"}],"author":"paulinamunoz","twitter_misc":{"Escrito por":"paulinamunoz","Tiempo de lectura":"1 minuto"},"schema":{"@context":"https:\/\/schema.org","@graph":[{"@type":"Article","@id":"https:\/\/medicina.udd.cl\/fonoaudiologia-santiago\/noticias\/2016\/05\/30\/fonoaudiologia-udd-participo-en-exitosa-jornada-vocacional\/#article","isPartOf":{"@id":"https:\/\/medicina.udd.cl\/fonoaudiologia-santiago\/noticias\/2016\/05\/30\/fonoaudiologia-udd-participo-en-exitosa-jornada-vocacional\/"},"author":{"name":"paulinamunoz","@id":"https:\/\/medicina.udd.cl\/fonoaudiologia-santiago\/#\/schema\/person\/8bbd66125b574a40ec467c180c11f2e3"},"headline":"Fonoaudiolog\u00eda UDD particip\u00f3 en exitosa jornada vocacional","datePublished":"2016-05-30T20:55:13+00:00","dateModified":"2016-05-30T21:01:05+00:00","mainEntityOfPage":{"@id":"https:\/\/medicina.udd.cl\/fonoaudiologia-santiago\/noticias\/2016\/05\/30\/fonoaudiologia-udd-participo-en-exitosa-jornada-vocacional\/"},"wordCount":279,"commentCount":0,"image":{"@id":"https:\/\/medicina.udd.cl\/fonoaudiologia-santiago\/noticias\/2016\/05\/30\/fonoaudiologia-udd-participo-en-exitosa-jornada-vocacional\/#primaryimage"},"thumbnailUrl":"https:\/\/medicina.udd.cl\/fonoaudiologia-santiago\/files\/2016\/05\/Fonoaudiolog\u00eda-9.jpg","articleSection":["Noticias"],"inLanguage":"es","potentialAction":[{"@type":"CommentAction","name":"Comment","target":["https:\/\/medicina.udd.cl\/fonoaudiologia-santiago\/noticias\/2016\/05\/30\/fonoaudiologia-udd-participo-en-exitosa-jornada-vocacional\/#respond"]}]},{"@type":"WebPage","@id":"https:\/\/medicina.udd.cl\/fonoaudiologia-santiago\/noticias\/2016\/05\/30\/fonoaudiologia-udd-participo-en-exitosa-jornada-vocacional\/","url":"https:\/\/medicina.udd.cl\/fonoaudiologia-santiago\/noticias\/2016\/05\/30\/fonoaudiologia-udd-participo-en-exitosa-jornada-vocacional\/","name":"Fonoaudiolog\u00eda UDD particip\u00f3 en exitosa jornada vocacional - Fonoaudiolog\u00eda","isPartOf":{"@id":"https:\/\/medicina.udd.cl\/fonoaudiologia-santiago\/#website"},"primaryImageOfPage":{"@id":"https:\/\/medicina.udd.cl\/fonoaudiologia-santiago\/noticias\/2016\/05\/30\/fonoaudiologia-udd-participo-en-exitosa-jornada-vocacional\/#primaryimage"},"image":{"@id":"https:\/\/medicina.udd.cl\/fonoaudiologia-santiago\/noticias\/2016\/05\/30\/fonoaudiologia-udd-participo-en-exitosa-jornada-vocacional\/#primaryimage"},"thumbnailUrl":"https:\/\/medicina.udd.cl\/fonoaudiologia-santiago\/files\/2016\/05\/Fonoaudiolog\u00eda-9.jpg","datePublished":"2016-05-30T20:55:13+00:00","dateModified":"2016-05-30T21:01:05+00:00","author":{"@id":"https:\/\/medicina.udd.cl\/fonoaudiologia-santiago\/#\/schema\/person\/8bbd66125b574a40ec467c180c11f2e3"},"breadcrumb":{"@id":"https:\/\/medicina.udd.cl\/fonoaudiologia-santiago\/noticias\/2016\/05\/30\/fonoaudiologia-udd-participo-en-exitosa-jornada-vocacional\/#breadcrumb"},"inLanguage":"es","potentialAction":[{"@type":"ReadAction","target":["https:\/\/medicina.udd.cl\/fonoaudiologia-santiago\/noticias\/2016\/05\/30\/fonoaudiologia-udd-participo-en-exitosa-jornada-vocacional\/"]}]},{"@type":"ImageObject","inLanguage":"es","@id":"https:\/\/medicina.udd.cl\/fonoaudiologia-santiago\/noticias\/2016\/05\/30\/fonoaudiologia-udd-participo-en-exitosa-jornada-vocacional\/#primaryimage","url":"https:\/\/medicina.udd.cl\/fonoaudiologia-santiago\/files\/2016\/05\/Fonoaudiolog\u00eda-9.jpg","contentUrl":"https:\/\/medicina.udd.cl\/fonoaudiologia-santiago\/files\/2016\/05\/Fonoaudiolog\u00eda-9.jpg","width":2448,"height":1632},{"@type":"BreadcrumbList","@id":"https:\/\/medicina.udd.cl\/fonoaudiologia-santiago\/noticias\/2016\/05\/30\/fonoaudiologia-udd-participo-en-exitosa-jornada-vocacional\/#breadcrumb","itemListElement":[{"@type":"ListItem","position":1,"name":"Home","item":"https:\/\/medicina.udd.cl\/fonoaudiologia-santiago\/"},{"@type":"ListItem","position":2,"name":"Fonoaudiolog\u00eda UDD particip\u00f3 en exitosa jornada vocacional"}]},{"@type":"WebSite","@id":"https:\/\/medicina.udd.cl\/fonoaudiologia-santiago\/#website","url":"https:\/\/medicina.udd.cl\/fonoaudiologia-santiago\/","name":"Fonoaudiolog\u00eda","description":"Facultad de Medicina Cl\u00ednica Alemana Universidad del Desarrollo","inLanguage":"es"},{"@type":"Person","@id":"https:\/\/medicina.udd.cl\/fonoaudiologia-santiago\/#\/schema\/person\/8bbd66125b574a40ec467c180c11f2e3","name":"paulinamunoz","image":{"@type":"ImageObject","inLanguage":"es","@id":"https:\/\/medicina.udd.cl\/fonoaudiologia-santiago\/#\/schema\/person\/image\/","url":"https:\/\/secure.gravatar.com\/avatar\/748ce8fb74e8f8077c4966697a3b3710ca0019e71a62146890c0dcdc705e7f3d?s=96&d=mm&r=g","contentUrl":"https:\/\/secure.gravatar.com\/avatar\/748ce8fb74e8f8077c4966697a3b3710ca0019e71a62146890c0dcdc705e7f3d?s=96&d=mm&r=g","caption":"paulinamunoz"},"url":"https:\/\/medicina.udd.cl\/fonoaudiologia-santiago\/noticias\/author\/paulinamunoz\/"}]}},"featured_image_url":"https:\/\/medicina.udd.cl\/fonoaudiologia-santiago\/files\/2016\/05\/Fonoaudiolog\u00eda-9.jpg","_links":{"self":[{"href":"https:\/\/medicina.udd.cl\/fonoaudiologia-santiago\/wp-json\/wp\/v2\/posts\/3272","targetHints":{"allow":["GET"]}}],"collection":[{"href":"https:\/\/medicina.udd.cl\/fonoaudiologia-santiago\/wp-json\/wp\/v2\/posts"}],"about":[{"href":"https:\/\/medicina.udd.cl\/fonoaudiologia-santiago\/wp-json\/wp\/v2\/types\/post"}],"author":[{"embeddable":true,"href":"https:\/\/medicina.udd.cl\/fonoaudiologia-santiago\/wp-json\/wp\/v2\/users\/9192192"}],"replies":[{"embeddable":true,"href":"https:\/\/medicina.udd.cl\/fonoaudiologia-santiago\/wp-json\/wp\/v2\/comments?post=3272"}],"version-history":[{"count":9,"href":"https:\/\/medicina.udd.cl\/fonoaudiologia-santiago\/wp-json\/wp\/v2\/posts\/3272\/revisions"}],"predecessor-version":[{"id":3291,"href":"https:\/\/medicina.udd.cl\/fonoaudiologia-santiago\/wp-json\/wp\/v2\/posts\/3272\/revisions\/3291"}],"wp:featuredmedia":[{"embeddable":true,"href":"https:\/\/medicina.udd.cl\/fonoaudiologia-santiago\/wp-json\/wp\/v2\/media\/3279"}],"wp:attachment":[{"href":"https:\/\/medicina.udd.cl\/fonoaudiologia-santiago\/wp-json\/wp\/v2\/media?parent=3272"}],"wp:term":[{"taxonomy":"category","embeddable":true,"href":"https:\/\/medicina.udd.cl\/fonoaudiologia-santiago\/wp-json\/wp\/v2\/categories?post=3272"},{"taxonomy":"post_tag","embeddable":true,"href":"https:\/\/medicina.udd.cl\/fonoaudiologia-santiago\/wp-json\/wp\/v2\/tags?post=3272"}],"curies":[{"name":"wp","href":"https:\/\/api.w.org\/{rel}","templated":true}]}}