{"id":3292,"date":"2016-05-31T15:51:31","date_gmt":"2016-05-31T19:51:31","guid":{"rendered":"http:\/\/medicina.udd.cl\/fonoaudiologia-santiago\/?p=3292"},"modified":"2016-05-31T16:03:02","modified_gmt":"2016-05-31T20:03:02","slug":"fonoaudiologia-despidio-a-sus-titulados-con-intima-celebracion","status":"publish","type":"post","link":"https:\/\/medicina.udd.cl\/fonoaudiologia-santiago\/noticias\/2016\/05\/31\/fonoaudiologia-despidio-a-sus-titulados-con-intima-celebracion\/","title":{"rendered":"Fonoaudiolog\u00eda despidi\u00f3 a sus titulados con \u00edntima celebraci\u00f3n"},"content":{"rendered":"<div id=\"gallery-1\" class=\"carousel slide carousel-gallery\" data-ride=\"false\" data-interval=\"false\"><div class=\"carousel-inner\" role=\"listbox\"><figure class=\"carousel-item active\"><img loading=\"lazy\" decoding=\"async\" width=\"712\" height=\"534\" src=\"https:\/\/medicina.udd.cl\/fonoaudiologia-santiago\/files\/2016\/05\/Fiesta-Fonoaudi\u00f3logos-00.jpg\" class=\"attachment-landscape_952 size-landscape_952\" alt=\"\" srcset=\"https:\/\/medicina.udd.cl\/fonoaudiologia-santiago\/files\/2016\/05\/Fiesta-Fonoaudi\u00f3logos-00.jpg 3264w, https:\/\/medicina.udd.cl\/fonoaudiologia-santiago\/files\/2016\/05\/Fiesta-Fonoaudi\u00f3logos-00-300x225.jpg 300w, https:\/\/medicina.udd.cl\/fonoaudiologia-santiago\/files\/2016\/05\/Fiesta-Fonoaudi\u00f3logos-00-768x576.jpg 768w, https:\/\/medicina.udd.cl\/fonoaudiologia-santiago\/files\/2016\/05\/Fiesta-Fonoaudi\u00f3logos-00-1024x768.jpg 1024w, https:\/\/medicina.udd.cl\/fonoaudiologia-santiago\/files\/2016\/05\/Fiesta-Fonoaudi\u00f3logos-00-960x720.jpg 960w\" sizes=\"auto, (max-width: 712px) 100vw, 712px\" \/><\/figure><figure class=\"carousel-item\"><img loading=\"lazy\" decoding=\"async\" width=\"712\" height=\"534\" src=\"https:\/\/medicina.udd.cl\/fonoaudiologia-santiago\/files\/2016\/05\/Fiesta-Fonoaudi\u00f3logos-01.jpg\" class=\"attachment-landscape_952 size-landscape_952\" alt=\"\" srcset=\"https:\/\/medicina.udd.cl\/fonoaudiologia-santiago\/files\/2016\/05\/Fiesta-Fonoaudi\u00f3logos-01.jpg 3264w, https:\/\/medicina.udd.cl\/fonoaudiologia-santiago\/files\/2016\/05\/Fiesta-Fonoaudi\u00f3logos-01-300x225.jpg 300w, https:\/\/medicina.udd.cl\/fonoaudiologia-santiago\/files\/2016\/05\/Fiesta-Fonoaudi\u00f3logos-01-768x576.jpg 768w, https:\/\/medicina.udd.cl\/fonoaudiologia-santiago\/files\/2016\/05\/Fiesta-Fonoaudi\u00f3logos-01-1024x768.jpg 1024w, https:\/\/medicina.udd.cl\/fonoaudiologia-santiago\/files\/2016\/05\/Fiesta-Fonoaudi\u00f3logos-01-960x720.jpg 960w\" sizes=\"auto, (max-width: 712px) 100vw, 712px\" \/><\/figure><figure class=\"carousel-item\"><img loading=\"lazy\" decoding=\"async\" width=\"712\" height=\"534\" src=\"https:\/\/medicina.udd.cl\/fonoaudiologia-santiago\/files\/2016\/05\/Fiesta-Fonoaudi\u00f3logos-02.jpg\" class=\"attachment-landscape_952 size-landscape_952\" alt=\"\" srcset=\"https:\/\/medicina.udd.cl\/fonoaudiologia-santiago\/files\/2016\/05\/Fiesta-Fonoaudi\u00f3logos-02.jpg 3264w, https:\/\/medicina.udd.cl\/fonoaudiologia-santiago\/files\/2016\/05\/Fiesta-Fonoaudi\u00f3logos-02-300x225.jpg 300w, https:\/\/medicina.udd.cl\/fonoaudiologia-santiago\/files\/2016\/05\/Fiesta-Fonoaudi\u00f3logos-02-768x576.jpg 768w, https:\/\/medicina.udd.cl\/fonoaudiologia-santiago\/files\/2016\/05\/Fiesta-Fonoaudi\u00f3logos-02-1024x768.jpg 1024w, https:\/\/medicina.udd.cl\/fonoaudiologia-santiago\/files\/2016\/05\/Fiesta-Fonoaudi\u00f3logos-02-960x720.jpg 960w\" sizes=\"auto, (max-width: 712px) 100vw, 712px\" \/><\/figure><figure class=\"carousel-item\"><img loading=\"lazy\" decoding=\"async\" width=\"712\" height=\"534\" src=\"https:\/\/medicina.udd.cl\/fonoaudiologia-santiago\/files\/2016\/05\/Fiesta-Fonoaudi\u00f3logos-03.jpg\" class=\"attachment-landscape_952 size-landscape_952\" alt=\"\" srcset=\"https:\/\/medicina.udd.cl\/fonoaudiologia-santiago\/files\/2016\/05\/Fiesta-Fonoaudi\u00f3logos-03.jpg 3264w, https:\/\/medicina.udd.cl\/fonoaudiologia-santiago\/files\/2016\/05\/Fiesta-Fonoaudi\u00f3logos-03-300x225.jpg 300w, https:\/\/medicina.udd.cl\/fonoaudiologia-santiago\/files\/2016\/05\/Fiesta-Fonoaudi\u00f3logos-03-768x576.jpg 768w, https:\/\/medicina.udd.cl\/fonoaudiologia-santiago\/files\/2016\/05\/Fiesta-Fonoaudi\u00f3logos-03-1024x768.jpg 1024w, https:\/\/medicina.udd.cl\/fonoaudiologia-santiago\/files\/2016\/05\/Fiesta-Fonoaudi\u00f3logos-03-960x720.jpg 960w\" sizes=\"auto, (max-width: 712px) 100vw, 712px\" \/><\/figure><figure class=\"carousel-item\"><img loading=\"lazy\" decoding=\"async\" width=\"712\" height=\"534\" src=\"https:\/\/medicina.udd.cl\/fonoaudiologia-santiago\/files\/2016\/05\/Fiesta-Fonoaudi\u00f3logos-05.jpg\" class=\"attachment-landscape_952 size-landscape_952\" alt=\"\" srcset=\"https:\/\/medicina.udd.cl\/fonoaudiologia-santiago\/files\/2016\/05\/Fiesta-Fonoaudi\u00f3logos-05.jpg 3264w, https:\/\/medicina.udd.cl\/fonoaudiologia-santiago\/files\/2016\/05\/Fiesta-Fonoaudi\u00f3logos-05-300x225.jpg 300w, https:\/\/medicina.udd.cl\/fonoaudiologia-santiago\/files\/2016\/05\/Fiesta-Fonoaudi\u00f3logos-05-768x576.jpg 768w, https:\/\/medicina.udd.cl\/fonoaudiologia-santiago\/files\/2016\/05\/Fiesta-Fonoaudi\u00f3logos-05-1024x768.jpg 1024w, https:\/\/medicina.udd.cl\/fonoaudiologia-santiago\/files\/2016\/05\/Fiesta-Fonoaudi\u00f3logos-05-960x720.jpg 960w\" sizes=\"auto, (max-width: 712px) 100vw, 712px\" \/><\/figure><figure class=\"carousel-item\"><img loading=\"lazy\" decoding=\"async\" width=\"712\" height=\"534\" src=\"https:\/\/medicina.udd.cl\/fonoaudiologia-santiago\/files\/2016\/05\/Fiesta-Fonoaudi\u00f3logos-04.jpg\" class=\"attachment-landscape_952 size-landscape_952\" alt=\"\" srcset=\"https:\/\/medicina.udd.cl\/fonoaudiologia-santiago\/files\/2016\/05\/Fiesta-Fonoaudi\u00f3logos-04.jpg 3264w, https:\/\/medicina.udd.cl\/fonoaudiologia-santiago\/files\/2016\/05\/Fiesta-Fonoaudi\u00f3logos-04-300x225.jpg 300w, https:\/\/medicina.udd.cl\/fonoaudiologia-santiago\/files\/2016\/05\/Fiesta-Fonoaudi\u00f3logos-04-768x576.jpg 768w, https:\/\/medicina.udd.cl\/fonoaudiologia-santiago\/files\/2016\/05\/Fiesta-Fonoaudi\u00f3logos-04-1024x768.jpg 1024w, https:\/\/medicina.udd.cl\/fonoaudiologia-santiago\/files\/2016\/05\/Fiesta-Fonoaudi\u00f3logos-04-960x720.jpg 960w\" sizes=\"auto, (max-width: 712px) 100vw, 712px\" \/><\/figure><figure class=\"carousel-item\"><img loading=\"lazy\" decoding=\"async\" width=\"712\" height=\"534\" src=\"https:\/\/medicina.udd.cl\/fonoaudiologia-santiago\/files\/2016\/05\/Fiesta-Fonoaudi\u00f3logos-10.jpg\" class=\"attachment-landscape_952 size-landscape_952\" alt=\"\" srcset=\"https:\/\/medicina.udd.cl\/fonoaudiologia-santiago\/files\/2016\/05\/Fiesta-Fonoaudi\u00f3logos-10.jpg 3264w, https:\/\/medicina.udd.cl\/fonoaudiologia-santiago\/files\/2016\/05\/Fiesta-Fonoaudi\u00f3logos-10-300x225.jpg 300w, https:\/\/medicina.udd.cl\/fonoaudiologia-santiago\/files\/2016\/05\/Fiesta-Fonoaudi\u00f3logos-10-768x576.jpg 768w, https:\/\/medicina.udd.cl\/fonoaudiologia-santiago\/files\/2016\/05\/Fiesta-Fonoaudi\u00f3logos-10-1024x768.jpg 1024w, https:\/\/medicina.udd.cl\/fonoaudiologia-santiago\/files\/2016\/05\/Fiesta-Fonoaudi\u00f3logos-10-960x720.jpg 960w\" sizes=\"auto, (max-width: 712px) 100vw, 712px\" \/><\/figure><figure class=\"carousel-item\"><img loading=\"lazy\" decoding=\"async\" width=\"712\" height=\"534\" src=\"https:\/\/medicina.udd.cl\/fonoaudiologia-santiago\/files\/2016\/05\/Fiesta-Fonoaudi\u00f3logos-07.jpg\" class=\"attachment-landscape_952 size-landscape_952\" alt=\"\" srcset=\"https:\/\/medicina.udd.cl\/fonoaudiologia-santiago\/files\/2016\/05\/Fiesta-Fonoaudi\u00f3logos-07.jpg 1280w, https:\/\/medicina.udd.cl\/fonoaudiologia-santiago\/files\/2016\/05\/Fiesta-Fonoaudi\u00f3logos-07-300x225.jpg 300w, https:\/\/medicina.udd.cl\/fonoaudiologia-santiago\/files\/2016\/05\/Fiesta-Fonoaudi\u00f3logos-07-768x576.jpg 768w, https:\/\/medicina.udd.cl\/fonoaudiologia-santiago\/files\/2016\/05\/Fiesta-Fonoaudi\u00f3logos-07-1024x768.jpg 1024w, https:\/\/medicina.udd.cl\/fonoaudiologia-santiago\/files\/2016\/05\/Fiesta-Fonoaudi\u00f3logos-07-960x720.jpg 960w\" sizes=\"auto, (max-width: 712px) 100vw, 712px\" \/><\/figure><figure class=\"carousel-item\"><img loading=\"lazy\" decoding=\"async\" width=\"798\" height=\"534\" src=\"https:\/\/medicina.udd.cl\/fonoaudiologia-santiago\/files\/2016\/05\/Fiesta-Fonoaudi\u00f3logos-09.jpg\" class=\"attachment-landscape_952 size-landscape_952\" alt=\"\" srcset=\"https:\/\/medicina.udd.cl\/fonoaudiologia-santiago\/files\/2016\/05\/Fiesta-Fonoaudi\u00f3logos-09.jpg 2448w, https:\/\/medicina.udd.cl\/fonoaudiologia-santiago\/files\/2016\/05\/Fiesta-Fonoaudi\u00f3logos-09-300x201.jpg 300w, https:\/\/medicina.udd.cl\/fonoaudiologia-santiago\/files\/2016\/05\/Fiesta-Fonoaudi\u00f3logos-09-768x514.jpg 768w, https:\/\/medicina.udd.cl\/fonoaudiologia-santiago\/files\/2016\/05\/Fiesta-Fonoaudi\u00f3logos-09-1024x685.jpg 1024w, https:\/\/medicina.udd.cl\/fonoaudiologia-santiago\/files\/2016\/05\/Fiesta-Fonoaudi\u00f3logos-09-960x642.jpg 960w\" sizes=\"auto, (max-width: 798px) 100vw, 798px\" \/><\/figure><figure class=\"carousel-item\"><img loading=\"lazy\" decoding=\"async\" width=\"712\" height=\"534\" src=\"https:\/\/medicina.udd.cl\/fonoaudiologia-santiago\/files\/2016\/05\/Fiesta-Fonoaudi\u00f3logos-06.jpg\" class=\"attachment-landscape_952 size-landscape_952\" alt=\"\" srcset=\"https:\/\/medicina.udd.cl\/fonoaudiologia-santiago\/files\/2016\/05\/Fiesta-Fonoaudi\u00f3logos-06.jpg 3264w, https:\/\/medicina.udd.cl\/fonoaudiologia-santiago\/files\/2016\/05\/Fiesta-Fonoaudi\u00f3logos-06-300x225.jpg 300w, https:\/\/medicina.udd.cl\/fonoaudiologia-santiago\/files\/2016\/05\/Fiesta-Fonoaudi\u00f3logos-06-768x576.jpg 768w, https:\/\/medicina.udd.cl\/fonoaudiologia-santiago\/files\/2016\/05\/Fiesta-Fonoaudi\u00f3logos-06-1024x768.jpg 1024w, https:\/\/medicina.udd.cl\/fonoaudiologia-santiago\/files\/2016\/05\/Fiesta-Fonoaudi\u00f3logos-06-960x720.jpg 960w\" sizes=\"auto, (max-width: 712px) 100vw, 712px\" \/><\/figure><figure class=\"carousel-item\"><img loading=\"lazy\" decoding=\"async\" width=\"712\" height=\"534\" src=\"https:\/\/medicina.udd.cl\/fonoaudiologia-santiago\/files\/2016\/05\/Fiesta-Fonoaudi\u00f3logos-11.jpg\" class=\"attachment-landscape_952 size-landscape_952\" alt=\"\" srcset=\"https:\/\/medicina.udd.cl\/fonoaudiologia-santiago\/files\/2016\/05\/Fiesta-Fonoaudi\u00f3logos-11.jpg 1280w, https:\/\/medicina.udd.cl\/fonoaudiologia-santiago\/files\/2016\/05\/Fiesta-Fonoaudi\u00f3logos-11-300x225.jpg 300w, https:\/\/medicina.udd.cl\/fonoaudiologia-santiago\/files\/2016\/05\/Fiesta-Fonoaudi\u00f3logos-11-768x576.jpg 768w, https:\/\/medicina.udd.cl\/fonoaudiologia-santiago\/files\/2016\/05\/Fiesta-Fonoaudi\u00f3logos-11-1024x768.jpg 1024w, https:\/\/medicina.udd.cl\/fonoaudiologia-santiago\/files\/2016\/05\/Fiesta-Fonoaudi\u00f3logos-11-960x720.jpg 960w\" sizes=\"auto, (max-width: 712px) 100vw, 712px\" \/><\/figure><figure class=\"carousel-item\"><img loading=\"lazy\" decoding=\"async\" width=\"712\" height=\"534\" src=\"https:\/\/medicina.udd.cl\/fonoaudiologia-santiago\/files\/2016\/05\/Fiesta-Fonoaudi\u00f3logos-12.jpg\" class=\"attachment-landscape_952 size-landscape_952\" alt=\"\" srcset=\"https:\/\/medicina.udd.cl\/fonoaudiologia-santiago\/files\/2016\/05\/Fiesta-Fonoaudi\u00f3logos-12.jpg 1280w, https:\/\/medicina.udd.cl\/fonoaudiologia-santiago\/files\/2016\/05\/Fiesta-Fonoaudi\u00f3logos-12-300x225.jpg 300w, https:\/\/medicina.udd.cl\/fonoaudiologia-santiago\/files\/2016\/05\/Fiesta-Fonoaudi\u00f3logos-12-768x576.jpg 768w, https:\/\/medicina.udd.cl\/fonoaudiologia-santiago\/files\/2016\/05\/Fiesta-Fonoaudi\u00f3logos-12-1024x768.jpg 1024w, https:\/\/medicina.udd.cl\/fonoaudiologia-santiago\/files\/2016\/05\/Fiesta-Fonoaudi\u00f3logos-12-960x720.jpg 960w\" sizes=\"auto, (max-width: 712px) 100vw, 712px\" \/><\/figure><\/div><footer class=\"carousel-footer\"><div class=\"carousel-counter\"><span class=\"carousel-counter-current\"><\/span> \/ <span class=\"carousel-counter-total\"><\/span><\/div><a class=\"carousel-control-prev\" href=\"#gallery-1\" role=\"button\" data-slide=\"prev\"><svg aria-hidden=\"true\" class=\"svg-chevron-left-dims\"><use xlink:href='https:\/\/medicina.udd.cl\/fonoaudiologia-santiago\/wp-content\/themes\/facultades-2018\/assets\/img\/svg\/dist\/main.svg?version=1695853099#chevron-left'><\/use><\/svg><span class=\"sr-only\">Anterior<\/span><\/a><a class=\"carousel-control-next\" href=\"#gallery-1\" role=\"button\" data-slide=\"next\"><svg aria-hidden=\"true\" class=\"svg-chevron-right-dims\"><use xlink:href='https:\/\/medicina.udd.cl\/fonoaudiologia-santiago\/wp-content\/themes\/facultades-2018\/assets\/img\/svg\/dist\/main.svg?version=1695853099#chevron-right'><\/use><\/svg><span class=\"sr-only\">Siguiente<\/span><\/a><\/footer><\/div>\n<p style=\"text-align: justify\">Como ya es tradici\u00f3n, el pasado viernes 20 de mayo, la directora de Fonoaudiolog\u00eda de la Universidad del Desarrollo, Mar\u00eda Ang\u00e9lica L\u00f3pez O\u00f1att, invit\u00f3 a profesores de la carrera, tutores cl\u00ednicos y a la \u00faltima generaci\u00f3n egresada a una gran recepci\u00f3n en su casa para despedir a los reci\u00e9n titulados.<\/p>\n<p style=\"text-align: justify\">Durante la velada, diversas autoridades y docentes de Fonoaudiolog\u00eda UDD dedicaron emocionantes palabras a los festejados, quienes vieron una presentaci\u00f3n con im\u00e1genes de sus a\u00f1os como estudiantes y recibieron un CD de regalo.<\/p>\n<p style=\"text-align: justify\">Posteriormente, los egresados realizaron el conocido \u201c\u00bfQui\u00e9n quiere ser fonoaudi\u00f3logo?\u201d, invitando a concursos a todos los asistentes al encuentro.<\/p>\n<p style=\"text-align: justify\">Los Titulados, por su parte, mostraron un video con la caracterizaci\u00f3n de sus profesores, que seg\u00fan los imitados, estuvo bien logrado y fue muy aplaudido.<\/p>\n<p style=\"text-align: justify\">\u201cLa fiesta termin\u00f3 con grandes bailarines entre titulados y docentes, compartiendo inolvidables momentos que nos ayudar\u00e1n a mantener el v\u00ednculo ya creado durante sus a\u00f1os de estudio. Le deseamos todo el \u00e9xito profesional a esta nueva generaci\u00f3n que ingres\u00f3 el 2011\u201d, concluy\u00f3 la directora de Fonoaudiolog\u00eda UDD.<\/p>\n","protected":false},"excerpt":{"rendered":"<p>Durante la velada, diversas autoridades y docentes de Fonoaudiolog\u00eda UDD dedicaron emocionantes palabras a los festejados, quienes vieron una presentaci\u00f3n con im\u00e1genes de sus a\u00f1os como estudiantes y recibieron un CD de regalo.<\/p>\n","protected":false},"author":9192192,"featured_media":3293,"comment_status":"open","ping_status":"open","sticky":false,"template":"","format":"standard","meta":{"footnotes":""},"categories":[4],"tags":[],"class_list":["post-3292","post","type-post","status-publish","format-standard","has-post-thumbnail","hentry","category-noticias"],"yoast_head":"<!-- This site is optimized with the Yoast SEO plugin v26.9 - https:\/\/yoast.com\/product\/yoast-seo-wordpress\/ -->\n<title>Fonoaudiolog\u00eda despidi\u00f3 a sus titulados con \u00edntima celebraci\u00f3n - Fonoaudiolog\u00eda<\/title>\n<meta name=\"robots\" content=\"index, follow, max-snippet:-1, max-image-preview:large, max-video-preview:-1\" \/>\n<link rel=\"canonical\" href=\"https:\/\/medicina.udd.cl\/fonoaudiologia-santiago\/noticias\/2016\/05\/31\/fonoaudiologia-despidio-a-sus-titulados-con-intima-celebracion\/\" \/>\n<meta property=\"og:locale\" content=\"es_ES\" \/>\n<meta property=\"og:type\" content=\"article\" \/>\n<meta property=\"og:title\" content=\"Fonoaudiolog\u00eda despidi\u00f3 a sus titulados con \u00edntima celebraci\u00f3n - Fonoaudiolog\u00eda\" \/>\n<meta property=\"og:description\" content=\"Durante la velada, diversas autoridades y docentes de Fonoaudiolog\u00eda UDD dedicaron emocionantes palabras a los festejados, quienes vieron una presentaci\u00f3n con im\u00e1genes de sus a\u00f1os como estudiantes y recibieron un CD de regalo.\" \/>\n<meta property=\"og:url\" content=\"https:\/\/medicina.udd.cl\/fonoaudiologia-santiago\/noticias\/2016\/05\/31\/fonoaudiologia-despidio-a-sus-titulados-con-intima-celebracion\/\" \/>\n<meta property=\"og:site_name\" content=\"Fonoaudiolog\u00eda\" \/>\n<meta property=\"article:published_time\" content=\"2016-05-31T19:51:31+00:00\" \/>\n<meta property=\"article:modified_time\" content=\"2016-05-31T20:03:02+00:00\" \/>\n<meta property=\"og:image\" content=\"https:\/\/medicina.udd.cl\/fonoaudiologia-santiago\/files\/2016\/05\/Fiesta-Fonoaudi\u00f3logos-00.jpg\" \/>\n\t<meta property=\"og:image:width\" content=\"3264\" \/>\n\t<meta property=\"og:image:height\" content=\"2448\" \/>\n\t<meta property=\"og:image:type\" content=\"image\/jpeg\" \/>\n<meta name=\"author\" content=\"paulinamunoz\" \/>\n<meta name=\"twitter:label1\" content=\"Escrito por\" \/>\n\t<meta name=\"twitter:data1\" content=\"paulinamunoz\" \/>\n\t<meta name=\"twitter:label2\" content=\"Tiempo de lectura\" \/>\n\t<meta name=\"twitter:data2\" content=\"1 minuto\" \/>\n<script type=\"application\/ld+json\" class=\"yoast-schema-graph\">{\"@context\":\"https:\/\/schema.org\",\"@graph\":[{\"@type\":\"Article\",\"@id\":\"https:\/\/medicina.udd.cl\/fonoaudiologia-santiago\/noticias\/2016\/05\/31\/fonoaudiologia-despidio-a-sus-titulados-con-intima-celebracion\/#article\",\"isPartOf\":{\"@id\":\"https:\/\/medicina.udd.cl\/fonoaudiologia-santiago\/noticias\/2016\/05\/31\/fonoaudiologia-despidio-a-sus-titulados-con-intima-celebracion\/\"},\"author\":{\"name\":\"paulinamunoz\",\"@id\":\"https:\/\/medicina.udd.cl\/fonoaudiologia-santiago\/#\/schema\/person\/8bbd66125b574a40ec467c180c11f2e3\"},\"headline\":\"Fonoaudiolog\u00eda despidi\u00f3 a sus titulados con \u00edntima celebraci\u00f3n\",\"datePublished\":\"2016-05-31T19:51:31+00:00\",\"dateModified\":\"2016-05-31T20:03:02+00:00\",\"mainEntityOfPage\":{\"@id\":\"https:\/\/medicina.udd.cl\/fonoaudiologia-santiago\/noticias\/2016\/05\/31\/fonoaudiologia-despidio-a-sus-titulados-con-intima-celebracion\/\"},\"wordCount\":207,\"commentCount\":0,\"image\":{\"@id\":\"https:\/\/medicina.udd.cl\/fonoaudiologia-santiago\/noticias\/2016\/05\/31\/fonoaudiologia-despidio-a-sus-titulados-con-intima-celebracion\/#primaryimage\"},\"thumbnailUrl\":\"https:\/\/medicina.udd.cl\/fonoaudiologia-santiago\/files\/2016\/05\/Fiesta-Fonoaudi\u00f3logos-00.jpg\",\"articleSection\":[\"Noticias\"],\"inLanguage\":\"es\",\"potentialAction\":[{\"@type\":\"CommentAction\",\"name\":\"Comment\",\"target\":[\"https:\/\/medicina.udd.cl\/fonoaudiologia-santiago\/noticias\/2016\/05\/31\/fonoaudiologia-despidio-a-sus-titulados-con-intima-celebracion\/#respond\"]}]},{\"@type\":\"WebPage\",\"@id\":\"https:\/\/medicina.udd.cl\/fonoaudiologia-santiago\/noticias\/2016\/05\/31\/fonoaudiologia-despidio-a-sus-titulados-con-intima-celebracion\/\",\"url\":\"https:\/\/medicina.udd.cl\/fonoaudiologia-santiago\/noticias\/2016\/05\/31\/fonoaudiologia-despidio-a-sus-titulados-con-intima-celebracion\/\",\"name\":\"Fonoaudiolog\u00eda despidi\u00f3 a sus titulados con \u00edntima celebraci\u00f3n - Fonoaudiolog\u00eda\",\"isPartOf\":{\"@id\":\"https:\/\/medicina.udd.cl\/fonoaudiologia-santiago\/#website\"},\"primaryImageOfPage\":{\"@id\":\"https:\/\/medicina.udd.cl\/fonoaudiologia-santiago\/noticias\/2016\/05\/31\/fonoaudiologia-despidio-a-sus-titulados-con-intima-celebracion\/#primaryimage\"},\"image\":{\"@id\":\"https:\/\/medicina.udd.cl\/fonoaudiologia-santiago\/noticias\/2016\/05\/31\/fonoaudiologia-despidio-a-sus-titulados-con-intima-celebracion\/#primaryimage\"},\"thumbnailUrl\":\"https:\/\/medicina.udd.cl\/fonoaudiologia-santiago\/files\/2016\/05\/Fiesta-Fonoaudi\u00f3logos-00.jpg\",\"datePublished\":\"2016-05-31T19:51:31+00:00\",\"dateModified\":\"2016-05-31T20:03:02+00:00\",\"author\":{\"@id\":\"https:\/\/medicina.udd.cl\/fonoaudiologia-santiago\/#\/schema\/person\/8bbd66125b574a40ec467c180c11f2e3\"},\"breadcrumb\":{\"@id\":\"https:\/\/medicina.udd.cl\/fonoaudiologia-santiago\/noticias\/2016\/05\/31\/fonoaudiologia-despidio-a-sus-titulados-con-intima-celebracion\/#breadcrumb\"},\"inLanguage\":\"es\",\"potentialAction\":[{\"@type\":\"ReadAction\",\"target\":[\"https:\/\/medicina.udd.cl\/fonoaudiologia-santiago\/noticias\/2016\/05\/31\/fonoaudiologia-despidio-a-sus-titulados-con-intima-celebracion\/\"]}]},{\"@type\":\"ImageObject\",\"inLanguage\":\"es\",\"@id\":\"https:\/\/medicina.udd.cl\/fonoaudiologia-santiago\/noticias\/2016\/05\/31\/fonoaudiologia-despidio-a-sus-titulados-con-intima-celebracion\/#primaryimage\",\"url\":\"https:\/\/medicina.udd.cl\/fonoaudiologia-santiago\/files\/2016\/05\/Fiesta-Fonoaudi\u00f3logos-00.jpg\",\"contentUrl\":\"https:\/\/medicina.udd.cl\/fonoaudiologia-santiago\/files\/2016\/05\/Fiesta-Fonoaudi\u00f3logos-00.jpg\",\"width\":3264,\"height\":2448},{\"@type\":\"BreadcrumbList\",\"@id\":\"https:\/\/medicina.udd.cl\/fonoaudiologia-santiago\/noticias\/2016\/05\/31\/fonoaudiologia-despidio-a-sus-titulados-con-intima-celebracion\/#breadcrumb\",\"itemListElement\":[{\"@type\":\"ListItem\",\"position\":1,\"name\":\"Home\",\"item\":\"https:\/\/medicina.udd.cl\/fonoaudiologia-santiago\/\"},{\"@type\":\"ListItem\",\"position\":2,\"name\":\"Fonoaudiolog\u00eda despidi\u00f3 a sus titulados con \u00edntima celebraci\u00f3n\"}]},{\"@type\":\"WebSite\",\"@id\":\"https:\/\/medicina.udd.cl\/fonoaudiologia-santiago\/#website\",\"url\":\"https:\/\/medicina.udd.cl\/fonoaudiologia-santiago\/\",\"name\":\"Fonoaudiolog\u00eda\",\"description\":\"Facultad de Medicina Cl\u00ednica Alemana Universidad del Desarrollo\",\"inLanguage\":\"es\"},{\"@type\":\"Person\",\"@id\":\"https:\/\/medicina.udd.cl\/fonoaudiologia-santiago\/#\/schema\/person\/8bbd66125b574a40ec467c180c11f2e3\",\"name\":\"paulinamunoz\",\"image\":{\"@type\":\"ImageObject\",\"inLanguage\":\"es\",\"@id\":\"https:\/\/medicina.udd.cl\/fonoaudiologia-santiago\/#\/schema\/person\/image\/\",\"url\":\"https:\/\/secure.gravatar.com\/avatar\/748ce8fb74e8f8077c4966697a3b3710ca0019e71a62146890c0dcdc705e7f3d?s=96&d=mm&r=g\",\"contentUrl\":\"https:\/\/secure.gravatar.com\/avatar\/748ce8fb74e8f8077c4966697a3b3710ca0019e71a62146890c0dcdc705e7f3d?s=96&d=mm&r=g\",\"caption\":\"paulinamunoz\"},\"url\":\"https:\/\/medicina.udd.cl\/fonoaudiologia-santiago\/noticias\/author\/paulinamunoz\/\"}]}<\/script>\n<!-- \/ Yoast SEO plugin. -->","yoast_head_json":{"title":"Fonoaudiolog\u00eda despidi\u00f3 a sus titulados con \u00edntima celebraci\u00f3n - Fonoaudiolog\u00eda","robots":{"index":"index","follow":"follow","max-snippet":"max-snippet:-1","max-image-preview":"max-image-preview:large","max-video-preview":"max-video-preview:-1"},"canonical":"https:\/\/medicina.udd.cl\/fonoaudiologia-santiago\/noticias\/2016\/05\/31\/fonoaudiologia-despidio-a-sus-titulados-con-intima-celebracion\/","og_locale":"es_ES","og_type":"article","og_title":"Fonoaudiolog\u00eda despidi\u00f3 a sus titulados con \u00edntima celebraci\u00f3n - Fonoaudiolog\u00eda","og_description":"Durante la velada, diversas autoridades y docentes de Fonoaudiolog\u00eda UDD dedicaron emocionantes palabras a los festejados, quienes vieron una presentaci\u00f3n con im\u00e1genes de sus a\u00f1os como estudiantes y recibieron un CD de regalo.","og_url":"https:\/\/medicina.udd.cl\/fonoaudiologia-santiago\/noticias\/2016\/05\/31\/fonoaudiologia-despidio-a-sus-titulados-con-intima-celebracion\/","og_site_name":"Fonoaudiolog\u00eda","article_published_time":"2016-05-31T19:51:31+00:00","article_modified_time":"2016-05-31T20:03:02+00:00","og_image":[{"width":3264,"height":2448,"url":"https:\/\/medicina.udd.cl\/fonoaudiologia-santiago\/files\/2016\/05\/Fiesta-Fonoaudi\u00f3logos-00.jpg","type":"image\/jpeg"}],"author":"paulinamunoz","twitter_misc":{"Escrito por":"paulinamunoz","Tiempo de lectura":"1 minuto"},"schema":{"@context":"https:\/\/schema.org","@graph":[{"@type":"Article","@id":"https:\/\/medicina.udd.cl\/fonoaudiologia-santiago\/noticias\/2016\/05\/31\/fonoaudiologia-despidio-a-sus-titulados-con-intima-celebracion\/#article","isPartOf":{"@id":"https:\/\/medicina.udd.cl\/fonoaudiologia-santiago\/noticias\/2016\/05\/31\/fonoaudiologia-despidio-a-sus-titulados-con-intima-celebracion\/"},"author":{"name":"paulinamunoz","@id":"https:\/\/medicina.udd.cl\/fonoaudiologia-santiago\/#\/schema\/person\/8bbd66125b574a40ec467c180c11f2e3"},"headline":"Fonoaudiolog\u00eda despidi\u00f3 a sus titulados con \u00edntima celebraci\u00f3n","datePublished":"2016-05-31T19:51:31+00:00","dateModified":"2016-05-31T20:03:02+00:00","mainEntityOfPage":{"@id":"https:\/\/medicina.udd.cl\/fonoaudiologia-santiago\/noticias\/2016\/05\/31\/fonoaudiologia-despidio-a-sus-titulados-con-intima-celebracion\/"},"wordCount":207,"commentCount":0,"image":{"@id":"https:\/\/medicina.udd.cl\/fonoaudiologia-santiago\/noticias\/2016\/05\/31\/fonoaudiologia-despidio-a-sus-titulados-con-intima-celebracion\/#primaryimage"},"thumbnailUrl":"https:\/\/medicina.udd.cl\/fonoaudiologia-santiago\/files\/2016\/05\/Fiesta-Fonoaudi\u00f3logos-00.jpg","articleSection":["Noticias"],"inLanguage":"es","potentialAction":[{"@type":"CommentAction","name":"Comment","target":["https:\/\/medicina.udd.cl\/fonoaudiologia-santiago\/noticias\/2016\/05\/31\/fonoaudiologia-despidio-a-sus-titulados-con-intima-celebracion\/#respond"]}]},{"@type":"WebPage","@id":"https:\/\/medicina.udd.cl\/fonoaudiologia-santiago\/noticias\/2016\/05\/31\/fonoaudiologia-despidio-a-sus-titulados-con-intima-celebracion\/","url":"https:\/\/medicina.udd.cl\/fonoaudiologia-santiago\/noticias\/2016\/05\/31\/fonoaudiologia-despidio-a-sus-titulados-con-intima-celebracion\/","name":"Fonoaudiolog\u00eda despidi\u00f3 a sus titulados con \u00edntima celebraci\u00f3n - Fonoaudiolog\u00eda","isPartOf":{"@id":"https:\/\/medicina.udd.cl\/fonoaudiologia-santiago\/#website"},"primaryImageOfPage":{"@id":"https:\/\/medicina.udd.cl\/fonoaudiologia-santiago\/noticias\/2016\/05\/31\/fonoaudiologia-despidio-a-sus-titulados-con-intima-celebracion\/#primaryimage"},"image":{"@id":"https:\/\/medicina.udd.cl\/fonoaudiologia-santiago\/noticias\/2016\/05\/31\/fonoaudiologia-despidio-a-sus-titulados-con-intima-celebracion\/#primaryimage"},"thumbnailUrl":"https:\/\/medicina.udd.cl\/fonoaudiologia-santiago\/files\/2016\/05\/Fiesta-Fonoaudi\u00f3logos-00.jpg","datePublished":"2016-05-31T19:51:31+00:00","dateModified":"2016-05-31T20:03:02+00:00","author":{"@id":"https:\/\/medicina.udd.cl\/fonoaudiologia-santiago\/#\/schema\/person\/8bbd66125b574a40ec467c180c11f2e3"},"breadcrumb":{"@id":"https:\/\/medicina.udd.cl\/fonoaudiologia-santiago\/noticias\/2016\/05\/31\/fonoaudiologia-despidio-a-sus-titulados-con-intima-celebracion\/#breadcrumb"},"inLanguage":"es","potentialAction":[{"@type":"ReadAction","target":["https:\/\/medicina.udd.cl\/fonoaudiologia-santiago\/noticias\/2016\/05\/31\/fonoaudiologia-despidio-a-sus-titulados-con-intima-celebracion\/"]}]},{"@type":"ImageObject","inLanguage":"es","@id":"https:\/\/medicina.udd.cl\/fonoaudiologia-santiago\/noticias\/2016\/05\/31\/fonoaudiologia-despidio-a-sus-titulados-con-intima-celebracion\/#primaryimage","url":"https:\/\/medicina.udd.cl\/fonoaudiologia-santiago\/files\/2016\/05\/Fiesta-Fonoaudi\u00f3logos-00.jpg","contentUrl":"https:\/\/medicina.udd.cl\/fonoaudiologia-santiago\/files\/2016\/05\/Fiesta-Fonoaudi\u00f3logos-00.jpg","width":3264,"height":2448},{"@type":"BreadcrumbList","@id":"https:\/\/medicina.udd.cl\/fonoaudiologia-santiago\/noticias\/2016\/05\/31\/fonoaudiologia-despidio-a-sus-titulados-con-intima-celebracion\/#breadcrumb","itemListElement":[{"@type":"ListItem","position":1,"name":"Home","item":"https:\/\/medicina.udd.cl\/fonoaudiologia-santiago\/"},{"@type":"ListItem","position":2,"name":"Fonoaudiolog\u00eda despidi\u00f3 a sus titulados con \u00edntima celebraci\u00f3n"}]},{"@type":"WebSite","@id":"https:\/\/medicina.udd.cl\/fonoaudiologia-santiago\/#website","url":"https:\/\/medicina.udd.cl\/fonoaudiologia-santiago\/","name":"Fonoaudiolog\u00eda","description":"Facultad de Medicina Cl\u00ednica Alemana Universidad del Desarrollo","inLanguage":"es"},{"@type":"Person","@id":"https:\/\/medicina.udd.cl\/fonoaudiologia-santiago\/#\/schema\/person\/8bbd66125b574a40ec467c180c11f2e3","name":"paulinamunoz","image":{"@type":"ImageObject","inLanguage":"es","@id":"https:\/\/medicina.udd.cl\/fonoaudiologia-santiago\/#\/schema\/person\/image\/","url":"https:\/\/secure.gravatar.com\/avatar\/748ce8fb74e8f8077c4966697a3b3710ca0019e71a62146890c0dcdc705e7f3d?s=96&d=mm&r=g","contentUrl":"https:\/\/secure.gravatar.com\/avatar\/748ce8fb74e8f8077c4966697a3b3710ca0019e71a62146890c0dcdc705e7f3d?s=96&d=mm&r=g","caption":"paulinamunoz"},"url":"https:\/\/medicina.udd.cl\/fonoaudiologia-santiago\/noticias\/author\/paulinamunoz\/"}]}},"featured_image_url":"https:\/\/medicina.udd.cl\/fonoaudiologia-santiago\/files\/2016\/05\/Fiesta-Fonoaudi\u00f3logos-00.jpg","_links":{"self":[{"href":"https:\/\/medicina.udd.cl\/fonoaudiologia-santiago\/wp-json\/wp\/v2\/posts\/3292","targetHints":{"allow":["GET"]}}],"collection":[{"href":"https:\/\/medicina.udd.cl\/fonoaudiologia-santiago\/wp-json\/wp\/v2\/posts"}],"about":[{"href":"https:\/\/medicina.udd.cl\/fonoaudiologia-santiago\/wp-json\/wp\/v2\/types\/post"}],"author":[{"embeddable":true,"href":"https:\/\/medicina.udd.cl\/fonoaudiologia-santiago\/wp-json\/wp\/v2\/users\/9192192"}],"replies":[{"embeddable":true,"href":"https:\/\/medicina.udd.cl\/fonoaudiologia-santiago\/wp-json\/wp\/v2\/comments?post=3292"}],"version-history":[{"count":1,"href":"https:\/\/medicina.udd.cl\/fonoaudiologia-santiago\/wp-json\/wp\/v2\/posts\/3292\/revisions"}],"predecessor-version":[{"id":3305,"href":"https:\/\/medicina.udd.cl\/fonoaudiologia-santiago\/wp-json\/wp\/v2\/posts\/3292\/revisions\/3305"}],"wp:featuredmedia":[{"embeddable":true,"href":"https:\/\/medicina.udd.cl\/fonoaudiologia-santiago\/wp-json\/wp\/v2\/media\/3293"}],"wp:attachment":[{"href":"https:\/\/medicina.udd.cl\/fonoaudiologia-santiago\/wp-json\/wp\/v2\/media?parent=3292"}],"wp:term":[{"taxonomy":"category","embeddable":true,"href":"https:\/\/medicina.udd.cl\/fonoaudiologia-santiago\/wp-json\/wp\/v2\/categories?post=3292"},{"taxonomy":"post_tag","embeddable":true,"href":"https:\/\/medicina.udd.cl\/fonoaudiologia-santiago\/wp-json\/wp\/v2\/tags?post=3292"}],"curies":[{"name":"wp","href":"https:\/\/api.w.org\/{rel}","templated":true}]}}