{"id":3344,"date":"2016-06-10T17:30:42","date_gmt":"2016-06-10T21:30:42","guid":{"rendered":"http:\/\/medicina.udd.cl\/fonoaudiologia-santiago\/?p=3344"},"modified":"2016-06-13T18:03:23","modified_gmt":"2016-06-13T22:03:23","slug":"estudiantes-de-fonoaudiologia-asisten-a-cirugias-cerebrales-en-vigilia","status":"publish","type":"post","link":"https:\/\/medicina.udd.cl\/fonoaudiologia-santiago\/noticias\/2016\/06\/10\/estudiantes-de-fonoaudiologia-asisten-a-cirugias-cerebrales-en-vigilia\/","title":{"rendered":"Estudiantes de Fonoaudiolog\u00eda asisten a cirug\u00edas cerebrales en vigilia"},"content":{"rendered":"<div id=\"gallery-1\" class=\"carousel slide carousel-gallery\" data-ride=\"false\" data-interval=\"false\"><div class=\"carousel-inner\" role=\"listbox\"><figure class=\"carousel-item active\"><img loading=\"lazy\" decoding=\"async\" width=\"712\" height=\"534\" src=\"https:\/\/medicina.udd.cl\/fonoaudiologia-santiago\/files\/2016\/06\/cirug\u00eda-vigil-cerebral-10.jpg\" class=\"attachment-landscape_952 size-landscape_952\" alt=\"\" srcset=\"https:\/\/medicina.udd.cl\/fonoaudiologia-santiago\/files\/2016\/06\/cirug\u00eda-vigil-cerebral-10.jpg 3264w, https:\/\/medicina.udd.cl\/fonoaudiologia-santiago\/files\/2016\/06\/cirug\u00eda-vigil-cerebral-10-300x225.jpg 300w, https:\/\/medicina.udd.cl\/fonoaudiologia-santiago\/files\/2016\/06\/cirug\u00eda-vigil-cerebral-10-768x576.jpg 768w, https:\/\/medicina.udd.cl\/fonoaudiologia-santiago\/files\/2016\/06\/cirug\u00eda-vigil-cerebral-10-1024x768.jpg 1024w, https:\/\/medicina.udd.cl\/fonoaudiologia-santiago\/files\/2016\/06\/cirug\u00eda-vigil-cerebral-10-960x720.jpg 960w\" sizes=\"auto, (max-width: 712px) 100vw, 712px\" \/><\/figure><figure class=\"carousel-item\"><img loading=\"lazy\" decoding=\"async\" width=\"798\" height=\"534\" src=\"https:\/\/medicina.udd.cl\/fonoaudiologia-santiago\/files\/2016\/06\/cirug\u00eda-vigil-cerebral-2.jpg\" class=\"attachment-landscape_952 size-landscape_952\" alt=\"\" srcset=\"https:\/\/medicina.udd.cl\/fonoaudiologia-santiago\/files\/2016\/06\/cirug\u00eda-vigil-cerebral-2.jpg 2448w, https:\/\/medicina.udd.cl\/fonoaudiologia-santiago\/files\/2016\/06\/cirug\u00eda-vigil-cerebral-2-300x201.jpg 300w, https:\/\/medicina.udd.cl\/fonoaudiologia-santiago\/files\/2016\/06\/cirug\u00eda-vigil-cerebral-2-768x514.jpg 768w, https:\/\/medicina.udd.cl\/fonoaudiologia-santiago\/files\/2016\/06\/cirug\u00eda-vigil-cerebral-2-1024x685.jpg 1024w, https:\/\/medicina.udd.cl\/fonoaudiologia-santiago\/files\/2016\/06\/cirug\u00eda-vigil-cerebral-2-960x642.jpg 960w\" sizes=\"auto, (max-width: 798px) 100vw, 798px\" \/><\/figure><figure class=\"carousel-item\"><img loading=\"lazy\" decoding=\"async\" width=\"799\" height=\"534\" src=\"https:\/\/medicina.udd.cl\/fonoaudiologia-santiago\/files\/2016\/06\/cirug\u00eda-vigil-cerebral-12.jpg\" class=\"attachment-landscape_952 size-landscape_952\" alt=\"\" srcset=\"https:\/\/medicina.udd.cl\/fonoaudiologia-santiago\/files\/2016\/06\/cirug\u00eda-vigil-cerebral-12.jpg 2442w, https:\/\/medicina.udd.cl\/fonoaudiologia-santiago\/files\/2016\/06\/cirug\u00eda-vigil-cerebral-12-300x200.jpg 300w, https:\/\/medicina.udd.cl\/fonoaudiologia-santiago\/files\/2016\/06\/cirug\u00eda-vigil-cerebral-12-768x513.jpg 768w, https:\/\/medicina.udd.cl\/fonoaudiologia-santiago\/files\/2016\/06\/cirug\u00eda-vigil-cerebral-12-1024x684.jpg 1024w, https:\/\/medicina.udd.cl\/fonoaudiologia-santiago\/files\/2016\/06\/cirug\u00eda-vigil-cerebral-12-960x642.jpg 960w\" sizes=\"auto, (max-width: 799px) 100vw, 799px\" \/><\/figure><figure class=\"carousel-item\"><img loading=\"lazy\" decoding=\"async\" width=\"798\" height=\"534\" src=\"https:\/\/medicina.udd.cl\/fonoaudiologia-santiago\/files\/2016\/06\/cirug\u00eda-vigil-cerebral-1.jpg\" class=\"attachment-landscape_952 size-landscape_952\" alt=\"\" srcset=\"https:\/\/medicina.udd.cl\/fonoaudiologia-santiago\/files\/2016\/06\/cirug\u00eda-vigil-cerebral-1.jpg 2448w, https:\/\/medicina.udd.cl\/fonoaudiologia-santiago\/files\/2016\/06\/cirug\u00eda-vigil-cerebral-1-300x201.jpg 300w, https:\/\/medicina.udd.cl\/fonoaudiologia-santiago\/files\/2016\/06\/cirug\u00eda-vigil-cerebral-1-768x514.jpg 768w, https:\/\/medicina.udd.cl\/fonoaudiologia-santiago\/files\/2016\/06\/cirug\u00eda-vigil-cerebral-1-1024x685.jpg 1024w, https:\/\/medicina.udd.cl\/fonoaudiologia-santiago\/files\/2016\/06\/cirug\u00eda-vigil-cerebral-1-960x642.jpg 960w\" sizes=\"auto, (max-width: 798px) 100vw, 798px\" \/><\/figure><figure class=\"carousel-item\"><img loading=\"lazy\" decoding=\"async\" width=\"712\" height=\"534\" src=\"https:\/\/medicina.udd.cl\/fonoaudiologia-santiago\/files\/2016\/06\/cirug\u00eda-vigil-cerebral-9.jpg\" class=\"attachment-landscape_952 size-landscape_952\" alt=\"\" srcset=\"https:\/\/medicina.udd.cl\/fonoaudiologia-santiago\/files\/2016\/06\/cirug\u00eda-vigil-cerebral-9.jpg 1280w, https:\/\/medicina.udd.cl\/fonoaudiologia-santiago\/files\/2016\/06\/cirug\u00eda-vigil-cerebral-9-300x225.jpg 300w, https:\/\/medicina.udd.cl\/fonoaudiologia-santiago\/files\/2016\/06\/cirug\u00eda-vigil-cerebral-9-768x576.jpg 768w, https:\/\/medicina.udd.cl\/fonoaudiologia-santiago\/files\/2016\/06\/cirug\u00eda-vigil-cerebral-9-1024x768.jpg 1024w, https:\/\/medicina.udd.cl\/fonoaudiologia-santiago\/files\/2016\/06\/cirug\u00eda-vigil-cerebral-9-960x720.jpg 960w\" sizes=\"auto, (max-width: 712px) 100vw, 712px\" \/><\/figure><figure class=\"carousel-item\"><img loading=\"lazy\" decoding=\"async\" width=\"640\" height=\"428\" src=\"https:\/\/medicina.udd.cl\/fonoaudiologia-santiago\/files\/2016\/06\/cirug\u00eda-vigil-cerebral-8.jpg\" class=\"attachment-landscape_952 size-landscape_952\" alt=\"\" srcset=\"https:\/\/medicina.udd.cl\/fonoaudiologia-santiago\/files\/2016\/06\/cirug\u00eda-vigil-cerebral-8.jpg 640w, https:\/\/medicina.udd.cl\/fonoaudiologia-santiago\/files\/2016\/06\/cirug\u00eda-vigil-cerebral-8-300x201.jpg 300w\" sizes=\"auto, (max-width: 640px) 100vw, 640px\" \/><\/figure><figure class=\"carousel-item\"><img loading=\"lazy\" decoding=\"async\" width=\"798\" height=\"534\" src=\"https:\/\/medicina.udd.cl\/fonoaudiologia-santiago\/files\/2016\/06\/cirug\u00eda-vigil-cerebral-4.jpg\" class=\"attachment-landscape_952 size-landscape_952\" alt=\"\" srcset=\"https:\/\/medicina.udd.cl\/fonoaudiologia-santiago\/files\/2016\/06\/cirug\u00eda-vigil-cerebral-4.jpg 2448w, https:\/\/medicina.udd.cl\/fonoaudiologia-santiago\/files\/2016\/06\/cirug\u00eda-vigil-cerebral-4-300x201.jpg 300w, https:\/\/medicina.udd.cl\/fonoaudiologia-santiago\/files\/2016\/06\/cirug\u00eda-vigil-cerebral-4-768x514.jpg 768w, https:\/\/medicina.udd.cl\/fonoaudiologia-santiago\/files\/2016\/06\/cirug\u00eda-vigil-cerebral-4-1024x685.jpg 1024w, https:\/\/medicina.udd.cl\/fonoaudiologia-santiago\/files\/2016\/06\/cirug\u00eda-vigil-cerebral-4-960x642.jpg 960w\" sizes=\"auto, (max-width: 798px) 100vw, 798px\" \/><\/figure><figure class=\"carousel-item\"><img loading=\"lazy\" decoding=\"async\" width=\"712\" height=\"534\" src=\"https:\/\/medicina.udd.cl\/fonoaudiologia-santiago\/files\/2016\/06\/cirug\u00eda-vigil-cerebral-5.jpg\" class=\"attachment-landscape_952 size-landscape_952\" alt=\"\" srcset=\"https:\/\/medicina.udd.cl\/fonoaudiologia-santiago\/files\/2016\/06\/cirug\u00eda-vigil-cerebral-5.jpg 1280w, https:\/\/medicina.udd.cl\/fonoaudiologia-santiago\/files\/2016\/06\/cirug\u00eda-vigil-cerebral-5-300x225.jpg 300w, https:\/\/medicina.udd.cl\/fonoaudiologia-santiago\/files\/2016\/06\/cirug\u00eda-vigil-cerebral-5-768x576.jpg 768w, https:\/\/medicina.udd.cl\/fonoaudiologia-santiago\/files\/2016\/06\/cirug\u00eda-vigil-cerebral-5-1024x768.jpg 1024w, https:\/\/medicina.udd.cl\/fonoaudiologia-santiago\/files\/2016\/06\/cirug\u00eda-vigil-cerebral-5-960x720.jpg 960w\" sizes=\"auto, (max-width: 712px) 100vw, 712px\" \/><\/figure><figure class=\"carousel-item\"><img loading=\"lazy\" decoding=\"async\" width=\"801\" height=\"534\" src=\"https:\/\/medicina.udd.cl\/fonoaudiologia-santiago\/files\/2016\/06\/cirug\u00eda-vigil-cerebral-6.jpg\" class=\"attachment-landscape_952 size-landscape_952\" alt=\"\" srcset=\"https:\/\/medicina.udd.cl\/fonoaudiologia-santiago\/files\/2016\/06\/cirug\u00eda-vigil-cerebral-6.jpg 2837w, https:\/\/medicina.udd.cl\/fonoaudiologia-santiago\/files\/2016\/06\/cirug\u00eda-vigil-cerebral-6-300x200.jpg 300w, https:\/\/medicina.udd.cl\/fonoaudiologia-santiago\/files\/2016\/06\/cirug\u00eda-vigil-cerebral-6-768x512.jpg 768w, https:\/\/medicina.udd.cl\/fonoaudiologia-santiago\/files\/2016\/06\/cirug\u00eda-vigil-cerebral-6-1024x683.jpg 1024w, https:\/\/medicina.udd.cl\/fonoaudiologia-santiago\/files\/2016\/06\/cirug\u00eda-vigil-cerebral-6-960x640.jpg 960w\" sizes=\"auto, (max-width: 801px) 100vw, 801px\" \/><\/figure><\/div><footer class=\"carousel-footer\"><div class=\"carousel-counter\"><span class=\"carousel-counter-current\"><\/span> \/ <span class=\"carousel-counter-total\"><\/span><\/div><a class=\"carousel-control-prev\" href=\"#gallery-1\" role=\"button\" data-slide=\"prev\"><svg aria-hidden=\"true\" class=\"svg-chevron-left-dims\"><use xlink:href='https:\/\/medicina.udd.cl\/fonoaudiologia-santiago\/wp-content\/themes\/facultades-2018\/assets\/img\/svg\/dist\/main.svg?version=1695853099#chevron-left'><\/use><\/svg><span class=\"sr-only\">Anterior<\/span><\/a><a class=\"carousel-control-next\" href=\"#gallery-1\" role=\"button\" data-slide=\"next\"><svg aria-hidden=\"true\" class=\"svg-chevron-right-dims\"><use xlink:href='https:\/\/medicina.udd.cl\/fonoaudiologia-santiago\/wp-content\/themes\/facultades-2018\/assets\/img\/svg\/dist\/main.svg?version=1695853099#chevron-right'><\/use><\/svg><span class=\"sr-only\">Siguiente<\/span><\/a><\/footer><\/div>\n<p style=\"text-align: justify\">Alumnos de quinto a\u00f1o de Fonoaudiolog\u00eda de la Universidad del Desarrollo, acompa\u00f1ados por la directora de carrera, Mar\u00eda Ang\u00e9lica L\u00f3pez O\u00f1att, participaron en diversas cirug\u00edas cerebrales en estado de vigilia, realizadas por el \u00e1rea de Neurocirug\u00eda de Cl\u00ednica Alemana.<\/p>\n<p style=\"text-align: justify\">En 2015, el equipo liderado por el doctor Felipe Valdivia incorpor\u00f3 el <a href=\"https:\/\/www.youtube.com\/watch?v=fcfYA4WnLVk\">trabajo fonoaudiol\u00f3gico<\/a> a las operaciones cerebrales de Cl\u00ednica Alemana. Durante estas intervenciones, M.\u00a0Ang\u00e9lica L\u00f3pez ha debido seguir las indicaciones del neurocirujano y estimular el \u00e1rea del lenguaje, de acuerdo a las necesidades y tipo de lesi\u00f3n de cada paciente portador de un tumor.<\/p>\n<p style=\"text-align: justify\">\u00abEste campo, totalmente nuevo para la Fonoaudiolog\u00eda, se abre como una gran oportunidad de aprendizaje para nuestros alumnos. Lo que han vivido durante estas cirug\u00edas no lo podr\u00e1n olvidar nunca: todo lo que ocurre en un pabell\u00f3n de alta potencia, en que se trabaja intensamente con un destacado equipo m\u00e9dico con gran calidad humana y cercan\u00eda con el paciente; ser\u00e1n recuerdos para siempre\u00bb, se\u00f1al\u00f3 la directora de carrera.<\/p>\n<p style=\"text-align: justify\">Los estudiantes, que se encuentran en su habilitaci\u00f3n profesional, han debido permanecer en pabell\u00f3n entre 4 y 6 horas junto a su tutora, prestando atenci\u00f3n al procedimiento y al trabajo realizado por la fonoaudi\u00f3loga desde el momento en que el paciente despierta.<\/p>\n<p style=\"text-align: justify\">La primera cirug\u00eda con participaci\u00f3n de alumnos de la UDD -previa autorizaci\u00f3n del paciente y del doctor Valdivia-, se llev\u00f3 a cabo el d\u00eda 30 de septiembre 2015 con la colaboraci\u00f3n de Gabriela C\u00e1ceres y Josefina Gibbons. Posteriormente, asistieron los estudiantes: Daniela Bascu\u00f1\u00e1n, Camila Ch\u00e1vez, Fernanda Garc\u00eda y Sebasti\u00e1n Merino.<\/p>\n","protected":false},"excerpt":{"rendered":"<p>El 30 de septiembre 2015, Gabriela C\u00e1ceres y Josefina Gibbons asistieron a la primera cirug\u00eda con participaci\u00f3n de alumnos de la UDD. Posteriormente, se sumaron a la experiencia los estudiantes: Daniela Bascu\u00f1\u00e1n, Camila Ch\u00e1vez, Fernanda Garc\u00eda y Sebasti\u00e1n Merino.<\/p>\n","protected":false},"author":9192192,"featured_media":3349,"comment_status":"open","ping_status":"open","sticky":false,"template":"","format":"standard","meta":{"footnotes":""},"categories":[4],"tags":[],"class_list":["post-3344","post","type-post","status-publish","format-standard","has-post-thumbnail","hentry","category-noticias"],"yoast_head":"<!-- This site is optimized with the Yoast SEO plugin v26.9 - https:\/\/yoast.com\/product\/yoast-seo-wordpress\/ -->\n<title>Estudiantes de Fonoaudiolog\u00eda asisten a cirug\u00edas cerebrales en vigilia - Fonoaudiolog\u00eda<\/title>\n<meta name=\"robots\" content=\"index, follow, max-snippet:-1, max-image-preview:large, max-video-preview:-1\" \/>\n<link rel=\"canonical\" href=\"https:\/\/medicina.udd.cl\/fonoaudiologia-santiago\/noticias\/2016\/06\/10\/estudiantes-de-fonoaudiologia-asisten-a-cirugias-cerebrales-en-vigilia\/\" \/>\n<meta property=\"og:locale\" content=\"es_ES\" \/>\n<meta property=\"og:type\" content=\"article\" \/>\n<meta property=\"og:title\" content=\"Estudiantes de Fonoaudiolog\u00eda asisten a cirug\u00edas cerebrales en vigilia - Fonoaudiolog\u00eda\" \/>\n<meta property=\"og:description\" content=\"El 30 de septiembre 2015, Gabriela C\u00e1ceres y Josefina Gibbons asistieron a la primera cirug\u00eda con participaci\u00f3n de alumnos de la UDD. Posteriormente, se sumaron a la experiencia los estudiantes: Daniela Bascu\u00f1\u00e1n, Camila Ch\u00e1vez, Fernanda Garc\u00eda y Sebasti\u00e1n Merino.\" \/>\n<meta property=\"og:url\" content=\"https:\/\/medicina.udd.cl\/fonoaudiologia-santiago\/noticias\/2016\/06\/10\/estudiantes-de-fonoaudiologia-asisten-a-cirugias-cerebrales-en-vigilia\/\" \/>\n<meta property=\"og:site_name\" content=\"Fonoaudiolog\u00eda\" \/>\n<meta property=\"article:published_time\" content=\"2016-06-10T21:30:42+00:00\" \/>\n<meta property=\"article:modified_time\" content=\"2016-06-13T22:03:23+00:00\" \/>\n<meta property=\"og:image\" content=\"https:\/\/medicina.udd.cl\/fonoaudiologia-santiago\/files\/2016\/06\/cirug\u00eda-vigil-cerebral-5.jpg\" \/>\n\t<meta property=\"og:image:width\" content=\"1280\" \/>\n\t<meta property=\"og:image:height\" content=\"960\" \/>\n\t<meta property=\"og:image:type\" content=\"image\/jpeg\" \/>\n<meta name=\"author\" content=\"paulinamunoz\" \/>\n<meta name=\"twitter:label1\" content=\"Escrito por\" \/>\n\t<meta name=\"twitter:data1\" content=\"paulinamunoz\" \/>\n\t<meta name=\"twitter:label2\" content=\"Tiempo de lectura\" \/>\n\t<meta name=\"twitter:data2\" content=\"1 minuto\" \/>\n<script type=\"application\/ld+json\" class=\"yoast-schema-graph\">{\"@context\":\"https:\/\/schema.org\",\"@graph\":[{\"@type\":\"Article\",\"@id\":\"https:\/\/medicina.udd.cl\/fonoaudiologia-santiago\/noticias\/2016\/06\/10\/estudiantes-de-fonoaudiologia-asisten-a-cirugias-cerebrales-en-vigilia\/#article\",\"isPartOf\":{\"@id\":\"https:\/\/medicina.udd.cl\/fonoaudiologia-santiago\/noticias\/2016\/06\/10\/estudiantes-de-fonoaudiologia-asisten-a-cirugias-cerebrales-en-vigilia\/\"},\"author\":{\"name\":\"paulinamunoz\",\"@id\":\"https:\/\/medicina.udd.cl\/fonoaudiologia-santiago\/#\/schema\/person\/8bbd66125b574a40ec467c180c11f2e3\"},\"headline\":\"Estudiantes de Fonoaudiolog\u00eda asisten a cirug\u00edas cerebrales en vigilia\",\"datePublished\":\"2016-06-10T21:30:42+00:00\",\"dateModified\":\"2016-06-13T22:03:23+00:00\",\"mainEntityOfPage\":{\"@id\":\"https:\/\/medicina.udd.cl\/fonoaudiologia-santiago\/noticias\/2016\/06\/10\/estudiantes-de-fonoaudiologia-asisten-a-cirugias-cerebrales-en-vigilia\/\"},\"wordCount\":300,\"commentCount\":0,\"image\":{\"@id\":\"https:\/\/medicina.udd.cl\/fonoaudiologia-santiago\/noticias\/2016\/06\/10\/estudiantes-de-fonoaudiologia-asisten-a-cirugias-cerebrales-en-vigilia\/#primaryimage\"},\"thumbnailUrl\":\"https:\/\/medicina.udd.cl\/fonoaudiologia-santiago\/files\/2016\/06\/cirug\u00eda-vigil-cerebral-5.jpg\",\"articleSection\":[\"Noticias\"],\"inLanguage\":\"es\",\"potentialAction\":[{\"@type\":\"CommentAction\",\"name\":\"Comment\",\"target\":[\"https:\/\/medicina.udd.cl\/fonoaudiologia-santiago\/noticias\/2016\/06\/10\/estudiantes-de-fonoaudiologia-asisten-a-cirugias-cerebrales-en-vigilia\/#respond\"]}]},{\"@type\":\"WebPage\",\"@id\":\"https:\/\/medicina.udd.cl\/fonoaudiologia-santiago\/noticias\/2016\/06\/10\/estudiantes-de-fonoaudiologia-asisten-a-cirugias-cerebrales-en-vigilia\/\",\"url\":\"https:\/\/medicina.udd.cl\/fonoaudiologia-santiago\/noticias\/2016\/06\/10\/estudiantes-de-fonoaudiologia-asisten-a-cirugias-cerebrales-en-vigilia\/\",\"name\":\"Estudiantes de Fonoaudiolog\u00eda asisten a cirug\u00edas cerebrales en vigilia - Fonoaudiolog\u00eda\",\"isPartOf\":{\"@id\":\"https:\/\/medicina.udd.cl\/fonoaudiologia-santiago\/#website\"},\"primaryImageOfPage\":{\"@id\":\"https:\/\/medicina.udd.cl\/fonoaudiologia-santiago\/noticias\/2016\/06\/10\/estudiantes-de-fonoaudiologia-asisten-a-cirugias-cerebrales-en-vigilia\/#primaryimage\"},\"image\":{\"@id\":\"https:\/\/medicina.udd.cl\/fonoaudiologia-santiago\/noticias\/2016\/06\/10\/estudiantes-de-fonoaudiologia-asisten-a-cirugias-cerebrales-en-vigilia\/#primaryimage\"},\"thumbnailUrl\":\"https:\/\/medicina.udd.cl\/fonoaudiologia-santiago\/files\/2016\/06\/cirug\u00eda-vigil-cerebral-5.jpg\",\"datePublished\":\"2016-06-10T21:30:42+00:00\",\"dateModified\":\"2016-06-13T22:03:23+00:00\",\"author\":{\"@id\":\"https:\/\/medicina.udd.cl\/fonoaudiologia-santiago\/#\/schema\/person\/8bbd66125b574a40ec467c180c11f2e3\"},\"breadcrumb\":{\"@id\":\"https:\/\/medicina.udd.cl\/fonoaudiologia-santiago\/noticias\/2016\/06\/10\/estudiantes-de-fonoaudiologia-asisten-a-cirugias-cerebrales-en-vigilia\/#breadcrumb\"},\"inLanguage\":\"es\",\"potentialAction\":[{\"@type\":\"ReadAction\",\"target\":[\"https:\/\/medicina.udd.cl\/fonoaudiologia-santiago\/noticias\/2016\/06\/10\/estudiantes-de-fonoaudiologia-asisten-a-cirugias-cerebrales-en-vigilia\/\"]}]},{\"@type\":\"ImageObject\",\"inLanguage\":\"es\",\"@id\":\"https:\/\/medicina.udd.cl\/fonoaudiologia-santiago\/noticias\/2016\/06\/10\/estudiantes-de-fonoaudiologia-asisten-a-cirugias-cerebrales-en-vigilia\/#primaryimage\",\"url\":\"https:\/\/medicina.udd.cl\/fonoaudiologia-santiago\/files\/2016\/06\/cirug\u00eda-vigil-cerebral-5.jpg\",\"contentUrl\":\"https:\/\/medicina.udd.cl\/fonoaudiologia-santiago\/files\/2016\/06\/cirug\u00eda-vigil-cerebral-5.jpg\",\"width\":1280,\"height\":960},{\"@type\":\"BreadcrumbList\",\"@id\":\"https:\/\/medicina.udd.cl\/fonoaudiologia-santiago\/noticias\/2016\/06\/10\/estudiantes-de-fonoaudiologia-asisten-a-cirugias-cerebrales-en-vigilia\/#breadcrumb\",\"itemListElement\":[{\"@type\":\"ListItem\",\"position\":1,\"name\":\"Home\",\"item\":\"https:\/\/medicina.udd.cl\/fonoaudiologia-santiago\/\"},{\"@type\":\"ListItem\",\"position\":2,\"name\":\"Estudiantes de Fonoaudiolog\u00eda asisten a cirug\u00edas cerebrales en vigilia\"}]},{\"@type\":\"WebSite\",\"@id\":\"https:\/\/medicina.udd.cl\/fonoaudiologia-santiago\/#website\",\"url\":\"https:\/\/medicina.udd.cl\/fonoaudiologia-santiago\/\",\"name\":\"Fonoaudiolog\u00eda\",\"description\":\"Facultad de Medicina Cl\u00ednica Alemana Universidad del Desarrollo\",\"inLanguage\":\"es\"},{\"@type\":\"Person\",\"@id\":\"https:\/\/medicina.udd.cl\/fonoaudiologia-santiago\/#\/schema\/person\/8bbd66125b574a40ec467c180c11f2e3\",\"name\":\"paulinamunoz\",\"image\":{\"@type\":\"ImageObject\",\"inLanguage\":\"es\",\"@id\":\"https:\/\/medicina.udd.cl\/fonoaudiologia-santiago\/#\/schema\/person\/image\/\",\"url\":\"https:\/\/secure.gravatar.com\/avatar\/748ce8fb74e8f8077c4966697a3b3710ca0019e71a62146890c0dcdc705e7f3d?s=96&d=mm&r=g\",\"contentUrl\":\"https:\/\/secure.gravatar.com\/avatar\/748ce8fb74e8f8077c4966697a3b3710ca0019e71a62146890c0dcdc705e7f3d?s=96&d=mm&r=g\",\"caption\":\"paulinamunoz\"},\"url\":\"https:\/\/medicina.udd.cl\/fonoaudiologia-santiago\/noticias\/author\/paulinamunoz\/\"}]}<\/script>\n<!-- \/ Yoast SEO plugin. -->","yoast_head_json":{"title":"Estudiantes de Fonoaudiolog\u00eda asisten a cirug\u00edas cerebrales en vigilia - Fonoaudiolog\u00eda","robots":{"index":"index","follow":"follow","max-snippet":"max-snippet:-1","max-image-preview":"max-image-preview:large","max-video-preview":"max-video-preview:-1"},"canonical":"https:\/\/medicina.udd.cl\/fonoaudiologia-santiago\/noticias\/2016\/06\/10\/estudiantes-de-fonoaudiologia-asisten-a-cirugias-cerebrales-en-vigilia\/","og_locale":"es_ES","og_type":"article","og_title":"Estudiantes de Fonoaudiolog\u00eda asisten a cirug\u00edas cerebrales en vigilia - Fonoaudiolog\u00eda","og_description":"El 30 de septiembre 2015, Gabriela C\u00e1ceres y Josefina Gibbons asistieron a la primera cirug\u00eda con participaci\u00f3n de alumnos de la UDD. Posteriormente, se sumaron a la experiencia los estudiantes: Daniela Bascu\u00f1\u00e1n, Camila Ch\u00e1vez, Fernanda Garc\u00eda y Sebasti\u00e1n Merino.","og_url":"https:\/\/medicina.udd.cl\/fonoaudiologia-santiago\/noticias\/2016\/06\/10\/estudiantes-de-fonoaudiologia-asisten-a-cirugias-cerebrales-en-vigilia\/","og_site_name":"Fonoaudiolog\u00eda","article_published_time":"2016-06-10T21:30:42+00:00","article_modified_time":"2016-06-13T22:03:23+00:00","og_image":[{"width":1280,"height":960,"url":"https:\/\/medicina.udd.cl\/fonoaudiologia-santiago\/files\/2016\/06\/cirug\u00eda-vigil-cerebral-5.jpg","type":"image\/jpeg"}],"author":"paulinamunoz","twitter_misc":{"Escrito por":"paulinamunoz","Tiempo de lectura":"1 minuto"},"schema":{"@context":"https:\/\/schema.org","@graph":[{"@type":"Article","@id":"https:\/\/medicina.udd.cl\/fonoaudiologia-santiago\/noticias\/2016\/06\/10\/estudiantes-de-fonoaudiologia-asisten-a-cirugias-cerebrales-en-vigilia\/#article","isPartOf":{"@id":"https:\/\/medicina.udd.cl\/fonoaudiologia-santiago\/noticias\/2016\/06\/10\/estudiantes-de-fonoaudiologia-asisten-a-cirugias-cerebrales-en-vigilia\/"},"author":{"name":"paulinamunoz","@id":"https:\/\/medicina.udd.cl\/fonoaudiologia-santiago\/#\/schema\/person\/8bbd66125b574a40ec467c180c11f2e3"},"headline":"Estudiantes de Fonoaudiolog\u00eda asisten a cirug\u00edas cerebrales en vigilia","datePublished":"2016-06-10T21:30:42+00:00","dateModified":"2016-06-13T22:03:23+00:00","mainEntityOfPage":{"@id":"https:\/\/medicina.udd.cl\/fonoaudiologia-santiago\/noticias\/2016\/06\/10\/estudiantes-de-fonoaudiologia-asisten-a-cirugias-cerebrales-en-vigilia\/"},"wordCount":300,"commentCount":0,"image":{"@id":"https:\/\/medicina.udd.cl\/fonoaudiologia-santiago\/noticias\/2016\/06\/10\/estudiantes-de-fonoaudiologia-asisten-a-cirugias-cerebrales-en-vigilia\/#primaryimage"},"thumbnailUrl":"https:\/\/medicina.udd.cl\/fonoaudiologia-santiago\/files\/2016\/06\/cirug\u00eda-vigil-cerebral-5.jpg","articleSection":["Noticias"],"inLanguage":"es","potentialAction":[{"@type":"CommentAction","name":"Comment","target":["https:\/\/medicina.udd.cl\/fonoaudiologia-santiago\/noticias\/2016\/06\/10\/estudiantes-de-fonoaudiologia-asisten-a-cirugias-cerebrales-en-vigilia\/#respond"]}]},{"@type":"WebPage","@id":"https:\/\/medicina.udd.cl\/fonoaudiologia-santiago\/noticias\/2016\/06\/10\/estudiantes-de-fonoaudiologia-asisten-a-cirugias-cerebrales-en-vigilia\/","url":"https:\/\/medicina.udd.cl\/fonoaudiologia-santiago\/noticias\/2016\/06\/10\/estudiantes-de-fonoaudiologia-asisten-a-cirugias-cerebrales-en-vigilia\/","name":"Estudiantes de Fonoaudiolog\u00eda asisten a cirug\u00edas cerebrales en vigilia - Fonoaudiolog\u00eda","isPartOf":{"@id":"https:\/\/medicina.udd.cl\/fonoaudiologia-santiago\/#website"},"primaryImageOfPage":{"@id":"https:\/\/medicina.udd.cl\/fonoaudiologia-santiago\/noticias\/2016\/06\/10\/estudiantes-de-fonoaudiologia-asisten-a-cirugias-cerebrales-en-vigilia\/#primaryimage"},"image":{"@id":"https:\/\/medicina.udd.cl\/fonoaudiologia-santiago\/noticias\/2016\/06\/10\/estudiantes-de-fonoaudiologia-asisten-a-cirugias-cerebrales-en-vigilia\/#primaryimage"},"thumbnailUrl":"https:\/\/medicina.udd.cl\/fonoaudiologia-santiago\/files\/2016\/06\/cirug\u00eda-vigil-cerebral-5.jpg","datePublished":"2016-06-10T21:30:42+00:00","dateModified":"2016-06-13T22:03:23+00:00","author":{"@id":"https:\/\/medicina.udd.cl\/fonoaudiologia-santiago\/#\/schema\/person\/8bbd66125b574a40ec467c180c11f2e3"},"breadcrumb":{"@id":"https:\/\/medicina.udd.cl\/fonoaudiologia-santiago\/noticias\/2016\/06\/10\/estudiantes-de-fonoaudiologia-asisten-a-cirugias-cerebrales-en-vigilia\/#breadcrumb"},"inLanguage":"es","potentialAction":[{"@type":"ReadAction","target":["https:\/\/medicina.udd.cl\/fonoaudiologia-santiago\/noticias\/2016\/06\/10\/estudiantes-de-fonoaudiologia-asisten-a-cirugias-cerebrales-en-vigilia\/"]}]},{"@type":"ImageObject","inLanguage":"es","@id":"https:\/\/medicina.udd.cl\/fonoaudiologia-santiago\/noticias\/2016\/06\/10\/estudiantes-de-fonoaudiologia-asisten-a-cirugias-cerebrales-en-vigilia\/#primaryimage","url":"https:\/\/medicina.udd.cl\/fonoaudiologia-santiago\/files\/2016\/06\/cirug\u00eda-vigil-cerebral-5.jpg","contentUrl":"https:\/\/medicina.udd.cl\/fonoaudiologia-santiago\/files\/2016\/06\/cirug\u00eda-vigil-cerebral-5.jpg","width":1280,"height":960},{"@type":"BreadcrumbList","@id":"https:\/\/medicina.udd.cl\/fonoaudiologia-santiago\/noticias\/2016\/06\/10\/estudiantes-de-fonoaudiologia-asisten-a-cirugias-cerebrales-en-vigilia\/#breadcrumb","itemListElement":[{"@type":"ListItem","position":1,"name":"Home","item":"https:\/\/medicina.udd.cl\/fonoaudiologia-santiago\/"},{"@type":"ListItem","position":2,"name":"Estudiantes de Fonoaudiolog\u00eda asisten a cirug\u00edas cerebrales en vigilia"}]},{"@type":"WebSite","@id":"https:\/\/medicina.udd.cl\/fonoaudiologia-santiago\/#website","url":"https:\/\/medicina.udd.cl\/fonoaudiologia-santiago\/","name":"Fonoaudiolog\u00eda","description":"Facultad de Medicina Cl\u00ednica Alemana Universidad del Desarrollo","inLanguage":"es"},{"@type":"Person","@id":"https:\/\/medicina.udd.cl\/fonoaudiologia-santiago\/#\/schema\/person\/8bbd66125b574a40ec467c180c11f2e3","name":"paulinamunoz","image":{"@type":"ImageObject","inLanguage":"es","@id":"https:\/\/medicina.udd.cl\/fonoaudiologia-santiago\/#\/schema\/person\/image\/","url":"https:\/\/secure.gravatar.com\/avatar\/748ce8fb74e8f8077c4966697a3b3710ca0019e71a62146890c0dcdc705e7f3d?s=96&d=mm&r=g","contentUrl":"https:\/\/secure.gravatar.com\/avatar\/748ce8fb74e8f8077c4966697a3b3710ca0019e71a62146890c0dcdc705e7f3d?s=96&d=mm&r=g","caption":"paulinamunoz"},"url":"https:\/\/medicina.udd.cl\/fonoaudiologia-santiago\/noticias\/author\/paulinamunoz\/"}]}},"featured_image_url":"https:\/\/medicina.udd.cl\/fonoaudiologia-santiago\/files\/2016\/06\/cirug\u00eda-vigil-cerebral-5.jpg","_links":{"self":[{"href":"https:\/\/medicina.udd.cl\/fonoaudiologia-santiago\/wp-json\/wp\/v2\/posts\/3344","targetHints":{"allow":["GET"]}}],"collection":[{"href":"https:\/\/medicina.udd.cl\/fonoaudiologia-santiago\/wp-json\/wp\/v2\/posts"}],"about":[{"href":"https:\/\/medicina.udd.cl\/fonoaudiologia-santiago\/wp-json\/wp\/v2\/types\/post"}],"author":[{"embeddable":true,"href":"https:\/\/medicina.udd.cl\/fonoaudiologia-santiago\/wp-json\/wp\/v2\/users\/9192192"}],"replies":[{"embeddable":true,"href":"https:\/\/medicina.udd.cl\/fonoaudiologia-santiago\/wp-json\/wp\/v2\/comments?post=3344"}],"version-history":[{"count":7,"href":"https:\/\/medicina.udd.cl\/fonoaudiologia-santiago\/wp-json\/wp\/v2\/posts\/3344\/revisions"}],"predecessor-version":[{"id":3361,"href":"https:\/\/medicina.udd.cl\/fonoaudiologia-santiago\/wp-json\/wp\/v2\/posts\/3344\/revisions\/3361"}],"wp:featuredmedia":[{"embeddable":true,"href":"https:\/\/medicina.udd.cl\/fonoaudiologia-santiago\/wp-json\/wp\/v2\/media\/3349"}],"wp:attachment":[{"href":"https:\/\/medicina.udd.cl\/fonoaudiologia-santiago\/wp-json\/wp\/v2\/media?parent=3344"}],"wp:term":[{"taxonomy":"category","embeddable":true,"href":"https:\/\/medicina.udd.cl\/fonoaudiologia-santiago\/wp-json\/wp\/v2\/categories?post=3344"},{"taxonomy":"post_tag","embeddable":true,"href":"https:\/\/medicina.udd.cl\/fonoaudiologia-santiago\/wp-json\/wp\/v2\/tags?post=3344"}],"curies":[{"name":"wp","href":"https:\/\/api.w.org\/{rel}","templated":true}]}}