{"id":3362,"date":"2016-06-17T17:56:32","date_gmt":"2016-06-17T21:56:32","guid":{"rendered":"http:\/\/medicina.udd.cl\/fonoaudiologia-santiago\/?p=3362"},"modified":"2016-06-17T18:03:22","modified_gmt":"2016-06-17T22:03:22","slug":"alumnos-de-primer-ano-de-fonoaudiologia-concluyen-sus-pasantias","status":"publish","type":"post","link":"https:\/\/medicina.udd.cl\/fonoaudiologia-santiago\/noticias\/2016\/06\/17\/alumnos-de-primer-ano-de-fonoaudiologia-concluyen-sus-pasantias\/","title":{"rendered":"Alumnos de primer a\u00f1o de Fonoaudiolog\u00eda concluyen sus pasant\u00edas"},"content":{"rendered":"<div id=\"gallery-1\" class=\"carousel slide carousel-gallery\" data-ride=\"false\" data-interval=\"false\"><div class=\"carousel-inner\" role=\"listbox\"><figure class=\"carousel-item active\"><img loading=\"lazy\" decoding=\"async\" width=\"712\" height=\"534\" src=\"https:\/\/medicina.udd.cl\/fonoaudiologia-santiago\/files\/2016\/06\/Pasant\u00edas-1.jpg\" class=\"attachment-landscape_952 size-landscape_952\" alt=\"\" srcset=\"https:\/\/medicina.udd.cl\/fonoaudiologia-santiago\/files\/2016\/06\/Pasant\u00edas-1.jpg 3264w, https:\/\/medicina.udd.cl\/fonoaudiologia-santiago\/files\/2016\/06\/Pasant\u00edas-1-300x225.jpg 300w, https:\/\/medicina.udd.cl\/fonoaudiologia-santiago\/files\/2016\/06\/Pasant\u00edas-1-768x576.jpg 768w, https:\/\/medicina.udd.cl\/fonoaudiologia-santiago\/files\/2016\/06\/Pasant\u00edas-1-1024x768.jpg 1024w, https:\/\/medicina.udd.cl\/fonoaudiologia-santiago\/files\/2016\/06\/Pasant\u00edas-1-960x720.jpg 960w\" sizes=\"auto, (max-width: 712px) 100vw, 712px\" \/><\/figure><figure class=\"carousel-item\"><img loading=\"lazy\" decoding=\"async\" width=\"712\" height=\"534\" src=\"https:\/\/medicina.udd.cl\/fonoaudiologia-santiago\/files\/2016\/06\/Pasant\u00edas-4.jpg\" class=\"attachment-landscape_952 size-landscape_952\" alt=\"\" srcset=\"https:\/\/medicina.udd.cl\/fonoaudiologia-santiago\/files\/2016\/06\/Pasant\u00edas-4.jpg 3264w, https:\/\/medicina.udd.cl\/fonoaudiologia-santiago\/files\/2016\/06\/Pasant\u00edas-4-300x225.jpg 300w, https:\/\/medicina.udd.cl\/fonoaudiologia-santiago\/files\/2016\/06\/Pasant\u00edas-4-768x576.jpg 768w, https:\/\/medicina.udd.cl\/fonoaudiologia-santiago\/files\/2016\/06\/Pasant\u00edas-4-1024x768.jpg 1024w, https:\/\/medicina.udd.cl\/fonoaudiologia-santiago\/files\/2016\/06\/Pasant\u00edas-4-960x720.jpg 960w\" sizes=\"auto, (max-width: 712px) 100vw, 712px\" \/><\/figure><figure class=\"carousel-item\"><img loading=\"lazy\" decoding=\"async\" width=\"712\" height=\"534\" src=\"https:\/\/medicina.udd.cl\/fonoaudiologia-santiago\/files\/2016\/06\/Pasant\u00edas-6.jpg\" class=\"attachment-landscape_952 size-landscape_952\" alt=\"\" srcset=\"https:\/\/medicina.udd.cl\/fonoaudiologia-santiago\/files\/2016\/06\/Pasant\u00edas-6.jpg 3264w, https:\/\/medicina.udd.cl\/fonoaudiologia-santiago\/files\/2016\/06\/Pasant\u00edas-6-300x225.jpg 300w, https:\/\/medicina.udd.cl\/fonoaudiologia-santiago\/files\/2016\/06\/Pasant\u00edas-6-768x576.jpg 768w, https:\/\/medicina.udd.cl\/fonoaudiologia-santiago\/files\/2016\/06\/Pasant\u00edas-6-1024x768.jpg 1024w, https:\/\/medicina.udd.cl\/fonoaudiologia-santiago\/files\/2016\/06\/Pasant\u00edas-6-960x720.jpg 960w\" sizes=\"auto, (max-width: 712px) 100vw, 712px\" \/><\/figure><figure class=\"carousel-item\"><img loading=\"lazy\" decoding=\"async\" width=\"799\" height=\"534\" src=\"https:\/\/medicina.udd.cl\/fonoaudiologia-santiago\/files\/2016\/06\/Pasant\u00edas-7.jpg\" class=\"attachment-landscape_952 size-landscape_952\" alt=\"\" srcset=\"https:\/\/medicina.udd.cl\/fonoaudiologia-santiago\/files\/2016\/06\/Pasant\u00edas-7.jpg 960w, https:\/\/medicina.udd.cl\/fonoaudiologia-santiago\/files\/2016\/06\/Pasant\u00edas-7-300x201.jpg 300w, https:\/\/medicina.udd.cl\/fonoaudiologia-santiago\/files\/2016\/06\/Pasant\u00edas-7-768x514.jpg 768w\" sizes=\"auto, (max-width: 799px) 100vw, 799px\" \/><\/figure><figure class=\"carousel-item\"><img loading=\"lazy\" decoding=\"async\" width=\"801\" height=\"534\" src=\"https:\/\/medicina.udd.cl\/fonoaudiologia-santiago\/files\/2016\/06\/Pasant\u00edas-3.jpg\" class=\"attachment-landscape_952 size-landscape_952\" alt=\"\" srcset=\"https:\/\/medicina.udd.cl\/fonoaudiologia-santiago\/files\/2016\/06\/Pasant\u00edas-3.jpg 2448w, https:\/\/medicina.udd.cl\/fonoaudiologia-santiago\/files\/2016\/06\/Pasant\u00edas-3-300x200.jpg 300w, https:\/\/medicina.udd.cl\/fonoaudiologia-santiago\/files\/2016\/06\/Pasant\u00edas-3-768x512.jpg 768w, https:\/\/medicina.udd.cl\/fonoaudiologia-santiago\/files\/2016\/06\/Pasant\u00edas-3-1024x683.jpg 1024w, https:\/\/medicina.udd.cl\/fonoaudiologia-santiago\/files\/2016\/06\/Pasant\u00edas-3-960x640.jpg 960w\" sizes=\"auto, (max-width: 801px) 100vw, 801px\" \/><\/figure><figure class=\"carousel-item\"><img loading=\"lazy\" decoding=\"async\" width=\"801\" height=\"534\" src=\"https:\/\/medicina.udd.cl\/fonoaudiologia-santiago\/files\/2016\/06\/Pasant\u00edas-5.jpg\" class=\"attachment-landscape_952 size-landscape_952\" alt=\"\" srcset=\"https:\/\/medicina.udd.cl\/fonoaudiologia-santiago\/files\/2016\/06\/Pasant\u00edas-5.jpg 2448w, https:\/\/medicina.udd.cl\/fonoaudiologia-santiago\/files\/2016\/06\/Pasant\u00edas-5-300x200.jpg 300w, https:\/\/medicina.udd.cl\/fonoaudiologia-santiago\/files\/2016\/06\/Pasant\u00edas-5-768x512.jpg 768w, https:\/\/medicina.udd.cl\/fonoaudiologia-santiago\/files\/2016\/06\/Pasant\u00edas-5-1024x683.jpg 1024w, https:\/\/medicina.udd.cl\/fonoaudiologia-santiago\/files\/2016\/06\/Pasant\u00edas-5-960x640.jpg 960w\" sizes=\"auto, (max-width: 801px) 100vw, 801px\" \/><\/figure><\/div><footer class=\"carousel-footer\"><div class=\"carousel-counter\"><span class=\"carousel-counter-current\"><\/span> \/ <span class=\"carousel-counter-total\"><\/span><\/div><a class=\"carousel-control-prev\" href=\"#gallery-1\" role=\"button\" data-slide=\"prev\"><svg aria-hidden=\"true\" class=\"svg-chevron-left-dims\"><use xlink:href='https:\/\/medicina.udd.cl\/fonoaudiologia-santiago\/wp-content\/themes\/facultades-2018\/assets\/img\/svg\/dist\/main.svg?version=1695853099#chevron-left'><\/use><\/svg><span class=\"sr-only\">Anterior<\/span><\/a><a class=\"carousel-control-next\" href=\"#gallery-1\" role=\"button\" data-slide=\"next\"><svg aria-hidden=\"true\" class=\"svg-chevron-right-dims\"><use xlink:href='https:\/\/medicina.udd.cl\/fonoaudiologia-santiago\/wp-content\/themes\/facultades-2018\/assets\/img\/svg\/dist\/main.svg?version=1695853099#chevron-right'><\/use><\/svg><span class=\"sr-only\">Siguiente<\/span><\/a><\/footer><\/div>\n<p style=\"text-align: justify\">Entre abril y junio, los alumnos de primer a\u00f1o de Fonoaudiolog\u00eda de la Universidad del Desarrollo han cursado las pasant\u00edas correspondientes a la asignatura \u201c\u00c1mbitos de acci\u00f3n del fonoaudi\u00f3logo\u201d, que imparte la directora de la carrera, Mar\u00eda Ang\u00e9lica L\u00f3pez O\u00f1att.<\/p>\n<p style=\"text-align: justify\">Durante el semestre, los estudiantes han realizado cuatro visitas de 2-3 horas, teniendo la oportunidad de observar el ejercicio de la profesi\u00f3n en Cl\u00ednica Alemana, Hospital Padre Hurtado, Cl\u00ednica UDD, centro Comunica, Effeta y el laboratorio de voz de la UDD.<\/p>\n<p style=\"text-align: justify\">\u201cLos estudiantes asisten en parejas a los lugares asignados y all\u00ed son recibidos por un tutor de campo cl\u00ednico. Durante la estad\u00eda hacen un recorrido por el recinto y participan en la visita m\u00e9dica, conociendo e interactuando con pacientes y el equipo de profesionales\u201d, se\u00f1al\u00f3 <strong>Mar\u00eda Ang\u00e9lica L\u00f3pez O\u00f1att<\/strong>.<\/p>\n<p style=\"text-align: justify\">La directora tambi\u00e9n dijo que esta instancia es parte del sello que caracteriza a la carrera: la experiencia temprana de los estudiantes con la cercan\u00eda de los pacientes -y sus familias- en las distintas \u00e1reas de la disciplina:\u00a0Audiolog\u00eda, Adultos, Infantil y Voz.<\/p>\n<p style=\"text-align: justify\">Por \u00faltimo, la profesional destac\u00f3 que las pasant\u00edas son bien valorada por los estudiantes, ya que conocen la carrera y se encantan con ella, al compartir grandes momentos de emoci\u00f3n con los pacientes.<\/p>\n","protected":false},"excerpt":{"rendered":"<p>Mar\u00eda Ang\u00e9lica L\u00f3pez O\u00f1att se\u00f1al\u00f3 que el inicio temprano de las pr\u00e1cticas cl\u00ednicas es parte del sello que caracteriza a la carrera, conociendo desde el inicio de la formaci\u00f3n, la cercan\u00eda con los pacientes mientras trabajan con ellos en las \u00e1reas de Audiolog\u00eda, Adultos, Infantil y Voz.<\/p>\n","protected":false},"author":9192192,"featured_media":3363,"comment_status":"open","ping_status":"open","sticky":false,"template":"","format":"standard","meta":{"footnotes":""},"categories":[4],"tags":[],"class_list":["post-3362","post","type-post","status-publish","format-standard","has-post-thumbnail","hentry","category-noticias"],"yoast_head":"<!-- This site is optimized with the Yoast SEO plugin v26.9 - https:\/\/yoast.com\/product\/yoast-seo-wordpress\/ -->\n<title>Alumnos de primer a\u00f1o de Fonoaudiolog\u00eda concluyen sus pasant\u00edas - Fonoaudiolog\u00eda<\/title>\n<meta name=\"robots\" content=\"index, follow, max-snippet:-1, max-image-preview:large, max-video-preview:-1\" \/>\n<link rel=\"canonical\" href=\"https:\/\/medicina.udd.cl\/fonoaudiologia-santiago\/noticias\/2016\/06\/17\/alumnos-de-primer-ano-de-fonoaudiologia-concluyen-sus-pasantias\/\" \/>\n<meta property=\"og:locale\" content=\"es_ES\" \/>\n<meta property=\"og:type\" content=\"article\" \/>\n<meta property=\"og:title\" content=\"Alumnos de primer a\u00f1o de Fonoaudiolog\u00eda concluyen sus pasant\u00edas - Fonoaudiolog\u00eda\" \/>\n<meta property=\"og:description\" content=\"Mar\u00eda Ang\u00e9lica L\u00f3pez O\u00f1att se\u00f1al\u00f3 que el inicio temprano de las pr\u00e1cticas cl\u00ednicas es parte del sello que caracteriza a la carrera, conociendo desde el inicio de la formaci\u00f3n, la cercan\u00eda con los pacientes mientras trabajan con ellos en las \u00e1reas de Audiolog\u00eda, Adultos, Infantil y Voz.\" \/>\n<meta property=\"og:url\" content=\"https:\/\/medicina.udd.cl\/fonoaudiologia-santiago\/noticias\/2016\/06\/17\/alumnos-de-primer-ano-de-fonoaudiologia-concluyen-sus-pasantias\/\" \/>\n<meta property=\"og:site_name\" content=\"Fonoaudiolog\u00eda\" \/>\n<meta property=\"article:published_time\" content=\"2016-06-17T21:56:32+00:00\" \/>\n<meta property=\"article:modified_time\" content=\"2016-06-17T22:03:22+00:00\" \/>\n<meta property=\"og:image\" content=\"https:\/\/medicina.udd.cl\/fonoaudiologia-santiago\/files\/2016\/06\/Pasant\u00edas-1.jpg\" \/>\n\t<meta property=\"og:image:width\" content=\"3264\" \/>\n\t<meta property=\"og:image:height\" content=\"2448\" \/>\n\t<meta property=\"og:image:type\" content=\"image\/jpeg\" \/>\n<meta name=\"author\" content=\"paulinamunoz\" \/>\n<meta name=\"twitter:label1\" content=\"Escrito por\" \/>\n\t<meta name=\"twitter:data1\" content=\"paulinamunoz\" \/>\n\t<meta name=\"twitter:label2\" content=\"Tiempo de lectura\" \/>\n\t<meta name=\"twitter:data2\" content=\"1 minuto\" \/>\n<script type=\"application\/ld+json\" class=\"yoast-schema-graph\">{\"@context\":\"https:\/\/schema.org\",\"@graph\":[{\"@type\":\"Article\",\"@id\":\"https:\/\/medicina.udd.cl\/fonoaudiologia-santiago\/noticias\/2016\/06\/17\/alumnos-de-primer-ano-de-fonoaudiologia-concluyen-sus-pasantias\/#article\",\"isPartOf\":{\"@id\":\"https:\/\/medicina.udd.cl\/fonoaudiologia-santiago\/noticias\/2016\/06\/17\/alumnos-de-primer-ano-de-fonoaudiologia-concluyen-sus-pasantias\/\"},\"author\":{\"name\":\"paulinamunoz\",\"@id\":\"https:\/\/medicina.udd.cl\/fonoaudiologia-santiago\/#\/schema\/person\/8bbd66125b574a40ec467c180c11f2e3\"},\"headline\":\"Alumnos de primer a\u00f1o de Fonoaudiolog\u00eda concluyen sus pasant\u00edas\",\"datePublished\":\"2016-06-17T21:56:32+00:00\",\"dateModified\":\"2016-06-17T22:03:22+00:00\",\"mainEntityOfPage\":{\"@id\":\"https:\/\/medicina.udd.cl\/fonoaudiologia-santiago\/noticias\/2016\/06\/17\/alumnos-de-primer-ano-de-fonoaudiologia-concluyen-sus-pasantias\/\"},\"wordCount\":245,\"commentCount\":0,\"image\":{\"@id\":\"https:\/\/medicina.udd.cl\/fonoaudiologia-santiago\/noticias\/2016\/06\/17\/alumnos-de-primer-ano-de-fonoaudiologia-concluyen-sus-pasantias\/#primaryimage\"},\"thumbnailUrl\":\"https:\/\/medicina.udd.cl\/fonoaudiologia-santiago\/files\/2016\/06\/Pasant\u00edas-1.jpg\",\"articleSection\":[\"Noticias\"],\"inLanguage\":\"es\",\"potentialAction\":[{\"@type\":\"CommentAction\",\"name\":\"Comment\",\"target\":[\"https:\/\/medicina.udd.cl\/fonoaudiologia-santiago\/noticias\/2016\/06\/17\/alumnos-de-primer-ano-de-fonoaudiologia-concluyen-sus-pasantias\/#respond\"]}]},{\"@type\":\"WebPage\",\"@id\":\"https:\/\/medicina.udd.cl\/fonoaudiologia-santiago\/noticias\/2016\/06\/17\/alumnos-de-primer-ano-de-fonoaudiologia-concluyen-sus-pasantias\/\",\"url\":\"https:\/\/medicina.udd.cl\/fonoaudiologia-santiago\/noticias\/2016\/06\/17\/alumnos-de-primer-ano-de-fonoaudiologia-concluyen-sus-pasantias\/\",\"name\":\"Alumnos de primer a\u00f1o de Fonoaudiolog\u00eda concluyen sus pasant\u00edas - Fonoaudiolog\u00eda\",\"isPartOf\":{\"@id\":\"https:\/\/medicina.udd.cl\/fonoaudiologia-santiago\/#website\"},\"primaryImageOfPage\":{\"@id\":\"https:\/\/medicina.udd.cl\/fonoaudiologia-santiago\/noticias\/2016\/06\/17\/alumnos-de-primer-ano-de-fonoaudiologia-concluyen-sus-pasantias\/#primaryimage\"},\"image\":{\"@id\":\"https:\/\/medicina.udd.cl\/fonoaudiologia-santiago\/noticias\/2016\/06\/17\/alumnos-de-primer-ano-de-fonoaudiologia-concluyen-sus-pasantias\/#primaryimage\"},\"thumbnailUrl\":\"https:\/\/medicina.udd.cl\/fonoaudiologia-santiago\/files\/2016\/06\/Pasant\u00edas-1.jpg\",\"datePublished\":\"2016-06-17T21:56:32+00:00\",\"dateModified\":\"2016-06-17T22:03:22+00:00\",\"author\":{\"@id\":\"https:\/\/medicina.udd.cl\/fonoaudiologia-santiago\/#\/schema\/person\/8bbd66125b574a40ec467c180c11f2e3\"},\"breadcrumb\":{\"@id\":\"https:\/\/medicina.udd.cl\/fonoaudiologia-santiago\/noticias\/2016\/06\/17\/alumnos-de-primer-ano-de-fonoaudiologia-concluyen-sus-pasantias\/#breadcrumb\"},\"inLanguage\":\"es\",\"potentialAction\":[{\"@type\":\"ReadAction\",\"target\":[\"https:\/\/medicina.udd.cl\/fonoaudiologia-santiago\/noticias\/2016\/06\/17\/alumnos-de-primer-ano-de-fonoaudiologia-concluyen-sus-pasantias\/\"]}]},{\"@type\":\"ImageObject\",\"inLanguage\":\"es\",\"@id\":\"https:\/\/medicina.udd.cl\/fonoaudiologia-santiago\/noticias\/2016\/06\/17\/alumnos-de-primer-ano-de-fonoaudiologia-concluyen-sus-pasantias\/#primaryimage\",\"url\":\"https:\/\/medicina.udd.cl\/fonoaudiologia-santiago\/files\/2016\/06\/Pasant\u00edas-1.jpg\",\"contentUrl\":\"https:\/\/medicina.udd.cl\/fonoaudiologia-santiago\/files\/2016\/06\/Pasant\u00edas-1.jpg\",\"width\":3264,\"height\":2448},{\"@type\":\"BreadcrumbList\",\"@id\":\"https:\/\/medicina.udd.cl\/fonoaudiologia-santiago\/noticias\/2016\/06\/17\/alumnos-de-primer-ano-de-fonoaudiologia-concluyen-sus-pasantias\/#breadcrumb\",\"itemListElement\":[{\"@type\":\"ListItem\",\"position\":1,\"name\":\"Home\",\"item\":\"https:\/\/medicina.udd.cl\/fonoaudiologia-santiago\/\"},{\"@type\":\"ListItem\",\"position\":2,\"name\":\"Alumnos de primer a\u00f1o de Fonoaudiolog\u00eda concluyen sus pasant\u00edas\"}]},{\"@type\":\"WebSite\",\"@id\":\"https:\/\/medicina.udd.cl\/fonoaudiologia-santiago\/#website\",\"url\":\"https:\/\/medicina.udd.cl\/fonoaudiologia-santiago\/\",\"name\":\"Fonoaudiolog\u00eda\",\"description\":\"Facultad de Medicina Cl\u00ednica Alemana Universidad del Desarrollo\",\"inLanguage\":\"es\"},{\"@type\":\"Person\",\"@id\":\"https:\/\/medicina.udd.cl\/fonoaudiologia-santiago\/#\/schema\/person\/8bbd66125b574a40ec467c180c11f2e3\",\"name\":\"paulinamunoz\",\"image\":{\"@type\":\"ImageObject\",\"inLanguage\":\"es\",\"@id\":\"https:\/\/medicina.udd.cl\/fonoaudiologia-santiago\/#\/schema\/person\/image\/\",\"url\":\"https:\/\/secure.gravatar.com\/avatar\/748ce8fb74e8f8077c4966697a3b3710ca0019e71a62146890c0dcdc705e7f3d?s=96&d=mm&r=g\",\"contentUrl\":\"https:\/\/secure.gravatar.com\/avatar\/748ce8fb74e8f8077c4966697a3b3710ca0019e71a62146890c0dcdc705e7f3d?s=96&d=mm&r=g\",\"caption\":\"paulinamunoz\"},\"url\":\"https:\/\/medicina.udd.cl\/fonoaudiologia-santiago\/noticias\/author\/paulinamunoz\/\"}]}<\/script>\n<!-- \/ Yoast SEO plugin. -->","yoast_head_json":{"title":"Alumnos de primer a\u00f1o de Fonoaudiolog\u00eda concluyen sus pasant\u00edas - Fonoaudiolog\u00eda","robots":{"index":"index","follow":"follow","max-snippet":"max-snippet:-1","max-image-preview":"max-image-preview:large","max-video-preview":"max-video-preview:-1"},"canonical":"https:\/\/medicina.udd.cl\/fonoaudiologia-santiago\/noticias\/2016\/06\/17\/alumnos-de-primer-ano-de-fonoaudiologia-concluyen-sus-pasantias\/","og_locale":"es_ES","og_type":"article","og_title":"Alumnos de primer a\u00f1o de Fonoaudiolog\u00eda concluyen sus pasant\u00edas - Fonoaudiolog\u00eda","og_description":"Mar\u00eda Ang\u00e9lica L\u00f3pez O\u00f1att se\u00f1al\u00f3 que el inicio temprano de las pr\u00e1cticas cl\u00ednicas es parte del sello que caracteriza a la carrera, conociendo desde el inicio de la formaci\u00f3n, la cercan\u00eda con los pacientes mientras trabajan con ellos en las \u00e1reas de Audiolog\u00eda, Adultos, Infantil y Voz.","og_url":"https:\/\/medicina.udd.cl\/fonoaudiologia-santiago\/noticias\/2016\/06\/17\/alumnos-de-primer-ano-de-fonoaudiologia-concluyen-sus-pasantias\/","og_site_name":"Fonoaudiolog\u00eda","article_published_time":"2016-06-17T21:56:32+00:00","article_modified_time":"2016-06-17T22:03:22+00:00","og_image":[{"width":3264,"height":2448,"url":"https:\/\/medicina.udd.cl\/fonoaudiologia-santiago\/files\/2016\/06\/Pasant\u00edas-1.jpg","type":"image\/jpeg"}],"author":"paulinamunoz","twitter_misc":{"Escrito por":"paulinamunoz","Tiempo de lectura":"1 minuto"},"schema":{"@context":"https:\/\/schema.org","@graph":[{"@type":"Article","@id":"https:\/\/medicina.udd.cl\/fonoaudiologia-santiago\/noticias\/2016\/06\/17\/alumnos-de-primer-ano-de-fonoaudiologia-concluyen-sus-pasantias\/#article","isPartOf":{"@id":"https:\/\/medicina.udd.cl\/fonoaudiologia-santiago\/noticias\/2016\/06\/17\/alumnos-de-primer-ano-de-fonoaudiologia-concluyen-sus-pasantias\/"},"author":{"name":"paulinamunoz","@id":"https:\/\/medicina.udd.cl\/fonoaudiologia-santiago\/#\/schema\/person\/8bbd66125b574a40ec467c180c11f2e3"},"headline":"Alumnos de primer a\u00f1o de Fonoaudiolog\u00eda concluyen sus pasant\u00edas","datePublished":"2016-06-17T21:56:32+00:00","dateModified":"2016-06-17T22:03:22+00:00","mainEntityOfPage":{"@id":"https:\/\/medicina.udd.cl\/fonoaudiologia-santiago\/noticias\/2016\/06\/17\/alumnos-de-primer-ano-de-fonoaudiologia-concluyen-sus-pasantias\/"},"wordCount":245,"commentCount":0,"image":{"@id":"https:\/\/medicina.udd.cl\/fonoaudiologia-santiago\/noticias\/2016\/06\/17\/alumnos-de-primer-ano-de-fonoaudiologia-concluyen-sus-pasantias\/#primaryimage"},"thumbnailUrl":"https:\/\/medicina.udd.cl\/fonoaudiologia-santiago\/files\/2016\/06\/Pasant\u00edas-1.jpg","articleSection":["Noticias"],"inLanguage":"es","potentialAction":[{"@type":"CommentAction","name":"Comment","target":["https:\/\/medicina.udd.cl\/fonoaudiologia-santiago\/noticias\/2016\/06\/17\/alumnos-de-primer-ano-de-fonoaudiologia-concluyen-sus-pasantias\/#respond"]}]},{"@type":"WebPage","@id":"https:\/\/medicina.udd.cl\/fonoaudiologia-santiago\/noticias\/2016\/06\/17\/alumnos-de-primer-ano-de-fonoaudiologia-concluyen-sus-pasantias\/","url":"https:\/\/medicina.udd.cl\/fonoaudiologia-santiago\/noticias\/2016\/06\/17\/alumnos-de-primer-ano-de-fonoaudiologia-concluyen-sus-pasantias\/","name":"Alumnos de primer a\u00f1o de Fonoaudiolog\u00eda concluyen sus pasant\u00edas - Fonoaudiolog\u00eda","isPartOf":{"@id":"https:\/\/medicina.udd.cl\/fonoaudiologia-santiago\/#website"},"primaryImageOfPage":{"@id":"https:\/\/medicina.udd.cl\/fonoaudiologia-santiago\/noticias\/2016\/06\/17\/alumnos-de-primer-ano-de-fonoaudiologia-concluyen-sus-pasantias\/#primaryimage"},"image":{"@id":"https:\/\/medicina.udd.cl\/fonoaudiologia-santiago\/noticias\/2016\/06\/17\/alumnos-de-primer-ano-de-fonoaudiologia-concluyen-sus-pasantias\/#primaryimage"},"thumbnailUrl":"https:\/\/medicina.udd.cl\/fonoaudiologia-santiago\/files\/2016\/06\/Pasant\u00edas-1.jpg","datePublished":"2016-06-17T21:56:32+00:00","dateModified":"2016-06-17T22:03:22+00:00","author":{"@id":"https:\/\/medicina.udd.cl\/fonoaudiologia-santiago\/#\/schema\/person\/8bbd66125b574a40ec467c180c11f2e3"},"breadcrumb":{"@id":"https:\/\/medicina.udd.cl\/fonoaudiologia-santiago\/noticias\/2016\/06\/17\/alumnos-de-primer-ano-de-fonoaudiologia-concluyen-sus-pasantias\/#breadcrumb"},"inLanguage":"es","potentialAction":[{"@type":"ReadAction","target":["https:\/\/medicina.udd.cl\/fonoaudiologia-santiago\/noticias\/2016\/06\/17\/alumnos-de-primer-ano-de-fonoaudiologia-concluyen-sus-pasantias\/"]}]},{"@type":"ImageObject","inLanguage":"es","@id":"https:\/\/medicina.udd.cl\/fonoaudiologia-santiago\/noticias\/2016\/06\/17\/alumnos-de-primer-ano-de-fonoaudiologia-concluyen-sus-pasantias\/#primaryimage","url":"https:\/\/medicina.udd.cl\/fonoaudiologia-santiago\/files\/2016\/06\/Pasant\u00edas-1.jpg","contentUrl":"https:\/\/medicina.udd.cl\/fonoaudiologia-santiago\/files\/2016\/06\/Pasant\u00edas-1.jpg","width":3264,"height":2448},{"@type":"BreadcrumbList","@id":"https:\/\/medicina.udd.cl\/fonoaudiologia-santiago\/noticias\/2016\/06\/17\/alumnos-de-primer-ano-de-fonoaudiologia-concluyen-sus-pasantias\/#breadcrumb","itemListElement":[{"@type":"ListItem","position":1,"name":"Home","item":"https:\/\/medicina.udd.cl\/fonoaudiologia-santiago\/"},{"@type":"ListItem","position":2,"name":"Alumnos de primer a\u00f1o de Fonoaudiolog\u00eda concluyen sus pasant\u00edas"}]},{"@type":"WebSite","@id":"https:\/\/medicina.udd.cl\/fonoaudiologia-santiago\/#website","url":"https:\/\/medicina.udd.cl\/fonoaudiologia-santiago\/","name":"Fonoaudiolog\u00eda","description":"Facultad de Medicina Cl\u00ednica Alemana Universidad del Desarrollo","inLanguage":"es"},{"@type":"Person","@id":"https:\/\/medicina.udd.cl\/fonoaudiologia-santiago\/#\/schema\/person\/8bbd66125b574a40ec467c180c11f2e3","name":"paulinamunoz","image":{"@type":"ImageObject","inLanguage":"es","@id":"https:\/\/medicina.udd.cl\/fonoaudiologia-santiago\/#\/schema\/person\/image\/","url":"https:\/\/secure.gravatar.com\/avatar\/748ce8fb74e8f8077c4966697a3b3710ca0019e71a62146890c0dcdc705e7f3d?s=96&d=mm&r=g","contentUrl":"https:\/\/secure.gravatar.com\/avatar\/748ce8fb74e8f8077c4966697a3b3710ca0019e71a62146890c0dcdc705e7f3d?s=96&d=mm&r=g","caption":"paulinamunoz"},"url":"https:\/\/medicina.udd.cl\/fonoaudiologia-santiago\/noticias\/author\/paulinamunoz\/"}]}},"featured_image_url":"https:\/\/medicina.udd.cl\/fonoaudiologia-santiago\/files\/2016\/06\/Pasant\u00edas-1.jpg","_links":{"self":[{"href":"https:\/\/medicina.udd.cl\/fonoaudiologia-santiago\/wp-json\/wp\/v2\/posts\/3362","targetHints":{"allow":["GET"]}}],"collection":[{"href":"https:\/\/medicina.udd.cl\/fonoaudiologia-santiago\/wp-json\/wp\/v2\/posts"}],"about":[{"href":"https:\/\/medicina.udd.cl\/fonoaudiologia-santiago\/wp-json\/wp\/v2\/types\/post"}],"author":[{"embeddable":true,"href":"https:\/\/medicina.udd.cl\/fonoaudiologia-santiago\/wp-json\/wp\/v2\/users\/9192192"}],"replies":[{"embeddable":true,"href":"https:\/\/medicina.udd.cl\/fonoaudiologia-santiago\/wp-json\/wp\/v2\/comments?post=3362"}],"version-history":[{"count":5,"href":"https:\/\/medicina.udd.cl\/fonoaudiologia-santiago\/wp-json\/wp\/v2\/posts\/3362\/revisions"}],"predecessor-version":[{"id":3374,"href":"https:\/\/medicina.udd.cl\/fonoaudiologia-santiago\/wp-json\/wp\/v2\/posts\/3362\/revisions\/3374"}],"wp:featuredmedia":[{"embeddable":true,"href":"https:\/\/medicina.udd.cl\/fonoaudiologia-santiago\/wp-json\/wp\/v2\/media\/3363"}],"wp:attachment":[{"href":"https:\/\/medicina.udd.cl\/fonoaudiologia-santiago\/wp-json\/wp\/v2\/media?parent=3362"}],"wp:term":[{"taxonomy":"category","embeddable":true,"href":"https:\/\/medicina.udd.cl\/fonoaudiologia-santiago\/wp-json\/wp\/v2\/categories?post=3362"},{"taxonomy":"post_tag","embeddable":true,"href":"https:\/\/medicina.udd.cl\/fonoaudiologia-santiago\/wp-json\/wp\/v2\/tags?post=3362"}],"curies":[{"name":"wp","href":"https:\/\/api.w.org\/{rel}","templated":true}]}}