{"id":3379,"date":"2016-07-06T10:07:46","date_gmt":"2016-07-06T14:07:46","guid":{"rendered":"http:\/\/medicina.udd.cl\/fonoaudiologia-santiago\/?p=3379"},"modified":"2016-07-06T10:15:17","modified_gmt":"2016-07-06T14:15:17","slug":"fonoaudiologa-brasilena-dicto-clases-en-diplomado-en-motricidad-orofacial","status":"publish","type":"post","link":"https:\/\/medicina.udd.cl\/fonoaudiologia-santiago\/noticias\/2016\/07\/06\/fonoaudiologa-brasilena-dicto-clases-en-diplomado-en-motricidad-orofacial\/","title":{"rendered":"Fonoaudi\u00f3loga brasile\u00f1a dict\u00f3 clases en Diplomado en Motricidad Orofacial"},"content":{"rendered":"<p style=\"text-align: justify\"><a href=\"http:\/\/medicina.udd.cl\/fonoaudiologia-santiago\/files\/2016\/07\/Fonoaudiog\u00eda.jpg\" rel=\"attachment wp-att-3380\"><img loading=\"lazy\" decoding=\"async\" class=\"alignnone wp-image-3380\" src=\"http:\/\/medicina.udd.cl\/fonoaudiologia-santiago\/files\/2016\/07\/Fonoaudiog\u00eda-300x201.jpg\" alt=\"Fonoaudiog\u00eda\" width=\"419\" height=\"281\" srcset=\"https:\/\/medicina.udd.cl\/fonoaudiologia-santiago\/files\/2016\/07\/Fonoaudiog\u00eda-300x201.jpg 300w, https:\/\/medicina.udd.cl\/fonoaudiologia-santiago\/files\/2016\/07\/Fonoaudiog\u00eda-768x513.jpg 768w, https:\/\/medicina.udd.cl\/fonoaudiologia-santiago\/files\/2016\/07\/Fonoaudiog\u00eda-1024x685.jpg 1024w, https:\/\/medicina.udd.cl\/fonoaudiologia-santiago\/files\/2016\/07\/Fonoaudiog\u00eda-960x642.jpg 960w\" sizes=\"auto, (max-width: 419px) 100vw, 419px\" \/><\/a><\/p>\n<p style=\"text-align: justify\">Por segundo a\u00f1o consecutivo, el <a href=\"http:\/\/medicina.udd.cl\/ver-diplomado\/diplomado-en-motricidad-orofacial-i\/\">Diplomado en Motricidad Orofacial<\/a> recibi\u00f3 la visita de la fonoaudi\u00f3loga Vanessa Ieto, quien realiz\u00f3 una interesante y detallada clase sobre la evaluaci\u00f3n miofuncional extraoral los d\u00edas viernes 17 y s\u00e1bado 18 de junio.<\/p>\n<p style=\"text-align: justify\">\u201cEstar en Chile es como estar en casa.\u00a0 Las personas son muy amables y me encanta la belleza de la UDD, pero lo m\u00e1s importante es participar en un diplomado de excelencia, tanto por su organizaci\u00f3n como por ser pioneros en la Motricidad Orofacial.\u00a0 Es un gran privilegio formar parte de este equipo de profesionales\u201d, se\u00f1al\u00f3 <strong>Vanessa Ieto<\/strong>.<\/p>\n<p style=\"text-align: justify\">Para los coordinadores del diplomado y docentes de la carrera de Fonoaudiolog\u00eda de la Universidad del Desarrollo, Karem Brieba e Iv\u00e1n Castillo, la visita de la especialista es un aporte al aprendizaje y profundizaci\u00f3n en los conocimientos sobre Motricidad Orofacial en el\u00a0pa\u00eds.<\/p>\n","protected":false},"excerpt":{"rendered":"<p>Vanessa Ieto viaj\u00f3 a nuestro pa\u00eds para participar en las actividades del programa desarrolladas los d\u00edas viernes 17 y s\u00e1bado 18 de junio.<\/p>\n","protected":false},"author":9192192,"featured_media":3380,"comment_status":"open","ping_status":"open","sticky":false,"template":"","format":"standard","meta":{"footnotes":""},"categories":[4],"tags":[],"class_list":["post-3379","post","type-post","status-publish","format-standard","has-post-thumbnail","hentry","category-noticias"],"yoast_head":"<!-- This site is optimized with the Yoast SEO plugin v26.9 - https:\/\/yoast.com\/product\/yoast-seo-wordpress\/ -->\n<title>Fonoaudi\u00f3loga brasile\u00f1a dict\u00f3 clases en Diplomado en Motricidad Orofacial - Fonoaudiolog\u00eda<\/title>\n<meta name=\"robots\" content=\"index, follow, max-snippet:-1, max-image-preview:large, max-video-preview:-1\" \/>\n<link rel=\"canonical\" href=\"https:\/\/medicina.udd.cl\/fonoaudiologia-santiago\/noticias\/2016\/07\/06\/fonoaudiologa-brasilena-dicto-clases-en-diplomado-en-motricidad-orofacial\/\" \/>\n<meta property=\"og:locale\" content=\"es_ES\" \/>\n<meta property=\"og:type\" content=\"article\" \/>\n<meta property=\"og:title\" content=\"Fonoaudi\u00f3loga brasile\u00f1a dict\u00f3 clases en Diplomado en Motricidad Orofacial - Fonoaudiolog\u00eda\" \/>\n<meta property=\"og:description\" content=\"Vanessa Ieto viaj\u00f3 a nuestro pa\u00eds para participar en las actividades del programa desarrolladas los d\u00edas viernes 17 y s\u00e1bado 18 de junio.\" \/>\n<meta property=\"og:url\" content=\"https:\/\/medicina.udd.cl\/fonoaudiologia-santiago\/noticias\/2016\/07\/06\/fonoaudiologa-brasilena-dicto-clases-en-diplomado-en-motricidad-orofacial\/\" \/>\n<meta property=\"og:site_name\" content=\"Fonoaudiolog\u00eda\" \/>\n<meta property=\"article:published_time\" content=\"2016-07-06T14:07:46+00:00\" \/>\n<meta property=\"article:modified_time\" content=\"2016-07-06T14:15:17+00:00\" \/>\n<meta property=\"og:image\" content=\"https:\/\/medicina.udd.cl\/fonoaudiologia-santiago\/files\/2016\/07\/Fonoaudiog\u00eda-1024x685.jpg\" \/>\n\t<meta property=\"og:image:width\" content=\"1024\" \/>\n\t<meta property=\"og:image:height\" content=\"685\" \/>\n\t<meta property=\"og:image:type\" content=\"image\/jpeg\" \/>\n<meta name=\"author\" content=\"paulinamunoz\" \/>\n<meta name=\"twitter:label1\" content=\"Escrito por\" \/>\n\t<meta name=\"twitter:data1\" content=\"paulinamunoz\" \/>\n\t<meta name=\"twitter:label2\" content=\"Tiempo de lectura\" \/>\n\t<meta name=\"twitter:data2\" content=\"1 minuto\" \/>\n<script type=\"application\/ld+json\" class=\"yoast-schema-graph\">{\"@context\":\"https:\/\/schema.org\",\"@graph\":[{\"@type\":\"Article\",\"@id\":\"https:\/\/medicina.udd.cl\/fonoaudiologia-santiago\/noticias\/2016\/07\/06\/fonoaudiologa-brasilena-dicto-clases-en-diplomado-en-motricidad-orofacial\/#article\",\"isPartOf\":{\"@id\":\"https:\/\/medicina.udd.cl\/fonoaudiologia-santiago\/noticias\/2016\/07\/06\/fonoaudiologa-brasilena-dicto-clases-en-diplomado-en-motricidad-orofacial\/\"},\"author\":{\"name\":\"paulinamunoz\",\"@id\":\"https:\/\/medicina.udd.cl\/fonoaudiologia-santiago\/#\/schema\/person\/8bbd66125b574a40ec467c180c11f2e3\"},\"headline\":\"Fonoaudi\u00f3loga brasile\u00f1a dict\u00f3 clases en Diplomado en Motricidad Orofacial\",\"datePublished\":\"2016-07-06T14:07:46+00:00\",\"dateModified\":\"2016-07-06T14:15:17+00:00\",\"mainEntityOfPage\":{\"@id\":\"https:\/\/medicina.udd.cl\/fonoaudiologia-santiago\/noticias\/2016\/07\/06\/fonoaudiologa-brasilena-dicto-clases-en-diplomado-en-motricidad-orofacial\/\"},\"wordCount\":160,\"commentCount\":0,\"image\":{\"@id\":\"https:\/\/medicina.udd.cl\/fonoaudiologia-santiago\/noticias\/2016\/07\/06\/fonoaudiologa-brasilena-dicto-clases-en-diplomado-en-motricidad-orofacial\/#primaryimage\"},\"thumbnailUrl\":\"https:\/\/medicina.udd.cl\/fonoaudiologia-santiago\/files\/2016\/07\/Fonoaudiog\u00eda.jpg\",\"articleSection\":[\"Noticias\"],\"inLanguage\":\"es\",\"potentialAction\":[{\"@type\":\"CommentAction\",\"name\":\"Comment\",\"target\":[\"https:\/\/medicina.udd.cl\/fonoaudiologia-santiago\/noticias\/2016\/07\/06\/fonoaudiologa-brasilena-dicto-clases-en-diplomado-en-motricidad-orofacial\/#respond\"]}]},{\"@type\":\"WebPage\",\"@id\":\"https:\/\/medicina.udd.cl\/fonoaudiologia-santiago\/noticias\/2016\/07\/06\/fonoaudiologa-brasilena-dicto-clases-en-diplomado-en-motricidad-orofacial\/\",\"url\":\"https:\/\/medicina.udd.cl\/fonoaudiologia-santiago\/noticias\/2016\/07\/06\/fonoaudiologa-brasilena-dicto-clases-en-diplomado-en-motricidad-orofacial\/\",\"name\":\"Fonoaudi\u00f3loga brasile\u00f1a dict\u00f3 clases en Diplomado en Motricidad Orofacial - Fonoaudiolog\u00eda\",\"isPartOf\":{\"@id\":\"https:\/\/medicina.udd.cl\/fonoaudiologia-santiago\/#website\"},\"primaryImageOfPage\":{\"@id\":\"https:\/\/medicina.udd.cl\/fonoaudiologia-santiago\/noticias\/2016\/07\/06\/fonoaudiologa-brasilena-dicto-clases-en-diplomado-en-motricidad-orofacial\/#primaryimage\"},\"image\":{\"@id\":\"https:\/\/medicina.udd.cl\/fonoaudiologia-santiago\/noticias\/2016\/07\/06\/fonoaudiologa-brasilena-dicto-clases-en-diplomado-en-motricidad-orofacial\/#primaryimage\"},\"thumbnailUrl\":\"https:\/\/medicina.udd.cl\/fonoaudiologia-santiago\/files\/2016\/07\/Fonoaudiog\u00eda.jpg\",\"datePublished\":\"2016-07-06T14:07:46+00:00\",\"dateModified\":\"2016-07-06T14:15:17+00:00\",\"author\":{\"@id\":\"https:\/\/medicina.udd.cl\/fonoaudiologia-santiago\/#\/schema\/person\/8bbd66125b574a40ec467c180c11f2e3\"},\"breadcrumb\":{\"@id\":\"https:\/\/medicina.udd.cl\/fonoaudiologia-santiago\/noticias\/2016\/07\/06\/fonoaudiologa-brasilena-dicto-clases-en-diplomado-en-motricidad-orofacial\/#breadcrumb\"},\"inLanguage\":\"es\",\"potentialAction\":[{\"@type\":\"ReadAction\",\"target\":[\"https:\/\/medicina.udd.cl\/fonoaudiologia-santiago\/noticias\/2016\/07\/06\/fonoaudiologa-brasilena-dicto-clases-en-diplomado-en-motricidad-orofacial\/\"]}]},{\"@type\":\"ImageObject\",\"inLanguage\":\"es\",\"@id\":\"https:\/\/medicina.udd.cl\/fonoaudiologia-santiago\/noticias\/2016\/07\/06\/fonoaudiologa-brasilena-dicto-clases-en-diplomado-en-motricidad-orofacial\/#primaryimage\",\"url\":\"https:\/\/medicina.udd.cl\/fonoaudiologia-santiago\/files\/2016\/07\/Fonoaudiog\u00eda.jpg\",\"contentUrl\":\"https:\/\/medicina.udd.cl\/fonoaudiologia-santiago\/files\/2016\/07\/Fonoaudiog\u00eda.jpg\",\"width\":3642,\"height\":2435},{\"@type\":\"BreadcrumbList\",\"@id\":\"https:\/\/medicina.udd.cl\/fonoaudiologia-santiago\/noticias\/2016\/07\/06\/fonoaudiologa-brasilena-dicto-clases-en-diplomado-en-motricidad-orofacial\/#breadcrumb\",\"itemListElement\":[{\"@type\":\"ListItem\",\"position\":1,\"name\":\"Home\",\"item\":\"https:\/\/medicina.udd.cl\/fonoaudiologia-santiago\/\"},{\"@type\":\"ListItem\",\"position\":2,\"name\":\"Fonoaudi\u00f3loga brasile\u00f1a dict\u00f3 clases en Diplomado en Motricidad Orofacial\"}]},{\"@type\":\"WebSite\",\"@id\":\"https:\/\/medicina.udd.cl\/fonoaudiologia-santiago\/#website\",\"url\":\"https:\/\/medicina.udd.cl\/fonoaudiologia-santiago\/\",\"name\":\"Fonoaudiolog\u00eda\",\"description\":\"Facultad de Medicina Cl\u00ednica Alemana Universidad del Desarrollo\",\"inLanguage\":\"es\"},{\"@type\":\"Person\",\"@id\":\"https:\/\/medicina.udd.cl\/fonoaudiologia-santiago\/#\/schema\/person\/8bbd66125b574a40ec467c180c11f2e3\",\"name\":\"paulinamunoz\",\"image\":{\"@type\":\"ImageObject\",\"inLanguage\":\"es\",\"@id\":\"https:\/\/medicina.udd.cl\/fonoaudiologia-santiago\/#\/schema\/person\/image\/\",\"url\":\"https:\/\/secure.gravatar.com\/avatar\/748ce8fb74e8f8077c4966697a3b3710ca0019e71a62146890c0dcdc705e7f3d?s=96&d=mm&r=g\",\"contentUrl\":\"https:\/\/secure.gravatar.com\/avatar\/748ce8fb74e8f8077c4966697a3b3710ca0019e71a62146890c0dcdc705e7f3d?s=96&d=mm&r=g\",\"caption\":\"paulinamunoz\"},\"url\":\"https:\/\/medicina.udd.cl\/fonoaudiologia-santiago\/noticias\/author\/paulinamunoz\/\"}]}<\/script>\n<!-- \/ Yoast SEO plugin. -->","yoast_head_json":{"title":"Fonoaudi\u00f3loga brasile\u00f1a dict\u00f3 clases en Diplomado en Motricidad Orofacial - Fonoaudiolog\u00eda","robots":{"index":"index","follow":"follow","max-snippet":"max-snippet:-1","max-image-preview":"max-image-preview:large","max-video-preview":"max-video-preview:-1"},"canonical":"https:\/\/medicina.udd.cl\/fonoaudiologia-santiago\/noticias\/2016\/07\/06\/fonoaudiologa-brasilena-dicto-clases-en-diplomado-en-motricidad-orofacial\/","og_locale":"es_ES","og_type":"article","og_title":"Fonoaudi\u00f3loga brasile\u00f1a dict\u00f3 clases en Diplomado en Motricidad Orofacial - Fonoaudiolog\u00eda","og_description":"Vanessa Ieto viaj\u00f3 a nuestro pa\u00eds para participar en las actividades del programa desarrolladas los d\u00edas viernes 17 y s\u00e1bado 18 de junio.","og_url":"https:\/\/medicina.udd.cl\/fonoaudiologia-santiago\/noticias\/2016\/07\/06\/fonoaudiologa-brasilena-dicto-clases-en-diplomado-en-motricidad-orofacial\/","og_site_name":"Fonoaudiolog\u00eda","article_published_time":"2016-07-06T14:07:46+00:00","article_modified_time":"2016-07-06T14:15:17+00:00","og_image":[{"width":1024,"height":685,"url":"https:\/\/medicina.udd.cl\/fonoaudiologia-santiago\/files\/2016\/07\/Fonoaudiog\u00eda-1024x685.jpg","type":"image\/jpeg"}],"author":"paulinamunoz","twitter_misc":{"Escrito por":"paulinamunoz","Tiempo de lectura":"1 minuto"},"schema":{"@context":"https:\/\/schema.org","@graph":[{"@type":"Article","@id":"https:\/\/medicina.udd.cl\/fonoaudiologia-santiago\/noticias\/2016\/07\/06\/fonoaudiologa-brasilena-dicto-clases-en-diplomado-en-motricidad-orofacial\/#article","isPartOf":{"@id":"https:\/\/medicina.udd.cl\/fonoaudiologia-santiago\/noticias\/2016\/07\/06\/fonoaudiologa-brasilena-dicto-clases-en-diplomado-en-motricidad-orofacial\/"},"author":{"name":"paulinamunoz","@id":"https:\/\/medicina.udd.cl\/fonoaudiologia-santiago\/#\/schema\/person\/8bbd66125b574a40ec467c180c11f2e3"},"headline":"Fonoaudi\u00f3loga brasile\u00f1a dict\u00f3 clases en Diplomado en Motricidad Orofacial","datePublished":"2016-07-06T14:07:46+00:00","dateModified":"2016-07-06T14:15:17+00:00","mainEntityOfPage":{"@id":"https:\/\/medicina.udd.cl\/fonoaudiologia-santiago\/noticias\/2016\/07\/06\/fonoaudiologa-brasilena-dicto-clases-en-diplomado-en-motricidad-orofacial\/"},"wordCount":160,"commentCount":0,"image":{"@id":"https:\/\/medicina.udd.cl\/fonoaudiologia-santiago\/noticias\/2016\/07\/06\/fonoaudiologa-brasilena-dicto-clases-en-diplomado-en-motricidad-orofacial\/#primaryimage"},"thumbnailUrl":"https:\/\/medicina.udd.cl\/fonoaudiologia-santiago\/files\/2016\/07\/Fonoaudiog\u00eda.jpg","articleSection":["Noticias"],"inLanguage":"es","potentialAction":[{"@type":"CommentAction","name":"Comment","target":["https:\/\/medicina.udd.cl\/fonoaudiologia-santiago\/noticias\/2016\/07\/06\/fonoaudiologa-brasilena-dicto-clases-en-diplomado-en-motricidad-orofacial\/#respond"]}]},{"@type":"WebPage","@id":"https:\/\/medicina.udd.cl\/fonoaudiologia-santiago\/noticias\/2016\/07\/06\/fonoaudiologa-brasilena-dicto-clases-en-diplomado-en-motricidad-orofacial\/","url":"https:\/\/medicina.udd.cl\/fonoaudiologia-santiago\/noticias\/2016\/07\/06\/fonoaudiologa-brasilena-dicto-clases-en-diplomado-en-motricidad-orofacial\/","name":"Fonoaudi\u00f3loga brasile\u00f1a dict\u00f3 clases en Diplomado en Motricidad Orofacial - Fonoaudiolog\u00eda","isPartOf":{"@id":"https:\/\/medicina.udd.cl\/fonoaudiologia-santiago\/#website"},"primaryImageOfPage":{"@id":"https:\/\/medicina.udd.cl\/fonoaudiologia-santiago\/noticias\/2016\/07\/06\/fonoaudiologa-brasilena-dicto-clases-en-diplomado-en-motricidad-orofacial\/#primaryimage"},"image":{"@id":"https:\/\/medicina.udd.cl\/fonoaudiologia-santiago\/noticias\/2016\/07\/06\/fonoaudiologa-brasilena-dicto-clases-en-diplomado-en-motricidad-orofacial\/#primaryimage"},"thumbnailUrl":"https:\/\/medicina.udd.cl\/fonoaudiologia-santiago\/files\/2016\/07\/Fonoaudiog\u00eda.jpg","datePublished":"2016-07-06T14:07:46+00:00","dateModified":"2016-07-06T14:15:17+00:00","author":{"@id":"https:\/\/medicina.udd.cl\/fonoaudiologia-santiago\/#\/schema\/person\/8bbd66125b574a40ec467c180c11f2e3"},"breadcrumb":{"@id":"https:\/\/medicina.udd.cl\/fonoaudiologia-santiago\/noticias\/2016\/07\/06\/fonoaudiologa-brasilena-dicto-clases-en-diplomado-en-motricidad-orofacial\/#breadcrumb"},"inLanguage":"es","potentialAction":[{"@type":"ReadAction","target":["https:\/\/medicina.udd.cl\/fonoaudiologia-santiago\/noticias\/2016\/07\/06\/fonoaudiologa-brasilena-dicto-clases-en-diplomado-en-motricidad-orofacial\/"]}]},{"@type":"ImageObject","inLanguage":"es","@id":"https:\/\/medicina.udd.cl\/fonoaudiologia-santiago\/noticias\/2016\/07\/06\/fonoaudiologa-brasilena-dicto-clases-en-diplomado-en-motricidad-orofacial\/#primaryimage","url":"https:\/\/medicina.udd.cl\/fonoaudiologia-santiago\/files\/2016\/07\/Fonoaudiog\u00eda.jpg","contentUrl":"https:\/\/medicina.udd.cl\/fonoaudiologia-santiago\/files\/2016\/07\/Fonoaudiog\u00eda.jpg","width":3642,"height":2435},{"@type":"BreadcrumbList","@id":"https:\/\/medicina.udd.cl\/fonoaudiologia-santiago\/noticias\/2016\/07\/06\/fonoaudiologa-brasilena-dicto-clases-en-diplomado-en-motricidad-orofacial\/#breadcrumb","itemListElement":[{"@type":"ListItem","position":1,"name":"Home","item":"https:\/\/medicina.udd.cl\/fonoaudiologia-santiago\/"},{"@type":"ListItem","position":2,"name":"Fonoaudi\u00f3loga brasile\u00f1a dict\u00f3 clases en Diplomado en Motricidad Orofacial"}]},{"@type":"WebSite","@id":"https:\/\/medicina.udd.cl\/fonoaudiologia-santiago\/#website","url":"https:\/\/medicina.udd.cl\/fonoaudiologia-santiago\/","name":"Fonoaudiolog\u00eda","description":"Facultad de Medicina Cl\u00ednica Alemana Universidad del Desarrollo","inLanguage":"es"},{"@type":"Person","@id":"https:\/\/medicina.udd.cl\/fonoaudiologia-santiago\/#\/schema\/person\/8bbd66125b574a40ec467c180c11f2e3","name":"paulinamunoz","image":{"@type":"ImageObject","inLanguage":"es","@id":"https:\/\/medicina.udd.cl\/fonoaudiologia-santiago\/#\/schema\/person\/image\/","url":"https:\/\/secure.gravatar.com\/avatar\/748ce8fb74e8f8077c4966697a3b3710ca0019e71a62146890c0dcdc705e7f3d?s=96&d=mm&r=g","contentUrl":"https:\/\/secure.gravatar.com\/avatar\/748ce8fb74e8f8077c4966697a3b3710ca0019e71a62146890c0dcdc705e7f3d?s=96&d=mm&r=g","caption":"paulinamunoz"},"url":"https:\/\/medicina.udd.cl\/fonoaudiologia-santiago\/noticias\/author\/paulinamunoz\/"}]}},"featured_image_url":"https:\/\/medicina.udd.cl\/fonoaudiologia-santiago\/files\/2016\/07\/Fonoaudiog\u00eda.jpg","_links":{"self":[{"href":"https:\/\/medicina.udd.cl\/fonoaudiologia-santiago\/wp-json\/wp\/v2\/posts\/3379","targetHints":{"allow":["GET"]}}],"collection":[{"href":"https:\/\/medicina.udd.cl\/fonoaudiologia-santiago\/wp-json\/wp\/v2\/posts"}],"about":[{"href":"https:\/\/medicina.udd.cl\/fonoaudiologia-santiago\/wp-json\/wp\/v2\/types\/post"}],"author":[{"embeddable":true,"href":"https:\/\/medicina.udd.cl\/fonoaudiologia-santiago\/wp-json\/wp\/v2\/users\/9192192"}],"replies":[{"embeddable":true,"href":"https:\/\/medicina.udd.cl\/fonoaudiologia-santiago\/wp-json\/wp\/v2\/comments?post=3379"}],"version-history":[{"count":7,"href":"https:\/\/medicina.udd.cl\/fonoaudiologia-santiago\/wp-json\/wp\/v2\/posts\/3379\/revisions"}],"predecessor-version":[{"id":3387,"href":"https:\/\/medicina.udd.cl\/fonoaudiologia-santiago\/wp-json\/wp\/v2\/posts\/3379\/revisions\/3387"}],"wp:featuredmedia":[{"embeddable":true,"href":"https:\/\/medicina.udd.cl\/fonoaudiologia-santiago\/wp-json\/wp\/v2\/media\/3380"}],"wp:attachment":[{"href":"https:\/\/medicina.udd.cl\/fonoaudiologia-santiago\/wp-json\/wp\/v2\/media?parent=3379"}],"wp:term":[{"taxonomy":"category","embeddable":true,"href":"https:\/\/medicina.udd.cl\/fonoaudiologia-santiago\/wp-json\/wp\/v2\/categories?post=3379"},{"taxonomy":"post_tag","embeddable":true,"href":"https:\/\/medicina.udd.cl\/fonoaudiologia-santiago\/wp-json\/wp\/v2\/tags?post=3379"}],"curies":[{"name":"wp","href":"https:\/\/api.w.org\/{rel}","templated":true}]}}