{"id":3462,"date":"2016-08-19T13:01:39","date_gmt":"2016-08-19T16:01:39","guid":{"rendered":"http:\/\/medicina.udd.cl\/fonoaudiologia-santiago\/?p=3462"},"modified":"2016-08-19T13:15:50","modified_gmt":"2016-08-19T16:15:50","slug":"fonoaudiologa-esther-bianchini-dicto-clases-en-el-diplomado-en-motricidad-orofacial","status":"publish","type":"post","link":"https:\/\/medicina.udd.cl\/fonoaudiologia-santiago\/noticias\/2016\/08\/19\/fonoaudiologa-esther-bianchini-dicto-clases-en-el-diplomado-en-motricidad-orofacial\/","title":{"rendered":"Fonoaudi\u00f3loga Esther Bianchini dict\u00f3 clases en el Diplomado en Motricidad Orofacial"},"content":{"rendered":"<div id=\"gallery-1\" class=\"carousel slide carousel-gallery\" data-ride=\"false\" data-interval=\"false\"><div class=\"carousel-inner\" role=\"listbox\"><figure class=\"carousel-item active\"><img loading=\"lazy\" decoding=\"async\" width=\"801\" height=\"534\" src=\"https:\/\/medicina.udd.cl\/fonoaudiologia-santiago\/files\/2016\/08\/Esther-Bianchini-en-UDD-1.jpg\" class=\"attachment-landscape_952 size-landscape_952\" alt=\"\" srcset=\"https:\/\/medicina.udd.cl\/fonoaudiologia-santiago\/files\/2016\/08\/Esther-Bianchini-en-UDD-1.jpg 900w, https:\/\/medicina.udd.cl\/fonoaudiologia-santiago\/files\/2016\/08\/Esther-Bianchini-en-UDD-1-300x200.jpg 300w, https:\/\/medicina.udd.cl\/fonoaudiologia-santiago\/files\/2016\/08\/Esther-Bianchini-en-UDD-1-768x512.jpg 768w\" sizes=\"auto, (max-width: 801px) 100vw, 801px\" \/><\/figure><figure class=\"carousel-item\"><img loading=\"lazy\" decoding=\"async\" width=\"801\" height=\"534\" src=\"https:\/\/medicina.udd.cl\/fonoaudiologia-santiago\/files\/2016\/08\/Esther-Bianchini-en-UDD-2.jpg\" class=\"attachment-landscape_952 size-landscape_952\" alt=\"\" srcset=\"https:\/\/medicina.udd.cl\/fonoaudiologia-santiago\/files\/2016\/08\/Esther-Bianchini-en-UDD-2.jpg 900w, https:\/\/medicina.udd.cl\/fonoaudiologia-santiago\/files\/2016\/08\/Esther-Bianchini-en-UDD-2-300x200.jpg 300w, https:\/\/medicina.udd.cl\/fonoaudiologia-santiago\/files\/2016\/08\/Esther-Bianchini-en-UDD-2-768x512.jpg 768w\" sizes=\"auto, (max-width: 801px) 100vw, 801px\" \/><\/figure><figure class=\"carousel-item\"><img loading=\"lazy\" decoding=\"async\" width=\"356\" height=\"534\" src=\"https:\/\/medicina.udd.cl\/fonoaudiologia-santiago\/files\/2016\/08\/Esther-Bianchini-en-UDD-4.jpg\" class=\"attachment-landscape_952 size-landscape_952\" alt=\"\" srcset=\"https:\/\/medicina.udd.cl\/fonoaudiologia-santiago\/files\/2016\/08\/Esther-Bianchini-en-UDD-4.jpg 683w, https:\/\/medicina.udd.cl\/fonoaudiologia-santiago\/files\/2016\/08\/Esther-Bianchini-en-UDD-4-200x300.jpg 200w, https:\/\/medicina.udd.cl\/fonoaudiologia-santiago\/files\/2016\/08\/Esther-Bianchini-en-UDD-4-640x960.jpg 640w\" sizes=\"auto, (max-width: 356px) 100vw, 356px\" \/><\/figure><figure class=\"carousel-item\"><img loading=\"lazy\" decoding=\"async\" width=\"801\" height=\"534\" src=\"https:\/\/medicina.udd.cl\/fonoaudiologia-santiago\/files\/2016\/08\/Esther-Bianchini-en-UDD-3.jpg\" class=\"attachment-landscape_952 size-landscape_952\" alt=\"\" srcset=\"https:\/\/medicina.udd.cl\/fonoaudiologia-santiago\/files\/2016\/08\/Esther-Bianchini-en-UDD-3.jpg 900w, https:\/\/medicina.udd.cl\/fonoaudiologia-santiago\/files\/2016\/08\/Esther-Bianchini-en-UDD-3-300x200.jpg 300w, https:\/\/medicina.udd.cl\/fonoaudiologia-santiago\/files\/2016\/08\/Esther-Bianchini-en-UDD-3-768x512.jpg 768w\" sizes=\"auto, (max-width: 801px) 100vw, 801px\" \/><\/figure><figure class=\"carousel-item\"><img loading=\"lazy\" decoding=\"async\" width=\"801\" height=\"534\" src=\"https:\/\/medicina.udd.cl\/fonoaudiologia-santiago\/files\/2016\/08\/Esther-Bianchini-en-UDD-7.jpg\" class=\"attachment-landscape_952 size-landscape_952\" alt=\"\" srcset=\"https:\/\/medicina.udd.cl\/fonoaudiologia-santiago\/files\/2016\/08\/Esther-Bianchini-en-UDD-7.jpg 900w, https:\/\/medicina.udd.cl\/fonoaudiologia-santiago\/files\/2016\/08\/Esther-Bianchini-en-UDD-7-300x200.jpg 300w, https:\/\/medicina.udd.cl\/fonoaudiologia-santiago\/files\/2016\/08\/Esther-Bianchini-en-UDD-7-768x512.jpg 768w\" sizes=\"auto, (max-width: 801px) 100vw, 801px\" \/><\/figure><\/div><footer class=\"carousel-footer\"><div class=\"carousel-counter\"><span class=\"carousel-counter-current\"><\/span> \/ <span class=\"carousel-counter-total\"><\/span><\/div><a class=\"carousel-control-prev\" href=\"#gallery-1\" role=\"button\" data-slide=\"prev\"><svg aria-hidden=\"true\" class=\"svg-chevron-left-dims\"><use xlink:href='https:\/\/medicina.udd.cl\/fonoaudiologia-santiago\/wp-content\/themes\/facultades-2018\/assets\/img\/svg\/dist\/main.svg?version=1695853099#chevron-left'><\/use><\/svg><span class=\"sr-only\">Anterior<\/span><\/a><a class=\"carousel-control-next\" href=\"#gallery-1\" role=\"button\" data-slide=\"next\"><svg aria-hidden=\"true\" class=\"svg-chevron-right-dims\"><use xlink:href='https:\/\/medicina.udd.cl\/fonoaudiologia-santiago\/wp-content\/themes\/facultades-2018\/assets\/img\/svg\/dist\/main.svg?version=1695853099#chevron-right'><\/use><\/svg><span class=\"sr-only\">Siguiente<\/span><\/a><\/footer><\/div>\n<p style=\"text-align: justify\">Por segundo a\u00f1o consecutivo, la destacada fonoaudi\u00f3loga brasile\u00f1a Esther Bianchini particip\u00f3 en el <a href=\"http:\/\/medicina.udd.cl\/ver-diplomado\/diplomado-en-motricidad-orofacial-i\/\" target=\"_blank\">Diplomado en Motricidad Orofacial<\/a>, organizado por la carrera de Fonoaudiolog\u00eda de la Universidad del Desarrollo.<\/p>\n<p style=\"text-align: justify\">En sus tres visitas a Chile, realizadas en los meses de julio y agosto de 2016, la expositora comparti\u00f3 sus conocimientos relacionados con la evaluaci\u00f3n y\u00a0el\u00a0tratamiento de las Alteraciones Miofuncionales, con un enfoque global y actualizado.<\/p>\n<p style=\"text-align: justify\">\u201cUstedes son privilegiados con esta iniciativa de la UDD, porque es la \u00fanica actividad que trae tantos expositores de Brasil.\u00a0 Es muy importante que exista continuidad entre los contenidos, como ocurre en este diplomado\u201d, coment\u00f3 <strong>Esther Bianchini<\/strong> durante una de sus clases.<\/p>\n<p style=\"text-align: justify\">Como obsequio para la biblioteca de la carrera de Fonoaudiolog\u00eda, la expositora hizo entrega a los coordinadores del diplomado &#8211; los fonoaudi\u00f3logos Karem Brieba e Iv\u00e1n Castillo &#8211; un ejemplar del libro de su autor\u00eda \u201cArticulaci\u00f3n Temporomandibular: implicancias, limitaciones y posibilidades fonoaudiol\u00f3gicas\u201d.<\/p>\n","protected":false},"excerpt":{"rendered":"<p>En sus tres visitas a Chile, la profesional brasile\u00f1a comparti\u00f3 sus conocimientos sobre evaluaci\u00f3n y tratamiento de Alteraciones Miofuncionales, con un enfoque global y actualizado. <\/p>\n","protected":false},"author":9192192,"featured_media":3463,"comment_status":"open","ping_status":"open","sticky":false,"template":"","format":"standard","meta":{"footnotes":""},"categories":[4],"tags":[],"class_list":["post-3462","post","type-post","status-publish","format-standard","has-post-thumbnail","hentry","category-noticias"],"yoast_head":"<!-- This site is optimized with the Yoast SEO plugin v26.9 - https:\/\/yoast.com\/product\/yoast-seo-wordpress\/ -->\n<title>Fonoaudi\u00f3loga Esther Bianchini dict\u00f3 clases en el Diplomado en Motricidad Orofacial - Fonoaudiolog\u00eda<\/title>\n<meta name=\"robots\" content=\"index, follow, max-snippet:-1, max-image-preview:large, max-video-preview:-1\" \/>\n<link rel=\"canonical\" href=\"https:\/\/medicina.udd.cl\/fonoaudiologia-santiago\/noticias\/2016\/08\/19\/fonoaudiologa-esther-bianchini-dicto-clases-en-el-diplomado-en-motricidad-orofacial\/\" \/>\n<meta property=\"og:locale\" content=\"es_ES\" \/>\n<meta property=\"og:type\" content=\"article\" \/>\n<meta property=\"og:title\" content=\"Fonoaudi\u00f3loga Esther Bianchini dict\u00f3 clases en el Diplomado en Motricidad Orofacial - Fonoaudiolog\u00eda\" \/>\n<meta property=\"og:description\" content=\"En sus tres visitas a Chile, la profesional brasile\u00f1a comparti\u00f3 sus conocimientos sobre evaluaci\u00f3n y tratamiento de Alteraciones Miofuncionales, con un enfoque global y actualizado.\" \/>\n<meta property=\"og:url\" content=\"https:\/\/medicina.udd.cl\/fonoaudiologia-santiago\/noticias\/2016\/08\/19\/fonoaudiologa-esther-bianchini-dicto-clases-en-el-diplomado-en-motricidad-orofacial\/\" \/>\n<meta property=\"og:site_name\" content=\"Fonoaudiolog\u00eda\" \/>\n<meta property=\"article:published_time\" content=\"2016-08-19T16:01:39+00:00\" \/>\n<meta property=\"article:modified_time\" content=\"2016-08-19T16:15:50+00:00\" \/>\n<meta property=\"og:image\" content=\"https:\/\/medicina.udd.cl\/fonoaudiologia-santiago\/files\/2016\/08\/Esther-Bianchini-en-UDD-1.jpg\" \/>\n\t<meta property=\"og:image:width\" content=\"900\" \/>\n\t<meta property=\"og:image:height\" content=\"600\" \/>\n\t<meta property=\"og:image:type\" content=\"image\/jpeg\" \/>\n<meta name=\"author\" content=\"paulinamunoz\" \/>\n<meta name=\"twitter:label1\" content=\"Escrito por\" \/>\n\t<meta name=\"twitter:data1\" content=\"paulinamunoz\" \/>\n\t<meta name=\"twitter:label2\" content=\"Tiempo de lectura\" \/>\n\t<meta name=\"twitter:data2\" content=\"1 minuto\" \/>\n<script type=\"application\/ld+json\" class=\"yoast-schema-graph\">{\"@context\":\"https:\/\/schema.org\",\"@graph\":[{\"@type\":\"Article\",\"@id\":\"https:\/\/medicina.udd.cl\/fonoaudiologia-santiago\/noticias\/2016\/08\/19\/fonoaudiologa-esther-bianchini-dicto-clases-en-el-diplomado-en-motricidad-orofacial\/#article\",\"isPartOf\":{\"@id\":\"https:\/\/medicina.udd.cl\/fonoaudiologia-santiago\/noticias\/2016\/08\/19\/fonoaudiologa-esther-bianchini-dicto-clases-en-el-diplomado-en-motricidad-orofacial\/\"},\"author\":{\"name\":\"paulinamunoz\",\"@id\":\"https:\/\/medicina.udd.cl\/fonoaudiologia-santiago\/#\/schema\/person\/8bbd66125b574a40ec467c180c11f2e3\"},\"headline\":\"Fonoaudi\u00f3loga Esther Bianchini dict\u00f3 clases en el Diplomado en Motricidad Orofacial\",\"datePublished\":\"2016-08-19T16:01:39+00:00\",\"dateModified\":\"2016-08-19T16:15:50+00:00\",\"mainEntityOfPage\":{\"@id\":\"https:\/\/medicina.udd.cl\/fonoaudiologia-santiago\/noticias\/2016\/08\/19\/fonoaudiologa-esther-bianchini-dicto-clases-en-el-diplomado-en-motricidad-orofacial\/\"},\"wordCount\":174,\"commentCount\":0,\"image\":{\"@id\":\"https:\/\/medicina.udd.cl\/fonoaudiologia-santiago\/noticias\/2016\/08\/19\/fonoaudiologa-esther-bianchini-dicto-clases-en-el-diplomado-en-motricidad-orofacial\/#primaryimage\"},\"thumbnailUrl\":\"https:\/\/medicina.udd.cl\/fonoaudiologia-santiago\/files\/2016\/08\/Esther-Bianchini-en-UDD-1.jpg\",\"articleSection\":[\"Noticias\"],\"inLanguage\":\"es\",\"potentialAction\":[{\"@type\":\"CommentAction\",\"name\":\"Comment\",\"target\":[\"https:\/\/medicina.udd.cl\/fonoaudiologia-santiago\/noticias\/2016\/08\/19\/fonoaudiologa-esther-bianchini-dicto-clases-en-el-diplomado-en-motricidad-orofacial\/#respond\"]}]},{\"@type\":\"WebPage\",\"@id\":\"https:\/\/medicina.udd.cl\/fonoaudiologia-santiago\/noticias\/2016\/08\/19\/fonoaudiologa-esther-bianchini-dicto-clases-en-el-diplomado-en-motricidad-orofacial\/\",\"url\":\"https:\/\/medicina.udd.cl\/fonoaudiologia-santiago\/noticias\/2016\/08\/19\/fonoaudiologa-esther-bianchini-dicto-clases-en-el-diplomado-en-motricidad-orofacial\/\",\"name\":\"Fonoaudi\u00f3loga Esther Bianchini dict\u00f3 clases en el Diplomado en Motricidad Orofacial - Fonoaudiolog\u00eda\",\"isPartOf\":{\"@id\":\"https:\/\/medicina.udd.cl\/fonoaudiologia-santiago\/#website\"},\"primaryImageOfPage\":{\"@id\":\"https:\/\/medicina.udd.cl\/fonoaudiologia-santiago\/noticias\/2016\/08\/19\/fonoaudiologa-esther-bianchini-dicto-clases-en-el-diplomado-en-motricidad-orofacial\/#primaryimage\"},\"image\":{\"@id\":\"https:\/\/medicina.udd.cl\/fonoaudiologia-santiago\/noticias\/2016\/08\/19\/fonoaudiologa-esther-bianchini-dicto-clases-en-el-diplomado-en-motricidad-orofacial\/#primaryimage\"},\"thumbnailUrl\":\"https:\/\/medicina.udd.cl\/fonoaudiologia-santiago\/files\/2016\/08\/Esther-Bianchini-en-UDD-1.jpg\",\"datePublished\":\"2016-08-19T16:01:39+00:00\",\"dateModified\":\"2016-08-19T16:15:50+00:00\",\"author\":{\"@id\":\"https:\/\/medicina.udd.cl\/fonoaudiologia-santiago\/#\/schema\/person\/8bbd66125b574a40ec467c180c11f2e3\"},\"breadcrumb\":{\"@id\":\"https:\/\/medicina.udd.cl\/fonoaudiologia-santiago\/noticias\/2016\/08\/19\/fonoaudiologa-esther-bianchini-dicto-clases-en-el-diplomado-en-motricidad-orofacial\/#breadcrumb\"},\"inLanguage\":\"es\",\"potentialAction\":[{\"@type\":\"ReadAction\",\"target\":[\"https:\/\/medicina.udd.cl\/fonoaudiologia-santiago\/noticias\/2016\/08\/19\/fonoaudiologa-esther-bianchini-dicto-clases-en-el-diplomado-en-motricidad-orofacial\/\"]}]},{\"@type\":\"ImageObject\",\"inLanguage\":\"es\",\"@id\":\"https:\/\/medicina.udd.cl\/fonoaudiologia-santiago\/noticias\/2016\/08\/19\/fonoaudiologa-esther-bianchini-dicto-clases-en-el-diplomado-en-motricidad-orofacial\/#primaryimage\",\"url\":\"https:\/\/medicina.udd.cl\/fonoaudiologia-santiago\/files\/2016\/08\/Esther-Bianchini-en-UDD-1.jpg\",\"contentUrl\":\"https:\/\/medicina.udd.cl\/fonoaudiologia-santiago\/files\/2016\/08\/Esther-Bianchini-en-UDD-1.jpg\",\"width\":900,\"height\":600},{\"@type\":\"BreadcrumbList\",\"@id\":\"https:\/\/medicina.udd.cl\/fonoaudiologia-santiago\/noticias\/2016\/08\/19\/fonoaudiologa-esther-bianchini-dicto-clases-en-el-diplomado-en-motricidad-orofacial\/#breadcrumb\",\"itemListElement\":[{\"@type\":\"ListItem\",\"position\":1,\"name\":\"Home\",\"item\":\"https:\/\/medicina.udd.cl\/fonoaudiologia-santiago\/\"},{\"@type\":\"ListItem\",\"position\":2,\"name\":\"Fonoaudi\u00f3loga Esther Bianchini dict\u00f3 clases en el Diplomado en Motricidad Orofacial\"}]},{\"@type\":\"WebSite\",\"@id\":\"https:\/\/medicina.udd.cl\/fonoaudiologia-santiago\/#website\",\"url\":\"https:\/\/medicina.udd.cl\/fonoaudiologia-santiago\/\",\"name\":\"Fonoaudiolog\u00eda\",\"description\":\"Facultad de Medicina Cl\u00ednica Alemana Universidad del Desarrollo\",\"inLanguage\":\"es\"},{\"@type\":\"Person\",\"@id\":\"https:\/\/medicina.udd.cl\/fonoaudiologia-santiago\/#\/schema\/person\/8bbd66125b574a40ec467c180c11f2e3\",\"name\":\"paulinamunoz\",\"image\":{\"@type\":\"ImageObject\",\"inLanguage\":\"es\",\"@id\":\"https:\/\/medicina.udd.cl\/fonoaudiologia-santiago\/#\/schema\/person\/image\/\",\"url\":\"https:\/\/secure.gravatar.com\/avatar\/748ce8fb74e8f8077c4966697a3b3710ca0019e71a62146890c0dcdc705e7f3d?s=96&d=mm&r=g\",\"contentUrl\":\"https:\/\/secure.gravatar.com\/avatar\/748ce8fb74e8f8077c4966697a3b3710ca0019e71a62146890c0dcdc705e7f3d?s=96&d=mm&r=g\",\"caption\":\"paulinamunoz\"},\"url\":\"https:\/\/medicina.udd.cl\/fonoaudiologia-santiago\/noticias\/author\/paulinamunoz\/\"}]}<\/script>\n<!-- \/ Yoast SEO plugin. -->","yoast_head_json":{"title":"Fonoaudi\u00f3loga Esther Bianchini dict\u00f3 clases en el Diplomado en Motricidad Orofacial - Fonoaudiolog\u00eda","robots":{"index":"index","follow":"follow","max-snippet":"max-snippet:-1","max-image-preview":"max-image-preview:large","max-video-preview":"max-video-preview:-1"},"canonical":"https:\/\/medicina.udd.cl\/fonoaudiologia-santiago\/noticias\/2016\/08\/19\/fonoaudiologa-esther-bianchini-dicto-clases-en-el-diplomado-en-motricidad-orofacial\/","og_locale":"es_ES","og_type":"article","og_title":"Fonoaudi\u00f3loga Esther Bianchini dict\u00f3 clases en el Diplomado en Motricidad Orofacial - Fonoaudiolog\u00eda","og_description":"En sus tres visitas a Chile, la profesional brasile\u00f1a comparti\u00f3 sus conocimientos sobre evaluaci\u00f3n y tratamiento de Alteraciones Miofuncionales, con un enfoque global y actualizado.","og_url":"https:\/\/medicina.udd.cl\/fonoaudiologia-santiago\/noticias\/2016\/08\/19\/fonoaudiologa-esther-bianchini-dicto-clases-en-el-diplomado-en-motricidad-orofacial\/","og_site_name":"Fonoaudiolog\u00eda","article_published_time":"2016-08-19T16:01:39+00:00","article_modified_time":"2016-08-19T16:15:50+00:00","og_image":[{"width":900,"height":600,"url":"https:\/\/medicina.udd.cl\/fonoaudiologia-santiago\/files\/2016\/08\/Esther-Bianchini-en-UDD-1.jpg","type":"image\/jpeg"}],"author":"paulinamunoz","twitter_misc":{"Escrito por":"paulinamunoz","Tiempo de lectura":"1 minuto"},"schema":{"@context":"https:\/\/schema.org","@graph":[{"@type":"Article","@id":"https:\/\/medicina.udd.cl\/fonoaudiologia-santiago\/noticias\/2016\/08\/19\/fonoaudiologa-esther-bianchini-dicto-clases-en-el-diplomado-en-motricidad-orofacial\/#article","isPartOf":{"@id":"https:\/\/medicina.udd.cl\/fonoaudiologia-santiago\/noticias\/2016\/08\/19\/fonoaudiologa-esther-bianchini-dicto-clases-en-el-diplomado-en-motricidad-orofacial\/"},"author":{"name":"paulinamunoz","@id":"https:\/\/medicina.udd.cl\/fonoaudiologia-santiago\/#\/schema\/person\/8bbd66125b574a40ec467c180c11f2e3"},"headline":"Fonoaudi\u00f3loga Esther Bianchini dict\u00f3 clases en el Diplomado en Motricidad Orofacial","datePublished":"2016-08-19T16:01:39+00:00","dateModified":"2016-08-19T16:15:50+00:00","mainEntityOfPage":{"@id":"https:\/\/medicina.udd.cl\/fonoaudiologia-santiago\/noticias\/2016\/08\/19\/fonoaudiologa-esther-bianchini-dicto-clases-en-el-diplomado-en-motricidad-orofacial\/"},"wordCount":174,"commentCount":0,"image":{"@id":"https:\/\/medicina.udd.cl\/fonoaudiologia-santiago\/noticias\/2016\/08\/19\/fonoaudiologa-esther-bianchini-dicto-clases-en-el-diplomado-en-motricidad-orofacial\/#primaryimage"},"thumbnailUrl":"https:\/\/medicina.udd.cl\/fonoaudiologia-santiago\/files\/2016\/08\/Esther-Bianchini-en-UDD-1.jpg","articleSection":["Noticias"],"inLanguage":"es","potentialAction":[{"@type":"CommentAction","name":"Comment","target":["https:\/\/medicina.udd.cl\/fonoaudiologia-santiago\/noticias\/2016\/08\/19\/fonoaudiologa-esther-bianchini-dicto-clases-en-el-diplomado-en-motricidad-orofacial\/#respond"]}]},{"@type":"WebPage","@id":"https:\/\/medicina.udd.cl\/fonoaudiologia-santiago\/noticias\/2016\/08\/19\/fonoaudiologa-esther-bianchini-dicto-clases-en-el-diplomado-en-motricidad-orofacial\/","url":"https:\/\/medicina.udd.cl\/fonoaudiologia-santiago\/noticias\/2016\/08\/19\/fonoaudiologa-esther-bianchini-dicto-clases-en-el-diplomado-en-motricidad-orofacial\/","name":"Fonoaudi\u00f3loga Esther Bianchini dict\u00f3 clases en el Diplomado en Motricidad Orofacial - Fonoaudiolog\u00eda","isPartOf":{"@id":"https:\/\/medicina.udd.cl\/fonoaudiologia-santiago\/#website"},"primaryImageOfPage":{"@id":"https:\/\/medicina.udd.cl\/fonoaudiologia-santiago\/noticias\/2016\/08\/19\/fonoaudiologa-esther-bianchini-dicto-clases-en-el-diplomado-en-motricidad-orofacial\/#primaryimage"},"image":{"@id":"https:\/\/medicina.udd.cl\/fonoaudiologia-santiago\/noticias\/2016\/08\/19\/fonoaudiologa-esther-bianchini-dicto-clases-en-el-diplomado-en-motricidad-orofacial\/#primaryimage"},"thumbnailUrl":"https:\/\/medicina.udd.cl\/fonoaudiologia-santiago\/files\/2016\/08\/Esther-Bianchini-en-UDD-1.jpg","datePublished":"2016-08-19T16:01:39+00:00","dateModified":"2016-08-19T16:15:50+00:00","author":{"@id":"https:\/\/medicina.udd.cl\/fonoaudiologia-santiago\/#\/schema\/person\/8bbd66125b574a40ec467c180c11f2e3"},"breadcrumb":{"@id":"https:\/\/medicina.udd.cl\/fonoaudiologia-santiago\/noticias\/2016\/08\/19\/fonoaudiologa-esther-bianchini-dicto-clases-en-el-diplomado-en-motricidad-orofacial\/#breadcrumb"},"inLanguage":"es","potentialAction":[{"@type":"ReadAction","target":["https:\/\/medicina.udd.cl\/fonoaudiologia-santiago\/noticias\/2016\/08\/19\/fonoaudiologa-esther-bianchini-dicto-clases-en-el-diplomado-en-motricidad-orofacial\/"]}]},{"@type":"ImageObject","inLanguage":"es","@id":"https:\/\/medicina.udd.cl\/fonoaudiologia-santiago\/noticias\/2016\/08\/19\/fonoaudiologa-esther-bianchini-dicto-clases-en-el-diplomado-en-motricidad-orofacial\/#primaryimage","url":"https:\/\/medicina.udd.cl\/fonoaudiologia-santiago\/files\/2016\/08\/Esther-Bianchini-en-UDD-1.jpg","contentUrl":"https:\/\/medicina.udd.cl\/fonoaudiologia-santiago\/files\/2016\/08\/Esther-Bianchini-en-UDD-1.jpg","width":900,"height":600},{"@type":"BreadcrumbList","@id":"https:\/\/medicina.udd.cl\/fonoaudiologia-santiago\/noticias\/2016\/08\/19\/fonoaudiologa-esther-bianchini-dicto-clases-en-el-diplomado-en-motricidad-orofacial\/#breadcrumb","itemListElement":[{"@type":"ListItem","position":1,"name":"Home","item":"https:\/\/medicina.udd.cl\/fonoaudiologia-santiago\/"},{"@type":"ListItem","position":2,"name":"Fonoaudi\u00f3loga Esther Bianchini dict\u00f3 clases en el Diplomado en Motricidad Orofacial"}]},{"@type":"WebSite","@id":"https:\/\/medicina.udd.cl\/fonoaudiologia-santiago\/#website","url":"https:\/\/medicina.udd.cl\/fonoaudiologia-santiago\/","name":"Fonoaudiolog\u00eda","description":"Facultad de Medicina Cl\u00ednica Alemana Universidad del Desarrollo","inLanguage":"es"},{"@type":"Person","@id":"https:\/\/medicina.udd.cl\/fonoaudiologia-santiago\/#\/schema\/person\/8bbd66125b574a40ec467c180c11f2e3","name":"paulinamunoz","image":{"@type":"ImageObject","inLanguage":"es","@id":"https:\/\/medicina.udd.cl\/fonoaudiologia-santiago\/#\/schema\/person\/image\/","url":"https:\/\/secure.gravatar.com\/avatar\/748ce8fb74e8f8077c4966697a3b3710ca0019e71a62146890c0dcdc705e7f3d?s=96&d=mm&r=g","contentUrl":"https:\/\/secure.gravatar.com\/avatar\/748ce8fb74e8f8077c4966697a3b3710ca0019e71a62146890c0dcdc705e7f3d?s=96&d=mm&r=g","caption":"paulinamunoz"},"url":"https:\/\/medicina.udd.cl\/fonoaudiologia-santiago\/noticias\/author\/paulinamunoz\/"}]}},"featured_image_url":"https:\/\/medicina.udd.cl\/fonoaudiologia-santiago\/files\/2016\/08\/Esther-Bianchini-en-UDD-1.jpg","_links":{"self":[{"href":"https:\/\/medicina.udd.cl\/fonoaudiologia-santiago\/wp-json\/wp\/v2\/posts\/3462","targetHints":{"allow":["GET"]}}],"collection":[{"href":"https:\/\/medicina.udd.cl\/fonoaudiologia-santiago\/wp-json\/wp\/v2\/posts"}],"about":[{"href":"https:\/\/medicina.udd.cl\/fonoaudiologia-santiago\/wp-json\/wp\/v2\/types\/post"}],"author":[{"embeddable":true,"href":"https:\/\/medicina.udd.cl\/fonoaudiologia-santiago\/wp-json\/wp\/v2\/users\/9192192"}],"replies":[{"embeddable":true,"href":"https:\/\/medicina.udd.cl\/fonoaudiologia-santiago\/wp-json\/wp\/v2\/comments?post=3462"}],"version-history":[{"count":7,"href":"https:\/\/medicina.udd.cl\/fonoaudiologia-santiago\/wp-json\/wp\/v2\/posts\/3462\/revisions"}],"predecessor-version":[{"id":3476,"href":"https:\/\/medicina.udd.cl\/fonoaudiologia-santiago\/wp-json\/wp\/v2\/posts\/3462\/revisions\/3476"}],"wp:featuredmedia":[{"embeddable":true,"href":"https:\/\/medicina.udd.cl\/fonoaudiologia-santiago\/wp-json\/wp\/v2\/media\/3463"}],"wp:attachment":[{"href":"https:\/\/medicina.udd.cl\/fonoaudiologia-santiago\/wp-json\/wp\/v2\/media?parent=3462"}],"wp:term":[{"taxonomy":"category","embeddable":true,"href":"https:\/\/medicina.udd.cl\/fonoaudiologia-santiago\/wp-json\/wp\/v2\/categories?post=3462"},{"taxonomy":"post_tag","embeddable":true,"href":"https:\/\/medicina.udd.cl\/fonoaudiologia-santiago\/wp-json\/wp\/v2\/tags?post=3462"}],"curies":[{"name":"wp","href":"https:\/\/api.w.org\/{rel}","templated":true}]}}