{"id":3653,"date":"2016-12-21T18:00:49","date_gmt":"2016-12-21T21:00:49","guid":{"rendered":"http:\/\/medicina.udd.cl\/fonoaudiologia-santiago\/?p=3653"},"modified":"2016-12-26T10:37:53","modified_gmt":"2016-12-26T13:37:53","slug":"fonoaudiologia-udd-inviste-a-sus-alumnos","status":"publish","type":"post","link":"https:\/\/medicina.udd.cl\/fonoaudiologia-santiago\/noticias\/2016\/12\/21\/fonoaudiologia-udd-inviste-a-sus-alumnos\/","title":{"rendered":"Fonoaudiolog\u00eda UDD inviste a sus alumnos"},"content":{"rendered":"<div id=\"gallery-1\" class=\"carousel slide carousel-gallery\" data-ride=\"false\" data-interval=\"false\"><div class=\"carousel-inner\" role=\"listbox\"><figure class=\"carousel-item active\"><img loading=\"lazy\" decoding=\"async\" width=\"801\" height=\"534\" src=\"https:\/\/medicina.udd.cl\/fonoaudiologia-santiago\/files\/2016\/12\/Investidura-Fono-UDD-3.jpg\" class=\"attachment-landscape_952 size-landscape_952\" alt=\"\" srcset=\"https:\/\/medicina.udd.cl\/fonoaudiologia-santiago\/files\/2016\/12\/Investidura-Fono-UDD-3.jpg 900w, https:\/\/medicina.udd.cl\/fonoaudiologia-santiago\/files\/2016\/12\/Investidura-Fono-UDD-3-300x200.jpg 300w, https:\/\/medicina.udd.cl\/fonoaudiologia-santiago\/files\/2016\/12\/Investidura-Fono-UDD-3-768x512.jpg 768w\" sizes=\"auto, (max-width: 801px) 100vw, 801px\" \/><\/figure><figure class=\"carousel-item\"><img loading=\"lazy\" decoding=\"async\" width=\"831\" height=\"534\" src=\"https:\/\/medicina.udd.cl\/fonoaudiologia-santiago\/files\/2016\/12\/Investidura-Fono-UDD-1.jpg\" class=\"attachment-landscape_952 size-landscape_952\" alt=\"\" srcset=\"https:\/\/medicina.udd.cl\/fonoaudiologia-santiago\/files\/2016\/12\/Investidura-Fono-UDD-1.jpg 900w, https:\/\/medicina.udd.cl\/fonoaudiologia-santiago\/files\/2016\/12\/Investidura-Fono-UDD-1-300x193.jpg 300w, https:\/\/medicina.udd.cl\/fonoaudiologia-santiago\/files\/2016\/12\/Investidura-Fono-UDD-1-768x493.jpg 768w, https:\/\/medicina.udd.cl\/fonoaudiologia-santiago\/files\/2016\/12\/Investidura-Fono-UDD-1-125x80.jpg 125w\" sizes=\"auto, (max-width: 831px) 100vw, 831px\" \/><\/figure><figure class=\"carousel-item\"><img loading=\"lazy\" decoding=\"async\" width=\"750\" height=\"534\" src=\"https:\/\/medicina.udd.cl\/fonoaudiologia-santiago\/files\/2016\/12\/Investidura-Fono-UDD-2.jpg\" class=\"attachment-landscape_952 size-landscape_952\" alt=\"\" srcset=\"https:\/\/medicina.udd.cl\/fonoaudiologia-santiago\/files\/2016\/12\/Investidura-Fono-UDD-2.jpg 900w, https:\/\/medicina.udd.cl\/fonoaudiologia-santiago\/files\/2016\/12\/Investidura-Fono-UDD-2-300x214.jpg 300w, https:\/\/medicina.udd.cl\/fonoaudiologia-santiago\/files\/2016\/12\/Investidura-Fono-UDD-2-768x547.jpg 768w, https:\/\/medicina.udd.cl\/fonoaudiologia-santiago\/files\/2016\/12\/Investidura-Fono-UDD-2-316x224.jpg 316w, https:\/\/medicina.udd.cl\/fonoaudiologia-santiago\/files\/2016\/12\/Investidura-Fono-UDD-2-286x205.jpg 286w, https:\/\/medicina.udd.cl\/fonoaudiologia-santiago\/files\/2016\/12\/Investidura-Fono-UDD-2-87x62.jpg 87w\" sizes=\"auto, (max-width: 750px) 100vw, 750px\" \/><\/figure><figure class=\"carousel-item\"><img loading=\"lazy\" decoding=\"async\" width=\"801\" height=\"534\" src=\"https:\/\/medicina.udd.cl\/fonoaudiologia-santiago\/files\/2016\/12\/Investidura-Fono-UDD-4.jpg\" class=\"attachment-landscape_952 size-landscape_952\" alt=\"\" srcset=\"https:\/\/medicina.udd.cl\/fonoaudiologia-santiago\/files\/2016\/12\/Investidura-Fono-UDD-4.jpg 900w, https:\/\/medicina.udd.cl\/fonoaudiologia-santiago\/files\/2016\/12\/Investidura-Fono-UDD-4-300x200.jpg 300w, https:\/\/medicina.udd.cl\/fonoaudiologia-santiago\/files\/2016\/12\/Investidura-Fono-UDD-4-768x512.jpg 768w\" sizes=\"auto, (max-width: 801px) 100vw, 801px\" \/><\/figure><figure class=\"carousel-item\"><img loading=\"lazy\" decoding=\"async\" width=\"824\" height=\"534\" src=\"https:\/\/medicina.udd.cl\/fonoaudiologia-santiago\/files\/2016\/12\/Investidura-Fono-UDD-5.jpg\" class=\"attachment-landscape_952 size-landscape_952\" alt=\"\" srcset=\"https:\/\/medicina.udd.cl\/fonoaudiologia-santiago\/files\/2016\/12\/Investidura-Fono-UDD-5.jpg 900w, https:\/\/medicina.udd.cl\/fonoaudiologia-santiago\/files\/2016\/12\/Investidura-Fono-UDD-5-300x194.jpg 300w, https:\/\/medicina.udd.cl\/fonoaudiologia-santiago\/files\/2016\/12\/Investidura-Fono-UDD-5-768x497.jpg 768w, https:\/\/medicina.udd.cl\/fonoaudiologia-santiago\/files\/2016\/12\/Investidura-Fono-UDD-5-125x80.jpg 125w, https:\/\/medicina.udd.cl\/fonoaudiologia-santiago\/files\/2016\/12\/Investidura-Fono-UDD-5-340x220.jpg 340w\" sizes=\"auto, (max-width: 824px) 100vw, 824px\" \/><\/figure><figure class=\"carousel-item\"><img loading=\"lazy\" decoding=\"async\" width=\"776\" height=\"534\" src=\"https:\/\/medicina.udd.cl\/fonoaudiologia-santiago\/files\/2016\/12\/Investidura-Fono-UDD-6.jpg\" class=\"attachment-landscape_952 size-landscape_952\" alt=\"\" srcset=\"https:\/\/medicina.udd.cl\/fonoaudiologia-santiago\/files\/2016\/12\/Investidura-Fono-UDD-6.jpg 900w, https:\/\/medicina.udd.cl\/fonoaudiologia-santiago\/files\/2016\/12\/Investidura-Fono-UDD-6-300x206.jpg 300w, https:\/\/medicina.udd.cl\/fonoaudiologia-santiago\/files\/2016\/12\/Investidura-Fono-UDD-6-768x528.jpg 768w\" sizes=\"auto, (max-width: 776px) 100vw, 776px\" \/><\/figure><figure class=\"carousel-item\"><img loading=\"lazy\" decoding=\"async\" width=\"801\" height=\"534\" src=\"https:\/\/medicina.udd.cl\/fonoaudiologia-santiago\/files\/2016\/12\/Investidura-Fono-UDD-8.jpg\" class=\"attachment-landscape_952 size-landscape_952\" alt=\"\" srcset=\"https:\/\/medicina.udd.cl\/fonoaudiologia-santiago\/files\/2016\/12\/Investidura-Fono-UDD-8.jpg 900w, https:\/\/medicina.udd.cl\/fonoaudiologia-santiago\/files\/2016\/12\/Investidura-Fono-UDD-8-300x200.jpg 300w, https:\/\/medicina.udd.cl\/fonoaudiologia-santiago\/files\/2016\/12\/Investidura-Fono-UDD-8-768x512.jpg 768w\" sizes=\"auto, (max-width: 801px) 100vw, 801px\" \/><\/figure><figure class=\"carousel-item\"><img loading=\"lazy\" decoding=\"async\" width=\"801\" height=\"534\" src=\"https:\/\/medicina.udd.cl\/fonoaudiologia-santiago\/files\/2016\/12\/Investidura-Fono-UDD-9.jpg\" class=\"attachment-landscape_952 size-landscape_952\" alt=\"\" srcset=\"https:\/\/medicina.udd.cl\/fonoaudiologia-santiago\/files\/2016\/12\/Investidura-Fono-UDD-9.jpg 900w, https:\/\/medicina.udd.cl\/fonoaudiologia-santiago\/files\/2016\/12\/Investidura-Fono-UDD-9-300x200.jpg 300w, https:\/\/medicina.udd.cl\/fonoaudiologia-santiago\/files\/2016\/12\/Investidura-Fono-UDD-9-768x512.jpg 768w\" sizes=\"auto, (max-width: 801px) 100vw, 801px\" \/><\/figure><figure class=\"carousel-item\"><img loading=\"lazy\" decoding=\"async\" width=\"801\" height=\"534\" src=\"https:\/\/medicina.udd.cl\/fonoaudiologia-santiago\/files\/2016\/12\/Investidura-Fono-UDD-10.jpg\" class=\"attachment-landscape_952 size-landscape_952\" alt=\"\" srcset=\"https:\/\/medicina.udd.cl\/fonoaudiologia-santiago\/files\/2016\/12\/Investidura-Fono-UDD-10.jpg 900w, https:\/\/medicina.udd.cl\/fonoaudiologia-santiago\/files\/2016\/12\/Investidura-Fono-UDD-10-300x200.jpg 300w, https:\/\/medicina.udd.cl\/fonoaudiologia-santiago\/files\/2016\/12\/Investidura-Fono-UDD-10-768x512.jpg 768w\" sizes=\"auto, (max-width: 801px) 100vw, 801px\" \/><\/figure><figure class=\"carousel-item\"><img loading=\"lazy\" decoding=\"async\" width=\"801\" height=\"534\" src=\"https:\/\/medicina.udd.cl\/fonoaudiologia-santiago\/files\/2016\/12\/Investidura-Fono-UDD-11.jpg\" class=\"attachment-landscape_952 size-landscape_952\" alt=\"\" srcset=\"https:\/\/medicina.udd.cl\/fonoaudiologia-santiago\/files\/2016\/12\/Investidura-Fono-UDD-11.jpg 900w, https:\/\/medicina.udd.cl\/fonoaudiologia-santiago\/files\/2016\/12\/Investidura-Fono-UDD-11-300x200.jpg 300w, https:\/\/medicina.udd.cl\/fonoaudiologia-santiago\/files\/2016\/12\/Investidura-Fono-UDD-11-768x512.jpg 768w\" sizes=\"auto, (max-width: 801px) 100vw, 801px\" \/><\/figure><figure class=\"carousel-item\"><img loading=\"lazy\" decoding=\"async\" width=\"801\" height=\"534\" src=\"https:\/\/medicina.udd.cl\/fonoaudiologia-santiago\/files\/2016\/12\/Investidura-Fono-UDD-12.jpg\" class=\"attachment-landscape_952 size-landscape_952\" alt=\"\" srcset=\"https:\/\/medicina.udd.cl\/fonoaudiologia-santiago\/files\/2016\/12\/Investidura-Fono-UDD-12.jpg 900w, https:\/\/medicina.udd.cl\/fonoaudiologia-santiago\/files\/2016\/12\/Investidura-Fono-UDD-12-300x200.jpg 300w, https:\/\/medicina.udd.cl\/fonoaudiologia-santiago\/files\/2016\/12\/Investidura-Fono-UDD-12-768x512.jpg 768w\" sizes=\"auto, (max-width: 801px) 100vw, 801px\" \/><\/figure><figure class=\"carousel-item\"><img loading=\"lazy\" decoding=\"async\" width=\"801\" height=\"534\" src=\"https:\/\/medicina.udd.cl\/fonoaudiologia-santiago\/files\/2016\/12\/Investidura-Fono-UDD-13.jpg\" class=\"attachment-landscape_952 size-landscape_952\" alt=\"\" srcset=\"https:\/\/medicina.udd.cl\/fonoaudiologia-santiago\/files\/2016\/12\/Investidura-Fono-UDD-13.jpg 900w, https:\/\/medicina.udd.cl\/fonoaudiologia-santiago\/files\/2016\/12\/Investidura-Fono-UDD-13-300x200.jpg 300w, https:\/\/medicina.udd.cl\/fonoaudiologia-santiago\/files\/2016\/12\/Investidura-Fono-UDD-13-768x512.jpg 768w\" sizes=\"auto, (max-width: 801px) 100vw, 801px\" \/><\/figure><figure class=\"carousel-item\"><img loading=\"lazy\" decoding=\"async\" width=\"801\" height=\"534\" src=\"https:\/\/medicina.udd.cl\/fonoaudiologia-santiago\/files\/2016\/12\/Investidura-Fono-UDD-14.jpg\" class=\"attachment-landscape_952 size-landscape_952\" alt=\"\" srcset=\"https:\/\/medicina.udd.cl\/fonoaudiologia-santiago\/files\/2016\/12\/Investidura-Fono-UDD-14.jpg 900w, https:\/\/medicina.udd.cl\/fonoaudiologia-santiago\/files\/2016\/12\/Investidura-Fono-UDD-14-300x200.jpg 300w, https:\/\/medicina.udd.cl\/fonoaudiologia-santiago\/files\/2016\/12\/Investidura-Fono-UDD-14-768x512.jpg 768w\" sizes=\"auto, (max-width: 801px) 100vw, 801px\" \/><\/figure><figure class=\"carousel-item\"><img loading=\"lazy\" decoding=\"async\" width=\"801\" height=\"534\" src=\"https:\/\/medicina.udd.cl\/fonoaudiologia-santiago\/files\/2016\/12\/Investidura-Fono-UDD-15.jpg\" class=\"attachment-landscape_952 size-landscape_952\" alt=\"\" srcset=\"https:\/\/medicina.udd.cl\/fonoaudiologia-santiago\/files\/2016\/12\/Investidura-Fono-UDD-15.jpg 900w, https:\/\/medicina.udd.cl\/fonoaudiologia-santiago\/files\/2016\/12\/Investidura-Fono-UDD-15-300x200.jpg 300w, https:\/\/medicina.udd.cl\/fonoaudiologia-santiago\/files\/2016\/12\/Investidura-Fono-UDD-15-768x512.jpg 768w\" sizes=\"auto, (max-width: 801px) 100vw, 801px\" \/><\/figure><figure class=\"carousel-item\"><img loading=\"lazy\" decoding=\"async\" width=\"801\" height=\"534\" src=\"https:\/\/medicina.udd.cl\/fonoaudiologia-santiago\/files\/2016\/12\/Investidura-Fono-UDD-16.jpg\" class=\"attachment-landscape_952 size-landscape_952\" alt=\"\" srcset=\"https:\/\/medicina.udd.cl\/fonoaudiologia-santiago\/files\/2016\/12\/Investidura-Fono-UDD-16.jpg 900w, https:\/\/medicina.udd.cl\/fonoaudiologia-santiago\/files\/2016\/12\/Investidura-Fono-UDD-16-300x200.jpg 300w, https:\/\/medicina.udd.cl\/fonoaudiologia-santiago\/files\/2016\/12\/Investidura-Fono-UDD-16-768x512.jpg 768w\" sizes=\"auto, (max-width: 801px) 100vw, 801px\" \/><\/figure><figure class=\"carousel-item\"><img loading=\"lazy\" decoding=\"async\" width=\"801\" height=\"534\" src=\"https:\/\/medicina.udd.cl\/fonoaudiologia-santiago\/files\/2016\/12\/Investidura-Fono-UDD-17.jpg\" class=\"attachment-landscape_952 size-landscape_952\" alt=\"\" srcset=\"https:\/\/medicina.udd.cl\/fonoaudiologia-santiago\/files\/2016\/12\/Investidura-Fono-UDD-17.jpg 900w, https:\/\/medicina.udd.cl\/fonoaudiologia-santiago\/files\/2016\/12\/Investidura-Fono-UDD-17-300x200.jpg 300w, https:\/\/medicina.udd.cl\/fonoaudiologia-santiago\/files\/2016\/12\/Investidura-Fono-UDD-17-768x512.jpg 768w\" sizes=\"auto, (max-width: 801px) 100vw, 801px\" \/><\/figure><figure class=\"carousel-item\"><img loading=\"lazy\" decoding=\"async\" width=\"801\" height=\"534\" src=\"https:\/\/medicina.udd.cl\/fonoaudiologia-santiago\/files\/2016\/12\/Investidura-Fono-UDD-18.jpg\" class=\"attachment-landscape_952 size-landscape_952\" alt=\"\" srcset=\"https:\/\/medicina.udd.cl\/fonoaudiologia-santiago\/files\/2016\/12\/Investidura-Fono-UDD-18.jpg 900w, https:\/\/medicina.udd.cl\/fonoaudiologia-santiago\/files\/2016\/12\/Investidura-Fono-UDD-18-300x200.jpg 300w, https:\/\/medicina.udd.cl\/fonoaudiologia-santiago\/files\/2016\/12\/Investidura-Fono-UDD-18-768x512.jpg 768w\" sizes=\"auto, (max-width: 801px) 100vw, 801px\" \/><\/figure><figure class=\"carousel-item\"><img loading=\"lazy\" decoding=\"async\" width=\"801\" height=\"534\" src=\"https:\/\/medicina.udd.cl\/fonoaudiologia-santiago\/files\/2016\/12\/Investidura-Fono-UDD-19.jpg\" class=\"attachment-landscape_952 size-landscape_952\" alt=\"\" srcset=\"https:\/\/medicina.udd.cl\/fonoaudiologia-santiago\/files\/2016\/12\/Investidura-Fono-UDD-19.jpg 900w, https:\/\/medicina.udd.cl\/fonoaudiologia-santiago\/files\/2016\/12\/Investidura-Fono-UDD-19-300x200.jpg 300w, https:\/\/medicina.udd.cl\/fonoaudiologia-santiago\/files\/2016\/12\/Investidura-Fono-UDD-19-768x512.jpg 768w\" sizes=\"auto, (max-width: 801px) 100vw, 801px\" \/><\/figure><figure class=\"carousel-item\"><img loading=\"lazy\" decoding=\"async\" width=\"801\" height=\"534\" src=\"https:\/\/medicina.udd.cl\/fonoaudiologia-santiago\/files\/2016\/12\/Investidura-Fono-UDD-20.jpg\" class=\"attachment-landscape_952 size-landscape_952\" alt=\"\" srcset=\"https:\/\/medicina.udd.cl\/fonoaudiologia-santiago\/files\/2016\/12\/Investidura-Fono-UDD-20.jpg 900w, https:\/\/medicina.udd.cl\/fonoaudiologia-santiago\/files\/2016\/12\/Investidura-Fono-UDD-20-300x200.jpg 300w, https:\/\/medicina.udd.cl\/fonoaudiologia-santiago\/files\/2016\/12\/Investidura-Fono-UDD-20-768x512.jpg 768w\" sizes=\"auto, (max-width: 801px) 100vw, 801px\" \/><\/figure><figure class=\"carousel-item\"><img loading=\"lazy\" decoding=\"async\" width=\"765\" height=\"534\" src=\"https:\/\/medicina.udd.cl\/fonoaudiologia-santiago\/files\/2016\/12\/Investidura-Fono-UDD-22.jpg\" class=\"attachment-landscape_952 size-landscape_952\" alt=\"\" srcset=\"https:\/\/medicina.udd.cl\/fonoaudiologia-santiago\/files\/2016\/12\/Investidura-Fono-UDD-22.jpg 900w, https:\/\/medicina.udd.cl\/fonoaudiologia-santiago\/files\/2016\/12\/Investidura-Fono-UDD-22-300x209.jpg 300w, https:\/\/medicina.udd.cl\/fonoaudiologia-santiago\/files\/2016\/12\/Investidura-Fono-UDD-22-768x536.jpg 768w, https:\/\/medicina.udd.cl\/fonoaudiologia-santiago\/files\/2016\/12\/Investidura-Fono-UDD-22-87x62.jpg 87w, https:\/\/medicina.udd.cl\/fonoaudiologia-santiago\/files\/2016\/12\/Investidura-Fono-UDD-22-365x255.jpg 365w\" sizes=\"auto, (max-width: 765px) 100vw, 765px\" \/><\/figure><\/div><footer class=\"carousel-footer\"><div class=\"carousel-counter\"><span class=\"carousel-counter-current\"><\/span> \/ <span class=\"carousel-counter-total\"><\/span><\/div><a class=\"carousel-control-prev\" href=\"#gallery-1\" role=\"button\" data-slide=\"prev\"><svg aria-hidden=\"true\" class=\"svg-chevron-left-dims\"><use xlink:href='https:\/\/medicina.udd.cl\/fonoaudiologia-santiago\/wp-content\/themes\/facultades-2018\/assets\/img\/svg\/dist\/main.svg?version=1695853099#chevron-left'><\/use><\/svg><span class=\"sr-only\">Anterior<\/span><\/a><a class=\"carousel-control-next\" href=\"#gallery-1\" role=\"button\" data-slide=\"next\"><svg aria-hidden=\"true\" class=\"svg-chevron-right-dims\"><use xlink:href='https:\/\/medicina.udd.cl\/fonoaudiologia-santiago\/wp-content\/themes\/facultades-2018\/assets\/img\/svg\/dist\/main.svg?version=1695853099#chevron-right'><\/use><\/svg><span class=\"sr-only\">Siguiente<\/span><\/a><\/footer><\/div>\n<p style=\"text-align: justify\">Como parte del proceso de habilitaci\u00f3n profesional, la carrera de Fonoaudiolog\u00eda de la Universidad del Desarrollo invisti\u00f3 a 42 estudiantes de cuarto a\u00f1o.<\/p>\n<p style=\"text-align: justify\">Durante la ceremonia, realizada en el Aula Magna del campus Las Condes, los alumnos usaron por primera vez su uniforme ante la presencia de autoridades de la Facultad de Medicina Cl\u00ednica Alemana Universidad del Desarrollo, docentes, alumnos, familiares y amigos.<\/p>\n<p style=\"text-align: justify\">En la actividad, la directora y coordinadora acad\u00e9mica de Fonoaudiolog\u00eda UDD, Mar\u00eda Ang\u00e9lica L\u00f3pez y Mar\u00eda Antonella Urz\u00faa, hicieron una presentaci\u00f3n de la carrera y de los campos cl\u00ednicos, destacando el exitoso proceso de acreditaci\u00f3n.<\/p>\n<p style=\"text-align: justify\">Patolog\u00edas vocales, rehabilitaci\u00f3n en audiolog\u00eda, intervenci\u00f3n de patolog\u00edas de habla y lenguaje en adultos, son algunas de las \u00e1reas que ver\u00e1n los estudiantes en el Hospital Padre Hurtado, Cl\u00ednica Alemana, Fundaci\u00f3n Gantz y Cl\u00ednica UDD, por mencionar algunos campos cl\u00ednicos.<\/p>\n<p style=\"text-align: justify\">Finalmente, profesores y alumnos subieron al escenario a cantar, y los estudiantes Rodrigo Beltr\u00e1n y Rosario Soto fueron los encargados de dar el discurso a nombre de\u00a0la generaci\u00f3n.<\/p>\n","protected":false},"excerpt":{"rendered":"<p>Patolog\u00edas vocales, rehabilitaci\u00f3n en audiolog\u00eda, intervenci\u00f3n de patolog\u00edas de habla y lenguaje en adultos, son algunas de las \u00e1reas que ver\u00e1n los estudiantes en el Hospital Padre Hurtado, Cl\u00ednica Alemana, Fundaci\u00f3n Gantz y Cl\u00ednica UDD, por mencionar algunos campos cl\u00ednicos.<\/p>\n","protected":false},"author":9192192,"featured_media":3656,"comment_status":"open","ping_status":"open","sticky":false,"template":"","format":"standard","meta":{"footnotes":""},"categories":[4],"tags":[],"class_list":["post-3653","post","type-post","status-publish","format-standard","has-post-thumbnail","hentry","category-noticias"],"yoast_head":"<!-- This site is optimized with the Yoast SEO plugin v26.9 - https:\/\/yoast.com\/product\/yoast-seo-wordpress\/ -->\n<title>Fonoaudiolog\u00eda UDD inviste a sus alumnos - Fonoaudiolog\u00eda<\/title>\n<meta name=\"robots\" content=\"index, follow, max-snippet:-1, max-image-preview:large, max-video-preview:-1\" \/>\n<link rel=\"canonical\" href=\"https:\/\/medicina.udd.cl\/fonoaudiologia-santiago\/noticias\/2016\/12\/21\/fonoaudiologia-udd-inviste-a-sus-alumnos\/\" \/>\n<meta property=\"og:locale\" content=\"es_ES\" \/>\n<meta property=\"og:type\" content=\"article\" \/>\n<meta property=\"og:title\" content=\"Fonoaudiolog\u00eda UDD inviste a sus alumnos - Fonoaudiolog\u00eda\" \/>\n<meta property=\"og:description\" content=\"Patolog\u00edas vocales, rehabilitaci\u00f3n en audiolog\u00eda, intervenci\u00f3n de patolog\u00edas de habla y lenguaje en adultos, son algunas de las \u00e1reas que ver\u00e1n los estudiantes en el Hospital Padre Hurtado, Cl\u00ednica Alemana, Fundaci\u00f3n Gantz y Cl\u00ednica UDD, por mencionar algunos campos cl\u00ednicos.\" \/>\n<meta property=\"og:url\" content=\"https:\/\/medicina.udd.cl\/fonoaudiologia-santiago\/noticias\/2016\/12\/21\/fonoaudiologia-udd-inviste-a-sus-alumnos\/\" \/>\n<meta property=\"og:site_name\" content=\"Fonoaudiolog\u00eda\" \/>\n<meta property=\"article:published_time\" content=\"2016-12-21T21:00:49+00:00\" \/>\n<meta property=\"article:modified_time\" content=\"2016-12-26T13:37:53+00:00\" \/>\n<meta property=\"og:image\" content=\"https:\/\/medicina.udd.cl\/fonoaudiologia-santiago\/files\/2016\/12\/Investidura-Fono-UDD-3.jpg\" \/>\n\t<meta property=\"og:image:width\" content=\"900\" \/>\n\t<meta property=\"og:image:height\" content=\"600\" \/>\n\t<meta property=\"og:image:type\" content=\"image\/jpeg\" \/>\n<meta name=\"author\" content=\"paulinamunoz\" \/>\n<meta name=\"twitter:label1\" content=\"Escrito por\" \/>\n\t<meta name=\"twitter:data1\" content=\"paulinamunoz\" \/>\n\t<meta name=\"twitter:label2\" content=\"Tiempo de lectura\" \/>\n\t<meta name=\"twitter:data2\" content=\"1 minuto\" \/>\n<script type=\"application\/ld+json\" class=\"yoast-schema-graph\">{\"@context\":\"https:\/\/schema.org\",\"@graph\":[{\"@type\":\"Article\",\"@id\":\"https:\/\/medicina.udd.cl\/fonoaudiologia-santiago\/noticias\/2016\/12\/21\/fonoaudiologia-udd-inviste-a-sus-alumnos\/#article\",\"isPartOf\":{\"@id\":\"https:\/\/medicina.udd.cl\/fonoaudiologia-santiago\/noticias\/2016\/12\/21\/fonoaudiologia-udd-inviste-a-sus-alumnos\/\"},\"author\":{\"name\":\"paulinamunoz\",\"@id\":\"https:\/\/medicina.udd.cl\/fonoaudiologia-santiago\/#\/schema\/person\/8bbd66125b574a40ec467c180c11f2e3\"},\"headline\":\"Fonoaudiolog\u00eda UDD inviste a sus alumnos\",\"datePublished\":\"2016-12-21T21:00:49+00:00\",\"dateModified\":\"2016-12-26T13:37:53+00:00\",\"mainEntityOfPage\":{\"@id\":\"https:\/\/medicina.udd.cl\/fonoaudiologia-santiago\/noticias\/2016\/12\/21\/fonoaudiologia-udd-inviste-a-sus-alumnos\/\"},\"wordCount\":201,\"commentCount\":0,\"image\":{\"@id\":\"https:\/\/medicina.udd.cl\/fonoaudiologia-santiago\/noticias\/2016\/12\/21\/fonoaudiologia-udd-inviste-a-sus-alumnos\/#primaryimage\"},\"thumbnailUrl\":\"https:\/\/medicina.udd.cl\/fonoaudiologia-santiago\/files\/2016\/12\/Investidura-Fono-UDD-3.jpg\",\"articleSection\":[\"Noticias\"],\"inLanguage\":\"es\",\"potentialAction\":[{\"@type\":\"CommentAction\",\"name\":\"Comment\",\"target\":[\"https:\/\/medicina.udd.cl\/fonoaudiologia-santiago\/noticias\/2016\/12\/21\/fonoaudiologia-udd-inviste-a-sus-alumnos\/#respond\"]}]},{\"@type\":\"WebPage\",\"@id\":\"https:\/\/medicina.udd.cl\/fonoaudiologia-santiago\/noticias\/2016\/12\/21\/fonoaudiologia-udd-inviste-a-sus-alumnos\/\",\"url\":\"https:\/\/medicina.udd.cl\/fonoaudiologia-santiago\/noticias\/2016\/12\/21\/fonoaudiologia-udd-inviste-a-sus-alumnos\/\",\"name\":\"Fonoaudiolog\u00eda UDD inviste a sus alumnos - Fonoaudiolog\u00eda\",\"isPartOf\":{\"@id\":\"https:\/\/medicina.udd.cl\/fonoaudiologia-santiago\/#website\"},\"primaryImageOfPage\":{\"@id\":\"https:\/\/medicina.udd.cl\/fonoaudiologia-santiago\/noticias\/2016\/12\/21\/fonoaudiologia-udd-inviste-a-sus-alumnos\/#primaryimage\"},\"image\":{\"@id\":\"https:\/\/medicina.udd.cl\/fonoaudiologia-santiago\/noticias\/2016\/12\/21\/fonoaudiologia-udd-inviste-a-sus-alumnos\/#primaryimage\"},\"thumbnailUrl\":\"https:\/\/medicina.udd.cl\/fonoaudiologia-santiago\/files\/2016\/12\/Investidura-Fono-UDD-3.jpg\",\"datePublished\":\"2016-12-21T21:00:49+00:00\",\"dateModified\":\"2016-12-26T13:37:53+00:00\",\"author\":{\"@id\":\"https:\/\/medicina.udd.cl\/fonoaudiologia-santiago\/#\/schema\/person\/8bbd66125b574a40ec467c180c11f2e3\"},\"breadcrumb\":{\"@id\":\"https:\/\/medicina.udd.cl\/fonoaudiologia-santiago\/noticias\/2016\/12\/21\/fonoaudiologia-udd-inviste-a-sus-alumnos\/#breadcrumb\"},\"inLanguage\":\"es\",\"potentialAction\":[{\"@type\":\"ReadAction\",\"target\":[\"https:\/\/medicina.udd.cl\/fonoaudiologia-santiago\/noticias\/2016\/12\/21\/fonoaudiologia-udd-inviste-a-sus-alumnos\/\"]}]},{\"@type\":\"ImageObject\",\"inLanguage\":\"es\",\"@id\":\"https:\/\/medicina.udd.cl\/fonoaudiologia-santiago\/noticias\/2016\/12\/21\/fonoaudiologia-udd-inviste-a-sus-alumnos\/#primaryimage\",\"url\":\"https:\/\/medicina.udd.cl\/fonoaudiologia-santiago\/files\/2016\/12\/Investidura-Fono-UDD-3.jpg\",\"contentUrl\":\"https:\/\/medicina.udd.cl\/fonoaudiologia-santiago\/files\/2016\/12\/Investidura-Fono-UDD-3.jpg\",\"width\":900,\"height\":600},{\"@type\":\"BreadcrumbList\",\"@id\":\"https:\/\/medicina.udd.cl\/fonoaudiologia-santiago\/noticias\/2016\/12\/21\/fonoaudiologia-udd-inviste-a-sus-alumnos\/#breadcrumb\",\"itemListElement\":[{\"@type\":\"ListItem\",\"position\":1,\"name\":\"Home\",\"item\":\"https:\/\/medicina.udd.cl\/fonoaudiologia-santiago\/\"},{\"@type\":\"ListItem\",\"position\":2,\"name\":\"Fonoaudiolog\u00eda UDD inviste a sus alumnos\"}]},{\"@type\":\"WebSite\",\"@id\":\"https:\/\/medicina.udd.cl\/fonoaudiologia-santiago\/#website\",\"url\":\"https:\/\/medicina.udd.cl\/fonoaudiologia-santiago\/\",\"name\":\"Fonoaudiolog\u00eda\",\"description\":\"Facultad de Medicina Cl\u00ednica Alemana Universidad del Desarrollo\",\"inLanguage\":\"es\"},{\"@type\":\"Person\",\"@id\":\"https:\/\/medicina.udd.cl\/fonoaudiologia-santiago\/#\/schema\/person\/8bbd66125b574a40ec467c180c11f2e3\",\"name\":\"paulinamunoz\",\"image\":{\"@type\":\"ImageObject\",\"inLanguage\":\"es\",\"@id\":\"https:\/\/medicina.udd.cl\/fonoaudiologia-santiago\/#\/schema\/person\/image\/\",\"url\":\"https:\/\/secure.gravatar.com\/avatar\/748ce8fb74e8f8077c4966697a3b3710ca0019e71a62146890c0dcdc705e7f3d?s=96&d=mm&r=g\",\"contentUrl\":\"https:\/\/secure.gravatar.com\/avatar\/748ce8fb74e8f8077c4966697a3b3710ca0019e71a62146890c0dcdc705e7f3d?s=96&d=mm&r=g\",\"caption\":\"paulinamunoz\"},\"url\":\"https:\/\/medicina.udd.cl\/fonoaudiologia-santiago\/noticias\/author\/paulinamunoz\/\"}]}<\/script>\n<!-- \/ Yoast SEO plugin. -->","yoast_head_json":{"title":"Fonoaudiolog\u00eda UDD inviste a sus alumnos - Fonoaudiolog\u00eda","robots":{"index":"index","follow":"follow","max-snippet":"max-snippet:-1","max-image-preview":"max-image-preview:large","max-video-preview":"max-video-preview:-1"},"canonical":"https:\/\/medicina.udd.cl\/fonoaudiologia-santiago\/noticias\/2016\/12\/21\/fonoaudiologia-udd-inviste-a-sus-alumnos\/","og_locale":"es_ES","og_type":"article","og_title":"Fonoaudiolog\u00eda UDD inviste a sus alumnos - Fonoaudiolog\u00eda","og_description":"Patolog\u00edas vocales, rehabilitaci\u00f3n en audiolog\u00eda, intervenci\u00f3n de patolog\u00edas de habla y lenguaje en adultos, son algunas de las \u00e1reas que ver\u00e1n los estudiantes en el Hospital Padre Hurtado, Cl\u00ednica Alemana, Fundaci\u00f3n Gantz y Cl\u00ednica UDD, por mencionar algunos campos cl\u00ednicos.","og_url":"https:\/\/medicina.udd.cl\/fonoaudiologia-santiago\/noticias\/2016\/12\/21\/fonoaudiologia-udd-inviste-a-sus-alumnos\/","og_site_name":"Fonoaudiolog\u00eda","article_published_time":"2016-12-21T21:00:49+00:00","article_modified_time":"2016-12-26T13:37:53+00:00","og_image":[{"width":900,"height":600,"url":"https:\/\/medicina.udd.cl\/fonoaudiologia-santiago\/files\/2016\/12\/Investidura-Fono-UDD-3.jpg","type":"image\/jpeg"}],"author":"paulinamunoz","twitter_misc":{"Escrito por":"paulinamunoz","Tiempo de lectura":"1 minuto"},"schema":{"@context":"https:\/\/schema.org","@graph":[{"@type":"Article","@id":"https:\/\/medicina.udd.cl\/fonoaudiologia-santiago\/noticias\/2016\/12\/21\/fonoaudiologia-udd-inviste-a-sus-alumnos\/#article","isPartOf":{"@id":"https:\/\/medicina.udd.cl\/fonoaudiologia-santiago\/noticias\/2016\/12\/21\/fonoaudiologia-udd-inviste-a-sus-alumnos\/"},"author":{"name":"paulinamunoz","@id":"https:\/\/medicina.udd.cl\/fonoaudiologia-santiago\/#\/schema\/person\/8bbd66125b574a40ec467c180c11f2e3"},"headline":"Fonoaudiolog\u00eda UDD inviste a sus alumnos","datePublished":"2016-12-21T21:00:49+00:00","dateModified":"2016-12-26T13:37:53+00:00","mainEntityOfPage":{"@id":"https:\/\/medicina.udd.cl\/fonoaudiologia-santiago\/noticias\/2016\/12\/21\/fonoaudiologia-udd-inviste-a-sus-alumnos\/"},"wordCount":201,"commentCount":0,"image":{"@id":"https:\/\/medicina.udd.cl\/fonoaudiologia-santiago\/noticias\/2016\/12\/21\/fonoaudiologia-udd-inviste-a-sus-alumnos\/#primaryimage"},"thumbnailUrl":"https:\/\/medicina.udd.cl\/fonoaudiologia-santiago\/files\/2016\/12\/Investidura-Fono-UDD-3.jpg","articleSection":["Noticias"],"inLanguage":"es","potentialAction":[{"@type":"CommentAction","name":"Comment","target":["https:\/\/medicina.udd.cl\/fonoaudiologia-santiago\/noticias\/2016\/12\/21\/fonoaudiologia-udd-inviste-a-sus-alumnos\/#respond"]}]},{"@type":"WebPage","@id":"https:\/\/medicina.udd.cl\/fonoaudiologia-santiago\/noticias\/2016\/12\/21\/fonoaudiologia-udd-inviste-a-sus-alumnos\/","url":"https:\/\/medicina.udd.cl\/fonoaudiologia-santiago\/noticias\/2016\/12\/21\/fonoaudiologia-udd-inviste-a-sus-alumnos\/","name":"Fonoaudiolog\u00eda UDD inviste a sus alumnos - Fonoaudiolog\u00eda","isPartOf":{"@id":"https:\/\/medicina.udd.cl\/fonoaudiologia-santiago\/#website"},"primaryImageOfPage":{"@id":"https:\/\/medicina.udd.cl\/fonoaudiologia-santiago\/noticias\/2016\/12\/21\/fonoaudiologia-udd-inviste-a-sus-alumnos\/#primaryimage"},"image":{"@id":"https:\/\/medicina.udd.cl\/fonoaudiologia-santiago\/noticias\/2016\/12\/21\/fonoaudiologia-udd-inviste-a-sus-alumnos\/#primaryimage"},"thumbnailUrl":"https:\/\/medicina.udd.cl\/fonoaudiologia-santiago\/files\/2016\/12\/Investidura-Fono-UDD-3.jpg","datePublished":"2016-12-21T21:00:49+00:00","dateModified":"2016-12-26T13:37:53+00:00","author":{"@id":"https:\/\/medicina.udd.cl\/fonoaudiologia-santiago\/#\/schema\/person\/8bbd66125b574a40ec467c180c11f2e3"},"breadcrumb":{"@id":"https:\/\/medicina.udd.cl\/fonoaudiologia-santiago\/noticias\/2016\/12\/21\/fonoaudiologia-udd-inviste-a-sus-alumnos\/#breadcrumb"},"inLanguage":"es","potentialAction":[{"@type":"ReadAction","target":["https:\/\/medicina.udd.cl\/fonoaudiologia-santiago\/noticias\/2016\/12\/21\/fonoaudiologia-udd-inviste-a-sus-alumnos\/"]}]},{"@type":"ImageObject","inLanguage":"es","@id":"https:\/\/medicina.udd.cl\/fonoaudiologia-santiago\/noticias\/2016\/12\/21\/fonoaudiologia-udd-inviste-a-sus-alumnos\/#primaryimage","url":"https:\/\/medicina.udd.cl\/fonoaudiologia-santiago\/files\/2016\/12\/Investidura-Fono-UDD-3.jpg","contentUrl":"https:\/\/medicina.udd.cl\/fonoaudiologia-santiago\/files\/2016\/12\/Investidura-Fono-UDD-3.jpg","width":900,"height":600},{"@type":"BreadcrumbList","@id":"https:\/\/medicina.udd.cl\/fonoaudiologia-santiago\/noticias\/2016\/12\/21\/fonoaudiologia-udd-inviste-a-sus-alumnos\/#breadcrumb","itemListElement":[{"@type":"ListItem","position":1,"name":"Home","item":"https:\/\/medicina.udd.cl\/fonoaudiologia-santiago\/"},{"@type":"ListItem","position":2,"name":"Fonoaudiolog\u00eda UDD inviste a sus alumnos"}]},{"@type":"WebSite","@id":"https:\/\/medicina.udd.cl\/fonoaudiologia-santiago\/#website","url":"https:\/\/medicina.udd.cl\/fonoaudiologia-santiago\/","name":"Fonoaudiolog\u00eda","description":"Facultad de Medicina Cl\u00ednica Alemana Universidad del Desarrollo","inLanguage":"es"},{"@type":"Person","@id":"https:\/\/medicina.udd.cl\/fonoaudiologia-santiago\/#\/schema\/person\/8bbd66125b574a40ec467c180c11f2e3","name":"paulinamunoz","image":{"@type":"ImageObject","inLanguage":"es","@id":"https:\/\/medicina.udd.cl\/fonoaudiologia-santiago\/#\/schema\/person\/image\/","url":"https:\/\/secure.gravatar.com\/avatar\/748ce8fb74e8f8077c4966697a3b3710ca0019e71a62146890c0dcdc705e7f3d?s=96&d=mm&r=g","contentUrl":"https:\/\/secure.gravatar.com\/avatar\/748ce8fb74e8f8077c4966697a3b3710ca0019e71a62146890c0dcdc705e7f3d?s=96&d=mm&r=g","caption":"paulinamunoz"},"url":"https:\/\/medicina.udd.cl\/fonoaudiologia-santiago\/noticias\/author\/paulinamunoz\/"}]}},"featured_image_url":"https:\/\/medicina.udd.cl\/fonoaudiologia-santiago\/files\/2016\/12\/Investidura-Fono-UDD-3.jpg","_links":{"self":[{"href":"https:\/\/medicina.udd.cl\/fonoaudiologia-santiago\/wp-json\/wp\/v2\/posts\/3653","targetHints":{"allow":["GET"]}}],"collection":[{"href":"https:\/\/medicina.udd.cl\/fonoaudiologia-santiago\/wp-json\/wp\/v2\/posts"}],"about":[{"href":"https:\/\/medicina.udd.cl\/fonoaudiologia-santiago\/wp-json\/wp\/v2\/types\/post"}],"author":[{"embeddable":true,"href":"https:\/\/medicina.udd.cl\/fonoaudiologia-santiago\/wp-json\/wp\/v2\/users\/9192192"}],"replies":[{"embeddable":true,"href":"https:\/\/medicina.udd.cl\/fonoaudiologia-santiago\/wp-json\/wp\/v2\/comments?post=3653"}],"version-history":[{"count":3,"href":"https:\/\/medicina.udd.cl\/fonoaudiologia-santiago\/wp-json\/wp\/v2\/posts\/3653\/revisions"}],"predecessor-version":[{"id":3676,"href":"https:\/\/medicina.udd.cl\/fonoaudiologia-santiago\/wp-json\/wp\/v2\/posts\/3653\/revisions\/3676"}],"wp:featuredmedia":[{"embeddable":true,"href":"https:\/\/medicina.udd.cl\/fonoaudiologia-santiago\/wp-json\/wp\/v2\/media\/3656"}],"wp:attachment":[{"href":"https:\/\/medicina.udd.cl\/fonoaudiologia-santiago\/wp-json\/wp\/v2\/media?parent=3653"}],"wp:term":[{"taxonomy":"category","embeddable":true,"href":"https:\/\/medicina.udd.cl\/fonoaudiologia-santiago\/wp-json\/wp\/v2\/categories?post=3653"},{"taxonomy":"post_tag","embeddable":true,"href":"https:\/\/medicina.udd.cl\/fonoaudiologia-santiago\/wp-json\/wp\/v2\/tags?post=3653"}],"curies":[{"name":"wp","href":"https:\/\/api.w.org\/{rel}","templated":true}]}}