{"id":3714,"date":"2017-03-09T10:17:58","date_gmt":"2017-03-09T13:17:58","guid":{"rendered":"http:\/\/medicina.udd.cl\/fonoaudiologia-santiago\/?p=3714"},"modified":"2017-03-09T10:17:58","modified_gmt":"2017-03-09T13:17:58","slug":"alumnos-de-primer-ano-de-fonoaudiologia-udd-concluyeron-semana-puente","status":"publish","type":"post","link":"https:\/\/medicina.udd.cl\/fonoaudiologia-santiago\/noticias\/2017\/03\/09\/alumnos-de-primer-ano-de-fonoaudiologia-udd-concluyeron-semana-puente\/","title":{"rendered":"Alumnos de primer a\u00f1o de Fonoaudiolog\u00eda UDD concluyeron Semana Puente"},"content":{"rendered":"<div id=\"gallery-1\" class=\"carousel slide carousel-gallery\" data-ride=\"false\" data-interval=\"false\"><div class=\"carousel-inner\" role=\"listbox\"><figure class=\"carousel-item active\"><img loading=\"lazy\" decoding=\"async\" width=\"712\" height=\"534\" src=\"https:\/\/medicina.udd.cl\/fonoaudiologia-santiago\/files\/2017\/03\/Puente-Fonoaudiolog\u00eda-6.jpg\" class=\"attachment-landscape_952 size-landscape_952\" alt=\"\" srcset=\"https:\/\/medicina.udd.cl\/fonoaudiologia-santiago\/files\/2017\/03\/Puente-Fonoaudiolog\u00eda-6.jpg 900w, https:\/\/medicina.udd.cl\/fonoaudiologia-santiago\/files\/2017\/03\/Puente-Fonoaudiolog\u00eda-6-300x225.jpg 300w, https:\/\/medicina.udd.cl\/fonoaudiologia-santiago\/files\/2017\/03\/Puente-Fonoaudiolog\u00eda-6-768x576.jpg 768w\" sizes=\"auto, (max-width: 712px) 100vw, 712px\" \/><\/figure><figure class=\"carousel-item\"><img loading=\"lazy\" decoding=\"async\" width=\"712\" height=\"534\" src=\"https:\/\/medicina.udd.cl\/fonoaudiologia-santiago\/files\/2017\/03\/Puente-Fonoaudiolog\u00eda-4.jpg\" class=\"attachment-landscape_952 size-landscape_952\" alt=\"\" srcset=\"https:\/\/medicina.udd.cl\/fonoaudiologia-santiago\/files\/2017\/03\/Puente-Fonoaudiolog\u00eda-4.jpg 900w, https:\/\/medicina.udd.cl\/fonoaudiologia-santiago\/files\/2017\/03\/Puente-Fonoaudiolog\u00eda-4-300x225.jpg 300w, https:\/\/medicina.udd.cl\/fonoaudiologia-santiago\/files\/2017\/03\/Puente-Fonoaudiolog\u00eda-4-768x576.jpg 768w\" sizes=\"auto, (max-width: 712px) 100vw, 712px\" \/><\/figure><figure class=\"carousel-item\"><img loading=\"lazy\" decoding=\"async\" width=\"712\" height=\"534\" src=\"https:\/\/medicina.udd.cl\/fonoaudiologia-santiago\/files\/2017\/03\/Puente-Fonoaudiolog\u00eda-5.jpg\" class=\"attachment-landscape_952 size-landscape_952\" alt=\"\" srcset=\"https:\/\/medicina.udd.cl\/fonoaudiologia-santiago\/files\/2017\/03\/Puente-Fonoaudiolog\u00eda-5.jpg 900w, https:\/\/medicina.udd.cl\/fonoaudiologia-santiago\/files\/2017\/03\/Puente-Fonoaudiolog\u00eda-5-300x225.jpg 300w, https:\/\/medicina.udd.cl\/fonoaudiologia-santiago\/files\/2017\/03\/Puente-Fonoaudiolog\u00eda-5-768x576.jpg 768w\" sizes=\"auto, (max-width: 712px) 100vw, 712px\" \/><\/figure><figure class=\"carousel-item\"><img loading=\"lazy\" decoding=\"async\" width=\"712\" height=\"534\" src=\"https:\/\/medicina.udd.cl\/fonoaudiologia-santiago\/files\/2017\/03\/Puente-Fonoaudiolog\u00eda-10.jpg\" class=\"attachment-landscape_952 size-landscape_952\" alt=\"\" srcset=\"https:\/\/medicina.udd.cl\/fonoaudiologia-santiago\/files\/2017\/03\/Puente-Fonoaudiolog\u00eda-10.jpg 900w, https:\/\/medicina.udd.cl\/fonoaudiologia-santiago\/files\/2017\/03\/Puente-Fonoaudiolog\u00eda-10-300x225.jpg 300w, https:\/\/medicina.udd.cl\/fonoaudiologia-santiago\/files\/2017\/03\/Puente-Fonoaudiolog\u00eda-10-768x576.jpg 768w\" sizes=\"auto, (max-width: 712px) 100vw, 712px\" \/><\/figure><figure class=\"carousel-item\"><img loading=\"lazy\" decoding=\"async\" width=\"712\" height=\"534\" src=\"https:\/\/medicina.udd.cl\/fonoaudiologia-santiago\/files\/2017\/03\/Puente-Fonoaudiolog\u00eda-8.jpg\" class=\"attachment-landscape_952 size-landscape_952\" alt=\"\" srcset=\"https:\/\/medicina.udd.cl\/fonoaudiologia-santiago\/files\/2017\/03\/Puente-Fonoaudiolog\u00eda-8.jpg 900w, https:\/\/medicina.udd.cl\/fonoaudiologia-santiago\/files\/2017\/03\/Puente-Fonoaudiolog\u00eda-8-300x225.jpg 300w, https:\/\/medicina.udd.cl\/fonoaudiologia-santiago\/files\/2017\/03\/Puente-Fonoaudiolog\u00eda-8-768x576.jpg 768w\" sizes=\"auto, (max-width: 712px) 100vw, 712px\" \/><\/figure><figure class=\"carousel-item\"><img loading=\"lazy\" decoding=\"async\" width=\"712\" height=\"534\" src=\"https:\/\/medicina.udd.cl\/fonoaudiologia-santiago\/files\/2017\/03\/Puente-Fonoaudiolog\u00eda-9.jpg\" class=\"attachment-landscape_952 size-landscape_952\" alt=\"\" srcset=\"https:\/\/medicina.udd.cl\/fonoaudiologia-santiago\/files\/2017\/03\/Puente-Fonoaudiolog\u00eda-9.jpg 900w, https:\/\/medicina.udd.cl\/fonoaudiologia-santiago\/files\/2017\/03\/Puente-Fonoaudiolog\u00eda-9-300x225.jpg 300w, https:\/\/medicina.udd.cl\/fonoaudiologia-santiago\/files\/2017\/03\/Puente-Fonoaudiolog\u00eda-9-768x576.jpg 768w\" sizes=\"auto, (max-width: 712px) 100vw, 712px\" \/><\/figure><figure class=\"carousel-item\"><img loading=\"lazy\" decoding=\"async\" width=\"712\" height=\"534\" src=\"https:\/\/medicina.udd.cl\/fonoaudiologia-santiago\/files\/2017\/03\/Puente-Fonoaudiolog\u00eda-7.jpg\" class=\"attachment-landscape_952 size-landscape_952\" alt=\"\" srcset=\"https:\/\/medicina.udd.cl\/fonoaudiologia-santiago\/files\/2017\/03\/Puente-Fonoaudiolog\u00eda-7.jpg 900w, https:\/\/medicina.udd.cl\/fonoaudiologia-santiago\/files\/2017\/03\/Puente-Fonoaudiolog\u00eda-7-300x225.jpg 300w, https:\/\/medicina.udd.cl\/fonoaudiologia-santiago\/files\/2017\/03\/Puente-Fonoaudiolog\u00eda-7-768x576.jpg 768w\" sizes=\"auto, (max-width: 712px) 100vw, 712px\" \/><\/figure><figure class=\"carousel-item\"><img loading=\"lazy\" decoding=\"async\" width=\"712\" height=\"534\" src=\"https:\/\/medicina.udd.cl\/fonoaudiologia-santiago\/files\/2017\/03\/Puente-Fonoaudiolog\u00eda-11.jpg\" class=\"attachment-landscape_952 size-landscape_952\" alt=\"\" srcset=\"https:\/\/medicina.udd.cl\/fonoaudiologia-santiago\/files\/2017\/03\/Puente-Fonoaudiolog\u00eda-11.jpg 900w, https:\/\/medicina.udd.cl\/fonoaudiologia-santiago\/files\/2017\/03\/Puente-Fonoaudiolog\u00eda-11-300x225.jpg 300w, https:\/\/medicina.udd.cl\/fonoaudiologia-santiago\/files\/2017\/03\/Puente-Fonoaudiolog\u00eda-11-768x576.jpg 768w\" sizes=\"auto, (max-width: 712px) 100vw, 712px\" \/><\/figure><figure class=\"carousel-item\"><img loading=\"lazy\" decoding=\"async\" width=\"712\" height=\"534\" src=\"https:\/\/medicina.udd.cl\/fonoaudiologia-santiago\/files\/2017\/03\/Puente-Fonoaudiolog\u00eda-17.jpg\" class=\"attachment-landscape_952 size-landscape_952\" alt=\"\" srcset=\"https:\/\/medicina.udd.cl\/fonoaudiologia-santiago\/files\/2017\/03\/Puente-Fonoaudiolog\u00eda-17.jpg 900w, https:\/\/medicina.udd.cl\/fonoaudiologia-santiago\/files\/2017\/03\/Puente-Fonoaudiolog\u00eda-17-300x225.jpg 300w, https:\/\/medicina.udd.cl\/fonoaudiologia-santiago\/files\/2017\/03\/Puente-Fonoaudiolog\u00eda-17-768x576.jpg 768w\" sizes=\"auto, (max-width: 712px) 100vw, 712px\" \/><\/figure><figure class=\"carousel-item\"><img loading=\"lazy\" decoding=\"async\" width=\"712\" height=\"534\" src=\"https:\/\/medicina.udd.cl\/fonoaudiologia-santiago\/files\/2017\/03\/Puente-Fonoaudiolog\u00eda-15.jpg\" class=\"attachment-landscape_952 size-landscape_952\" alt=\"\" srcset=\"https:\/\/medicina.udd.cl\/fonoaudiologia-santiago\/files\/2017\/03\/Puente-Fonoaudiolog\u00eda-15.jpg 900w, https:\/\/medicina.udd.cl\/fonoaudiologia-santiago\/files\/2017\/03\/Puente-Fonoaudiolog\u00eda-15-300x225.jpg 300w, https:\/\/medicina.udd.cl\/fonoaudiologia-santiago\/files\/2017\/03\/Puente-Fonoaudiolog\u00eda-15-768x576.jpg 768w\" sizes=\"auto, (max-width: 712px) 100vw, 712px\" \/><\/figure><figure class=\"carousel-item\"><img loading=\"lazy\" decoding=\"async\" width=\"797\" height=\"534\" src=\"https:\/\/medicina.udd.cl\/fonoaudiologia-santiago\/files\/2017\/03\/Puente-Fonoaudiolog\u00eda-13.jpg\" class=\"attachment-landscape_952 size-landscape_952\" alt=\"\" srcset=\"https:\/\/medicina.udd.cl\/fonoaudiologia-santiago\/files\/2017\/03\/Puente-Fonoaudiolog\u00eda-13.jpg 900w, https:\/\/medicina.udd.cl\/fonoaudiologia-santiago\/files\/2017\/03\/Puente-Fonoaudiolog\u00eda-13-300x201.jpg 300w, https:\/\/medicina.udd.cl\/fonoaudiologia-santiago\/files\/2017\/03\/Puente-Fonoaudiolog\u00eda-13-768x515.jpg 768w\" sizes=\"auto, (max-width: 797px) 100vw, 797px\" \/><\/figure><figure class=\"carousel-item\"><img loading=\"lazy\" decoding=\"async\" width=\"800\" height=\"534\" src=\"https:\/\/medicina.udd.cl\/fonoaudiologia-santiago\/files\/2017\/03\/Puente-Fonoaudiolog\u00eda-14.jpg\" class=\"attachment-landscape_952 size-landscape_952\" alt=\"\" srcset=\"https:\/\/medicina.udd.cl\/fonoaudiologia-santiago\/files\/2017\/03\/Puente-Fonoaudiolog\u00eda-14.jpg 900w, https:\/\/medicina.udd.cl\/fonoaudiologia-santiago\/files\/2017\/03\/Puente-Fonoaudiolog\u00eda-14-300x200.jpg 300w, https:\/\/medicina.udd.cl\/fonoaudiologia-santiago\/files\/2017\/03\/Puente-Fonoaudiolog\u00eda-14-768x513.jpg 768w\" sizes=\"auto, (max-width: 800px) 100vw, 800px\" \/><\/figure><figure class=\"carousel-item\"><img loading=\"lazy\" decoding=\"async\" width=\"800\" height=\"534\" src=\"https:\/\/medicina.udd.cl\/fonoaudiologia-santiago\/files\/2017\/03\/Puente-Fonoaudiolog\u00eda-12.jpg\" class=\"attachment-landscape_952 size-landscape_952\" alt=\"\" srcset=\"https:\/\/medicina.udd.cl\/fonoaudiologia-santiago\/files\/2017\/03\/Puente-Fonoaudiolog\u00eda-12.jpg 900w, https:\/\/medicina.udd.cl\/fonoaudiologia-santiago\/files\/2017\/03\/Puente-Fonoaudiolog\u00eda-12-300x200.jpg 300w, https:\/\/medicina.udd.cl\/fonoaudiologia-santiago\/files\/2017\/03\/Puente-Fonoaudiolog\u00eda-12-768x513.jpg 768w\" sizes=\"auto, (max-width: 800px) 100vw, 800px\" \/><\/figure><figure class=\"carousel-item\"><img loading=\"lazy\" decoding=\"async\" width=\"712\" height=\"534\" src=\"https:\/\/medicina.udd.cl\/fonoaudiologia-santiago\/files\/2017\/03\/Puente-Fonoaudiolog\u00eda-16.jpg\" class=\"attachment-landscape_952 size-landscape_952\" alt=\"\" srcset=\"https:\/\/medicina.udd.cl\/fonoaudiologia-santiago\/files\/2017\/03\/Puente-Fonoaudiolog\u00eda-16.jpg 900w, https:\/\/medicina.udd.cl\/fonoaudiologia-santiago\/files\/2017\/03\/Puente-Fonoaudiolog\u00eda-16-300x225.jpg 300w, https:\/\/medicina.udd.cl\/fonoaudiologia-santiago\/files\/2017\/03\/Puente-Fonoaudiolog\u00eda-16-768x576.jpg 768w\" sizes=\"auto, (max-width: 712px) 100vw, 712px\" \/><\/figure><\/div><footer class=\"carousel-footer\"><div class=\"carousel-counter\"><span class=\"carousel-counter-current\"><\/span> \/ <span class=\"carousel-counter-total\"><\/span><\/div><a class=\"carousel-control-prev\" href=\"#gallery-1\" role=\"button\" data-slide=\"prev\"><svg aria-hidden=\"true\" class=\"svg-chevron-left-dims\"><use xlink:href='https:\/\/medicina.udd.cl\/fonoaudiologia-santiago\/wp-content\/themes\/facultades-2018\/assets\/img\/svg\/dist\/main.svg?version=1695853099#chevron-left'><\/use><\/svg><span class=\"sr-only\">Anterior<\/span><\/a><a class=\"carousel-control-next\" href=\"#gallery-1\" role=\"button\" data-slide=\"next\"><svg aria-hidden=\"true\" class=\"svg-chevron-right-dims\"><use xlink:href='https:\/\/medicina.udd.cl\/fonoaudiologia-santiago\/wp-content\/themes\/facultades-2018\/assets\/img\/svg\/dist\/main.svg?version=1695853099#chevron-right'><\/use><\/svg><span class=\"sr-only\">Siguiente<\/span><\/a><\/footer><\/div>\n<p style=\"text-align: justify\">Como parte del Programa Puente, la carrera de Fonoaudiolog\u00eda de la Universidad del Desarrollo realiz\u00f3 una serie de actividades orientadas a introducir a los alumnos de primer a\u00f1o a la vida universitaria.<\/p>\n<p style=\"text-align: justify\">Durante tres d\u00edas, los estudiantes conocieron a las autoridades de la Universidad y de la Facultad de Medicina CAS-UDD, adem\u00e1s, participaron en actividades organizadas por el centro de alumnos de la carrera y la Direcci\u00f3n de Asuntos Estudiantiles.<\/p>\n<p style=\"text-align: justify\">\u201cLa importancia de este programa est\u00e1 en orientarlos en todo lo relacionado a las reglas y ayudarlos a desenvolverse en forma aut\u00f3noma en los pr\u00f3ximos a\u00f1os. Tambi\u00e9n podemos presentarles la\u00a0universidad para que se sientan parte de ella desde su ingreso, aclarar sus\u00a0dudas y que conozcan a los\u00a0directivos y docentes\u201d, se\u00f1al\u00f3 la <strong>directora de Fonaudiolog\u00eda UDD, M. Ang\u00e9lica L\u00f3pez O\u00f1att<\/strong>.<\/p>\n<p style=\"text-align: justify\">En la recepci\u00f3n, los estudiantes tuvieron un primer acercamiento al ejercicio de la profesi\u00f3n al conocer el testimonio de un paciente que sufri\u00f3 un TEC grave, siendo diagnosticado con par\u00e1lisis de cuerda vocal, trastorno de degluci\u00f3n, de voz y habla severo. Adem\u00e1s, participaron en una actividad en el laboratorio de voz, en que recibieron algunas t\u00e9cnicas de entrenamiento para el canto e interpretaron un cannon a cuatro voces.<\/p>\n<p style=\"text-align: justify\">Finalmente, el doctor Arnold Hoppe dict\u00f3 la charla \u201cH\u00e1bitos del sue\u00f1o\u201d, a la que tambi\u00e9n asistieron estudiantes de Nutrici\u00f3n y Diet\u00e9tica, y Tecnolog\u00eda M\u00e9dica.<\/p>\n<p style=\"text-align: justify\">\n","protected":false},"excerpt":{"rendered":"<p>En la recepci\u00f3n, los estudiantes tuvieron un primer acercamiento al ejercicio de la profesi\u00f3n al conocer el testimonio de un paciente que sufri\u00f3 un TEC grave.<\/p>\n","protected":false},"author":9192192,"featured_media":3725,"comment_status":"open","ping_status":"open","sticky":false,"template":"","format":"standard","meta":{"footnotes":""},"categories":[4],"tags":[],"class_list":["post-3714","post","type-post","status-publish","format-standard","has-post-thumbnail","hentry","category-noticias"],"yoast_head":"<!-- This site is optimized with the Yoast SEO plugin v26.9 - https:\/\/yoast.com\/product\/yoast-seo-wordpress\/ -->\n<title>Alumnos de primer a\u00f1o de Fonoaudiolog\u00eda UDD concluyeron Semana Puente - Fonoaudiolog\u00eda<\/title>\n<meta name=\"robots\" content=\"index, follow, max-snippet:-1, max-image-preview:large, max-video-preview:-1\" \/>\n<link rel=\"canonical\" href=\"https:\/\/medicina.udd.cl\/fonoaudiologia-santiago\/noticias\/2017\/03\/09\/alumnos-de-primer-ano-de-fonoaudiologia-udd-concluyeron-semana-puente\/\" \/>\n<meta property=\"og:locale\" content=\"es_ES\" \/>\n<meta property=\"og:type\" content=\"article\" \/>\n<meta property=\"og:title\" content=\"Alumnos de primer a\u00f1o de Fonoaudiolog\u00eda UDD concluyeron Semana Puente - Fonoaudiolog\u00eda\" \/>\n<meta property=\"og:description\" content=\"En la recepci\u00f3n, los estudiantes tuvieron un primer acercamiento al ejercicio de la profesi\u00f3n al conocer el testimonio de un paciente que sufri\u00f3 un TEC grave.\" \/>\n<meta property=\"og:url\" content=\"https:\/\/medicina.udd.cl\/fonoaudiologia-santiago\/noticias\/2017\/03\/09\/alumnos-de-primer-ano-de-fonoaudiologia-udd-concluyeron-semana-puente\/\" \/>\n<meta property=\"og:site_name\" content=\"Fonoaudiolog\u00eda\" \/>\n<meta property=\"article:published_time\" content=\"2017-03-09T13:17:58+00:00\" \/>\n<meta property=\"og:image\" content=\"https:\/\/medicina.udd.cl\/fonoaudiologia-santiago\/files\/2017\/03\/Puente-Fonoaudiolog\u00eda-11.jpg\" \/>\n\t<meta property=\"og:image:width\" content=\"900\" \/>\n\t<meta property=\"og:image:height\" content=\"675\" \/>\n\t<meta property=\"og:image:type\" content=\"image\/jpeg\" \/>\n<meta name=\"author\" content=\"paulinamunoz\" \/>\n<meta name=\"twitter:label1\" content=\"Escrito por\" \/>\n\t<meta name=\"twitter:data1\" content=\"paulinamunoz\" \/>\n\t<meta name=\"twitter:label2\" content=\"Tiempo de lectura\" \/>\n\t<meta name=\"twitter:data2\" content=\"1 minuto\" \/>\n<script type=\"application\/ld+json\" class=\"yoast-schema-graph\">{\"@context\":\"https:\/\/schema.org\",\"@graph\":[{\"@type\":\"Article\",\"@id\":\"https:\/\/medicina.udd.cl\/fonoaudiologia-santiago\/noticias\/2017\/03\/09\/alumnos-de-primer-ano-de-fonoaudiologia-udd-concluyeron-semana-puente\/#article\",\"isPartOf\":{\"@id\":\"https:\/\/medicina.udd.cl\/fonoaudiologia-santiago\/noticias\/2017\/03\/09\/alumnos-de-primer-ano-de-fonoaudiologia-udd-concluyeron-semana-puente\/\"},\"author\":{\"name\":\"paulinamunoz\",\"@id\":\"https:\/\/medicina.udd.cl\/fonoaudiologia-santiago\/#\/schema\/person\/8bbd66125b574a40ec467c180c11f2e3\"},\"headline\":\"Alumnos de primer a\u00f1o de Fonoaudiolog\u00eda UDD concluyeron Semana Puente\",\"datePublished\":\"2017-03-09T13:17:58+00:00\",\"mainEntityOfPage\":{\"@id\":\"https:\/\/medicina.udd.cl\/fonoaudiologia-santiago\/noticias\/2017\/03\/09\/alumnos-de-primer-ano-de-fonoaudiologia-udd-concluyeron-semana-puente\/\"},\"wordCount\":265,\"commentCount\":0,\"image\":{\"@id\":\"https:\/\/medicina.udd.cl\/fonoaudiologia-santiago\/noticias\/2017\/03\/09\/alumnos-de-primer-ano-de-fonoaudiologia-udd-concluyeron-semana-puente\/#primaryimage\"},\"thumbnailUrl\":\"https:\/\/medicina.udd.cl\/fonoaudiologia-santiago\/files\/2017\/03\/Puente-Fonoaudiolog\u00eda-11.jpg\",\"articleSection\":[\"Noticias\"],\"inLanguage\":\"es\",\"potentialAction\":[{\"@type\":\"CommentAction\",\"name\":\"Comment\",\"target\":[\"https:\/\/medicina.udd.cl\/fonoaudiologia-santiago\/noticias\/2017\/03\/09\/alumnos-de-primer-ano-de-fonoaudiologia-udd-concluyeron-semana-puente\/#respond\"]}]},{\"@type\":\"WebPage\",\"@id\":\"https:\/\/medicina.udd.cl\/fonoaudiologia-santiago\/noticias\/2017\/03\/09\/alumnos-de-primer-ano-de-fonoaudiologia-udd-concluyeron-semana-puente\/\",\"url\":\"https:\/\/medicina.udd.cl\/fonoaudiologia-santiago\/noticias\/2017\/03\/09\/alumnos-de-primer-ano-de-fonoaudiologia-udd-concluyeron-semana-puente\/\",\"name\":\"Alumnos de primer a\u00f1o de Fonoaudiolog\u00eda UDD concluyeron Semana Puente - Fonoaudiolog\u00eda\",\"isPartOf\":{\"@id\":\"https:\/\/medicina.udd.cl\/fonoaudiologia-santiago\/#website\"},\"primaryImageOfPage\":{\"@id\":\"https:\/\/medicina.udd.cl\/fonoaudiologia-santiago\/noticias\/2017\/03\/09\/alumnos-de-primer-ano-de-fonoaudiologia-udd-concluyeron-semana-puente\/#primaryimage\"},\"image\":{\"@id\":\"https:\/\/medicina.udd.cl\/fonoaudiologia-santiago\/noticias\/2017\/03\/09\/alumnos-de-primer-ano-de-fonoaudiologia-udd-concluyeron-semana-puente\/#primaryimage\"},\"thumbnailUrl\":\"https:\/\/medicina.udd.cl\/fonoaudiologia-santiago\/files\/2017\/03\/Puente-Fonoaudiolog\u00eda-11.jpg\",\"datePublished\":\"2017-03-09T13:17:58+00:00\",\"author\":{\"@id\":\"https:\/\/medicina.udd.cl\/fonoaudiologia-santiago\/#\/schema\/person\/8bbd66125b574a40ec467c180c11f2e3\"},\"breadcrumb\":{\"@id\":\"https:\/\/medicina.udd.cl\/fonoaudiologia-santiago\/noticias\/2017\/03\/09\/alumnos-de-primer-ano-de-fonoaudiologia-udd-concluyeron-semana-puente\/#breadcrumb\"},\"inLanguage\":\"es\",\"potentialAction\":[{\"@type\":\"ReadAction\",\"target\":[\"https:\/\/medicina.udd.cl\/fonoaudiologia-santiago\/noticias\/2017\/03\/09\/alumnos-de-primer-ano-de-fonoaudiologia-udd-concluyeron-semana-puente\/\"]}]},{\"@type\":\"ImageObject\",\"inLanguage\":\"es\",\"@id\":\"https:\/\/medicina.udd.cl\/fonoaudiologia-santiago\/noticias\/2017\/03\/09\/alumnos-de-primer-ano-de-fonoaudiologia-udd-concluyeron-semana-puente\/#primaryimage\",\"url\":\"https:\/\/medicina.udd.cl\/fonoaudiologia-santiago\/files\/2017\/03\/Puente-Fonoaudiolog\u00eda-11.jpg\",\"contentUrl\":\"https:\/\/medicina.udd.cl\/fonoaudiologia-santiago\/files\/2017\/03\/Puente-Fonoaudiolog\u00eda-11.jpg\",\"width\":900,\"height\":675},{\"@type\":\"BreadcrumbList\",\"@id\":\"https:\/\/medicina.udd.cl\/fonoaudiologia-santiago\/noticias\/2017\/03\/09\/alumnos-de-primer-ano-de-fonoaudiologia-udd-concluyeron-semana-puente\/#breadcrumb\",\"itemListElement\":[{\"@type\":\"ListItem\",\"position\":1,\"name\":\"Home\",\"item\":\"https:\/\/medicina.udd.cl\/fonoaudiologia-santiago\/\"},{\"@type\":\"ListItem\",\"position\":2,\"name\":\"Alumnos de primer a\u00f1o de Fonoaudiolog\u00eda UDD concluyeron Semana Puente\"}]},{\"@type\":\"WebSite\",\"@id\":\"https:\/\/medicina.udd.cl\/fonoaudiologia-santiago\/#website\",\"url\":\"https:\/\/medicina.udd.cl\/fonoaudiologia-santiago\/\",\"name\":\"Fonoaudiolog\u00eda\",\"description\":\"Facultad de Medicina Cl\u00ednica Alemana Universidad del Desarrollo\",\"inLanguage\":\"es\"},{\"@type\":\"Person\",\"@id\":\"https:\/\/medicina.udd.cl\/fonoaudiologia-santiago\/#\/schema\/person\/8bbd66125b574a40ec467c180c11f2e3\",\"name\":\"paulinamunoz\",\"image\":{\"@type\":\"ImageObject\",\"inLanguage\":\"es\",\"@id\":\"https:\/\/medicina.udd.cl\/fonoaudiologia-santiago\/#\/schema\/person\/image\/\",\"url\":\"https:\/\/secure.gravatar.com\/avatar\/748ce8fb74e8f8077c4966697a3b3710ca0019e71a62146890c0dcdc705e7f3d?s=96&d=mm&r=g\",\"contentUrl\":\"https:\/\/secure.gravatar.com\/avatar\/748ce8fb74e8f8077c4966697a3b3710ca0019e71a62146890c0dcdc705e7f3d?s=96&d=mm&r=g\",\"caption\":\"paulinamunoz\"},\"url\":\"https:\/\/medicina.udd.cl\/fonoaudiologia-santiago\/noticias\/author\/paulinamunoz\/\"}]}<\/script>\n<!-- \/ Yoast SEO plugin. -->","yoast_head_json":{"title":"Alumnos de primer a\u00f1o de Fonoaudiolog\u00eda UDD concluyeron Semana Puente - Fonoaudiolog\u00eda","robots":{"index":"index","follow":"follow","max-snippet":"max-snippet:-1","max-image-preview":"max-image-preview:large","max-video-preview":"max-video-preview:-1"},"canonical":"https:\/\/medicina.udd.cl\/fonoaudiologia-santiago\/noticias\/2017\/03\/09\/alumnos-de-primer-ano-de-fonoaudiologia-udd-concluyeron-semana-puente\/","og_locale":"es_ES","og_type":"article","og_title":"Alumnos de primer a\u00f1o de Fonoaudiolog\u00eda UDD concluyeron Semana Puente - Fonoaudiolog\u00eda","og_description":"En la recepci\u00f3n, los estudiantes tuvieron un primer acercamiento al ejercicio de la profesi\u00f3n al conocer el testimonio de un paciente que sufri\u00f3 un TEC grave.","og_url":"https:\/\/medicina.udd.cl\/fonoaudiologia-santiago\/noticias\/2017\/03\/09\/alumnos-de-primer-ano-de-fonoaudiologia-udd-concluyeron-semana-puente\/","og_site_name":"Fonoaudiolog\u00eda","article_published_time":"2017-03-09T13:17:58+00:00","og_image":[{"width":900,"height":675,"url":"https:\/\/medicina.udd.cl\/fonoaudiologia-santiago\/files\/2017\/03\/Puente-Fonoaudiolog\u00eda-11.jpg","type":"image\/jpeg"}],"author":"paulinamunoz","twitter_misc":{"Escrito por":"paulinamunoz","Tiempo de lectura":"1 minuto"},"schema":{"@context":"https:\/\/schema.org","@graph":[{"@type":"Article","@id":"https:\/\/medicina.udd.cl\/fonoaudiologia-santiago\/noticias\/2017\/03\/09\/alumnos-de-primer-ano-de-fonoaudiologia-udd-concluyeron-semana-puente\/#article","isPartOf":{"@id":"https:\/\/medicina.udd.cl\/fonoaudiologia-santiago\/noticias\/2017\/03\/09\/alumnos-de-primer-ano-de-fonoaudiologia-udd-concluyeron-semana-puente\/"},"author":{"name":"paulinamunoz","@id":"https:\/\/medicina.udd.cl\/fonoaudiologia-santiago\/#\/schema\/person\/8bbd66125b574a40ec467c180c11f2e3"},"headline":"Alumnos de primer a\u00f1o de Fonoaudiolog\u00eda UDD concluyeron Semana Puente","datePublished":"2017-03-09T13:17:58+00:00","mainEntityOfPage":{"@id":"https:\/\/medicina.udd.cl\/fonoaudiologia-santiago\/noticias\/2017\/03\/09\/alumnos-de-primer-ano-de-fonoaudiologia-udd-concluyeron-semana-puente\/"},"wordCount":265,"commentCount":0,"image":{"@id":"https:\/\/medicina.udd.cl\/fonoaudiologia-santiago\/noticias\/2017\/03\/09\/alumnos-de-primer-ano-de-fonoaudiologia-udd-concluyeron-semana-puente\/#primaryimage"},"thumbnailUrl":"https:\/\/medicina.udd.cl\/fonoaudiologia-santiago\/files\/2017\/03\/Puente-Fonoaudiolog\u00eda-11.jpg","articleSection":["Noticias"],"inLanguage":"es","potentialAction":[{"@type":"CommentAction","name":"Comment","target":["https:\/\/medicina.udd.cl\/fonoaudiologia-santiago\/noticias\/2017\/03\/09\/alumnos-de-primer-ano-de-fonoaudiologia-udd-concluyeron-semana-puente\/#respond"]}]},{"@type":"WebPage","@id":"https:\/\/medicina.udd.cl\/fonoaudiologia-santiago\/noticias\/2017\/03\/09\/alumnos-de-primer-ano-de-fonoaudiologia-udd-concluyeron-semana-puente\/","url":"https:\/\/medicina.udd.cl\/fonoaudiologia-santiago\/noticias\/2017\/03\/09\/alumnos-de-primer-ano-de-fonoaudiologia-udd-concluyeron-semana-puente\/","name":"Alumnos de primer a\u00f1o de Fonoaudiolog\u00eda UDD concluyeron Semana Puente - Fonoaudiolog\u00eda","isPartOf":{"@id":"https:\/\/medicina.udd.cl\/fonoaudiologia-santiago\/#website"},"primaryImageOfPage":{"@id":"https:\/\/medicina.udd.cl\/fonoaudiologia-santiago\/noticias\/2017\/03\/09\/alumnos-de-primer-ano-de-fonoaudiologia-udd-concluyeron-semana-puente\/#primaryimage"},"image":{"@id":"https:\/\/medicina.udd.cl\/fonoaudiologia-santiago\/noticias\/2017\/03\/09\/alumnos-de-primer-ano-de-fonoaudiologia-udd-concluyeron-semana-puente\/#primaryimage"},"thumbnailUrl":"https:\/\/medicina.udd.cl\/fonoaudiologia-santiago\/files\/2017\/03\/Puente-Fonoaudiolog\u00eda-11.jpg","datePublished":"2017-03-09T13:17:58+00:00","author":{"@id":"https:\/\/medicina.udd.cl\/fonoaudiologia-santiago\/#\/schema\/person\/8bbd66125b574a40ec467c180c11f2e3"},"breadcrumb":{"@id":"https:\/\/medicina.udd.cl\/fonoaudiologia-santiago\/noticias\/2017\/03\/09\/alumnos-de-primer-ano-de-fonoaudiologia-udd-concluyeron-semana-puente\/#breadcrumb"},"inLanguage":"es","potentialAction":[{"@type":"ReadAction","target":["https:\/\/medicina.udd.cl\/fonoaudiologia-santiago\/noticias\/2017\/03\/09\/alumnos-de-primer-ano-de-fonoaudiologia-udd-concluyeron-semana-puente\/"]}]},{"@type":"ImageObject","inLanguage":"es","@id":"https:\/\/medicina.udd.cl\/fonoaudiologia-santiago\/noticias\/2017\/03\/09\/alumnos-de-primer-ano-de-fonoaudiologia-udd-concluyeron-semana-puente\/#primaryimage","url":"https:\/\/medicina.udd.cl\/fonoaudiologia-santiago\/files\/2017\/03\/Puente-Fonoaudiolog\u00eda-11.jpg","contentUrl":"https:\/\/medicina.udd.cl\/fonoaudiologia-santiago\/files\/2017\/03\/Puente-Fonoaudiolog\u00eda-11.jpg","width":900,"height":675},{"@type":"BreadcrumbList","@id":"https:\/\/medicina.udd.cl\/fonoaudiologia-santiago\/noticias\/2017\/03\/09\/alumnos-de-primer-ano-de-fonoaudiologia-udd-concluyeron-semana-puente\/#breadcrumb","itemListElement":[{"@type":"ListItem","position":1,"name":"Home","item":"https:\/\/medicina.udd.cl\/fonoaudiologia-santiago\/"},{"@type":"ListItem","position":2,"name":"Alumnos de primer a\u00f1o de Fonoaudiolog\u00eda UDD concluyeron Semana Puente"}]},{"@type":"WebSite","@id":"https:\/\/medicina.udd.cl\/fonoaudiologia-santiago\/#website","url":"https:\/\/medicina.udd.cl\/fonoaudiologia-santiago\/","name":"Fonoaudiolog\u00eda","description":"Facultad de Medicina Cl\u00ednica Alemana Universidad del Desarrollo","inLanguage":"es"},{"@type":"Person","@id":"https:\/\/medicina.udd.cl\/fonoaudiologia-santiago\/#\/schema\/person\/8bbd66125b574a40ec467c180c11f2e3","name":"paulinamunoz","image":{"@type":"ImageObject","inLanguage":"es","@id":"https:\/\/medicina.udd.cl\/fonoaudiologia-santiago\/#\/schema\/person\/image\/","url":"https:\/\/secure.gravatar.com\/avatar\/748ce8fb74e8f8077c4966697a3b3710ca0019e71a62146890c0dcdc705e7f3d?s=96&d=mm&r=g","contentUrl":"https:\/\/secure.gravatar.com\/avatar\/748ce8fb74e8f8077c4966697a3b3710ca0019e71a62146890c0dcdc705e7f3d?s=96&d=mm&r=g","caption":"paulinamunoz"},"url":"https:\/\/medicina.udd.cl\/fonoaudiologia-santiago\/noticias\/author\/paulinamunoz\/"}]}},"featured_image_url":"https:\/\/medicina.udd.cl\/fonoaudiologia-santiago\/files\/2017\/03\/Puente-Fonoaudiolog\u00eda-11.jpg","_links":{"self":[{"href":"https:\/\/medicina.udd.cl\/fonoaudiologia-santiago\/wp-json\/wp\/v2\/posts\/3714","targetHints":{"allow":["GET"]}}],"collection":[{"href":"https:\/\/medicina.udd.cl\/fonoaudiologia-santiago\/wp-json\/wp\/v2\/posts"}],"about":[{"href":"https:\/\/medicina.udd.cl\/fonoaudiologia-santiago\/wp-json\/wp\/v2\/types\/post"}],"author":[{"embeddable":true,"href":"https:\/\/medicina.udd.cl\/fonoaudiologia-santiago\/wp-json\/wp\/v2\/users\/9192192"}],"replies":[{"embeddable":true,"href":"https:\/\/medicina.udd.cl\/fonoaudiologia-santiago\/wp-json\/wp\/v2\/comments?post=3714"}],"version-history":[{"count":2,"href":"https:\/\/medicina.udd.cl\/fonoaudiologia-santiago\/wp-json\/wp\/v2\/posts\/3714\/revisions"}],"predecessor-version":[{"id":3733,"href":"https:\/\/medicina.udd.cl\/fonoaudiologia-santiago\/wp-json\/wp\/v2\/posts\/3714\/revisions\/3733"}],"wp:featuredmedia":[{"embeddable":true,"href":"https:\/\/medicina.udd.cl\/fonoaudiologia-santiago\/wp-json\/wp\/v2\/media\/3725"}],"wp:attachment":[{"href":"https:\/\/medicina.udd.cl\/fonoaudiologia-santiago\/wp-json\/wp\/v2\/media?parent=3714"}],"wp:term":[{"taxonomy":"category","embeddable":true,"href":"https:\/\/medicina.udd.cl\/fonoaudiologia-santiago\/wp-json\/wp\/v2\/categories?post=3714"},{"taxonomy":"post_tag","embeddable":true,"href":"https:\/\/medicina.udd.cl\/fonoaudiologia-santiago\/wp-json\/wp\/v2\/tags?post=3714"}],"curies":[{"name":"wp","href":"https:\/\/api.w.org\/{rel}","templated":true}]}}