{"id":381,"date":"2010-12-09T14:41:29","date_gmt":"2010-12-09T17:41:29","guid":{"rendered":"http:\/\/medicina.udd.cl\/fonoaudiologia-santiago\/2010\/12\/09\/finalizan-actividades-practicas-asignaturas-area-linguistica\/"},"modified":"2010-12-14T11:19:13","modified_gmt":"2010-12-14T14:19:13","slug":"finalizan-actividades-practicas-asignaturas-area-linguistica","status":"publish","type":"post","link":"https:\/\/medicina.udd.cl\/fonoaudiologia-santiago\/noticias\/2010\/12\/09\/finalizan-actividades-practicas-asignaturas-area-linguistica\/","title":{"rendered":"Finalizan actividades pr\u00e1cticas asignaturas \u00e1rea Ling\u00fc\u00edstica"},"content":{"rendered":"<div id=\"gallery-1\" class=\"carousel slide carousel-gallery\" data-ride=\"false\" data-interval=\"false\"><div class=\"carousel-inner\" role=\"listbox\"><figure class=\"carousel-item active\"><img loading=\"lazy\" decoding=\"async\" width=\"716\" height=\"534\" src=\"https:\/\/medicina.udd.cl\/fonoaudiologia-santiago\/files\/2010\/12\/I-4.jpg\" class=\"attachment-landscape_952 size-landscape_952\" alt=\"\" srcset=\"https:\/\/medicina.udd.cl\/fonoaudiologia-santiago\/files\/2010\/12\/I-4.jpg 800w, https:\/\/medicina.udd.cl\/fonoaudiologia-santiago\/files\/2010\/12\/I-4-300x224.jpg 300w, https:\/\/medicina.udd.cl\/fonoaudiologia-santiago\/files\/2010\/12\/I-4-768x573.jpg 768w\" sizes=\"auto, (max-width: 716px) 100vw, 716px\" \/><\/figure><figure class=\"carousel-item\"><img loading=\"lazy\" decoding=\"async\" width=\"712\" height=\"534\" src=\"https:\/\/medicina.udd.cl\/fonoaudiologia-santiago\/files\/2010\/12\/I-3.jpg\" class=\"attachment-landscape_952 size-landscape_952\" alt=\"\" srcset=\"https:\/\/medicina.udd.cl\/fonoaudiologia-santiago\/files\/2010\/12\/I-3.jpg 800w, https:\/\/medicina.udd.cl\/fonoaudiologia-santiago\/files\/2010\/12\/I-3-300x225.jpg 300w, https:\/\/medicina.udd.cl\/fonoaudiologia-santiago\/files\/2010\/12\/I-3-768x576.jpg 768w\" sizes=\"auto, (max-width: 712px) 100vw, 712px\" \/><\/figure><figure class=\"carousel-item\"><img loading=\"lazy\" decoding=\"async\" width=\"712\" height=\"534\" src=\"https:\/\/medicina.udd.cl\/fonoaudiologia-santiago\/files\/2010\/12\/I-2.jpg\" class=\"attachment-landscape_952 size-landscape_952\" alt=\"\" srcset=\"https:\/\/medicina.udd.cl\/fonoaudiologia-santiago\/files\/2010\/12\/I-2.jpg 800w, https:\/\/medicina.udd.cl\/fonoaudiologia-santiago\/files\/2010\/12\/I-2-300x225.jpg 300w, https:\/\/medicina.udd.cl\/fonoaudiologia-santiago\/files\/2010\/12\/I-2-768x576.jpg 768w\" sizes=\"auto, (max-width: 712px) 100vw, 712px\" \/><\/figure><figure class=\"carousel-item\"><img loading=\"lazy\" decoding=\"async\" width=\"698\" height=\"534\" src=\"https:\/\/medicina.udd.cl\/fonoaudiologia-santiago\/files\/2010\/12\/I-1.jpg\" class=\"attachment-landscape_952 size-landscape_952\" alt=\"\" srcset=\"https:\/\/medicina.udd.cl\/fonoaudiologia-santiago\/files\/2010\/12\/I-1.jpg 800w, https:\/\/medicina.udd.cl\/fonoaudiologia-santiago\/files\/2010\/12\/I-1-300x230.jpg 300w, https:\/\/medicina.udd.cl\/fonoaudiologia-santiago\/files\/2010\/12\/I-1-768x588.jpg 768w, https:\/\/medicina.udd.cl\/fonoaudiologia-santiago\/files\/2010\/12\/I-1-182x140.jpg 182w\" sizes=\"auto, (max-width: 698px) 100vw, 698px\" \/><\/figure><\/div><footer class=\"carousel-footer\"><div class=\"carousel-counter\"><span class=\"carousel-counter-current\"><\/span> \/ <span class=\"carousel-counter-total\"><\/span><\/div><a class=\"carousel-control-prev\" href=\"#gallery-1\" role=\"button\" data-slide=\"prev\"><svg aria-hidden=\"true\" class=\"svg-chevron-left-dims\"><use xlink:href='https:\/\/medicina.udd.cl\/fonoaudiologia-santiago\/wp-content\/themes\/facultades-2018\/assets\/img\/svg\/dist\/main.svg?version=1695853099#chevron-left'><\/use><\/svg><span class=\"sr-only\">Anterior<\/span><\/a><a class=\"carousel-control-next\" href=\"#gallery-1\" role=\"button\" data-slide=\"next\"><svg aria-hidden=\"true\" class=\"svg-chevron-right-dims\"><use xlink:href='https:\/\/medicina.udd.cl\/fonoaudiologia-santiago\/wp-content\/themes\/facultades-2018\/assets\/img\/svg\/dist\/main.svg?version=1695853099#chevron-right'><\/use><\/svg><span class=\"sr-only\">Siguiente<\/span><\/a><\/footer><\/div>\n<p>Los alumnos de primer y segundo a\u00f1o que cursaban las asignaturas de <strong>Psicoling\u00fc\u00edstica y Sem\u00e1ntica<\/strong>, <strong>Ling\u00fc\u00edstica Aplicada<\/strong>, y <strong>Pragm\u00e1tica<\/strong> llevaron a cabo sus \u00faltimas visitas a los campos cl\u00ednicos donde se les solicit\u00f3 abordar a los diferentes pacientes de acuerdo a la tem\u00e1tica descrita en clases.<\/p>\n<p style=\"text-align: justify\">A lo largo de los cursos visitaron escuelas de lenguaje, centros de rehabilitaci\u00f3n, escuelas especiales y jardines infantiles que le permitieron acercarse a su futura labor profesional.<\/p>\n<p style=\"text-align: justify\">Al finalizar estas actividades, los estudiantes\u00a0presentaron frente a los docentes de la asignatura un informe oral respecto a los hallazgos encontrados.<\/p>\n<p style=\"text-align: justify\">\u00a0<\/p>\n","protected":false},"excerpt":{"rendered":"<p>Alumnos de los dos primeros a\u00f1os de carrera finalizaron las visitas a los campos cl\u00ednicos. <\/p>\n","protected":false},"author":1,"featured_media":0,"comment_status":"open","ping_status":"open","sticky":false,"template":"","format":"standard","meta":{"footnotes":""},"categories":[4],"tags":[],"class_list":["post-381","post","type-post","status-publish","format-standard","hentry","category-noticias"],"yoast_head":"<!-- This site is optimized with the Yoast SEO plugin v26.9 - https:\/\/yoast.com\/product\/yoast-seo-wordpress\/ -->\n<title>Finalizan actividades pr\u00e1cticas asignaturas \u00e1rea Ling\u00fc\u00edstica - Fonoaudiolog\u00eda<\/title>\n<meta name=\"robots\" content=\"index, follow, max-snippet:-1, max-image-preview:large, max-video-preview:-1\" \/>\n<link rel=\"canonical\" href=\"https:\/\/medicina.udd.cl\/fonoaudiologia-santiago\/noticias\/2010\/12\/09\/finalizan-actividades-practicas-asignaturas-area-linguistica\/\" \/>\n<meta property=\"og:locale\" content=\"es_ES\" \/>\n<meta property=\"og:type\" content=\"article\" \/>\n<meta property=\"og:title\" content=\"Finalizan actividades pr\u00e1cticas asignaturas \u00e1rea Ling\u00fc\u00edstica - Fonoaudiolog\u00eda\" \/>\n<meta property=\"og:description\" content=\"Alumnos de los dos primeros a\u00f1os de carrera finalizaron las visitas a los campos cl\u00ednicos.\" \/>\n<meta property=\"og:url\" content=\"https:\/\/medicina.udd.cl\/fonoaudiologia-santiago\/noticias\/2010\/12\/09\/finalizan-actividades-practicas-asignaturas-area-linguistica\/\" \/>\n<meta property=\"og:site_name\" content=\"Fonoaudiolog\u00eda\" \/>\n<meta property=\"article:published_time\" content=\"2010-12-09T17:41:29+00:00\" \/>\n<meta property=\"article:modified_time\" content=\"2010-12-14T14:19:13+00:00\" \/>\n<meta property=\"og:image\" content=\"https:\/\/medicina.udd.cl\/fonoaudiologia-santiago\/files\/2010\/12\/I-4.jpg\" \/>\n<meta name=\"author\" content=\"admin\" \/>\n<meta name=\"twitter:label1\" content=\"Escrito por\" \/>\n\t<meta name=\"twitter:data1\" content=\"admin\" \/>\n\t<meta name=\"twitter:label2\" content=\"Tiempo de lectura\" \/>\n\t<meta name=\"twitter:data2\" content=\"1 minuto\" \/>\n<script type=\"application\/ld+json\" class=\"yoast-schema-graph\">{\"@context\":\"https:\/\/schema.org\",\"@graph\":[{\"@type\":\"Article\",\"@id\":\"https:\/\/medicina.udd.cl\/fonoaudiologia-santiago\/noticias\/2010\/12\/09\/finalizan-actividades-practicas-asignaturas-area-linguistica\/#article\",\"isPartOf\":{\"@id\":\"https:\/\/medicina.udd.cl\/fonoaudiologia-santiago\/noticias\/2010\/12\/09\/finalizan-actividades-practicas-asignaturas-area-linguistica\/\"},\"author\":{\"name\":\"admin\",\"@id\":\"https:\/\/medicina.udd.cl\/fonoaudiologia-santiago\/#\/schema\/person\/f7abfa784c86da427e89287831f96ab7\"},\"headline\":\"Finalizan actividades pr\u00e1cticas asignaturas \u00e1rea Ling\u00fc\u00edstica\",\"datePublished\":\"2010-12-09T17:41:29+00:00\",\"dateModified\":\"2010-12-14T14:19:13+00:00\",\"mainEntityOfPage\":{\"@id\":\"https:\/\/medicina.udd.cl\/fonoaudiologia-santiago\/noticias\/2010\/12\/09\/finalizan-actividades-practicas-asignaturas-area-linguistica\/\"},\"wordCount\":114,\"commentCount\":0,\"articleSection\":[\"Noticias\"],\"inLanguage\":\"es\",\"potentialAction\":[{\"@type\":\"CommentAction\",\"name\":\"Comment\",\"target\":[\"https:\/\/medicina.udd.cl\/fonoaudiologia-santiago\/noticias\/2010\/12\/09\/finalizan-actividades-practicas-asignaturas-area-linguistica\/#respond\"]}]},{\"@type\":\"WebPage\",\"@id\":\"https:\/\/medicina.udd.cl\/fonoaudiologia-santiago\/noticias\/2010\/12\/09\/finalizan-actividades-practicas-asignaturas-area-linguistica\/\",\"url\":\"https:\/\/medicina.udd.cl\/fonoaudiologia-santiago\/noticias\/2010\/12\/09\/finalizan-actividades-practicas-asignaturas-area-linguistica\/\",\"name\":\"Finalizan actividades pr\u00e1cticas asignaturas \u00e1rea Ling\u00fc\u00edstica - Fonoaudiolog\u00eda\",\"isPartOf\":{\"@id\":\"https:\/\/medicina.udd.cl\/fonoaudiologia-santiago\/#website\"},\"datePublished\":\"2010-12-09T17:41:29+00:00\",\"dateModified\":\"2010-12-14T14:19:13+00:00\",\"author\":{\"@id\":\"https:\/\/medicina.udd.cl\/fonoaudiologia-santiago\/#\/schema\/person\/f7abfa784c86da427e89287831f96ab7\"},\"breadcrumb\":{\"@id\":\"https:\/\/medicina.udd.cl\/fonoaudiologia-santiago\/noticias\/2010\/12\/09\/finalizan-actividades-practicas-asignaturas-area-linguistica\/#breadcrumb\"},\"inLanguage\":\"es\",\"potentialAction\":[{\"@type\":\"ReadAction\",\"target\":[\"https:\/\/medicina.udd.cl\/fonoaudiologia-santiago\/noticias\/2010\/12\/09\/finalizan-actividades-practicas-asignaturas-area-linguistica\/\"]}]},{\"@type\":\"BreadcrumbList\",\"@id\":\"https:\/\/medicina.udd.cl\/fonoaudiologia-santiago\/noticias\/2010\/12\/09\/finalizan-actividades-practicas-asignaturas-area-linguistica\/#breadcrumb\",\"itemListElement\":[{\"@type\":\"ListItem\",\"position\":1,\"name\":\"Home\",\"item\":\"https:\/\/medicina.udd.cl\/fonoaudiologia-santiago\/\"},{\"@type\":\"ListItem\",\"position\":2,\"name\":\"Finalizan actividades pr\u00e1cticas asignaturas \u00e1rea Ling\u00fc\u00edstica\"}]},{\"@type\":\"WebSite\",\"@id\":\"https:\/\/medicina.udd.cl\/fonoaudiologia-santiago\/#website\",\"url\":\"https:\/\/medicina.udd.cl\/fonoaudiologia-santiago\/\",\"name\":\"Fonoaudiolog\u00eda\",\"description\":\"Facultad de Medicina Cl\u00ednica Alemana Universidad del Desarrollo\",\"inLanguage\":\"es\"},{\"@type\":\"Person\",\"@id\":\"https:\/\/medicina.udd.cl\/fonoaudiologia-santiago\/#\/schema\/person\/f7abfa784c86da427e89287831f96ab7\",\"name\":\"admin\",\"image\":{\"@type\":\"ImageObject\",\"inLanguage\":\"es\",\"@id\":\"https:\/\/medicina.udd.cl\/fonoaudiologia-santiago\/#\/schema\/person\/image\/\",\"url\":\"https:\/\/secure.gravatar.com\/avatar\/3cb6da298954dfb54457c0910b8c9ca010abd8d87a60f7d701b6ce4254e1c642?s=96&d=mm&r=g\",\"contentUrl\":\"https:\/\/secure.gravatar.com\/avatar\/3cb6da298954dfb54457c0910b8c9ca010abd8d87a60f7d701b6ce4254e1c642?s=96&d=mm&r=g\",\"caption\":\"admin\"},\"url\":\"https:\/\/medicina.udd.cl\/fonoaudiologia-santiago\/noticias\/author\/admin\/\"}]}<\/script>\n<!-- \/ Yoast SEO plugin. -->","yoast_head_json":{"title":"Finalizan actividades pr\u00e1cticas asignaturas \u00e1rea Ling\u00fc\u00edstica - Fonoaudiolog\u00eda","robots":{"index":"index","follow":"follow","max-snippet":"max-snippet:-1","max-image-preview":"max-image-preview:large","max-video-preview":"max-video-preview:-1"},"canonical":"https:\/\/medicina.udd.cl\/fonoaudiologia-santiago\/noticias\/2010\/12\/09\/finalizan-actividades-practicas-asignaturas-area-linguistica\/","og_locale":"es_ES","og_type":"article","og_title":"Finalizan actividades pr\u00e1cticas asignaturas \u00e1rea Ling\u00fc\u00edstica - Fonoaudiolog\u00eda","og_description":"Alumnos de los dos primeros a\u00f1os de carrera finalizaron las visitas a los campos cl\u00ednicos.","og_url":"https:\/\/medicina.udd.cl\/fonoaudiologia-santiago\/noticias\/2010\/12\/09\/finalizan-actividades-practicas-asignaturas-area-linguistica\/","og_site_name":"Fonoaudiolog\u00eda","article_published_time":"2010-12-09T17:41:29+00:00","article_modified_time":"2010-12-14T14:19:13+00:00","og_image":[{"url":"https:\/\/medicina.udd.cl\/fonoaudiologia-santiago\/files\/2010\/12\/I-4.jpg","type":"","width":"","height":""}],"author":"admin","twitter_misc":{"Escrito por":"admin","Tiempo de lectura":"1 minuto"},"schema":{"@context":"https:\/\/schema.org","@graph":[{"@type":"Article","@id":"https:\/\/medicina.udd.cl\/fonoaudiologia-santiago\/noticias\/2010\/12\/09\/finalizan-actividades-practicas-asignaturas-area-linguistica\/#article","isPartOf":{"@id":"https:\/\/medicina.udd.cl\/fonoaudiologia-santiago\/noticias\/2010\/12\/09\/finalizan-actividades-practicas-asignaturas-area-linguistica\/"},"author":{"name":"admin","@id":"https:\/\/medicina.udd.cl\/fonoaudiologia-santiago\/#\/schema\/person\/f7abfa784c86da427e89287831f96ab7"},"headline":"Finalizan actividades pr\u00e1cticas asignaturas \u00e1rea Ling\u00fc\u00edstica","datePublished":"2010-12-09T17:41:29+00:00","dateModified":"2010-12-14T14:19:13+00:00","mainEntityOfPage":{"@id":"https:\/\/medicina.udd.cl\/fonoaudiologia-santiago\/noticias\/2010\/12\/09\/finalizan-actividades-practicas-asignaturas-area-linguistica\/"},"wordCount":114,"commentCount":0,"articleSection":["Noticias"],"inLanguage":"es","potentialAction":[{"@type":"CommentAction","name":"Comment","target":["https:\/\/medicina.udd.cl\/fonoaudiologia-santiago\/noticias\/2010\/12\/09\/finalizan-actividades-practicas-asignaturas-area-linguistica\/#respond"]}]},{"@type":"WebPage","@id":"https:\/\/medicina.udd.cl\/fonoaudiologia-santiago\/noticias\/2010\/12\/09\/finalizan-actividades-practicas-asignaturas-area-linguistica\/","url":"https:\/\/medicina.udd.cl\/fonoaudiologia-santiago\/noticias\/2010\/12\/09\/finalizan-actividades-practicas-asignaturas-area-linguistica\/","name":"Finalizan actividades pr\u00e1cticas asignaturas \u00e1rea Ling\u00fc\u00edstica - Fonoaudiolog\u00eda","isPartOf":{"@id":"https:\/\/medicina.udd.cl\/fonoaudiologia-santiago\/#website"},"datePublished":"2010-12-09T17:41:29+00:00","dateModified":"2010-12-14T14:19:13+00:00","author":{"@id":"https:\/\/medicina.udd.cl\/fonoaudiologia-santiago\/#\/schema\/person\/f7abfa784c86da427e89287831f96ab7"},"breadcrumb":{"@id":"https:\/\/medicina.udd.cl\/fonoaudiologia-santiago\/noticias\/2010\/12\/09\/finalizan-actividades-practicas-asignaturas-area-linguistica\/#breadcrumb"},"inLanguage":"es","potentialAction":[{"@type":"ReadAction","target":["https:\/\/medicina.udd.cl\/fonoaudiologia-santiago\/noticias\/2010\/12\/09\/finalizan-actividades-practicas-asignaturas-area-linguistica\/"]}]},{"@type":"BreadcrumbList","@id":"https:\/\/medicina.udd.cl\/fonoaudiologia-santiago\/noticias\/2010\/12\/09\/finalizan-actividades-practicas-asignaturas-area-linguistica\/#breadcrumb","itemListElement":[{"@type":"ListItem","position":1,"name":"Home","item":"https:\/\/medicina.udd.cl\/fonoaudiologia-santiago\/"},{"@type":"ListItem","position":2,"name":"Finalizan actividades pr\u00e1cticas asignaturas \u00e1rea Ling\u00fc\u00edstica"}]},{"@type":"WebSite","@id":"https:\/\/medicina.udd.cl\/fonoaudiologia-santiago\/#website","url":"https:\/\/medicina.udd.cl\/fonoaudiologia-santiago\/","name":"Fonoaudiolog\u00eda","description":"Facultad de Medicina Cl\u00ednica Alemana Universidad del Desarrollo","inLanguage":"es"},{"@type":"Person","@id":"https:\/\/medicina.udd.cl\/fonoaudiologia-santiago\/#\/schema\/person\/f7abfa784c86da427e89287831f96ab7","name":"admin","image":{"@type":"ImageObject","inLanguage":"es","@id":"https:\/\/medicina.udd.cl\/fonoaudiologia-santiago\/#\/schema\/person\/image\/","url":"https:\/\/secure.gravatar.com\/avatar\/3cb6da298954dfb54457c0910b8c9ca010abd8d87a60f7d701b6ce4254e1c642?s=96&d=mm&r=g","contentUrl":"https:\/\/secure.gravatar.com\/avatar\/3cb6da298954dfb54457c0910b8c9ca010abd8d87a60f7d701b6ce4254e1c642?s=96&d=mm&r=g","caption":"admin"},"url":"https:\/\/medicina.udd.cl\/fonoaudiologia-santiago\/noticias\/author\/admin\/"}]}},"featured_image_url":null,"_links":{"self":[{"href":"https:\/\/medicina.udd.cl\/fonoaudiologia-santiago\/wp-json\/wp\/v2\/posts\/381","targetHints":{"allow":["GET"]}}],"collection":[{"href":"https:\/\/medicina.udd.cl\/fonoaudiologia-santiago\/wp-json\/wp\/v2\/posts"}],"about":[{"href":"https:\/\/medicina.udd.cl\/fonoaudiologia-santiago\/wp-json\/wp\/v2\/types\/post"}],"author":[{"embeddable":true,"href":"https:\/\/medicina.udd.cl\/fonoaudiologia-santiago\/wp-json\/wp\/v2\/users\/1"}],"replies":[{"embeddable":true,"href":"https:\/\/medicina.udd.cl\/fonoaudiologia-santiago\/wp-json\/wp\/v2\/comments?post=381"}],"version-history":[{"count":3,"href":"https:\/\/medicina.udd.cl\/fonoaudiologia-santiago\/wp-json\/wp\/v2\/posts\/381\/revisions"}],"predecessor-version":[{"id":390,"href":"https:\/\/medicina.udd.cl\/fonoaudiologia-santiago\/wp-json\/wp\/v2\/posts\/381\/revisions\/390"}],"wp:attachment":[{"href":"https:\/\/medicina.udd.cl\/fonoaudiologia-santiago\/wp-json\/wp\/v2\/media?parent=381"}],"wp:term":[{"taxonomy":"category","embeddable":true,"href":"https:\/\/medicina.udd.cl\/fonoaudiologia-santiago\/wp-json\/wp\/v2\/categories?post=381"},{"taxonomy":"post_tag","embeddable":true,"href":"https:\/\/medicina.udd.cl\/fonoaudiologia-santiago\/wp-json\/wp\/v2\/tags?post=381"}],"curies":[{"name":"wp","href":"https:\/\/api.w.org\/{rel}","templated":true}]}}