{"id":3937,"date":"2017-08-02T12:46:15","date_gmt":"2017-08-02T16:46:15","guid":{"rendered":"http:\/\/medicina.udd.cl\/fonoaudiologia-santiago\/?p=3937"},"modified":"2017-08-02T12:55:30","modified_gmt":"2017-08-02T16:55:30","slug":"fonoaudiologia-udd-comparte-experiencia-de-visita-a-paciente-postrado","status":"publish","type":"post","link":"https:\/\/medicina.udd.cl\/fonoaudiologia-santiago\/noticias\/2017\/08\/02\/fonoaudiologia-udd-comparte-experiencia-de-visita-a-paciente-postrado\/","title":{"rendered":"Fonoaudiolog\u00eda UDD comparte experiencia de visita a paciente postrado"},"content":{"rendered":"<div id=\"gallery-1\" class=\"carousel slide carousel-gallery\" data-ride=\"false\" data-interval=\"false\"><div class=\"carousel-inner\" role=\"listbox\"><figure class=\"carousel-item active\"><img loading=\"lazy\" decoding=\"async\" width=\"712\" height=\"534\" src=\"https:\/\/medicina.udd.cl\/fonoaudiologia-santiago\/files\/2017\/08\/Sonr\u00ede-UDD-3.jpg\" class=\"attachment-landscape_952 size-landscape_952\" alt=\"\" srcset=\"https:\/\/medicina.udd.cl\/fonoaudiologia-santiago\/files\/2017\/08\/Sonr\u00ede-UDD-3.jpg 2048w, https:\/\/medicina.udd.cl\/fonoaudiologia-santiago\/files\/2017\/08\/Sonr\u00ede-UDD-3-300x225.jpg 300w, https:\/\/medicina.udd.cl\/fonoaudiologia-santiago\/files\/2017\/08\/Sonr\u00ede-UDD-3-768x576.jpg 768w, https:\/\/medicina.udd.cl\/fonoaudiologia-santiago\/files\/2017\/08\/Sonr\u00ede-UDD-3-1024x768.jpg 1024w, https:\/\/medicina.udd.cl\/fonoaudiologia-santiago\/files\/2017\/08\/Sonr\u00ede-UDD-3-960x720.jpg 960w\" sizes=\"auto, (max-width: 712px) 100vw, 712px\" \/><\/figure><figure class=\"carousel-item\"><img loading=\"lazy\" decoding=\"async\" width=\"401\" height=\"534\" src=\"https:\/\/medicina.udd.cl\/fonoaudiologia-santiago\/files\/2017\/08\/Sonr\u00ede-UDD-2.jpg\" class=\"attachment-landscape_952 size-landscape_952\" alt=\"\" srcset=\"https:\/\/medicina.udd.cl\/fonoaudiologia-santiago\/files\/2017\/08\/Sonr\u00ede-UDD-2.jpg 1536w, https:\/\/medicina.udd.cl\/fonoaudiologia-santiago\/files\/2017\/08\/Sonr\u00ede-UDD-2-225x300.jpg 225w, https:\/\/medicina.udd.cl\/fonoaudiologia-santiago\/files\/2017\/08\/Sonr\u00ede-UDD-2-768x1024.jpg 768w, https:\/\/medicina.udd.cl\/fonoaudiologia-santiago\/files\/2017\/08\/Sonr\u00ede-UDD-2-720x960.jpg 720w\" sizes=\"auto, (max-width: 401px) 100vw, 401px\" \/><\/figure><figure class=\"carousel-item\"><img loading=\"lazy\" decoding=\"async\" width=\"712\" height=\"534\" src=\"https:\/\/medicina.udd.cl\/fonoaudiologia-santiago\/files\/2017\/08\/Sonr\u00ede-UDD-1.jpg\" class=\"attachment-landscape_952 size-landscape_952\" alt=\"\" srcset=\"https:\/\/medicina.udd.cl\/fonoaudiologia-santiago\/files\/2017\/08\/Sonr\u00ede-UDD-1.jpg 960w, https:\/\/medicina.udd.cl\/fonoaudiologia-santiago\/files\/2017\/08\/Sonr\u00ede-UDD-1-300x225.jpg 300w, https:\/\/medicina.udd.cl\/fonoaudiologia-santiago\/files\/2017\/08\/Sonr\u00ede-UDD-1-768x576.jpg 768w\" sizes=\"auto, (max-width: 712px) 100vw, 712px\" \/><\/figure><figure class=\"carousel-item\"><img loading=\"lazy\" decoding=\"async\" width=\"301\" height=\"534\" src=\"https:\/\/medicina.udd.cl\/fonoaudiologia-santiago\/files\/2017\/08\/Sonr\u00ede-UDD-1.png\" class=\"attachment-landscape_952 size-landscape_952\" alt=\"\" srcset=\"https:\/\/medicina.udd.cl\/fonoaudiologia-santiago\/files\/2017\/08\/Sonr\u00ede-UDD-1.png 640w, https:\/\/medicina.udd.cl\/fonoaudiologia-santiago\/files\/2017\/08\/Sonr\u00ede-UDD-1-169x300.png 169w, https:\/\/medicina.udd.cl\/fonoaudiologia-santiago\/files\/2017\/08\/Sonr\u00ede-UDD-1-577x1024.png 577w, https:\/\/medicina.udd.cl\/fonoaudiologia-santiago\/files\/2017\/08\/Sonr\u00ede-UDD-1-541x960.png 541w\" sizes=\"auto, (max-width: 301px) 100vw, 301px\" \/><\/figure><\/div><footer class=\"carousel-footer\"><div class=\"carousel-counter\"><span class=\"carousel-counter-current\"><\/span> \/ <span class=\"carousel-counter-total\"><\/span><\/div><a class=\"carousel-control-prev\" href=\"#gallery-1\" role=\"button\" data-slide=\"prev\"><svg aria-hidden=\"true\" class=\"svg-chevron-left-dims\"><use xlink:href='https:\/\/medicina.udd.cl\/fonoaudiologia-santiago\/wp-content\/themes\/facultades-2018\/assets\/img\/svg\/dist\/main.svg?version=1695853099#chevron-left'><\/use><\/svg><span class=\"sr-only\">Anterior<\/span><\/a><a class=\"carousel-control-next\" href=\"#gallery-1\" role=\"button\" data-slide=\"next\"><svg aria-hidden=\"true\" class=\"svg-chevron-right-dims\"><use xlink:href='https:\/\/medicina.udd.cl\/fonoaudiologia-santiago\/wp-content\/themes\/facultades-2018\/assets\/img\/svg\/dist\/main.svg?version=1695853099#chevron-right'><\/use><\/svg><span class=\"sr-only\">Siguiente<\/span><\/a><\/footer><\/div>\n<p style=\"text-align: justify\">Gracias a la generosidad de un colocolino de coraz\u00f3n, don Luis de 54 a\u00f1os, el equipo de postrados que viaj\u00f3 a Las Cabras para participar del voluntariado Sonr\u00ede UDD tuvo la oportunidad de aprender sobre la Esclerosis Lateral Amiotr\u00f3fica (ELA).<\/p>\n<p style=\"text-align: justify\">\u201cEl ELA es una patolog\u00eda progresiva e incapacitante que, finalmente, lleva a la muerte. La p\u00e9rdida progresiva de las motoneuronas -un tipo de c\u00e9lula nerviosa que controla los movimientos de los m\u00fasculos- que se encuentra en el cerebro y la m\u00e9dula espinal provocando dificultades para caminar, hablar, tragar, respirar y realizar otras funciones b\u00e1sicas. La enfermedad se descubre, generalmente, a mediana edad y afecta m\u00e1s a hombres que a mujeres\u201d, se\u00f1al\u00f3 M. Ang\u00e9lica L\u00f3pez, directora de Fonoaudiolog\u00eda UDD, que estuvo a cargo del grupo de estudiantes.<\/p>\n<p style=\"text-align: justify\">Este equipo de trabajo, formado por 13 estudiantes de la carrera y de otras disciplinas como Tecnolog\u00eda M\u00e9dica, Medicina, Nutrici\u00f3n y Diet\u00e9tica, Psicolog\u00eda, Enfermer\u00eda y Kinesiolog\u00eda, convers\u00f3 largamente con don Luis para conocer c\u00f3mo comenz\u00f3 su enfermedad, los signos que los ayudar\u00edan a diagnosticar esta enfermedad, como las fasciculaciones linguales, p\u00e9rdida muscular, manejo respiratorio y las v\u00edas de alimentaci\u00f3n por gastrostom\u00eda, adem\u00e1s de su manejo y curaci\u00f3n.<\/p>\n<p style=\"text-align: justify\">\u201cFue muy conmovedor escuchar al paciente y su familia sobre c\u00f3mo han enfrentado estos tres a\u00f1os de enfermedad y se han organizado para cuidar de \u00e9l. Como tutora de este grupo, debo reconocer que sent\u00ed un orgullo inmenso hacia mis estudiantes y sus profesores, que logran transmitir pasi\u00f3n y dedicaci\u00f3n en su trabajo -un trabajo absolutamente profesional y de excelencia- con un gran respeto a las personas, al trabajo en equipo y agradecimiento a los pacientes por lo entregado\u201d, concluy\u00f3 la directora de Fonoaudilog\u00eda.<\/p>\n","protected":false},"excerpt":{"rendered":"<p>El equipo fue liderado por la directora de carrera y estuvo compuesto por estudiantes de distintas disciplinas.<\/p>\n","protected":false},"author":9192192,"featured_media":3941,"comment_status":"open","ping_status":"open","sticky":false,"template":"","format":"standard","meta":{"footnotes":""},"categories":[4],"tags":[],"class_list":["post-3937","post","type-post","status-publish","format-standard","has-post-thumbnail","hentry","category-noticias"],"yoast_head":"<!-- This site is optimized with the Yoast SEO plugin v26.9 - https:\/\/yoast.com\/product\/yoast-seo-wordpress\/ -->\n<title>Fonoaudiolog\u00eda UDD comparte experiencia de visita a paciente postrado - Fonoaudiolog\u00eda<\/title>\n<meta name=\"robots\" content=\"index, follow, max-snippet:-1, max-image-preview:large, max-video-preview:-1\" \/>\n<link rel=\"canonical\" href=\"https:\/\/medicina.udd.cl\/fonoaudiologia-santiago\/noticias\/2017\/08\/02\/fonoaudiologia-udd-comparte-experiencia-de-visita-a-paciente-postrado\/\" \/>\n<meta property=\"og:locale\" content=\"es_ES\" \/>\n<meta property=\"og:type\" content=\"article\" \/>\n<meta property=\"og:title\" content=\"Fonoaudiolog\u00eda UDD comparte experiencia de visita a paciente postrado - Fonoaudiolog\u00eda\" \/>\n<meta property=\"og:description\" content=\"El equipo fue liderado por la directora de carrera y estuvo compuesto por estudiantes de distintas disciplinas.\" \/>\n<meta property=\"og:url\" content=\"https:\/\/medicina.udd.cl\/fonoaudiologia-santiago\/noticias\/2017\/08\/02\/fonoaudiologia-udd-comparte-experiencia-de-visita-a-paciente-postrado\/\" \/>\n<meta property=\"og:site_name\" content=\"Fonoaudiolog\u00eda\" \/>\n<meta property=\"article:published_time\" content=\"2017-08-02T16:46:15+00:00\" \/>\n<meta property=\"article:modified_time\" content=\"2017-08-02T16:55:30+00:00\" \/>\n<meta property=\"og:image\" content=\"https:\/\/medicina.udd.cl\/fonoaudiologia-santiago\/files\/2017\/08\/Sonr\u00ede-UDD-3.jpg\" \/>\n\t<meta property=\"og:image:width\" content=\"2048\" \/>\n\t<meta property=\"og:image:height\" content=\"1536\" \/>\n\t<meta property=\"og:image:type\" content=\"image\/jpeg\" \/>\n<meta name=\"author\" content=\"paulinamunoz\" \/>\n<meta name=\"twitter:label1\" content=\"Escrito por\" \/>\n\t<meta name=\"twitter:data1\" content=\"paulinamunoz\" \/>\n\t<meta name=\"twitter:label2\" content=\"Tiempo de lectura\" \/>\n\t<meta name=\"twitter:data2\" content=\"2 minutos\" \/>\n<script type=\"application\/ld+json\" class=\"yoast-schema-graph\">{\"@context\":\"https:\/\/schema.org\",\"@graph\":[{\"@type\":\"Article\",\"@id\":\"https:\/\/medicina.udd.cl\/fonoaudiologia-santiago\/noticias\/2017\/08\/02\/fonoaudiologia-udd-comparte-experiencia-de-visita-a-paciente-postrado\/#article\",\"isPartOf\":{\"@id\":\"https:\/\/medicina.udd.cl\/fonoaudiologia-santiago\/noticias\/2017\/08\/02\/fonoaudiologia-udd-comparte-experiencia-de-visita-a-paciente-postrado\/\"},\"author\":{\"name\":\"paulinamunoz\",\"@id\":\"https:\/\/medicina.udd.cl\/fonoaudiologia-santiago\/#\/schema\/person\/8bbd66125b574a40ec467c180c11f2e3\"},\"headline\":\"Fonoaudiolog\u00eda UDD comparte experiencia de visita a paciente postrado\",\"datePublished\":\"2017-08-02T16:46:15+00:00\",\"dateModified\":\"2017-08-02T16:55:30+00:00\",\"mainEntityOfPage\":{\"@id\":\"https:\/\/medicina.udd.cl\/fonoaudiologia-santiago\/noticias\/2017\/08\/02\/fonoaudiologia-udd-comparte-experiencia-de-visita-a-paciente-postrado\/\"},\"wordCount\":322,\"commentCount\":0,\"image\":{\"@id\":\"https:\/\/medicina.udd.cl\/fonoaudiologia-santiago\/noticias\/2017\/08\/02\/fonoaudiologia-udd-comparte-experiencia-de-visita-a-paciente-postrado\/#primaryimage\"},\"thumbnailUrl\":\"https:\/\/medicina.udd.cl\/fonoaudiologia-santiago\/files\/2017\/08\/Sonr\u00ede-UDD-3.jpg\",\"articleSection\":[\"Noticias\"],\"inLanguage\":\"es\",\"potentialAction\":[{\"@type\":\"CommentAction\",\"name\":\"Comment\",\"target\":[\"https:\/\/medicina.udd.cl\/fonoaudiologia-santiago\/noticias\/2017\/08\/02\/fonoaudiologia-udd-comparte-experiencia-de-visita-a-paciente-postrado\/#respond\"]}]},{\"@type\":\"WebPage\",\"@id\":\"https:\/\/medicina.udd.cl\/fonoaudiologia-santiago\/noticias\/2017\/08\/02\/fonoaudiologia-udd-comparte-experiencia-de-visita-a-paciente-postrado\/\",\"url\":\"https:\/\/medicina.udd.cl\/fonoaudiologia-santiago\/noticias\/2017\/08\/02\/fonoaudiologia-udd-comparte-experiencia-de-visita-a-paciente-postrado\/\",\"name\":\"Fonoaudiolog\u00eda UDD comparte experiencia de visita a paciente postrado - Fonoaudiolog\u00eda\",\"isPartOf\":{\"@id\":\"https:\/\/medicina.udd.cl\/fonoaudiologia-santiago\/#website\"},\"primaryImageOfPage\":{\"@id\":\"https:\/\/medicina.udd.cl\/fonoaudiologia-santiago\/noticias\/2017\/08\/02\/fonoaudiologia-udd-comparte-experiencia-de-visita-a-paciente-postrado\/#primaryimage\"},\"image\":{\"@id\":\"https:\/\/medicina.udd.cl\/fonoaudiologia-santiago\/noticias\/2017\/08\/02\/fonoaudiologia-udd-comparte-experiencia-de-visita-a-paciente-postrado\/#primaryimage\"},\"thumbnailUrl\":\"https:\/\/medicina.udd.cl\/fonoaudiologia-santiago\/files\/2017\/08\/Sonr\u00ede-UDD-3.jpg\",\"datePublished\":\"2017-08-02T16:46:15+00:00\",\"dateModified\":\"2017-08-02T16:55:30+00:00\",\"author\":{\"@id\":\"https:\/\/medicina.udd.cl\/fonoaudiologia-santiago\/#\/schema\/person\/8bbd66125b574a40ec467c180c11f2e3\"},\"breadcrumb\":{\"@id\":\"https:\/\/medicina.udd.cl\/fonoaudiologia-santiago\/noticias\/2017\/08\/02\/fonoaudiologia-udd-comparte-experiencia-de-visita-a-paciente-postrado\/#breadcrumb\"},\"inLanguage\":\"es\",\"potentialAction\":[{\"@type\":\"ReadAction\",\"target\":[\"https:\/\/medicina.udd.cl\/fonoaudiologia-santiago\/noticias\/2017\/08\/02\/fonoaudiologia-udd-comparte-experiencia-de-visita-a-paciente-postrado\/\"]}]},{\"@type\":\"ImageObject\",\"inLanguage\":\"es\",\"@id\":\"https:\/\/medicina.udd.cl\/fonoaudiologia-santiago\/noticias\/2017\/08\/02\/fonoaudiologia-udd-comparte-experiencia-de-visita-a-paciente-postrado\/#primaryimage\",\"url\":\"https:\/\/medicina.udd.cl\/fonoaudiologia-santiago\/files\/2017\/08\/Sonr\u00ede-UDD-3.jpg\",\"contentUrl\":\"https:\/\/medicina.udd.cl\/fonoaudiologia-santiago\/files\/2017\/08\/Sonr\u00ede-UDD-3.jpg\",\"width\":2048,\"height\":1536},{\"@type\":\"BreadcrumbList\",\"@id\":\"https:\/\/medicina.udd.cl\/fonoaudiologia-santiago\/noticias\/2017\/08\/02\/fonoaudiologia-udd-comparte-experiencia-de-visita-a-paciente-postrado\/#breadcrumb\",\"itemListElement\":[{\"@type\":\"ListItem\",\"position\":1,\"name\":\"Home\",\"item\":\"https:\/\/medicina.udd.cl\/fonoaudiologia-santiago\/\"},{\"@type\":\"ListItem\",\"position\":2,\"name\":\"Fonoaudiolog\u00eda UDD comparte experiencia de visita a paciente postrado\"}]},{\"@type\":\"WebSite\",\"@id\":\"https:\/\/medicina.udd.cl\/fonoaudiologia-santiago\/#website\",\"url\":\"https:\/\/medicina.udd.cl\/fonoaudiologia-santiago\/\",\"name\":\"Fonoaudiolog\u00eda\",\"description\":\"Facultad de Medicina Cl\u00ednica Alemana Universidad del Desarrollo\",\"inLanguage\":\"es\"},{\"@type\":\"Person\",\"@id\":\"https:\/\/medicina.udd.cl\/fonoaudiologia-santiago\/#\/schema\/person\/8bbd66125b574a40ec467c180c11f2e3\",\"name\":\"paulinamunoz\",\"image\":{\"@type\":\"ImageObject\",\"inLanguage\":\"es\",\"@id\":\"https:\/\/medicina.udd.cl\/fonoaudiologia-santiago\/#\/schema\/person\/image\/\",\"url\":\"https:\/\/secure.gravatar.com\/avatar\/748ce8fb74e8f8077c4966697a3b3710ca0019e71a62146890c0dcdc705e7f3d?s=96&d=mm&r=g\",\"contentUrl\":\"https:\/\/secure.gravatar.com\/avatar\/748ce8fb74e8f8077c4966697a3b3710ca0019e71a62146890c0dcdc705e7f3d?s=96&d=mm&r=g\",\"caption\":\"paulinamunoz\"},\"url\":\"https:\/\/medicina.udd.cl\/fonoaudiologia-santiago\/noticias\/author\/paulinamunoz\/\"}]}<\/script>\n<!-- \/ Yoast SEO plugin. -->","yoast_head_json":{"title":"Fonoaudiolog\u00eda UDD comparte experiencia de visita a paciente postrado - Fonoaudiolog\u00eda","robots":{"index":"index","follow":"follow","max-snippet":"max-snippet:-1","max-image-preview":"max-image-preview:large","max-video-preview":"max-video-preview:-1"},"canonical":"https:\/\/medicina.udd.cl\/fonoaudiologia-santiago\/noticias\/2017\/08\/02\/fonoaudiologia-udd-comparte-experiencia-de-visita-a-paciente-postrado\/","og_locale":"es_ES","og_type":"article","og_title":"Fonoaudiolog\u00eda UDD comparte experiencia de visita a paciente postrado - Fonoaudiolog\u00eda","og_description":"El equipo fue liderado por la directora de carrera y estuvo compuesto por estudiantes de distintas disciplinas.","og_url":"https:\/\/medicina.udd.cl\/fonoaudiologia-santiago\/noticias\/2017\/08\/02\/fonoaudiologia-udd-comparte-experiencia-de-visita-a-paciente-postrado\/","og_site_name":"Fonoaudiolog\u00eda","article_published_time":"2017-08-02T16:46:15+00:00","article_modified_time":"2017-08-02T16:55:30+00:00","og_image":[{"width":2048,"height":1536,"url":"https:\/\/medicina.udd.cl\/fonoaudiologia-santiago\/files\/2017\/08\/Sonr\u00ede-UDD-3.jpg","type":"image\/jpeg"}],"author":"paulinamunoz","twitter_misc":{"Escrito por":"paulinamunoz","Tiempo de lectura":"2 minutos"},"schema":{"@context":"https:\/\/schema.org","@graph":[{"@type":"Article","@id":"https:\/\/medicina.udd.cl\/fonoaudiologia-santiago\/noticias\/2017\/08\/02\/fonoaudiologia-udd-comparte-experiencia-de-visita-a-paciente-postrado\/#article","isPartOf":{"@id":"https:\/\/medicina.udd.cl\/fonoaudiologia-santiago\/noticias\/2017\/08\/02\/fonoaudiologia-udd-comparte-experiencia-de-visita-a-paciente-postrado\/"},"author":{"name":"paulinamunoz","@id":"https:\/\/medicina.udd.cl\/fonoaudiologia-santiago\/#\/schema\/person\/8bbd66125b574a40ec467c180c11f2e3"},"headline":"Fonoaudiolog\u00eda UDD comparte experiencia de visita a paciente postrado","datePublished":"2017-08-02T16:46:15+00:00","dateModified":"2017-08-02T16:55:30+00:00","mainEntityOfPage":{"@id":"https:\/\/medicina.udd.cl\/fonoaudiologia-santiago\/noticias\/2017\/08\/02\/fonoaudiologia-udd-comparte-experiencia-de-visita-a-paciente-postrado\/"},"wordCount":322,"commentCount":0,"image":{"@id":"https:\/\/medicina.udd.cl\/fonoaudiologia-santiago\/noticias\/2017\/08\/02\/fonoaudiologia-udd-comparte-experiencia-de-visita-a-paciente-postrado\/#primaryimage"},"thumbnailUrl":"https:\/\/medicina.udd.cl\/fonoaudiologia-santiago\/files\/2017\/08\/Sonr\u00ede-UDD-3.jpg","articleSection":["Noticias"],"inLanguage":"es","potentialAction":[{"@type":"CommentAction","name":"Comment","target":["https:\/\/medicina.udd.cl\/fonoaudiologia-santiago\/noticias\/2017\/08\/02\/fonoaudiologia-udd-comparte-experiencia-de-visita-a-paciente-postrado\/#respond"]}]},{"@type":"WebPage","@id":"https:\/\/medicina.udd.cl\/fonoaudiologia-santiago\/noticias\/2017\/08\/02\/fonoaudiologia-udd-comparte-experiencia-de-visita-a-paciente-postrado\/","url":"https:\/\/medicina.udd.cl\/fonoaudiologia-santiago\/noticias\/2017\/08\/02\/fonoaudiologia-udd-comparte-experiencia-de-visita-a-paciente-postrado\/","name":"Fonoaudiolog\u00eda UDD comparte experiencia de visita a paciente postrado - Fonoaudiolog\u00eda","isPartOf":{"@id":"https:\/\/medicina.udd.cl\/fonoaudiologia-santiago\/#website"},"primaryImageOfPage":{"@id":"https:\/\/medicina.udd.cl\/fonoaudiologia-santiago\/noticias\/2017\/08\/02\/fonoaudiologia-udd-comparte-experiencia-de-visita-a-paciente-postrado\/#primaryimage"},"image":{"@id":"https:\/\/medicina.udd.cl\/fonoaudiologia-santiago\/noticias\/2017\/08\/02\/fonoaudiologia-udd-comparte-experiencia-de-visita-a-paciente-postrado\/#primaryimage"},"thumbnailUrl":"https:\/\/medicina.udd.cl\/fonoaudiologia-santiago\/files\/2017\/08\/Sonr\u00ede-UDD-3.jpg","datePublished":"2017-08-02T16:46:15+00:00","dateModified":"2017-08-02T16:55:30+00:00","author":{"@id":"https:\/\/medicina.udd.cl\/fonoaudiologia-santiago\/#\/schema\/person\/8bbd66125b574a40ec467c180c11f2e3"},"breadcrumb":{"@id":"https:\/\/medicina.udd.cl\/fonoaudiologia-santiago\/noticias\/2017\/08\/02\/fonoaudiologia-udd-comparte-experiencia-de-visita-a-paciente-postrado\/#breadcrumb"},"inLanguage":"es","potentialAction":[{"@type":"ReadAction","target":["https:\/\/medicina.udd.cl\/fonoaudiologia-santiago\/noticias\/2017\/08\/02\/fonoaudiologia-udd-comparte-experiencia-de-visita-a-paciente-postrado\/"]}]},{"@type":"ImageObject","inLanguage":"es","@id":"https:\/\/medicina.udd.cl\/fonoaudiologia-santiago\/noticias\/2017\/08\/02\/fonoaudiologia-udd-comparte-experiencia-de-visita-a-paciente-postrado\/#primaryimage","url":"https:\/\/medicina.udd.cl\/fonoaudiologia-santiago\/files\/2017\/08\/Sonr\u00ede-UDD-3.jpg","contentUrl":"https:\/\/medicina.udd.cl\/fonoaudiologia-santiago\/files\/2017\/08\/Sonr\u00ede-UDD-3.jpg","width":2048,"height":1536},{"@type":"BreadcrumbList","@id":"https:\/\/medicina.udd.cl\/fonoaudiologia-santiago\/noticias\/2017\/08\/02\/fonoaudiologia-udd-comparte-experiencia-de-visita-a-paciente-postrado\/#breadcrumb","itemListElement":[{"@type":"ListItem","position":1,"name":"Home","item":"https:\/\/medicina.udd.cl\/fonoaudiologia-santiago\/"},{"@type":"ListItem","position":2,"name":"Fonoaudiolog\u00eda UDD comparte experiencia de visita a paciente postrado"}]},{"@type":"WebSite","@id":"https:\/\/medicina.udd.cl\/fonoaudiologia-santiago\/#website","url":"https:\/\/medicina.udd.cl\/fonoaudiologia-santiago\/","name":"Fonoaudiolog\u00eda","description":"Facultad de Medicina Cl\u00ednica Alemana Universidad del Desarrollo","inLanguage":"es"},{"@type":"Person","@id":"https:\/\/medicina.udd.cl\/fonoaudiologia-santiago\/#\/schema\/person\/8bbd66125b574a40ec467c180c11f2e3","name":"paulinamunoz","image":{"@type":"ImageObject","inLanguage":"es","@id":"https:\/\/medicina.udd.cl\/fonoaudiologia-santiago\/#\/schema\/person\/image\/","url":"https:\/\/secure.gravatar.com\/avatar\/748ce8fb74e8f8077c4966697a3b3710ca0019e71a62146890c0dcdc705e7f3d?s=96&d=mm&r=g","contentUrl":"https:\/\/secure.gravatar.com\/avatar\/748ce8fb74e8f8077c4966697a3b3710ca0019e71a62146890c0dcdc705e7f3d?s=96&d=mm&r=g","caption":"paulinamunoz"},"url":"https:\/\/medicina.udd.cl\/fonoaudiologia-santiago\/noticias\/author\/paulinamunoz\/"}]}},"featured_image_url":"https:\/\/medicina.udd.cl\/fonoaudiologia-santiago\/files\/2017\/08\/Sonr\u00ede-UDD-3.jpg","_links":{"self":[{"href":"https:\/\/medicina.udd.cl\/fonoaudiologia-santiago\/wp-json\/wp\/v2\/posts\/3937","targetHints":{"allow":["GET"]}}],"collection":[{"href":"https:\/\/medicina.udd.cl\/fonoaudiologia-santiago\/wp-json\/wp\/v2\/posts"}],"about":[{"href":"https:\/\/medicina.udd.cl\/fonoaudiologia-santiago\/wp-json\/wp\/v2\/types\/post"}],"author":[{"embeddable":true,"href":"https:\/\/medicina.udd.cl\/fonoaudiologia-santiago\/wp-json\/wp\/v2\/users\/9192192"}],"replies":[{"embeddable":true,"href":"https:\/\/medicina.udd.cl\/fonoaudiologia-santiago\/wp-json\/wp\/v2\/comments?post=3937"}],"version-history":[{"count":4,"href":"https:\/\/medicina.udd.cl\/fonoaudiologia-santiago\/wp-json\/wp\/v2\/posts\/3937\/revisions"}],"predecessor-version":[{"id":3945,"href":"https:\/\/medicina.udd.cl\/fonoaudiologia-santiago\/wp-json\/wp\/v2\/posts\/3937\/revisions\/3945"}],"wp:featuredmedia":[{"embeddable":true,"href":"https:\/\/medicina.udd.cl\/fonoaudiologia-santiago\/wp-json\/wp\/v2\/media\/3941"}],"wp:attachment":[{"href":"https:\/\/medicina.udd.cl\/fonoaudiologia-santiago\/wp-json\/wp\/v2\/media?parent=3937"}],"wp:term":[{"taxonomy":"category","embeddable":true,"href":"https:\/\/medicina.udd.cl\/fonoaudiologia-santiago\/wp-json\/wp\/v2\/categories?post=3937"},{"taxonomy":"post_tag","embeddable":true,"href":"https:\/\/medicina.udd.cl\/fonoaudiologia-santiago\/wp-json\/wp\/v2\/tags?post=3937"}],"curies":[{"name":"wp","href":"https:\/\/api.w.org\/{rel}","templated":true}]}}