{"id":3954,"date":"2017-10-06T13:19:11","date_gmt":"2017-10-06T16:19:11","guid":{"rendered":"http:\/\/medicina.udd.cl\/fonoaudiologia-santiago\/?p=3954"},"modified":"2017-10-06T13:27:44","modified_gmt":"2017-10-06T16:27:44","slug":"clinica-alemana-y-facultad-de-medicina-realizan-encuentro-de-pacientes-y-amigos","status":"publish","type":"post","link":"https:\/\/medicina.udd.cl\/fonoaudiologia-santiago\/noticias\/2017\/10\/06\/clinica-alemana-y-facultad-de-medicina-realizan-encuentro-de-pacientes-y-amigos\/","title":{"rendered":"Cl\u00ednica Alemana y Facultad de Medicina realizan Encuentro de Pacientes y Amigos"},"content":{"rendered":"<div id=\"gallery-1\" class=\"carousel slide carousel-gallery\" data-ride=\"false\" data-interval=\"false\"><div class=\"carousel-inner\" role=\"listbox\"><figure class=\"carousel-item active\"><img loading=\"lazy\" decoding=\"async\" width=\"936\" height=\"534\" src=\"https:\/\/medicina.udd.cl\/fonoaudiologia-santiago\/files\/2017\/10\/DSC_0205.jpg\" class=\"attachment-landscape_952 size-landscape_952\" alt=\"\" srcset=\"https:\/\/medicina.udd.cl\/fonoaudiologia-santiago\/files\/2017\/10\/DSC_0205.jpg 3872w, https:\/\/medicina.udd.cl\/fonoaudiologia-santiago\/files\/2017\/10\/DSC_0205-300x171.jpg 300w, https:\/\/medicina.udd.cl\/fonoaudiologia-santiago\/files\/2017\/10\/DSC_0205-768x438.jpg 768w, https:\/\/medicina.udd.cl\/fonoaudiologia-santiago\/files\/2017\/10\/DSC_0205-1024x584.jpg 1024w, https:\/\/medicina.udd.cl\/fonoaudiologia-santiago\/files\/2017\/10\/DSC_0205-960x547.jpg 960w\" sizes=\"auto, (max-width: 936px) 100vw, 936px\" \/><\/figure><figure class=\"carousel-item\"><img loading=\"lazy\" decoding=\"async\" width=\"538\" height=\"534\" src=\"https:\/\/medicina.udd.cl\/fonoaudiologia-santiago\/files\/2017\/10\/DSC_0356.jpg\" class=\"attachment-landscape_952 size-landscape_952\" alt=\"\" srcset=\"https:\/\/medicina.udd.cl\/fonoaudiologia-santiago\/files\/2017\/10\/DSC_0356.jpg 2517w, https:\/\/medicina.udd.cl\/fonoaudiologia-santiago\/files\/2017\/10\/DSC_0356-150x150.jpg 150w, https:\/\/medicina.udd.cl\/fonoaudiologia-santiago\/files\/2017\/10\/DSC_0356-300x297.jpg 300w, https:\/\/medicina.udd.cl\/fonoaudiologia-santiago\/files\/2017\/10\/DSC_0356-768x762.jpg 768w, https:\/\/medicina.udd.cl\/fonoaudiologia-santiago\/files\/2017\/10\/DSC_0356-1024x1015.jpg 1024w, https:\/\/medicina.udd.cl\/fonoaudiologia-santiago\/files\/2017\/10\/DSC_0356-62x62.jpg 62w, https:\/\/medicina.udd.cl\/fonoaudiologia-santiago\/files\/2017\/10\/DSC_0356-960x952.jpg 960w, https:\/\/medicina.udd.cl\/fonoaudiologia-santiago\/files\/2017\/10\/DSC_0356-126x126.jpg 126w\" sizes=\"auto, (max-width: 538px) 100vw, 538px\" \/><\/figure><figure class=\"carousel-item\"><img loading=\"lazy\" decoding=\"async\" width=\"754\" height=\"534\" src=\"https:\/\/medicina.udd.cl\/fonoaudiologia-santiago\/files\/2017\/10\/DSC_0022.jpg\" class=\"attachment-landscape_952 size-landscape_952\" alt=\"\" srcset=\"https:\/\/medicina.udd.cl\/fonoaudiologia-santiago\/files\/2017\/10\/DSC_0022.jpg 3524w, https:\/\/medicina.udd.cl\/fonoaudiologia-santiago\/files\/2017\/10\/DSC_0022-300x212.jpg 300w, https:\/\/medicina.udd.cl\/fonoaudiologia-santiago\/files\/2017\/10\/DSC_0022-768x544.jpg 768w, https:\/\/medicina.udd.cl\/fonoaudiologia-santiago\/files\/2017\/10\/DSC_0022-1024x725.jpg 1024w, https:\/\/medicina.udd.cl\/fonoaudiologia-santiago\/files\/2017\/10\/DSC_0022-316x224.jpg 316w, https:\/\/medicina.udd.cl\/fonoaudiologia-santiago\/files\/2017\/10\/DSC_0022-87x62.jpg 87w, https:\/\/medicina.udd.cl\/fonoaudiologia-santiago\/files\/2017\/10\/DSC_0022-960x680.jpg 960w\" sizes=\"auto, (max-width: 754px) 100vw, 754px\" \/><\/figure><figure class=\"carousel-item\"><img loading=\"lazy\" decoding=\"async\" width=\"798\" height=\"534\" src=\"https:\/\/medicina.udd.cl\/fonoaudiologia-santiago\/files\/2017\/10\/DSC_0083-1.jpg\" class=\"attachment-landscape_952 size-landscape_952\" alt=\"\" srcset=\"https:\/\/medicina.udd.cl\/fonoaudiologia-santiago\/files\/2017\/10\/DSC_0083-1.jpg 3872w, https:\/\/medicina.udd.cl\/fonoaudiologia-santiago\/files\/2017\/10\/DSC_0083-1-300x201.jpg 300w, https:\/\/medicina.udd.cl\/fonoaudiologia-santiago\/files\/2017\/10\/DSC_0083-1-768x514.jpg 768w, https:\/\/medicina.udd.cl\/fonoaudiologia-santiago\/files\/2017\/10\/DSC_0083-1-1024x685.jpg 1024w, https:\/\/medicina.udd.cl\/fonoaudiologia-santiago\/files\/2017\/10\/DSC_0083-1-960x643.jpg 960w\" sizes=\"auto, (max-width: 798px) 100vw, 798px\" \/><\/figure><figure class=\"carousel-item\"><img loading=\"lazy\" decoding=\"async\" width=\"766\" height=\"534\" src=\"https:\/\/medicina.udd.cl\/fonoaudiologia-santiago\/files\/2017\/10\/DSC_0090.jpg\" class=\"attachment-landscape_952 size-landscape_952\" alt=\"\" srcset=\"https:\/\/medicina.udd.cl\/fonoaudiologia-santiago\/files\/2017\/10\/DSC_0090.jpg 3548w, https:\/\/medicina.udd.cl\/fonoaudiologia-santiago\/files\/2017\/10\/DSC_0090-300x209.jpg 300w, https:\/\/medicina.udd.cl\/fonoaudiologia-santiago\/files\/2017\/10\/DSC_0090-768x535.jpg 768w, https:\/\/medicina.udd.cl\/fonoaudiologia-santiago\/files\/2017\/10\/DSC_0090-1024x713.jpg 1024w, https:\/\/medicina.udd.cl\/fonoaudiologia-santiago\/files\/2017\/10\/DSC_0090-87x62.jpg 87w, https:\/\/medicina.udd.cl\/fonoaudiologia-santiago\/files\/2017\/10\/DSC_0090-365x255.jpg 365w, https:\/\/medicina.udd.cl\/fonoaudiologia-santiago\/files\/2017\/10\/DSC_0090-960x669.jpg 960w\" sizes=\"auto, (max-width: 766px) 100vw, 766px\" \/><\/figure><figure class=\"carousel-item\"><img loading=\"lazy\" decoding=\"async\" width=\"798\" height=\"534\" src=\"https:\/\/medicina.udd.cl\/fonoaudiologia-santiago\/files\/2017\/10\/DSC_0144.jpg\" class=\"attachment-landscape_952 size-landscape_952\" alt=\"\" srcset=\"https:\/\/medicina.udd.cl\/fonoaudiologia-santiago\/files\/2017\/10\/DSC_0144.jpg 3872w, https:\/\/medicina.udd.cl\/fonoaudiologia-santiago\/files\/2017\/10\/DSC_0144-300x201.jpg 300w, https:\/\/medicina.udd.cl\/fonoaudiologia-santiago\/files\/2017\/10\/DSC_0144-768x514.jpg 768w, https:\/\/medicina.udd.cl\/fonoaudiologia-santiago\/files\/2017\/10\/DSC_0144-1024x685.jpg 1024w, https:\/\/medicina.udd.cl\/fonoaudiologia-santiago\/files\/2017\/10\/DSC_0144-960x643.jpg 960w\" sizes=\"auto, (max-width: 798px) 100vw, 798px\" \/><\/figure><figure class=\"carousel-item\"><img loading=\"lazy\" decoding=\"async\" width=\"926\" height=\"534\" src=\"https:\/\/medicina.udd.cl\/fonoaudiologia-santiago\/files\/2017\/10\/DSC_0154.jpg\" class=\"attachment-landscape_952 size-landscape_952\" alt=\"\" srcset=\"https:\/\/medicina.udd.cl\/fonoaudiologia-santiago\/files\/2017\/10\/DSC_0154.jpg 3872w, https:\/\/medicina.udd.cl\/fonoaudiologia-santiago\/files\/2017\/10\/DSC_0154-300x173.jpg 300w, https:\/\/medicina.udd.cl\/fonoaudiologia-santiago\/files\/2017\/10\/DSC_0154-768x443.jpg 768w, https:\/\/medicina.udd.cl\/fonoaudiologia-santiago\/files\/2017\/10\/DSC_0154-1024x590.jpg 1024w, https:\/\/medicina.udd.cl\/fonoaudiologia-santiago\/files\/2017\/10\/DSC_0154-960x553.jpg 960w\" sizes=\"auto, (max-width: 926px) 100vw, 926px\" \/><\/figure><figure class=\"carousel-item\"><img loading=\"lazy\" decoding=\"async\" width=\"888\" height=\"534\" src=\"https:\/\/medicina.udd.cl\/fonoaudiologia-santiago\/files\/2017\/10\/DSC_0176.jpg\" class=\"attachment-landscape_952 size-landscape_952\" alt=\"\" srcset=\"https:\/\/medicina.udd.cl\/fonoaudiologia-santiago\/files\/2017\/10\/DSC_0176.jpg 3872w, https:\/\/medicina.udd.cl\/fonoaudiologia-santiago\/files\/2017\/10\/DSC_0176-300x180.jpg 300w, https:\/\/medicina.udd.cl\/fonoaudiologia-santiago\/files\/2017\/10\/DSC_0176-768x462.jpg 768w, https:\/\/medicina.udd.cl\/fonoaudiologia-santiago\/files\/2017\/10\/DSC_0176-1024x616.jpg 1024w, https:\/\/medicina.udd.cl\/fonoaudiologia-santiago\/files\/2017\/10\/DSC_0176-960x577.jpg 960w\" sizes=\"auto, (max-width: 888px) 100vw, 888px\" \/><\/figure><figure class=\"carousel-item\"><img loading=\"lazy\" decoding=\"async\" width=\"617\" height=\"534\" src=\"https:\/\/medicina.udd.cl\/fonoaudiologia-santiago\/files\/2017\/10\/DSC_0179.jpg\" class=\"attachment-landscape_952 size-landscape_952\" alt=\"\" srcset=\"https:\/\/medicina.udd.cl\/fonoaudiologia-santiago\/files\/2017\/10\/DSC_0179.jpg 2842w, https:\/\/medicina.udd.cl\/fonoaudiologia-santiago\/files\/2017\/10\/DSC_0179-300x260.jpg 300w, https:\/\/medicina.udd.cl\/fonoaudiologia-santiago\/files\/2017\/10\/DSC_0179-768x665.jpg 768w, https:\/\/medicina.udd.cl\/fonoaudiologia-santiago\/files\/2017\/10\/DSC_0179-1024x886.jpg 1024w, https:\/\/medicina.udd.cl\/fonoaudiologia-santiago\/files\/2017\/10\/DSC_0179-960x831.jpg 960w\" sizes=\"auto, (max-width: 617px) 100vw, 617px\" \/><\/figure><\/div><footer class=\"carousel-footer\"><div class=\"carousel-counter\"><span class=\"carousel-counter-current\"><\/span> \/ <span class=\"carousel-counter-total\"><\/span><\/div><a class=\"carousel-control-prev\" href=\"#gallery-1\" role=\"button\" data-slide=\"prev\"><svg aria-hidden=\"true\" class=\"svg-chevron-left-dims\"><use xlink:href='https:\/\/medicina.udd.cl\/fonoaudiologia-santiago\/wp-content\/themes\/facultades-2018\/assets\/img\/svg\/dist\/main.svg?version=1695853099#chevron-left'><\/use><\/svg><span class=\"sr-only\">Anterior<\/span><\/a><a class=\"carousel-control-next\" href=\"#gallery-1\" role=\"button\" data-slide=\"next\"><svg aria-hidden=\"true\" class=\"svg-chevron-right-dims\"><use xlink:href='https:\/\/medicina.udd.cl\/fonoaudiologia-santiago\/wp-content\/themes\/facultades-2018\/assets\/img\/svg\/dist\/main.svg?version=1695853099#chevron-right'><\/use><\/svg><span class=\"sr-only\">Siguiente<\/span><\/a><\/footer><\/div>\n<p>Estar en la Unidad de Cuidados Intensivos (UCI) es, por decir lo menos, una situaci\u00f3n complicada que involucra no s\u00f3lo al paciente, sino tambi\u00e9n a su familia, sobre todo en aquellos casos en que la permanencia en recintos hospitalarios es por largos per\u00edodos. Dado lo extremo de la situaci\u00f3n, se genera una particular y estrecha relaci\u00f3n entre paciente, familia el equipo m\u00e9dico en la rehabilitaci\u00f3n, relaci\u00f3n que muchas veces permanece en el tiempo.<\/p>\n<p>En este contexto, la fonoaudi\u00f3loga Mar\u00eda Ang\u00e9lica L\u00f3pez y el Neur\u00f3logo, Dr. Arnold Hoppe, ambos de Cl\u00ednica Alemana y de la Facultad de Medicina Universidad del Desarrollo, realizaron una vez m\u00e1s y por 25\u00b0 a\u00f1o consecutivo, su Encuentro de Pacientes y Amigos, en el cual se re\u00fanen personas de todas las edades -junto a sus familias- que han pasado por la UCI de Cl\u00ednica Alemana con el equipo de rehabilitaci\u00f3n que los trat\u00f3. Se trata de un encuentro cargado de cari\u00f1o y emotividad, donde se celebra y agradece la vida.<\/p>\n<p>Como ya es tradici\u00f3n, el encuentro se realiz\u00f3 en la casa de la Flga. Mar\u00eda Ang\u00e9lica L\u00f3pez, Directora de la Carrera, y \u00e9ste a\u00f1o congreg\u00f3 a 56 pacientes y m\u00e1s de 400 invitados, entre los que se encuentran las familias de los pacientes, autoridades, docentes y alumnos de la UDD, de Cl\u00ednica Alemana y de la Corporaci\u00f3n Chileno-Alemana de Beneficencia, entre otros.<\/p>\n<p>Durante el encuentro, los pacientes \u2013junto a sus familias-\u00a0 toman la palabra y cuentan sus experiencias de vida, tanto antes del accidente como durante la recuperaci\u00f3n y despu\u00e9s de la misma. Asisten desde pacientes recientes y en plena recuperaci\u00f3n, hasta personas que pasaron por la UCI hace muchos a\u00f1os y esperan este encuentro con ansias para volver a reencontrarse con su equipo y otros pacientes amigos.<\/p>\n<p>\u201cNo me cabe m\u00e1s que agradecer a mis pacientes y sus familias, quienes hicieron posible mantener este precioso encuentro a lo largo de estos 25 a\u00f1os, para devolver la ilusi\u00f3n y recuperaci\u00f3n a tantas personas que han pasado por lo mismo. Agradecer principalmente por la gran lecci\u00f3n de vida entregada a mis estudiantes, quienes se emocionaron y aplaudieron los testimonios entregados que nunca olvidar\u00e1n. Por mi parte, espero haber logrado transmitir a lo largo de estos encuentros que toda profesi\u00f3n se debe llevar en el alma y hacerlo con pasi\u00f3n\u201d, se\u00f1al\u00f3 la fonoaudi\u00f3loga Mar\u00eda Ang\u00e9lica L\u00f3pez.<\/p>\n<p>Entre las autoridades asistentes de la UDD destacan el rector, Federico Vald\u00e9s; el vicerrector de pregrado, Juan Eduardo Vargas; el decano de la Facultad de Medicina, Dr. Ricardo Ronco; la vicedecana de las carreras de la salud, Dra. Liliana Jadue; el director de Kinesiolog\u00eda Jorge Molina; y directora de Tecnolog\u00eda M\u00e9dica M. Adriana Parra.<\/p>\n<p>De Cl\u00ednica Alemana asisti\u00f3 su gerente general, Paula Ithurbisquy y el dr. Alejandro de Marinis, jefe del Departamento de Neurolog\u00eda; mientras que de la Corporaci\u00f3n Chileno-Alemana de Beneficencia asisti\u00f3 el gerente general Jorge Lafrentz y Cristi\u00e1n Montes, gerente de administraci\u00f3n y finanzas.<\/p>\n<p>La carrera de Fonoaudiolog\u00eda estuvo representada por sus docentes, por un gran n\u00famero de alumnos de primero a quinto a\u00f1o y por su Centro de Alumnos en pleno.<\/p>\n<p>&nbsp;<\/p>\n<p>&nbsp;<\/p>\n<p>&nbsp;<\/p>\n","protected":false},"excerpt":{"rendered":"<p>Por 25\u00b0 a\u00f1o consecutivo, personas que han pasado por la Unidad de Cuidados Intensivos (UCI) se re\u00fanen, junto a sus familias, con el equipo m\u00e9dico de la cl\u00ednica, para celebrar y agradecer la vida.<\/p>\n","protected":false},"author":9192210,"featured_media":3962,"comment_status":"open","ping_status":"open","sticky":false,"template":"","format":"standard","meta":{"footnotes":""},"categories":[4],"tags":[],"class_list":["post-3954","post","type-post","status-publish","format-standard","has-post-thumbnail","hentry","category-noticias"],"yoast_head":"<!-- This site is optimized with the Yoast SEO plugin v26.9 - https:\/\/yoast.com\/product\/yoast-seo-wordpress\/ -->\n<title>Cl\u00ednica Alemana y Facultad de Medicina realizan Encuentro de Pacientes y Amigos - Fonoaudiolog\u00eda<\/title>\n<meta name=\"robots\" content=\"index, follow, max-snippet:-1, max-image-preview:large, max-video-preview:-1\" \/>\n<link rel=\"canonical\" href=\"https:\/\/medicina.udd.cl\/fonoaudiologia-santiago\/noticias\/2017\/10\/06\/clinica-alemana-y-facultad-de-medicina-realizan-encuentro-de-pacientes-y-amigos\/\" \/>\n<meta property=\"og:locale\" content=\"es_ES\" \/>\n<meta property=\"og:type\" content=\"article\" \/>\n<meta property=\"og:title\" content=\"Cl\u00ednica Alemana y Facultad de Medicina realizan Encuentro de Pacientes y Amigos - Fonoaudiolog\u00eda\" \/>\n<meta property=\"og:description\" content=\"Por 25\u00b0 a\u00f1o consecutivo, personas que han pasado por la Unidad de Cuidados Intensivos (UCI) se re\u00fanen, junto a sus familias, con el equipo m\u00e9dico de la cl\u00ednica, para celebrar y agradecer la vida.\" \/>\n<meta property=\"og:url\" content=\"https:\/\/medicina.udd.cl\/fonoaudiologia-santiago\/noticias\/2017\/10\/06\/clinica-alemana-y-facultad-de-medicina-realizan-encuentro-de-pacientes-y-amigos\/\" \/>\n<meta property=\"og:site_name\" content=\"Fonoaudiolog\u00eda\" \/>\n<meta property=\"article:published_time\" content=\"2017-10-06T16:19:11+00:00\" \/>\n<meta property=\"article:modified_time\" content=\"2017-10-06T16:27:44+00:00\" \/>\n<meta property=\"og:image\" content=\"https:\/\/medicina.udd.cl\/fonoaudiologia-santiago\/files\/2017\/10\/DSC_0176-1024x616.jpg\" \/>\n\t<meta property=\"og:image:width\" content=\"1024\" \/>\n\t<meta property=\"og:image:height\" content=\"616\" \/>\n\t<meta property=\"og:image:type\" content=\"image\/jpeg\" \/>\n<meta name=\"author\" content=\"cataaguilera\" \/>\n<meta name=\"twitter:label1\" content=\"Escrito por\" \/>\n\t<meta name=\"twitter:data1\" content=\"cataaguilera\" \/>\n\t<meta name=\"twitter:label2\" content=\"Tiempo de lectura\" \/>\n\t<meta name=\"twitter:data2\" content=\"3 minutos\" \/>\n<script type=\"application\/ld+json\" class=\"yoast-schema-graph\">{\"@context\":\"https:\/\/schema.org\",\"@graph\":[{\"@type\":\"Article\",\"@id\":\"https:\/\/medicina.udd.cl\/fonoaudiologia-santiago\/noticias\/2017\/10\/06\/clinica-alemana-y-facultad-de-medicina-realizan-encuentro-de-pacientes-y-amigos\/#article\",\"isPartOf\":{\"@id\":\"https:\/\/medicina.udd.cl\/fonoaudiologia-santiago\/noticias\/2017\/10\/06\/clinica-alemana-y-facultad-de-medicina-realizan-encuentro-de-pacientes-y-amigos\/\"},\"author\":{\"name\":\"cataaguilera\",\"@id\":\"https:\/\/medicina.udd.cl\/fonoaudiologia-santiago\/#\/schema\/person\/8b2ddab3d222f03f9e6108f06d6cc25c\"},\"headline\":\"Cl\u00ednica Alemana y Facultad de Medicina realizan Encuentro de Pacientes y Amigos\",\"datePublished\":\"2017-10-06T16:19:11+00:00\",\"dateModified\":\"2017-10-06T16:27:44+00:00\",\"mainEntityOfPage\":{\"@id\":\"https:\/\/medicina.udd.cl\/fonoaudiologia-santiago\/noticias\/2017\/10\/06\/clinica-alemana-y-facultad-de-medicina-realizan-encuentro-de-pacientes-y-amigos\/\"},\"wordCount\":583,\"commentCount\":0,\"image\":{\"@id\":\"https:\/\/medicina.udd.cl\/fonoaudiologia-santiago\/noticias\/2017\/10\/06\/clinica-alemana-y-facultad-de-medicina-realizan-encuentro-de-pacientes-y-amigos\/#primaryimage\"},\"thumbnailUrl\":\"https:\/\/medicina.udd.cl\/fonoaudiologia-santiago\/files\/2017\/10\/DSC_0176.jpg\",\"articleSection\":[\"Noticias\"],\"inLanguage\":\"es\",\"potentialAction\":[{\"@type\":\"CommentAction\",\"name\":\"Comment\",\"target\":[\"https:\/\/medicina.udd.cl\/fonoaudiologia-santiago\/noticias\/2017\/10\/06\/clinica-alemana-y-facultad-de-medicina-realizan-encuentro-de-pacientes-y-amigos\/#respond\"]}]},{\"@type\":\"WebPage\",\"@id\":\"https:\/\/medicina.udd.cl\/fonoaudiologia-santiago\/noticias\/2017\/10\/06\/clinica-alemana-y-facultad-de-medicina-realizan-encuentro-de-pacientes-y-amigos\/\",\"url\":\"https:\/\/medicina.udd.cl\/fonoaudiologia-santiago\/noticias\/2017\/10\/06\/clinica-alemana-y-facultad-de-medicina-realizan-encuentro-de-pacientes-y-amigos\/\",\"name\":\"Cl\u00ednica Alemana y Facultad de Medicina realizan Encuentro de Pacientes y Amigos - Fonoaudiolog\u00eda\",\"isPartOf\":{\"@id\":\"https:\/\/medicina.udd.cl\/fonoaudiologia-santiago\/#website\"},\"primaryImageOfPage\":{\"@id\":\"https:\/\/medicina.udd.cl\/fonoaudiologia-santiago\/noticias\/2017\/10\/06\/clinica-alemana-y-facultad-de-medicina-realizan-encuentro-de-pacientes-y-amigos\/#primaryimage\"},\"image\":{\"@id\":\"https:\/\/medicina.udd.cl\/fonoaudiologia-santiago\/noticias\/2017\/10\/06\/clinica-alemana-y-facultad-de-medicina-realizan-encuentro-de-pacientes-y-amigos\/#primaryimage\"},\"thumbnailUrl\":\"https:\/\/medicina.udd.cl\/fonoaudiologia-santiago\/files\/2017\/10\/DSC_0176.jpg\",\"datePublished\":\"2017-10-06T16:19:11+00:00\",\"dateModified\":\"2017-10-06T16:27:44+00:00\",\"author\":{\"@id\":\"https:\/\/medicina.udd.cl\/fonoaudiologia-santiago\/#\/schema\/person\/8b2ddab3d222f03f9e6108f06d6cc25c\"},\"breadcrumb\":{\"@id\":\"https:\/\/medicina.udd.cl\/fonoaudiologia-santiago\/noticias\/2017\/10\/06\/clinica-alemana-y-facultad-de-medicina-realizan-encuentro-de-pacientes-y-amigos\/#breadcrumb\"},\"inLanguage\":\"es\",\"potentialAction\":[{\"@type\":\"ReadAction\",\"target\":[\"https:\/\/medicina.udd.cl\/fonoaudiologia-santiago\/noticias\/2017\/10\/06\/clinica-alemana-y-facultad-de-medicina-realizan-encuentro-de-pacientes-y-amigos\/\"]}]},{\"@type\":\"ImageObject\",\"inLanguage\":\"es\",\"@id\":\"https:\/\/medicina.udd.cl\/fonoaudiologia-santiago\/noticias\/2017\/10\/06\/clinica-alemana-y-facultad-de-medicina-realizan-encuentro-de-pacientes-y-amigos\/#primaryimage\",\"url\":\"https:\/\/medicina.udd.cl\/fonoaudiologia-santiago\/files\/2017\/10\/DSC_0176.jpg\",\"contentUrl\":\"https:\/\/medicina.udd.cl\/fonoaudiologia-santiago\/files\/2017\/10\/DSC_0176.jpg\",\"width\":3872,\"height\":2328},{\"@type\":\"BreadcrumbList\",\"@id\":\"https:\/\/medicina.udd.cl\/fonoaudiologia-santiago\/noticias\/2017\/10\/06\/clinica-alemana-y-facultad-de-medicina-realizan-encuentro-de-pacientes-y-amigos\/#breadcrumb\",\"itemListElement\":[{\"@type\":\"ListItem\",\"position\":1,\"name\":\"Home\",\"item\":\"https:\/\/medicina.udd.cl\/fonoaudiologia-santiago\/\"},{\"@type\":\"ListItem\",\"position\":2,\"name\":\"Cl\u00ednica Alemana y Facultad de Medicina realizan Encuentro de Pacientes y Amigos\"}]},{\"@type\":\"WebSite\",\"@id\":\"https:\/\/medicina.udd.cl\/fonoaudiologia-santiago\/#website\",\"url\":\"https:\/\/medicina.udd.cl\/fonoaudiologia-santiago\/\",\"name\":\"Fonoaudiolog\u00eda\",\"description\":\"Facultad de Medicina Cl\u00ednica Alemana Universidad del Desarrollo\",\"inLanguage\":\"es\"},{\"@type\":\"Person\",\"@id\":\"https:\/\/medicina.udd.cl\/fonoaudiologia-santiago\/#\/schema\/person\/8b2ddab3d222f03f9e6108f06d6cc25c\",\"name\":\"cataaguilera\",\"image\":{\"@type\":\"ImageObject\",\"inLanguage\":\"es\",\"@id\":\"https:\/\/medicina.udd.cl\/fonoaudiologia-santiago\/#\/schema\/person\/image\/\",\"url\":\"https:\/\/secure.gravatar.com\/avatar\/1f73ad8ce4d549227c1fe2bbf121c103af34a23b6ac1a6f65be4906bd377acc9?s=96&d=mm&r=g\",\"contentUrl\":\"https:\/\/secure.gravatar.com\/avatar\/1f73ad8ce4d549227c1fe2bbf121c103af34a23b6ac1a6f65be4906bd377acc9?s=96&d=mm&r=g\",\"caption\":\"cataaguilera\"},\"url\":\"https:\/\/medicina.udd.cl\/fonoaudiologia-santiago\/noticias\/author\/cataaguilera\/\"}]}<\/script>\n<!-- \/ Yoast SEO plugin. -->","yoast_head_json":{"title":"Cl\u00ednica Alemana y Facultad de Medicina realizan Encuentro de Pacientes y Amigos - Fonoaudiolog\u00eda","robots":{"index":"index","follow":"follow","max-snippet":"max-snippet:-1","max-image-preview":"max-image-preview:large","max-video-preview":"max-video-preview:-1"},"canonical":"https:\/\/medicina.udd.cl\/fonoaudiologia-santiago\/noticias\/2017\/10\/06\/clinica-alemana-y-facultad-de-medicina-realizan-encuentro-de-pacientes-y-amigos\/","og_locale":"es_ES","og_type":"article","og_title":"Cl\u00ednica Alemana y Facultad de Medicina realizan Encuentro de Pacientes y Amigos - Fonoaudiolog\u00eda","og_description":"Por 25\u00b0 a\u00f1o consecutivo, personas que han pasado por la Unidad de Cuidados Intensivos (UCI) se re\u00fanen, junto a sus familias, con el equipo m\u00e9dico de la cl\u00ednica, para celebrar y agradecer la vida.","og_url":"https:\/\/medicina.udd.cl\/fonoaudiologia-santiago\/noticias\/2017\/10\/06\/clinica-alemana-y-facultad-de-medicina-realizan-encuentro-de-pacientes-y-amigos\/","og_site_name":"Fonoaudiolog\u00eda","article_published_time":"2017-10-06T16:19:11+00:00","article_modified_time":"2017-10-06T16:27:44+00:00","og_image":[{"width":1024,"height":616,"url":"https:\/\/medicina.udd.cl\/fonoaudiologia-santiago\/files\/2017\/10\/DSC_0176-1024x616.jpg","type":"image\/jpeg"}],"author":"cataaguilera","twitter_misc":{"Escrito por":"cataaguilera","Tiempo de lectura":"3 minutos"},"schema":{"@context":"https:\/\/schema.org","@graph":[{"@type":"Article","@id":"https:\/\/medicina.udd.cl\/fonoaudiologia-santiago\/noticias\/2017\/10\/06\/clinica-alemana-y-facultad-de-medicina-realizan-encuentro-de-pacientes-y-amigos\/#article","isPartOf":{"@id":"https:\/\/medicina.udd.cl\/fonoaudiologia-santiago\/noticias\/2017\/10\/06\/clinica-alemana-y-facultad-de-medicina-realizan-encuentro-de-pacientes-y-amigos\/"},"author":{"name":"cataaguilera","@id":"https:\/\/medicina.udd.cl\/fonoaudiologia-santiago\/#\/schema\/person\/8b2ddab3d222f03f9e6108f06d6cc25c"},"headline":"Cl\u00ednica Alemana y Facultad de Medicina realizan Encuentro de Pacientes y Amigos","datePublished":"2017-10-06T16:19:11+00:00","dateModified":"2017-10-06T16:27:44+00:00","mainEntityOfPage":{"@id":"https:\/\/medicina.udd.cl\/fonoaudiologia-santiago\/noticias\/2017\/10\/06\/clinica-alemana-y-facultad-de-medicina-realizan-encuentro-de-pacientes-y-amigos\/"},"wordCount":583,"commentCount":0,"image":{"@id":"https:\/\/medicina.udd.cl\/fonoaudiologia-santiago\/noticias\/2017\/10\/06\/clinica-alemana-y-facultad-de-medicina-realizan-encuentro-de-pacientes-y-amigos\/#primaryimage"},"thumbnailUrl":"https:\/\/medicina.udd.cl\/fonoaudiologia-santiago\/files\/2017\/10\/DSC_0176.jpg","articleSection":["Noticias"],"inLanguage":"es","potentialAction":[{"@type":"CommentAction","name":"Comment","target":["https:\/\/medicina.udd.cl\/fonoaudiologia-santiago\/noticias\/2017\/10\/06\/clinica-alemana-y-facultad-de-medicina-realizan-encuentro-de-pacientes-y-amigos\/#respond"]}]},{"@type":"WebPage","@id":"https:\/\/medicina.udd.cl\/fonoaudiologia-santiago\/noticias\/2017\/10\/06\/clinica-alemana-y-facultad-de-medicina-realizan-encuentro-de-pacientes-y-amigos\/","url":"https:\/\/medicina.udd.cl\/fonoaudiologia-santiago\/noticias\/2017\/10\/06\/clinica-alemana-y-facultad-de-medicina-realizan-encuentro-de-pacientes-y-amigos\/","name":"Cl\u00ednica Alemana y Facultad de Medicina realizan Encuentro de Pacientes y Amigos - Fonoaudiolog\u00eda","isPartOf":{"@id":"https:\/\/medicina.udd.cl\/fonoaudiologia-santiago\/#website"},"primaryImageOfPage":{"@id":"https:\/\/medicina.udd.cl\/fonoaudiologia-santiago\/noticias\/2017\/10\/06\/clinica-alemana-y-facultad-de-medicina-realizan-encuentro-de-pacientes-y-amigos\/#primaryimage"},"image":{"@id":"https:\/\/medicina.udd.cl\/fonoaudiologia-santiago\/noticias\/2017\/10\/06\/clinica-alemana-y-facultad-de-medicina-realizan-encuentro-de-pacientes-y-amigos\/#primaryimage"},"thumbnailUrl":"https:\/\/medicina.udd.cl\/fonoaudiologia-santiago\/files\/2017\/10\/DSC_0176.jpg","datePublished":"2017-10-06T16:19:11+00:00","dateModified":"2017-10-06T16:27:44+00:00","author":{"@id":"https:\/\/medicina.udd.cl\/fonoaudiologia-santiago\/#\/schema\/person\/8b2ddab3d222f03f9e6108f06d6cc25c"},"breadcrumb":{"@id":"https:\/\/medicina.udd.cl\/fonoaudiologia-santiago\/noticias\/2017\/10\/06\/clinica-alemana-y-facultad-de-medicina-realizan-encuentro-de-pacientes-y-amigos\/#breadcrumb"},"inLanguage":"es","potentialAction":[{"@type":"ReadAction","target":["https:\/\/medicina.udd.cl\/fonoaudiologia-santiago\/noticias\/2017\/10\/06\/clinica-alemana-y-facultad-de-medicina-realizan-encuentro-de-pacientes-y-amigos\/"]}]},{"@type":"ImageObject","inLanguage":"es","@id":"https:\/\/medicina.udd.cl\/fonoaudiologia-santiago\/noticias\/2017\/10\/06\/clinica-alemana-y-facultad-de-medicina-realizan-encuentro-de-pacientes-y-amigos\/#primaryimage","url":"https:\/\/medicina.udd.cl\/fonoaudiologia-santiago\/files\/2017\/10\/DSC_0176.jpg","contentUrl":"https:\/\/medicina.udd.cl\/fonoaudiologia-santiago\/files\/2017\/10\/DSC_0176.jpg","width":3872,"height":2328},{"@type":"BreadcrumbList","@id":"https:\/\/medicina.udd.cl\/fonoaudiologia-santiago\/noticias\/2017\/10\/06\/clinica-alemana-y-facultad-de-medicina-realizan-encuentro-de-pacientes-y-amigos\/#breadcrumb","itemListElement":[{"@type":"ListItem","position":1,"name":"Home","item":"https:\/\/medicina.udd.cl\/fonoaudiologia-santiago\/"},{"@type":"ListItem","position":2,"name":"Cl\u00ednica Alemana y Facultad de Medicina realizan Encuentro de Pacientes y Amigos"}]},{"@type":"WebSite","@id":"https:\/\/medicina.udd.cl\/fonoaudiologia-santiago\/#website","url":"https:\/\/medicina.udd.cl\/fonoaudiologia-santiago\/","name":"Fonoaudiolog\u00eda","description":"Facultad de Medicina Cl\u00ednica Alemana Universidad del Desarrollo","inLanguage":"es"},{"@type":"Person","@id":"https:\/\/medicina.udd.cl\/fonoaudiologia-santiago\/#\/schema\/person\/8b2ddab3d222f03f9e6108f06d6cc25c","name":"cataaguilera","image":{"@type":"ImageObject","inLanguage":"es","@id":"https:\/\/medicina.udd.cl\/fonoaudiologia-santiago\/#\/schema\/person\/image\/","url":"https:\/\/secure.gravatar.com\/avatar\/1f73ad8ce4d549227c1fe2bbf121c103af34a23b6ac1a6f65be4906bd377acc9?s=96&d=mm&r=g","contentUrl":"https:\/\/secure.gravatar.com\/avatar\/1f73ad8ce4d549227c1fe2bbf121c103af34a23b6ac1a6f65be4906bd377acc9?s=96&d=mm&r=g","caption":"cataaguilera"},"url":"https:\/\/medicina.udd.cl\/fonoaudiologia-santiago\/noticias\/author\/cataaguilera\/"}]}},"featured_image_url":"https:\/\/medicina.udd.cl\/fonoaudiologia-santiago\/files\/2017\/10\/DSC_0176.jpg","_links":{"self":[{"href":"https:\/\/medicina.udd.cl\/fonoaudiologia-santiago\/wp-json\/wp\/v2\/posts\/3954","targetHints":{"allow":["GET"]}}],"collection":[{"href":"https:\/\/medicina.udd.cl\/fonoaudiologia-santiago\/wp-json\/wp\/v2\/posts"}],"about":[{"href":"https:\/\/medicina.udd.cl\/fonoaudiologia-santiago\/wp-json\/wp\/v2\/types\/post"}],"author":[{"embeddable":true,"href":"https:\/\/medicina.udd.cl\/fonoaudiologia-santiago\/wp-json\/wp\/v2\/users\/9192210"}],"replies":[{"embeddable":true,"href":"https:\/\/medicina.udd.cl\/fonoaudiologia-santiago\/wp-json\/wp\/v2\/comments?post=3954"}],"version-history":[{"count":2,"href":"https:\/\/medicina.udd.cl\/fonoaudiologia-santiago\/wp-json\/wp\/v2\/posts\/3954\/revisions"}],"predecessor-version":[{"id":3967,"href":"https:\/\/medicina.udd.cl\/fonoaudiologia-santiago\/wp-json\/wp\/v2\/posts\/3954\/revisions\/3967"}],"wp:featuredmedia":[{"embeddable":true,"href":"https:\/\/medicina.udd.cl\/fonoaudiologia-santiago\/wp-json\/wp\/v2\/media\/3962"}],"wp:attachment":[{"href":"https:\/\/medicina.udd.cl\/fonoaudiologia-santiago\/wp-json\/wp\/v2\/media?parent=3954"}],"wp:term":[{"taxonomy":"category","embeddable":true,"href":"https:\/\/medicina.udd.cl\/fonoaudiologia-santiago\/wp-json\/wp\/v2\/categories?post=3954"},{"taxonomy":"post_tag","embeddable":true,"href":"https:\/\/medicina.udd.cl\/fonoaudiologia-santiago\/wp-json\/wp\/v2\/tags?post=3954"}],"curies":[{"name":"wp","href":"https:\/\/api.w.org\/{rel}","templated":true}]}}