{"id":3999,"date":"2017-12-04T16:04:52","date_gmt":"2017-12-04T19:04:52","guid":{"rendered":"http:\/\/medicina.udd.cl\/fonoaudiologia-santiago\/?p=3999"},"modified":"2017-12-04T16:06:40","modified_gmt":"2017-12-04T19:06:40","slug":"fonoaudiologia-udd-inviste-a-sus-estudiantes","status":"publish","type":"post","link":"https:\/\/medicina.udd.cl\/fonoaudiologia-santiago\/noticias\/2017\/12\/04\/fonoaudiologia-udd-inviste-a-sus-estudiantes\/","title":{"rendered":"Fonoaudiolog\u00eda UDD inviste a sus estudiantes"},"content":{"rendered":"<p style=\"text-align: justify\"><a href=\"http:\/\/medicina.udd.cl\/fonoaudiologia-santiago\/files\/2017\/12\/IMG_1857.jpg\" rel=\"attachment wp-att-4004\"><img loading=\"lazy\" decoding=\"async\" class=\"alignnone size-medium wp-image-4004\" src=\"http:\/\/medicina.udd.cl\/fonoaudiologia-santiago\/files\/2017\/12\/IMG_1857-300x202.jpg\" alt=\"IMG_1857\" width=\"300\" height=\"202\" srcset=\"https:\/\/medicina.udd.cl\/fonoaudiologia-santiago\/files\/2017\/12\/IMG_1857-300x202.jpg 300w, https:\/\/medicina.udd.cl\/fonoaudiologia-santiago\/files\/2017\/12\/IMG_1857-768x517.jpg 768w, https:\/\/medicina.udd.cl\/fonoaudiologia-santiago\/files\/2017\/12\/IMG_1857-1024x690.jpg 1024w, https:\/\/medicina.udd.cl\/fonoaudiologia-santiago\/files\/2017\/12\/IMG_1857-960x647.jpg 960w\" sizes=\"auto, (max-width: 300px) 100vw, 300px\" \/><\/a> <a href=\"http:\/\/medicina.udd.cl\/fonoaudiologia-santiago\/files\/2017\/12\/IMG_1902.jpg\" rel=\"attachment wp-att-4003\"><img loading=\"lazy\" decoding=\"async\" class=\"alignnone size-medium wp-image-4003\" src=\"http:\/\/medicina.udd.cl\/fonoaudiologia-santiago\/files\/2017\/12\/IMG_1902-300x196.jpg\" alt=\"IMG_1902\" width=\"300\" height=\"196\" srcset=\"https:\/\/medicina.udd.cl\/fonoaudiologia-santiago\/files\/2017\/12\/IMG_1902-300x196.jpg 300w, https:\/\/medicina.udd.cl\/fonoaudiologia-santiago\/files\/2017\/12\/IMG_1902-768x501.jpg 768w, https:\/\/medicina.udd.cl\/fonoaudiologia-santiago\/files\/2017\/12\/IMG_1902-1024x668.jpg 1024w, https:\/\/medicina.udd.cl\/fonoaudiologia-santiago\/files\/2017\/12\/IMG_1902-660x430.jpg 660w, https:\/\/medicina.udd.cl\/fonoaudiologia-santiago\/files\/2017\/12\/IMG_1902-960x626.jpg 960w\" sizes=\"auto, (max-width: 300px) 100vw, 300px\" \/><\/a> <a href=\"http:\/\/medicina.udd.cl\/fonoaudiologia-santiago\/files\/2017\/12\/IMG_1931.jpg\" rel=\"attachment wp-att-4002\"><img loading=\"lazy\" decoding=\"async\" class=\"alignnone size-medium wp-image-4002\" src=\"http:\/\/medicina.udd.cl\/fonoaudiologia-santiago\/files\/2017\/12\/IMG_1931-300x200.jpg\" alt=\"IMG_1931\" width=\"300\" height=\"200\" srcset=\"https:\/\/medicina.udd.cl\/fonoaudiologia-santiago\/files\/2017\/12\/IMG_1931-300x200.jpg 300w, https:\/\/medicina.udd.cl\/fonoaudiologia-santiago\/files\/2017\/12\/IMG_1931-768x512.jpg 768w, https:\/\/medicina.udd.cl\/fonoaudiologia-santiago\/files\/2017\/12\/IMG_1931-1024x683.jpg 1024w, https:\/\/medicina.udd.cl\/fonoaudiologia-santiago\/files\/2017\/12\/IMG_1931-960x640.jpg 960w\" sizes=\"auto, (max-width: 300px) 100vw, 300px\" \/><\/a> <a href=\"http:\/\/medicina.udd.cl\/fonoaudiologia-santiago\/files\/2017\/12\/IMG_2002.jpg\" rel=\"attachment wp-att-4001\"><img loading=\"lazy\" decoding=\"async\" class=\"alignnone size-medium wp-image-4001\" src=\"http:\/\/medicina.udd.cl\/fonoaudiologia-santiago\/files\/2017\/12\/IMG_2002-300x200.jpg\" alt=\"IMG_2002\" width=\"300\" height=\"200\" srcset=\"https:\/\/medicina.udd.cl\/fonoaudiologia-santiago\/files\/2017\/12\/IMG_2002-300x200.jpg 300w, https:\/\/medicina.udd.cl\/fonoaudiologia-santiago\/files\/2017\/12\/IMG_2002-768x512.jpg 768w, https:\/\/medicina.udd.cl\/fonoaudiologia-santiago\/files\/2017\/12\/IMG_2002-1024x683.jpg 1024w, https:\/\/medicina.udd.cl\/fonoaudiologia-santiago\/files\/2017\/12\/IMG_2002-960x640.jpg 960w\" sizes=\"auto, (max-width: 300px) 100vw, 300px\" \/><\/a> <a href=\"http:\/\/medicina.udd.cl\/fonoaudiologia-santiago\/files\/2017\/12\/IMG_2019.jpg\" rel=\"attachment wp-att-4000\"><img loading=\"lazy\" decoding=\"async\" class=\"alignnone size-medium wp-image-4000\" src=\"http:\/\/medicina.udd.cl\/fonoaudiologia-santiago\/files\/2017\/12\/IMG_2019-300x200.jpg\" alt=\"IMG_2019\" width=\"300\" height=\"200\" srcset=\"https:\/\/medicina.udd.cl\/fonoaudiologia-santiago\/files\/2017\/12\/IMG_2019-300x200.jpg 300w, https:\/\/medicina.udd.cl\/fonoaudiologia-santiago\/files\/2017\/12\/IMG_2019-768x512.jpg 768w, https:\/\/medicina.udd.cl\/fonoaudiologia-santiago\/files\/2017\/12\/IMG_2019-1024x683.jpg 1024w, https:\/\/medicina.udd.cl\/fonoaudiologia-santiago\/files\/2017\/12\/IMG_2019-960x640.jpg 960w\" sizes=\"auto, (max-width: 300px) 100vw, 300px\" \/><\/a><\/p>\n<p style=\"text-align: justify\">Durante la ceremonia, realizada en el Aula Magna del campus Las Condes, los alumnos usaron por primera vez su uniforme ante la presencia de autoridades de la Facultad de Medicina Cl\u00ednica Alemana Universidad del Desarrollo, docentes, alumnos, familiares y amigos.<\/p>\n<p style=\"text-align: justify\">La actividad estuvo liderada por la directora de Fonoaudiolog\u00eda UDD, Mar\u00eda Ang\u00e9lica L\u00f3pez y la coordinadora acad\u00e9mica Mar\u00eda Antonella Urz\u00faa, destacando el exitoso proceso de acreditaci\u00f3n, el compromiso de sus estudiantes y el trabajo docente.<\/p>\n<p style=\"text-align: justify\">Durante la emotiva jornada los alumnos posaron junto a sus docentes y se unieron para realizar una interpretaci\u00f3n musical a coro en el escenario.<\/p>\n","protected":false},"excerpt":{"rendered":"<p>Como parte del proceso de habilitaci\u00f3n profesional, la carrera de Fonoaudiolog\u00eda de la Universidad del Desarrollo invisti\u00f3 a sus estudiantes.<\/p>\n","protected":false},"author":9192210,"featured_media":4004,"comment_status":"open","ping_status":"open","sticky":false,"template":"","format":"standard","meta":{"footnotes":""},"categories":[4],"tags":[],"class_list":["post-3999","post","type-post","status-publish","format-standard","has-post-thumbnail","hentry","category-noticias"],"yoast_head":"<!-- This site is optimized with the Yoast SEO plugin v26.9 - https:\/\/yoast.com\/product\/yoast-seo-wordpress\/ -->\n<title>Fonoaudiolog\u00eda UDD inviste a sus estudiantes - Fonoaudiolog\u00eda<\/title>\n<meta name=\"robots\" content=\"index, follow, max-snippet:-1, max-image-preview:large, max-video-preview:-1\" \/>\n<link rel=\"canonical\" href=\"https:\/\/medicina.udd.cl\/fonoaudiologia-santiago\/noticias\/2017\/12\/04\/fonoaudiologia-udd-inviste-a-sus-estudiantes\/\" \/>\n<meta property=\"og:locale\" content=\"es_ES\" \/>\n<meta property=\"og:type\" content=\"article\" \/>\n<meta property=\"og:title\" content=\"Fonoaudiolog\u00eda UDD inviste a sus estudiantes - Fonoaudiolog\u00eda\" \/>\n<meta property=\"og:description\" content=\"Como parte del proceso de habilitaci\u00f3n profesional, la carrera de Fonoaudiolog\u00eda de la Universidad del Desarrollo invisti\u00f3 a sus estudiantes.\" \/>\n<meta property=\"og:url\" content=\"https:\/\/medicina.udd.cl\/fonoaudiologia-santiago\/noticias\/2017\/12\/04\/fonoaudiologia-udd-inviste-a-sus-estudiantes\/\" \/>\n<meta property=\"og:site_name\" content=\"Fonoaudiolog\u00eda\" \/>\n<meta property=\"article:published_time\" content=\"2017-12-04T19:04:52+00:00\" \/>\n<meta property=\"article:modified_time\" content=\"2017-12-04T19:06:40+00:00\" \/>\n<meta property=\"og:image\" content=\"https:\/\/medicina.udd.cl\/fonoaudiologia-santiago\/files\/2017\/12\/IMG_1857-1024x690.jpg\" \/>\n\t<meta property=\"og:image:width\" content=\"1024\" \/>\n\t<meta property=\"og:image:height\" content=\"690\" \/>\n\t<meta property=\"og:image:type\" content=\"image\/jpeg\" \/>\n<meta name=\"author\" content=\"cataaguilera\" \/>\n<meta name=\"twitter:label1\" content=\"Escrito por\" \/>\n\t<meta name=\"twitter:data1\" content=\"cataaguilera\" \/>\n\t<meta name=\"twitter:label2\" content=\"Tiempo de lectura\" \/>\n\t<meta name=\"twitter:data2\" content=\"1 minuto\" \/>\n<script type=\"application\/ld+json\" class=\"yoast-schema-graph\">{\"@context\":\"https:\/\/schema.org\",\"@graph\":[{\"@type\":\"Article\",\"@id\":\"https:\/\/medicina.udd.cl\/fonoaudiologia-santiago\/noticias\/2017\/12\/04\/fonoaudiologia-udd-inviste-a-sus-estudiantes\/#article\",\"isPartOf\":{\"@id\":\"https:\/\/medicina.udd.cl\/fonoaudiologia-santiago\/noticias\/2017\/12\/04\/fonoaudiologia-udd-inviste-a-sus-estudiantes\/\"},\"author\":{\"name\":\"cataaguilera\",\"@id\":\"https:\/\/medicina.udd.cl\/fonoaudiologia-santiago\/#\/schema\/person\/8b2ddab3d222f03f9e6108f06d6cc25c\"},\"headline\":\"Fonoaudiolog\u00eda UDD inviste a sus estudiantes\",\"datePublished\":\"2017-12-04T19:04:52+00:00\",\"dateModified\":\"2017-12-04T19:06:40+00:00\",\"mainEntityOfPage\":{\"@id\":\"https:\/\/medicina.udd.cl\/fonoaudiologia-santiago\/noticias\/2017\/12\/04\/fonoaudiologia-udd-inviste-a-sus-estudiantes\/\"},\"wordCount\":116,\"commentCount\":0,\"image\":{\"@id\":\"https:\/\/medicina.udd.cl\/fonoaudiologia-santiago\/noticias\/2017\/12\/04\/fonoaudiologia-udd-inviste-a-sus-estudiantes\/#primaryimage\"},\"thumbnailUrl\":\"https:\/\/medicina.udd.cl\/fonoaudiologia-santiago\/files\/2017\/12\/IMG_1857.jpg\",\"articleSection\":[\"Noticias\"],\"inLanguage\":\"es\",\"potentialAction\":[{\"@type\":\"CommentAction\",\"name\":\"Comment\",\"target\":[\"https:\/\/medicina.udd.cl\/fonoaudiologia-santiago\/noticias\/2017\/12\/04\/fonoaudiologia-udd-inviste-a-sus-estudiantes\/#respond\"]}]},{\"@type\":\"WebPage\",\"@id\":\"https:\/\/medicina.udd.cl\/fonoaudiologia-santiago\/noticias\/2017\/12\/04\/fonoaudiologia-udd-inviste-a-sus-estudiantes\/\",\"url\":\"https:\/\/medicina.udd.cl\/fonoaudiologia-santiago\/noticias\/2017\/12\/04\/fonoaudiologia-udd-inviste-a-sus-estudiantes\/\",\"name\":\"Fonoaudiolog\u00eda UDD inviste a sus estudiantes - Fonoaudiolog\u00eda\",\"isPartOf\":{\"@id\":\"https:\/\/medicina.udd.cl\/fonoaudiologia-santiago\/#website\"},\"primaryImageOfPage\":{\"@id\":\"https:\/\/medicina.udd.cl\/fonoaudiologia-santiago\/noticias\/2017\/12\/04\/fonoaudiologia-udd-inviste-a-sus-estudiantes\/#primaryimage\"},\"image\":{\"@id\":\"https:\/\/medicina.udd.cl\/fonoaudiologia-santiago\/noticias\/2017\/12\/04\/fonoaudiologia-udd-inviste-a-sus-estudiantes\/#primaryimage\"},\"thumbnailUrl\":\"https:\/\/medicina.udd.cl\/fonoaudiologia-santiago\/files\/2017\/12\/IMG_1857.jpg\",\"datePublished\":\"2017-12-04T19:04:52+00:00\",\"dateModified\":\"2017-12-04T19:06:40+00:00\",\"author\":{\"@id\":\"https:\/\/medicina.udd.cl\/fonoaudiologia-santiago\/#\/schema\/person\/8b2ddab3d222f03f9e6108f06d6cc25c\"},\"breadcrumb\":{\"@id\":\"https:\/\/medicina.udd.cl\/fonoaudiologia-santiago\/noticias\/2017\/12\/04\/fonoaudiologia-udd-inviste-a-sus-estudiantes\/#breadcrumb\"},\"inLanguage\":\"es\",\"potentialAction\":[{\"@type\":\"ReadAction\",\"target\":[\"https:\/\/medicina.udd.cl\/fonoaudiologia-santiago\/noticias\/2017\/12\/04\/fonoaudiologia-udd-inviste-a-sus-estudiantes\/\"]}]},{\"@type\":\"ImageObject\",\"inLanguage\":\"es\",\"@id\":\"https:\/\/medicina.udd.cl\/fonoaudiologia-santiago\/noticias\/2017\/12\/04\/fonoaudiologia-udd-inviste-a-sus-estudiantes\/#primaryimage\",\"url\":\"https:\/\/medicina.udd.cl\/fonoaudiologia-santiago\/files\/2017\/12\/IMG_1857.jpg\",\"contentUrl\":\"https:\/\/medicina.udd.cl\/fonoaudiologia-santiago\/files\/2017\/12\/IMG_1857.jpg\",\"width\":4980,\"height\":3354},{\"@type\":\"BreadcrumbList\",\"@id\":\"https:\/\/medicina.udd.cl\/fonoaudiologia-santiago\/noticias\/2017\/12\/04\/fonoaudiologia-udd-inviste-a-sus-estudiantes\/#breadcrumb\",\"itemListElement\":[{\"@type\":\"ListItem\",\"position\":1,\"name\":\"Home\",\"item\":\"https:\/\/medicina.udd.cl\/fonoaudiologia-santiago\/\"},{\"@type\":\"ListItem\",\"position\":2,\"name\":\"Fonoaudiolog\u00eda UDD inviste a sus estudiantes\"}]},{\"@type\":\"WebSite\",\"@id\":\"https:\/\/medicina.udd.cl\/fonoaudiologia-santiago\/#website\",\"url\":\"https:\/\/medicina.udd.cl\/fonoaudiologia-santiago\/\",\"name\":\"Fonoaudiolog\u00eda\",\"description\":\"Facultad de Medicina Cl\u00ednica Alemana Universidad del Desarrollo\",\"inLanguage\":\"es\"},{\"@type\":\"Person\",\"@id\":\"https:\/\/medicina.udd.cl\/fonoaudiologia-santiago\/#\/schema\/person\/8b2ddab3d222f03f9e6108f06d6cc25c\",\"name\":\"cataaguilera\",\"image\":{\"@type\":\"ImageObject\",\"inLanguage\":\"es\",\"@id\":\"https:\/\/medicina.udd.cl\/fonoaudiologia-santiago\/#\/schema\/person\/image\/\",\"url\":\"https:\/\/secure.gravatar.com\/avatar\/1f73ad8ce4d549227c1fe2bbf121c103af34a23b6ac1a6f65be4906bd377acc9?s=96&d=mm&r=g\",\"contentUrl\":\"https:\/\/secure.gravatar.com\/avatar\/1f73ad8ce4d549227c1fe2bbf121c103af34a23b6ac1a6f65be4906bd377acc9?s=96&d=mm&r=g\",\"caption\":\"cataaguilera\"},\"url\":\"https:\/\/medicina.udd.cl\/fonoaudiologia-santiago\/noticias\/author\/cataaguilera\/\"}]}<\/script>\n<!-- \/ Yoast SEO plugin. -->","yoast_head_json":{"title":"Fonoaudiolog\u00eda UDD inviste a sus estudiantes - Fonoaudiolog\u00eda","robots":{"index":"index","follow":"follow","max-snippet":"max-snippet:-1","max-image-preview":"max-image-preview:large","max-video-preview":"max-video-preview:-1"},"canonical":"https:\/\/medicina.udd.cl\/fonoaudiologia-santiago\/noticias\/2017\/12\/04\/fonoaudiologia-udd-inviste-a-sus-estudiantes\/","og_locale":"es_ES","og_type":"article","og_title":"Fonoaudiolog\u00eda UDD inviste a sus estudiantes - Fonoaudiolog\u00eda","og_description":"Como parte del proceso de habilitaci\u00f3n profesional, la carrera de Fonoaudiolog\u00eda de la Universidad del Desarrollo invisti\u00f3 a sus estudiantes.","og_url":"https:\/\/medicina.udd.cl\/fonoaudiologia-santiago\/noticias\/2017\/12\/04\/fonoaudiologia-udd-inviste-a-sus-estudiantes\/","og_site_name":"Fonoaudiolog\u00eda","article_published_time":"2017-12-04T19:04:52+00:00","article_modified_time":"2017-12-04T19:06:40+00:00","og_image":[{"width":1024,"height":690,"url":"https:\/\/medicina.udd.cl\/fonoaudiologia-santiago\/files\/2017\/12\/IMG_1857-1024x690.jpg","type":"image\/jpeg"}],"author":"cataaguilera","twitter_misc":{"Escrito por":"cataaguilera","Tiempo de lectura":"1 minuto"},"schema":{"@context":"https:\/\/schema.org","@graph":[{"@type":"Article","@id":"https:\/\/medicina.udd.cl\/fonoaudiologia-santiago\/noticias\/2017\/12\/04\/fonoaudiologia-udd-inviste-a-sus-estudiantes\/#article","isPartOf":{"@id":"https:\/\/medicina.udd.cl\/fonoaudiologia-santiago\/noticias\/2017\/12\/04\/fonoaudiologia-udd-inviste-a-sus-estudiantes\/"},"author":{"name":"cataaguilera","@id":"https:\/\/medicina.udd.cl\/fonoaudiologia-santiago\/#\/schema\/person\/8b2ddab3d222f03f9e6108f06d6cc25c"},"headline":"Fonoaudiolog\u00eda UDD inviste a sus estudiantes","datePublished":"2017-12-04T19:04:52+00:00","dateModified":"2017-12-04T19:06:40+00:00","mainEntityOfPage":{"@id":"https:\/\/medicina.udd.cl\/fonoaudiologia-santiago\/noticias\/2017\/12\/04\/fonoaudiologia-udd-inviste-a-sus-estudiantes\/"},"wordCount":116,"commentCount":0,"image":{"@id":"https:\/\/medicina.udd.cl\/fonoaudiologia-santiago\/noticias\/2017\/12\/04\/fonoaudiologia-udd-inviste-a-sus-estudiantes\/#primaryimage"},"thumbnailUrl":"https:\/\/medicina.udd.cl\/fonoaudiologia-santiago\/files\/2017\/12\/IMG_1857.jpg","articleSection":["Noticias"],"inLanguage":"es","potentialAction":[{"@type":"CommentAction","name":"Comment","target":["https:\/\/medicina.udd.cl\/fonoaudiologia-santiago\/noticias\/2017\/12\/04\/fonoaudiologia-udd-inviste-a-sus-estudiantes\/#respond"]}]},{"@type":"WebPage","@id":"https:\/\/medicina.udd.cl\/fonoaudiologia-santiago\/noticias\/2017\/12\/04\/fonoaudiologia-udd-inviste-a-sus-estudiantes\/","url":"https:\/\/medicina.udd.cl\/fonoaudiologia-santiago\/noticias\/2017\/12\/04\/fonoaudiologia-udd-inviste-a-sus-estudiantes\/","name":"Fonoaudiolog\u00eda UDD inviste a sus estudiantes - Fonoaudiolog\u00eda","isPartOf":{"@id":"https:\/\/medicina.udd.cl\/fonoaudiologia-santiago\/#website"},"primaryImageOfPage":{"@id":"https:\/\/medicina.udd.cl\/fonoaudiologia-santiago\/noticias\/2017\/12\/04\/fonoaudiologia-udd-inviste-a-sus-estudiantes\/#primaryimage"},"image":{"@id":"https:\/\/medicina.udd.cl\/fonoaudiologia-santiago\/noticias\/2017\/12\/04\/fonoaudiologia-udd-inviste-a-sus-estudiantes\/#primaryimage"},"thumbnailUrl":"https:\/\/medicina.udd.cl\/fonoaudiologia-santiago\/files\/2017\/12\/IMG_1857.jpg","datePublished":"2017-12-04T19:04:52+00:00","dateModified":"2017-12-04T19:06:40+00:00","author":{"@id":"https:\/\/medicina.udd.cl\/fonoaudiologia-santiago\/#\/schema\/person\/8b2ddab3d222f03f9e6108f06d6cc25c"},"breadcrumb":{"@id":"https:\/\/medicina.udd.cl\/fonoaudiologia-santiago\/noticias\/2017\/12\/04\/fonoaudiologia-udd-inviste-a-sus-estudiantes\/#breadcrumb"},"inLanguage":"es","potentialAction":[{"@type":"ReadAction","target":["https:\/\/medicina.udd.cl\/fonoaudiologia-santiago\/noticias\/2017\/12\/04\/fonoaudiologia-udd-inviste-a-sus-estudiantes\/"]}]},{"@type":"ImageObject","inLanguage":"es","@id":"https:\/\/medicina.udd.cl\/fonoaudiologia-santiago\/noticias\/2017\/12\/04\/fonoaudiologia-udd-inviste-a-sus-estudiantes\/#primaryimage","url":"https:\/\/medicina.udd.cl\/fonoaudiologia-santiago\/files\/2017\/12\/IMG_1857.jpg","contentUrl":"https:\/\/medicina.udd.cl\/fonoaudiologia-santiago\/files\/2017\/12\/IMG_1857.jpg","width":4980,"height":3354},{"@type":"BreadcrumbList","@id":"https:\/\/medicina.udd.cl\/fonoaudiologia-santiago\/noticias\/2017\/12\/04\/fonoaudiologia-udd-inviste-a-sus-estudiantes\/#breadcrumb","itemListElement":[{"@type":"ListItem","position":1,"name":"Home","item":"https:\/\/medicina.udd.cl\/fonoaudiologia-santiago\/"},{"@type":"ListItem","position":2,"name":"Fonoaudiolog\u00eda UDD inviste a sus estudiantes"}]},{"@type":"WebSite","@id":"https:\/\/medicina.udd.cl\/fonoaudiologia-santiago\/#website","url":"https:\/\/medicina.udd.cl\/fonoaudiologia-santiago\/","name":"Fonoaudiolog\u00eda","description":"Facultad de Medicina Cl\u00ednica Alemana Universidad del Desarrollo","inLanguage":"es"},{"@type":"Person","@id":"https:\/\/medicina.udd.cl\/fonoaudiologia-santiago\/#\/schema\/person\/8b2ddab3d222f03f9e6108f06d6cc25c","name":"cataaguilera","image":{"@type":"ImageObject","inLanguage":"es","@id":"https:\/\/medicina.udd.cl\/fonoaudiologia-santiago\/#\/schema\/person\/image\/","url":"https:\/\/secure.gravatar.com\/avatar\/1f73ad8ce4d549227c1fe2bbf121c103af34a23b6ac1a6f65be4906bd377acc9?s=96&d=mm&r=g","contentUrl":"https:\/\/secure.gravatar.com\/avatar\/1f73ad8ce4d549227c1fe2bbf121c103af34a23b6ac1a6f65be4906bd377acc9?s=96&d=mm&r=g","caption":"cataaguilera"},"url":"https:\/\/medicina.udd.cl\/fonoaudiologia-santiago\/noticias\/author\/cataaguilera\/"}]}},"featured_image_url":"https:\/\/medicina.udd.cl\/fonoaudiologia-santiago\/files\/2017\/12\/IMG_1857.jpg","_links":{"self":[{"href":"https:\/\/medicina.udd.cl\/fonoaudiologia-santiago\/wp-json\/wp\/v2\/posts\/3999","targetHints":{"allow":["GET"]}}],"collection":[{"href":"https:\/\/medicina.udd.cl\/fonoaudiologia-santiago\/wp-json\/wp\/v2\/posts"}],"about":[{"href":"https:\/\/medicina.udd.cl\/fonoaudiologia-santiago\/wp-json\/wp\/v2\/types\/post"}],"author":[{"embeddable":true,"href":"https:\/\/medicina.udd.cl\/fonoaudiologia-santiago\/wp-json\/wp\/v2\/users\/9192210"}],"replies":[{"embeddable":true,"href":"https:\/\/medicina.udd.cl\/fonoaudiologia-santiago\/wp-json\/wp\/v2\/comments?post=3999"}],"version-history":[{"count":3,"href":"https:\/\/medicina.udd.cl\/fonoaudiologia-santiago\/wp-json\/wp\/v2\/posts\/3999\/revisions"}],"predecessor-version":[{"id":4007,"href":"https:\/\/medicina.udd.cl\/fonoaudiologia-santiago\/wp-json\/wp\/v2\/posts\/3999\/revisions\/4007"}],"wp:featuredmedia":[{"embeddable":true,"href":"https:\/\/medicina.udd.cl\/fonoaudiologia-santiago\/wp-json\/wp\/v2\/media\/4004"}],"wp:attachment":[{"href":"https:\/\/medicina.udd.cl\/fonoaudiologia-santiago\/wp-json\/wp\/v2\/media?parent=3999"}],"wp:term":[{"taxonomy":"category","embeddable":true,"href":"https:\/\/medicina.udd.cl\/fonoaudiologia-santiago\/wp-json\/wp\/v2\/categories?post=3999"},{"taxonomy":"post_tag","embeddable":true,"href":"https:\/\/medicina.udd.cl\/fonoaudiologia-santiago\/wp-json\/wp\/v2\/tags?post=3999"}],"curies":[{"name":"wp","href":"https:\/\/api.w.org\/{rel}","templated":true}]}}