{"id":4031,"date":"2018-01-22T09:32:41","date_gmt":"2018-01-22T12:32:41","guid":{"rendered":"http:\/\/medicina.udd.cl\/fonoaudiologia-santiago\/?p=4031"},"modified":"2018-01-22T09:43:39","modified_gmt":"2018-01-22T12:43:39","slug":"4031","status":"publish","type":"post","link":"https:\/\/medicina.udd.cl\/fonoaudiologia-santiago\/noticias\/2018\/01\/22\/4031\/","title":{"rendered":"Carrera de Fonoaudiolog\u00eda, con apoyo de implantes auditivos MED-EL, dicta Curso Internacional de Audiolog\u00eda y Rehabilitaci\u00f3n"},"content":{"rendered":"<div id=\"gallery-1\" class=\"carousel slide carousel-gallery\" data-ride=\"false\" data-interval=\"false\"><div class=\"carousel-inner\" role=\"listbox\"><figure class=\"carousel-item active\"><img loading=\"lazy\" decoding=\"async\" width=\"946\" height=\"534\" src=\"https:\/\/medicina.udd.cl\/fonoaudiologia-santiago\/files\/2018\/01\/FOTO-CURSO.jpg\" class=\"attachment-landscape_952 size-landscape_952\" alt=\"\" srcset=\"https:\/\/medicina.udd.cl\/fonoaudiologia-santiago\/files\/2018\/01\/FOTO-CURSO.jpg 3968w, https:\/\/medicina.udd.cl\/fonoaudiologia-santiago\/files\/2018\/01\/FOTO-CURSO-300x169.jpg 300w, https:\/\/medicina.udd.cl\/fonoaudiologia-santiago\/files\/2018\/01\/FOTO-CURSO-768x434.jpg 768w, https:\/\/medicina.udd.cl\/fonoaudiologia-santiago\/files\/2018\/01\/FOTO-CURSO-1024x578.jpg 1024w, https:\/\/medicina.udd.cl\/fonoaudiologia-santiago\/files\/2018\/01\/FOTO-CURSO-960x542.jpg 960w\" sizes=\"auto, (max-width: 946px) 100vw, 946px\" \/><figcaption class=\"carousel-caption\">cof<\/figcaption><\/figure><figure class=\"carousel-item\"><img loading=\"lazy\" decoding=\"async\" width=\"949\" height=\"534\" src=\"https:\/\/medicina.udd.cl\/fonoaudiologia-santiago\/files\/2018\/01\/CURSO-2.jpg\" class=\"attachment-landscape_952 size-landscape_952\" alt=\"\" srcset=\"https:\/\/medicina.udd.cl\/fonoaudiologia-santiago\/files\/2018\/01\/CURSO-2.jpg 1280w, https:\/\/medicina.udd.cl\/fonoaudiologia-santiago\/files\/2018\/01\/CURSO-2-300x169.jpg 300w, https:\/\/medicina.udd.cl\/fonoaudiologia-santiago\/files\/2018\/01\/CURSO-2-768x432.jpg 768w, https:\/\/medicina.udd.cl\/fonoaudiologia-santiago\/files\/2018\/01\/CURSO-2-1024x576.jpg 1024w, https:\/\/medicina.udd.cl\/fonoaudiologia-santiago\/files\/2018\/01\/CURSO-2-800x450.jpg 800w, https:\/\/medicina.udd.cl\/fonoaudiologia-santiago\/files\/2018\/01\/CURSO-2-960x540.jpg 960w\" sizes=\"auto, (max-width: 949px) 100vw, 949px\" \/><\/figure><figure class=\"carousel-item\"><img loading=\"lazy\" decoding=\"async\" width=\"712\" height=\"534\" src=\"https:\/\/medicina.udd.cl\/fonoaudiologia-santiago\/files\/2018\/01\/CURSO-3.jpg\" class=\"attachment-landscape_952 size-landscape_952\" alt=\"\" srcset=\"https:\/\/medicina.udd.cl\/fonoaudiologia-santiago\/files\/2018\/01\/CURSO-3.jpg 4160w, https:\/\/medicina.udd.cl\/fonoaudiologia-santiago\/files\/2018\/01\/CURSO-3-300x225.jpg 300w, https:\/\/medicina.udd.cl\/fonoaudiologia-santiago\/files\/2018\/01\/CURSO-3-768x576.jpg 768w, https:\/\/medicina.udd.cl\/fonoaudiologia-santiago\/files\/2018\/01\/CURSO-3-1024x768.jpg 1024w, https:\/\/medicina.udd.cl\/fonoaudiologia-santiago\/files\/2018\/01\/CURSO-3-960x720.jpg 960w\" sizes=\"auto, (max-width: 712px) 100vw, 712px\" \/><\/figure><\/div><footer class=\"carousel-footer\"><div class=\"carousel-counter\"><span class=\"carousel-counter-current\"><\/span> \/ <span class=\"carousel-counter-total\"><\/span><\/div><a class=\"carousel-control-prev\" href=\"#gallery-1\" role=\"button\" data-slide=\"prev\"><svg aria-hidden=\"true\" class=\"svg-chevron-left-dims\"><use xlink:href='https:\/\/medicina.udd.cl\/fonoaudiologia-santiago\/wp-content\/themes\/facultades-2018\/assets\/img\/svg\/dist\/main.svg?version=1695853099#chevron-left'><\/use><\/svg><span class=\"sr-only\">Anterior<\/span><\/a><a class=\"carousel-control-next\" href=\"#gallery-1\" role=\"button\" data-slide=\"next\"><svg aria-hidden=\"true\" class=\"svg-chevron-right-dims\"><use xlink:href='https:\/\/medicina.udd.cl\/fonoaudiologia-santiago\/wp-content\/themes\/facultades-2018\/assets\/img\/svg\/dist\/main.svg?version=1695853099#chevron-right'><\/use><\/svg><span class=\"sr-only\">Siguiente<\/span><\/a><\/footer><\/div>\n<p style=\"text-align: justify\">La directora de carrera Flga. Mar\u00eda Ang\u00e9lica L\u00f3pez estuvo a cargo de dar la bienvenida a participantes provenientes de distintos pa\u00edses de Latinoam\u00e9rica y regiones de Chile, destacando la presencia de importantes expositores internacionales procedentes de Argentina, Colombia y Austria: Lic. Romina Piccione, Audi\u00f3loga Andrea Bravo, Speech and Languaje Patologist Cert. Auditory Verbal Therapy Rebecca Claridge, y Dra. Cert. Auditory Verbal Therapy Annesha Pretto.<\/p>\n<p style=\"text-align: justify\">Los temas abordados fueron seleccionados con el fin de entregar las herramientas necesarias para la cl\u00ednica integral para el abordaje de audici\u00f3n y lenguaje considerando los avances actuales y necesidades de distintitas poblaciones. Los encargados de la organizaci\u00f3n fueron la Coordinadora del \u00c1rea de Audiolog\u00eda Flga. Javiera Dr\u00e1pela, la Coordinadora del Curso Flga. Gloria Garc\u00eda del Solar y la Directora del \u00e1rea de Rehabilitaci\u00f3n de MED-EL Latinoam\u00e9rica Lic. Romina Piccione.<\/p>\n<p style=\"text-align: justify\">Los expositores internacionales agradecieron la gran convocatoria y la motivaci\u00f3n de la Universidad del Desarrollo por establecer redes internacionales para formar profesionales de excelencia con est\u00e1ndares mundiales. La clausura del curso fue realizada por la coordinadora acad\u00e9mica Flga. Mar\u00eda Antonella Urz\u00faa quien enfatiz\u00f3 la importancia del trabajo en alianza de los profesionales de la rehabilitaci\u00f3n.<\/p>\n<p style=\"text-align: justify\">Este curso fue certificado por Unidad de Postgrado y Educaci\u00f3n Continua de la UDD, Training de Rehabilitaci\u00f3n MED-EL Latinoam\u00e9rica y la entrega CEUs de AG Bell Academy (Unidades de Cr\u00e9ditos de Educaci\u00f3n v\u00e1lidos internacionalmente).<\/p>\n","protected":false},"excerpt":{"rendered":"<p>La Unidad de Audiolog\u00eda de la Carrera de Fonoaudiolog\u00eda de la Facultad de Medicina Cl\u00ednica Alemana de la Universidad del Desarrollo, junto a la compa\u00f1\u00eda de implantes auditivos MED-EL, dict\u00f3 el curso \u201cBases Te\u00f3ricas y Cl\u00ednicas para el Tratamiento Integral\u201d, programa aprobado por la AG Bell Academy for Listening and Spoken Language LSLS\u2122. \u00a0<\/p>\n","protected":false},"author":9192192,"featured_media":4034,"comment_status":"open","ping_status":"open","sticky":false,"template":"","format":"standard","meta":{"footnotes":""},"categories":[4],"tags":[],"class_list":["post-4031","post","type-post","status-publish","format-standard","has-post-thumbnail","hentry","category-noticias"],"yoast_head":"<!-- This site is optimized with the Yoast SEO plugin v26.9 - https:\/\/yoast.com\/product\/yoast-seo-wordpress\/ -->\n<title>Carrera de Fonoaudiolog\u00eda, con apoyo de implantes auditivos MED-EL, dicta Curso Internacional de Audiolog\u00eda y Rehabilitaci\u00f3n - Fonoaudiolog\u00eda<\/title>\n<meta name=\"robots\" content=\"index, follow, max-snippet:-1, max-image-preview:large, max-video-preview:-1\" \/>\n<link rel=\"canonical\" href=\"https:\/\/medicina.udd.cl\/fonoaudiologia-santiago\/noticias\/2018\/01\/22\/4031\/\" \/>\n<meta property=\"og:locale\" content=\"es_ES\" \/>\n<meta property=\"og:type\" content=\"article\" \/>\n<meta property=\"og:title\" content=\"Carrera de Fonoaudiolog\u00eda, con apoyo de implantes auditivos MED-EL, dicta Curso Internacional de Audiolog\u00eda y Rehabilitaci\u00f3n - Fonoaudiolog\u00eda\" \/>\n<meta property=\"og:description\" content=\"La Unidad de Audiolog\u00eda de la Carrera de Fonoaudiolog\u00eda de la Facultad de Medicina Cl\u00ednica Alemana de la Universidad del Desarrollo, junto a la compa\u00f1\u00eda de implantes auditivos MED-EL, dict\u00f3 el curso \u201cBases Te\u00f3ricas y Cl\u00ednicas para el Tratamiento Integral\u201d, programa aprobado por la AG Bell Academy for Listening and Spoken Language LSLS\u2122. \u00a0\" \/>\n<meta property=\"og:url\" content=\"https:\/\/medicina.udd.cl\/fonoaudiologia-santiago\/noticias\/2018\/01\/22\/4031\/\" \/>\n<meta property=\"og:site_name\" content=\"Fonoaudiolog\u00eda\" \/>\n<meta property=\"article:published_time\" content=\"2018-01-22T12:32:41+00:00\" \/>\n<meta property=\"article:modified_time\" content=\"2018-01-22T12:43:39+00:00\" \/>\n<meta property=\"og:image\" content=\"https:\/\/medicina.udd.cl\/fonoaudiologia-santiago\/files\/2018\/01\/FOTO-CURSO-1024x578.jpg\" \/>\n\t<meta property=\"og:image:width\" content=\"1024\" \/>\n\t<meta property=\"og:image:height\" content=\"578\" \/>\n\t<meta property=\"og:image:type\" content=\"image\/jpeg\" \/>\n<meta name=\"author\" content=\"paulinamunoz\" \/>\n<meta name=\"twitter:label1\" content=\"Escrito por\" \/>\n\t<meta name=\"twitter:data1\" content=\"paulinamunoz\" \/>\n\t<meta name=\"twitter:label2\" content=\"Tiempo de lectura\" \/>\n\t<meta name=\"twitter:data2\" content=\"1 minuto\" \/>\n<script type=\"application\/ld+json\" class=\"yoast-schema-graph\">{\"@context\":\"https:\/\/schema.org\",\"@graph\":[{\"@type\":\"Article\",\"@id\":\"https:\/\/medicina.udd.cl\/fonoaudiologia-santiago\/noticias\/2018\/01\/22\/4031\/#article\",\"isPartOf\":{\"@id\":\"https:\/\/medicina.udd.cl\/fonoaudiologia-santiago\/noticias\/2018\/01\/22\/4031\/\"},\"author\":{\"name\":\"paulinamunoz\",\"@id\":\"https:\/\/medicina.udd.cl\/fonoaudiologia-santiago\/#\/schema\/person\/8bbd66125b574a40ec467c180c11f2e3\"},\"headline\":\"Carrera de Fonoaudiolog\u00eda, con apoyo de implantes auditivos MED-EL, dicta Curso Internacional de Audiolog\u00eda y Rehabilitaci\u00f3n\",\"datePublished\":\"2018-01-22T12:32:41+00:00\",\"dateModified\":\"2018-01-22T12:43:39+00:00\",\"mainEntityOfPage\":{\"@id\":\"https:\/\/medicina.udd.cl\/fonoaudiologia-santiago\/noticias\/2018\/01\/22\/4031\/\"},\"wordCount\":270,\"commentCount\":0,\"image\":{\"@id\":\"https:\/\/medicina.udd.cl\/fonoaudiologia-santiago\/noticias\/2018\/01\/22\/4031\/#primaryimage\"},\"thumbnailUrl\":\"https:\/\/medicina.udd.cl\/fonoaudiologia-santiago\/files\/2018\/01\/FOTO-CURSO.jpg\",\"articleSection\":[\"Noticias\"],\"inLanguage\":\"es\",\"potentialAction\":[{\"@type\":\"CommentAction\",\"name\":\"Comment\",\"target\":[\"https:\/\/medicina.udd.cl\/fonoaudiologia-santiago\/noticias\/2018\/01\/22\/4031\/#respond\"]}]},{\"@type\":\"WebPage\",\"@id\":\"https:\/\/medicina.udd.cl\/fonoaudiologia-santiago\/noticias\/2018\/01\/22\/4031\/\",\"url\":\"https:\/\/medicina.udd.cl\/fonoaudiologia-santiago\/noticias\/2018\/01\/22\/4031\/\",\"name\":\"Carrera de Fonoaudiolog\u00eda, con apoyo de implantes auditivos MED-EL, dicta Curso Internacional de Audiolog\u00eda y Rehabilitaci\u00f3n - Fonoaudiolog\u00eda\",\"isPartOf\":{\"@id\":\"https:\/\/medicina.udd.cl\/fonoaudiologia-santiago\/#website\"},\"primaryImageOfPage\":{\"@id\":\"https:\/\/medicina.udd.cl\/fonoaudiologia-santiago\/noticias\/2018\/01\/22\/4031\/#primaryimage\"},\"image\":{\"@id\":\"https:\/\/medicina.udd.cl\/fonoaudiologia-santiago\/noticias\/2018\/01\/22\/4031\/#primaryimage\"},\"thumbnailUrl\":\"https:\/\/medicina.udd.cl\/fonoaudiologia-santiago\/files\/2018\/01\/FOTO-CURSO.jpg\",\"datePublished\":\"2018-01-22T12:32:41+00:00\",\"dateModified\":\"2018-01-22T12:43:39+00:00\",\"author\":{\"@id\":\"https:\/\/medicina.udd.cl\/fonoaudiologia-santiago\/#\/schema\/person\/8bbd66125b574a40ec467c180c11f2e3\"},\"breadcrumb\":{\"@id\":\"https:\/\/medicina.udd.cl\/fonoaudiologia-santiago\/noticias\/2018\/01\/22\/4031\/#breadcrumb\"},\"inLanguage\":\"es\",\"potentialAction\":[{\"@type\":\"ReadAction\",\"target\":[\"https:\/\/medicina.udd.cl\/fonoaudiologia-santiago\/noticias\/2018\/01\/22\/4031\/\"]}]},{\"@type\":\"ImageObject\",\"inLanguage\":\"es\",\"@id\":\"https:\/\/medicina.udd.cl\/fonoaudiologia-santiago\/noticias\/2018\/01\/22\/4031\/#primaryimage\",\"url\":\"https:\/\/medicina.udd.cl\/fonoaudiologia-santiago\/files\/2018\/01\/FOTO-CURSO.jpg\",\"contentUrl\":\"https:\/\/medicina.udd.cl\/fonoaudiologia-santiago\/files\/2018\/01\/FOTO-CURSO.jpg\",\"width\":3968,\"height\":2240,\"caption\":\"cof\"},{\"@type\":\"BreadcrumbList\",\"@id\":\"https:\/\/medicina.udd.cl\/fonoaudiologia-santiago\/noticias\/2018\/01\/22\/4031\/#breadcrumb\",\"itemListElement\":[{\"@type\":\"ListItem\",\"position\":1,\"name\":\"Home\",\"item\":\"https:\/\/medicina.udd.cl\/fonoaudiologia-santiago\/\"},{\"@type\":\"ListItem\",\"position\":2,\"name\":\"Carrera de Fonoaudiolog\u00eda, con apoyo de implantes auditivos MED-EL, dicta Curso Internacional de Audiolog\u00eda y Rehabilitaci\u00f3n\"}]},{\"@type\":\"WebSite\",\"@id\":\"https:\/\/medicina.udd.cl\/fonoaudiologia-santiago\/#website\",\"url\":\"https:\/\/medicina.udd.cl\/fonoaudiologia-santiago\/\",\"name\":\"Fonoaudiolog\u00eda\",\"description\":\"Facultad de Medicina Cl\u00ednica Alemana Universidad del Desarrollo\",\"inLanguage\":\"es\"},{\"@type\":\"Person\",\"@id\":\"https:\/\/medicina.udd.cl\/fonoaudiologia-santiago\/#\/schema\/person\/8bbd66125b574a40ec467c180c11f2e3\",\"name\":\"paulinamunoz\",\"image\":{\"@type\":\"ImageObject\",\"inLanguage\":\"es\",\"@id\":\"https:\/\/medicina.udd.cl\/fonoaudiologia-santiago\/#\/schema\/person\/image\/\",\"url\":\"https:\/\/secure.gravatar.com\/avatar\/748ce8fb74e8f8077c4966697a3b3710ca0019e71a62146890c0dcdc705e7f3d?s=96&d=mm&r=g\",\"contentUrl\":\"https:\/\/secure.gravatar.com\/avatar\/748ce8fb74e8f8077c4966697a3b3710ca0019e71a62146890c0dcdc705e7f3d?s=96&d=mm&r=g\",\"caption\":\"paulinamunoz\"},\"url\":\"https:\/\/medicina.udd.cl\/fonoaudiologia-santiago\/noticias\/author\/paulinamunoz\/\"}]}<\/script>\n<!-- \/ Yoast SEO plugin. -->","yoast_head_json":{"title":"Carrera de Fonoaudiolog\u00eda, con apoyo de implantes auditivos MED-EL, dicta Curso Internacional de Audiolog\u00eda y Rehabilitaci\u00f3n - Fonoaudiolog\u00eda","robots":{"index":"index","follow":"follow","max-snippet":"max-snippet:-1","max-image-preview":"max-image-preview:large","max-video-preview":"max-video-preview:-1"},"canonical":"https:\/\/medicina.udd.cl\/fonoaudiologia-santiago\/noticias\/2018\/01\/22\/4031\/","og_locale":"es_ES","og_type":"article","og_title":"Carrera de Fonoaudiolog\u00eda, con apoyo de implantes auditivos MED-EL, dicta Curso Internacional de Audiolog\u00eda y Rehabilitaci\u00f3n - Fonoaudiolog\u00eda","og_description":"La Unidad de Audiolog\u00eda de la Carrera de Fonoaudiolog\u00eda de la Facultad de Medicina Cl\u00ednica Alemana de la Universidad del Desarrollo, junto a la compa\u00f1\u00eda de implantes auditivos MED-EL, dict\u00f3 el curso \u201cBases Te\u00f3ricas y Cl\u00ednicas para el Tratamiento Integral\u201d, programa aprobado por la AG Bell Academy for Listening and Spoken Language LSLS\u2122. \u00a0","og_url":"https:\/\/medicina.udd.cl\/fonoaudiologia-santiago\/noticias\/2018\/01\/22\/4031\/","og_site_name":"Fonoaudiolog\u00eda","article_published_time":"2018-01-22T12:32:41+00:00","article_modified_time":"2018-01-22T12:43:39+00:00","og_image":[{"width":1024,"height":578,"url":"https:\/\/medicina.udd.cl\/fonoaudiologia-santiago\/files\/2018\/01\/FOTO-CURSO-1024x578.jpg","type":"image\/jpeg"}],"author":"paulinamunoz","twitter_misc":{"Escrito por":"paulinamunoz","Tiempo de lectura":"1 minuto"},"schema":{"@context":"https:\/\/schema.org","@graph":[{"@type":"Article","@id":"https:\/\/medicina.udd.cl\/fonoaudiologia-santiago\/noticias\/2018\/01\/22\/4031\/#article","isPartOf":{"@id":"https:\/\/medicina.udd.cl\/fonoaudiologia-santiago\/noticias\/2018\/01\/22\/4031\/"},"author":{"name":"paulinamunoz","@id":"https:\/\/medicina.udd.cl\/fonoaudiologia-santiago\/#\/schema\/person\/8bbd66125b574a40ec467c180c11f2e3"},"headline":"Carrera de Fonoaudiolog\u00eda, con apoyo de implantes auditivos MED-EL, dicta Curso Internacional de Audiolog\u00eda y Rehabilitaci\u00f3n","datePublished":"2018-01-22T12:32:41+00:00","dateModified":"2018-01-22T12:43:39+00:00","mainEntityOfPage":{"@id":"https:\/\/medicina.udd.cl\/fonoaudiologia-santiago\/noticias\/2018\/01\/22\/4031\/"},"wordCount":270,"commentCount":0,"image":{"@id":"https:\/\/medicina.udd.cl\/fonoaudiologia-santiago\/noticias\/2018\/01\/22\/4031\/#primaryimage"},"thumbnailUrl":"https:\/\/medicina.udd.cl\/fonoaudiologia-santiago\/files\/2018\/01\/FOTO-CURSO.jpg","articleSection":["Noticias"],"inLanguage":"es","potentialAction":[{"@type":"CommentAction","name":"Comment","target":["https:\/\/medicina.udd.cl\/fonoaudiologia-santiago\/noticias\/2018\/01\/22\/4031\/#respond"]}]},{"@type":"WebPage","@id":"https:\/\/medicina.udd.cl\/fonoaudiologia-santiago\/noticias\/2018\/01\/22\/4031\/","url":"https:\/\/medicina.udd.cl\/fonoaudiologia-santiago\/noticias\/2018\/01\/22\/4031\/","name":"Carrera de Fonoaudiolog\u00eda, con apoyo de implantes auditivos MED-EL, dicta Curso Internacional de Audiolog\u00eda y Rehabilitaci\u00f3n - Fonoaudiolog\u00eda","isPartOf":{"@id":"https:\/\/medicina.udd.cl\/fonoaudiologia-santiago\/#website"},"primaryImageOfPage":{"@id":"https:\/\/medicina.udd.cl\/fonoaudiologia-santiago\/noticias\/2018\/01\/22\/4031\/#primaryimage"},"image":{"@id":"https:\/\/medicina.udd.cl\/fonoaudiologia-santiago\/noticias\/2018\/01\/22\/4031\/#primaryimage"},"thumbnailUrl":"https:\/\/medicina.udd.cl\/fonoaudiologia-santiago\/files\/2018\/01\/FOTO-CURSO.jpg","datePublished":"2018-01-22T12:32:41+00:00","dateModified":"2018-01-22T12:43:39+00:00","author":{"@id":"https:\/\/medicina.udd.cl\/fonoaudiologia-santiago\/#\/schema\/person\/8bbd66125b574a40ec467c180c11f2e3"},"breadcrumb":{"@id":"https:\/\/medicina.udd.cl\/fonoaudiologia-santiago\/noticias\/2018\/01\/22\/4031\/#breadcrumb"},"inLanguage":"es","potentialAction":[{"@type":"ReadAction","target":["https:\/\/medicina.udd.cl\/fonoaudiologia-santiago\/noticias\/2018\/01\/22\/4031\/"]}]},{"@type":"ImageObject","inLanguage":"es","@id":"https:\/\/medicina.udd.cl\/fonoaudiologia-santiago\/noticias\/2018\/01\/22\/4031\/#primaryimage","url":"https:\/\/medicina.udd.cl\/fonoaudiologia-santiago\/files\/2018\/01\/FOTO-CURSO.jpg","contentUrl":"https:\/\/medicina.udd.cl\/fonoaudiologia-santiago\/files\/2018\/01\/FOTO-CURSO.jpg","width":3968,"height":2240,"caption":"cof"},{"@type":"BreadcrumbList","@id":"https:\/\/medicina.udd.cl\/fonoaudiologia-santiago\/noticias\/2018\/01\/22\/4031\/#breadcrumb","itemListElement":[{"@type":"ListItem","position":1,"name":"Home","item":"https:\/\/medicina.udd.cl\/fonoaudiologia-santiago\/"},{"@type":"ListItem","position":2,"name":"Carrera de Fonoaudiolog\u00eda, con apoyo de implantes auditivos MED-EL, dicta Curso Internacional de Audiolog\u00eda y Rehabilitaci\u00f3n"}]},{"@type":"WebSite","@id":"https:\/\/medicina.udd.cl\/fonoaudiologia-santiago\/#website","url":"https:\/\/medicina.udd.cl\/fonoaudiologia-santiago\/","name":"Fonoaudiolog\u00eda","description":"Facultad de Medicina Cl\u00ednica Alemana Universidad del Desarrollo","inLanguage":"es"},{"@type":"Person","@id":"https:\/\/medicina.udd.cl\/fonoaudiologia-santiago\/#\/schema\/person\/8bbd66125b574a40ec467c180c11f2e3","name":"paulinamunoz","image":{"@type":"ImageObject","inLanguage":"es","@id":"https:\/\/medicina.udd.cl\/fonoaudiologia-santiago\/#\/schema\/person\/image\/","url":"https:\/\/secure.gravatar.com\/avatar\/748ce8fb74e8f8077c4966697a3b3710ca0019e71a62146890c0dcdc705e7f3d?s=96&d=mm&r=g","contentUrl":"https:\/\/secure.gravatar.com\/avatar\/748ce8fb74e8f8077c4966697a3b3710ca0019e71a62146890c0dcdc705e7f3d?s=96&d=mm&r=g","caption":"paulinamunoz"},"url":"https:\/\/medicina.udd.cl\/fonoaudiologia-santiago\/noticias\/author\/paulinamunoz\/"}]}},"featured_image_url":"https:\/\/medicina.udd.cl\/fonoaudiologia-santiago\/files\/2018\/01\/FOTO-CURSO.jpg","_links":{"self":[{"href":"https:\/\/medicina.udd.cl\/fonoaudiologia-santiago\/wp-json\/wp\/v2\/posts\/4031","targetHints":{"allow":["GET"]}}],"collection":[{"href":"https:\/\/medicina.udd.cl\/fonoaudiologia-santiago\/wp-json\/wp\/v2\/posts"}],"about":[{"href":"https:\/\/medicina.udd.cl\/fonoaudiologia-santiago\/wp-json\/wp\/v2\/types\/post"}],"author":[{"embeddable":true,"href":"https:\/\/medicina.udd.cl\/fonoaudiologia-santiago\/wp-json\/wp\/v2\/users\/9192192"}],"replies":[{"embeddable":true,"href":"https:\/\/medicina.udd.cl\/fonoaudiologia-santiago\/wp-json\/wp\/v2\/comments?post=4031"}],"version-history":[{"count":3,"href":"https:\/\/medicina.udd.cl\/fonoaudiologia-santiago\/wp-json\/wp\/v2\/posts\/4031\/revisions"}],"predecessor-version":[{"id":4037,"href":"https:\/\/medicina.udd.cl\/fonoaudiologia-santiago\/wp-json\/wp\/v2\/posts\/4031\/revisions\/4037"}],"wp:featuredmedia":[{"embeddable":true,"href":"https:\/\/medicina.udd.cl\/fonoaudiologia-santiago\/wp-json\/wp\/v2\/media\/4034"}],"wp:attachment":[{"href":"https:\/\/medicina.udd.cl\/fonoaudiologia-santiago\/wp-json\/wp\/v2\/media?parent=4031"}],"wp:term":[{"taxonomy":"category","embeddable":true,"href":"https:\/\/medicina.udd.cl\/fonoaudiologia-santiago\/wp-json\/wp\/v2\/categories?post=4031"},{"taxonomy":"post_tag","embeddable":true,"href":"https:\/\/medicina.udd.cl\/fonoaudiologia-santiago\/wp-json\/wp\/v2\/tags?post=4031"}],"curies":[{"name":"wp","href":"https:\/\/api.w.org\/{rel}","templated":true}]}}