{"id":4104,"date":"2018-05-23T11:58:15","date_gmt":"2018-05-23T15:58:15","guid":{"rendered":"http:\/\/medicina.udd.cl\/fonoaudiologia-santiago\/?p=4104"},"modified":"2018-05-23T11:58:15","modified_gmt":"2018-05-23T15:58:15","slug":"experiencia-cirugia-cerebral-en-vigilia","status":"publish","type":"post","link":"https:\/\/medicina.udd.cl\/fonoaudiologia-santiago\/noticias\/2018\/05\/23\/experiencia-cirugia-cerebral-en-vigilia\/","title":{"rendered":"Fonoaudiolog\u00eda participa de cirug\u00eda cerebral en vigilia"},"content":{"rendered":"<div id=\"gallery-1\" class=\"carousel slide carousel-gallery\" data-ride=\"false\" data-interval=\"false\"><div class=\"carousel-inner\" role=\"listbox\"><figure class=\"carousel-item active\"><img loading=\"lazy\" decoding=\"async\" width=\"711\" height=\"534\" src=\"https:\/\/medicina.udd.cl\/fonoaudiologia-santiago\/files\/2018\/05\/IMG_9380.jpg\" class=\"attachment-landscape_952 size-landscape_952\" alt=\"\" srcset=\"https:\/\/medicina.udd.cl\/fonoaudiologia-santiago\/files\/2018\/05\/IMG_9380.jpg 1280w, https:\/\/medicina.udd.cl\/fonoaudiologia-santiago\/files\/2018\/05\/IMG_9380-300x225.jpg 300w, https:\/\/medicina.udd.cl\/fonoaudiologia-santiago\/files\/2018\/05\/IMG_9380-768x577.jpg 768w, https:\/\/medicina.udd.cl\/fonoaudiologia-santiago\/files\/2018\/05\/IMG_9380-1024x770.jpg 1024w, https:\/\/medicina.udd.cl\/fonoaudiologia-santiago\/files\/2018\/05\/IMG_9380-960x722.jpg 960w\" sizes=\"auto, (max-width: 711px) 100vw, 711px\" \/><\/figure><figure class=\"carousel-item\"><img loading=\"lazy\" decoding=\"async\" width=\"712\" height=\"534\" src=\"https:\/\/medicina.udd.cl\/fonoaudiologia-santiago\/files\/2018\/05\/IMG_9393.jpg\" class=\"attachment-landscape_952 size-landscape_952\" alt=\"\" srcset=\"https:\/\/medicina.udd.cl\/fonoaudiologia-santiago\/files\/2018\/05\/IMG_9393.jpg 4032w, https:\/\/medicina.udd.cl\/fonoaudiologia-santiago\/files\/2018\/05\/IMG_9393-300x225.jpg 300w, https:\/\/medicina.udd.cl\/fonoaudiologia-santiago\/files\/2018\/05\/IMG_9393-768x576.jpg 768w, https:\/\/medicina.udd.cl\/fonoaudiologia-santiago\/files\/2018\/05\/IMG_9393-1024x768.jpg 1024w, https:\/\/medicina.udd.cl\/fonoaudiologia-santiago\/files\/2018\/05\/IMG_9393-960x720.jpg 960w\" sizes=\"auto, (max-width: 712px) 100vw, 712px\" \/><\/figure><figure class=\"carousel-item\"><img loading=\"lazy\" decoding=\"async\" width=\"712\" height=\"534\" src=\"https:\/\/medicina.udd.cl\/fonoaudiologia-santiago\/files\/2018\/05\/IMG_9387.jpg\" class=\"attachment-landscape_952 size-landscape_952\" alt=\"\" srcset=\"https:\/\/medicina.udd.cl\/fonoaudiologia-santiago\/files\/2018\/05\/IMG_9387.jpg 4032w, https:\/\/medicina.udd.cl\/fonoaudiologia-santiago\/files\/2018\/05\/IMG_9387-300x225.jpg 300w, https:\/\/medicina.udd.cl\/fonoaudiologia-santiago\/files\/2018\/05\/IMG_9387-768x576.jpg 768w, https:\/\/medicina.udd.cl\/fonoaudiologia-santiago\/files\/2018\/05\/IMG_9387-1024x768.jpg 1024w, https:\/\/medicina.udd.cl\/fonoaudiologia-santiago\/files\/2018\/05\/IMG_9387-960x720.jpg 960w\" sizes=\"auto, (max-width: 712px) 100vw, 712px\" \/><\/figure><figure class=\"carousel-item\"><img loading=\"lazy\" decoding=\"async\" width=\"712\" height=\"534\" src=\"https:\/\/medicina.udd.cl\/fonoaudiologia-santiago\/files\/2018\/05\/IMG_9386.jpg\" class=\"attachment-landscape_952 size-landscape_952\" alt=\"\" srcset=\"https:\/\/medicina.udd.cl\/fonoaudiologia-santiago\/files\/2018\/05\/IMG_9386.jpg 4032w, https:\/\/medicina.udd.cl\/fonoaudiologia-santiago\/files\/2018\/05\/IMG_9386-300x225.jpg 300w, https:\/\/medicina.udd.cl\/fonoaudiologia-santiago\/files\/2018\/05\/IMG_9386-768x576.jpg 768w, https:\/\/medicina.udd.cl\/fonoaudiologia-santiago\/files\/2018\/05\/IMG_9386-1024x768.jpg 1024w, https:\/\/medicina.udd.cl\/fonoaudiologia-santiago\/files\/2018\/05\/IMG_9386-960x720.jpg 960w\" sizes=\"auto, (max-width: 712px) 100vw, 712px\" \/><\/figure><figure class=\"carousel-item\"><img loading=\"lazy\" decoding=\"async\" width=\"712\" height=\"534\" src=\"https:\/\/medicina.udd.cl\/fonoaudiologia-santiago\/files\/2018\/05\/IMG_9364.jpg\" class=\"attachment-landscape_952 size-landscape_952\" alt=\"\" srcset=\"https:\/\/medicina.udd.cl\/fonoaudiologia-santiago\/files\/2018\/05\/IMG_9364.jpg 4032w, https:\/\/medicina.udd.cl\/fonoaudiologia-santiago\/files\/2018\/05\/IMG_9364-300x225.jpg 300w, https:\/\/medicina.udd.cl\/fonoaudiologia-santiago\/files\/2018\/05\/IMG_9364-768x576.jpg 768w, https:\/\/medicina.udd.cl\/fonoaudiologia-santiago\/files\/2018\/05\/IMG_9364-1024x768.jpg 1024w, https:\/\/medicina.udd.cl\/fonoaudiologia-santiago\/files\/2018\/05\/IMG_9364-960x720.jpg 960w\" sizes=\"auto, (max-width: 712px) 100vw, 712px\" \/><\/figure><figure class=\"carousel-item\"><img loading=\"lazy\" decoding=\"async\" width=\"712\" height=\"534\" src=\"https:\/\/medicina.udd.cl\/fonoaudiologia-santiago\/files\/2018\/05\/IMG_9363.jpg\" class=\"attachment-landscape_952 size-landscape_952\" alt=\"\" srcset=\"https:\/\/medicina.udd.cl\/fonoaudiologia-santiago\/files\/2018\/05\/IMG_9363.jpg 4032w, https:\/\/medicina.udd.cl\/fonoaudiologia-santiago\/files\/2018\/05\/IMG_9363-300x225.jpg 300w, https:\/\/medicina.udd.cl\/fonoaudiologia-santiago\/files\/2018\/05\/IMG_9363-768x576.jpg 768w, https:\/\/medicina.udd.cl\/fonoaudiologia-santiago\/files\/2018\/05\/IMG_9363-1024x768.jpg 1024w, https:\/\/medicina.udd.cl\/fonoaudiologia-santiago\/files\/2018\/05\/IMG_9363-960x720.jpg 960w\" sizes=\"auto, (max-width: 712px) 100vw, 712px\" \/><\/figure><figure class=\"carousel-item\"><img loading=\"lazy\" decoding=\"async\" width=\"712\" height=\"534\" src=\"https:\/\/medicina.udd.cl\/fonoaudiologia-santiago\/files\/2018\/05\/IMG_9341.jpg\" class=\"attachment-landscape_952 size-landscape_952\" alt=\"\" srcset=\"https:\/\/medicina.udd.cl\/fonoaudiologia-santiago\/files\/2018\/05\/IMG_9341.jpg 4032w, https:\/\/medicina.udd.cl\/fonoaudiologia-santiago\/files\/2018\/05\/IMG_9341-300x225.jpg 300w, https:\/\/medicina.udd.cl\/fonoaudiologia-santiago\/files\/2018\/05\/IMG_9341-768x576.jpg 768w, https:\/\/medicina.udd.cl\/fonoaudiologia-santiago\/files\/2018\/05\/IMG_9341-1024x768.jpg 1024w, https:\/\/medicina.udd.cl\/fonoaudiologia-santiago\/files\/2018\/05\/IMG_9341-960x720.jpg 960w\" sizes=\"auto, (max-width: 712px) 100vw, 712px\" \/><\/figure><\/div><footer class=\"carousel-footer\"><div class=\"carousel-counter\"><span class=\"carousel-counter-current\"><\/span> \/ <span class=\"carousel-counter-total\"><\/span><\/div><a class=\"carousel-control-prev\" href=\"#gallery-1\" role=\"button\" data-slide=\"prev\"><svg aria-hidden=\"true\" class=\"svg-chevron-left-dims\"><use xlink:href='https:\/\/medicina.udd.cl\/fonoaudiologia-santiago\/wp-content\/themes\/facultades-2018\/assets\/img\/svg\/dist\/main.svg?version=1695853099#chevron-left'><\/use><\/svg><span class=\"sr-only\">Anterior<\/span><\/a><a class=\"carousel-control-next\" href=\"#gallery-1\" role=\"button\" data-slide=\"next\"><svg aria-hidden=\"true\" class=\"svg-chevron-right-dims\"><use xlink:href='https:\/\/medicina.udd.cl\/fonoaudiologia-santiago\/wp-content\/themes\/facultades-2018\/assets\/img\/svg\/dist\/main.svg?version=1695853099#chevron-right'><\/use><\/svg><span class=\"sr-only\">Siguiente<\/span><\/a><\/footer><\/div>\n<p style=\"text-align: justify\">Dos estudiantes de quinto a\u00f1o de la carrera de Fonoaudiolog\u00eda UDD, Valentina Warken de Santiago y Mat\u00edas Cabrera de sede Concepci\u00f3n, fueron part\u00edcipes de una cirug\u00eda cerebral en vigilia realizada por el Equipo de Neurocirujanos de Cl\u00ednica Alemana a cargo del Dr. Felipe Valdivia.<\/p>\n<p style=\"text-align: justify\">Esta intervenci\u00f3n es la n\u00famero 16 realizada a un paciente despierto, estimulando su lenguaje durante la resecci\u00f3n del tumor cerebral, proceso realizado por la Fonoaudi\u00f3loga M. Ang\u00e9lica L\u00f3pez O\u00f1att, Directora de la carrera de Fonoaudiolog\u00eda y miembro del equipo. Tambi\u00e9n particip\u00f3 en esta cirug\u00eda la docente de la carrera Flga. Sof\u00eda Aranda Olivares junto a sus 2 estudiantes.<\/p>\n<p style=\"text-align: justify\">La experiencia vivida en pabell\u00f3n dur\u00f3 un total de 6,5 horas y fue calificada por los participantes como una oportunidad \u00fanica de observaci\u00f3n del procedimiento que busca evitar trastornos en la comunicaci\u00f3n post cirug\u00eda del paciente.<\/p>\n","protected":false},"excerpt":{"rendered":"<p>Alumnos de la carrera de fonoaudiolog\u00eda participaron de un procedimiento quir\u00fargico cerebral en el que se practic\u00f3 la estimulaci\u00f3n de zonas del lenguaje con cercan\u00eda al tumor<\/p>\n","protected":false},"author":9192210,"featured_media":4110,"comment_status":"open","ping_status":"open","sticky":false,"template":"","format":"standard","meta":{"footnotes":""},"categories":[4],"tags":[],"class_list":["post-4104","post","type-post","status-publish","format-standard","has-post-thumbnail","hentry","category-noticias"],"yoast_head":"<!-- This site is optimized with the Yoast SEO plugin v26.9 - https:\/\/yoast.com\/product\/yoast-seo-wordpress\/ -->\n<title>Fonoaudiolog\u00eda participa de cirug\u00eda cerebral en vigilia - Fonoaudiolog\u00eda<\/title>\n<meta name=\"robots\" content=\"index, follow, max-snippet:-1, max-image-preview:large, max-video-preview:-1\" \/>\n<link rel=\"canonical\" href=\"https:\/\/medicina.udd.cl\/fonoaudiologia-santiago\/noticias\/2018\/05\/23\/experiencia-cirugia-cerebral-en-vigilia\/\" \/>\n<meta property=\"og:locale\" content=\"es_ES\" \/>\n<meta property=\"og:type\" content=\"article\" \/>\n<meta property=\"og:title\" content=\"Fonoaudiolog\u00eda participa de cirug\u00eda cerebral en vigilia - Fonoaudiolog\u00eda\" \/>\n<meta property=\"og:description\" content=\"Alumnos de la carrera de fonoaudiolog\u00eda participaron de un procedimiento quir\u00fargico cerebral en el que se practic\u00f3 la estimulaci\u00f3n de zonas del lenguaje con cercan\u00eda al tumor\" \/>\n<meta property=\"og:url\" content=\"https:\/\/medicina.udd.cl\/fonoaudiologia-santiago\/noticias\/2018\/05\/23\/experiencia-cirugia-cerebral-en-vigilia\/\" \/>\n<meta property=\"og:site_name\" content=\"Fonoaudiolog\u00eda\" \/>\n<meta property=\"article:published_time\" content=\"2018-05-23T15:58:15+00:00\" \/>\n<meta property=\"og:image\" content=\"https:\/\/medicina.udd.cl\/fonoaudiologia-santiago\/files\/2018\/05\/IMG_9363.jpg\" \/>\n\t<meta property=\"og:image:width\" content=\"4032\" \/>\n\t<meta property=\"og:image:height\" content=\"3024\" \/>\n\t<meta property=\"og:image:type\" content=\"image\/jpeg\" \/>\n<meta name=\"author\" content=\"cataaguilera\" \/>\n<meta name=\"twitter:label1\" content=\"Escrito por\" \/>\n\t<meta name=\"twitter:data1\" content=\"cataaguilera\" \/>\n\t<meta name=\"twitter:label2\" content=\"Tiempo de lectura\" \/>\n\t<meta name=\"twitter:data2\" content=\"1 minuto\" \/>\n<script type=\"application\/ld+json\" class=\"yoast-schema-graph\">{\"@context\":\"https:\/\/schema.org\",\"@graph\":[{\"@type\":\"Article\",\"@id\":\"https:\/\/medicina.udd.cl\/fonoaudiologia-santiago\/noticias\/2018\/05\/23\/experiencia-cirugia-cerebral-en-vigilia\/#article\",\"isPartOf\":{\"@id\":\"https:\/\/medicina.udd.cl\/fonoaudiologia-santiago\/noticias\/2018\/05\/23\/experiencia-cirugia-cerebral-en-vigilia\/\"},\"author\":{\"name\":\"cataaguilera\",\"@id\":\"https:\/\/medicina.udd.cl\/fonoaudiologia-santiago\/#\/schema\/person\/8b2ddab3d222f03f9e6108f06d6cc25c\"},\"headline\":\"Fonoaudiolog\u00eda participa de cirug\u00eda cerebral en vigilia\",\"datePublished\":\"2018-05-23T15:58:15+00:00\",\"mainEntityOfPage\":{\"@id\":\"https:\/\/medicina.udd.cl\/fonoaudiologia-santiago\/noticias\/2018\/05\/23\/experiencia-cirugia-cerebral-en-vigilia\/\"},\"wordCount\":168,\"commentCount\":0,\"image\":{\"@id\":\"https:\/\/medicina.udd.cl\/fonoaudiologia-santiago\/noticias\/2018\/05\/23\/experiencia-cirugia-cerebral-en-vigilia\/#primaryimage\"},\"thumbnailUrl\":\"https:\/\/medicina.udd.cl\/fonoaudiologia-santiago\/files\/2018\/05\/IMG_9363.jpg\",\"articleSection\":[\"Noticias\"],\"inLanguage\":\"es\",\"potentialAction\":[{\"@type\":\"CommentAction\",\"name\":\"Comment\",\"target\":[\"https:\/\/medicina.udd.cl\/fonoaudiologia-santiago\/noticias\/2018\/05\/23\/experiencia-cirugia-cerebral-en-vigilia\/#respond\"]}]},{\"@type\":\"WebPage\",\"@id\":\"https:\/\/medicina.udd.cl\/fonoaudiologia-santiago\/noticias\/2018\/05\/23\/experiencia-cirugia-cerebral-en-vigilia\/\",\"url\":\"https:\/\/medicina.udd.cl\/fonoaudiologia-santiago\/noticias\/2018\/05\/23\/experiencia-cirugia-cerebral-en-vigilia\/\",\"name\":\"Fonoaudiolog\u00eda participa de cirug\u00eda cerebral en vigilia - Fonoaudiolog\u00eda\",\"isPartOf\":{\"@id\":\"https:\/\/medicina.udd.cl\/fonoaudiologia-santiago\/#website\"},\"primaryImageOfPage\":{\"@id\":\"https:\/\/medicina.udd.cl\/fonoaudiologia-santiago\/noticias\/2018\/05\/23\/experiencia-cirugia-cerebral-en-vigilia\/#primaryimage\"},\"image\":{\"@id\":\"https:\/\/medicina.udd.cl\/fonoaudiologia-santiago\/noticias\/2018\/05\/23\/experiencia-cirugia-cerebral-en-vigilia\/#primaryimage\"},\"thumbnailUrl\":\"https:\/\/medicina.udd.cl\/fonoaudiologia-santiago\/files\/2018\/05\/IMG_9363.jpg\",\"datePublished\":\"2018-05-23T15:58:15+00:00\",\"author\":{\"@id\":\"https:\/\/medicina.udd.cl\/fonoaudiologia-santiago\/#\/schema\/person\/8b2ddab3d222f03f9e6108f06d6cc25c\"},\"breadcrumb\":{\"@id\":\"https:\/\/medicina.udd.cl\/fonoaudiologia-santiago\/noticias\/2018\/05\/23\/experiencia-cirugia-cerebral-en-vigilia\/#breadcrumb\"},\"inLanguage\":\"es\",\"potentialAction\":[{\"@type\":\"ReadAction\",\"target\":[\"https:\/\/medicina.udd.cl\/fonoaudiologia-santiago\/noticias\/2018\/05\/23\/experiencia-cirugia-cerebral-en-vigilia\/\"]}]},{\"@type\":\"ImageObject\",\"inLanguage\":\"es\",\"@id\":\"https:\/\/medicina.udd.cl\/fonoaudiologia-santiago\/noticias\/2018\/05\/23\/experiencia-cirugia-cerebral-en-vigilia\/#primaryimage\",\"url\":\"https:\/\/medicina.udd.cl\/fonoaudiologia-santiago\/files\/2018\/05\/IMG_9363.jpg\",\"contentUrl\":\"https:\/\/medicina.udd.cl\/fonoaudiologia-santiago\/files\/2018\/05\/IMG_9363.jpg\",\"width\":4032,\"height\":3024},{\"@type\":\"BreadcrumbList\",\"@id\":\"https:\/\/medicina.udd.cl\/fonoaudiologia-santiago\/noticias\/2018\/05\/23\/experiencia-cirugia-cerebral-en-vigilia\/#breadcrumb\",\"itemListElement\":[{\"@type\":\"ListItem\",\"position\":1,\"name\":\"Home\",\"item\":\"https:\/\/medicina.udd.cl\/fonoaudiologia-santiago\/\"},{\"@type\":\"ListItem\",\"position\":2,\"name\":\"Fonoaudiolog\u00eda participa de cirug\u00eda cerebral en vigilia\"}]},{\"@type\":\"WebSite\",\"@id\":\"https:\/\/medicina.udd.cl\/fonoaudiologia-santiago\/#website\",\"url\":\"https:\/\/medicina.udd.cl\/fonoaudiologia-santiago\/\",\"name\":\"Fonoaudiolog\u00eda\",\"description\":\"Facultad de Medicina Cl\u00ednica Alemana Universidad del Desarrollo\",\"inLanguage\":\"es\"},{\"@type\":\"Person\",\"@id\":\"https:\/\/medicina.udd.cl\/fonoaudiologia-santiago\/#\/schema\/person\/8b2ddab3d222f03f9e6108f06d6cc25c\",\"name\":\"cataaguilera\",\"image\":{\"@type\":\"ImageObject\",\"inLanguage\":\"es\",\"@id\":\"https:\/\/medicina.udd.cl\/fonoaudiologia-santiago\/#\/schema\/person\/image\/\",\"url\":\"https:\/\/secure.gravatar.com\/avatar\/1f73ad8ce4d549227c1fe2bbf121c103af34a23b6ac1a6f65be4906bd377acc9?s=96&d=mm&r=g\",\"contentUrl\":\"https:\/\/secure.gravatar.com\/avatar\/1f73ad8ce4d549227c1fe2bbf121c103af34a23b6ac1a6f65be4906bd377acc9?s=96&d=mm&r=g\",\"caption\":\"cataaguilera\"},\"url\":\"https:\/\/medicina.udd.cl\/fonoaudiologia-santiago\/noticias\/author\/cataaguilera\/\"}]}<\/script>\n<!-- \/ Yoast SEO plugin. -->","yoast_head_json":{"title":"Fonoaudiolog\u00eda participa de cirug\u00eda cerebral en vigilia - Fonoaudiolog\u00eda","robots":{"index":"index","follow":"follow","max-snippet":"max-snippet:-1","max-image-preview":"max-image-preview:large","max-video-preview":"max-video-preview:-1"},"canonical":"https:\/\/medicina.udd.cl\/fonoaudiologia-santiago\/noticias\/2018\/05\/23\/experiencia-cirugia-cerebral-en-vigilia\/","og_locale":"es_ES","og_type":"article","og_title":"Fonoaudiolog\u00eda participa de cirug\u00eda cerebral en vigilia - Fonoaudiolog\u00eda","og_description":"Alumnos de la carrera de fonoaudiolog\u00eda participaron de un procedimiento quir\u00fargico cerebral en el que se practic\u00f3 la estimulaci\u00f3n de zonas del lenguaje con cercan\u00eda al tumor","og_url":"https:\/\/medicina.udd.cl\/fonoaudiologia-santiago\/noticias\/2018\/05\/23\/experiencia-cirugia-cerebral-en-vigilia\/","og_site_name":"Fonoaudiolog\u00eda","article_published_time":"2018-05-23T15:58:15+00:00","og_image":[{"width":4032,"height":3024,"url":"https:\/\/medicina.udd.cl\/fonoaudiologia-santiago\/files\/2018\/05\/IMG_9363.jpg","type":"image\/jpeg"}],"author":"cataaguilera","twitter_misc":{"Escrito por":"cataaguilera","Tiempo de lectura":"1 minuto"},"schema":{"@context":"https:\/\/schema.org","@graph":[{"@type":"Article","@id":"https:\/\/medicina.udd.cl\/fonoaudiologia-santiago\/noticias\/2018\/05\/23\/experiencia-cirugia-cerebral-en-vigilia\/#article","isPartOf":{"@id":"https:\/\/medicina.udd.cl\/fonoaudiologia-santiago\/noticias\/2018\/05\/23\/experiencia-cirugia-cerebral-en-vigilia\/"},"author":{"name":"cataaguilera","@id":"https:\/\/medicina.udd.cl\/fonoaudiologia-santiago\/#\/schema\/person\/8b2ddab3d222f03f9e6108f06d6cc25c"},"headline":"Fonoaudiolog\u00eda participa de cirug\u00eda cerebral en vigilia","datePublished":"2018-05-23T15:58:15+00:00","mainEntityOfPage":{"@id":"https:\/\/medicina.udd.cl\/fonoaudiologia-santiago\/noticias\/2018\/05\/23\/experiencia-cirugia-cerebral-en-vigilia\/"},"wordCount":168,"commentCount":0,"image":{"@id":"https:\/\/medicina.udd.cl\/fonoaudiologia-santiago\/noticias\/2018\/05\/23\/experiencia-cirugia-cerebral-en-vigilia\/#primaryimage"},"thumbnailUrl":"https:\/\/medicina.udd.cl\/fonoaudiologia-santiago\/files\/2018\/05\/IMG_9363.jpg","articleSection":["Noticias"],"inLanguage":"es","potentialAction":[{"@type":"CommentAction","name":"Comment","target":["https:\/\/medicina.udd.cl\/fonoaudiologia-santiago\/noticias\/2018\/05\/23\/experiencia-cirugia-cerebral-en-vigilia\/#respond"]}]},{"@type":"WebPage","@id":"https:\/\/medicina.udd.cl\/fonoaudiologia-santiago\/noticias\/2018\/05\/23\/experiencia-cirugia-cerebral-en-vigilia\/","url":"https:\/\/medicina.udd.cl\/fonoaudiologia-santiago\/noticias\/2018\/05\/23\/experiencia-cirugia-cerebral-en-vigilia\/","name":"Fonoaudiolog\u00eda participa de cirug\u00eda cerebral en vigilia - Fonoaudiolog\u00eda","isPartOf":{"@id":"https:\/\/medicina.udd.cl\/fonoaudiologia-santiago\/#website"},"primaryImageOfPage":{"@id":"https:\/\/medicina.udd.cl\/fonoaudiologia-santiago\/noticias\/2018\/05\/23\/experiencia-cirugia-cerebral-en-vigilia\/#primaryimage"},"image":{"@id":"https:\/\/medicina.udd.cl\/fonoaudiologia-santiago\/noticias\/2018\/05\/23\/experiencia-cirugia-cerebral-en-vigilia\/#primaryimage"},"thumbnailUrl":"https:\/\/medicina.udd.cl\/fonoaudiologia-santiago\/files\/2018\/05\/IMG_9363.jpg","datePublished":"2018-05-23T15:58:15+00:00","author":{"@id":"https:\/\/medicina.udd.cl\/fonoaudiologia-santiago\/#\/schema\/person\/8b2ddab3d222f03f9e6108f06d6cc25c"},"breadcrumb":{"@id":"https:\/\/medicina.udd.cl\/fonoaudiologia-santiago\/noticias\/2018\/05\/23\/experiencia-cirugia-cerebral-en-vigilia\/#breadcrumb"},"inLanguage":"es","potentialAction":[{"@type":"ReadAction","target":["https:\/\/medicina.udd.cl\/fonoaudiologia-santiago\/noticias\/2018\/05\/23\/experiencia-cirugia-cerebral-en-vigilia\/"]}]},{"@type":"ImageObject","inLanguage":"es","@id":"https:\/\/medicina.udd.cl\/fonoaudiologia-santiago\/noticias\/2018\/05\/23\/experiencia-cirugia-cerebral-en-vigilia\/#primaryimage","url":"https:\/\/medicina.udd.cl\/fonoaudiologia-santiago\/files\/2018\/05\/IMG_9363.jpg","contentUrl":"https:\/\/medicina.udd.cl\/fonoaudiologia-santiago\/files\/2018\/05\/IMG_9363.jpg","width":4032,"height":3024},{"@type":"BreadcrumbList","@id":"https:\/\/medicina.udd.cl\/fonoaudiologia-santiago\/noticias\/2018\/05\/23\/experiencia-cirugia-cerebral-en-vigilia\/#breadcrumb","itemListElement":[{"@type":"ListItem","position":1,"name":"Home","item":"https:\/\/medicina.udd.cl\/fonoaudiologia-santiago\/"},{"@type":"ListItem","position":2,"name":"Fonoaudiolog\u00eda participa de cirug\u00eda cerebral en vigilia"}]},{"@type":"WebSite","@id":"https:\/\/medicina.udd.cl\/fonoaudiologia-santiago\/#website","url":"https:\/\/medicina.udd.cl\/fonoaudiologia-santiago\/","name":"Fonoaudiolog\u00eda","description":"Facultad de Medicina Cl\u00ednica Alemana Universidad del Desarrollo","inLanguage":"es"},{"@type":"Person","@id":"https:\/\/medicina.udd.cl\/fonoaudiologia-santiago\/#\/schema\/person\/8b2ddab3d222f03f9e6108f06d6cc25c","name":"cataaguilera","image":{"@type":"ImageObject","inLanguage":"es","@id":"https:\/\/medicina.udd.cl\/fonoaudiologia-santiago\/#\/schema\/person\/image\/","url":"https:\/\/secure.gravatar.com\/avatar\/1f73ad8ce4d549227c1fe2bbf121c103af34a23b6ac1a6f65be4906bd377acc9?s=96&d=mm&r=g","contentUrl":"https:\/\/secure.gravatar.com\/avatar\/1f73ad8ce4d549227c1fe2bbf121c103af34a23b6ac1a6f65be4906bd377acc9?s=96&d=mm&r=g","caption":"cataaguilera"},"url":"https:\/\/medicina.udd.cl\/fonoaudiologia-santiago\/noticias\/author\/cataaguilera\/"}]}},"featured_image_url":"https:\/\/medicina.udd.cl\/fonoaudiologia-santiago\/files\/2018\/05\/IMG_9363.jpg","_links":{"self":[{"href":"https:\/\/medicina.udd.cl\/fonoaudiologia-santiago\/wp-json\/wp\/v2\/posts\/4104","targetHints":{"allow":["GET"]}}],"collection":[{"href":"https:\/\/medicina.udd.cl\/fonoaudiologia-santiago\/wp-json\/wp\/v2\/posts"}],"about":[{"href":"https:\/\/medicina.udd.cl\/fonoaudiologia-santiago\/wp-json\/wp\/v2\/types\/post"}],"author":[{"embeddable":true,"href":"https:\/\/medicina.udd.cl\/fonoaudiologia-santiago\/wp-json\/wp\/v2\/users\/9192210"}],"replies":[{"embeddable":true,"href":"https:\/\/medicina.udd.cl\/fonoaudiologia-santiago\/wp-json\/wp\/v2\/comments?post=4104"}],"version-history":[{"count":1,"href":"https:\/\/medicina.udd.cl\/fonoaudiologia-santiago\/wp-json\/wp\/v2\/posts\/4104\/revisions"}],"predecessor-version":[{"id":4112,"href":"https:\/\/medicina.udd.cl\/fonoaudiologia-santiago\/wp-json\/wp\/v2\/posts\/4104\/revisions\/4112"}],"wp:featuredmedia":[{"embeddable":true,"href":"https:\/\/medicina.udd.cl\/fonoaudiologia-santiago\/wp-json\/wp\/v2\/media\/4110"}],"wp:attachment":[{"href":"https:\/\/medicina.udd.cl\/fonoaudiologia-santiago\/wp-json\/wp\/v2\/media?parent=4104"}],"wp:term":[{"taxonomy":"category","embeddable":true,"href":"https:\/\/medicina.udd.cl\/fonoaudiologia-santiago\/wp-json\/wp\/v2\/categories?post=4104"},{"taxonomy":"post_tag","embeddable":true,"href":"https:\/\/medicina.udd.cl\/fonoaudiologia-santiago\/wp-json\/wp\/v2\/tags?post=4104"}],"curies":[{"name":"wp","href":"https:\/\/api.w.org\/{rel}","templated":true}]}}