{"id":4114,"date":"2018-05-23T15:01:28","date_gmt":"2018-05-23T19:01:28","guid":{"rendered":"http:\/\/medicina.udd.cl\/fonoaudiologia-santiago\/?p=4114"},"modified":"2018-05-23T15:02:30","modified_gmt":"2018-05-23T19:02:30","slug":"alumnos-participan-con-desafio-cultural-en-semana-i","status":"publish","type":"post","link":"https:\/\/medicina.udd.cl\/fonoaudiologia-santiago\/noticias\/2018\/05\/23\/alumnos-participan-con-desafio-cultural-en-semana-i\/","title":{"rendered":"Alumnos participan con desaf\u00edo cultural en Semana i"},"content":{"rendered":"<div id=\"gallery-1\" class=\"carousel slide carousel-gallery\" data-ride=\"false\" data-interval=\"false\"><div class=\"carousel-inner\" role=\"listbox\"><figure class=\"carousel-item active\"><img loading=\"lazy\" decoding=\"async\" width=\"356\" height=\"534\" src=\"https:\/\/medicina.udd.cl\/fonoaudiologia-santiago\/files\/2018\/05\/IMG_4207-e1527102139719.jpg\" class=\"attachment-landscape_952 size-landscape_952\" alt=\"\" srcset=\"https:\/\/medicina.udd.cl\/fonoaudiologia-santiago\/files\/2018\/05\/IMG_4207-e1527102139719.jpg 2848w, https:\/\/medicina.udd.cl\/fonoaudiologia-santiago\/files\/2018\/05\/IMG_4207-e1527102139719-200x300.jpg 200w, https:\/\/medicina.udd.cl\/fonoaudiologia-santiago\/files\/2018\/05\/IMG_4207-e1527102139719-768x1152.jpg 768w, https:\/\/medicina.udd.cl\/fonoaudiologia-santiago\/files\/2018\/05\/IMG_4207-e1527102139719-683x1024.jpg 683w, https:\/\/medicina.udd.cl\/fonoaudiologia-santiago\/files\/2018\/05\/IMG_4207-e1527102139719-640x960.jpg 640w\" sizes=\"auto, (max-width: 356px) 100vw, 356px\" \/><\/figure><figure class=\"carousel-item\"><img loading=\"lazy\" decoding=\"async\" width=\"801\" height=\"534\" src=\"https:\/\/medicina.udd.cl\/fonoaudiologia-santiago\/files\/2018\/05\/IMG_4253.jpg\" class=\"attachment-landscape_952 size-landscape_952\" alt=\"\" srcset=\"https:\/\/medicina.udd.cl\/fonoaudiologia-santiago\/files\/2018\/05\/IMG_4253.jpg 4272w, https:\/\/medicina.udd.cl\/fonoaudiologia-santiago\/files\/2018\/05\/IMG_4253-300x200.jpg 300w, https:\/\/medicina.udd.cl\/fonoaudiologia-santiago\/files\/2018\/05\/IMG_4253-768x512.jpg 768w, https:\/\/medicina.udd.cl\/fonoaudiologia-santiago\/files\/2018\/05\/IMG_4253-1024x683.jpg 1024w, https:\/\/medicina.udd.cl\/fonoaudiologia-santiago\/files\/2018\/05\/IMG_4253-960x640.jpg 960w\" sizes=\"auto, (max-width: 801px) 100vw, 801px\" \/><\/figure><figure class=\"carousel-item\"><img loading=\"lazy\" decoding=\"async\" width=\"801\" height=\"534\" src=\"https:\/\/medicina.udd.cl\/fonoaudiologia-santiago\/files\/2018\/05\/IMG_4261.jpg\" class=\"attachment-landscape_952 size-landscape_952\" alt=\"\" srcset=\"https:\/\/medicina.udd.cl\/fonoaudiologia-santiago\/files\/2018\/05\/IMG_4261.jpg 4272w, https:\/\/medicina.udd.cl\/fonoaudiologia-santiago\/files\/2018\/05\/IMG_4261-300x200.jpg 300w, https:\/\/medicina.udd.cl\/fonoaudiologia-santiago\/files\/2018\/05\/IMG_4261-768x512.jpg 768w, https:\/\/medicina.udd.cl\/fonoaudiologia-santiago\/files\/2018\/05\/IMG_4261-1024x683.jpg 1024w, https:\/\/medicina.udd.cl\/fonoaudiologia-santiago\/files\/2018\/05\/IMG_4261-960x640.jpg 960w\" sizes=\"auto, (max-width: 801px) 100vw, 801px\" \/><\/figure><\/div><footer class=\"carousel-footer\"><div class=\"carousel-counter\"><span class=\"carousel-counter-current\"><\/span> \/ <span class=\"carousel-counter-total\"><\/span><\/div><a class=\"carousel-control-prev\" href=\"#gallery-1\" role=\"button\" data-slide=\"prev\"><svg aria-hidden=\"true\" class=\"svg-chevron-left-dims\"><use xlink:href='https:\/\/medicina.udd.cl\/fonoaudiologia-santiago\/wp-content\/themes\/facultades-2018\/assets\/img\/svg\/dist\/main.svg?version=1695853099#chevron-left'><\/use><\/svg><span class=\"sr-only\">Anterior<\/span><\/a><a class=\"carousel-control-next\" href=\"#gallery-1\" role=\"button\" data-slide=\"next\"><svg aria-hidden=\"true\" class=\"svg-chevron-right-dims\"><use xlink:href='https:\/\/medicina.udd.cl\/fonoaudiologia-santiago\/wp-content\/themes\/facultades-2018\/assets\/img\/svg\/dist\/main.svg?version=1695853099#chevron-right'><\/use><\/svg><span class=\"sr-only\">Siguiente<\/span><\/a><\/footer><\/div>\n<p style=\"text-align: justify\">Para esta versi\u00f3n del desaf\u00edo participaron estudiantes de las carreras de psicolog\u00eda, nutrici\u00f3n, kinesiolog\u00eda, enfermer\u00eda y ciencias pol\u00edticas.\u00a0 El principal objetivo a desarrollar fue el acercamiento a la cultura haitiana, identificar las necesidades de los nuevos chilenos y entregar tres d\u00edas de gratas experiencias para los inmigrantes.<\/p>\n<p style=\"text-align: justify\">De esta manera, el grupo realiz\u00f3 una \u201ccolaci\u00f3n conversada\u201d en Santiago centro, que cont\u00f3 con bailes chilenos y haitianos, juegos tradicionales, comida t\u00edpica y realizaci\u00f3n de clases de espa\u00f1ol, todo ambientado bajo el concepto de \u201cmini fonda\u201d.<\/p>\n<p style=\"text-align: justify\">El docente encargado de la carrera de fonoaudiolog\u00eda, Iv\u00e1n Castillo C\u00e1ceres, se refiri\u00f3 a esta experiencia. \u201cEs impresionante ver c\u00f3mo los estudiantes, desconocidos entre s\u00ed, logran generar un grupo cercano en tan poco tiempo y proponer y ejecutar actividades de gran nivel e impacto\u201d, dijo.<\/p>\n","protected":false},"excerpt":{"rendered":"<p>En el marco de la Semana i la Carrera de Fonoaudiolog\u00eda particip\u00f3 con el desaf\u00edo \u201cIntercambio Chileno Haitiano\u201d.  La actividad se realiz\u00f3 en la \u201cFundaci\u00f3n Fre\u201d, espacio que recibe y apoya a inmigrantes reci\u00e9n llegados en su proceso de inserci\u00f3n social.  <\/p>\n","protected":false},"author":9192210,"featured_media":0,"comment_status":"open","ping_status":"open","sticky":false,"template":"","format":"standard","meta":{"footnotes":""},"categories":[4],"tags":[],"class_list":["post-4114","post","type-post","status-publish","format-standard","hentry","category-noticias"],"yoast_head":"<!-- This site is optimized with the Yoast SEO plugin v26.9 - https:\/\/yoast.com\/product\/yoast-seo-wordpress\/ -->\n<title>Alumnos participan con desaf\u00edo cultural en Semana i - Fonoaudiolog\u00eda<\/title>\n<meta name=\"robots\" content=\"index, follow, max-snippet:-1, max-image-preview:large, max-video-preview:-1\" \/>\n<link rel=\"canonical\" href=\"https:\/\/medicina.udd.cl\/fonoaudiologia-santiago\/noticias\/2018\/05\/23\/alumnos-participan-con-desafio-cultural-en-semana-i\/\" \/>\n<meta property=\"og:locale\" content=\"es_ES\" \/>\n<meta property=\"og:type\" content=\"article\" \/>\n<meta property=\"og:title\" content=\"Alumnos participan con desaf\u00edo cultural en Semana i - Fonoaudiolog\u00eda\" \/>\n<meta property=\"og:description\" content=\"En el marco de la Semana i la Carrera de Fonoaudiolog\u00eda particip\u00f3 con el desaf\u00edo \u201cIntercambio Chileno Haitiano\u201d. La actividad se realiz\u00f3 en la \u201cFundaci\u00f3n Fre\u201d, espacio que recibe y apoya a inmigrantes reci\u00e9n llegados en su proceso de inserci\u00f3n social.\" \/>\n<meta property=\"og:url\" content=\"https:\/\/medicina.udd.cl\/fonoaudiologia-santiago\/noticias\/2018\/05\/23\/alumnos-participan-con-desafio-cultural-en-semana-i\/\" \/>\n<meta property=\"og:site_name\" content=\"Fonoaudiolog\u00eda\" \/>\n<meta property=\"article:published_time\" content=\"2018-05-23T19:01:28+00:00\" \/>\n<meta property=\"article:modified_time\" content=\"2018-05-23T19:02:30+00:00\" \/>\n<meta property=\"og:image\" content=\"https:\/\/medicina.udd.cl\/fonoaudiologia-santiago\/files\/2018\/05\/IMG_4207-e1527102139719.jpg\" \/>\n<meta name=\"author\" content=\"cataaguilera\" \/>\n<meta name=\"twitter:label1\" content=\"Escrito por\" \/>\n\t<meta name=\"twitter:data1\" content=\"cataaguilera\" \/>\n\t<meta name=\"twitter:label2\" content=\"Tiempo de lectura\" \/>\n\t<meta name=\"twitter:data2\" content=\"1 minuto\" \/>\n<script type=\"application\/ld+json\" class=\"yoast-schema-graph\">{\"@context\":\"https:\/\/schema.org\",\"@graph\":[{\"@type\":\"Article\",\"@id\":\"https:\/\/medicina.udd.cl\/fonoaudiologia-santiago\/noticias\/2018\/05\/23\/alumnos-participan-con-desafio-cultural-en-semana-i\/#article\",\"isPartOf\":{\"@id\":\"https:\/\/medicina.udd.cl\/fonoaudiologia-santiago\/noticias\/2018\/05\/23\/alumnos-participan-con-desafio-cultural-en-semana-i\/\"},\"author\":{\"name\":\"cataaguilera\",\"@id\":\"https:\/\/medicina.udd.cl\/fonoaudiologia-santiago\/#\/schema\/person\/8b2ddab3d222f03f9e6108f06d6cc25c\"},\"headline\":\"Alumnos participan con desaf\u00edo cultural en Semana i\",\"datePublished\":\"2018-05-23T19:01:28+00:00\",\"dateModified\":\"2018-05-23T19:02:30+00:00\",\"mainEntityOfPage\":{\"@id\":\"https:\/\/medicina.udd.cl\/fonoaudiologia-santiago\/noticias\/2018\/05\/23\/alumnos-participan-con-desafio-cultural-en-semana-i\/\"},\"wordCount\":156,\"commentCount\":0,\"articleSection\":[\"Noticias\"],\"inLanguage\":\"es\",\"potentialAction\":[{\"@type\":\"CommentAction\",\"name\":\"Comment\",\"target\":[\"https:\/\/medicina.udd.cl\/fonoaudiologia-santiago\/noticias\/2018\/05\/23\/alumnos-participan-con-desafio-cultural-en-semana-i\/#respond\"]}]},{\"@type\":\"WebPage\",\"@id\":\"https:\/\/medicina.udd.cl\/fonoaudiologia-santiago\/noticias\/2018\/05\/23\/alumnos-participan-con-desafio-cultural-en-semana-i\/\",\"url\":\"https:\/\/medicina.udd.cl\/fonoaudiologia-santiago\/noticias\/2018\/05\/23\/alumnos-participan-con-desafio-cultural-en-semana-i\/\",\"name\":\"Alumnos participan con desaf\u00edo cultural en Semana i - Fonoaudiolog\u00eda\",\"isPartOf\":{\"@id\":\"https:\/\/medicina.udd.cl\/fonoaudiologia-santiago\/#website\"},\"datePublished\":\"2018-05-23T19:01:28+00:00\",\"dateModified\":\"2018-05-23T19:02:30+00:00\",\"author\":{\"@id\":\"https:\/\/medicina.udd.cl\/fonoaudiologia-santiago\/#\/schema\/person\/8b2ddab3d222f03f9e6108f06d6cc25c\"},\"breadcrumb\":{\"@id\":\"https:\/\/medicina.udd.cl\/fonoaudiologia-santiago\/noticias\/2018\/05\/23\/alumnos-participan-con-desafio-cultural-en-semana-i\/#breadcrumb\"},\"inLanguage\":\"es\",\"potentialAction\":[{\"@type\":\"ReadAction\",\"target\":[\"https:\/\/medicina.udd.cl\/fonoaudiologia-santiago\/noticias\/2018\/05\/23\/alumnos-participan-con-desafio-cultural-en-semana-i\/\"]}]},{\"@type\":\"BreadcrumbList\",\"@id\":\"https:\/\/medicina.udd.cl\/fonoaudiologia-santiago\/noticias\/2018\/05\/23\/alumnos-participan-con-desafio-cultural-en-semana-i\/#breadcrumb\",\"itemListElement\":[{\"@type\":\"ListItem\",\"position\":1,\"name\":\"Home\",\"item\":\"https:\/\/medicina.udd.cl\/fonoaudiologia-santiago\/\"},{\"@type\":\"ListItem\",\"position\":2,\"name\":\"Alumnos participan con desaf\u00edo cultural en Semana i\"}]},{\"@type\":\"WebSite\",\"@id\":\"https:\/\/medicina.udd.cl\/fonoaudiologia-santiago\/#website\",\"url\":\"https:\/\/medicina.udd.cl\/fonoaudiologia-santiago\/\",\"name\":\"Fonoaudiolog\u00eda\",\"description\":\"Facultad de Medicina Cl\u00ednica Alemana Universidad del Desarrollo\",\"inLanguage\":\"es\"},{\"@type\":\"Person\",\"@id\":\"https:\/\/medicina.udd.cl\/fonoaudiologia-santiago\/#\/schema\/person\/8b2ddab3d222f03f9e6108f06d6cc25c\",\"name\":\"cataaguilera\",\"image\":{\"@type\":\"ImageObject\",\"inLanguage\":\"es\",\"@id\":\"https:\/\/medicina.udd.cl\/fonoaudiologia-santiago\/#\/schema\/person\/image\/\",\"url\":\"https:\/\/secure.gravatar.com\/avatar\/1f73ad8ce4d549227c1fe2bbf121c103af34a23b6ac1a6f65be4906bd377acc9?s=96&d=mm&r=g\",\"contentUrl\":\"https:\/\/secure.gravatar.com\/avatar\/1f73ad8ce4d549227c1fe2bbf121c103af34a23b6ac1a6f65be4906bd377acc9?s=96&d=mm&r=g\",\"caption\":\"cataaguilera\"},\"url\":\"https:\/\/medicina.udd.cl\/fonoaudiologia-santiago\/noticias\/author\/cataaguilera\/\"}]}<\/script>\n<!-- \/ Yoast SEO plugin. -->","yoast_head_json":{"title":"Alumnos participan con desaf\u00edo cultural en Semana i - Fonoaudiolog\u00eda","robots":{"index":"index","follow":"follow","max-snippet":"max-snippet:-1","max-image-preview":"max-image-preview:large","max-video-preview":"max-video-preview:-1"},"canonical":"https:\/\/medicina.udd.cl\/fonoaudiologia-santiago\/noticias\/2018\/05\/23\/alumnos-participan-con-desafio-cultural-en-semana-i\/","og_locale":"es_ES","og_type":"article","og_title":"Alumnos participan con desaf\u00edo cultural en Semana i - Fonoaudiolog\u00eda","og_description":"En el marco de la Semana i la Carrera de Fonoaudiolog\u00eda particip\u00f3 con el desaf\u00edo \u201cIntercambio Chileno Haitiano\u201d. La actividad se realiz\u00f3 en la \u201cFundaci\u00f3n Fre\u201d, espacio que recibe y apoya a inmigrantes reci\u00e9n llegados en su proceso de inserci\u00f3n social.","og_url":"https:\/\/medicina.udd.cl\/fonoaudiologia-santiago\/noticias\/2018\/05\/23\/alumnos-participan-con-desafio-cultural-en-semana-i\/","og_site_name":"Fonoaudiolog\u00eda","article_published_time":"2018-05-23T19:01:28+00:00","article_modified_time":"2018-05-23T19:02:30+00:00","og_image":[{"url":"https:\/\/medicina.udd.cl\/fonoaudiologia-santiago\/files\/2018\/05\/IMG_4207-e1527102139719.jpg","type":"","width":"","height":""}],"author":"cataaguilera","twitter_misc":{"Escrito por":"cataaguilera","Tiempo de lectura":"1 minuto"},"schema":{"@context":"https:\/\/schema.org","@graph":[{"@type":"Article","@id":"https:\/\/medicina.udd.cl\/fonoaudiologia-santiago\/noticias\/2018\/05\/23\/alumnos-participan-con-desafio-cultural-en-semana-i\/#article","isPartOf":{"@id":"https:\/\/medicina.udd.cl\/fonoaudiologia-santiago\/noticias\/2018\/05\/23\/alumnos-participan-con-desafio-cultural-en-semana-i\/"},"author":{"name":"cataaguilera","@id":"https:\/\/medicina.udd.cl\/fonoaudiologia-santiago\/#\/schema\/person\/8b2ddab3d222f03f9e6108f06d6cc25c"},"headline":"Alumnos participan con desaf\u00edo cultural en Semana i","datePublished":"2018-05-23T19:01:28+00:00","dateModified":"2018-05-23T19:02:30+00:00","mainEntityOfPage":{"@id":"https:\/\/medicina.udd.cl\/fonoaudiologia-santiago\/noticias\/2018\/05\/23\/alumnos-participan-con-desafio-cultural-en-semana-i\/"},"wordCount":156,"commentCount":0,"articleSection":["Noticias"],"inLanguage":"es","potentialAction":[{"@type":"CommentAction","name":"Comment","target":["https:\/\/medicina.udd.cl\/fonoaudiologia-santiago\/noticias\/2018\/05\/23\/alumnos-participan-con-desafio-cultural-en-semana-i\/#respond"]}]},{"@type":"WebPage","@id":"https:\/\/medicina.udd.cl\/fonoaudiologia-santiago\/noticias\/2018\/05\/23\/alumnos-participan-con-desafio-cultural-en-semana-i\/","url":"https:\/\/medicina.udd.cl\/fonoaudiologia-santiago\/noticias\/2018\/05\/23\/alumnos-participan-con-desafio-cultural-en-semana-i\/","name":"Alumnos participan con desaf\u00edo cultural en Semana i - Fonoaudiolog\u00eda","isPartOf":{"@id":"https:\/\/medicina.udd.cl\/fonoaudiologia-santiago\/#website"},"datePublished":"2018-05-23T19:01:28+00:00","dateModified":"2018-05-23T19:02:30+00:00","author":{"@id":"https:\/\/medicina.udd.cl\/fonoaudiologia-santiago\/#\/schema\/person\/8b2ddab3d222f03f9e6108f06d6cc25c"},"breadcrumb":{"@id":"https:\/\/medicina.udd.cl\/fonoaudiologia-santiago\/noticias\/2018\/05\/23\/alumnos-participan-con-desafio-cultural-en-semana-i\/#breadcrumb"},"inLanguage":"es","potentialAction":[{"@type":"ReadAction","target":["https:\/\/medicina.udd.cl\/fonoaudiologia-santiago\/noticias\/2018\/05\/23\/alumnos-participan-con-desafio-cultural-en-semana-i\/"]}]},{"@type":"BreadcrumbList","@id":"https:\/\/medicina.udd.cl\/fonoaudiologia-santiago\/noticias\/2018\/05\/23\/alumnos-participan-con-desafio-cultural-en-semana-i\/#breadcrumb","itemListElement":[{"@type":"ListItem","position":1,"name":"Home","item":"https:\/\/medicina.udd.cl\/fonoaudiologia-santiago\/"},{"@type":"ListItem","position":2,"name":"Alumnos participan con desaf\u00edo cultural en Semana i"}]},{"@type":"WebSite","@id":"https:\/\/medicina.udd.cl\/fonoaudiologia-santiago\/#website","url":"https:\/\/medicina.udd.cl\/fonoaudiologia-santiago\/","name":"Fonoaudiolog\u00eda","description":"Facultad de Medicina Cl\u00ednica Alemana Universidad del Desarrollo","inLanguage":"es"},{"@type":"Person","@id":"https:\/\/medicina.udd.cl\/fonoaudiologia-santiago\/#\/schema\/person\/8b2ddab3d222f03f9e6108f06d6cc25c","name":"cataaguilera","image":{"@type":"ImageObject","inLanguage":"es","@id":"https:\/\/medicina.udd.cl\/fonoaudiologia-santiago\/#\/schema\/person\/image\/","url":"https:\/\/secure.gravatar.com\/avatar\/1f73ad8ce4d549227c1fe2bbf121c103af34a23b6ac1a6f65be4906bd377acc9?s=96&d=mm&r=g","contentUrl":"https:\/\/secure.gravatar.com\/avatar\/1f73ad8ce4d549227c1fe2bbf121c103af34a23b6ac1a6f65be4906bd377acc9?s=96&d=mm&r=g","caption":"cataaguilera"},"url":"https:\/\/medicina.udd.cl\/fonoaudiologia-santiago\/noticias\/author\/cataaguilera\/"}]}},"featured_image_url":null,"_links":{"self":[{"href":"https:\/\/medicina.udd.cl\/fonoaudiologia-santiago\/wp-json\/wp\/v2\/posts\/4114","targetHints":{"allow":["GET"]}}],"collection":[{"href":"https:\/\/medicina.udd.cl\/fonoaudiologia-santiago\/wp-json\/wp\/v2\/posts"}],"about":[{"href":"https:\/\/medicina.udd.cl\/fonoaudiologia-santiago\/wp-json\/wp\/v2\/types\/post"}],"author":[{"embeddable":true,"href":"https:\/\/medicina.udd.cl\/fonoaudiologia-santiago\/wp-json\/wp\/v2\/users\/9192210"}],"replies":[{"embeddable":true,"href":"https:\/\/medicina.udd.cl\/fonoaudiologia-santiago\/wp-json\/wp\/v2\/comments?post=4114"}],"version-history":[{"count":2,"href":"https:\/\/medicina.udd.cl\/fonoaudiologia-santiago\/wp-json\/wp\/v2\/posts\/4114\/revisions"}],"predecessor-version":[{"id":4119,"href":"https:\/\/medicina.udd.cl\/fonoaudiologia-santiago\/wp-json\/wp\/v2\/posts\/4114\/revisions\/4119"}],"wp:attachment":[{"href":"https:\/\/medicina.udd.cl\/fonoaudiologia-santiago\/wp-json\/wp\/v2\/media?parent=4114"}],"wp:term":[{"taxonomy":"category","embeddable":true,"href":"https:\/\/medicina.udd.cl\/fonoaudiologia-santiago\/wp-json\/wp\/v2\/categories?post=4114"},{"taxonomy":"post_tag","embeddable":true,"href":"https:\/\/medicina.udd.cl\/fonoaudiologia-santiago\/wp-json\/wp\/v2\/tags?post=4114"}],"curies":[{"name":"wp","href":"https:\/\/api.w.org\/{rel}","templated":true}]}}