{"id":4124,"date":"2018-06-07T16:10:02","date_gmt":"2018-06-07T20:10:02","guid":{"rendered":"http:\/\/medicina.udd.cl\/fonoaudiologia-santiago\/?p=4124"},"modified":"2018-06-07T16:10:15","modified_gmt":"2018-06-07T20:10:15","slug":"inicia-diplomado-en-motricidad-orofacial-2018","status":"publish","type":"post","link":"https:\/\/medicina.udd.cl\/fonoaudiologia-santiago\/noticias\/2018\/06\/07\/inicia-diplomado-en-motricidad-orofacial-2018\/","title":{"rendered":"Inicia Diplomado en Motricidad Orofacial 2018"},"content":{"rendered":"<div id=\"gallery-1\" class=\"carousel slide carousel-gallery\" data-ride=\"false\" data-interval=\"false\"><div class=\"carousel-inner\" role=\"listbox\"><figure class=\"carousel-item active\"><img loading=\"lazy\" decoding=\"async\" width=\"801\" height=\"534\" src=\"https:\/\/medicina.udd.cl\/fonoaudiologia-santiago\/files\/2018\/06\/IMG_4493-copia.jpg\" class=\"attachment-landscape_952 size-landscape_952\" alt=\"\" srcset=\"https:\/\/medicina.udd.cl\/fonoaudiologia-santiago\/files\/2018\/06\/IMG_4493-copia.jpg 4272w, https:\/\/medicina.udd.cl\/fonoaudiologia-santiago\/files\/2018\/06\/IMG_4493-copia-300x200.jpg 300w, https:\/\/medicina.udd.cl\/fonoaudiologia-santiago\/files\/2018\/06\/IMG_4493-copia-768x512.jpg 768w, https:\/\/medicina.udd.cl\/fonoaudiologia-santiago\/files\/2018\/06\/IMG_4493-copia-1024x683.jpg 1024w, https:\/\/medicina.udd.cl\/fonoaudiologia-santiago\/files\/2018\/06\/IMG_4493-copia-960x640.jpg 960w\" sizes=\"auto, (max-width: 801px) 100vw, 801px\" \/><\/figure><figure class=\"carousel-item\"><img loading=\"lazy\" decoding=\"async\" width=\"801\" height=\"534\" src=\"https:\/\/medicina.udd.cl\/fonoaudiologia-santiago\/files\/2018\/06\/IMG_4505-copia.jpg\" class=\"attachment-landscape_952 size-landscape_952\" alt=\"\" srcset=\"https:\/\/medicina.udd.cl\/fonoaudiologia-santiago\/files\/2018\/06\/IMG_4505-copia.jpg 4272w, https:\/\/medicina.udd.cl\/fonoaudiologia-santiago\/files\/2018\/06\/IMG_4505-copia-300x200.jpg 300w, https:\/\/medicina.udd.cl\/fonoaudiologia-santiago\/files\/2018\/06\/IMG_4505-copia-768x512.jpg 768w, https:\/\/medicina.udd.cl\/fonoaudiologia-santiago\/files\/2018\/06\/IMG_4505-copia-1024x683.jpg 1024w, https:\/\/medicina.udd.cl\/fonoaudiologia-santiago\/files\/2018\/06\/IMG_4505-copia-960x640.jpg 960w\" sizes=\"auto, (max-width: 801px) 100vw, 801px\" \/><\/figure><figure class=\"carousel-item\"><img loading=\"lazy\" decoding=\"async\" width=\"801\" height=\"534\" src=\"https:\/\/medicina.udd.cl\/fonoaudiologia-santiago\/files\/2018\/06\/IMG_4507-copia.jpg\" class=\"attachment-landscape_952 size-landscape_952\" alt=\"\" srcset=\"https:\/\/medicina.udd.cl\/fonoaudiologia-santiago\/files\/2018\/06\/IMG_4507-copia.jpg 4272w, https:\/\/medicina.udd.cl\/fonoaudiologia-santiago\/files\/2018\/06\/IMG_4507-copia-300x200.jpg 300w, https:\/\/medicina.udd.cl\/fonoaudiologia-santiago\/files\/2018\/06\/IMG_4507-copia-768x512.jpg 768w, https:\/\/medicina.udd.cl\/fonoaudiologia-santiago\/files\/2018\/06\/IMG_4507-copia-1024x683.jpg 1024w, https:\/\/medicina.udd.cl\/fonoaudiologia-santiago\/files\/2018\/06\/IMG_4507-copia-960x640.jpg 960w\" sizes=\"auto, (max-width: 801px) 100vw, 801px\" \/><\/figure><figure class=\"carousel-item\"><img loading=\"lazy\" decoding=\"async\" width=\"356\" height=\"534\" src=\"https:\/\/medicina.udd.cl\/fonoaudiologia-santiago\/files\/2018\/06\/IMG_4519-copia-e1528402174277.jpg\" class=\"attachment-landscape_952 size-landscape_952\" alt=\"\" srcset=\"https:\/\/medicina.udd.cl\/fonoaudiologia-santiago\/files\/2018\/06\/IMG_4519-copia-e1528402174277.jpg 2848w, https:\/\/medicina.udd.cl\/fonoaudiologia-santiago\/files\/2018\/06\/IMG_4519-copia-e1528402174277-200x300.jpg 200w, https:\/\/medicina.udd.cl\/fonoaudiologia-santiago\/files\/2018\/06\/IMG_4519-copia-e1528402174277-768x1152.jpg 768w, https:\/\/medicina.udd.cl\/fonoaudiologia-santiago\/files\/2018\/06\/IMG_4519-copia-e1528402174277-683x1024.jpg 683w, https:\/\/medicina.udd.cl\/fonoaudiologia-santiago\/files\/2018\/06\/IMG_4519-copia-e1528402174277-640x960.jpg 640w\" sizes=\"auto, (max-width: 356px) 100vw, 356px\" \/><\/figure><figure class=\"carousel-item\"><img loading=\"lazy\" decoding=\"async\" width=\"801\" height=\"534\" src=\"https:\/\/medicina.udd.cl\/fonoaudiologia-santiago\/files\/2018\/06\/IMG_4521.jpg\" class=\"attachment-landscape_952 size-landscape_952\" alt=\"\" srcset=\"https:\/\/medicina.udd.cl\/fonoaudiologia-santiago\/files\/2018\/06\/IMG_4521.jpg 4272w, https:\/\/medicina.udd.cl\/fonoaudiologia-santiago\/files\/2018\/06\/IMG_4521-300x200.jpg 300w, https:\/\/medicina.udd.cl\/fonoaudiologia-santiago\/files\/2018\/06\/IMG_4521-768x512.jpg 768w, https:\/\/medicina.udd.cl\/fonoaudiologia-santiago\/files\/2018\/06\/IMG_4521-1024x683.jpg 1024w, https:\/\/medicina.udd.cl\/fonoaudiologia-santiago\/files\/2018\/06\/IMG_4521-960x640.jpg 960w\" sizes=\"auto, (max-width: 801px) 100vw, 801px\" \/><\/figure><\/div><footer class=\"carousel-footer\"><div class=\"carousel-counter\"><span class=\"carousel-counter-current\"><\/span> \/ <span class=\"carousel-counter-total\"><\/span><\/div><a class=\"carousel-control-prev\" href=\"#gallery-1\" role=\"button\" data-slide=\"prev\"><svg aria-hidden=\"true\" class=\"svg-chevron-left-dims\"><use xlink:href='https:\/\/medicina.udd.cl\/fonoaudiologia-santiago\/wp-content\/themes\/facultades-2018\/assets\/img\/svg\/dist\/main.svg?version=1695853099#chevron-left'><\/use><\/svg><span class=\"sr-only\">Anterior<\/span><\/a><a class=\"carousel-control-next\" href=\"#gallery-1\" role=\"button\" data-slide=\"next\"><svg aria-hidden=\"true\" class=\"svg-chevron-right-dims\"><use xlink:href='https:\/\/medicina.udd.cl\/fonoaudiologia-santiago\/wp-content\/themes\/facultades-2018\/assets\/img\/svg\/dist\/main.svg?version=1695853099#chevron-right'><\/use><\/svg><span class=\"sr-only\">Siguiente<\/span><\/a><\/footer><\/div>\n<p style=\"text-align: justify\">La carrera de fonoaudiolog\u00eda dio inicio a la III Versi\u00f3n del Diplomado en Motricidad Orofacial, este programa desde el a\u00f1o 2015 es la primera opci\u00f3n de postgrado en Chile para profundizar en las \u00e1reas de evaluaci\u00f3n y tratamiento de las estructuras y funciones orales y faciales.<\/p>\n<p style=\"text-align: justify\">Este 2018 se dio inicio a la primera versi\u00f3n semipresencial, modalidad que ha permitido la participaci\u00f3n de fonoaudi\u00f3logas de Santiago, diferentes regiones de Chile e incluso de otros pa\u00edses.\u00a0 Durante las dos primeras clases realizadas particip\u00f3 activamente la destacada fonoaudi\u00f3loga chilena Drina \u00c1lvarez y la reconocida fonoaudi\u00f3loga brasile\u00f1a Vanessa Ieto.<\/p>\n","protected":false},"excerpt":{"rendered":"<p>Las primeras jornadas contaron con la participaci\u00f3n de destacadas profesionales del rubro.<\/p>\n","protected":false},"author":9192192,"featured_media":4126,"comment_status":"open","ping_status":"open","sticky":false,"template":"","format":"standard","meta":{"footnotes":""},"categories":[4],"tags":[],"class_list":["post-4124","post","type-post","status-publish","format-standard","has-post-thumbnail","hentry","category-noticias"],"yoast_head":"<!-- This site is optimized with the Yoast SEO plugin v26.9 - https:\/\/yoast.com\/product\/yoast-seo-wordpress\/ -->\n<title>Inicia Diplomado en Motricidad Orofacial 2018 - Fonoaudiolog\u00eda<\/title>\n<meta name=\"robots\" content=\"index, follow, max-snippet:-1, max-image-preview:large, max-video-preview:-1\" \/>\n<link rel=\"canonical\" href=\"https:\/\/medicina.udd.cl\/fonoaudiologia-santiago\/noticias\/2018\/06\/07\/inicia-diplomado-en-motricidad-orofacial-2018\/\" \/>\n<meta property=\"og:locale\" content=\"es_ES\" \/>\n<meta property=\"og:type\" content=\"article\" \/>\n<meta property=\"og:title\" content=\"Inicia Diplomado en Motricidad Orofacial 2018 - Fonoaudiolog\u00eda\" \/>\n<meta property=\"og:description\" content=\"Las primeras jornadas contaron con la participaci\u00f3n de destacadas profesionales del rubro.\" \/>\n<meta property=\"og:url\" content=\"https:\/\/medicina.udd.cl\/fonoaudiologia-santiago\/noticias\/2018\/06\/07\/inicia-diplomado-en-motricidad-orofacial-2018\/\" \/>\n<meta property=\"og:site_name\" content=\"Fonoaudiolog\u00eda\" \/>\n<meta property=\"article:published_time\" content=\"2018-06-07T20:10:02+00:00\" \/>\n<meta property=\"article:modified_time\" content=\"2018-06-07T20:10:15+00:00\" \/>\n<meta property=\"og:image\" content=\"https:\/\/medicina.udd.cl\/fonoaudiologia-santiago\/files\/2018\/06\/IMG_4519-copia-e1528402174277.jpg\" \/>\n\t<meta property=\"og:image:width\" content=\"2848\" \/>\n\t<meta property=\"og:image:height\" content=\"4272\" \/>\n\t<meta property=\"og:image:type\" content=\"image\/jpeg\" \/>\n<meta name=\"author\" content=\"paulinamunoz\" \/>\n<meta name=\"twitter:label1\" content=\"Escrito por\" \/>\n\t<meta name=\"twitter:data1\" content=\"paulinamunoz\" \/>\n\t<meta name=\"twitter:label2\" content=\"Tiempo de lectura\" \/>\n\t<meta name=\"twitter:data2\" content=\"1 minuto\" \/>\n<script type=\"application\/ld+json\" class=\"yoast-schema-graph\">{\"@context\":\"https:\/\/schema.org\",\"@graph\":[{\"@type\":\"Article\",\"@id\":\"https:\/\/medicina.udd.cl\/fonoaudiologia-santiago\/noticias\/2018\/06\/07\/inicia-diplomado-en-motricidad-orofacial-2018\/#article\",\"isPartOf\":{\"@id\":\"https:\/\/medicina.udd.cl\/fonoaudiologia-santiago\/noticias\/2018\/06\/07\/inicia-diplomado-en-motricidad-orofacial-2018\/\"},\"author\":{\"name\":\"paulinamunoz\",\"@id\":\"https:\/\/medicina.udd.cl\/fonoaudiologia-santiago\/#\/schema\/person\/8bbd66125b574a40ec467c180c11f2e3\"},\"headline\":\"Inicia Diplomado en Motricidad Orofacial 2018\",\"datePublished\":\"2018-06-07T20:10:02+00:00\",\"dateModified\":\"2018-06-07T20:10:15+00:00\",\"mainEntityOfPage\":{\"@id\":\"https:\/\/medicina.udd.cl\/fonoaudiologia-santiago\/noticias\/2018\/06\/07\/inicia-diplomado-en-motricidad-orofacial-2018\/\"},\"wordCount\":113,\"commentCount\":0,\"image\":{\"@id\":\"https:\/\/medicina.udd.cl\/fonoaudiologia-santiago\/noticias\/2018\/06\/07\/inicia-diplomado-en-motricidad-orofacial-2018\/#primaryimage\"},\"thumbnailUrl\":\"https:\/\/medicina.udd.cl\/fonoaudiologia-santiago\/files\/2018\/06\/IMG_4519-copia-e1528402174277.jpg\",\"articleSection\":[\"Noticias\"],\"inLanguage\":\"es\",\"potentialAction\":[{\"@type\":\"CommentAction\",\"name\":\"Comment\",\"target\":[\"https:\/\/medicina.udd.cl\/fonoaudiologia-santiago\/noticias\/2018\/06\/07\/inicia-diplomado-en-motricidad-orofacial-2018\/#respond\"]}]},{\"@type\":\"WebPage\",\"@id\":\"https:\/\/medicina.udd.cl\/fonoaudiologia-santiago\/noticias\/2018\/06\/07\/inicia-diplomado-en-motricidad-orofacial-2018\/\",\"url\":\"https:\/\/medicina.udd.cl\/fonoaudiologia-santiago\/noticias\/2018\/06\/07\/inicia-diplomado-en-motricidad-orofacial-2018\/\",\"name\":\"Inicia Diplomado en Motricidad Orofacial 2018 - Fonoaudiolog\u00eda\",\"isPartOf\":{\"@id\":\"https:\/\/medicina.udd.cl\/fonoaudiologia-santiago\/#website\"},\"primaryImageOfPage\":{\"@id\":\"https:\/\/medicina.udd.cl\/fonoaudiologia-santiago\/noticias\/2018\/06\/07\/inicia-diplomado-en-motricidad-orofacial-2018\/#primaryimage\"},\"image\":{\"@id\":\"https:\/\/medicina.udd.cl\/fonoaudiologia-santiago\/noticias\/2018\/06\/07\/inicia-diplomado-en-motricidad-orofacial-2018\/#primaryimage\"},\"thumbnailUrl\":\"https:\/\/medicina.udd.cl\/fonoaudiologia-santiago\/files\/2018\/06\/IMG_4519-copia-e1528402174277.jpg\",\"datePublished\":\"2018-06-07T20:10:02+00:00\",\"dateModified\":\"2018-06-07T20:10:15+00:00\",\"author\":{\"@id\":\"https:\/\/medicina.udd.cl\/fonoaudiologia-santiago\/#\/schema\/person\/8bbd66125b574a40ec467c180c11f2e3\"},\"breadcrumb\":{\"@id\":\"https:\/\/medicina.udd.cl\/fonoaudiologia-santiago\/noticias\/2018\/06\/07\/inicia-diplomado-en-motricidad-orofacial-2018\/#breadcrumb\"},\"inLanguage\":\"es\",\"potentialAction\":[{\"@type\":\"ReadAction\",\"target\":[\"https:\/\/medicina.udd.cl\/fonoaudiologia-santiago\/noticias\/2018\/06\/07\/inicia-diplomado-en-motricidad-orofacial-2018\/\"]}]},{\"@type\":\"ImageObject\",\"inLanguage\":\"es\",\"@id\":\"https:\/\/medicina.udd.cl\/fonoaudiologia-santiago\/noticias\/2018\/06\/07\/inicia-diplomado-en-motricidad-orofacial-2018\/#primaryimage\",\"url\":\"https:\/\/medicina.udd.cl\/fonoaudiologia-santiago\/files\/2018\/06\/IMG_4519-copia-e1528402174277.jpg\",\"contentUrl\":\"https:\/\/medicina.udd.cl\/fonoaudiologia-santiago\/files\/2018\/06\/IMG_4519-copia-e1528402174277.jpg\",\"width\":2848,\"height\":4272},{\"@type\":\"BreadcrumbList\",\"@id\":\"https:\/\/medicina.udd.cl\/fonoaudiologia-santiago\/noticias\/2018\/06\/07\/inicia-diplomado-en-motricidad-orofacial-2018\/#breadcrumb\",\"itemListElement\":[{\"@type\":\"ListItem\",\"position\":1,\"name\":\"Home\",\"item\":\"https:\/\/medicina.udd.cl\/fonoaudiologia-santiago\/\"},{\"@type\":\"ListItem\",\"position\":2,\"name\":\"Inicia Diplomado en Motricidad Orofacial 2018\"}]},{\"@type\":\"WebSite\",\"@id\":\"https:\/\/medicina.udd.cl\/fonoaudiologia-santiago\/#website\",\"url\":\"https:\/\/medicina.udd.cl\/fonoaudiologia-santiago\/\",\"name\":\"Fonoaudiolog\u00eda\",\"description\":\"Facultad de Medicina Cl\u00ednica Alemana Universidad del Desarrollo\",\"inLanguage\":\"es\"},{\"@type\":\"Person\",\"@id\":\"https:\/\/medicina.udd.cl\/fonoaudiologia-santiago\/#\/schema\/person\/8bbd66125b574a40ec467c180c11f2e3\",\"name\":\"paulinamunoz\",\"image\":{\"@type\":\"ImageObject\",\"inLanguage\":\"es\",\"@id\":\"https:\/\/medicina.udd.cl\/fonoaudiologia-santiago\/#\/schema\/person\/image\/\",\"url\":\"https:\/\/secure.gravatar.com\/avatar\/748ce8fb74e8f8077c4966697a3b3710ca0019e71a62146890c0dcdc705e7f3d?s=96&d=mm&r=g\",\"contentUrl\":\"https:\/\/secure.gravatar.com\/avatar\/748ce8fb74e8f8077c4966697a3b3710ca0019e71a62146890c0dcdc705e7f3d?s=96&d=mm&r=g\",\"caption\":\"paulinamunoz\"},\"url\":\"https:\/\/medicina.udd.cl\/fonoaudiologia-santiago\/noticias\/author\/paulinamunoz\/\"}]}<\/script>\n<!-- \/ Yoast SEO plugin. -->","yoast_head_json":{"title":"Inicia Diplomado en Motricidad Orofacial 2018 - Fonoaudiolog\u00eda","robots":{"index":"index","follow":"follow","max-snippet":"max-snippet:-1","max-image-preview":"max-image-preview:large","max-video-preview":"max-video-preview:-1"},"canonical":"https:\/\/medicina.udd.cl\/fonoaudiologia-santiago\/noticias\/2018\/06\/07\/inicia-diplomado-en-motricidad-orofacial-2018\/","og_locale":"es_ES","og_type":"article","og_title":"Inicia Diplomado en Motricidad Orofacial 2018 - Fonoaudiolog\u00eda","og_description":"Las primeras jornadas contaron con la participaci\u00f3n de destacadas profesionales del rubro.","og_url":"https:\/\/medicina.udd.cl\/fonoaudiologia-santiago\/noticias\/2018\/06\/07\/inicia-diplomado-en-motricidad-orofacial-2018\/","og_site_name":"Fonoaudiolog\u00eda","article_published_time":"2018-06-07T20:10:02+00:00","article_modified_time":"2018-06-07T20:10:15+00:00","og_image":[{"width":2848,"height":4272,"url":"https:\/\/medicina.udd.cl\/fonoaudiologia-santiago\/files\/2018\/06\/IMG_4519-copia-e1528402174277.jpg","type":"image\/jpeg"}],"author":"paulinamunoz","twitter_misc":{"Escrito por":"paulinamunoz","Tiempo de lectura":"1 minuto"},"schema":{"@context":"https:\/\/schema.org","@graph":[{"@type":"Article","@id":"https:\/\/medicina.udd.cl\/fonoaudiologia-santiago\/noticias\/2018\/06\/07\/inicia-diplomado-en-motricidad-orofacial-2018\/#article","isPartOf":{"@id":"https:\/\/medicina.udd.cl\/fonoaudiologia-santiago\/noticias\/2018\/06\/07\/inicia-diplomado-en-motricidad-orofacial-2018\/"},"author":{"name":"paulinamunoz","@id":"https:\/\/medicina.udd.cl\/fonoaudiologia-santiago\/#\/schema\/person\/8bbd66125b574a40ec467c180c11f2e3"},"headline":"Inicia Diplomado en Motricidad Orofacial 2018","datePublished":"2018-06-07T20:10:02+00:00","dateModified":"2018-06-07T20:10:15+00:00","mainEntityOfPage":{"@id":"https:\/\/medicina.udd.cl\/fonoaudiologia-santiago\/noticias\/2018\/06\/07\/inicia-diplomado-en-motricidad-orofacial-2018\/"},"wordCount":113,"commentCount":0,"image":{"@id":"https:\/\/medicina.udd.cl\/fonoaudiologia-santiago\/noticias\/2018\/06\/07\/inicia-diplomado-en-motricidad-orofacial-2018\/#primaryimage"},"thumbnailUrl":"https:\/\/medicina.udd.cl\/fonoaudiologia-santiago\/files\/2018\/06\/IMG_4519-copia-e1528402174277.jpg","articleSection":["Noticias"],"inLanguage":"es","potentialAction":[{"@type":"CommentAction","name":"Comment","target":["https:\/\/medicina.udd.cl\/fonoaudiologia-santiago\/noticias\/2018\/06\/07\/inicia-diplomado-en-motricidad-orofacial-2018\/#respond"]}]},{"@type":"WebPage","@id":"https:\/\/medicina.udd.cl\/fonoaudiologia-santiago\/noticias\/2018\/06\/07\/inicia-diplomado-en-motricidad-orofacial-2018\/","url":"https:\/\/medicina.udd.cl\/fonoaudiologia-santiago\/noticias\/2018\/06\/07\/inicia-diplomado-en-motricidad-orofacial-2018\/","name":"Inicia Diplomado en Motricidad Orofacial 2018 - Fonoaudiolog\u00eda","isPartOf":{"@id":"https:\/\/medicina.udd.cl\/fonoaudiologia-santiago\/#website"},"primaryImageOfPage":{"@id":"https:\/\/medicina.udd.cl\/fonoaudiologia-santiago\/noticias\/2018\/06\/07\/inicia-diplomado-en-motricidad-orofacial-2018\/#primaryimage"},"image":{"@id":"https:\/\/medicina.udd.cl\/fonoaudiologia-santiago\/noticias\/2018\/06\/07\/inicia-diplomado-en-motricidad-orofacial-2018\/#primaryimage"},"thumbnailUrl":"https:\/\/medicina.udd.cl\/fonoaudiologia-santiago\/files\/2018\/06\/IMG_4519-copia-e1528402174277.jpg","datePublished":"2018-06-07T20:10:02+00:00","dateModified":"2018-06-07T20:10:15+00:00","author":{"@id":"https:\/\/medicina.udd.cl\/fonoaudiologia-santiago\/#\/schema\/person\/8bbd66125b574a40ec467c180c11f2e3"},"breadcrumb":{"@id":"https:\/\/medicina.udd.cl\/fonoaudiologia-santiago\/noticias\/2018\/06\/07\/inicia-diplomado-en-motricidad-orofacial-2018\/#breadcrumb"},"inLanguage":"es","potentialAction":[{"@type":"ReadAction","target":["https:\/\/medicina.udd.cl\/fonoaudiologia-santiago\/noticias\/2018\/06\/07\/inicia-diplomado-en-motricidad-orofacial-2018\/"]}]},{"@type":"ImageObject","inLanguage":"es","@id":"https:\/\/medicina.udd.cl\/fonoaudiologia-santiago\/noticias\/2018\/06\/07\/inicia-diplomado-en-motricidad-orofacial-2018\/#primaryimage","url":"https:\/\/medicina.udd.cl\/fonoaudiologia-santiago\/files\/2018\/06\/IMG_4519-copia-e1528402174277.jpg","contentUrl":"https:\/\/medicina.udd.cl\/fonoaudiologia-santiago\/files\/2018\/06\/IMG_4519-copia-e1528402174277.jpg","width":2848,"height":4272},{"@type":"BreadcrumbList","@id":"https:\/\/medicina.udd.cl\/fonoaudiologia-santiago\/noticias\/2018\/06\/07\/inicia-diplomado-en-motricidad-orofacial-2018\/#breadcrumb","itemListElement":[{"@type":"ListItem","position":1,"name":"Home","item":"https:\/\/medicina.udd.cl\/fonoaudiologia-santiago\/"},{"@type":"ListItem","position":2,"name":"Inicia Diplomado en Motricidad Orofacial 2018"}]},{"@type":"WebSite","@id":"https:\/\/medicina.udd.cl\/fonoaudiologia-santiago\/#website","url":"https:\/\/medicina.udd.cl\/fonoaudiologia-santiago\/","name":"Fonoaudiolog\u00eda","description":"Facultad de Medicina Cl\u00ednica Alemana Universidad del Desarrollo","inLanguage":"es"},{"@type":"Person","@id":"https:\/\/medicina.udd.cl\/fonoaudiologia-santiago\/#\/schema\/person\/8bbd66125b574a40ec467c180c11f2e3","name":"paulinamunoz","image":{"@type":"ImageObject","inLanguage":"es","@id":"https:\/\/medicina.udd.cl\/fonoaudiologia-santiago\/#\/schema\/person\/image\/","url":"https:\/\/secure.gravatar.com\/avatar\/748ce8fb74e8f8077c4966697a3b3710ca0019e71a62146890c0dcdc705e7f3d?s=96&d=mm&r=g","contentUrl":"https:\/\/secure.gravatar.com\/avatar\/748ce8fb74e8f8077c4966697a3b3710ca0019e71a62146890c0dcdc705e7f3d?s=96&d=mm&r=g","caption":"paulinamunoz"},"url":"https:\/\/medicina.udd.cl\/fonoaudiologia-santiago\/noticias\/author\/paulinamunoz\/"}]}},"featured_image_url":"https:\/\/medicina.udd.cl\/fonoaudiologia-santiago\/files\/2018\/06\/IMG_4519-copia-e1528402174277.jpg","_links":{"self":[{"href":"https:\/\/medicina.udd.cl\/fonoaudiologia-santiago\/wp-json\/wp\/v2\/posts\/4124","targetHints":{"allow":["GET"]}}],"collection":[{"href":"https:\/\/medicina.udd.cl\/fonoaudiologia-santiago\/wp-json\/wp\/v2\/posts"}],"about":[{"href":"https:\/\/medicina.udd.cl\/fonoaudiologia-santiago\/wp-json\/wp\/v2\/types\/post"}],"author":[{"embeddable":true,"href":"https:\/\/medicina.udd.cl\/fonoaudiologia-santiago\/wp-json\/wp\/v2\/users\/9192192"}],"replies":[{"embeddable":true,"href":"https:\/\/medicina.udd.cl\/fonoaudiologia-santiago\/wp-json\/wp\/v2\/comments?post=4124"}],"version-history":[{"count":1,"href":"https:\/\/medicina.udd.cl\/fonoaudiologia-santiago\/wp-json\/wp\/v2\/posts\/4124\/revisions"}],"predecessor-version":[{"id":4130,"href":"https:\/\/medicina.udd.cl\/fonoaudiologia-santiago\/wp-json\/wp\/v2\/posts\/4124\/revisions\/4130"}],"wp:featuredmedia":[{"embeddable":true,"href":"https:\/\/medicina.udd.cl\/fonoaudiologia-santiago\/wp-json\/wp\/v2\/media\/4126"}],"wp:attachment":[{"href":"https:\/\/medicina.udd.cl\/fonoaudiologia-santiago\/wp-json\/wp\/v2\/media?parent=4124"}],"wp:term":[{"taxonomy":"category","embeddable":true,"href":"https:\/\/medicina.udd.cl\/fonoaudiologia-santiago\/wp-json\/wp\/v2\/categories?post=4124"},{"taxonomy":"post_tag","embeddable":true,"href":"https:\/\/medicina.udd.cl\/fonoaudiologia-santiago\/wp-json\/wp\/v2\/tags?post=4124"}],"curies":[{"name":"wp","href":"https:\/\/api.w.org\/{rel}","templated":true}]}}