{"id":4148,"date":"2018-07-20T15:37:01","date_gmt":"2018-07-20T19:37:01","guid":{"rendered":"http:\/\/medicina.udd.cl\/fonoaudiologia-santiago\/?p=4148"},"modified":"2018-07-23T12:18:08","modified_gmt":"2018-07-23T16:18:08","slug":"dra-claudia-ferreira-realiza-clase-para-diplomado-en-motricidad-orofacial","status":"publish","type":"post","link":"https:\/\/medicina.udd.cl\/fonoaudiologia-santiago\/noticias\/2018\/07\/20\/dra-claudia-ferreira-realiza-clase-para-diplomado-en-motricidad-orofacial\/","title":{"rendered":"Dra. Claudia Ferreira realiza clase para Diplomado en Motricidad Orofacial"},"content":{"rendered":"<div id=\"gallery-1\" class=\"carousel slide carousel-gallery\" data-ride=\"false\" data-interval=\"false\"><div class=\"carousel-inner\" role=\"listbox\"><figure class=\"carousel-item active\"><img loading=\"lazy\" decoding=\"async\" width=\"801\" height=\"534\" src=\"https:\/\/medicina.udd.cl\/fonoaudiologia-santiago\/files\/2018\/07\/IMG_4714.jpg\" class=\"attachment-landscape_952 size-landscape_952\" alt=\"\" srcset=\"https:\/\/medicina.udd.cl\/fonoaudiologia-santiago\/files\/2018\/07\/IMG_4714.jpg 4272w, https:\/\/medicina.udd.cl\/fonoaudiologia-santiago\/files\/2018\/07\/IMG_4714-300x200.jpg 300w, https:\/\/medicina.udd.cl\/fonoaudiologia-santiago\/files\/2018\/07\/IMG_4714-768x512.jpg 768w, https:\/\/medicina.udd.cl\/fonoaudiologia-santiago\/files\/2018\/07\/IMG_4714-1024x683.jpg 1024w, https:\/\/medicina.udd.cl\/fonoaudiologia-santiago\/files\/2018\/07\/IMG_4714-960x640.jpg 960w\" sizes=\"auto, (max-width: 801px) 100vw, 801px\" \/><\/figure><figure class=\"carousel-item\"><img loading=\"lazy\" decoding=\"async\" width=\"801\" height=\"534\" src=\"https:\/\/medicina.udd.cl\/fonoaudiologia-santiago\/files\/2018\/07\/IMG_4709.jpg\" class=\"attachment-landscape_952 size-landscape_952\" alt=\"\" srcset=\"https:\/\/medicina.udd.cl\/fonoaudiologia-santiago\/files\/2018\/07\/IMG_4709.jpg 4272w, https:\/\/medicina.udd.cl\/fonoaudiologia-santiago\/files\/2018\/07\/IMG_4709-300x200.jpg 300w, https:\/\/medicina.udd.cl\/fonoaudiologia-santiago\/files\/2018\/07\/IMG_4709-768x512.jpg 768w, https:\/\/medicina.udd.cl\/fonoaudiologia-santiago\/files\/2018\/07\/IMG_4709-1024x683.jpg 1024w, https:\/\/medicina.udd.cl\/fonoaudiologia-santiago\/files\/2018\/07\/IMG_4709-960x640.jpg 960w\" sizes=\"auto, (max-width: 801px) 100vw, 801px\" \/><\/figure><figure class=\"carousel-item\"><img loading=\"lazy\" decoding=\"async\" width=\"801\" height=\"534\" src=\"https:\/\/medicina.udd.cl\/fonoaudiologia-santiago\/files\/2018\/07\/IMG_4700.jpg\" class=\"attachment-landscape_952 size-landscape_952\" alt=\"\" srcset=\"https:\/\/medicina.udd.cl\/fonoaudiologia-santiago\/files\/2018\/07\/IMG_4700.jpg 4272w, https:\/\/medicina.udd.cl\/fonoaudiologia-santiago\/files\/2018\/07\/IMG_4700-300x200.jpg 300w, https:\/\/medicina.udd.cl\/fonoaudiologia-santiago\/files\/2018\/07\/IMG_4700-768x512.jpg 768w, https:\/\/medicina.udd.cl\/fonoaudiologia-santiago\/files\/2018\/07\/IMG_4700-1024x683.jpg 1024w, https:\/\/medicina.udd.cl\/fonoaudiologia-santiago\/files\/2018\/07\/IMG_4700-960x640.jpg 960w\" sizes=\"auto, (max-width: 801px) 100vw, 801px\" \/><\/figure><figure class=\"carousel-item\"><img loading=\"lazy\" decoding=\"async\" width=\"801\" height=\"534\" src=\"https:\/\/medicina.udd.cl\/fonoaudiologia-santiago\/files\/2018\/07\/IMG_4699.jpg\" class=\"attachment-landscape_952 size-landscape_952\" alt=\"\" srcset=\"https:\/\/medicina.udd.cl\/fonoaudiologia-santiago\/files\/2018\/07\/IMG_4699.jpg 4272w, https:\/\/medicina.udd.cl\/fonoaudiologia-santiago\/files\/2018\/07\/IMG_4699-300x200.jpg 300w, https:\/\/medicina.udd.cl\/fonoaudiologia-santiago\/files\/2018\/07\/IMG_4699-768x512.jpg 768w, https:\/\/medicina.udd.cl\/fonoaudiologia-santiago\/files\/2018\/07\/IMG_4699-1024x683.jpg 1024w, https:\/\/medicina.udd.cl\/fonoaudiologia-santiago\/files\/2018\/07\/IMG_4699-960x640.jpg 960w\" sizes=\"auto, (max-width: 801px) 100vw, 801px\" \/><\/figure><figure class=\"carousel-item\"><img loading=\"lazy\" decoding=\"async\" width=\"801\" height=\"534\" src=\"https:\/\/medicina.udd.cl\/fonoaudiologia-santiago\/files\/2018\/07\/IMG_4698.jpg\" class=\"attachment-landscape_952 size-landscape_952\" alt=\"\" srcset=\"https:\/\/medicina.udd.cl\/fonoaudiologia-santiago\/files\/2018\/07\/IMG_4698.jpg 4272w, https:\/\/medicina.udd.cl\/fonoaudiologia-santiago\/files\/2018\/07\/IMG_4698-300x200.jpg 300w, https:\/\/medicina.udd.cl\/fonoaudiologia-santiago\/files\/2018\/07\/IMG_4698-768x512.jpg 768w, https:\/\/medicina.udd.cl\/fonoaudiologia-santiago\/files\/2018\/07\/IMG_4698-1024x683.jpg 1024w, https:\/\/medicina.udd.cl\/fonoaudiologia-santiago\/files\/2018\/07\/IMG_4698-960x640.jpg 960w\" sizes=\"auto, (max-width: 801px) 100vw, 801px\" \/><\/figure><figure class=\"carousel-item\"><img loading=\"lazy\" decoding=\"async\" width=\"801\" height=\"534\" src=\"https:\/\/medicina.udd.cl\/fonoaudiologia-santiago\/files\/2018\/07\/IMG_4697.jpg\" class=\"attachment-landscape_952 size-landscape_952\" alt=\"\" srcset=\"https:\/\/medicina.udd.cl\/fonoaudiologia-santiago\/files\/2018\/07\/IMG_4697.jpg 4272w, https:\/\/medicina.udd.cl\/fonoaudiologia-santiago\/files\/2018\/07\/IMG_4697-300x200.jpg 300w, https:\/\/medicina.udd.cl\/fonoaudiologia-santiago\/files\/2018\/07\/IMG_4697-768x512.jpg 768w, https:\/\/medicina.udd.cl\/fonoaudiologia-santiago\/files\/2018\/07\/IMG_4697-1024x683.jpg 1024w, https:\/\/medicina.udd.cl\/fonoaudiologia-santiago\/files\/2018\/07\/IMG_4697-960x640.jpg 960w\" sizes=\"auto, (max-width: 801px) 100vw, 801px\" \/><\/figure><figure class=\"carousel-item\"><img loading=\"lazy\" decoding=\"async\" width=\"801\" height=\"534\" src=\"https:\/\/medicina.udd.cl\/fonoaudiologia-santiago\/files\/2018\/07\/IMG_4696.jpg\" class=\"attachment-landscape_952 size-landscape_952\" alt=\"\" srcset=\"https:\/\/medicina.udd.cl\/fonoaudiologia-santiago\/files\/2018\/07\/IMG_4696.jpg 4272w, https:\/\/medicina.udd.cl\/fonoaudiologia-santiago\/files\/2018\/07\/IMG_4696-300x200.jpg 300w, https:\/\/medicina.udd.cl\/fonoaudiologia-santiago\/files\/2018\/07\/IMG_4696-768x512.jpg 768w, https:\/\/medicina.udd.cl\/fonoaudiologia-santiago\/files\/2018\/07\/IMG_4696-1024x683.jpg 1024w, https:\/\/medicina.udd.cl\/fonoaudiologia-santiago\/files\/2018\/07\/IMG_4696-960x640.jpg 960w\" sizes=\"auto, (max-width: 801px) 100vw, 801px\" \/><\/figure><figure class=\"carousel-item\"><img loading=\"lazy\" decoding=\"async\" width=\"801\" height=\"534\" src=\"https:\/\/medicina.udd.cl\/fonoaudiologia-santiago\/files\/2018\/07\/IMG_4695.jpg\" class=\"attachment-landscape_952 size-landscape_952\" alt=\"\" srcset=\"https:\/\/medicina.udd.cl\/fonoaudiologia-santiago\/files\/2018\/07\/IMG_4695.jpg 4272w, https:\/\/medicina.udd.cl\/fonoaudiologia-santiago\/files\/2018\/07\/IMG_4695-300x200.jpg 300w, https:\/\/medicina.udd.cl\/fonoaudiologia-santiago\/files\/2018\/07\/IMG_4695-768x512.jpg 768w, https:\/\/medicina.udd.cl\/fonoaudiologia-santiago\/files\/2018\/07\/IMG_4695-1024x683.jpg 1024w, https:\/\/medicina.udd.cl\/fonoaudiologia-santiago\/files\/2018\/07\/IMG_4695-960x640.jpg 960w\" sizes=\"auto, (max-width: 801px) 100vw, 801px\" \/><\/figure><figure class=\"carousel-item\"><img loading=\"lazy\" decoding=\"async\" width=\"801\" height=\"534\" src=\"https:\/\/medicina.udd.cl\/fonoaudiologia-santiago\/files\/2018\/07\/IMG_4693.jpg\" class=\"attachment-landscape_952 size-landscape_952\" alt=\"\" srcset=\"https:\/\/medicina.udd.cl\/fonoaudiologia-santiago\/files\/2018\/07\/IMG_4693.jpg 4272w, https:\/\/medicina.udd.cl\/fonoaudiologia-santiago\/files\/2018\/07\/IMG_4693-300x200.jpg 300w, https:\/\/medicina.udd.cl\/fonoaudiologia-santiago\/files\/2018\/07\/IMG_4693-768x512.jpg 768w, https:\/\/medicina.udd.cl\/fonoaudiologia-santiago\/files\/2018\/07\/IMG_4693-1024x683.jpg 1024w, https:\/\/medicina.udd.cl\/fonoaudiologia-santiago\/files\/2018\/07\/IMG_4693-960x640.jpg 960w\" sizes=\"auto, (max-width: 801px) 100vw, 801px\" \/><\/figure><\/div><footer class=\"carousel-footer\"><div class=\"carousel-counter\"><span class=\"carousel-counter-current\"><\/span> \/ <span class=\"carousel-counter-total\"><\/span><\/div><a class=\"carousel-control-prev\" href=\"#gallery-1\" role=\"button\" data-slide=\"prev\"><svg aria-hidden=\"true\" class=\"svg-chevron-left-dims\"><use xlink:href='https:\/\/medicina.udd.cl\/fonoaudiologia-santiago\/wp-content\/themes\/facultades-2018\/assets\/img\/svg\/dist\/main.svg?version=1695853099#chevron-left'><\/use><\/svg><span class=\"sr-only\">Anterior<\/span><\/a><a class=\"carousel-control-next\" href=\"#gallery-1\" role=\"button\" data-slide=\"next\"><svg aria-hidden=\"true\" class=\"svg-chevron-right-dims\"><use xlink:href='https:\/\/medicina.udd.cl\/fonoaudiologia-santiago\/wp-content\/themes\/facultades-2018\/assets\/img\/svg\/dist\/main.svg?version=1695853099#chevron-right'><\/use><\/svg><span class=\"sr-only\">Siguiente<\/span><\/a><\/footer><\/div>\n<p>En una visita a nuestras aulas la fonoaudi\u00f3loga brasile\u00f1a Dra. Claudia Ferreira realiz\u00f3 clase para el Diplomado en Motricidad Orofacial sobre \u201cRelaci\u00f3n entre musculatura oral y ejercitaci\u00f3n miofuncional\u201d.\u00a0 En esta instancia la expositora relacion\u00f3 cada uno de los m\u00fasculos de la regi\u00f3n orofacial con el ejercicio correspondiente.<\/p>\n<p>El diplomado en Motricidad Orofacial de la carrera de Fonoaudiolog\u00eda se presenta como una oportunidad de aprendizaje que busca profundizar los contenidos relacionados con el abordaje de pacientes con alteraciones en el Sistema Estomatogn\u00e1tico y zonas afines.<\/p>\n<p>Uno de los aspectos innovadores de este programa es la incorporaci\u00f3n de metodolog\u00edas te\u00f3ricas y pr\u00e1cticas aplicando los aprendizajes con pacientes reales en clases. Adem\u00e1s, se incorporan contenidos de vanguardia relacionados con malformaciones craneofaciales, apnea del sue\u00f1o y est\u00e9tica facial dirigidos por connotados expositores nacionales e internacionales.<\/p>\n","protected":false},"excerpt":{"rendered":"<p>La clase entreg\u00f3 informaci\u00f3n detallada para complementar la formaci\u00f3n de pregrado con un toque extra de conocimientos de vanguardia.  <\/p>\n","protected":false},"author":9192192,"featured_media":4149,"comment_status":"open","ping_status":"open","sticky":false,"template":"","format":"standard","meta":{"footnotes":""},"categories":[4],"tags":[],"class_list":["post-4148","post","type-post","status-publish","format-standard","has-post-thumbnail","hentry","category-noticias"],"yoast_head":"<!-- This site is optimized with the Yoast SEO plugin v26.9 - https:\/\/yoast.com\/product\/yoast-seo-wordpress\/ -->\n<title>Dra. Claudia Ferreira realiza clase para Diplomado en Motricidad Orofacial - Fonoaudiolog\u00eda<\/title>\n<meta name=\"robots\" content=\"index, follow, max-snippet:-1, max-image-preview:large, max-video-preview:-1\" \/>\n<link rel=\"canonical\" href=\"https:\/\/medicina.udd.cl\/fonoaudiologia-santiago\/noticias\/2018\/07\/20\/dra-claudia-ferreira-realiza-clase-para-diplomado-en-motricidad-orofacial\/\" \/>\n<meta property=\"og:locale\" content=\"es_ES\" \/>\n<meta property=\"og:type\" content=\"article\" \/>\n<meta property=\"og:title\" content=\"Dra. Claudia Ferreira realiza clase para Diplomado en Motricidad Orofacial - Fonoaudiolog\u00eda\" \/>\n<meta property=\"og:description\" content=\"La clase entreg\u00f3 informaci\u00f3n detallada para complementar la formaci\u00f3n de pregrado con un toque extra de conocimientos de vanguardia.\" \/>\n<meta property=\"og:url\" content=\"https:\/\/medicina.udd.cl\/fonoaudiologia-santiago\/noticias\/2018\/07\/20\/dra-claudia-ferreira-realiza-clase-para-diplomado-en-motricidad-orofacial\/\" \/>\n<meta property=\"og:site_name\" content=\"Fonoaudiolog\u00eda\" \/>\n<meta property=\"article:published_time\" content=\"2018-07-20T19:37:01+00:00\" \/>\n<meta property=\"article:modified_time\" content=\"2018-07-23T16:18:08+00:00\" \/>\n<meta property=\"og:image\" content=\"https:\/\/medicina.udd.cl\/fonoaudiologia-santiago\/files\/2018\/07\/IMG_4714-1024x683.jpg\" \/>\n\t<meta property=\"og:image:width\" content=\"1024\" \/>\n\t<meta property=\"og:image:height\" content=\"683\" \/>\n\t<meta property=\"og:image:type\" content=\"image\/jpeg\" \/>\n<meta name=\"author\" content=\"paulinamunoz\" \/>\n<meta name=\"twitter:label1\" content=\"Escrito por\" \/>\n\t<meta name=\"twitter:data1\" content=\"paulinamunoz\" \/>\n\t<meta name=\"twitter:label2\" content=\"Tiempo de lectura\" \/>\n\t<meta name=\"twitter:data2\" content=\"1 minuto\" \/>\n<script type=\"application\/ld+json\" class=\"yoast-schema-graph\">{\"@context\":\"https:\/\/schema.org\",\"@graph\":[{\"@type\":\"Article\",\"@id\":\"https:\/\/medicina.udd.cl\/fonoaudiologia-santiago\/noticias\/2018\/07\/20\/dra-claudia-ferreira-realiza-clase-para-diplomado-en-motricidad-orofacial\/#article\",\"isPartOf\":{\"@id\":\"https:\/\/medicina.udd.cl\/fonoaudiologia-santiago\/noticias\/2018\/07\/20\/dra-claudia-ferreira-realiza-clase-para-diplomado-en-motricidad-orofacial\/\"},\"author\":{\"name\":\"paulinamunoz\",\"@id\":\"https:\/\/medicina.udd.cl\/fonoaudiologia-santiago\/#\/schema\/person\/8bbd66125b574a40ec467c180c11f2e3\"},\"headline\":\"Dra. Claudia Ferreira realiza clase para Diplomado en Motricidad Orofacial\",\"datePublished\":\"2018-07-20T19:37:01+00:00\",\"dateModified\":\"2018-07-23T16:18:08+00:00\",\"mainEntityOfPage\":{\"@id\":\"https:\/\/medicina.udd.cl\/fonoaudiologia-santiago\/noticias\/2018\/07\/20\/dra-claudia-ferreira-realiza-clase-para-diplomado-en-motricidad-orofacial\/\"},\"wordCount\":158,\"commentCount\":0,\"image\":{\"@id\":\"https:\/\/medicina.udd.cl\/fonoaudiologia-santiago\/noticias\/2018\/07\/20\/dra-claudia-ferreira-realiza-clase-para-diplomado-en-motricidad-orofacial\/#primaryimage\"},\"thumbnailUrl\":\"https:\/\/medicina.udd.cl\/fonoaudiologia-santiago\/files\/2018\/07\/IMG_4714.jpg\",\"articleSection\":[\"Noticias\"],\"inLanguage\":\"es\",\"potentialAction\":[{\"@type\":\"CommentAction\",\"name\":\"Comment\",\"target\":[\"https:\/\/medicina.udd.cl\/fonoaudiologia-santiago\/noticias\/2018\/07\/20\/dra-claudia-ferreira-realiza-clase-para-diplomado-en-motricidad-orofacial\/#respond\"]}]},{\"@type\":\"WebPage\",\"@id\":\"https:\/\/medicina.udd.cl\/fonoaudiologia-santiago\/noticias\/2018\/07\/20\/dra-claudia-ferreira-realiza-clase-para-diplomado-en-motricidad-orofacial\/\",\"url\":\"https:\/\/medicina.udd.cl\/fonoaudiologia-santiago\/noticias\/2018\/07\/20\/dra-claudia-ferreira-realiza-clase-para-diplomado-en-motricidad-orofacial\/\",\"name\":\"Dra. Claudia Ferreira realiza clase para Diplomado en Motricidad Orofacial - Fonoaudiolog\u00eda\",\"isPartOf\":{\"@id\":\"https:\/\/medicina.udd.cl\/fonoaudiologia-santiago\/#website\"},\"primaryImageOfPage\":{\"@id\":\"https:\/\/medicina.udd.cl\/fonoaudiologia-santiago\/noticias\/2018\/07\/20\/dra-claudia-ferreira-realiza-clase-para-diplomado-en-motricidad-orofacial\/#primaryimage\"},\"image\":{\"@id\":\"https:\/\/medicina.udd.cl\/fonoaudiologia-santiago\/noticias\/2018\/07\/20\/dra-claudia-ferreira-realiza-clase-para-diplomado-en-motricidad-orofacial\/#primaryimage\"},\"thumbnailUrl\":\"https:\/\/medicina.udd.cl\/fonoaudiologia-santiago\/files\/2018\/07\/IMG_4714.jpg\",\"datePublished\":\"2018-07-20T19:37:01+00:00\",\"dateModified\":\"2018-07-23T16:18:08+00:00\",\"author\":{\"@id\":\"https:\/\/medicina.udd.cl\/fonoaudiologia-santiago\/#\/schema\/person\/8bbd66125b574a40ec467c180c11f2e3\"},\"breadcrumb\":{\"@id\":\"https:\/\/medicina.udd.cl\/fonoaudiologia-santiago\/noticias\/2018\/07\/20\/dra-claudia-ferreira-realiza-clase-para-diplomado-en-motricidad-orofacial\/#breadcrumb\"},\"inLanguage\":\"es\",\"potentialAction\":[{\"@type\":\"ReadAction\",\"target\":[\"https:\/\/medicina.udd.cl\/fonoaudiologia-santiago\/noticias\/2018\/07\/20\/dra-claudia-ferreira-realiza-clase-para-diplomado-en-motricidad-orofacial\/\"]}]},{\"@type\":\"ImageObject\",\"inLanguage\":\"es\",\"@id\":\"https:\/\/medicina.udd.cl\/fonoaudiologia-santiago\/noticias\/2018\/07\/20\/dra-claudia-ferreira-realiza-clase-para-diplomado-en-motricidad-orofacial\/#primaryimage\",\"url\":\"https:\/\/medicina.udd.cl\/fonoaudiologia-santiago\/files\/2018\/07\/IMG_4714.jpg\",\"contentUrl\":\"https:\/\/medicina.udd.cl\/fonoaudiologia-santiago\/files\/2018\/07\/IMG_4714.jpg\",\"width\":4272,\"height\":2848},{\"@type\":\"BreadcrumbList\",\"@id\":\"https:\/\/medicina.udd.cl\/fonoaudiologia-santiago\/noticias\/2018\/07\/20\/dra-claudia-ferreira-realiza-clase-para-diplomado-en-motricidad-orofacial\/#breadcrumb\",\"itemListElement\":[{\"@type\":\"ListItem\",\"position\":1,\"name\":\"Home\",\"item\":\"https:\/\/medicina.udd.cl\/fonoaudiologia-santiago\/\"},{\"@type\":\"ListItem\",\"position\":2,\"name\":\"Dra. Claudia Ferreira realiza clase para Diplomado en Motricidad Orofacial\"}]},{\"@type\":\"WebSite\",\"@id\":\"https:\/\/medicina.udd.cl\/fonoaudiologia-santiago\/#website\",\"url\":\"https:\/\/medicina.udd.cl\/fonoaudiologia-santiago\/\",\"name\":\"Fonoaudiolog\u00eda\",\"description\":\"Facultad de Medicina Cl\u00ednica Alemana Universidad del Desarrollo\",\"inLanguage\":\"es\"},{\"@type\":\"Person\",\"@id\":\"https:\/\/medicina.udd.cl\/fonoaudiologia-santiago\/#\/schema\/person\/8bbd66125b574a40ec467c180c11f2e3\",\"name\":\"paulinamunoz\",\"image\":{\"@type\":\"ImageObject\",\"inLanguage\":\"es\",\"@id\":\"https:\/\/medicina.udd.cl\/fonoaudiologia-santiago\/#\/schema\/person\/image\/\",\"url\":\"https:\/\/secure.gravatar.com\/avatar\/748ce8fb74e8f8077c4966697a3b3710ca0019e71a62146890c0dcdc705e7f3d?s=96&d=mm&r=g\",\"contentUrl\":\"https:\/\/secure.gravatar.com\/avatar\/748ce8fb74e8f8077c4966697a3b3710ca0019e71a62146890c0dcdc705e7f3d?s=96&d=mm&r=g\",\"caption\":\"paulinamunoz\"},\"url\":\"https:\/\/medicina.udd.cl\/fonoaudiologia-santiago\/noticias\/author\/paulinamunoz\/\"}]}<\/script>\n<!-- \/ Yoast SEO plugin. -->","yoast_head_json":{"title":"Dra. Claudia Ferreira realiza clase para Diplomado en Motricidad Orofacial - Fonoaudiolog\u00eda","robots":{"index":"index","follow":"follow","max-snippet":"max-snippet:-1","max-image-preview":"max-image-preview:large","max-video-preview":"max-video-preview:-1"},"canonical":"https:\/\/medicina.udd.cl\/fonoaudiologia-santiago\/noticias\/2018\/07\/20\/dra-claudia-ferreira-realiza-clase-para-diplomado-en-motricidad-orofacial\/","og_locale":"es_ES","og_type":"article","og_title":"Dra. Claudia Ferreira realiza clase para Diplomado en Motricidad Orofacial - Fonoaudiolog\u00eda","og_description":"La clase entreg\u00f3 informaci\u00f3n detallada para complementar la formaci\u00f3n de pregrado con un toque extra de conocimientos de vanguardia.","og_url":"https:\/\/medicina.udd.cl\/fonoaudiologia-santiago\/noticias\/2018\/07\/20\/dra-claudia-ferreira-realiza-clase-para-diplomado-en-motricidad-orofacial\/","og_site_name":"Fonoaudiolog\u00eda","article_published_time":"2018-07-20T19:37:01+00:00","article_modified_time":"2018-07-23T16:18:08+00:00","og_image":[{"width":1024,"height":683,"url":"https:\/\/medicina.udd.cl\/fonoaudiologia-santiago\/files\/2018\/07\/IMG_4714-1024x683.jpg","type":"image\/jpeg"}],"author":"paulinamunoz","twitter_misc":{"Escrito por":"paulinamunoz","Tiempo de lectura":"1 minuto"},"schema":{"@context":"https:\/\/schema.org","@graph":[{"@type":"Article","@id":"https:\/\/medicina.udd.cl\/fonoaudiologia-santiago\/noticias\/2018\/07\/20\/dra-claudia-ferreira-realiza-clase-para-diplomado-en-motricidad-orofacial\/#article","isPartOf":{"@id":"https:\/\/medicina.udd.cl\/fonoaudiologia-santiago\/noticias\/2018\/07\/20\/dra-claudia-ferreira-realiza-clase-para-diplomado-en-motricidad-orofacial\/"},"author":{"name":"paulinamunoz","@id":"https:\/\/medicina.udd.cl\/fonoaudiologia-santiago\/#\/schema\/person\/8bbd66125b574a40ec467c180c11f2e3"},"headline":"Dra. Claudia Ferreira realiza clase para Diplomado en Motricidad Orofacial","datePublished":"2018-07-20T19:37:01+00:00","dateModified":"2018-07-23T16:18:08+00:00","mainEntityOfPage":{"@id":"https:\/\/medicina.udd.cl\/fonoaudiologia-santiago\/noticias\/2018\/07\/20\/dra-claudia-ferreira-realiza-clase-para-diplomado-en-motricidad-orofacial\/"},"wordCount":158,"commentCount":0,"image":{"@id":"https:\/\/medicina.udd.cl\/fonoaudiologia-santiago\/noticias\/2018\/07\/20\/dra-claudia-ferreira-realiza-clase-para-diplomado-en-motricidad-orofacial\/#primaryimage"},"thumbnailUrl":"https:\/\/medicina.udd.cl\/fonoaudiologia-santiago\/files\/2018\/07\/IMG_4714.jpg","articleSection":["Noticias"],"inLanguage":"es","potentialAction":[{"@type":"CommentAction","name":"Comment","target":["https:\/\/medicina.udd.cl\/fonoaudiologia-santiago\/noticias\/2018\/07\/20\/dra-claudia-ferreira-realiza-clase-para-diplomado-en-motricidad-orofacial\/#respond"]}]},{"@type":"WebPage","@id":"https:\/\/medicina.udd.cl\/fonoaudiologia-santiago\/noticias\/2018\/07\/20\/dra-claudia-ferreira-realiza-clase-para-diplomado-en-motricidad-orofacial\/","url":"https:\/\/medicina.udd.cl\/fonoaudiologia-santiago\/noticias\/2018\/07\/20\/dra-claudia-ferreira-realiza-clase-para-diplomado-en-motricidad-orofacial\/","name":"Dra. Claudia Ferreira realiza clase para Diplomado en Motricidad Orofacial - Fonoaudiolog\u00eda","isPartOf":{"@id":"https:\/\/medicina.udd.cl\/fonoaudiologia-santiago\/#website"},"primaryImageOfPage":{"@id":"https:\/\/medicina.udd.cl\/fonoaudiologia-santiago\/noticias\/2018\/07\/20\/dra-claudia-ferreira-realiza-clase-para-diplomado-en-motricidad-orofacial\/#primaryimage"},"image":{"@id":"https:\/\/medicina.udd.cl\/fonoaudiologia-santiago\/noticias\/2018\/07\/20\/dra-claudia-ferreira-realiza-clase-para-diplomado-en-motricidad-orofacial\/#primaryimage"},"thumbnailUrl":"https:\/\/medicina.udd.cl\/fonoaudiologia-santiago\/files\/2018\/07\/IMG_4714.jpg","datePublished":"2018-07-20T19:37:01+00:00","dateModified":"2018-07-23T16:18:08+00:00","author":{"@id":"https:\/\/medicina.udd.cl\/fonoaudiologia-santiago\/#\/schema\/person\/8bbd66125b574a40ec467c180c11f2e3"},"breadcrumb":{"@id":"https:\/\/medicina.udd.cl\/fonoaudiologia-santiago\/noticias\/2018\/07\/20\/dra-claudia-ferreira-realiza-clase-para-diplomado-en-motricidad-orofacial\/#breadcrumb"},"inLanguage":"es","potentialAction":[{"@type":"ReadAction","target":["https:\/\/medicina.udd.cl\/fonoaudiologia-santiago\/noticias\/2018\/07\/20\/dra-claudia-ferreira-realiza-clase-para-diplomado-en-motricidad-orofacial\/"]}]},{"@type":"ImageObject","inLanguage":"es","@id":"https:\/\/medicina.udd.cl\/fonoaudiologia-santiago\/noticias\/2018\/07\/20\/dra-claudia-ferreira-realiza-clase-para-diplomado-en-motricidad-orofacial\/#primaryimage","url":"https:\/\/medicina.udd.cl\/fonoaudiologia-santiago\/files\/2018\/07\/IMG_4714.jpg","contentUrl":"https:\/\/medicina.udd.cl\/fonoaudiologia-santiago\/files\/2018\/07\/IMG_4714.jpg","width":4272,"height":2848},{"@type":"BreadcrumbList","@id":"https:\/\/medicina.udd.cl\/fonoaudiologia-santiago\/noticias\/2018\/07\/20\/dra-claudia-ferreira-realiza-clase-para-diplomado-en-motricidad-orofacial\/#breadcrumb","itemListElement":[{"@type":"ListItem","position":1,"name":"Home","item":"https:\/\/medicina.udd.cl\/fonoaudiologia-santiago\/"},{"@type":"ListItem","position":2,"name":"Dra. Claudia Ferreira realiza clase para Diplomado en Motricidad Orofacial"}]},{"@type":"WebSite","@id":"https:\/\/medicina.udd.cl\/fonoaudiologia-santiago\/#website","url":"https:\/\/medicina.udd.cl\/fonoaudiologia-santiago\/","name":"Fonoaudiolog\u00eda","description":"Facultad de Medicina Cl\u00ednica Alemana Universidad del Desarrollo","inLanguage":"es"},{"@type":"Person","@id":"https:\/\/medicina.udd.cl\/fonoaudiologia-santiago\/#\/schema\/person\/8bbd66125b574a40ec467c180c11f2e3","name":"paulinamunoz","image":{"@type":"ImageObject","inLanguage":"es","@id":"https:\/\/medicina.udd.cl\/fonoaudiologia-santiago\/#\/schema\/person\/image\/","url":"https:\/\/secure.gravatar.com\/avatar\/748ce8fb74e8f8077c4966697a3b3710ca0019e71a62146890c0dcdc705e7f3d?s=96&d=mm&r=g","contentUrl":"https:\/\/secure.gravatar.com\/avatar\/748ce8fb74e8f8077c4966697a3b3710ca0019e71a62146890c0dcdc705e7f3d?s=96&d=mm&r=g","caption":"paulinamunoz"},"url":"https:\/\/medicina.udd.cl\/fonoaudiologia-santiago\/noticias\/author\/paulinamunoz\/"}]}},"featured_image_url":"https:\/\/medicina.udd.cl\/fonoaudiologia-santiago\/files\/2018\/07\/IMG_4714.jpg","_links":{"self":[{"href":"https:\/\/medicina.udd.cl\/fonoaudiologia-santiago\/wp-json\/wp\/v2\/posts\/4148","targetHints":{"allow":["GET"]}}],"collection":[{"href":"https:\/\/medicina.udd.cl\/fonoaudiologia-santiago\/wp-json\/wp\/v2\/posts"}],"about":[{"href":"https:\/\/medicina.udd.cl\/fonoaudiologia-santiago\/wp-json\/wp\/v2\/types\/post"}],"author":[{"embeddable":true,"href":"https:\/\/medicina.udd.cl\/fonoaudiologia-santiago\/wp-json\/wp\/v2\/users\/9192192"}],"replies":[{"embeddable":true,"href":"https:\/\/medicina.udd.cl\/fonoaudiologia-santiago\/wp-json\/wp\/v2\/comments?post=4148"}],"version-history":[{"count":3,"href":"https:\/\/medicina.udd.cl\/fonoaudiologia-santiago\/wp-json\/wp\/v2\/posts\/4148\/revisions"}],"predecessor-version":[{"id":4160,"href":"https:\/\/medicina.udd.cl\/fonoaudiologia-santiago\/wp-json\/wp\/v2\/posts\/4148\/revisions\/4160"}],"wp:featuredmedia":[{"embeddable":true,"href":"https:\/\/medicina.udd.cl\/fonoaudiologia-santiago\/wp-json\/wp\/v2\/media\/4149"}],"wp:attachment":[{"href":"https:\/\/medicina.udd.cl\/fonoaudiologia-santiago\/wp-json\/wp\/v2\/media?parent=4148"}],"wp:term":[{"taxonomy":"category","embeddable":true,"href":"https:\/\/medicina.udd.cl\/fonoaudiologia-santiago\/wp-json\/wp\/v2\/categories?post=4148"},{"taxonomy":"post_tag","embeddable":true,"href":"https:\/\/medicina.udd.cl\/fonoaudiologia-santiago\/wp-json\/wp\/v2\/tags?post=4148"}],"curies":[{"name":"wp","href":"https:\/\/api.w.org\/{rel}","templated":true}]}}