{"id":4171,"date":"2018-08-23T10:14:11","date_gmt":"2018-08-23T13:14:11","guid":{"rendered":"http:\/\/medicina.udd.cl\/fonoaudiologia-santiago\/?p=4171"},"modified":"2018-08-27T11:31:18","modified_gmt":"2018-08-27T14:31:18","slug":"bmr-health-selecciona-a-18-profesionales-de-fonoaudiologia-udd-para-desempenarse-en-el-extranjero","status":"publish","type":"post","link":"https:\/\/medicina.udd.cl\/fonoaudiologia-santiago\/noticias\/2018\/08\/23\/bmr-health-selecciona-a-18-profesionales-de-fonoaudiologia-udd-para-desempenarse-en-el-extranjero\/","title":{"rendered":"BMR Health selecciona a 18 profesionales de fonoaudiolog\u00eda UDD para desempe\u00f1arse en el extranjero"},"content":{"rendered":"<p><a href=\"http:\/\/medicina.udd.cl\/fonoaudiologia-santiago\/files\/2018\/08\/alumnis-fono.jpg\"><img loading=\"lazy\" decoding=\"async\" class=\"alignnone size-thumbnail wp-image-4172\" src=\"http:\/\/medicina.udd.cl\/fonoaudiologia-santiago\/files\/2018\/08\/alumnis-fono-150x150.jpg\" alt=\"\" width=\"150\" height=\"150\" srcset=\"https:\/\/medicina.udd.cl\/fonoaudiologia-santiago\/files\/2018\/08\/alumnis-fono-150x150.jpg 150w, https:\/\/medicina.udd.cl\/fonoaudiologia-santiago\/files\/2018\/08\/alumnis-fono-62x62.jpg 62w, https:\/\/medicina.udd.cl\/fonoaudiologia-santiago\/files\/2018\/08\/alumnis-fono-300x300.jpg 300w, https:\/\/medicina.udd.cl\/fonoaudiologia-santiago\/files\/2018\/08\/alumnis-fono-126x126.jpg 126w\" sizes=\"auto, (max-width: 150px) 100vw, 150px\" \/><\/a><\/p>\n<p>Un total de 18 egresados de la carrera de fonoaudiolog\u00eda fueron escogidos por BMR Health, compa\u00f1\u00eda especialista en selecci\u00f3n de profesionales de la salud, para ejercer durante un periodo de dos a\u00f1os en California, Estados Unidos.<\/p>\n<p>La agencia norteamericana cuenta con centros de terapia del habla precisamente en ese estado americano y en la India para atender a personas con trastornos del habla que incluyen, entre otros, autismo, trastornos de la voz y la degluci\u00f3n, tartamudeo, retraso del lenguaje, etc.<\/p>\n<p>Durante la jornada, los Alumnis recibieron palabras de apoyo y aliento tanto de la directora de carrera Mar\u00eda Ang\u00e9lica L\u00f3pez como de la coordinadora Mar\u00eda Antonella Urz\u00faa. \u201cEsto es parte de lo que en la vida se presenta, oportunidades, y no me cabe duda que ustedes sabr\u00e1n aprovecharlas, que el reto les proponga hacer cosas distintas para aplicar la capacitaci\u00f3n y los valores y la cultura de nuestra formaci\u00f3n es desafiarse a s\u00ed mismos, estaremos siempre para apoyarlos\u201d dijo Mar\u00eda Antonella.<\/p>\n<p>Para los alumnos presentes durante el desayuno de despedida el viaje genera expectativas, una instancia de aprendizaje, pero tambi\u00e9n algo de miedo. \u201cHa sido un proceso largo, una experiencia nueva y extra\u00f1a, realmente desafiante, es un contexto educacional distinto al que vivimos ac\u00e1, lo que realmente espero es a la vuelta poder aplicar todas las herramientas que aprend\u00ed all\u00e1. Natalia Silva, generaci\u00f3n 2016.<\/p>\n<p>Tanto los docentes como las autoridades presentes desearon \u00e9xito a los fonoaudiol\u00f3gos UDD que emprenden este nuevo camino y aportaron desde su experiencia y entusiasmo a generar tranquilidad para la etapa que apenas comienza. \u201cA m\u00ed me toc\u00f3 vivir una experiencia similar, con mucho nervio e inseguridades por el tema del idioma, pero al final se puede, estoy seguro que les ir\u00e1 incre\u00edble, felicitaciones y mucha suerte\u201d, finaliz\u00f3 el decano de la Facultad de Medicina Cl\u00ednica Alemana Universidad del Desarrollo Dr. Ricardo Ronco.<\/p>\n","protected":false},"excerpt":{"rendered":"<p>En compa\u00f1\u00eda de autoridades y docentes, la carrera de fonoaudiolog\u00eda despidi\u00f3 a los alumnis que en poco tiempo partir\u00e1n a EE.UU. para trabajar en distintos centros de salud en ese pa\u00eds. <\/p>\n","protected":false},"author":9192210,"featured_media":4172,"comment_status":"open","ping_status":"open","sticky":false,"template":"","format":"standard","meta":{"footnotes":""},"categories":[4],"tags":[],"class_list":["post-4171","post","type-post","status-publish","format-standard","has-post-thumbnail","hentry","category-noticias"],"yoast_head":"<!-- This site is optimized with the Yoast SEO plugin v26.9 - https:\/\/yoast.com\/product\/yoast-seo-wordpress\/ -->\n<title>BMR Health selecciona a 18 profesionales de fonoaudiolog\u00eda UDD para desempe\u00f1arse en el extranjero - Fonoaudiolog\u00eda<\/title>\n<meta name=\"robots\" content=\"index, follow, max-snippet:-1, max-image-preview:large, max-video-preview:-1\" \/>\n<link rel=\"canonical\" href=\"https:\/\/medicina.udd.cl\/fonoaudiologia-santiago\/noticias\/2018\/08\/23\/bmr-health-selecciona-a-18-profesionales-de-fonoaudiologia-udd-para-desempenarse-en-el-extranjero\/\" \/>\n<meta property=\"og:locale\" content=\"es_ES\" \/>\n<meta property=\"og:type\" content=\"article\" \/>\n<meta property=\"og:title\" content=\"BMR Health selecciona a 18 profesionales de fonoaudiolog\u00eda UDD para desempe\u00f1arse en el extranjero - Fonoaudiolog\u00eda\" \/>\n<meta property=\"og:description\" content=\"En compa\u00f1\u00eda de autoridades y docentes, la carrera de fonoaudiolog\u00eda despidi\u00f3 a los alumnis que en poco tiempo partir\u00e1n a EE.UU. para trabajar en distintos centros de salud en ese pa\u00eds.\" \/>\n<meta property=\"og:url\" content=\"https:\/\/medicina.udd.cl\/fonoaudiologia-santiago\/noticias\/2018\/08\/23\/bmr-health-selecciona-a-18-profesionales-de-fonoaudiologia-udd-para-desempenarse-en-el-extranjero\/\" \/>\n<meta property=\"og:site_name\" content=\"Fonoaudiolog\u00eda\" \/>\n<meta property=\"article:published_time\" content=\"2018-08-23T13:14:11+00:00\" \/>\n<meta property=\"article:modified_time\" content=\"2018-08-27T14:31:18+00:00\" \/>\n<meta property=\"og:image\" content=\"https:\/\/medicina.udd.cl\/fonoaudiologia-santiago\/files\/2018\/08\/alumnis-fono.jpg\" \/>\n\t<meta property=\"og:image:width\" content=\"960\" \/>\n\t<meta property=\"og:image:height\" content=\"720\" \/>\n\t<meta property=\"og:image:type\" content=\"image\/jpeg\" \/>\n<meta name=\"author\" content=\"cataaguilera\" \/>\n<meta name=\"twitter:label1\" content=\"Escrito por\" \/>\n\t<meta name=\"twitter:data1\" content=\"cataaguilera\" \/>\n\t<meta name=\"twitter:label2\" content=\"Tiempo de lectura\" \/>\n\t<meta name=\"twitter:data2\" content=\"2 minutos\" \/>\n<script type=\"application\/ld+json\" class=\"yoast-schema-graph\">{\"@context\":\"https:\/\/schema.org\",\"@graph\":[{\"@type\":\"Article\",\"@id\":\"https:\/\/medicina.udd.cl\/fonoaudiologia-santiago\/noticias\/2018\/08\/23\/bmr-health-selecciona-a-18-profesionales-de-fonoaudiologia-udd-para-desempenarse-en-el-extranjero\/#article\",\"isPartOf\":{\"@id\":\"https:\/\/medicina.udd.cl\/fonoaudiologia-santiago\/noticias\/2018\/08\/23\/bmr-health-selecciona-a-18-profesionales-de-fonoaudiologia-udd-para-desempenarse-en-el-extranjero\/\"},\"author\":{\"name\":\"cataaguilera\",\"@id\":\"https:\/\/medicina.udd.cl\/fonoaudiologia-santiago\/#\/schema\/person\/8b2ddab3d222f03f9e6108f06d6cc25c\"},\"headline\":\"BMR Health selecciona a 18 profesionales de fonoaudiolog\u00eda UDD para desempe\u00f1arse en el extranjero\",\"datePublished\":\"2018-08-23T13:14:11+00:00\",\"dateModified\":\"2018-08-27T14:31:18+00:00\",\"mainEntityOfPage\":{\"@id\":\"https:\/\/medicina.udd.cl\/fonoaudiologia-santiago\/noticias\/2018\/08\/23\/bmr-health-selecciona-a-18-profesionales-de-fonoaudiologia-udd-para-desempenarse-en-el-extranjero\/\"},\"wordCount\":340,\"commentCount\":0,\"image\":{\"@id\":\"https:\/\/medicina.udd.cl\/fonoaudiologia-santiago\/noticias\/2018\/08\/23\/bmr-health-selecciona-a-18-profesionales-de-fonoaudiologia-udd-para-desempenarse-en-el-extranjero\/#primaryimage\"},\"thumbnailUrl\":\"https:\/\/medicina.udd.cl\/fonoaudiologia-santiago\/files\/2018\/08\/alumnis-fono.jpg\",\"articleSection\":[\"Noticias\"],\"inLanguage\":\"es\",\"potentialAction\":[{\"@type\":\"CommentAction\",\"name\":\"Comment\",\"target\":[\"https:\/\/medicina.udd.cl\/fonoaudiologia-santiago\/noticias\/2018\/08\/23\/bmr-health-selecciona-a-18-profesionales-de-fonoaudiologia-udd-para-desempenarse-en-el-extranjero\/#respond\"]}]},{\"@type\":\"WebPage\",\"@id\":\"https:\/\/medicina.udd.cl\/fonoaudiologia-santiago\/noticias\/2018\/08\/23\/bmr-health-selecciona-a-18-profesionales-de-fonoaudiologia-udd-para-desempenarse-en-el-extranjero\/\",\"url\":\"https:\/\/medicina.udd.cl\/fonoaudiologia-santiago\/noticias\/2018\/08\/23\/bmr-health-selecciona-a-18-profesionales-de-fonoaudiologia-udd-para-desempenarse-en-el-extranjero\/\",\"name\":\"BMR Health selecciona a 18 profesionales de fonoaudiolog\u00eda UDD para desempe\u00f1arse en el extranjero - Fonoaudiolog\u00eda\",\"isPartOf\":{\"@id\":\"https:\/\/medicina.udd.cl\/fonoaudiologia-santiago\/#website\"},\"primaryImageOfPage\":{\"@id\":\"https:\/\/medicina.udd.cl\/fonoaudiologia-santiago\/noticias\/2018\/08\/23\/bmr-health-selecciona-a-18-profesionales-de-fonoaudiologia-udd-para-desempenarse-en-el-extranjero\/#primaryimage\"},\"image\":{\"@id\":\"https:\/\/medicina.udd.cl\/fonoaudiologia-santiago\/noticias\/2018\/08\/23\/bmr-health-selecciona-a-18-profesionales-de-fonoaudiologia-udd-para-desempenarse-en-el-extranjero\/#primaryimage\"},\"thumbnailUrl\":\"https:\/\/medicina.udd.cl\/fonoaudiologia-santiago\/files\/2018\/08\/alumnis-fono.jpg\",\"datePublished\":\"2018-08-23T13:14:11+00:00\",\"dateModified\":\"2018-08-27T14:31:18+00:00\",\"author\":{\"@id\":\"https:\/\/medicina.udd.cl\/fonoaudiologia-santiago\/#\/schema\/person\/8b2ddab3d222f03f9e6108f06d6cc25c\"},\"breadcrumb\":{\"@id\":\"https:\/\/medicina.udd.cl\/fonoaudiologia-santiago\/noticias\/2018\/08\/23\/bmr-health-selecciona-a-18-profesionales-de-fonoaudiologia-udd-para-desempenarse-en-el-extranjero\/#breadcrumb\"},\"inLanguage\":\"es\",\"potentialAction\":[{\"@type\":\"ReadAction\",\"target\":[\"https:\/\/medicina.udd.cl\/fonoaudiologia-santiago\/noticias\/2018\/08\/23\/bmr-health-selecciona-a-18-profesionales-de-fonoaudiologia-udd-para-desempenarse-en-el-extranjero\/\"]}]},{\"@type\":\"ImageObject\",\"inLanguage\":\"es\",\"@id\":\"https:\/\/medicina.udd.cl\/fonoaudiologia-santiago\/noticias\/2018\/08\/23\/bmr-health-selecciona-a-18-profesionales-de-fonoaudiologia-udd-para-desempenarse-en-el-extranjero\/#primaryimage\",\"url\":\"https:\/\/medicina.udd.cl\/fonoaudiologia-santiago\/files\/2018\/08\/alumnis-fono.jpg\",\"contentUrl\":\"https:\/\/medicina.udd.cl\/fonoaudiologia-santiago\/files\/2018\/08\/alumnis-fono.jpg\",\"width\":960,\"height\":720},{\"@type\":\"BreadcrumbList\",\"@id\":\"https:\/\/medicina.udd.cl\/fonoaudiologia-santiago\/noticias\/2018\/08\/23\/bmr-health-selecciona-a-18-profesionales-de-fonoaudiologia-udd-para-desempenarse-en-el-extranjero\/#breadcrumb\",\"itemListElement\":[{\"@type\":\"ListItem\",\"position\":1,\"name\":\"Home\",\"item\":\"https:\/\/medicina.udd.cl\/fonoaudiologia-santiago\/\"},{\"@type\":\"ListItem\",\"position\":2,\"name\":\"BMR Health selecciona a 18 profesionales de fonoaudiolog\u00eda UDD para desempe\u00f1arse en el extranjero\"}]},{\"@type\":\"WebSite\",\"@id\":\"https:\/\/medicina.udd.cl\/fonoaudiologia-santiago\/#website\",\"url\":\"https:\/\/medicina.udd.cl\/fonoaudiologia-santiago\/\",\"name\":\"Fonoaudiolog\u00eda\",\"description\":\"Facultad de Medicina Cl\u00ednica Alemana Universidad del Desarrollo\",\"inLanguage\":\"es\"},{\"@type\":\"Person\",\"@id\":\"https:\/\/medicina.udd.cl\/fonoaudiologia-santiago\/#\/schema\/person\/8b2ddab3d222f03f9e6108f06d6cc25c\",\"name\":\"cataaguilera\",\"image\":{\"@type\":\"ImageObject\",\"inLanguage\":\"es\",\"@id\":\"https:\/\/medicina.udd.cl\/fonoaudiologia-santiago\/#\/schema\/person\/image\/\",\"url\":\"https:\/\/secure.gravatar.com\/avatar\/1f73ad8ce4d549227c1fe2bbf121c103af34a23b6ac1a6f65be4906bd377acc9?s=96&d=mm&r=g\",\"contentUrl\":\"https:\/\/secure.gravatar.com\/avatar\/1f73ad8ce4d549227c1fe2bbf121c103af34a23b6ac1a6f65be4906bd377acc9?s=96&d=mm&r=g\",\"caption\":\"cataaguilera\"},\"url\":\"https:\/\/medicina.udd.cl\/fonoaudiologia-santiago\/noticias\/author\/cataaguilera\/\"}]}<\/script>\n<!-- \/ Yoast SEO plugin. -->","yoast_head_json":{"title":"BMR Health selecciona a 18 profesionales de fonoaudiolog\u00eda UDD para desempe\u00f1arse en el extranjero - Fonoaudiolog\u00eda","robots":{"index":"index","follow":"follow","max-snippet":"max-snippet:-1","max-image-preview":"max-image-preview:large","max-video-preview":"max-video-preview:-1"},"canonical":"https:\/\/medicina.udd.cl\/fonoaudiologia-santiago\/noticias\/2018\/08\/23\/bmr-health-selecciona-a-18-profesionales-de-fonoaudiologia-udd-para-desempenarse-en-el-extranjero\/","og_locale":"es_ES","og_type":"article","og_title":"BMR Health selecciona a 18 profesionales de fonoaudiolog\u00eda UDD para desempe\u00f1arse en el extranjero - Fonoaudiolog\u00eda","og_description":"En compa\u00f1\u00eda de autoridades y docentes, la carrera de fonoaudiolog\u00eda despidi\u00f3 a los alumnis que en poco tiempo partir\u00e1n a EE.UU. para trabajar en distintos centros de salud en ese pa\u00eds.","og_url":"https:\/\/medicina.udd.cl\/fonoaudiologia-santiago\/noticias\/2018\/08\/23\/bmr-health-selecciona-a-18-profesionales-de-fonoaudiologia-udd-para-desempenarse-en-el-extranjero\/","og_site_name":"Fonoaudiolog\u00eda","article_published_time":"2018-08-23T13:14:11+00:00","article_modified_time":"2018-08-27T14:31:18+00:00","og_image":[{"width":960,"height":720,"url":"https:\/\/medicina.udd.cl\/fonoaudiologia-santiago\/files\/2018\/08\/alumnis-fono.jpg","type":"image\/jpeg"}],"author":"cataaguilera","twitter_misc":{"Escrito por":"cataaguilera","Tiempo de lectura":"2 minutos"},"schema":{"@context":"https:\/\/schema.org","@graph":[{"@type":"Article","@id":"https:\/\/medicina.udd.cl\/fonoaudiologia-santiago\/noticias\/2018\/08\/23\/bmr-health-selecciona-a-18-profesionales-de-fonoaudiologia-udd-para-desempenarse-en-el-extranjero\/#article","isPartOf":{"@id":"https:\/\/medicina.udd.cl\/fonoaudiologia-santiago\/noticias\/2018\/08\/23\/bmr-health-selecciona-a-18-profesionales-de-fonoaudiologia-udd-para-desempenarse-en-el-extranjero\/"},"author":{"name":"cataaguilera","@id":"https:\/\/medicina.udd.cl\/fonoaudiologia-santiago\/#\/schema\/person\/8b2ddab3d222f03f9e6108f06d6cc25c"},"headline":"BMR Health selecciona a 18 profesionales de fonoaudiolog\u00eda UDD para desempe\u00f1arse en el extranjero","datePublished":"2018-08-23T13:14:11+00:00","dateModified":"2018-08-27T14:31:18+00:00","mainEntityOfPage":{"@id":"https:\/\/medicina.udd.cl\/fonoaudiologia-santiago\/noticias\/2018\/08\/23\/bmr-health-selecciona-a-18-profesionales-de-fonoaudiologia-udd-para-desempenarse-en-el-extranjero\/"},"wordCount":340,"commentCount":0,"image":{"@id":"https:\/\/medicina.udd.cl\/fonoaudiologia-santiago\/noticias\/2018\/08\/23\/bmr-health-selecciona-a-18-profesionales-de-fonoaudiologia-udd-para-desempenarse-en-el-extranjero\/#primaryimage"},"thumbnailUrl":"https:\/\/medicina.udd.cl\/fonoaudiologia-santiago\/files\/2018\/08\/alumnis-fono.jpg","articleSection":["Noticias"],"inLanguage":"es","potentialAction":[{"@type":"CommentAction","name":"Comment","target":["https:\/\/medicina.udd.cl\/fonoaudiologia-santiago\/noticias\/2018\/08\/23\/bmr-health-selecciona-a-18-profesionales-de-fonoaudiologia-udd-para-desempenarse-en-el-extranjero\/#respond"]}]},{"@type":"WebPage","@id":"https:\/\/medicina.udd.cl\/fonoaudiologia-santiago\/noticias\/2018\/08\/23\/bmr-health-selecciona-a-18-profesionales-de-fonoaudiologia-udd-para-desempenarse-en-el-extranjero\/","url":"https:\/\/medicina.udd.cl\/fonoaudiologia-santiago\/noticias\/2018\/08\/23\/bmr-health-selecciona-a-18-profesionales-de-fonoaudiologia-udd-para-desempenarse-en-el-extranjero\/","name":"BMR Health selecciona a 18 profesionales de fonoaudiolog\u00eda UDD para desempe\u00f1arse en el extranjero - Fonoaudiolog\u00eda","isPartOf":{"@id":"https:\/\/medicina.udd.cl\/fonoaudiologia-santiago\/#website"},"primaryImageOfPage":{"@id":"https:\/\/medicina.udd.cl\/fonoaudiologia-santiago\/noticias\/2018\/08\/23\/bmr-health-selecciona-a-18-profesionales-de-fonoaudiologia-udd-para-desempenarse-en-el-extranjero\/#primaryimage"},"image":{"@id":"https:\/\/medicina.udd.cl\/fonoaudiologia-santiago\/noticias\/2018\/08\/23\/bmr-health-selecciona-a-18-profesionales-de-fonoaudiologia-udd-para-desempenarse-en-el-extranjero\/#primaryimage"},"thumbnailUrl":"https:\/\/medicina.udd.cl\/fonoaudiologia-santiago\/files\/2018\/08\/alumnis-fono.jpg","datePublished":"2018-08-23T13:14:11+00:00","dateModified":"2018-08-27T14:31:18+00:00","author":{"@id":"https:\/\/medicina.udd.cl\/fonoaudiologia-santiago\/#\/schema\/person\/8b2ddab3d222f03f9e6108f06d6cc25c"},"breadcrumb":{"@id":"https:\/\/medicina.udd.cl\/fonoaudiologia-santiago\/noticias\/2018\/08\/23\/bmr-health-selecciona-a-18-profesionales-de-fonoaudiologia-udd-para-desempenarse-en-el-extranjero\/#breadcrumb"},"inLanguage":"es","potentialAction":[{"@type":"ReadAction","target":["https:\/\/medicina.udd.cl\/fonoaudiologia-santiago\/noticias\/2018\/08\/23\/bmr-health-selecciona-a-18-profesionales-de-fonoaudiologia-udd-para-desempenarse-en-el-extranjero\/"]}]},{"@type":"ImageObject","inLanguage":"es","@id":"https:\/\/medicina.udd.cl\/fonoaudiologia-santiago\/noticias\/2018\/08\/23\/bmr-health-selecciona-a-18-profesionales-de-fonoaudiologia-udd-para-desempenarse-en-el-extranjero\/#primaryimage","url":"https:\/\/medicina.udd.cl\/fonoaudiologia-santiago\/files\/2018\/08\/alumnis-fono.jpg","contentUrl":"https:\/\/medicina.udd.cl\/fonoaudiologia-santiago\/files\/2018\/08\/alumnis-fono.jpg","width":960,"height":720},{"@type":"BreadcrumbList","@id":"https:\/\/medicina.udd.cl\/fonoaudiologia-santiago\/noticias\/2018\/08\/23\/bmr-health-selecciona-a-18-profesionales-de-fonoaudiologia-udd-para-desempenarse-en-el-extranjero\/#breadcrumb","itemListElement":[{"@type":"ListItem","position":1,"name":"Home","item":"https:\/\/medicina.udd.cl\/fonoaudiologia-santiago\/"},{"@type":"ListItem","position":2,"name":"BMR Health selecciona a 18 profesionales de fonoaudiolog\u00eda UDD para desempe\u00f1arse en el extranjero"}]},{"@type":"WebSite","@id":"https:\/\/medicina.udd.cl\/fonoaudiologia-santiago\/#website","url":"https:\/\/medicina.udd.cl\/fonoaudiologia-santiago\/","name":"Fonoaudiolog\u00eda","description":"Facultad de Medicina Cl\u00ednica Alemana Universidad del Desarrollo","inLanguage":"es"},{"@type":"Person","@id":"https:\/\/medicina.udd.cl\/fonoaudiologia-santiago\/#\/schema\/person\/8b2ddab3d222f03f9e6108f06d6cc25c","name":"cataaguilera","image":{"@type":"ImageObject","inLanguage":"es","@id":"https:\/\/medicina.udd.cl\/fonoaudiologia-santiago\/#\/schema\/person\/image\/","url":"https:\/\/secure.gravatar.com\/avatar\/1f73ad8ce4d549227c1fe2bbf121c103af34a23b6ac1a6f65be4906bd377acc9?s=96&d=mm&r=g","contentUrl":"https:\/\/secure.gravatar.com\/avatar\/1f73ad8ce4d549227c1fe2bbf121c103af34a23b6ac1a6f65be4906bd377acc9?s=96&d=mm&r=g","caption":"cataaguilera"},"url":"https:\/\/medicina.udd.cl\/fonoaudiologia-santiago\/noticias\/author\/cataaguilera\/"}]}},"featured_image_url":"https:\/\/medicina.udd.cl\/fonoaudiologia-santiago\/files\/2018\/08\/alumnis-fono.jpg","_links":{"self":[{"href":"https:\/\/medicina.udd.cl\/fonoaudiologia-santiago\/wp-json\/wp\/v2\/posts\/4171","targetHints":{"allow":["GET"]}}],"collection":[{"href":"https:\/\/medicina.udd.cl\/fonoaudiologia-santiago\/wp-json\/wp\/v2\/posts"}],"about":[{"href":"https:\/\/medicina.udd.cl\/fonoaudiologia-santiago\/wp-json\/wp\/v2\/types\/post"}],"author":[{"embeddable":true,"href":"https:\/\/medicina.udd.cl\/fonoaudiologia-santiago\/wp-json\/wp\/v2\/users\/9192210"}],"replies":[{"embeddable":true,"href":"https:\/\/medicina.udd.cl\/fonoaudiologia-santiago\/wp-json\/wp\/v2\/comments?post=4171"}],"version-history":[{"count":3,"href":"https:\/\/medicina.udd.cl\/fonoaudiologia-santiago\/wp-json\/wp\/v2\/posts\/4171\/revisions"}],"predecessor-version":[{"id":4176,"href":"https:\/\/medicina.udd.cl\/fonoaudiologia-santiago\/wp-json\/wp\/v2\/posts\/4171\/revisions\/4176"}],"wp:featuredmedia":[{"embeddable":true,"href":"https:\/\/medicina.udd.cl\/fonoaudiologia-santiago\/wp-json\/wp\/v2\/media\/4172"}],"wp:attachment":[{"href":"https:\/\/medicina.udd.cl\/fonoaudiologia-santiago\/wp-json\/wp\/v2\/media?parent=4171"}],"wp:term":[{"taxonomy":"category","embeddable":true,"href":"https:\/\/medicina.udd.cl\/fonoaudiologia-santiago\/wp-json\/wp\/v2\/categories?post=4171"},{"taxonomy":"post_tag","embeddable":true,"href":"https:\/\/medicina.udd.cl\/fonoaudiologia-santiago\/wp-json\/wp\/v2\/tags?post=4171"}],"curies":[{"name":"wp","href":"https:\/\/api.w.org\/{rel}","templated":true}]}}