{"id":4194,"date":"2018-10-10T09:54:15","date_gmt":"2018-10-10T12:54:15","guid":{"rendered":"http:\/\/medicina.udd.cl\/fonoaudiologia-santiago\/?p=4194"},"modified":"2018-10-11T09:43:04","modified_gmt":"2018-10-11T12:43:04","slug":"reconocido-psiquiatra-comparte-su-historia-con-la-carrera-de-fonoaudiologia","status":"publish","type":"post","link":"https:\/\/medicina.udd.cl\/fonoaudiologia-santiago\/noticias\/2018\/10\/10\/reconocido-psiquiatra-comparte-su-historia-con-la-carrera-de-fonoaudiologia\/","title":{"rendered":"Reconocido psiquiatra comparte su historia con la Carrera de Fonoaudiolog\u00eda"},"content":{"rendered":"<p>&nbsp;<\/p>\n<div id=\"gallery-1\" class=\"carousel slide carousel-gallery\" data-ride=\"false\" data-interval=\"false\"><div class=\"carousel-inner\" role=\"listbox\"><figure class=\"carousel-item active\"><img loading=\"lazy\" decoding=\"async\" width=\"950\" height=\"534\" src=\"https:\/\/medicina.udd.cl\/fonoaudiologia-santiago\/files\/2018\/10\/DSC_0224.jpg\" class=\"attachment-landscape_952 size-landscape_952\" alt=\"\" srcset=\"https:\/\/medicina.udd.cl\/fonoaudiologia-santiago\/files\/2018\/10\/DSC_0224.jpg 3920w, https:\/\/medicina.udd.cl\/fonoaudiologia-santiago\/files\/2018\/10\/DSC_0224-300x169.jpg 300w, https:\/\/medicina.udd.cl\/fonoaudiologia-santiago\/files\/2018\/10\/DSC_0224-768x432.jpg 768w, https:\/\/medicina.udd.cl\/fonoaudiologia-santiago\/files\/2018\/10\/DSC_0224-1024x576.jpg 1024w, https:\/\/medicina.udd.cl\/fonoaudiologia-santiago\/files\/2018\/10\/DSC_0224-800x450.jpg 800w, https:\/\/medicina.udd.cl\/fonoaudiologia-santiago\/files\/2018\/10\/DSC_0224-960x540.jpg 960w\" sizes=\"auto, (max-width: 950px) 100vw, 950px\" \/><\/figure><figure class=\"carousel-item\"><img loading=\"lazy\" decoding=\"async\" width=\"950\" height=\"534\" src=\"https:\/\/medicina.udd.cl\/fonoaudiologia-santiago\/files\/2018\/10\/DSC_0225.jpg\" class=\"attachment-landscape_952 size-landscape_952\" alt=\"\" srcset=\"https:\/\/medicina.udd.cl\/fonoaudiologia-santiago\/files\/2018\/10\/DSC_0225.jpg 3920w, https:\/\/medicina.udd.cl\/fonoaudiologia-santiago\/files\/2018\/10\/DSC_0225-300x169.jpg 300w, https:\/\/medicina.udd.cl\/fonoaudiologia-santiago\/files\/2018\/10\/DSC_0225-768x432.jpg 768w, https:\/\/medicina.udd.cl\/fonoaudiologia-santiago\/files\/2018\/10\/DSC_0225-1024x576.jpg 1024w, https:\/\/medicina.udd.cl\/fonoaudiologia-santiago\/files\/2018\/10\/DSC_0225-800x450.jpg 800w, https:\/\/medicina.udd.cl\/fonoaudiologia-santiago\/files\/2018\/10\/DSC_0225-960x540.jpg 960w\" sizes=\"auto, (max-width: 950px) 100vw, 950px\" \/><\/figure><\/div><footer class=\"carousel-footer\"><div class=\"carousel-counter\"><span class=\"carousel-counter-current\"><\/span> \/ <span class=\"carousel-counter-total\"><\/span><\/div><a class=\"carousel-control-prev\" href=\"#gallery-1\" role=\"button\" data-slide=\"prev\"><svg aria-hidden=\"true\" class=\"svg-chevron-left-dims\"><use xlink:href='https:\/\/medicina.udd.cl\/fonoaudiologia-santiago\/wp-content\/themes\/facultades-2018\/assets\/img\/svg\/dist\/main.svg?version=1695853099#chevron-left'><\/use><\/svg><span class=\"sr-only\">Anterior<\/span><\/a><a class=\"carousel-control-next\" href=\"#gallery-1\" role=\"button\" data-slide=\"next\"><svg aria-hidden=\"true\" class=\"svg-chevron-right-dims\"><use xlink:href='https:\/\/medicina.udd.cl\/fonoaudiologia-santiago\/wp-content\/themes\/facultades-2018\/assets\/img\/svg\/dist\/main.svg?version=1695853099#chevron-right'><\/use><\/svg><span class=\"sr-only\">Siguiente<\/span><\/a><\/footer><\/div>\n<p>En el marco del tema \u201cManejo del paciente af\u00e1sico al alta\u201d el psiquiatra Carlos Cruz Mar\u00edn, habl\u00f3 sobre su experiencia tras haber sufrido un ACV hace cinco a\u00f1os, respondi\u00f3 preguntas y cre\u00f3 una jornada de aprendizaje para los alumnos entorno a las secuelas que se desprenden de esta condici\u00f3n.<\/p>\n<p>La tem\u00e1tica principal del encuentro comprendi\u00f3 la importancia de ponerse en el lugar del otro y de entender lo dif\u00edcil que puede resultar la reintegraci\u00f3n de una persona con afasia (trastorno del lenguaje).\u00a0Su testimonio permiti\u00f3 reflexionar sobre la importancia de educar a la sociedad en relaci\u00f3n a este tema, adem\u00e1s de los cuidados y el apoyo para promover la recuperaci\u00f3n.<\/p>\n<p>Cada persona tiene un tiempo de recuperaci\u00f3n y necesidad de un tratamiento prolongado diferentes. Los problemas con el hecho de movilizarse, pensar y hablar pueden mejorar en las primeras semanas o meses despu\u00e9s de un accidente cerebrovascular.\u00a0Moverse de un lado para otro y realizar algunas o todas las tareas normales, como vestirse y alimentarse, pueden ser m\u00e1s dif\u00edciles despu\u00e9s de sufrir este episodio.<\/p>\n<p>El profesional comparti\u00f3 tambi\u00e9n su m\u00e1s reciente libro llamado Mattantas\u00eda, biograf\u00eda sobre Roberto Matta que se puede descargar de forma gratuita desde el siguiente link <a href=\"http:\/\/www.researchgate.net\/publication\/326262154_Mattantasia\">www.researchgate.net\/publication\/326262154_Mattantasia<\/a><\/p>\n<p>&nbsp;<\/p>\n<p>&nbsp;<\/p>\n<p>&nbsp;<\/p>\n","protected":false},"excerpt":{"rendered":"<p>Carlos Cruz Mar\u00edn sufri\u00f3 un ataque cerebrovascular hace cinco a\u00f1os que lo dej\u00f3 con secuelas de habla. <\/p>\n","protected":false},"author":9192192,"featured_media":4196,"comment_status":"open","ping_status":"open","sticky":false,"template":"","format":"standard","meta":{"footnotes":""},"categories":[4],"tags":[],"class_list":["post-4194","post","type-post","status-publish","format-standard","has-post-thumbnail","hentry","category-noticias"],"yoast_head":"<!-- This site is optimized with the Yoast SEO plugin v26.9 - https:\/\/yoast.com\/product\/yoast-seo-wordpress\/ -->\n<title>Reconocido psiquiatra comparte su historia con la Carrera de Fonoaudiolog\u00eda - Fonoaudiolog\u00eda<\/title>\n<meta name=\"robots\" content=\"index, follow, max-snippet:-1, max-image-preview:large, max-video-preview:-1\" \/>\n<link rel=\"canonical\" href=\"https:\/\/medicina.udd.cl\/fonoaudiologia-santiago\/noticias\/2018\/10\/10\/reconocido-psiquiatra-comparte-su-historia-con-la-carrera-de-fonoaudiologia\/\" \/>\n<meta property=\"og:locale\" content=\"es_ES\" \/>\n<meta property=\"og:type\" content=\"article\" \/>\n<meta property=\"og:title\" content=\"Reconocido psiquiatra comparte su historia con la Carrera de Fonoaudiolog\u00eda - Fonoaudiolog\u00eda\" \/>\n<meta property=\"og:description\" content=\"Carlos Cruz Mar\u00edn sufri\u00f3 un ataque cerebrovascular hace cinco a\u00f1os que lo dej\u00f3 con secuelas de habla.\" \/>\n<meta property=\"og:url\" content=\"https:\/\/medicina.udd.cl\/fonoaudiologia-santiago\/noticias\/2018\/10\/10\/reconocido-psiquiatra-comparte-su-historia-con-la-carrera-de-fonoaudiologia\/\" \/>\n<meta property=\"og:site_name\" content=\"Fonoaudiolog\u00eda\" \/>\n<meta property=\"article:published_time\" content=\"2018-10-10T12:54:15+00:00\" \/>\n<meta property=\"article:modified_time\" content=\"2018-10-11T12:43:04+00:00\" \/>\n<meta property=\"og:image\" content=\"https:\/\/medicina.udd.cl\/fonoaudiologia-santiago\/files\/2018\/10\/DSC_0225-1024x576.jpg\" \/>\n\t<meta property=\"og:image:width\" content=\"1024\" \/>\n\t<meta property=\"og:image:height\" content=\"576\" \/>\n\t<meta property=\"og:image:type\" content=\"image\/jpeg\" \/>\n<meta name=\"author\" content=\"paulinamunoz\" \/>\n<meta name=\"twitter:label1\" content=\"Escrito por\" \/>\n\t<meta name=\"twitter:data1\" content=\"paulinamunoz\" \/>\n\t<meta name=\"twitter:label2\" content=\"Tiempo de lectura\" \/>\n\t<meta name=\"twitter:data2\" content=\"1 minuto\" \/>\n<script type=\"application\/ld+json\" class=\"yoast-schema-graph\">{\"@context\":\"https:\/\/schema.org\",\"@graph\":[{\"@type\":\"Article\",\"@id\":\"https:\/\/medicina.udd.cl\/fonoaudiologia-santiago\/noticias\/2018\/10\/10\/reconocido-psiquiatra-comparte-su-historia-con-la-carrera-de-fonoaudiologia\/#article\",\"isPartOf\":{\"@id\":\"https:\/\/medicina.udd.cl\/fonoaudiologia-santiago\/noticias\/2018\/10\/10\/reconocido-psiquiatra-comparte-su-historia-con-la-carrera-de-fonoaudiologia\/\"},\"author\":{\"name\":\"paulinamunoz\",\"@id\":\"https:\/\/medicina.udd.cl\/fonoaudiologia-santiago\/#\/schema\/person\/8bbd66125b574a40ec467c180c11f2e3\"},\"headline\":\"Reconocido psiquiatra comparte su historia con la Carrera de Fonoaudiolog\u00eda\",\"datePublished\":\"2018-10-10T12:54:15+00:00\",\"dateModified\":\"2018-10-11T12:43:04+00:00\",\"mainEntityOfPage\":{\"@id\":\"https:\/\/medicina.udd.cl\/fonoaudiologia-santiago\/noticias\/2018\/10\/10\/reconocido-psiquiatra-comparte-su-historia-con-la-carrera-de-fonoaudiologia\/\"},\"wordCount\":240,\"commentCount\":0,\"image\":{\"@id\":\"https:\/\/medicina.udd.cl\/fonoaudiologia-santiago\/noticias\/2018\/10\/10\/reconocido-psiquiatra-comparte-su-historia-con-la-carrera-de-fonoaudiologia\/#primaryimage\"},\"thumbnailUrl\":\"https:\/\/medicina.udd.cl\/fonoaudiologia-santiago\/files\/2018\/10\/DSC_0225.jpg\",\"articleSection\":[\"Noticias\"],\"inLanguage\":\"es\",\"potentialAction\":[{\"@type\":\"CommentAction\",\"name\":\"Comment\",\"target\":[\"https:\/\/medicina.udd.cl\/fonoaudiologia-santiago\/noticias\/2018\/10\/10\/reconocido-psiquiatra-comparte-su-historia-con-la-carrera-de-fonoaudiologia\/#respond\"]}]},{\"@type\":\"WebPage\",\"@id\":\"https:\/\/medicina.udd.cl\/fonoaudiologia-santiago\/noticias\/2018\/10\/10\/reconocido-psiquiatra-comparte-su-historia-con-la-carrera-de-fonoaudiologia\/\",\"url\":\"https:\/\/medicina.udd.cl\/fonoaudiologia-santiago\/noticias\/2018\/10\/10\/reconocido-psiquiatra-comparte-su-historia-con-la-carrera-de-fonoaudiologia\/\",\"name\":\"Reconocido psiquiatra comparte su historia con la Carrera de Fonoaudiolog\u00eda - Fonoaudiolog\u00eda\",\"isPartOf\":{\"@id\":\"https:\/\/medicina.udd.cl\/fonoaudiologia-santiago\/#website\"},\"primaryImageOfPage\":{\"@id\":\"https:\/\/medicina.udd.cl\/fonoaudiologia-santiago\/noticias\/2018\/10\/10\/reconocido-psiquiatra-comparte-su-historia-con-la-carrera-de-fonoaudiologia\/#primaryimage\"},\"image\":{\"@id\":\"https:\/\/medicina.udd.cl\/fonoaudiologia-santiago\/noticias\/2018\/10\/10\/reconocido-psiquiatra-comparte-su-historia-con-la-carrera-de-fonoaudiologia\/#primaryimage\"},\"thumbnailUrl\":\"https:\/\/medicina.udd.cl\/fonoaudiologia-santiago\/files\/2018\/10\/DSC_0225.jpg\",\"datePublished\":\"2018-10-10T12:54:15+00:00\",\"dateModified\":\"2018-10-11T12:43:04+00:00\",\"author\":{\"@id\":\"https:\/\/medicina.udd.cl\/fonoaudiologia-santiago\/#\/schema\/person\/8bbd66125b574a40ec467c180c11f2e3\"},\"breadcrumb\":{\"@id\":\"https:\/\/medicina.udd.cl\/fonoaudiologia-santiago\/noticias\/2018\/10\/10\/reconocido-psiquiatra-comparte-su-historia-con-la-carrera-de-fonoaudiologia\/#breadcrumb\"},\"inLanguage\":\"es\",\"potentialAction\":[{\"@type\":\"ReadAction\",\"target\":[\"https:\/\/medicina.udd.cl\/fonoaudiologia-santiago\/noticias\/2018\/10\/10\/reconocido-psiquiatra-comparte-su-historia-con-la-carrera-de-fonoaudiologia\/\"]}]},{\"@type\":\"ImageObject\",\"inLanguage\":\"es\",\"@id\":\"https:\/\/medicina.udd.cl\/fonoaudiologia-santiago\/noticias\/2018\/10\/10\/reconocido-psiquiatra-comparte-su-historia-con-la-carrera-de-fonoaudiologia\/#primaryimage\",\"url\":\"https:\/\/medicina.udd.cl\/fonoaudiologia-santiago\/files\/2018\/10\/DSC_0225.jpg\",\"contentUrl\":\"https:\/\/medicina.udd.cl\/fonoaudiologia-santiago\/files\/2018\/10\/DSC_0225.jpg\",\"width\":3920,\"height\":2204},{\"@type\":\"BreadcrumbList\",\"@id\":\"https:\/\/medicina.udd.cl\/fonoaudiologia-santiago\/noticias\/2018\/10\/10\/reconocido-psiquiatra-comparte-su-historia-con-la-carrera-de-fonoaudiologia\/#breadcrumb\",\"itemListElement\":[{\"@type\":\"ListItem\",\"position\":1,\"name\":\"Home\",\"item\":\"https:\/\/medicina.udd.cl\/fonoaudiologia-santiago\/\"},{\"@type\":\"ListItem\",\"position\":2,\"name\":\"Reconocido psiquiatra comparte su historia con la Carrera de Fonoaudiolog\u00eda\"}]},{\"@type\":\"WebSite\",\"@id\":\"https:\/\/medicina.udd.cl\/fonoaudiologia-santiago\/#website\",\"url\":\"https:\/\/medicina.udd.cl\/fonoaudiologia-santiago\/\",\"name\":\"Fonoaudiolog\u00eda\",\"description\":\"Facultad de Medicina Cl\u00ednica Alemana Universidad del Desarrollo\",\"inLanguage\":\"es\"},{\"@type\":\"Person\",\"@id\":\"https:\/\/medicina.udd.cl\/fonoaudiologia-santiago\/#\/schema\/person\/8bbd66125b574a40ec467c180c11f2e3\",\"name\":\"paulinamunoz\",\"image\":{\"@type\":\"ImageObject\",\"inLanguage\":\"es\",\"@id\":\"https:\/\/medicina.udd.cl\/fonoaudiologia-santiago\/#\/schema\/person\/image\/\",\"url\":\"https:\/\/secure.gravatar.com\/avatar\/748ce8fb74e8f8077c4966697a3b3710ca0019e71a62146890c0dcdc705e7f3d?s=96&d=mm&r=g\",\"contentUrl\":\"https:\/\/secure.gravatar.com\/avatar\/748ce8fb74e8f8077c4966697a3b3710ca0019e71a62146890c0dcdc705e7f3d?s=96&d=mm&r=g\",\"caption\":\"paulinamunoz\"},\"url\":\"https:\/\/medicina.udd.cl\/fonoaudiologia-santiago\/noticias\/author\/paulinamunoz\/\"}]}<\/script>\n<!-- \/ Yoast SEO plugin. -->","yoast_head_json":{"title":"Reconocido psiquiatra comparte su historia con la Carrera de Fonoaudiolog\u00eda - Fonoaudiolog\u00eda","robots":{"index":"index","follow":"follow","max-snippet":"max-snippet:-1","max-image-preview":"max-image-preview:large","max-video-preview":"max-video-preview:-1"},"canonical":"https:\/\/medicina.udd.cl\/fonoaudiologia-santiago\/noticias\/2018\/10\/10\/reconocido-psiquiatra-comparte-su-historia-con-la-carrera-de-fonoaudiologia\/","og_locale":"es_ES","og_type":"article","og_title":"Reconocido psiquiatra comparte su historia con la Carrera de Fonoaudiolog\u00eda - Fonoaudiolog\u00eda","og_description":"Carlos Cruz Mar\u00edn sufri\u00f3 un ataque cerebrovascular hace cinco a\u00f1os que lo dej\u00f3 con secuelas de habla.","og_url":"https:\/\/medicina.udd.cl\/fonoaudiologia-santiago\/noticias\/2018\/10\/10\/reconocido-psiquiatra-comparte-su-historia-con-la-carrera-de-fonoaudiologia\/","og_site_name":"Fonoaudiolog\u00eda","article_published_time":"2018-10-10T12:54:15+00:00","article_modified_time":"2018-10-11T12:43:04+00:00","og_image":[{"width":1024,"height":576,"url":"https:\/\/medicina.udd.cl\/fonoaudiologia-santiago\/files\/2018\/10\/DSC_0225-1024x576.jpg","type":"image\/jpeg"}],"author":"paulinamunoz","twitter_misc":{"Escrito por":"paulinamunoz","Tiempo de lectura":"1 minuto"},"schema":{"@context":"https:\/\/schema.org","@graph":[{"@type":"Article","@id":"https:\/\/medicina.udd.cl\/fonoaudiologia-santiago\/noticias\/2018\/10\/10\/reconocido-psiquiatra-comparte-su-historia-con-la-carrera-de-fonoaudiologia\/#article","isPartOf":{"@id":"https:\/\/medicina.udd.cl\/fonoaudiologia-santiago\/noticias\/2018\/10\/10\/reconocido-psiquiatra-comparte-su-historia-con-la-carrera-de-fonoaudiologia\/"},"author":{"name":"paulinamunoz","@id":"https:\/\/medicina.udd.cl\/fonoaudiologia-santiago\/#\/schema\/person\/8bbd66125b574a40ec467c180c11f2e3"},"headline":"Reconocido psiquiatra comparte su historia con la Carrera de Fonoaudiolog\u00eda","datePublished":"2018-10-10T12:54:15+00:00","dateModified":"2018-10-11T12:43:04+00:00","mainEntityOfPage":{"@id":"https:\/\/medicina.udd.cl\/fonoaudiologia-santiago\/noticias\/2018\/10\/10\/reconocido-psiquiatra-comparte-su-historia-con-la-carrera-de-fonoaudiologia\/"},"wordCount":240,"commentCount":0,"image":{"@id":"https:\/\/medicina.udd.cl\/fonoaudiologia-santiago\/noticias\/2018\/10\/10\/reconocido-psiquiatra-comparte-su-historia-con-la-carrera-de-fonoaudiologia\/#primaryimage"},"thumbnailUrl":"https:\/\/medicina.udd.cl\/fonoaudiologia-santiago\/files\/2018\/10\/DSC_0225.jpg","articleSection":["Noticias"],"inLanguage":"es","potentialAction":[{"@type":"CommentAction","name":"Comment","target":["https:\/\/medicina.udd.cl\/fonoaudiologia-santiago\/noticias\/2018\/10\/10\/reconocido-psiquiatra-comparte-su-historia-con-la-carrera-de-fonoaudiologia\/#respond"]}]},{"@type":"WebPage","@id":"https:\/\/medicina.udd.cl\/fonoaudiologia-santiago\/noticias\/2018\/10\/10\/reconocido-psiquiatra-comparte-su-historia-con-la-carrera-de-fonoaudiologia\/","url":"https:\/\/medicina.udd.cl\/fonoaudiologia-santiago\/noticias\/2018\/10\/10\/reconocido-psiquiatra-comparte-su-historia-con-la-carrera-de-fonoaudiologia\/","name":"Reconocido psiquiatra comparte su historia con la Carrera de Fonoaudiolog\u00eda - Fonoaudiolog\u00eda","isPartOf":{"@id":"https:\/\/medicina.udd.cl\/fonoaudiologia-santiago\/#website"},"primaryImageOfPage":{"@id":"https:\/\/medicina.udd.cl\/fonoaudiologia-santiago\/noticias\/2018\/10\/10\/reconocido-psiquiatra-comparte-su-historia-con-la-carrera-de-fonoaudiologia\/#primaryimage"},"image":{"@id":"https:\/\/medicina.udd.cl\/fonoaudiologia-santiago\/noticias\/2018\/10\/10\/reconocido-psiquiatra-comparte-su-historia-con-la-carrera-de-fonoaudiologia\/#primaryimage"},"thumbnailUrl":"https:\/\/medicina.udd.cl\/fonoaudiologia-santiago\/files\/2018\/10\/DSC_0225.jpg","datePublished":"2018-10-10T12:54:15+00:00","dateModified":"2018-10-11T12:43:04+00:00","author":{"@id":"https:\/\/medicina.udd.cl\/fonoaudiologia-santiago\/#\/schema\/person\/8bbd66125b574a40ec467c180c11f2e3"},"breadcrumb":{"@id":"https:\/\/medicina.udd.cl\/fonoaudiologia-santiago\/noticias\/2018\/10\/10\/reconocido-psiquiatra-comparte-su-historia-con-la-carrera-de-fonoaudiologia\/#breadcrumb"},"inLanguage":"es","potentialAction":[{"@type":"ReadAction","target":["https:\/\/medicina.udd.cl\/fonoaudiologia-santiago\/noticias\/2018\/10\/10\/reconocido-psiquiatra-comparte-su-historia-con-la-carrera-de-fonoaudiologia\/"]}]},{"@type":"ImageObject","inLanguage":"es","@id":"https:\/\/medicina.udd.cl\/fonoaudiologia-santiago\/noticias\/2018\/10\/10\/reconocido-psiquiatra-comparte-su-historia-con-la-carrera-de-fonoaudiologia\/#primaryimage","url":"https:\/\/medicina.udd.cl\/fonoaudiologia-santiago\/files\/2018\/10\/DSC_0225.jpg","contentUrl":"https:\/\/medicina.udd.cl\/fonoaudiologia-santiago\/files\/2018\/10\/DSC_0225.jpg","width":3920,"height":2204},{"@type":"BreadcrumbList","@id":"https:\/\/medicina.udd.cl\/fonoaudiologia-santiago\/noticias\/2018\/10\/10\/reconocido-psiquiatra-comparte-su-historia-con-la-carrera-de-fonoaudiologia\/#breadcrumb","itemListElement":[{"@type":"ListItem","position":1,"name":"Home","item":"https:\/\/medicina.udd.cl\/fonoaudiologia-santiago\/"},{"@type":"ListItem","position":2,"name":"Reconocido psiquiatra comparte su historia con la Carrera de Fonoaudiolog\u00eda"}]},{"@type":"WebSite","@id":"https:\/\/medicina.udd.cl\/fonoaudiologia-santiago\/#website","url":"https:\/\/medicina.udd.cl\/fonoaudiologia-santiago\/","name":"Fonoaudiolog\u00eda","description":"Facultad de Medicina Cl\u00ednica Alemana Universidad del Desarrollo","inLanguage":"es"},{"@type":"Person","@id":"https:\/\/medicina.udd.cl\/fonoaudiologia-santiago\/#\/schema\/person\/8bbd66125b574a40ec467c180c11f2e3","name":"paulinamunoz","image":{"@type":"ImageObject","inLanguage":"es","@id":"https:\/\/medicina.udd.cl\/fonoaudiologia-santiago\/#\/schema\/person\/image\/","url":"https:\/\/secure.gravatar.com\/avatar\/748ce8fb74e8f8077c4966697a3b3710ca0019e71a62146890c0dcdc705e7f3d?s=96&d=mm&r=g","contentUrl":"https:\/\/secure.gravatar.com\/avatar\/748ce8fb74e8f8077c4966697a3b3710ca0019e71a62146890c0dcdc705e7f3d?s=96&d=mm&r=g","caption":"paulinamunoz"},"url":"https:\/\/medicina.udd.cl\/fonoaudiologia-santiago\/noticias\/author\/paulinamunoz\/"}]}},"featured_image_url":"https:\/\/medicina.udd.cl\/fonoaudiologia-santiago\/files\/2018\/10\/DSC_0225.jpg","_links":{"self":[{"href":"https:\/\/medicina.udd.cl\/fonoaudiologia-santiago\/wp-json\/wp\/v2\/posts\/4194","targetHints":{"allow":["GET"]}}],"collection":[{"href":"https:\/\/medicina.udd.cl\/fonoaudiologia-santiago\/wp-json\/wp\/v2\/posts"}],"about":[{"href":"https:\/\/medicina.udd.cl\/fonoaudiologia-santiago\/wp-json\/wp\/v2\/types\/post"}],"author":[{"embeddable":true,"href":"https:\/\/medicina.udd.cl\/fonoaudiologia-santiago\/wp-json\/wp\/v2\/users\/9192192"}],"replies":[{"embeddable":true,"href":"https:\/\/medicina.udd.cl\/fonoaudiologia-santiago\/wp-json\/wp\/v2\/comments?post=4194"}],"version-history":[{"count":5,"href":"https:\/\/medicina.udd.cl\/fonoaudiologia-santiago\/wp-json\/wp\/v2\/posts\/4194\/revisions"}],"predecessor-version":[{"id":4202,"href":"https:\/\/medicina.udd.cl\/fonoaudiologia-santiago\/wp-json\/wp\/v2\/posts\/4194\/revisions\/4202"}],"wp:featuredmedia":[{"embeddable":true,"href":"https:\/\/medicina.udd.cl\/fonoaudiologia-santiago\/wp-json\/wp\/v2\/media\/4196"}],"wp:attachment":[{"href":"https:\/\/medicina.udd.cl\/fonoaudiologia-santiago\/wp-json\/wp\/v2\/media?parent=4194"}],"wp:term":[{"taxonomy":"category","embeddable":true,"href":"https:\/\/medicina.udd.cl\/fonoaudiologia-santiago\/wp-json\/wp\/v2\/categories?post=4194"},{"taxonomy":"post_tag","embeddable":true,"href":"https:\/\/medicina.udd.cl\/fonoaudiologia-santiago\/wp-json\/wp\/v2\/tags?post=4194"}],"curies":[{"name":"wp","href":"https:\/\/api.w.org\/{rel}","templated":true}]}}