{"id":4210,"date":"2018-11-27T10:30:11","date_gmt":"2018-11-27T13:30:11","guid":{"rendered":"http:\/\/medicina.udd.cl\/fonoaudiologia-santiago\/?p=4210"},"modified":"2018-12-03T11:40:42","modified_gmt":"2018-12-03T14:40:42","slug":"fonoaudiologia-realiza-ceremonia-de-investidura","status":"publish","type":"post","link":"https:\/\/medicina.udd.cl\/fonoaudiologia-santiago\/noticias\/2018\/11\/27\/fonoaudiologia-realiza-ceremonia-de-investidura\/","title":{"rendered":"Fonoaudiolog\u00eda realiza ceremonia de investidura"},"content":{"rendered":"<div id=\"gallery-1\" class=\"carousel slide carousel-gallery\" data-ride=\"false\" data-interval=\"false\"><div class=\"carousel-inner\" role=\"listbox\"><figure class=\"carousel-item active\"><img loading=\"lazy\" decoding=\"async\" width=\"801\" height=\"534\" src=\"https:\/\/medicina.udd.cl\/fonoaudiologia-santiago\/files\/2018\/11\/IMG_0420.jpg\" class=\"attachment-landscape_952 size-landscape_952\" alt=\"\" srcset=\"https:\/\/medicina.udd.cl\/fonoaudiologia-santiago\/files\/2018\/11\/IMG_0420.jpg 5184w, https:\/\/medicina.udd.cl\/fonoaudiologia-santiago\/files\/2018\/11\/IMG_0420-300x200.jpg 300w, https:\/\/medicina.udd.cl\/fonoaudiologia-santiago\/files\/2018\/11\/IMG_0420-768x512.jpg 768w, https:\/\/medicina.udd.cl\/fonoaudiologia-santiago\/files\/2018\/11\/IMG_0420-1024x683.jpg 1024w, https:\/\/medicina.udd.cl\/fonoaudiologia-santiago\/files\/2018\/11\/IMG_0420-960x640.jpg 960w\" sizes=\"auto, (max-width: 801px) 100vw, 801px\" \/><\/figure><figure class=\"carousel-item\"><img loading=\"lazy\" decoding=\"async\" width=\"801\" height=\"534\" src=\"https:\/\/medicina.udd.cl\/fonoaudiologia-santiago\/files\/2018\/11\/IMG_0477.jpg\" class=\"attachment-landscape_952 size-landscape_952\" alt=\"\" srcset=\"https:\/\/medicina.udd.cl\/fonoaudiologia-santiago\/files\/2018\/11\/IMG_0477.jpg 5184w, https:\/\/medicina.udd.cl\/fonoaudiologia-santiago\/files\/2018\/11\/IMG_0477-300x200.jpg 300w, https:\/\/medicina.udd.cl\/fonoaudiologia-santiago\/files\/2018\/11\/IMG_0477-768x512.jpg 768w, https:\/\/medicina.udd.cl\/fonoaudiologia-santiago\/files\/2018\/11\/IMG_0477-1024x683.jpg 1024w, https:\/\/medicina.udd.cl\/fonoaudiologia-santiago\/files\/2018\/11\/IMG_0477-960x640.jpg 960w\" sizes=\"auto, (max-width: 801px) 100vw, 801px\" \/><\/figure><figure class=\"carousel-item\"><img loading=\"lazy\" decoding=\"async\" width=\"762\" height=\"534\" src=\"https:\/\/medicina.udd.cl\/fonoaudiologia-santiago\/files\/2018\/11\/IMG_0621.jpg\" class=\"attachment-landscape_952 size-landscape_952\" alt=\"\" srcset=\"https:\/\/medicina.udd.cl\/fonoaudiologia-santiago\/files\/2018\/11\/IMG_0621.jpg 4830w, https:\/\/medicina.udd.cl\/fonoaudiologia-santiago\/files\/2018\/11\/IMG_0621-300x210.jpg 300w, https:\/\/medicina.udd.cl\/fonoaudiologia-santiago\/files\/2018\/11\/IMG_0621-768x538.jpg 768w, https:\/\/medicina.udd.cl\/fonoaudiologia-santiago\/files\/2018\/11\/IMG_0621-1024x717.jpg 1024w, https:\/\/medicina.udd.cl\/fonoaudiologia-santiago\/files\/2018\/11\/IMG_0621-87x62.jpg 87w, https:\/\/medicina.udd.cl\/fonoaudiologia-santiago\/files\/2018\/11\/IMG_0621-365x255.jpg 365w, https:\/\/medicina.udd.cl\/fonoaudiologia-santiago\/files\/2018\/11\/IMG_0621-960x673.jpg 960w\" sizes=\"auto, (max-width: 762px) 100vw, 762px\" \/><\/figure><figure class=\"carousel-item\"><img loading=\"lazy\" decoding=\"async\" width=\"801\" height=\"534\" src=\"https:\/\/medicina.udd.cl\/fonoaudiologia-santiago\/files\/2018\/11\/IMG_0607.jpg\" class=\"attachment-landscape_952 size-landscape_952\" alt=\"\" srcset=\"https:\/\/medicina.udd.cl\/fonoaudiologia-santiago\/files\/2018\/11\/IMG_0607.jpg 5184w, https:\/\/medicina.udd.cl\/fonoaudiologia-santiago\/files\/2018\/11\/IMG_0607-300x200.jpg 300w, https:\/\/medicina.udd.cl\/fonoaudiologia-santiago\/files\/2018\/11\/IMG_0607-768x512.jpg 768w, https:\/\/medicina.udd.cl\/fonoaudiologia-santiago\/files\/2018\/11\/IMG_0607-1024x683.jpg 1024w, https:\/\/medicina.udd.cl\/fonoaudiologia-santiago\/files\/2018\/11\/IMG_0607-960x640.jpg 960w\" sizes=\"auto, (max-width: 801px) 100vw, 801px\" \/><\/figure><figure class=\"carousel-item\"><img loading=\"lazy\" decoding=\"async\" width=\"755\" height=\"534\" src=\"https:\/\/medicina.udd.cl\/fonoaudiologia-santiago\/files\/2018\/11\/IMG_0500.jpg\" class=\"attachment-landscape_952 size-landscape_952\" alt=\"\" srcset=\"https:\/\/medicina.udd.cl\/fonoaudiologia-santiago\/files\/2018\/11\/IMG_0500.jpg 4884w, https:\/\/medicina.udd.cl\/fonoaudiologia-santiago\/files\/2018\/11\/IMG_0500-300x212.jpg 300w, https:\/\/medicina.udd.cl\/fonoaudiologia-santiago\/files\/2018\/11\/IMG_0500-768x543.jpg 768w, https:\/\/medicina.udd.cl\/fonoaudiologia-santiago\/files\/2018\/11\/IMG_0500-1024x725.jpg 1024w, https:\/\/medicina.udd.cl\/fonoaudiologia-santiago\/files\/2018\/11\/IMG_0500-316x224.jpg 316w, https:\/\/medicina.udd.cl\/fonoaudiologia-santiago\/files\/2018\/11\/IMG_0500-87x62.jpg 87w, https:\/\/medicina.udd.cl\/fonoaudiologia-santiago\/files\/2018\/11\/IMG_0500-960x679.jpg 960w\" sizes=\"auto, (max-width: 755px) 100vw, 755px\" \/><\/figure><figure class=\"carousel-item\"><img loading=\"lazy\" decoding=\"async\" width=\"801\" height=\"534\" src=\"https:\/\/medicina.udd.cl\/fonoaudiologia-santiago\/files\/2018\/11\/IMG_0487.jpg\" class=\"attachment-landscape_952 size-landscape_952\" alt=\"\" srcset=\"https:\/\/medicina.udd.cl\/fonoaudiologia-santiago\/files\/2018\/11\/IMG_0487.jpg 5184w, https:\/\/medicina.udd.cl\/fonoaudiologia-santiago\/files\/2018\/11\/IMG_0487-300x200.jpg 300w, https:\/\/medicina.udd.cl\/fonoaudiologia-santiago\/files\/2018\/11\/IMG_0487-768x512.jpg 768w, https:\/\/medicina.udd.cl\/fonoaudiologia-santiago\/files\/2018\/11\/IMG_0487-1024x683.jpg 1024w, https:\/\/medicina.udd.cl\/fonoaudiologia-santiago\/files\/2018\/11\/IMG_0487-960x640.jpg 960w\" sizes=\"auto, (max-width: 801px) 100vw, 801px\" \/><\/figure><figure class=\"carousel-item\"><img loading=\"lazy\" decoding=\"async\" width=\"801\" height=\"534\" src=\"https:\/\/medicina.udd.cl\/fonoaudiologia-santiago\/files\/2018\/11\/IMG_0637.jpg\" class=\"attachment-landscape_952 size-landscape_952\" alt=\"\" srcset=\"https:\/\/medicina.udd.cl\/fonoaudiologia-santiago\/files\/2018\/11\/IMG_0637.jpg 5184w, https:\/\/medicina.udd.cl\/fonoaudiologia-santiago\/files\/2018\/11\/IMG_0637-300x200.jpg 300w, https:\/\/medicina.udd.cl\/fonoaudiologia-santiago\/files\/2018\/11\/IMG_0637-768x512.jpg 768w, https:\/\/medicina.udd.cl\/fonoaudiologia-santiago\/files\/2018\/11\/IMG_0637-1024x683.jpg 1024w, https:\/\/medicina.udd.cl\/fonoaudiologia-santiago\/files\/2018\/11\/IMG_0637-960x640.jpg 960w\" sizes=\"auto, (max-width: 801px) 100vw, 801px\" \/><\/figure><figure class=\"carousel-item\"><img loading=\"lazy\" decoding=\"async\" width=\"796\" height=\"534\" src=\"https:\/\/medicina.udd.cl\/fonoaudiologia-santiago\/files\/2018\/11\/IMG_0380.jpg\" class=\"attachment-landscape_952 size-landscape_952\" alt=\"\" srcset=\"https:\/\/medicina.udd.cl\/fonoaudiologia-santiago\/files\/2018\/11\/IMG_0380.jpg 4872w, https:\/\/medicina.udd.cl\/fonoaudiologia-santiago\/files\/2018\/11\/IMG_0380-300x201.jpg 300w, https:\/\/medicina.udd.cl\/fonoaudiologia-santiago\/files\/2018\/11\/IMG_0380-768x515.jpg 768w, https:\/\/medicina.udd.cl\/fonoaudiologia-santiago\/files\/2018\/11\/IMG_0380-1024x687.jpg 1024w, https:\/\/medicina.udd.cl\/fonoaudiologia-santiago\/files\/2018\/11\/IMG_0380-960x644.jpg 960w\" sizes=\"auto, (max-width: 796px) 100vw, 796px\" \/><\/figure><figure class=\"carousel-item\"><img loading=\"lazy\" decoding=\"async\" width=\"792\" height=\"534\" src=\"https:\/\/medicina.udd.cl\/fonoaudiologia-santiago\/files\/2018\/11\/IMG_0388.jpg\" class=\"attachment-landscape_952 size-landscape_952\" alt=\"\" srcset=\"https:\/\/medicina.udd.cl\/fonoaudiologia-santiago\/files\/2018\/11\/IMG_0388.jpg 4896w, https:\/\/medicina.udd.cl\/fonoaudiologia-santiago\/files\/2018\/11\/IMG_0388-300x202.jpg 300w, https:\/\/medicina.udd.cl\/fonoaudiologia-santiago\/files\/2018\/11\/IMG_0388-768x518.jpg 768w, https:\/\/medicina.udd.cl\/fonoaudiologia-santiago\/files\/2018\/11\/IMG_0388-1024x690.jpg 1024w, https:\/\/medicina.udd.cl\/fonoaudiologia-santiago\/files\/2018\/11\/IMG_0388-960x647.jpg 960w\" sizes=\"auto, (max-width: 792px) 100vw, 792px\" \/><\/figure><figure class=\"carousel-item\"><img loading=\"lazy\" decoding=\"async\" width=\"782\" height=\"534\" src=\"https:\/\/medicina.udd.cl\/fonoaudiologia-santiago\/files\/2018\/11\/IMG_0451.jpg\" class=\"attachment-landscape_952 size-landscape_952\" alt=\"\" srcset=\"https:\/\/medicina.udd.cl\/fonoaudiologia-santiago\/files\/2018\/11\/IMG_0451.jpg 4710w, https:\/\/medicina.udd.cl\/fonoaudiologia-santiago\/files\/2018\/11\/IMG_0451-300x205.jpg 300w, https:\/\/medicina.udd.cl\/fonoaudiologia-santiago\/files\/2018\/11\/IMG_0451-768x524.jpg 768w, https:\/\/medicina.udd.cl\/fonoaudiologia-santiago\/files\/2018\/11\/IMG_0451-1024x699.jpg 1024w, https:\/\/medicina.udd.cl\/fonoaudiologia-santiago\/files\/2018\/11\/IMG_0451-960x655.jpg 960w\" sizes=\"auto, (max-width: 782px) 100vw, 782px\" \/><\/figure><figure class=\"carousel-item\"><img loading=\"lazy\" decoding=\"async\" width=\"801\" height=\"534\" src=\"https:\/\/medicina.udd.cl\/fonoaudiologia-santiago\/files\/2018\/11\/IMG_0950.jpg\" class=\"attachment-landscape_952 size-landscape_952\" alt=\"\" srcset=\"https:\/\/medicina.udd.cl\/fonoaudiologia-santiago\/files\/2018\/11\/IMG_0950.jpg 5184w, https:\/\/medicina.udd.cl\/fonoaudiologia-santiago\/files\/2018\/11\/IMG_0950-300x200.jpg 300w, https:\/\/medicina.udd.cl\/fonoaudiologia-santiago\/files\/2018\/11\/IMG_0950-768x512.jpg 768w, https:\/\/medicina.udd.cl\/fonoaudiologia-santiago\/files\/2018\/11\/IMG_0950-1024x683.jpg 1024w, https:\/\/medicina.udd.cl\/fonoaudiologia-santiago\/files\/2018\/11\/IMG_0950-960x640.jpg 960w\" sizes=\"auto, (max-width: 801px) 100vw, 801px\" \/><\/figure><\/div><footer class=\"carousel-footer\"><div class=\"carousel-counter\"><span class=\"carousel-counter-current\"><\/span> \/ <span class=\"carousel-counter-total\"><\/span><\/div><a class=\"carousel-control-prev\" href=\"#gallery-1\" role=\"button\" data-slide=\"prev\"><svg aria-hidden=\"true\" class=\"svg-chevron-left-dims\"><use xlink:href='https:\/\/medicina.udd.cl\/fonoaudiologia-santiago\/wp-content\/themes\/facultades-2018\/assets\/img\/svg\/dist\/main.svg?version=1695853099#chevron-left'><\/use><\/svg><span class=\"sr-only\">Anterior<\/span><\/a><a class=\"carousel-control-next\" href=\"#gallery-1\" role=\"button\" data-slide=\"next\"><svg aria-hidden=\"true\" class=\"svg-chevron-right-dims\"><use xlink:href='https:\/\/medicina.udd.cl\/fonoaudiologia-santiago\/wp-content\/themes\/facultades-2018\/assets\/img\/svg\/dist\/main.svg?version=1695853099#chevron-right'><\/use><\/svg><span class=\"sr-only\">Siguiente<\/span><\/a><\/footer><\/div>\n<p>Durante la ceremonia, realizada en el Aula Magna del campus Las Condes, los alumnos usaron por primera vez su uniforme ante la presencia de autoridades de la Facultad de Medicina Cl\u00ednica Alemana Universidad del Desarrollo, docentes, alumnos, familiares y amigos.<\/p>\n<p>En la actividad, la directora y coordinadora acad\u00e9mica de Fonoaudiolog\u00eda UDD, Mar\u00eda Ang\u00e9lica L\u00f3pez y Mar\u00eda Antonella Urz\u00faa, dieron la bienvenida a los asistentes y presentaron la carrera antes de comenzar con el llamado de los alumnos al escenario en t\u00e9rminos de formaci\u00f3n y vocaci\u00f3n.<\/p>\n<p>Durante el transcurso de la jornada, profesores y alumnos subieron al escenario a cantar, y los estudiantes Isidora S\u00e1nchez y Benjam\u00edn Dur\u00e1n fueron los encargados de dar el discurso a nombre de\u00a0la generaci\u00f3n.<\/p>\n<p>Finalmente, los coordinadores de cada \u00e1rea; habla, infantil, adulto, voz, investigaci\u00f3n, audiolog\u00eda, ling\u00fc\u00edstica, habilitaci\u00f3n profesional, presentaron a su equipo de trabajo e hicieron un regalo musical.<\/p>\n","protected":false},"excerpt":{"rendered":"<p>Como parte del proceso de habilitaci\u00f3n profesional, la carrera de Fonoaudiolog\u00eda de la Universidad del Desarrollo invisti\u00f3 a los estudiantes de cuarto a\u00f1o.<\/p>\n","protected":false},"author":9192192,"featured_media":4211,"comment_status":"open","ping_status":"open","sticky":false,"template":"","format":"standard","meta":{"footnotes":""},"categories":[4],"tags":[],"class_list":["post-4210","post","type-post","status-publish","format-standard","has-post-thumbnail","hentry","category-noticias"],"yoast_head":"<!-- This site is optimized with the Yoast SEO plugin v26.9 - https:\/\/yoast.com\/product\/yoast-seo-wordpress\/ -->\n<title>Fonoaudiolog\u00eda realiza ceremonia de investidura - Fonoaudiolog\u00eda<\/title>\n<meta name=\"robots\" content=\"index, follow, max-snippet:-1, max-image-preview:large, max-video-preview:-1\" \/>\n<link rel=\"canonical\" href=\"https:\/\/medicina.udd.cl\/fonoaudiologia-santiago\/noticias\/2018\/11\/27\/fonoaudiologia-realiza-ceremonia-de-investidura\/\" \/>\n<meta property=\"og:locale\" content=\"es_ES\" \/>\n<meta property=\"og:type\" content=\"article\" \/>\n<meta property=\"og:title\" content=\"Fonoaudiolog\u00eda realiza ceremonia de investidura - Fonoaudiolog\u00eda\" \/>\n<meta property=\"og:description\" content=\"Como parte del proceso de habilitaci\u00f3n profesional, la carrera de Fonoaudiolog\u00eda de la Universidad del Desarrollo invisti\u00f3 a los estudiantes de cuarto a\u00f1o.\" \/>\n<meta property=\"og:url\" content=\"https:\/\/medicina.udd.cl\/fonoaudiologia-santiago\/noticias\/2018\/11\/27\/fonoaudiologia-realiza-ceremonia-de-investidura\/\" \/>\n<meta property=\"og:site_name\" content=\"Fonoaudiolog\u00eda\" \/>\n<meta property=\"article:published_time\" content=\"2018-11-27T13:30:11+00:00\" \/>\n<meta property=\"article:modified_time\" content=\"2018-12-03T14:40:42+00:00\" \/>\n<meta property=\"og:image\" content=\"https:\/\/medicina.udd.cl\/fonoaudiologia-santiago\/files\/2018\/11\/IMG_0380.jpg\" \/>\n\t<meta property=\"og:image:width\" content=\"4872\" \/>\n\t<meta property=\"og:image:height\" content=\"3270\" \/>\n\t<meta property=\"og:image:type\" content=\"image\/jpeg\" \/>\n<meta name=\"author\" content=\"paulinamunoz\" \/>\n<meta name=\"twitter:label1\" content=\"Escrito por\" \/>\n\t<meta name=\"twitter:data1\" content=\"paulinamunoz\" \/>\n\t<meta name=\"twitter:label2\" content=\"Tiempo de lectura\" \/>\n\t<meta name=\"twitter:data2\" content=\"1 minuto\" \/>\n<script type=\"application\/ld+json\" class=\"yoast-schema-graph\">{\"@context\":\"https:\/\/schema.org\",\"@graph\":[{\"@type\":\"Article\",\"@id\":\"https:\/\/medicina.udd.cl\/fonoaudiologia-santiago\/noticias\/2018\/11\/27\/fonoaudiologia-realiza-ceremonia-de-investidura\/#article\",\"isPartOf\":{\"@id\":\"https:\/\/medicina.udd.cl\/fonoaudiologia-santiago\/noticias\/2018\/11\/27\/fonoaudiologia-realiza-ceremonia-de-investidura\/\"},\"author\":{\"name\":\"paulinamunoz\",\"@id\":\"https:\/\/medicina.udd.cl\/fonoaudiologia-santiago\/#\/schema\/person\/8bbd66125b574a40ec467c180c11f2e3\"},\"headline\":\"Fonoaudiolog\u00eda realiza ceremonia de investidura\",\"datePublished\":\"2018-11-27T13:30:11+00:00\",\"dateModified\":\"2018-12-03T14:40:42+00:00\",\"mainEntityOfPage\":{\"@id\":\"https:\/\/medicina.udd.cl\/fonoaudiologia-santiago\/noticias\/2018\/11\/27\/fonoaudiologia-realiza-ceremonia-de-investidura\/\"},\"wordCount\":172,\"commentCount\":0,\"image\":{\"@id\":\"https:\/\/medicina.udd.cl\/fonoaudiologia-santiago\/noticias\/2018\/11\/27\/fonoaudiologia-realiza-ceremonia-de-investidura\/#primaryimage\"},\"thumbnailUrl\":\"https:\/\/medicina.udd.cl\/fonoaudiologia-santiago\/files\/2018\/11\/IMG_0380.jpg\",\"articleSection\":[\"Noticias\"],\"inLanguage\":\"es\",\"potentialAction\":[{\"@type\":\"CommentAction\",\"name\":\"Comment\",\"target\":[\"https:\/\/medicina.udd.cl\/fonoaudiologia-santiago\/noticias\/2018\/11\/27\/fonoaudiologia-realiza-ceremonia-de-investidura\/#respond\"]}]},{\"@type\":\"WebPage\",\"@id\":\"https:\/\/medicina.udd.cl\/fonoaudiologia-santiago\/noticias\/2018\/11\/27\/fonoaudiologia-realiza-ceremonia-de-investidura\/\",\"url\":\"https:\/\/medicina.udd.cl\/fonoaudiologia-santiago\/noticias\/2018\/11\/27\/fonoaudiologia-realiza-ceremonia-de-investidura\/\",\"name\":\"Fonoaudiolog\u00eda realiza ceremonia de investidura - Fonoaudiolog\u00eda\",\"isPartOf\":{\"@id\":\"https:\/\/medicina.udd.cl\/fonoaudiologia-santiago\/#website\"},\"primaryImageOfPage\":{\"@id\":\"https:\/\/medicina.udd.cl\/fonoaudiologia-santiago\/noticias\/2018\/11\/27\/fonoaudiologia-realiza-ceremonia-de-investidura\/#primaryimage\"},\"image\":{\"@id\":\"https:\/\/medicina.udd.cl\/fonoaudiologia-santiago\/noticias\/2018\/11\/27\/fonoaudiologia-realiza-ceremonia-de-investidura\/#primaryimage\"},\"thumbnailUrl\":\"https:\/\/medicina.udd.cl\/fonoaudiologia-santiago\/files\/2018\/11\/IMG_0380.jpg\",\"datePublished\":\"2018-11-27T13:30:11+00:00\",\"dateModified\":\"2018-12-03T14:40:42+00:00\",\"author\":{\"@id\":\"https:\/\/medicina.udd.cl\/fonoaudiologia-santiago\/#\/schema\/person\/8bbd66125b574a40ec467c180c11f2e3\"},\"breadcrumb\":{\"@id\":\"https:\/\/medicina.udd.cl\/fonoaudiologia-santiago\/noticias\/2018\/11\/27\/fonoaudiologia-realiza-ceremonia-de-investidura\/#breadcrumb\"},\"inLanguage\":\"es\",\"potentialAction\":[{\"@type\":\"ReadAction\",\"target\":[\"https:\/\/medicina.udd.cl\/fonoaudiologia-santiago\/noticias\/2018\/11\/27\/fonoaudiologia-realiza-ceremonia-de-investidura\/\"]}]},{\"@type\":\"ImageObject\",\"inLanguage\":\"es\",\"@id\":\"https:\/\/medicina.udd.cl\/fonoaudiologia-santiago\/noticias\/2018\/11\/27\/fonoaudiologia-realiza-ceremonia-de-investidura\/#primaryimage\",\"url\":\"https:\/\/medicina.udd.cl\/fonoaudiologia-santiago\/files\/2018\/11\/IMG_0380.jpg\",\"contentUrl\":\"https:\/\/medicina.udd.cl\/fonoaudiologia-santiago\/files\/2018\/11\/IMG_0380.jpg\",\"width\":4872,\"height\":3270},{\"@type\":\"BreadcrumbList\",\"@id\":\"https:\/\/medicina.udd.cl\/fonoaudiologia-santiago\/noticias\/2018\/11\/27\/fonoaudiologia-realiza-ceremonia-de-investidura\/#breadcrumb\",\"itemListElement\":[{\"@type\":\"ListItem\",\"position\":1,\"name\":\"Home\",\"item\":\"https:\/\/medicina.udd.cl\/fonoaudiologia-santiago\/\"},{\"@type\":\"ListItem\",\"position\":2,\"name\":\"Fonoaudiolog\u00eda realiza ceremonia de investidura\"}]},{\"@type\":\"WebSite\",\"@id\":\"https:\/\/medicina.udd.cl\/fonoaudiologia-santiago\/#website\",\"url\":\"https:\/\/medicina.udd.cl\/fonoaudiologia-santiago\/\",\"name\":\"Fonoaudiolog\u00eda\",\"description\":\"Facultad de Medicina Cl\u00ednica Alemana Universidad del Desarrollo\",\"inLanguage\":\"es\"},{\"@type\":\"Person\",\"@id\":\"https:\/\/medicina.udd.cl\/fonoaudiologia-santiago\/#\/schema\/person\/8bbd66125b574a40ec467c180c11f2e3\",\"name\":\"paulinamunoz\",\"image\":{\"@type\":\"ImageObject\",\"inLanguage\":\"es\",\"@id\":\"https:\/\/medicina.udd.cl\/fonoaudiologia-santiago\/#\/schema\/person\/image\/\",\"url\":\"https:\/\/secure.gravatar.com\/avatar\/748ce8fb74e8f8077c4966697a3b3710ca0019e71a62146890c0dcdc705e7f3d?s=96&d=mm&r=g\",\"contentUrl\":\"https:\/\/secure.gravatar.com\/avatar\/748ce8fb74e8f8077c4966697a3b3710ca0019e71a62146890c0dcdc705e7f3d?s=96&d=mm&r=g\",\"caption\":\"paulinamunoz\"},\"url\":\"https:\/\/medicina.udd.cl\/fonoaudiologia-santiago\/noticias\/author\/paulinamunoz\/\"}]}<\/script>\n<!-- \/ Yoast SEO plugin. -->","yoast_head_json":{"title":"Fonoaudiolog\u00eda realiza ceremonia de investidura - Fonoaudiolog\u00eda","robots":{"index":"index","follow":"follow","max-snippet":"max-snippet:-1","max-image-preview":"max-image-preview:large","max-video-preview":"max-video-preview:-1"},"canonical":"https:\/\/medicina.udd.cl\/fonoaudiologia-santiago\/noticias\/2018\/11\/27\/fonoaudiologia-realiza-ceremonia-de-investidura\/","og_locale":"es_ES","og_type":"article","og_title":"Fonoaudiolog\u00eda realiza ceremonia de investidura - Fonoaudiolog\u00eda","og_description":"Como parte del proceso de habilitaci\u00f3n profesional, la carrera de Fonoaudiolog\u00eda de la Universidad del Desarrollo invisti\u00f3 a los estudiantes de cuarto a\u00f1o.","og_url":"https:\/\/medicina.udd.cl\/fonoaudiologia-santiago\/noticias\/2018\/11\/27\/fonoaudiologia-realiza-ceremonia-de-investidura\/","og_site_name":"Fonoaudiolog\u00eda","article_published_time":"2018-11-27T13:30:11+00:00","article_modified_time":"2018-12-03T14:40:42+00:00","og_image":[{"width":4872,"height":3270,"url":"https:\/\/medicina.udd.cl\/fonoaudiologia-santiago\/files\/2018\/11\/IMG_0380.jpg","type":"image\/jpeg"}],"author":"paulinamunoz","twitter_misc":{"Escrito por":"paulinamunoz","Tiempo de lectura":"1 minuto"},"schema":{"@context":"https:\/\/schema.org","@graph":[{"@type":"Article","@id":"https:\/\/medicina.udd.cl\/fonoaudiologia-santiago\/noticias\/2018\/11\/27\/fonoaudiologia-realiza-ceremonia-de-investidura\/#article","isPartOf":{"@id":"https:\/\/medicina.udd.cl\/fonoaudiologia-santiago\/noticias\/2018\/11\/27\/fonoaudiologia-realiza-ceremonia-de-investidura\/"},"author":{"name":"paulinamunoz","@id":"https:\/\/medicina.udd.cl\/fonoaudiologia-santiago\/#\/schema\/person\/8bbd66125b574a40ec467c180c11f2e3"},"headline":"Fonoaudiolog\u00eda realiza ceremonia de investidura","datePublished":"2018-11-27T13:30:11+00:00","dateModified":"2018-12-03T14:40:42+00:00","mainEntityOfPage":{"@id":"https:\/\/medicina.udd.cl\/fonoaudiologia-santiago\/noticias\/2018\/11\/27\/fonoaudiologia-realiza-ceremonia-de-investidura\/"},"wordCount":172,"commentCount":0,"image":{"@id":"https:\/\/medicina.udd.cl\/fonoaudiologia-santiago\/noticias\/2018\/11\/27\/fonoaudiologia-realiza-ceremonia-de-investidura\/#primaryimage"},"thumbnailUrl":"https:\/\/medicina.udd.cl\/fonoaudiologia-santiago\/files\/2018\/11\/IMG_0380.jpg","articleSection":["Noticias"],"inLanguage":"es","potentialAction":[{"@type":"CommentAction","name":"Comment","target":["https:\/\/medicina.udd.cl\/fonoaudiologia-santiago\/noticias\/2018\/11\/27\/fonoaudiologia-realiza-ceremonia-de-investidura\/#respond"]}]},{"@type":"WebPage","@id":"https:\/\/medicina.udd.cl\/fonoaudiologia-santiago\/noticias\/2018\/11\/27\/fonoaudiologia-realiza-ceremonia-de-investidura\/","url":"https:\/\/medicina.udd.cl\/fonoaudiologia-santiago\/noticias\/2018\/11\/27\/fonoaudiologia-realiza-ceremonia-de-investidura\/","name":"Fonoaudiolog\u00eda realiza ceremonia de investidura - Fonoaudiolog\u00eda","isPartOf":{"@id":"https:\/\/medicina.udd.cl\/fonoaudiologia-santiago\/#website"},"primaryImageOfPage":{"@id":"https:\/\/medicina.udd.cl\/fonoaudiologia-santiago\/noticias\/2018\/11\/27\/fonoaudiologia-realiza-ceremonia-de-investidura\/#primaryimage"},"image":{"@id":"https:\/\/medicina.udd.cl\/fonoaudiologia-santiago\/noticias\/2018\/11\/27\/fonoaudiologia-realiza-ceremonia-de-investidura\/#primaryimage"},"thumbnailUrl":"https:\/\/medicina.udd.cl\/fonoaudiologia-santiago\/files\/2018\/11\/IMG_0380.jpg","datePublished":"2018-11-27T13:30:11+00:00","dateModified":"2018-12-03T14:40:42+00:00","author":{"@id":"https:\/\/medicina.udd.cl\/fonoaudiologia-santiago\/#\/schema\/person\/8bbd66125b574a40ec467c180c11f2e3"},"breadcrumb":{"@id":"https:\/\/medicina.udd.cl\/fonoaudiologia-santiago\/noticias\/2018\/11\/27\/fonoaudiologia-realiza-ceremonia-de-investidura\/#breadcrumb"},"inLanguage":"es","potentialAction":[{"@type":"ReadAction","target":["https:\/\/medicina.udd.cl\/fonoaudiologia-santiago\/noticias\/2018\/11\/27\/fonoaudiologia-realiza-ceremonia-de-investidura\/"]}]},{"@type":"ImageObject","inLanguage":"es","@id":"https:\/\/medicina.udd.cl\/fonoaudiologia-santiago\/noticias\/2018\/11\/27\/fonoaudiologia-realiza-ceremonia-de-investidura\/#primaryimage","url":"https:\/\/medicina.udd.cl\/fonoaudiologia-santiago\/files\/2018\/11\/IMG_0380.jpg","contentUrl":"https:\/\/medicina.udd.cl\/fonoaudiologia-santiago\/files\/2018\/11\/IMG_0380.jpg","width":4872,"height":3270},{"@type":"BreadcrumbList","@id":"https:\/\/medicina.udd.cl\/fonoaudiologia-santiago\/noticias\/2018\/11\/27\/fonoaudiologia-realiza-ceremonia-de-investidura\/#breadcrumb","itemListElement":[{"@type":"ListItem","position":1,"name":"Home","item":"https:\/\/medicina.udd.cl\/fonoaudiologia-santiago\/"},{"@type":"ListItem","position":2,"name":"Fonoaudiolog\u00eda realiza ceremonia de investidura"}]},{"@type":"WebSite","@id":"https:\/\/medicina.udd.cl\/fonoaudiologia-santiago\/#website","url":"https:\/\/medicina.udd.cl\/fonoaudiologia-santiago\/","name":"Fonoaudiolog\u00eda","description":"Facultad de Medicina Cl\u00ednica Alemana Universidad del Desarrollo","inLanguage":"es"},{"@type":"Person","@id":"https:\/\/medicina.udd.cl\/fonoaudiologia-santiago\/#\/schema\/person\/8bbd66125b574a40ec467c180c11f2e3","name":"paulinamunoz","image":{"@type":"ImageObject","inLanguage":"es","@id":"https:\/\/medicina.udd.cl\/fonoaudiologia-santiago\/#\/schema\/person\/image\/","url":"https:\/\/secure.gravatar.com\/avatar\/748ce8fb74e8f8077c4966697a3b3710ca0019e71a62146890c0dcdc705e7f3d?s=96&d=mm&r=g","contentUrl":"https:\/\/secure.gravatar.com\/avatar\/748ce8fb74e8f8077c4966697a3b3710ca0019e71a62146890c0dcdc705e7f3d?s=96&d=mm&r=g","caption":"paulinamunoz"},"url":"https:\/\/medicina.udd.cl\/fonoaudiologia-santiago\/noticias\/author\/paulinamunoz\/"}]}},"featured_image_url":"https:\/\/medicina.udd.cl\/fonoaudiologia-santiago\/files\/2018\/11\/IMG_0380.jpg","_links":{"self":[{"href":"https:\/\/medicina.udd.cl\/fonoaudiologia-santiago\/wp-json\/wp\/v2\/posts\/4210","targetHints":{"allow":["GET"]}}],"collection":[{"href":"https:\/\/medicina.udd.cl\/fonoaudiologia-santiago\/wp-json\/wp\/v2\/posts"}],"about":[{"href":"https:\/\/medicina.udd.cl\/fonoaudiologia-santiago\/wp-json\/wp\/v2\/types\/post"}],"author":[{"embeddable":true,"href":"https:\/\/medicina.udd.cl\/fonoaudiologia-santiago\/wp-json\/wp\/v2\/users\/9192192"}],"replies":[{"embeddable":true,"href":"https:\/\/medicina.udd.cl\/fonoaudiologia-santiago\/wp-json\/wp\/v2\/comments?post=4210"}],"version-history":[{"count":2,"href":"https:\/\/medicina.udd.cl\/fonoaudiologia-santiago\/wp-json\/wp\/v2\/posts\/4210\/revisions"}],"predecessor-version":[{"id":4224,"href":"https:\/\/medicina.udd.cl\/fonoaudiologia-santiago\/wp-json\/wp\/v2\/posts\/4210\/revisions\/4224"}],"wp:featuredmedia":[{"embeddable":true,"href":"https:\/\/medicina.udd.cl\/fonoaudiologia-santiago\/wp-json\/wp\/v2\/media\/4211"}],"wp:attachment":[{"href":"https:\/\/medicina.udd.cl\/fonoaudiologia-santiago\/wp-json\/wp\/v2\/media?parent=4210"}],"wp:term":[{"taxonomy":"category","embeddable":true,"href":"https:\/\/medicina.udd.cl\/fonoaudiologia-santiago\/wp-json\/wp\/v2\/categories?post=4210"},{"taxonomy":"post_tag","embeddable":true,"href":"https:\/\/medicina.udd.cl\/fonoaudiologia-santiago\/wp-json\/wp\/v2\/tags?post=4210"}],"curies":[{"name":"wp","href":"https:\/\/api.w.org\/{rel}","templated":true}]}}