{"id":427,"date":"2011-01-10T11:18:12","date_gmt":"2011-01-10T14:18:12","guid":{"rendered":"http:\/\/medicina.udd.cl\/fonoaudiologia-santiago\/?p=427"},"modified":"2011-08-02T17:39:46","modified_gmt":"2011-08-02T21:39:46","slug":"ejercicios-que-restauran-la-funcion-vocal","status":"publish","type":"post","link":"https:\/\/medicina.udd.cl\/fonoaudiologia-santiago\/noticias\/2011\/01\/10\/ejercicios-que-restauran-la-funcion-vocal\/","title":{"rendered":"Ejercicios que restauran la funci\u00f3n vocal"},"content":{"rendered":"<div id=\"gallery-1\" class=\"carousel slide carousel-gallery\" data-ride=\"false\" data-interval=\"false\"><div class=\"carousel-inner\" role=\"listbox\"><figure class=\"carousel-item active\"><img loading=\"lazy\" decoding=\"async\" width=\"712\" height=\"534\" src=\"https:\/\/medicina.udd.cl\/fonoaudiologia-santiago\/files\/2011\/01\/ganador.jpg\" class=\"attachment-landscape_952 size-landscape_952\" alt=\"\" srcset=\"https:\/\/medicina.udd.cl\/fonoaudiologia-santiago\/files\/2011\/01\/ganador.jpg 1600w, https:\/\/medicina.udd.cl\/fonoaudiologia-santiago\/files\/2011\/01\/ganador-300x225.jpg 300w, https:\/\/medicina.udd.cl\/fonoaudiologia-santiago\/files\/2011\/01\/ganador-768x576.jpg 768w, https:\/\/medicina.udd.cl\/fonoaudiologia-santiago\/files\/2011\/01\/ganador-1024x768.jpg 1024w, https:\/\/medicina.udd.cl\/fonoaudiologia-santiago\/files\/2011\/01\/ganador-960x720.jpg 960w\" sizes=\"auto, (max-width: 712px) 100vw, 712px\" \/><\/figure><figure class=\"carousel-item\"><img loading=\"lazy\" decoding=\"async\" width=\"707\" height=\"534\" src=\"https:\/\/medicina.udd.cl\/fonoaudiologia-santiago\/files\/2011\/01\/curso-9.jpg\" class=\"attachment-landscape_952 size-landscape_952\" alt=\"\" srcset=\"https:\/\/medicina.udd.cl\/fonoaudiologia-santiago\/files\/2011\/01\/curso-9.jpg 1915w, https:\/\/medicina.udd.cl\/fonoaudiologia-santiago\/files\/2011\/01\/curso-9-300x227.jpg 300w, https:\/\/medicina.udd.cl\/fonoaudiologia-santiago\/files\/2011\/01\/curso-9-768x580.jpg 768w, https:\/\/medicina.udd.cl\/fonoaudiologia-santiago\/files\/2011\/01\/curso-9-1024x774.jpg 1024w, https:\/\/medicina.udd.cl\/fonoaudiologia-santiago\/files\/2011\/01\/curso-9-960x725.jpg 960w\" sizes=\"auto, (max-width: 707px) 100vw, 707px\" \/><\/figure><figure class=\"carousel-item\"><img loading=\"lazy\" decoding=\"async\" width=\"712\" height=\"534\" src=\"https:\/\/medicina.udd.cl\/fonoaudiologia-santiago\/files\/2011\/01\/curso-3.jpg\" class=\"attachment-landscape_952 size-landscape_952\" alt=\"\" srcset=\"https:\/\/medicina.udd.cl\/fonoaudiologia-santiago\/files\/2011\/01\/curso-3.jpg 2048w, https:\/\/medicina.udd.cl\/fonoaudiologia-santiago\/files\/2011\/01\/curso-3-300x225.jpg 300w, https:\/\/medicina.udd.cl\/fonoaudiologia-santiago\/files\/2011\/01\/curso-3-768x576.jpg 768w, https:\/\/medicina.udd.cl\/fonoaudiologia-santiago\/files\/2011\/01\/curso-3-1024x768.jpg 1024w, https:\/\/medicina.udd.cl\/fonoaudiologia-santiago\/files\/2011\/01\/curso-3-960x720.jpg 960w\" sizes=\"auto, (max-width: 712px) 100vw, 712px\" \/><\/figure><figure class=\"carousel-item\"><img loading=\"lazy\" decoding=\"async\" width=\"811\" height=\"534\" src=\"https:\/\/medicina.udd.cl\/fonoaudiologia-santiago\/files\/2011\/01\/curso-4-e1294670200975.jpg\" class=\"attachment-landscape_952 size-landscape_952\" alt=\"\" srcset=\"https:\/\/medicina.udd.cl\/fonoaudiologia-santiago\/files\/2011\/01\/curso-4-e1294670200975.jpg 2037w, https:\/\/medicina.udd.cl\/fonoaudiologia-santiago\/files\/2011\/01\/curso-4-e1294670200975-300x197.jpg 300w, https:\/\/medicina.udd.cl\/fonoaudiologia-santiago\/files\/2011\/01\/curso-4-e1294670200975-768x506.jpg 768w, https:\/\/medicina.udd.cl\/fonoaudiologia-santiago\/files\/2011\/01\/curso-4-e1294670200975-1024x674.jpg 1024w, https:\/\/medicina.udd.cl\/fonoaudiologia-santiago\/files\/2011\/01\/curso-4-e1294670200975-960x632.jpg 960w\" sizes=\"auto, (max-width: 811px) 100vw, 811px\" \/><\/figure><figure class=\"carousel-item\"><img loading=\"lazy\" decoding=\"async\" width=\"712\" height=\"534\" src=\"https:\/\/medicina.udd.cl\/fonoaudiologia-santiago\/files\/2011\/01\/curso-5.jpg\" class=\"attachment-landscape_952 size-landscape_952\" alt=\"\" srcset=\"https:\/\/medicina.udd.cl\/fonoaudiologia-santiago\/files\/2011\/01\/curso-5.jpg 2048w, https:\/\/medicina.udd.cl\/fonoaudiologia-santiago\/files\/2011\/01\/curso-5-300x225.jpg 300w, https:\/\/medicina.udd.cl\/fonoaudiologia-santiago\/files\/2011\/01\/curso-5-768x576.jpg 768w, https:\/\/medicina.udd.cl\/fonoaudiologia-santiago\/files\/2011\/01\/curso-5-1024x768.jpg 1024w, https:\/\/medicina.udd.cl\/fonoaudiologia-santiago\/files\/2011\/01\/curso-5-960x720.jpg 960w\" sizes=\"auto, (max-width: 712px) 100vw, 712px\" \/><\/figure><figure class=\"carousel-item\"><img loading=\"lazy\" decoding=\"async\" width=\"712\" height=\"534\" src=\"https:\/\/medicina.udd.cl\/fonoaudiologia-santiago\/files\/2011\/01\/curso-1.jpg\" class=\"attachment-landscape_952 size-landscape_952\" alt=\"\" srcset=\"https:\/\/medicina.udd.cl\/fonoaudiologia-santiago\/files\/2011\/01\/curso-1.jpg 2048w, https:\/\/medicina.udd.cl\/fonoaudiologia-santiago\/files\/2011\/01\/curso-1-300x225.jpg 300w, https:\/\/medicina.udd.cl\/fonoaudiologia-santiago\/files\/2011\/01\/curso-1-768x576.jpg 768w, https:\/\/medicina.udd.cl\/fonoaudiologia-santiago\/files\/2011\/01\/curso-1-1024x768.jpg 1024w, https:\/\/medicina.udd.cl\/fonoaudiologia-santiago\/files\/2011\/01\/curso-1-960x720.jpg 960w\" sizes=\"auto, (max-width: 712px) 100vw, 712px\" \/><\/figure><figure class=\"carousel-item\"><img loading=\"lazy\" decoding=\"async\" width=\"731\" height=\"534\" src=\"https:\/\/medicina.udd.cl\/fonoaudiologia-santiago\/files\/2011\/01\/curso-8.jpg\" class=\"attachment-landscape_952 size-landscape_952\" alt=\"\" srcset=\"https:\/\/medicina.udd.cl\/fonoaudiologia-santiago\/files\/2011\/01\/curso-8.jpg 1959w, https:\/\/medicina.udd.cl\/fonoaudiologia-santiago\/files\/2011\/01\/curso-8-300x219.jpg 300w, https:\/\/medicina.udd.cl\/fonoaudiologia-santiago\/files\/2011\/01\/curso-8-768x561.jpg 768w, https:\/\/medicina.udd.cl\/fonoaudiologia-santiago\/files\/2011\/01\/curso-8-1024x749.jpg 1024w, https:\/\/medicina.udd.cl\/fonoaudiologia-santiago\/files\/2011\/01\/curso-8-960x702.jpg 960w\" sizes=\"auto, (max-width: 731px) 100vw, 731px\" \/><\/figure><figure class=\"carousel-item\"><img loading=\"lazy\" decoding=\"async\" width=\"712\" height=\"534\" src=\"https:\/\/medicina.udd.cl\/fonoaudiologia-santiago\/files\/2011\/01\/curso-7.jpg\" class=\"attachment-landscape_952 size-landscape_952\" alt=\"\" srcset=\"https:\/\/medicina.udd.cl\/fonoaudiologia-santiago\/files\/2011\/01\/curso-7.jpg 2048w, https:\/\/medicina.udd.cl\/fonoaudiologia-santiago\/files\/2011\/01\/curso-7-300x225.jpg 300w, https:\/\/medicina.udd.cl\/fonoaudiologia-santiago\/files\/2011\/01\/curso-7-768x576.jpg 768w, https:\/\/medicina.udd.cl\/fonoaudiologia-santiago\/files\/2011\/01\/curso-7-1024x768.jpg 1024w, https:\/\/medicina.udd.cl\/fonoaudiologia-santiago\/files\/2011\/01\/curso-7-960x720.jpg 960w\" sizes=\"auto, (max-width: 712px) 100vw, 712px\" \/><\/figure><figure class=\"carousel-item\"><img loading=\"lazy\" decoding=\"async\" width=\"746\" height=\"534\" src=\"https:\/\/medicina.udd.cl\/fonoaudiologia-santiago\/files\/2011\/01\/curso-10.jpg\" class=\"attachment-landscape_952 size-landscape_952\" alt=\"\" srcset=\"https:\/\/medicina.udd.cl\/fonoaudiologia-santiago\/files\/2011\/01\/curso-10.jpg 1828w, https:\/\/medicina.udd.cl\/fonoaudiologia-santiago\/files\/2011\/01\/curso-10-300x215.jpg 300w, https:\/\/medicina.udd.cl\/fonoaudiologia-santiago\/files\/2011\/01\/curso-10-768x550.jpg 768w, https:\/\/medicina.udd.cl\/fonoaudiologia-santiago\/files\/2011\/01\/curso-10-1024x733.jpg 1024w, https:\/\/medicina.udd.cl\/fonoaudiologia-santiago\/files\/2011\/01\/curso-10-286x205.jpg 286w, https:\/\/medicina.udd.cl\/fonoaudiologia-santiago\/files\/2011\/01\/curso-10-87x62.jpg 87w, https:\/\/medicina.udd.cl\/fonoaudiologia-santiago\/files\/2011\/01\/curso-10-960x687.jpg 960w\" sizes=\"auto, (max-width: 746px) 100vw, 746px\" \/><\/figure><\/div><footer class=\"carousel-footer\"><div class=\"carousel-counter\"><span class=\"carousel-counter-current\"><\/span> \/ <span class=\"carousel-counter-total\"><\/span><\/div><a class=\"carousel-control-prev\" href=\"#gallery-1\" role=\"button\" data-slide=\"prev\"><svg aria-hidden=\"true\" class=\"svg-chevron-left-dims\"><use xlink:href='https:\/\/medicina.udd.cl\/fonoaudiologia-santiago\/wp-content\/themes\/facultades-2018\/assets\/img\/svg\/dist\/main.svg?version=1695853099#chevron-left'><\/use><\/svg><span class=\"sr-only\">Anterior<\/span><\/a><a class=\"carousel-control-next\" href=\"#gallery-1\" role=\"button\" data-slide=\"next\"><svg aria-hidden=\"true\" class=\"svg-chevron-right-dims\"><use xlink:href='https:\/\/medicina.udd.cl\/fonoaudiologia-santiago\/wp-content\/themes\/facultades-2018\/assets\/img\/svg\/dist\/main.svg?version=1695853099#chevron-right'><\/use><\/svg><span class=\"sr-only\">Siguiente<\/span><\/a><\/footer><\/div>\n<p style=\"text-align: justify;\">Entre el jueves 6\u00a0y el s\u00e1bado 8 de enero se llev\u00f3 a cabo con gran \u00e9xito el Curso de Voz dirigido por Ricardo \u00c1lvarez, coordinador \u00e1rea de voz y Mar\u00eda Antonella Urz\u00faa, coordinadora acad\u00e9mica de la carrera.<\/p>\n<p style=\"text-align: justify;\">A lo largo del encuentro se presentaron destacados expositores nacionales e internaciones que abarcaron distintas \u00e1reas para un mejor manejo de la voz. Fue el caso de Linda Wisse, quien inici\u00f3 la primera jornada con una demostraci\u00f3n de la t\u00e9cnica Roy-hart.<\/p>\n<p style=\"text-align: justify;\">Por su parte, la fonoaudi\u00f3loga argentina Patricia Far\u00edas realiz\u00f3 una serie de interesantes charlas presentando distintos casos cl\u00ednicos que ha tratado durante su ejercicio profesional.<\/p>\n<p style=\"text-align: justify;\">El segundo d\u00eda lo abri\u00f3 la periodista Soledad Onetto que\u00a0desde su experiencia en televisi\u00f3n\u00a0entreg\u00f3 distintas t\u00e9cnicas para hacer una entrevista.<\/p>\n<p style=\"text-align: justify;\">El momento m\u00e1s simp\u00e1tico se vivi\u00f3 durante la mesa redonda con la animadora Diana Bolocco, el Dr. Juan Eduardo Lira, la profesora Linda Wisse, la fonoaudi\u00f3loga Patricia Far\u00edas, el locutor Fernando Sol\u00eds y el relator Hern\u00e1n \u201cChico\u201d D\u00edaz. Este \u00faltimo puso de pie al p\u00fablico quienes aplaud\u00edan el gol de Chile contra Argentina en un relato cl\u00e1sico del locutor de Radio Cooperativa.\u00a0<\/p>\n<p style=\"text-align: justify;\">Al finalizar la mesa redonda sobre demanda vocal de los profesionales de la voz en la comunicaci\u00f3n masiva, la Escuela de Fonoaudiolog\u00eda le dio un merecido reconocimiento al Dr. Juan Eduardo Lira, precursor de la profesi\u00f3n.<\/p>\n<p style=\"text-align: justify;\">El coro de la Universidad Cat\u00f3lica tambi\u00e9n sorprendi\u00f3 al p\u00fablico con su presentaci\u00f3n dirigida por el Flgo. Mauricio Cort\u00e9s, quien explic\u00f3 las caracter\u00edsticas de la voz normal cantada.<\/p>\n<p style=\"text-align: justify;\">La kinesiolog\u00eda tambi\u00e9n es un complemento para el adecuado trabajo de la voz, por eso, Roberto Urz\u00faa present\u00f3 las bases fisiol\u00f3gicas del ejercicio y las correcciones posturales. Adem\u00e1s, la siquiatra Valentina Capponi tambi\u00e9n expuso sobre el manejo de la ansiedad en trastornos vocales.<\/p>\n<p style=\"text-align: justify;\">Al finalizar el curso se entreg\u00f3 el premio al asistente\u00a0 Miguel Solari, fonoaudi\u00f3logo que se llev\u00f3 la estad\u00eda a Buenos Aires y una pasant\u00eda a cargo de Patricia Far\u00edas.<\/p>\n<p style=\"text-align: justify;\"><strong>Expositores:<\/strong><\/p>\n<p style=\"text-align: justify;\"><em>Linda Wisse<\/em>, Voice teachers<\/p>\n<ul>\n<li>\n<div style=\"text-align: justify;\">T\u00e9cnica Roy-hart<\/div>\n<\/li>\n<\/ul>\n<p style=\"text-align: justify;\"><em>Mauricio Cort\u00e9s<\/em>, fonoaudi\u00f3logo<\/p>\n<ul>\n<li>\n<div style=\"text-align: justify;\">Voz hablada y cantada<\/div>\n<\/li>\n<li>\n<div style=\"text-align: justify;\">Voz normal cantada<\/div>\n<\/li>\n<\/ul>\n<p style=\"text-align: justify;\"><em>Pedro Pozza<\/em>, fonoaudi\u00f3logo del Hospital del Trabajador<\/p>\n<ul>\n<li>\n<div style=\"text-align: justify;\">Presentaci\u00f3n de un caso cl\u00ednico<\/div>\n<\/li>\n<\/ul>\n<p style=\"text-align: justify;\"><em>Ricardo \u00c1lvarez<\/em>, fonoaudi\u00f3logo Universidad del Desarrollo y Canal 13<\/p>\n<ul>\n<li>\n<div style=\"text-align: justify;\">Presentaci\u00f3n de un caso cl\u00ednico<\/div>\n<\/li>\n<li>\n<div style=\"text-align: justify;\">Uso del registro loft en la intervenci\u00f3n fonoaudiol\u00f3gica<\/div>\n<\/li>\n<\/ul>\n<p style=\"text-align: justify;\"><em>Soledad Onetto<\/em>, periodista Canal 13<\/p>\n<ul>\n<li>\n<div style=\"text-align: justify;\">T\u00e9cnicas de Entrevista<\/div>\n<\/li>\n<\/ul>\n<p style=\"text-align: justify;\"><em>Patricia Far\u00edas<\/em>, fonoaudi\u00f3loga argentina<\/p>\n<ul>\n<li>\n<div style=\"text-align: justify;\">Voz normal hablada<\/div>\n<\/li>\n<li>\n<div style=\"text-align: justify;\">Diferentes enfoques en la intervenci\u00f3n fonoaudiol\u00f3gica en voz<\/div>\n<\/li>\n<li>\n<div style=\"text-align: justify;\">T\u00e9cnicas facilitadoras en la intervenci\u00f3n fonoaudiol\u00f3gica<\/div>\n<\/li>\n<li>\n<div style=\"text-align: justify;\">Abordaje fonoadiol\u00f3gico en disfon\u00edas por tensi\u00f3n muscular<\/div>\n<\/li>\n<li>\n<div style=\"text-align: justify;\">Correlato psicoperceptual ac\u00fastico y estrobosc\u00f3pico<\/div>\n<\/li>\n<\/ul>\n<p style=\"text-align: justify;\"><em>Diana Bolocco<\/em>, conductora Canal 13<\/p>\n<ul>\n<li>\n<div style=\"text-align: justify;\">Demanda vocal de los profesionales de la voz en la comunicaci\u00f3n masiva<\/div>\n<\/li>\n<\/ul>\n<p style=\"text-align: justify;\"><em>Dr. Juan Eduardo Lira,<\/em> otorrinolaring\u00f3logo<\/p>\n<ul>\n<li>\n<div style=\"text-align: justify;\">Demanda vocal de los profesionales de la voz en la comunicaci\u00f3n masiva<\/div>\n<\/li>\n<\/ul>\n<p style=\"text-align: justify;\"><em>Fernando Sol\u00eds, <\/em>locutor<\/p>\n<ul>\n<li>\n<div style=\"text-align: justify;\">Demanda vocal de los profesionales de la voz en la comunicaci\u00f3n masiva<\/div>\n<\/li>\n<\/ul>\n<p style=\"text-align: justify;\"><em>Hern\u00e1n D\u00edaz<\/em>, relator de radio<\/p>\n<ul>\n<li>\n<div style=\"text-align: justify;\">Demanda vocal de los profesionales de la voz en la comunicaci\u00f3n masiva<\/div>\n<\/li>\n<\/ul>\n<p style=\"text-align: justify;\"><em>Roberto Urz\u00faa<\/em>, kinesi\u00f3logo Hospital del Trabajador<\/p>\n<ul>\n<li>\n<div style=\"text-align: justify;\">Bases de la Fisiolog\u00eda del Ejercicio<\/div>\n<\/li>\n<li>\n<div style=\"text-align: justify;\">Aplicaci\u00f3n a la intervenci\u00f3n Fonoaudiol\u00f3gica<\/div>\n<\/li>\n<li>\n<div style=\"text-align: justify;\">Correcciones posturales: manejo terap\u00e9utico de la cifosis, hiperlordosis antero posici\u00f3n de cabeza<\/div>\n<\/li>\n<\/ul>\n<p style=\"text-align: justify;\"><em>Dra. Valentina Capponi<\/em>, siquiatra<\/p>\n<ul>\n<li>\n<div style=\"text-align: justify;\">Manejo de la ansiedad en trastornos vocales<\/div>\n<\/li>\n<\/ul>\n","protected":false},"excerpt":{"rendered":"<p>M\u00e1s de 100 profesionales y estudiantes asistieron al curso organizado por la carrera de Fonoaudiolog\u00eda de la Facultad de Medicina Cl\u00ednica Alemana Universidad del Desarrollo.<\/p>\n","protected":false},"author":1,"featured_media":0,"comment_status":"open","ping_status":"open","sticky":false,"template":"","format":"standard","meta":{"footnotes":""},"categories":[4],"tags":[],"class_list":["post-427","post","type-post","status-publish","format-standard","hentry","category-noticias"],"yoast_head":"<!-- This site is optimized with the Yoast SEO plugin v26.9 - https:\/\/yoast.com\/product\/yoast-seo-wordpress\/ -->\n<title>Ejercicios que restauran la funci\u00f3n vocal - Fonoaudiolog\u00eda<\/title>\n<meta name=\"robots\" content=\"index, follow, max-snippet:-1, max-image-preview:large, max-video-preview:-1\" \/>\n<link rel=\"canonical\" href=\"https:\/\/medicina.udd.cl\/fonoaudiologia-santiago\/noticias\/2011\/01\/10\/ejercicios-que-restauran-la-funcion-vocal\/\" \/>\n<meta property=\"og:locale\" content=\"es_ES\" \/>\n<meta property=\"og:type\" content=\"article\" \/>\n<meta property=\"og:title\" content=\"Ejercicios que restauran la funci\u00f3n vocal - Fonoaudiolog\u00eda\" \/>\n<meta property=\"og:description\" content=\"M\u00e1s de 100 profesionales y estudiantes asistieron al curso organizado por la carrera de Fonoaudiolog\u00eda de la Facultad de Medicina Cl\u00ednica Alemana Universidad del Desarrollo.\" \/>\n<meta property=\"og:url\" content=\"https:\/\/medicina.udd.cl\/fonoaudiologia-santiago\/noticias\/2011\/01\/10\/ejercicios-que-restauran-la-funcion-vocal\/\" \/>\n<meta property=\"og:site_name\" content=\"Fonoaudiolog\u00eda\" \/>\n<meta property=\"article:published_time\" content=\"2011-01-10T14:18:12+00:00\" \/>\n<meta property=\"article:modified_time\" content=\"2011-08-02T21:39:46+00:00\" \/>\n<meta property=\"og:image\" content=\"https:\/\/medicina.udd.cl\/fonoaudiologia-santiago\/files\/2011\/01\/ganador.jpg\" \/>\n<meta name=\"author\" content=\"admin\" \/>\n<meta name=\"twitter:label1\" content=\"Escrito por\" \/>\n\t<meta name=\"twitter:data1\" content=\"admin\" \/>\n\t<meta name=\"twitter:label2\" content=\"Tiempo de lectura\" \/>\n\t<meta name=\"twitter:data2\" content=\"3 minutos\" \/>\n<script type=\"application\/ld+json\" class=\"yoast-schema-graph\">{\"@context\":\"https:\/\/schema.org\",\"@graph\":[{\"@type\":\"Article\",\"@id\":\"https:\/\/medicina.udd.cl\/fonoaudiologia-santiago\/noticias\/2011\/01\/10\/ejercicios-que-restauran-la-funcion-vocal\/#article\",\"isPartOf\":{\"@id\":\"https:\/\/medicina.udd.cl\/fonoaudiologia-santiago\/noticias\/2011\/01\/10\/ejercicios-que-restauran-la-funcion-vocal\/\"},\"author\":{\"name\":\"admin\",\"@id\":\"https:\/\/medicina.udd.cl\/fonoaudiologia-santiago\/#\/schema\/person\/f7abfa784c86da427e89287831f96ab7\"},\"headline\":\"Ejercicios que restauran la funci\u00f3n vocal\",\"datePublished\":\"2011-01-10T14:18:12+00:00\",\"dateModified\":\"2011-08-02T21:39:46+00:00\",\"mainEntityOfPage\":{\"@id\":\"https:\/\/medicina.udd.cl\/fonoaudiologia-santiago\/noticias\/2011\/01\/10\/ejercicios-que-restauran-la-funcion-vocal\/\"},\"wordCount\":608,\"commentCount\":21,\"articleSection\":[\"Noticias\"],\"inLanguage\":\"es\",\"potentialAction\":[{\"@type\":\"CommentAction\",\"name\":\"Comment\",\"target\":[\"https:\/\/medicina.udd.cl\/fonoaudiologia-santiago\/noticias\/2011\/01\/10\/ejercicios-que-restauran-la-funcion-vocal\/#respond\"]}]},{\"@type\":\"WebPage\",\"@id\":\"https:\/\/medicina.udd.cl\/fonoaudiologia-santiago\/noticias\/2011\/01\/10\/ejercicios-que-restauran-la-funcion-vocal\/\",\"url\":\"https:\/\/medicina.udd.cl\/fonoaudiologia-santiago\/noticias\/2011\/01\/10\/ejercicios-que-restauran-la-funcion-vocal\/\",\"name\":\"Ejercicios que restauran la funci\u00f3n vocal - Fonoaudiolog\u00eda\",\"isPartOf\":{\"@id\":\"https:\/\/medicina.udd.cl\/fonoaudiologia-santiago\/#website\"},\"datePublished\":\"2011-01-10T14:18:12+00:00\",\"dateModified\":\"2011-08-02T21:39:46+00:00\",\"author\":{\"@id\":\"https:\/\/medicina.udd.cl\/fonoaudiologia-santiago\/#\/schema\/person\/f7abfa784c86da427e89287831f96ab7\"},\"breadcrumb\":{\"@id\":\"https:\/\/medicina.udd.cl\/fonoaudiologia-santiago\/noticias\/2011\/01\/10\/ejercicios-que-restauran-la-funcion-vocal\/#breadcrumb\"},\"inLanguage\":\"es\",\"potentialAction\":[{\"@type\":\"ReadAction\",\"target\":[\"https:\/\/medicina.udd.cl\/fonoaudiologia-santiago\/noticias\/2011\/01\/10\/ejercicios-que-restauran-la-funcion-vocal\/\"]}]},{\"@type\":\"BreadcrumbList\",\"@id\":\"https:\/\/medicina.udd.cl\/fonoaudiologia-santiago\/noticias\/2011\/01\/10\/ejercicios-que-restauran-la-funcion-vocal\/#breadcrumb\",\"itemListElement\":[{\"@type\":\"ListItem\",\"position\":1,\"name\":\"Home\",\"item\":\"https:\/\/medicina.udd.cl\/fonoaudiologia-santiago\/\"},{\"@type\":\"ListItem\",\"position\":2,\"name\":\"Ejercicios que restauran la funci\u00f3n vocal\"}]},{\"@type\":\"WebSite\",\"@id\":\"https:\/\/medicina.udd.cl\/fonoaudiologia-santiago\/#website\",\"url\":\"https:\/\/medicina.udd.cl\/fonoaudiologia-santiago\/\",\"name\":\"Fonoaudiolog\u00eda\",\"description\":\"Facultad de Medicina Cl\u00ednica Alemana Universidad del Desarrollo\",\"inLanguage\":\"es\"},{\"@type\":\"Person\",\"@id\":\"https:\/\/medicina.udd.cl\/fonoaudiologia-santiago\/#\/schema\/person\/f7abfa784c86da427e89287831f96ab7\",\"name\":\"admin\",\"image\":{\"@type\":\"ImageObject\",\"inLanguage\":\"es\",\"@id\":\"https:\/\/medicina.udd.cl\/fonoaudiologia-santiago\/#\/schema\/person\/image\/\",\"url\":\"https:\/\/secure.gravatar.com\/avatar\/3cb6da298954dfb54457c0910b8c9ca010abd8d87a60f7d701b6ce4254e1c642?s=96&d=mm&r=g\",\"contentUrl\":\"https:\/\/secure.gravatar.com\/avatar\/3cb6da298954dfb54457c0910b8c9ca010abd8d87a60f7d701b6ce4254e1c642?s=96&d=mm&r=g\",\"caption\":\"admin\"},\"url\":\"https:\/\/medicina.udd.cl\/fonoaudiologia-santiago\/noticias\/author\/admin\/\"}]}<\/script>\n<!-- \/ Yoast SEO plugin. -->","yoast_head_json":{"title":"Ejercicios que restauran la funci\u00f3n vocal - Fonoaudiolog\u00eda","robots":{"index":"index","follow":"follow","max-snippet":"max-snippet:-1","max-image-preview":"max-image-preview:large","max-video-preview":"max-video-preview:-1"},"canonical":"https:\/\/medicina.udd.cl\/fonoaudiologia-santiago\/noticias\/2011\/01\/10\/ejercicios-que-restauran-la-funcion-vocal\/","og_locale":"es_ES","og_type":"article","og_title":"Ejercicios que restauran la funci\u00f3n vocal - Fonoaudiolog\u00eda","og_description":"M\u00e1s de 100 profesionales y estudiantes asistieron al curso organizado por la carrera de Fonoaudiolog\u00eda de la Facultad de Medicina Cl\u00ednica Alemana Universidad del Desarrollo.","og_url":"https:\/\/medicina.udd.cl\/fonoaudiologia-santiago\/noticias\/2011\/01\/10\/ejercicios-que-restauran-la-funcion-vocal\/","og_site_name":"Fonoaudiolog\u00eda","article_published_time":"2011-01-10T14:18:12+00:00","article_modified_time":"2011-08-02T21:39:46+00:00","og_image":[{"url":"https:\/\/medicina.udd.cl\/fonoaudiologia-santiago\/files\/2011\/01\/ganador.jpg","type":"","width":"","height":""}],"author":"admin","twitter_misc":{"Escrito por":"admin","Tiempo de lectura":"3 minutos"},"schema":{"@context":"https:\/\/schema.org","@graph":[{"@type":"Article","@id":"https:\/\/medicina.udd.cl\/fonoaudiologia-santiago\/noticias\/2011\/01\/10\/ejercicios-que-restauran-la-funcion-vocal\/#article","isPartOf":{"@id":"https:\/\/medicina.udd.cl\/fonoaudiologia-santiago\/noticias\/2011\/01\/10\/ejercicios-que-restauran-la-funcion-vocal\/"},"author":{"name":"admin","@id":"https:\/\/medicina.udd.cl\/fonoaudiologia-santiago\/#\/schema\/person\/f7abfa784c86da427e89287831f96ab7"},"headline":"Ejercicios que restauran la funci\u00f3n vocal","datePublished":"2011-01-10T14:18:12+00:00","dateModified":"2011-08-02T21:39:46+00:00","mainEntityOfPage":{"@id":"https:\/\/medicina.udd.cl\/fonoaudiologia-santiago\/noticias\/2011\/01\/10\/ejercicios-que-restauran-la-funcion-vocal\/"},"wordCount":608,"commentCount":21,"articleSection":["Noticias"],"inLanguage":"es","potentialAction":[{"@type":"CommentAction","name":"Comment","target":["https:\/\/medicina.udd.cl\/fonoaudiologia-santiago\/noticias\/2011\/01\/10\/ejercicios-que-restauran-la-funcion-vocal\/#respond"]}]},{"@type":"WebPage","@id":"https:\/\/medicina.udd.cl\/fonoaudiologia-santiago\/noticias\/2011\/01\/10\/ejercicios-que-restauran-la-funcion-vocal\/","url":"https:\/\/medicina.udd.cl\/fonoaudiologia-santiago\/noticias\/2011\/01\/10\/ejercicios-que-restauran-la-funcion-vocal\/","name":"Ejercicios que restauran la funci\u00f3n vocal - Fonoaudiolog\u00eda","isPartOf":{"@id":"https:\/\/medicina.udd.cl\/fonoaudiologia-santiago\/#website"},"datePublished":"2011-01-10T14:18:12+00:00","dateModified":"2011-08-02T21:39:46+00:00","author":{"@id":"https:\/\/medicina.udd.cl\/fonoaudiologia-santiago\/#\/schema\/person\/f7abfa784c86da427e89287831f96ab7"},"breadcrumb":{"@id":"https:\/\/medicina.udd.cl\/fonoaudiologia-santiago\/noticias\/2011\/01\/10\/ejercicios-que-restauran-la-funcion-vocal\/#breadcrumb"},"inLanguage":"es","potentialAction":[{"@type":"ReadAction","target":["https:\/\/medicina.udd.cl\/fonoaudiologia-santiago\/noticias\/2011\/01\/10\/ejercicios-que-restauran-la-funcion-vocal\/"]}]},{"@type":"BreadcrumbList","@id":"https:\/\/medicina.udd.cl\/fonoaudiologia-santiago\/noticias\/2011\/01\/10\/ejercicios-que-restauran-la-funcion-vocal\/#breadcrumb","itemListElement":[{"@type":"ListItem","position":1,"name":"Home","item":"https:\/\/medicina.udd.cl\/fonoaudiologia-santiago\/"},{"@type":"ListItem","position":2,"name":"Ejercicios que restauran la funci\u00f3n vocal"}]},{"@type":"WebSite","@id":"https:\/\/medicina.udd.cl\/fonoaudiologia-santiago\/#website","url":"https:\/\/medicina.udd.cl\/fonoaudiologia-santiago\/","name":"Fonoaudiolog\u00eda","description":"Facultad de Medicina Cl\u00ednica Alemana Universidad del Desarrollo","inLanguage":"es"},{"@type":"Person","@id":"https:\/\/medicina.udd.cl\/fonoaudiologia-santiago\/#\/schema\/person\/f7abfa784c86da427e89287831f96ab7","name":"admin","image":{"@type":"ImageObject","inLanguage":"es","@id":"https:\/\/medicina.udd.cl\/fonoaudiologia-santiago\/#\/schema\/person\/image\/","url":"https:\/\/secure.gravatar.com\/avatar\/3cb6da298954dfb54457c0910b8c9ca010abd8d87a60f7d701b6ce4254e1c642?s=96&d=mm&r=g","contentUrl":"https:\/\/secure.gravatar.com\/avatar\/3cb6da298954dfb54457c0910b8c9ca010abd8d87a60f7d701b6ce4254e1c642?s=96&d=mm&r=g","caption":"admin"},"url":"https:\/\/medicina.udd.cl\/fonoaudiologia-santiago\/noticias\/author\/admin\/"}]}},"featured_image_url":null,"_links":{"self":[{"href":"https:\/\/medicina.udd.cl\/fonoaudiologia-santiago\/wp-json\/wp\/v2\/posts\/427","targetHints":{"allow":["GET"]}}],"collection":[{"href":"https:\/\/medicina.udd.cl\/fonoaudiologia-santiago\/wp-json\/wp\/v2\/posts"}],"about":[{"href":"https:\/\/medicina.udd.cl\/fonoaudiologia-santiago\/wp-json\/wp\/v2\/types\/post"}],"author":[{"embeddable":true,"href":"https:\/\/medicina.udd.cl\/fonoaudiologia-santiago\/wp-json\/wp\/v2\/users\/1"}],"replies":[{"embeddable":true,"href":"https:\/\/medicina.udd.cl\/fonoaudiologia-santiago\/wp-json\/wp\/v2\/comments?post=427"}],"version-history":[{"count":8,"href":"https:\/\/medicina.udd.cl\/fonoaudiologia-santiago\/wp-json\/wp\/v2\/posts\/427\/revisions"}],"predecessor-version":[{"id":583,"href":"https:\/\/medicina.udd.cl\/fonoaudiologia-santiago\/wp-json\/wp\/v2\/posts\/427\/revisions\/583"}],"wp:attachment":[{"href":"https:\/\/medicina.udd.cl\/fonoaudiologia-santiago\/wp-json\/wp\/v2\/media?parent=427"}],"wp:term":[{"taxonomy":"category","embeddable":true,"href":"https:\/\/medicina.udd.cl\/fonoaudiologia-santiago\/wp-json\/wp\/v2\/categories?post=427"},{"taxonomy":"post_tag","embeddable":true,"href":"https:\/\/medicina.udd.cl\/fonoaudiologia-santiago\/wp-json\/wp\/v2\/tags?post=427"}],"curies":[{"name":"wp","href":"https:\/\/api.w.org\/{rel}","templated":true}]}}