{"id":4321,"date":"2019-04-09T14:51:01","date_gmt":"2019-04-09T17:51:01","guid":{"rendered":"http:\/\/medicina.udd.cl\/fonoaudiologia-santiago\/?p=4321"},"modified":"2019-12-22T22:33:12","modified_gmt":"2019-12-23T01:33:12","slug":"egresada-de-fonoaudiologia-canta-en-la-udd-para-concientizar-sobre-el-autismo","status":"publish","type":"post","link":"https:\/\/medicina.udd.cl\/fonoaudiologia-santiago\/noticias\/2019\/04\/09\/egresada-de-fonoaudiologia-canta-en-la-udd-para-concientizar-sobre-el-autismo\/","title":{"rendered":"Egresada de Fonoaudiolog\u00eda canta en la UDD para concientizar sobre el Autismo"},"content":{"rendered":"<div id=\"gallery-1\" class=\"carousel slide carousel-gallery\" data-ride=\"false\" data-interval=\"false\"><div class=\"carousel-inner\" role=\"listbox\"><figure class=\"carousel-item active\"><img loading=\"lazy\" decoding=\"async\" width=\"801\" height=\"534\" src=\"https:\/\/medicina.udd.cl\/fonoaudiologia-santiago\/files\/2019\/04\/IMG_8688.jpg\" class=\"attachment-landscape_952 size-landscape_952\" alt=\"\" srcset=\"https:\/\/medicina.udd.cl\/fonoaudiologia-santiago\/files\/2019\/04\/IMG_8688.jpg 5184w, https:\/\/medicina.udd.cl\/fonoaudiologia-santiago\/files\/2019\/04\/IMG_8688-300x200.jpg 300w, https:\/\/medicina.udd.cl\/fonoaudiologia-santiago\/files\/2019\/04\/IMG_8688-768x512.jpg 768w, https:\/\/medicina.udd.cl\/fonoaudiologia-santiago\/files\/2019\/04\/IMG_8688-1024x683.jpg 1024w, https:\/\/medicina.udd.cl\/fonoaudiologia-santiago\/files\/2019\/04\/IMG_8688-960x640.jpg 960w\" sizes=\"auto, (max-width: 801px) 100vw, 801px\" \/><\/figure><figure class=\"carousel-item\"><img loading=\"lazy\" decoding=\"async\" width=\"801\" height=\"534\" src=\"https:\/\/medicina.udd.cl\/fonoaudiologia-santiago\/files\/2019\/04\/IMG_8689.jpg\" class=\"attachment-landscape_952 size-landscape_952\" alt=\"\" srcset=\"https:\/\/medicina.udd.cl\/fonoaudiologia-santiago\/files\/2019\/04\/IMG_8689.jpg 5184w, https:\/\/medicina.udd.cl\/fonoaudiologia-santiago\/files\/2019\/04\/IMG_8689-300x200.jpg 300w, https:\/\/medicina.udd.cl\/fonoaudiologia-santiago\/files\/2019\/04\/IMG_8689-768x512.jpg 768w, https:\/\/medicina.udd.cl\/fonoaudiologia-santiago\/files\/2019\/04\/IMG_8689-1024x683.jpg 1024w, https:\/\/medicina.udd.cl\/fonoaudiologia-santiago\/files\/2019\/04\/IMG_8689-960x640.jpg 960w\" sizes=\"auto, (max-width: 801px) 100vw, 801px\" \/><\/figure><figure class=\"carousel-item\"><img loading=\"lazy\" decoding=\"async\" width=\"801\" height=\"534\" src=\"https:\/\/medicina.udd.cl\/fonoaudiologia-santiago\/files\/2019\/04\/IMG_8700.jpg\" class=\"attachment-landscape_952 size-landscape_952\" alt=\"\" srcset=\"https:\/\/medicina.udd.cl\/fonoaudiologia-santiago\/files\/2019\/04\/IMG_8700.jpg 5184w, https:\/\/medicina.udd.cl\/fonoaudiologia-santiago\/files\/2019\/04\/IMG_8700-300x200.jpg 300w, https:\/\/medicina.udd.cl\/fonoaudiologia-santiago\/files\/2019\/04\/IMG_8700-768x512.jpg 768w, https:\/\/medicina.udd.cl\/fonoaudiologia-santiago\/files\/2019\/04\/IMG_8700-1024x683.jpg 1024w, https:\/\/medicina.udd.cl\/fonoaudiologia-santiago\/files\/2019\/04\/IMG_8700-960x640.jpg 960w\" sizes=\"auto, (max-width: 801px) 100vw, 801px\" \/><\/figure><figure class=\"carousel-item\"><img loading=\"lazy\" decoding=\"async\" width=\"801\" height=\"534\" src=\"https:\/\/medicina.udd.cl\/fonoaudiologia-santiago\/files\/2019\/04\/IMG_8725-1.jpg\" class=\"attachment-landscape_952 size-landscape_952\" alt=\"\" srcset=\"https:\/\/medicina.udd.cl\/fonoaudiologia-santiago\/files\/2019\/04\/IMG_8725-1.jpg 5184w, https:\/\/medicina.udd.cl\/fonoaudiologia-santiago\/files\/2019\/04\/IMG_8725-1-300x200.jpg 300w, https:\/\/medicina.udd.cl\/fonoaudiologia-santiago\/files\/2019\/04\/IMG_8725-1-768x512.jpg 768w, https:\/\/medicina.udd.cl\/fonoaudiologia-santiago\/files\/2019\/04\/IMG_8725-1-1024x683.jpg 1024w, https:\/\/medicina.udd.cl\/fonoaudiologia-santiago\/files\/2019\/04\/IMG_8725-1-960x640.jpg 960w\" sizes=\"auto, (max-width: 801px) 100vw, 801px\" \/><\/figure><\/div><footer class=\"carousel-footer\"><div class=\"carousel-counter\"><span class=\"carousel-counter-current\"><\/span> \/ <span class=\"carousel-counter-total\"><\/span><\/div><a class=\"carousel-control-prev\" href=\"#gallery-1\" role=\"button\" data-slide=\"prev\"><svg aria-hidden=\"true\" class=\"svg-chevron-left-dims\"><use xlink:href='https:\/\/medicina.udd.cl\/fonoaudiologia-santiago\/wp-content\/themes\/facultades-2018\/assets\/img\/svg\/dist\/main.svg?version=1695853099#chevron-left'><\/use><\/svg><span class=\"sr-only\">Anterior<\/span><\/a><a class=\"carousel-control-next\" href=\"#gallery-1\" role=\"button\" data-slide=\"next\"><svg aria-hidden=\"true\" class=\"svg-chevron-right-dims\"><use xlink:href='https:\/\/medicina.udd.cl\/fonoaudiologia-santiago\/wp-content\/themes\/facultades-2018\/assets\/img\/svg\/dist\/main.svg?version=1695853099#chevron-right'><\/use><\/svg><span class=\"sr-only\">Siguiente<\/span><\/a><\/footer><\/div>\n<p style=\"font-weight: 400\">Con el objetivo de visibilizar el D\u00eda del Autismo (2 de abril), la carrera de Fonoaudiolog\u00eda, organiz\u00f3 una actividad con Gabigar (Gabriela Pulgar), reconocida cantante nacional que gan\u00f3 la competencia internacional del Festival de Vi\u00f1a en la versi\u00f3n 2018, quien ejerci\u00f3 como fonoaudi\u00f3loga y docente de la UDD, pero que actualmente se dedica a su carrera art\u00edstica.<\/p>\n<p style=\"font-weight: 400\">La actividad organizada por la coordinadora del \u00c1rea del Lenguaje Infantil-Juvenil, Paulina Fern\u00e1ndez Aracena y, la Docente, Eugenia Araya, se realiz\u00f3 en el Patio de Aulas, en el Campus RESB de la UDD, la cantante interpret\u00f3 la canci\u00f3n \u201cVives en la Luna\u201d, que compuso para su hermano Joaqu\u00edn, que tiene una condici\u00f3n de Espectro Autista.<\/p>\n<p style=\"font-weight: 400\">\u201c\u00c9l me ha ense\u00f1ado a no definir a nadie por su etiqueta, a reinterpretar los colores que te ofrece el mundo y a amar desde la bondad y la inocencia, sin l\u00edmites y sin condiciones. Esto es para mi familia, mis amigos, mis pacientes, alumnos, colegas, y para todas aquellas personas, que se ven reflejados en esta historia\u201d.<\/p>\n<p style=\"font-weight: 400\">Asimismo, hizo un llamado a sus seguidores y comunidad UDD, a seguir sus redes sociales <a href=\"https:\/\/www.instagram.com\/gabigarmusic\/?hl=es-la\">Gabigarmusic<\/a> y seguir de cerca su pr\u00f3ximo sencillo promocional \u201cB\u00fascame\u201d.<\/p>\n","protected":false},"excerpt":{"rendered":"<p>La ganadora de la competencia internacional en el Festival de Vi\u00f1a 2018, Gabigar, interpret\u00f3 la canci\u00f3n \u201cVives en la Luna\u00bb, compuesta por ella para su hermano que tiene una condici\u00f3n de Espectro Autista.<\/p>\n","protected":false},"author":9192218,"featured_media":4322,"comment_status":"open","ping_status":"open","sticky":false,"template":"","format":"standard","meta":{"footnotes":""},"categories":[4],"tags":[],"class_list":["post-4321","post","type-post","status-publish","format-standard","has-post-thumbnail","hentry","category-noticias"],"yoast_head":"<!-- This site is optimized with the Yoast SEO plugin v26.9 - https:\/\/yoast.com\/product\/yoast-seo-wordpress\/ -->\n<title>Egresada de Fonoaudiolog\u00eda canta en la UDD para concientizar sobre el Autismo - Fonoaudiolog\u00eda<\/title>\n<meta name=\"robots\" content=\"index, follow, max-snippet:-1, max-image-preview:large, max-video-preview:-1\" \/>\n<link rel=\"canonical\" href=\"https:\/\/medicina.udd.cl\/fonoaudiologia-santiago\/noticias\/2019\/04\/09\/egresada-de-fonoaudiologia-canta-en-la-udd-para-concientizar-sobre-el-autismo\/\" \/>\n<meta property=\"og:locale\" content=\"es_ES\" \/>\n<meta property=\"og:type\" content=\"article\" \/>\n<meta property=\"og:title\" content=\"Egresada de Fonoaudiolog\u00eda canta en la UDD para concientizar sobre el Autismo - Fonoaudiolog\u00eda\" \/>\n<meta property=\"og:description\" content=\"La ganadora de la competencia internacional en el Festival de Vi\u00f1a 2018, Gabigar, interpret\u00f3 la canci\u00f3n \u201cVives en la Luna&quot;, compuesta por ella para su hermano que tiene una condici\u00f3n de Espectro Autista.\" \/>\n<meta property=\"og:url\" content=\"https:\/\/medicina.udd.cl\/fonoaudiologia-santiago\/noticias\/2019\/04\/09\/egresada-de-fonoaudiologia-canta-en-la-udd-para-concientizar-sobre-el-autismo\/\" \/>\n<meta property=\"og:site_name\" content=\"Fonoaudiolog\u00eda\" \/>\n<meta property=\"article:published_time\" content=\"2019-04-09T17:51:01+00:00\" \/>\n<meta property=\"article:modified_time\" content=\"2019-12-23T01:33:12+00:00\" \/>\n<meta property=\"og:image\" content=\"https:\/\/medicina.udd.cl\/fonoaudiologia-santiago\/files\/2019\/04\/IMG_8725-1024x683.jpg\" \/>\n\t<meta property=\"og:image:width\" content=\"1024\" \/>\n\t<meta property=\"og:image:height\" content=\"683\" \/>\n\t<meta property=\"og:image:type\" content=\"image\/jpeg\" \/>\n<meta name=\"twitter:label1\" content=\"Escrito por\" \/>\n\t<meta name=\"twitter:data1\" content=\"\" \/>\n\t<meta name=\"twitter:label2\" content=\"Tiempo de lectura\" \/>\n\t<meta name=\"twitter:data2\" content=\"1 minuto\" \/>\n<script type=\"application\/ld+json\" class=\"yoast-schema-graph\">{\"@context\":\"https:\/\/schema.org\",\"@graph\":[{\"@type\":\"Article\",\"@id\":\"https:\/\/medicina.udd.cl\/fonoaudiologia-santiago\/noticias\/2019\/04\/09\/egresada-de-fonoaudiologia-canta-en-la-udd-para-concientizar-sobre-el-autismo\/#article\",\"isPartOf\":{\"@id\":\"https:\/\/medicina.udd.cl\/fonoaudiologia-santiago\/noticias\/2019\/04\/09\/egresada-de-fonoaudiologia-canta-en-la-udd-para-concientizar-sobre-el-autismo\/\"},\"author\":{\"name\":\"\",\"@id\":\"\"},\"headline\":\"Egresada de Fonoaudiolog\u00eda canta en la UDD para concientizar sobre el Autismo\",\"datePublished\":\"2019-04-09T17:51:01+00:00\",\"dateModified\":\"2019-12-23T01:33:12+00:00\",\"mainEntityOfPage\":{\"@id\":\"https:\/\/medicina.udd.cl\/fonoaudiologia-santiago\/noticias\/2019\/04\/09\/egresada-de-fonoaudiologia-canta-en-la-udd-para-concientizar-sobre-el-autismo\/\"},\"wordCount\":222,\"commentCount\":0,\"image\":{\"@id\":\"https:\/\/medicina.udd.cl\/fonoaudiologia-santiago\/noticias\/2019\/04\/09\/egresada-de-fonoaudiologia-canta-en-la-udd-para-concientizar-sobre-el-autismo\/#primaryimage\"},\"thumbnailUrl\":\"https:\/\/medicina.udd.cl\/fonoaudiologia-santiago\/files\/2019\/04\/IMG_8725.jpg\",\"articleSection\":[\"Noticias\"],\"inLanguage\":\"es\",\"potentialAction\":[{\"@type\":\"CommentAction\",\"name\":\"Comment\",\"target\":[\"https:\/\/medicina.udd.cl\/fonoaudiologia-santiago\/noticias\/2019\/04\/09\/egresada-de-fonoaudiologia-canta-en-la-udd-para-concientizar-sobre-el-autismo\/#respond\"]}]},{\"@type\":\"WebPage\",\"@id\":\"https:\/\/medicina.udd.cl\/fonoaudiologia-santiago\/noticias\/2019\/04\/09\/egresada-de-fonoaudiologia-canta-en-la-udd-para-concientizar-sobre-el-autismo\/\",\"url\":\"https:\/\/medicina.udd.cl\/fonoaudiologia-santiago\/noticias\/2019\/04\/09\/egresada-de-fonoaudiologia-canta-en-la-udd-para-concientizar-sobre-el-autismo\/\",\"name\":\"Egresada de Fonoaudiolog\u00eda canta en la UDD para concientizar sobre el Autismo - Fonoaudiolog\u00eda\",\"isPartOf\":{\"@id\":\"https:\/\/medicina.udd.cl\/fonoaudiologia-santiago\/#website\"},\"primaryImageOfPage\":{\"@id\":\"https:\/\/medicina.udd.cl\/fonoaudiologia-santiago\/noticias\/2019\/04\/09\/egresada-de-fonoaudiologia-canta-en-la-udd-para-concientizar-sobre-el-autismo\/#primaryimage\"},\"image\":{\"@id\":\"https:\/\/medicina.udd.cl\/fonoaudiologia-santiago\/noticias\/2019\/04\/09\/egresada-de-fonoaudiologia-canta-en-la-udd-para-concientizar-sobre-el-autismo\/#primaryimage\"},\"thumbnailUrl\":\"https:\/\/medicina.udd.cl\/fonoaudiologia-santiago\/files\/2019\/04\/IMG_8725.jpg\",\"datePublished\":\"2019-04-09T17:51:01+00:00\",\"dateModified\":\"2019-12-23T01:33:12+00:00\",\"author\":{\"@id\":\"\"},\"breadcrumb\":{\"@id\":\"https:\/\/medicina.udd.cl\/fonoaudiologia-santiago\/noticias\/2019\/04\/09\/egresada-de-fonoaudiologia-canta-en-la-udd-para-concientizar-sobre-el-autismo\/#breadcrumb\"},\"inLanguage\":\"es\",\"potentialAction\":[{\"@type\":\"ReadAction\",\"target\":[\"https:\/\/medicina.udd.cl\/fonoaudiologia-santiago\/noticias\/2019\/04\/09\/egresada-de-fonoaudiologia-canta-en-la-udd-para-concientizar-sobre-el-autismo\/\"]}]},{\"@type\":\"ImageObject\",\"inLanguage\":\"es\",\"@id\":\"https:\/\/medicina.udd.cl\/fonoaudiologia-santiago\/noticias\/2019\/04\/09\/egresada-de-fonoaudiologia-canta-en-la-udd-para-concientizar-sobre-el-autismo\/#primaryimage\",\"url\":\"https:\/\/medicina.udd.cl\/fonoaudiologia-santiago\/files\/2019\/04\/IMG_8725.jpg\",\"contentUrl\":\"https:\/\/medicina.udd.cl\/fonoaudiologia-santiago\/files\/2019\/04\/IMG_8725.jpg\",\"width\":5184,\"height\":3456},{\"@type\":\"BreadcrumbList\",\"@id\":\"https:\/\/medicina.udd.cl\/fonoaudiologia-santiago\/noticias\/2019\/04\/09\/egresada-de-fonoaudiologia-canta-en-la-udd-para-concientizar-sobre-el-autismo\/#breadcrumb\",\"itemListElement\":[{\"@type\":\"ListItem\",\"position\":1,\"name\":\"Home\",\"item\":\"https:\/\/medicina.udd.cl\/fonoaudiologia-santiago\/\"},{\"@type\":\"ListItem\",\"position\":2,\"name\":\"Egresada de Fonoaudiolog\u00eda canta en la UDD para concientizar sobre el Autismo\"}]},{\"@type\":\"WebSite\",\"@id\":\"https:\/\/medicina.udd.cl\/fonoaudiologia-santiago\/#website\",\"url\":\"https:\/\/medicina.udd.cl\/fonoaudiologia-santiago\/\",\"name\":\"Fonoaudiolog\u00eda\",\"description\":\"Facultad de Medicina Cl\u00ednica Alemana Universidad del Desarrollo\",\"inLanguage\":\"es\"},{\"@type\":\"Person\",\"@id\":\"\",\"url\":\"https:\/\/medicina.udd.cl\/fonoaudiologia-santiago\/noticias\/author\/\"}]}<\/script>\n<!-- \/ Yoast SEO plugin. -->","yoast_head_json":{"title":"Egresada de Fonoaudiolog\u00eda canta en la UDD para concientizar sobre el Autismo - Fonoaudiolog\u00eda","robots":{"index":"index","follow":"follow","max-snippet":"max-snippet:-1","max-image-preview":"max-image-preview:large","max-video-preview":"max-video-preview:-1"},"canonical":"https:\/\/medicina.udd.cl\/fonoaudiologia-santiago\/noticias\/2019\/04\/09\/egresada-de-fonoaudiologia-canta-en-la-udd-para-concientizar-sobre-el-autismo\/","og_locale":"es_ES","og_type":"article","og_title":"Egresada de Fonoaudiolog\u00eda canta en la UDD para concientizar sobre el Autismo - Fonoaudiolog\u00eda","og_description":"La ganadora de la competencia internacional en el Festival de Vi\u00f1a 2018, Gabigar, interpret\u00f3 la canci\u00f3n \u201cVives en la Luna\", compuesta por ella para su hermano que tiene una condici\u00f3n de Espectro Autista.","og_url":"https:\/\/medicina.udd.cl\/fonoaudiologia-santiago\/noticias\/2019\/04\/09\/egresada-de-fonoaudiologia-canta-en-la-udd-para-concientizar-sobre-el-autismo\/","og_site_name":"Fonoaudiolog\u00eda","article_published_time":"2019-04-09T17:51:01+00:00","article_modified_time":"2019-12-23T01:33:12+00:00","og_image":[{"width":1024,"height":683,"url":"https:\/\/medicina.udd.cl\/fonoaudiologia-santiago\/files\/2019\/04\/IMG_8725-1024x683.jpg","type":"image\/jpeg"}],"twitter_misc":{"Escrito por":"","Tiempo de lectura":"1 minuto"},"schema":{"@context":"https:\/\/schema.org","@graph":[{"@type":"Article","@id":"https:\/\/medicina.udd.cl\/fonoaudiologia-santiago\/noticias\/2019\/04\/09\/egresada-de-fonoaudiologia-canta-en-la-udd-para-concientizar-sobre-el-autismo\/#article","isPartOf":{"@id":"https:\/\/medicina.udd.cl\/fonoaudiologia-santiago\/noticias\/2019\/04\/09\/egresada-de-fonoaudiologia-canta-en-la-udd-para-concientizar-sobre-el-autismo\/"},"author":{"name":"","@id":""},"headline":"Egresada de Fonoaudiolog\u00eda canta en la UDD para concientizar sobre el Autismo","datePublished":"2019-04-09T17:51:01+00:00","dateModified":"2019-12-23T01:33:12+00:00","mainEntityOfPage":{"@id":"https:\/\/medicina.udd.cl\/fonoaudiologia-santiago\/noticias\/2019\/04\/09\/egresada-de-fonoaudiologia-canta-en-la-udd-para-concientizar-sobre-el-autismo\/"},"wordCount":222,"commentCount":0,"image":{"@id":"https:\/\/medicina.udd.cl\/fonoaudiologia-santiago\/noticias\/2019\/04\/09\/egresada-de-fonoaudiologia-canta-en-la-udd-para-concientizar-sobre-el-autismo\/#primaryimage"},"thumbnailUrl":"https:\/\/medicina.udd.cl\/fonoaudiologia-santiago\/files\/2019\/04\/IMG_8725.jpg","articleSection":["Noticias"],"inLanguage":"es","potentialAction":[{"@type":"CommentAction","name":"Comment","target":["https:\/\/medicina.udd.cl\/fonoaudiologia-santiago\/noticias\/2019\/04\/09\/egresada-de-fonoaudiologia-canta-en-la-udd-para-concientizar-sobre-el-autismo\/#respond"]}]},{"@type":"WebPage","@id":"https:\/\/medicina.udd.cl\/fonoaudiologia-santiago\/noticias\/2019\/04\/09\/egresada-de-fonoaudiologia-canta-en-la-udd-para-concientizar-sobre-el-autismo\/","url":"https:\/\/medicina.udd.cl\/fonoaudiologia-santiago\/noticias\/2019\/04\/09\/egresada-de-fonoaudiologia-canta-en-la-udd-para-concientizar-sobre-el-autismo\/","name":"Egresada de Fonoaudiolog\u00eda canta en la UDD para concientizar sobre el Autismo - Fonoaudiolog\u00eda","isPartOf":{"@id":"https:\/\/medicina.udd.cl\/fonoaudiologia-santiago\/#website"},"primaryImageOfPage":{"@id":"https:\/\/medicina.udd.cl\/fonoaudiologia-santiago\/noticias\/2019\/04\/09\/egresada-de-fonoaudiologia-canta-en-la-udd-para-concientizar-sobre-el-autismo\/#primaryimage"},"image":{"@id":"https:\/\/medicina.udd.cl\/fonoaudiologia-santiago\/noticias\/2019\/04\/09\/egresada-de-fonoaudiologia-canta-en-la-udd-para-concientizar-sobre-el-autismo\/#primaryimage"},"thumbnailUrl":"https:\/\/medicina.udd.cl\/fonoaudiologia-santiago\/files\/2019\/04\/IMG_8725.jpg","datePublished":"2019-04-09T17:51:01+00:00","dateModified":"2019-12-23T01:33:12+00:00","author":{"@id":""},"breadcrumb":{"@id":"https:\/\/medicina.udd.cl\/fonoaudiologia-santiago\/noticias\/2019\/04\/09\/egresada-de-fonoaudiologia-canta-en-la-udd-para-concientizar-sobre-el-autismo\/#breadcrumb"},"inLanguage":"es","potentialAction":[{"@type":"ReadAction","target":["https:\/\/medicina.udd.cl\/fonoaudiologia-santiago\/noticias\/2019\/04\/09\/egresada-de-fonoaudiologia-canta-en-la-udd-para-concientizar-sobre-el-autismo\/"]}]},{"@type":"ImageObject","inLanguage":"es","@id":"https:\/\/medicina.udd.cl\/fonoaudiologia-santiago\/noticias\/2019\/04\/09\/egresada-de-fonoaudiologia-canta-en-la-udd-para-concientizar-sobre-el-autismo\/#primaryimage","url":"https:\/\/medicina.udd.cl\/fonoaudiologia-santiago\/files\/2019\/04\/IMG_8725.jpg","contentUrl":"https:\/\/medicina.udd.cl\/fonoaudiologia-santiago\/files\/2019\/04\/IMG_8725.jpg","width":5184,"height":3456},{"@type":"BreadcrumbList","@id":"https:\/\/medicina.udd.cl\/fonoaudiologia-santiago\/noticias\/2019\/04\/09\/egresada-de-fonoaudiologia-canta-en-la-udd-para-concientizar-sobre-el-autismo\/#breadcrumb","itemListElement":[{"@type":"ListItem","position":1,"name":"Home","item":"https:\/\/medicina.udd.cl\/fonoaudiologia-santiago\/"},{"@type":"ListItem","position":2,"name":"Egresada de Fonoaudiolog\u00eda canta en la UDD para concientizar sobre el Autismo"}]},{"@type":"WebSite","@id":"https:\/\/medicina.udd.cl\/fonoaudiologia-santiago\/#website","url":"https:\/\/medicina.udd.cl\/fonoaudiologia-santiago\/","name":"Fonoaudiolog\u00eda","description":"Facultad de Medicina Cl\u00ednica Alemana Universidad del Desarrollo","inLanguage":"es"},{"@type":"Person","@id":"","url":"https:\/\/medicina.udd.cl\/fonoaudiologia-santiago\/noticias\/author\/"}]}},"featured_image_url":"https:\/\/medicina.udd.cl\/fonoaudiologia-santiago\/files\/2019\/04\/IMG_8725.jpg","_links":{"self":[{"href":"https:\/\/medicina.udd.cl\/fonoaudiologia-santiago\/wp-json\/wp\/v2\/posts\/4321","targetHints":{"allow":["GET"]}}],"collection":[{"href":"https:\/\/medicina.udd.cl\/fonoaudiologia-santiago\/wp-json\/wp\/v2\/posts"}],"about":[{"href":"https:\/\/medicina.udd.cl\/fonoaudiologia-santiago\/wp-json\/wp\/v2\/types\/post"}],"author":[{"embeddable":true,"href":"https:\/\/medicina.udd.cl\/fonoaudiologia-santiago\/wp-json\/wp\/v2\/users\/9192218"}],"replies":[{"embeddable":true,"href":"https:\/\/medicina.udd.cl\/fonoaudiologia-santiago\/wp-json\/wp\/v2\/comments?post=4321"}],"version-history":[{"count":6,"href":"https:\/\/medicina.udd.cl\/fonoaudiologia-santiago\/wp-json\/wp\/v2\/posts\/4321\/revisions"}],"predecessor-version":[{"id":4332,"href":"https:\/\/medicina.udd.cl\/fonoaudiologia-santiago\/wp-json\/wp\/v2\/posts\/4321\/revisions\/4332"}],"wp:featuredmedia":[{"embeddable":true,"href":"https:\/\/medicina.udd.cl\/fonoaudiologia-santiago\/wp-json\/wp\/v2\/media\/4322"}],"wp:attachment":[{"href":"https:\/\/medicina.udd.cl\/fonoaudiologia-santiago\/wp-json\/wp\/v2\/media?parent=4321"}],"wp:term":[{"taxonomy":"category","embeddable":true,"href":"https:\/\/medicina.udd.cl\/fonoaudiologia-santiago\/wp-json\/wp\/v2\/categories?post=4321"},{"taxonomy":"post_tag","embeddable":true,"href":"https:\/\/medicina.udd.cl\/fonoaudiologia-santiago\/wp-json\/wp\/v2\/tags?post=4321"}],"curies":[{"name":"wp","href":"https:\/\/api.w.org\/{rel}","templated":true}]}}