{"id":4448,"date":"2019-06-19T15:53:19","date_gmt":"2019-06-19T19:53:19","guid":{"rendered":"http:\/\/medicina.udd.cl\/fonoaudiologia-santiago\/?p=4448"},"modified":"2019-06-19T15:53:19","modified_gmt":"2019-06-19T19:53:19","slug":"fonoaudiologia-udd-y-minsal-se-unen-para-apoyar-a-ninos-vulnerables","status":"publish","type":"post","link":"https:\/\/medicina.udd.cl\/fonoaudiologia-santiago\/noticias\/2019\/06\/19\/fonoaudiologia-udd-y-minsal-se-unen-para-apoyar-a-ninos-vulnerables\/","title":{"rendered":"Fonoaudiolog\u00eda UDD y Minsal se unen para apoyar a ni\u00f1os vulnerables"},"content":{"rendered":"<p><a href=\"http:\/\/medicina.udd.cl\/fonoaudiologia-santiago\/files\/2019\/06\/Captura.png\"><img loading=\"lazy\" decoding=\"async\" class=\"size-medium wp-image-4449 aligncenter\" src=\"http:\/\/medicina.udd.cl\/fonoaudiologia-santiago\/files\/2019\/06\/Captura-300x290.png\" alt=\"\" width=\"300\" height=\"290\" \/><\/a><\/p>\n<p>La Carrera de Fonoaudiolog\u00eda de la Facultad de Medicina CAS-UDD junto al programa Chile Crece Contigo (CHCC) -perteneciente al Ministerio de Salud, MINSAL- organizaron un videoconferencia, que reuni\u00f3 a 70 profesionales fonoaudi\u00f3logos que trabajan en las salas de estimulaci\u00f3n (SET).<\/p>\n<p>La actividad, liderada por la docente del \u00e1rea infanto-juvenil de Fonoaudiolog\u00eda, Eugenia Araya, y la asesora t\u00e9cnica del CHCC Sof\u00eda Gonz\u00e1lez, tiene como prop\u00f3sito acompa\u00f1ar, proteger y apoyar integralmente a todos los ni\u00f1os, ni\u00f1as y sus familias, a trav\u00e9s de acciones y servicios de car\u00e1cter universal, focalizando apoyos especiales a aquellos que presentan alguna vulnerabilidad.<\/p>\n<p><a href=\"http:\/\/medicina.udd.cl\/fonoaudiologia-santiago\/files\/2019\/06\/Reuni\u00f3n-Flga.-Eugenia-Araya-con-asesora-del-MINSAL.jpeg\"><img loading=\"lazy\" decoding=\"async\" class=\"size-medium wp-image-4450 aligncenter\" src=\"http:\/\/medicina.udd.cl\/fonoaudiologia-santiago\/files\/2019\/06\/Reuni\u00f3n-Flga.-Eugenia-Araya-con-asesora-del-MINSAL-300x225.jpeg\" alt=\"\" width=\"300\" height=\"225\" \/><\/a><\/p>\n<p>Cabe destacar, que esta jornada se desarroll\u00f3 como un proceso previo al curso presencial denominado \u00abPromoci\u00f3n del desarrollo del lenguaje y la comunicaci\u00f3n y tratamiento de las alteraciones m\u00e1s frecuentes en el contexto de las salas de estimulaci\u00f3n de la Atenci\u00f3n Primaria en Salud (APS) en ni\u00f1os y ni\u00f1as de cero a cinco a\u00f1os\u00bb, dictado por la coordinadora acad\u00e9mica de la carrera, Mar\u00eda Antonella Urz\u00faa y docentes representantes de las \u00e1reas de audiolog\u00eda, habla, ling\u00fc\u00edstica e infanto-juvenil de la carrera.<\/p>\n","protected":false},"excerpt":{"rendered":"<p>M\u00e1s de 70 profesionales de la salud participaron en una videoconferencia, en el marco del programa Chile Crece Contigo del Ministerio de Salud<\/p>\n","protected":false},"author":9192218,"featured_media":4541,"comment_status":"open","ping_status":"open","sticky":false,"template":"","format":"standard","meta":{"footnotes":""},"categories":[4],"tags":[],"class_list":["post-4448","post","type-post","status-publish","format-standard","has-post-thumbnail","hentry","category-noticias"],"yoast_head":"<!-- This site is optimized with the Yoast SEO plugin v26.9 - https:\/\/yoast.com\/product\/yoast-seo-wordpress\/ -->\n<title>Fonoaudiolog\u00eda UDD y Minsal se unen para apoyar a ni\u00f1os vulnerables - Fonoaudiolog\u00eda<\/title>\n<meta name=\"robots\" content=\"index, follow, max-snippet:-1, max-image-preview:large, max-video-preview:-1\" \/>\n<link rel=\"canonical\" href=\"https:\/\/medicina.udd.cl\/fonoaudiologia-santiago\/noticias\/2019\/06\/19\/fonoaudiologia-udd-y-minsal-se-unen-para-apoyar-a-ninos-vulnerables\/\" \/>\n<meta property=\"og:locale\" content=\"es_ES\" \/>\n<meta property=\"og:type\" content=\"article\" \/>\n<meta property=\"og:title\" content=\"Fonoaudiolog\u00eda UDD y Minsal se unen para apoyar a ni\u00f1os vulnerables - Fonoaudiolog\u00eda\" \/>\n<meta property=\"og:description\" content=\"M\u00e1s de 70 profesionales de la salud participaron en una videoconferencia, en el marco del programa Chile Crece Contigo del Ministerio de Salud\" \/>\n<meta property=\"og:url\" content=\"https:\/\/medicina.udd.cl\/fonoaudiologia-santiago\/noticias\/2019\/06\/19\/fonoaudiologia-udd-y-minsal-se-unen-para-apoyar-a-ninos-vulnerables\/\" \/>\n<meta property=\"og:site_name\" content=\"Fonoaudiolog\u00eda\" \/>\n<meta property=\"article:published_time\" content=\"2019-06-19T19:53:19+00:00\" \/>\n<meta property=\"og:image\" content=\"https:\/\/medicina.udd.cl\/fonoaudiologia-santiago\/files\/2019\/08\/IMG_1321.jpg\" \/>\n\t<meta property=\"og:image:width\" content=\"4032\" \/>\n\t<meta property=\"og:image:height\" content=\"3024\" \/>\n\t<meta property=\"og:image:type\" content=\"image\/jpeg\" \/>\n<meta name=\"twitter:label1\" content=\"Escrito por\" \/>\n\t<meta name=\"twitter:data1\" content=\"\" \/>\n\t<meta name=\"twitter:label2\" content=\"Tiempo de lectura\" \/>\n\t<meta name=\"twitter:data2\" content=\"1 minuto\" \/>\n<script type=\"application\/ld+json\" class=\"yoast-schema-graph\">{\"@context\":\"https:\/\/schema.org\",\"@graph\":[{\"@type\":\"Article\",\"@id\":\"https:\/\/medicina.udd.cl\/fonoaudiologia-santiago\/noticias\/2019\/06\/19\/fonoaudiologia-udd-y-minsal-se-unen-para-apoyar-a-ninos-vulnerables\/#article\",\"isPartOf\":{\"@id\":\"https:\/\/medicina.udd.cl\/fonoaudiologia-santiago\/noticias\/2019\/06\/19\/fonoaudiologia-udd-y-minsal-se-unen-para-apoyar-a-ninos-vulnerables\/\"},\"author\":{\"name\":\"\",\"@id\":\"\"},\"headline\":\"Fonoaudiolog\u00eda UDD y Minsal se unen para apoyar a ni\u00f1os vulnerables\",\"datePublished\":\"2019-06-19T19:53:19+00:00\",\"mainEntityOfPage\":{\"@id\":\"https:\/\/medicina.udd.cl\/fonoaudiologia-santiago\/noticias\/2019\/06\/19\/fonoaudiologia-udd-y-minsal-se-unen-para-apoyar-a-ninos-vulnerables\/\"},\"wordCount\":213,\"commentCount\":0,\"image\":{\"@id\":\"https:\/\/medicina.udd.cl\/fonoaudiologia-santiago\/noticias\/2019\/06\/19\/fonoaudiologia-udd-y-minsal-se-unen-para-apoyar-a-ninos-vulnerables\/#primaryimage\"},\"thumbnailUrl\":\"https:\/\/medicina.udd.cl\/fonoaudiologia-santiago\/files\/2019\/08\/IMG_1321.jpg\",\"articleSection\":[\"Noticias\"],\"inLanguage\":\"es\",\"potentialAction\":[{\"@type\":\"CommentAction\",\"name\":\"Comment\",\"target\":[\"https:\/\/medicina.udd.cl\/fonoaudiologia-santiago\/noticias\/2019\/06\/19\/fonoaudiologia-udd-y-minsal-se-unen-para-apoyar-a-ninos-vulnerables\/#respond\"]}]},{\"@type\":\"WebPage\",\"@id\":\"https:\/\/medicina.udd.cl\/fonoaudiologia-santiago\/noticias\/2019\/06\/19\/fonoaudiologia-udd-y-minsal-se-unen-para-apoyar-a-ninos-vulnerables\/\",\"url\":\"https:\/\/medicina.udd.cl\/fonoaudiologia-santiago\/noticias\/2019\/06\/19\/fonoaudiologia-udd-y-minsal-se-unen-para-apoyar-a-ninos-vulnerables\/\",\"name\":\"Fonoaudiolog\u00eda UDD y Minsal se unen para apoyar a ni\u00f1os vulnerables - Fonoaudiolog\u00eda\",\"isPartOf\":{\"@id\":\"https:\/\/medicina.udd.cl\/fonoaudiologia-santiago\/#website\"},\"primaryImageOfPage\":{\"@id\":\"https:\/\/medicina.udd.cl\/fonoaudiologia-santiago\/noticias\/2019\/06\/19\/fonoaudiologia-udd-y-minsal-se-unen-para-apoyar-a-ninos-vulnerables\/#primaryimage\"},\"image\":{\"@id\":\"https:\/\/medicina.udd.cl\/fonoaudiologia-santiago\/noticias\/2019\/06\/19\/fonoaudiologia-udd-y-minsal-se-unen-para-apoyar-a-ninos-vulnerables\/#primaryimage\"},\"thumbnailUrl\":\"https:\/\/medicina.udd.cl\/fonoaudiologia-santiago\/files\/2019\/08\/IMG_1321.jpg\",\"datePublished\":\"2019-06-19T19:53:19+00:00\",\"author\":{\"@id\":\"\"},\"breadcrumb\":{\"@id\":\"https:\/\/medicina.udd.cl\/fonoaudiologia-santiago\/noticias\/2019\/06\/19\/fonoaudiologia-udd-y-minsal-se-unen-para-apoyar-a-ninos-vulnerables\/#breadcrumb\"},\"inLanguage\":\"es\",\"potentialAction\":[{\"@type\":\"ReadAction\",\"target\":[\"https:\/\/medicina.udd.cl\/fonoaudiologia-santiago\/noticias\/2019\/06\/19\/fonoaudiologia-udd-y-minsal-se-unen-para-apoyar-a-ninos-vulnerables\/\"]}]},{\"@type\":\"ImageObject\",\"inLanguage\":\"es\",\"@id\":\"https:\/\/medicina.udd.cl\/fonoaudiologia-santiago\/noticias\/2019\/06\/19\/fonoaudiologia-udd-y-minsal-se-unen-para-apoyar-a-ninos-vulnerables\/#primaryimage\",\"url\":\"https:\/\/medicina.udd.cl\/fonoaudiologia-santiago\/files\/2019\/08\/IMG_1321.jpg\",\"contentUrl\":\"https:\/\/medicina.udd.cl\/fonoaudiologia-santiago\/files\/2019\/08\/IMG_1321.jpg\",\"width\":4032,\"height\":3024},{\"@type\":\"BreadcrumbList\",\"@id\":\"https:\/\/medicina.udd.cl\/fonoaudiologia-santiago\/noticias\/2019\/06\/19\/fonoaudiologia-udd-y-minsal-se-unen-para-apoyar-a-ninos-vulnerables\/#breadcrumb\",\"itemListElement\":[{\"@type\":\"ListItem\",\"position\":1,\"name\":\"Home\",\"item\":\"https:\/\/medicina.udd.cl\/fonoaudiologia-santiago\/\"},{\"@type\":\"ListItem\",\"position\":2,\"name\":\"Fonoaudiolog\u00eda UDD y Minsal se unen para apoyar a ni\u00f1os vulnerables\"}]},{\"@type\":\"WebSite\",\"@id\":\"https:\/\/medicina.udd.cl\/fonoaudiologia-santiago\/#website\",\"url\":\"https:\/\/medicina.udd.cl\/fonoaudiologia-santiago\/\",\"name\":\"Fonoaudiolog\u00eda\",\"description\":\"Facultad de Medicina Cl\u00ednica Alemana Universidad del Desarrollo\",\"inLanguage\":\"es\"},{\"@type\":\"Person\",\"@id\":\"\",\"url\":\"https:\/\/medicina.udd.cl\/fonoaudiologia-santiago\/noticias\/author\/\"}]}<\/script>\n<!-- \/ Yoast SEO plugin. -->","yoast_head_json":{"title":"Fonoaudiolog\u00eda UDD y Minsal se unen para apoyar a ni\u00f1os vulnerables - Fonoaudiolog\u00eda","robots":{"index":"index","follow":"follow","max-snippet":"max-snippet:-1","max-image-preview":"max-image-preview:large","max-video-preview":"max-video-preview:-1"},"canonical":"https:\/\/medicina.udd.cl\/fonoaudiologia-santiago\/noticias\/2019\/06\/19\/fonoaudiologia-udd-y-minsal-se-unen-para-apoyar-a-ninos-vulnerables\/","og_locale":"es_ES","og_type":"article","og_title":"Fonoaudiolog\u00eda UDD y Minsal se unen para apoyar a ni\u00f1os vulnerables - Fonoaudiolog\u00eda","og_description":"M\u00e1s de 70 profesionales de la salud participaron en una videoconferencia, en el marco del programa Chile Crece Contigo del Ministerio de Salud","og_url":"https:\/\/medicina.udd.cl\/fonoaudiologia-santiago\/noticias\/2019\/06\/19\/fonoaudiologia-udd-y-minsal-se-unen-para-apoyar-a-ninos-vulnerables\/","og_site_name":"Fonoaudiolog\u00eda","article_published_time":"2019-06-19T19:53:19+00:00","og_image":[{"width":4032,"height":3024,"url":"https:\/\/medicina.udd.cl\/fonoaudiologia-santiago\/files\/2019\/08\/IMG_1321.jpg","type":"image\/jpeg"}],"twitter_misc":{"Escrito por":"","Tiempo de lectura":"1 minuto"},"schema":{"@context":"https:\/\/schema.org","@graph":[{"@type":"Article","@id":"https:\/\/medicina.udd.cl\/fonoaudiologia-santiago\/noticias\/2019\/06\/19\/fonoaudiologia-udd-y-minsal-se-unen-para-apoyar-a-ninos-vulnerables\/#article","isPartOf":{"@id":"https:\/\/medicina.udd.cl\/fonoaudiologia-santiago\/noticias\/2019\/06\/19\/fonoaudiologia-udd-y-minsal-se-unen-para-apoyar-a-ninos-vulnerables\/"},"author":{"name":"","@id":""},"headline":"Fonoaudiolog\u00eda UDD y Minsal se unen para apoyar a ni\u00f1os vulnerables","datePublished":"2019-06-19T19:53:19+00:00","mainEntityOfPage":{"@id":"https:\/\/medicina.udd.cl\/fonoaudiologia-santiago\/noticias\/2019\/06\/19\/fonoaudiologia-udd-y-minsal-se-unen-para-apoyar-a-ninos-vulnerables\/"},"wordCount":213,"commentCount":0,"image":{"@id":"https:\/\/medicina.udd.cl\/fonoaudiologia-santiago\/noticias\/2019\/06\/19\/fonoaudiologia-udd-y-minsal-se-unen-para-apoyar-a-ninos-vulnerables\/#primaryimage"},"thumbnailUrl":"https:\/\/medicina.udd.cl\/fonoaudiologia-santiago\/files\/2019\/08\/IMG_1321.jpg","articleSection":["Noticias"],"inLanguage":"es","potentialAction":[{"@type":"CommentAction","name":"Comment","target":["https:\/\/medicina.udd.cl\/fonoaudiologia-santiago\/noticias\/2019\/06\/19\/fonoaudiologia-udd-y-minsal-se-unen-para-apoyar-a-ninos-vulnerables\/#respond"]}]},{"@type":"WebPage","@id":"https:\/\/medicina.udd.cl\/fonoaudiologia-santiago\/noticias\/2019\/06\/19\/fonoaudiologia-udd-y-minsal-se-unen-para-apoyar-a-ninos-vulnerables\/","url":"https:\/\/medicina.udd.cl\/fonoaudiologia-santiago\/noticias\/2019\/06\/19\/fonoaudiologia-udd-y-minsal-se-unen-para-apoyar-a-ninos-vulnerables\/","name":"Fonoaudiolog\u00eda UDD y Minsal se unen para apoyar a ni\u00f1os vulnerables - Fonoaudiolog\u00eda","isPartOf":{"@id":"https:\/\/medicina.udd.cl\/fonoaudiologia-santiago\/#website"},"primaryImageOfPage":{"@id":"https:\/\/medicina.udd.cl\/fonoaudiologia-santiago\/noticias\/2019\/06\/19\/fonoaudiologia-udd-y-minsal-se-unen-para-apoyar-a-ninos-vulnerables\/#primaryimage"},"image":{"@id":"https:\/\/medicina.udd.cl\/fonoaudiologia-santiago\/noticias\/2019\/06\/19\/fonoaudiologia-udd-y-minsal-se-unen-para-apoyar-a-ninos-vulnerables\/#primaryimage"},"thumbnailUrl":"https:\/\/medicina.udd.cl\/fonoaudiologia-santiago\/files\/2019\/08\/IMG_1321.jpg","datePublished":"2019-06-19T19:53:19+00:00","author":{"@id":""},"breadcrumb":{"@id":"https:\/\/medicina.udd.cl\/fonoaudiologia-santiago\/noticias\/2019\/06\/19\/fonoaudiologia-udd-y-minsal-se-unen-para-apoyar-a-ninos-vulnerables\/#breadcrumb"},"inLanguage":"es","potentialAction":[{"@type":"ReadAction","target":["https:\/\/medicina.udd.cl\/fonoaudiologia-santiago\/noticias\/2019\/06\/19\/fonoaudiologia-udd-y-minsal-se-unen-para-apoyar-a-ninos-vulnerables\/"]}]},{"@type":"ImageObject","inLanguage":"es","@id":"https:\/\/medicina.udd.cl\/fonoaudiologia-santiago\/noticias\/2019\/06\/19\/fonoaudiologia-udd-y-minsal-se-unen-para-apoyar-a-ninos-vulnerables\/#primaryimage","url":"https:\/\/medicina.udd.cl\/fonoaudiologia-santiago\/files\/2019\/08\/IMG_1321.jpg","contentUrl":"https:\/\/medicina.udd.cl\/fonoaudiologia-santiago\/files\/2019\/08\/IMG_1321.jpg","width":4032,"height":3024},{"@type":"BreadcrumbList","@id":"https:\/\/medicina.udd.cl\/fonoaudiologia-santiago\/noticias\/2019\/06\/19\/fonoaudiologia-udd-y-minsal-se-unen-para-apoyar-a-ninos-vulnerables\/#breadcrumb","itemListElement":[{"@type":"ListItem","position":1,"name":"Home","item":"https:\/\/medicina.udd.cl\/fonoaudiologia-santiago\/"},{"@type":"ListItem","position":2,"name":"Fonoaudiolog\u00eda UDD y Minsal se unen para apoyar a ni\u00f1os vulnerables"}]},{"@type":"WebSite","@id":"https:\/\/medicina.udd.cl\/fonoaudiologia-santiago\/#website","url":"https:\/\/medicina.udd.cl\/fonoaudiologia-santiago\/","name":"Fonoaudiolog\u00eda","description":"Facultad de Medicina Cl\u00ednica Alemana Universidad del Desarrollo","inLanguage":"es"},{"@type":"Person","@id":"","url":"https:\/\/medicina.udd.cl\/fonoaudiologia-santiago\/noticias\/author\/"}]}},"featured_image_url":"https:\/\/medicina.udd.cl\/fonoaudiologia-santiago\/files\/2019\/08\/IMG_1321.jpg","_links":{"self":[{"href":"https:\/\/medicina.udd.cl\/fonoaudiologia-santiago\/wp-json\/wp\/v2\/posts\/4448","targetHints":{"allow":["GET"]}}],"collection":[{"href":"https:\/\/medicina.udd.cl\/fonoaudiologia-santiago\/wp-json\/wp\/v2\/posts"}],"about":[{"href":"https:\/\/medicina.udd.cl\/fonoaudiologia-santiago\/wp-json\/wp\/v2\/types\/post"}],"author":[{"embeddable":true,"href":"https:\/\/medicina.udd.cl\/fonoaudiologia-santiago\/wp-json\/wp\/v2\/users\/9192218"}],"replies":[{"embeddable":true,"href":"https:\/\/medicina.udd.cl\/fonoaudiologia-santiago\/wp-json\/wp\/v2\/comments?post=4448"}],"version-history":[{"count":0,"href":"https:\/\/medicina.udd.cl\/fonoaudiologia-santiago\/wp-json\/wp\/v2\/posts\/4448\/revisions"}],"wp:featuredmedia":[{"embeddable":true,"href":"https:\/\/medicina.udd.cl\/fonoaudiologia-santiago\/wp-json\/wp\/v2\/media\/4541"}],"wp:attachment":[{"href":"https:\/\/medicina.udd.cl\/fonoaudiologia-santiago\/wp-json\/wp\/v2\/media?parent=4448"}],"wp:term":[{"taxonomy":"category","embeddable":true,"href":"https:\/\/medicina.udd.cl\/fonoaudiologia-santiago\/wp-json\/wp\/v2\/categories?post=4448"},{"taxonomy":"post_tag","embeddable":true,"href":"https:\/\/medicina.udd.cl\/fonoaudiologia-santiago\/wp-json\/wp\/v2\/tags?post=4448"}],"curies":[{"name":"wp","href":"https:\/\/api.w.org\/{rel}","templated":true}]}}