{"id":4620,"date":"2019-04-25T17:03:04","date_gmt":"2019-04-25T20:03:04","guid":{"rendered":"http:\/\/medicina.udd.cl\/fonoaudiologia-santiago\/?p=4338"},"modified":"2019-12-22T22:33:12","modified_gmt":"2019-12-23T01:33:12","slug":"estudiantes-de-fonoaudiologia-participan-en-cirugia-cerebral","status":"publish","type":"post","link":"https:\/\/medicina.udd.cl\/fonoaudiologia-santiago\/noticias\/2019\/04\/25\/estudiantes-de-fonoaudiologia-participan-en-cirugia-cerebral\/","title":{"rendered":"Estudiantes de Fonoaudiolog\u00eda participan en Cirug\u00eda Cerebral"},"content":{"rendered":"<div id=\"gallery-1\" class=\"carousel slide carousel-gallery\" data-ride=\"false\" data-interval=\"false\"><div class=\"carousel-inner\" role=\"listbox\"><figure class=\"carousel-item active\"><img loading=\"lazy\" decoding=\"async\" width=\"952\" height=\"534\" src=\"https:\/\/medicina.udd.cl\/fonoaudiologia-santiago\/files\/2019\/04\/IMG_2867-952x534.jpg\" class=\"attachment-landscape_952 size-landscape_952\" alt=\"\" srcset=\"https:\/\/medicina.udd.cl\/fonoaudiologia-santiago\/files\/2019\/04\/IMG_2867-952x534.jpg 952w, https:\/\/medicina.udd.cl\/fonoaudiologia-santiago\/files\/2019\/04\/IMG_2867-1366x768.jpg 1366w, https:\/\/medicina.udd.cl\/fonoaudiologia-santiago\/files\/2019\/04\/IMG_2867-680x382.jpg 680w\" sizes=\"auto, (max-width: 952px) 100vw, 952px\" \/><\/figure><figure class=\"carousel-item\"><img loading=\"lazy\" decoding=\"async\" width=\"952\" height=\"534\" src=\"https:\/\/medicina.udd.cl\/fonoaudiologia-santiago\/files\/2019\/04\/IMG_2869-952x534.jpg\" class=\"attachment-landscape_952 size-landscape_952\" alt=\"\" srcset=\"https:\/\/medicina.udd.cl\/fonoaudiologia-santiago\/files\/2019\/04\/IMG_2869-952x534.jpg 952w, https:\/\/medicina.udd.cl\/fonoaudiologia-santiago\/files\/2019\/04\/IMG_2869-1366x768.jpg 1366w, https:\/\/medicina.udd.cl\/fonoaudiologia-santiago\/files\/2019\/04\/IMG_2869-680x382.jpg 680w\" sizes=\"auto, (max-width: 952px) 100vw, 952px\" \/><\/figure><figure class=\"carousel-item\"><img loading=\"lazy\" decoding=\"async\" width=\"952\" height=\"534\" src=\"https:\/\/medicina.udd.cl\/fonoaudiologia-santiago\/files\/2019\/04\/IMG_2870-952x534.jpg\" class=\"attachment-landscape_952 size-landscape_952\" alt=\"\" srcset=\"https:\/\/medicina.udd.cl\/fonoaudiologia-santiago\/files\/2019\/04\/IMG_2870-952x534.jpg 952w, https:\/\/medicina.udd.cl\/fonoaudiologia-santiago\/files\/2019\/04\/IMG_2870-1366x768.jpg 1366w, https:\/\/medicina.udd.cl\/fonoaudiologia-santiago\/files\/2019\/04\/IMG_2870-680x382.jpg 680w\" sizes=\"auto, (max-width: 952px) 100vw, 952px\" \/><\/figure><figure class=\"carousel-item\"><img loading=\"lazy\" decoding=\"async\" width=\"952\" height=\"534\" src=\"https:\/\/medicina.udd.cl\/fonoaudiologia-santiago\/files\/2019\/04\/IMG_2872-952x534.jpg\" class=\"attachment-landscape_952 size-landscape_952\" alt=\"\" srcset=\"https:\/\/medicina.udd.cl\/fonoaudiologia-santiago\/files\/2019\/04\/IMG_2872-952x534.jpg 952w, https:\/\/medicina.udd.cl\/fonoaudiologia-santiago\/files\/2019\/04\/IMG_2872-680x382.jpg 680w\" sizes=\"auto, (max-width: 952px) 100vw, 952px\" \/><\/figure><figure class=\"carousel-item\"><img loading=\"lazy\" decoding=\"async\" width=\"952\" height=\"534\" src=\"https:\/\/medicina.udd.cl\/fonoaudiologia-santiago\/files\/2019\/04\/IMG_2904-952x534.jpg\" class=\"attachment-landscape_952 size-landscape_952\" alt=\"\" srcset=\"https:\/\/medicina.udd.cl\/fonoaudiologia-santiago\/files\/2019\/04\/IMG_2904-952x534.jpg 952w, https:\/\/medicina.udd.cl\/fonoaudiologia-santiago\/files\/2019\/04\/IMG_2904-1366x768.jpg 1366w, https:\/\/medicina.udd.cl\/fonoaudiologia-santiago\/files\/2019\/04\/IMG_2904-680x382.jpg 680w\" sizes=\"auto, (max-width: 952px) 100vw, 952px\" \/><\/figure><figure class=\"carousel-item\"><img loading=\"lazy\" decoding=\"async\" width=\"952\" height=\"534\" src=\"https:\/\/medicina.udd.cl\/fonoaudiologia-santiago\/files\/2019\/04\/IMG_2906-952x534.jpg\" class=\"attachment-landscape_952 size-landscape_952\" alt=\"\" srcset=\"https:\/\/medicina.udd.cl\/fonoaudiologia-santiago\/files\/2019\/04\/IMG_2906-952x534.jpg 952w, https:\/\/medicina.udd.cl\/fonoaudiologia-santiago\/files\/2019\/04\/IMG_2906-1366x768.jpg 1366w, https:\/\/medicina.udd.cl\/fonoaudiologia-santiago\/files\/2019\/04\/IMG_2906-680x382.jpg 680w\" sizes=\"auto, (max-width: 952px) 100vw, 952px\" \/><\/figure><figure class=\"carousel-item\"><img loading=\"lazy\" decoding=\"async\" width=\"952\" height=\"534\" src=\"https:\/\/medicina.udd.cl\/fonoaudiologia-santiago\/files\/2019\/04\/IMG_2909-952x534.jpg\" class=\"attachment-landscape_952 size-landscape_952\" alt=\"\" srcset=\"https:\/\/medicina.udd.cl\/fonoaudiologia-santiago\/files\/2019\/04\/IMG_2909-952x534.jpg 952w, https:\/\/medicina.udd.cl\/fonoaudiologia-santiago\/files\/2019\/04\/IMG_2909-680x382.jpg 680w\" sizes=\"auto, (max-width: 952px) 100vw, 952px\" \/><\/figure><\/div><footer class=\"carousel-footer\"><div class=\"carousel-counter\"><span class=\"carousel-counter-current\"><\/span> \/ <span class=\"carousel-counter-total\"><\/span><\/div><a class=\"carousel-control-prev\" href=\"#gallery-1\" role=\"button\" data-slide=\"prev\"><svg aria-hidden=\"true\" class=\"svg-chevron-left-dims\"><use xlink:href='https:\/\/medicina.udd.cl\/fonoaudiologia-santiago\/wp-content\/themes\/facultades-2018\/assets\/img\/svg\/dist\/main.svg?version=1695853099#chevron-left'><\/use><\/svg><span class=\"sr-only\">Anterior<\/span><\/a><a class=\"carousel-control-next\" href=\"#gallery-1\" role=\"button\" data-slide=\"next\"><svg aria-hidden=\"true\" class=\"svg-chevron-right-dims\"><use xlink:href='https:\/\/medicina.udd.cl\/fonoaudiologia-santiago\/wp-content\/themes\/facultades-2018\/assets\/img\/svg\/dist\/main.svg?version=1695853099#chevron-right'><\/use><\/svg><span class=\"sr-only\">Siguiente<\/span><\/a><\/footer><\/div>\n<p>La carrera de Fonoaudiolog\u00eda de la Facultad de Medicina Cl\u00ednica Alemana Universidad del Desarrollo ofreci\u00f3 una experiencia innovadora a dos de sus estudiantes de quinto a\u00f1o, tras ser part\u00edcipes de una Cirug\u00eda Cerebral en Vigilia, que se llev\u00f3 a cabo junto con el equipo de neurocirujanos de la Cl\u00ednica Alemana, bajo la supervisi\u00f3n de la directora de carrera, Mar\u00eda Ang\u00e9lica L\u00f3pez O\u00f1att.<\/p>\n<p>\u201cEn esta oportunidad, Domenica Moletto y Jocelyn Torrealba (de la sede de Concepci\u00f3n), estudiantes que cursan el \u00faltimo a\u00f1o de nuestra carrera tuvieron la oportunidad de participar en este tipo de intervenciones. Se trataba de un paciente de 24 a\u00f1os, a qui\u00e9n se le extirp\u00f3 un tumor fronto-temporo-parietal izquierdo, a trav\u00e9s de la t\u00e9cnica \u00abdormido-despierto-dormido\u201d, logrando permanecer vigil, durante la hora y media que dur\u00f3 la intervenci\u00f3n quir\u00fargica. Posteriormente, fue trasladado a la Unidad de Cuidados Intensivos\u00a0para su recuperaci\u00f3n\u201d. Se\u00f1al\u00f3 Mar\u00eda Ang\u00e9lica L\u00f3pez O\u00f1att<\/p>\n<p>Esta iniciativa, significa una gran experiencia acad\u00e9mica y de formaci\u00f3n para los alumnos de la carrera, ya que les ofrece herramientas para su pronto ejercicio como profesionales de la Fonoaudiolog\u00eda.<\/p>\n<p>&nbsp;<\/p>\n","protected":false},"excerpt":{"rendered":"<p>La intervenci\u00f3n se realiz\u00f3 en conjunto con el equipo de Neurocirujanos de la Cl\u00ednica Alemana<\/p>\n","protected":false},"author":9192218,"featured_media":4339,"comment_status":"open","ping_status":"open","sticky":false,"template":"","format":"standard","meta":{"footnotes":""},"categories":[4],"tags":[],"class_list":["post-4620","post","type-post","status-publish","format-standard","has-post-thumbnail","hentry","category-noticias"],"yoast_head":"<!-- This site is optimized with the Yoast SEO plugin v26.9 - https:\/\/yoast.com\/product\/yoast-seo-wordpress\/ -->\n<title>Estudiantes de Fonoaudiolog\u00eda participan en Cirug\u00eda Cerebral - Fonoaudiolog\u00eda<\/title>\n<meta name=\"robots\" content=\"index, follow, max-snippet:-1, max-image-preview:large, max-video-preview:-1\" \/>\n<link rel=\"canonical\" href=\"https:\/\/medicina.udd.cl\/fonoaudiologia-santiago\/noticias\/2019\/04\/25\/estudiantes-de-fonoaudiologia-participan-en-cirugia-cerebral\/\" \/>\n<meta property=\"og:locale\" content=\"es_ES\" \/>\n<meta property=\"og:type\" content=\"article\" \/>\n<meta property=\"og:title\" content=\"Estudiantes de Fonoaudiolog\u00eda participan en Cirug\u00eda Cerebral - Fonoaudiolog\u00eda\" \/>\n<meta property=\"og:description\" content=\"La intervenci\u00f3n se realiz\u00f3 en conjunto con el equipo de Neurocirujanos de la Cl\u00ednica Alemana\" \/>\n<meta property=\"og:url\" content=\"https:\/\/medicina.udd.cl\/fonoaudiologia-santiago\/noticias\/2019\/04\/25\/estudiantes-de-fonoaudiologia-participan-en-cirugia-cerebral\/\" \/>\n<meta property=\"og:site_name\" content=\"Fonoaudiolog\u00eda\" \/>\n<meta property=\"article:published_time\" content=\"2019-04-25T20:03:04+00:00\" \/>\n<meta property=\"article:modified_time\" content=\"2019-12-23T01:33:12+00:00\" \/>\n<meta property=\"og:image\" content=\"https:\/\/medicina.udd.cl\/fonoaudiologia-santiago\/files\/2019\/04\/IMG_2867.jpg\" \/>\n\t<meta property=\"og:image:width\" content=\"4032\" \/>\n\t<meta property=\"og:image:height\" content=\"3024\" \/>\n\t<meta property=\"og:image:type\" content=\"image\/jpeg\" \/>\n<meta name=\"twitter:label1\" content=\"Escrito por\" \/>\n\t<meta name=\"twitter:data1\" content=\"\" \/>\n\t<meta name=\"twitter:label2\" content=\"Tiempo de lectura\" \/>\n\t<meta name=\"twitter:data2\" content=\"1 minuto\" \/>\n<script type=\"application\/ld+json\" class=\"yoast-schema-graph\">{\"@context\":\"https:\/\/schema.org\",\"@graph\":[{\"@type\":\"Article\",\"@id\":\"https:\/\/medicina.udd.cl\/fonoaudiologia-santiago\/noticias\/2019\/04\/25\/estudiantes-de-fonoaudiologia-participan-en-cirugia-cerebral\/#article\",\"isPartOf\":{\"@id\":\"https:\/\/medicina.udd.cl\/fonoaudiologia-santiago\/noticias\/2019\/04\/25\/estudiantes-de-fonoaudiologia-participan-en-cirugia-cerebral\/\"},\"author\":{\"name\":\"\",\"@id\":\"\"},\"headline\":\"Estudiantes de Fonoaudiolog\u00eda participan en Cirug\u00eda Cerebral\",\"datePublished\":\"2019-04-25T20:03:04+00:00\",\"dateModified\":\"2019-12-23T01:33:12+00:00\",\"mainEntityOfPage\":{\"@id\":\"https:\/\/medicina.udd.cl\/fonoaudiologia-santiago\/noticias\/2019\/04\/25\/estudiantes-de-fonoaudiologia-participan-en-cirugia-cerebral\/\"},\"wordCount\":216,\"commentCount\":0,\"image\":{\"@id\":\"https:\/\/medicina.udd.cl\/fonoaudiologia-santiago\/noticias\/2019\/04\/25\/estudiantes-de-fonoaudiologia-participan-en-cirugia-cerebral\/#primaryimage\"},\"thumbnailUrl\":\"https:\/\/medicina.udd.cl\/fonoaudiologia-santiago\/files\/2019\/04\/IMG_2867.jpg\",\"articleSection\":[\"Noticias\"],\"inLanguage\":\"es\",\"potentialAction\":[{\"@type\":\"CommentAction\",\"name\":\"Comment\",\"target\":[\"https:\/\/medicina.udd.cl\/fonoaudiologia-santiago\/noticias\/2019\/04\/25\/estudiantes-de-fonoaudiologia-participan-en-cirugia-cerebral\/#respond\"]}]},{\"@type\":\"WebPage\",\"@id\":\"https:\/\/medicina.udd.cl\/fonoaudiologia-santiago\/noticias\/2019\/04\/25\/estudiantes-de-fonoaudiologia-participan-en-cirugia-cerebral\/\",\"url\":\"https:\/\/medicina.udd.cl\/fonoaudiologia-santiago\/noticias\/2019\/04\/25\/estudiantes-de-fonoaudiologia-participan-en-cirugia-cerebral\/\",\"name\":\"Estudiantes de Fonoaudiolog\u00eda participan en Cirug\u00eda Cerebral - Fonoaudiolog\u00eda\",\"isPartOf\":{\"@id\":\"https:\/\/medicina.udd.cl\/fonoaudiologia-santiago\/#website\"},\"primaryImageOfPage\":{\"@id\":\"https:\/\/medicina.udd.cl\/fonoaudiologia-santiago\/noticias\/2019\/04\/25\/estudiantes-de-fonoaudiologia-participan-en-cirugia-cerebral\/#primaryimage\"},\"image\":{\"@id\":\"https:\/\/medicina.udd.cl\/fonoaudiologia-santiago\/noticias\/2019\/04\/25\/estudiantes-de-fonoaudiologia-participan-en-cirugia-cerebral\/#primaryimage\"},\"thumbnailUrl\":\"https:\/\/medicina.udd.cl\/fonoaudiologia-santiago\/files\/2019\/04\/IMG_2867.jpg\",\"datePublished\":\"2019-04-25T20:03:04+00:00\",\"dateModified\":\"2019-12-23T01:33:12+00:00\",\"author\":{\"@id\":\"\"},\"breadcrumb\":{\"@id\":\"https:\/\/medicina.udd.cl\/fonoaudiologia-santiago\/noticias\/2019\/04\/25\/estudiantes-de-fonoaudiologia-participan-en-cirugia-cerebral\/#breadcrumb\"},\"inLanguage\":\"es\",\"potentialAction\":[{\"@type\":\"ReadAction\",\"target\":[\"https:\/\/medicina.udd.cl\/fonoaudiologia-santiago\/noticias\/2019\/04\/25\/estudiantes-de-fonoaudiologia-participan-en-cirugia-cerebral\/\"]}]},{\"@type\":\"ImageObject\",\"inLanguage\":\"es\",\"@id\":\"https:\/\/medicina.udd.cl\/fonoaudiologia-santiago\/noticias\/2019\/04\/25\/estudiantes-de-fonoaudiologia-participan-en-cirugia-cerebral\/#primaryimage\",\"url\":\"https:\/\/medicina.udd.cl\/fonoaudiologia-santiago\/files\/2019\/04\/IMG_2867.jpg\",\"contentUrl\":\"https:\/\/medicina.udd.cl\/fonoaudiologia-santiago\/files\/2019\/04\/IMG_2867.jpg\",\"width\":4032,\"height\":3024},{\"@type\":\"BreadcrumbList\",\"@id\":\"https:\/\/medicina.udd.cl\/fonoaudiologia-santiago\/noticias\/2019\/04\/25\/estudiantes-de-fonoaudiologia-participan-en-cirugia-cerebral\/#breadcrumb\",\"itemListElement\":[{\"@type\":\"ListItem\",\"position\":1,\"name\":\"Home\",\"item\":\"https:\/\/medicina.udd.cl\/fonoaudiologia-santiago\/\"},{\"@type\":\"ListItem\",\"position\":2,\"name\":\"Estudiantes de Fonoaudiolog\u00eda participan en Cirug\u00eda Cerebral\"}]},{\"@type\":\"WebSite\",\"@id\":\"https:\/\/medicina.udd.cl\/fonoaudiologia-santiago\/#website\",\"url\":\"https:\/\/medicina.udd.cl\/fonoaudiologia-santiago\/\",\"name\":\"Fonoaudiolog\u00eda\",\"description\":\"Facultad de Medicina Cl\u00ednica Alemana Universidad del Desarrollo\",\"inLanguage\":\"es\"},{\"@type\":\"Person\",\"@id\":\"\",\"url\":\"https:\/\/medicina.udd.cl\/fonoaudiologia-santiago\/noticias\/author\/\"}]}<\/script>\n<!-- \/ Yoast SEO plugin. -->","yoast_head_json":{"title":"Estudiantes de Fonoaudiolog\u00eda participan en Cirug\u00eda Cerebral - Fonoaudiolog\u00eda","robots":{"index":"index","follow":"follow","max-snippet":"max-snippet:-1","max-image-preview":"max-image-preview:large","max-video-preview":"max-video-preview:-1"},"canonical":"https:\/\/medicina.udd.cl\/fonoaudiologia-santiago\/noticias\/2019\/04\/25\/estudiantes-de-fonoaudiologia-participan-en-cirugia-cerebral\/","og_locale":"es_ES","og_type":"article","og_title":"Estudiantes de Fonoaudiolog\u00eda participan en Cirug\u00eda Cerebral - Fonoaudiolog\u00eda","og_description":"La intervenci\u00f3n se realiz\u00f3 en conjunto con el equipo de Neurocirujanos de la Cl\u00ednica Alemana","og_url":"https:\/\/medicina.udd.cl\/fonoaudiologia-santiago\/noticias\/2019\/04\/25\/estudiantes-de-fonoaudiologia-participan-en-cirugia-cerebral\/","og_site_name":"Fonoaudiolog\u00eda","article_published_time":"2019-04-25T20:03:04+00:00","article_modified_time":"2019-12-23T01:33:12+00:00","og_image":[{"width":4032,"height":3024,"url":"https:\/\/medicina.udd.cl\/fonoaudiologia-santiago\/files\/2019\/04\/IMG_2867.jpg","type":"image\/jpeg"}],"twitter_misc":{"Escrito por":"","Tiempo de lectura":"1 minuto"},"schema":{"@context":"https:\/\/schema.org","@graph":[{"@type":"Article","@id":"https:\/\/medicina.udd.cl\/fonoaudiologia-santiago\/noticias\/2019\/04\/25\/estudiantes-de-fonoaudiologia-participan-en-cirugia-cerebral\/#article","isPartOf":{"@id":"https:\/\/medicina.udd.cl\/fonoaudiologia-santiago\/noticias\/2019\/04\/25\/estudiantes-de-fonoaudiologia-participan-en-cirugia-cerebral\/"},"author":{"name":"","@id":""},"headline":"Estudiantes de Fonoaudiolog\u00eda participan en Cirug\u00eda Cerebral","datePublished":"2019-04-25T20:03:04+00:00","dateModified":"2019-12-23T01:33:12+00:00","mainEntityOfPage":{"@id":"https:\/\/medicina.udd.cl\/fonoaudiologia-santiago\/noticias\/2019\/04\/25\/estudiantes-de-fonoaudiologia-participan-en-cirugia-cerebral\/"},"wordCount":216,"commentCount":0,"image":{"@id":"https:\/\/medicina.udd.cl\/fonoaudiologia-santiago\/noticias\/2019\/04\/25\/estudiantes-de-fonoaudiologia-participan-en-cirugia-cerebral\/#primaryimage"},"thumbnailUrl":"https:\/\/medicina.udd.cl\/fonoaudiologia-santiago\/files\/2019\/04\/IMG_2867.jpg","articleSection":["Noticias"],"inLanguage":"es","potentialAction":[{"@type":"CommentAction","name":"Comment","target":["https:\/\/medicina.udd.cl\/fonoaudiologia-santiago\/noticias\/2019\/04\/25\/estudiantes-de-fonoaudiologia-participan-en-cirugia-cerebral\/#respond"]}]},{"@type":"WebPage","@id":"https:\/\/medicina.udd.cl\/fonoaudiologia-santiago\/noticias\/2019\/04\/25\/estudiantes-de-fonoaudiologia-participan-en-cirugia-cerebral\/","url":"https:\/\/medicina.udd.cl\/fonoaudiologia-santiago\/noticias\/2019\/04\/25\/estudiantes-de-fonoaudiologia-participan-en-cirugia-cerebral\/","name":"Estudiantes de Fonoaudiolog\u00eda participan en Cirug\u00eda Cerebral - Fonoaudiolog\u00eda","isPartOf":{"@id":"https:\/\/medicina.udd.cl\/fonoaudiologia-santiago\/#website"},"primaryImageOfPage":{"@id":"https:\/\/medicina.udd.cl\/fonoaudiologia-santiago\/noticias\/2019\/04\/25\/estudiantes-de-fonoaudiologia-participan-en-cirugia-cerebral\/#primaryimage"},"image":{"@id":"https:\/\/medicina.udd.cl\/fonoaudiologia-santiago\/noticias\/2019\/04\/25\/estudiantes-de-fonoaudiologia-participan-en-cirugia-cerebral\/#primaryimage"},"thumbnailUrl":"https:\/\/medicina.udd.cl\/fonoaudiologia-santiago\/files\/2019\/04\/IMG_2867.jpg","datePublished":"2019-04-25T20:03:04+00:00","dateModified":"2019-12-23T01:33:12+00:00","author":{"@id":""},"breadcrumb":{"@id":"https:\/\/medicina.udd.cl\/fonoaudiologia-santiago\/noticias\/2019\/04\/25\/estudiantes-de-fonoaudiologia-participan-en-cirugia-cerebral\/#breadcrumb"},"inLanguage":"es","potentialAction":[{"@type":"ReadAction","target":["https:\/\/medicina.udd.cl\/fonoaudiologia-santiago\/noticias\/2019\/04\/25\/estudiantes-de-fonoaudiologia-participan-en-cirugia-cerebral\/"]}]},{"@type":"ImageObject","inLanguage":"es","@id":"https:\/\/medicina.udd.cl\/fonoaudiologia-santiago\/noticias\/2019\/04\/25\/estudiantes-de-fonoaudiologia-participan-en-cirugia-cerebral\/#primaryimage","url":"https:\/\/medicina.udd.cl\/fonoaudiologia-santiago\/files\/2019\/04\/IMG_2867.jpg","contentUrl":"https:\/\/medicina.udd.cl\/fonoaudiologia-santiago\/files\/2019\/04\/IMG_2867.jpg","width":4032,"height":3024},{"@type":"BreadcrumbList","@id":"https:\/\/medicina.udd.cl\/fonoaudiologia-santiago\/noticias\/2019\/04\/25\/estudiantes-de-fonoaudiologia-participan-en-cirugia-cerebral\/#breadcrumb","itemListElement":[{"@type":"ListItem","position":1,"name":"Home","item":"https:\/\/medicina.udd.cl\/fonoaudiologia-santiago\/"},{"@type":"ListItem","position":2,"name":"Estudiantes de Fonoaudiolog\u00eda participan en Cirug\u00eda Cerebral"}]},{"@type":"WebSite","@id":"https:\/\/medicina.udd.cl\/fonoaudiologia-santiago\/#website","url":"https:\/\/medicina.udd.cl\/fonoaudiologia-santiago\/","name":"Fonoaudiolog\u00eda","description":"Facultad de Medicina Cl\u00ednica Alemana Universidad del Desarrollo","inLanguage":"es"},{"@type":"Person","@id":"","url":"https:\/\/medicina.udd.cl\/fonoaudiologia-santiago\/noticias\/author\/"}]}},"featured_image_url":"https:\/\/medicina.udd.cl\/fonoaudiologia-santiago\/files\/2019\/04\/IMG_2867.jpg","_links":{"self":[{"href":"https:\/\/medicina.udd.cl\/fonoaudiologia-santiago\/wp-json\/wp\/v2\/posts\/4620","targetHints":{"allow":["GET"]}}],"collection":[{"href":"https:\/\/medicina.udd.cl\/fonoaudiologia-santiago\/wp-json\/wp\/v2\/posts"}],"about":[{"href":"https:\/\/medicina.udd.cl\/fonoaudiologia-santiago\/wp-json\/wp\/v2\/types\/post"}],"author":[{"embeddable":true,"href":"https:\/\/medicina.udd.cl\/fonoaudiologia-santiago\/wp-json\/wp\/v2\/users\/9192218"}],"replies":[{"embeddable":true,"href":"https:\/\/medicina.udd.cl\/fonoaudiologia-santiago\/wp-json\/wp\/v2\/comments?post=4620"}],"version-history":[{"count":1,"href":"https:\/\/medicina.udd.cl\/fonoaudiologia-santiago\/wp-json\/wp\/v2\/posts\/4620\/revisions"}],"predecessor-version":[{"id":4646,"href":"https:\/\/medicina.udd.cl\/fonoaudiologia-santiago\/wp-json\/wp\/v2\/posts\/4620\/revisions\/4646"}],"wp:featuredmedia":[{"embeddable":true,"href":"https:\/\/medicina.udd.cl\/fonoaudiologia-santiago\/wp-json\/wp\/v2\/media\/4339"}],"wp:attachment":[{"href":"https:\/\/medicina.udd.cl\/fonoaudiologia-santiago\/wp-json\/wp\/v2\/media?parent=4620"}],"wp:term":[{"taxonomy":"category","embeddable":true,"href":"https:\/\/medicina.udd.cl\/fonoaudiologia-santiago\/wp-json\/wp\/v2\/categories?post=4620"},{"taxonomy":"post_tag","embeddable":true,"href":"https:\/\/medicina.udd.cl\/fonoaudiologia-santiago\/wp-json\/wp\/v2\/tags?post=4620"}],"curies":[{"name":"wp","href":"https:\/\/api.w.org\/{rel}","templated":true}]}}